{"id":5146,"date":"2009-06-19T19:37:51","date_gmt":"2009-06-19T18:37:51","guid":{"rendered":"http:\/\/www.bellunopress.it\/?p=5146"},"modified":"2009-06-22T18:08:46","modified_gmt":"2009-06-22T17:08:46","slug":"gran-fondo-sportful-un-avvenimento-sportivo-che-promuove-la-citta-di-feltre","status":"publish","type":"post","link":"https:\/\/www.bellunopress.it\/fr\/2009\/06\/19\/gran-fondo-sportful-un-avvenimento-sportivo-che-promuove-la-citta-di-feltre\/","title":{"rendered":"Gran Fondo Sportful: un avvenimento sportivo che promuove la citt\u00e0 di Feltre"},"content":{"rendered":"<p><a href=\"http:\/\/www.bellunopress.it\/wp-content\/uploads\/2009\/06\/gran-fondo-feltre-leggera.jpg\"><img loading=\"lazy\" decoding=\"async\" class=\"alignleft size-medium wp-image-5148\" title=\"gran-fondo-feltre-leggera\" src=\"http:\/\/www.bellunopress.it\/wp-content\/uploads\/2009\/06\/gran-fondo-feltre-leggera.jpg\" alt=\"\" width=\"270\" height=\"180\" \/><\/a>Cos\u00ec l&#8217;assessore allo sport di Feltre, Elio Sacchet, ha commentato il successo della la manifestazione che si \u00e8 conclusa ieri con la Gran Fondo Sportful: &#8220;E&#8217;stata la dieci giorni di ciclismo pi\u00f9 intensa di Feltre&#8221;, dice Sacchet, &#8220;iniziata venerd\u00ec 13 giugno con la &#8220;24 ore Castelli&#8221;. Con gli eventi appena passati agli archivi, fra cui merita di essere citato anche l&#8217;arrivo della 5\u00b0 tappa del Girobio, riservato agli Under 27, entrambi favoriti da condizioni atmosferiche eccezionali e da una grande partecipazione di pubblico, la Citt\u00e0 ha avuto un notevole ritorno da parte dei media, sia della carta stampata che televisivi, segno che si \u00e8 trattato di due appuntamenti di notevole spessore e richiamo.\u00a0 Quasi 4.000 concorrenti: una pacifica invasione che ha azzerato tutti i posti letto disponibili a Feltre e per il raggio di parecchi chilometri e che si \u00e8 riversata sulle strade del Bellunese e del Trentino Primieroto a partire dalle 7.30.\u00a0 I campioni pi\u00f9 famosi hanno avuto davanti a loro 216 chilometri costellati di salite, come il Passo Duran, Forcella Staulanza, Passo Valles, Passo Rolle, Passo Croce d&#8217;Aune e per finire gli ultimi 300 metri di salita in Via Mezzaterra che hanno deciso il vincitore. Nemmeno il percorso medio, di &#8220;soli&#8221; 122 chilometri si \u00e8 rivelato pi\u00f9 leggero dato che comprendeva ascese come Forcella Franche, Forcella Aurine, Passo Cereda e Passo Croce d&#8217;Aune.<\/p>","protected":false},"excerpt":{"rendered":"<p>Cos\u00ec l&#8217;assessore allo sport di Feltre, Elio Sacchet, ha commentato il successo della la manifestazione che si \u00e8 conclusa ieri con la Gran Fondo Sportful: &#8220;E&#8217;stata la dieci giorni di ciclismo pi\u00f9 intensa di Feltre&#8221;, dice Sacchet, &#8220;iniziata venerd\u00ec 13 giugno con la &#8220;24 ore Castelli&#8221;. Con gli eventi appena passati agli archivi, fra cui [&hellip;]<\/p>\n","protected":false},"author":2,"featured_media":0,"comment_status":"closed","ping_status":"open","sticky":false,"template":"","format":"standard","meta":{"footnotes":""},"categories":[25,4],"tags":[139,302],"class_list":["post-5146","post","type-post","status-publish","format-standard","category-pausa-caffe","category-sport","tag-belluno","tag-feltre"],"yoast_head":"<!-- This site is optimized with the Yoast SEO plugin v28.4 - https:\/\/yoast.com\/product\/yoast-seo-wordpress\/ -->\n<title>Gran Fondo Sportful: un avvenimento sportivo che promuove la citt\u00e0 di Feltre - Bellunopress - Dolomiti<\/title>\n<meta name=\"robots\" content=\"index, follow, max-snippet:-1, max-image-preview:large, max-video-preview:-1\" \/>\n<link rel=\"canonical\" href=\"https:\/\/www.bellunopress.it\/fr\/2009\/06\/19\/gran-fondo-sportful-un-avvenimento-sportivo-che-promuove-la-citta-di-feltre\/\" \/>\n<meta property=\"og:locale\" content=\"fr_FR\" \/>\n<meta property=\"og:type\" content=\"article\" \/>\n<meta property=\"og:title\" content=\"Gran Fondo Sportful: un avvenimento sportivo che promuove la citt\u00e0 di Feltre - Bellunopress - Dolomiti\" \/>\n<meta property=\"og:description\" content=\"Cos\u00ec l&#8217;assessore allo sport di Feltre, Elio Sacchet, ha commentato il successo della la manifestazione che si \u00e8 conclusa ieri con la Gran Fondo Sportful: &#8220;E&#8217;stata la dieci giorni di ciclismo pi\u00f9 intensa di Feltre&#8221;, dice Sacchet, &#8220;iniziata venerd\u00ec 13 giugno con la &#8220;24 ore Castelli&#8221;. Con gli eventi appena passati agli archivi, fra cui [&hellip;]\" \/>\n<meta property=\"og:url\" content=\"https:\/\/www.bellunopress.it\/fr\/2009\/06\/19\/gran-fondo-sportful-un-avvenimento-sportivo-che-promuove-la-citta-di-feltre\/\" \/>\n<meta property=\"og:site_name\" content=\"Bellunopress - Dolomiti\" \/>\n<meta property=\"article:publisher\" content=\"https:\/\/www.facebook.com\/profile.php?id=100008943462799\" \/>\n<meta property=\"article:published_time\" content=\"2009-06-19T18:37:51+00:00\" \/>\n<meta property=\"article:modified_time\" content=\"2009-06-22T17:08:46+00:00\" \/>\n<meta property=\"og:image\" content=\"http:\/\/www.bellunopress.it\/wp-content\/uploads\/2009\/06\/gran-fondo-feltre-leggera.jpg\" \/>\n<meta name=\"author\" content=\"redazione\" \/>\n<meta name=\"twitter:card\" content=\"summary_large_image\" \/>\n<meta name=\"twitter:creator\" content=\"@bellunopress\" \/>\n<meta name=\"twitter:site\" content=\"@bellunopress\" \/>\n<meta name=\"twitter:label1\" content=\"\u00c9crit par\" \/>\n\t<meta name=\"twitter:data1\" content=\"redazione\" \/>\n\t<meta name=\"twitter:label2\" content=\"Dur\u00e9e de lecture estim\u00e9e\" \/>\n\t<meta name=\"twitter:data2\" content=\"1 minute\" \/>\n<script type=\"application\/ld+json\" class=\"yoast-schema-graph\">{\"@context\":\"https:\\\/\\\/schema.org\",\"@graph\":[{\"@type\":\"Article\",\"@id\":\"https:\\\/\\\/www.bellunopress.it\\\/2009\\\/06\\\/19\\\/gran-fondo-sportful-un-avvenimento-sportivo-che-promuove-la-citta-di-feltre\\\/#article\",\"isPartOf\":{\"@id\":\"https:\\\/\\\/www.bellunopress.it\\\/2009\\\/06\\\/19\\\/gran-fondo-sportful-un-avvenimento-sportivo-che-promuove-la-citta-di-feltre\\\/\"},\"author\":{\"name\":\"redazione\",\"@id\":\"https:\\\/\\\/www.bellunopress.it\\\/#\\\/schema\\\/person\\\/79bb06722b37ece1c03d3e94beb30d73\"},\"headline\":\"Gran Fondo Sportful: un avvenimento sportivo che promuove la citt\u00e0 di Feltre\",\"datePublished\":\"2009-06-19T18:37:51+00:00\",\"dateModified\":\"2009-06-22T17:08:46+00:00\",\"mainEntityOfPage\":{\"@id\":\"https:\\\/\\\/www.bellunopress.it\\\/2009\\\/06\\\/19\\\/gran-fondo-sportful-un-avvenimento-sportivo-che-promuove-la-citta-di-feltre\\\/\"},\"wordCount\":229,\"publisher\":{\"@id\":\"https:\\\/\\\/www.bellunopress.it\\\/#organization\"},\"image\":{\"@id\":\"https:\\\/\\\/www.bellunopress.it\\\/2009\\\/06\\\/19\\\/gran-fondo-sportful-un-avvenimento-sportivo-che-promuove-la-citta-di-feltre\\\/#primaryimage\"},\"thumbnailUrl\":\"http:\\\/\\\/www.bellunopress.it\\\/wp-content\\\/uploads\\\/2009\\\/06\\\/gran-fondo-feltre-leggera.jpg\",\"keywords\":[\"Belluno\",\"Feltre\"],\"articleSection\":[\"Pausa Caff\u00e8\",\"Sport, tempo libero\"],\"inLanguage\":\"fr-FR\"},{\"@type\":\"WebPage\",\"@id\":\"https:\\\/\\\/www.bellunopress.it\\\/2009\\\/06\\\/19\\\/gran-fondo-sportful-un-avvenimento-sportivo-che-promuove-la-citta-di-feltre\\\/\",\"url\":\"https:\\\/\\\/www.bellunopress.it\\\/2009\\\/06\\\/19\\\/gran-fondo-sportful-un-avvenimento-sportivo-che-promuove-la-citta-di-feltre\\\/\",\"name\":\"Gran Fondo Sportful: un avvenimento sportivo che promuove la citt\u00e0 di Feltre - Bellunopress - Dolomiti\",\"isPartOf\":{\"@id\":\"https:\\\/\\\/www.bellunopress.it\\\/#website\"},\"primaryImageOfPage\":{\"@id\":\"https:\\\/\\\/www.bellunopress.it\\\/2009\\\/06\\\/19\\\/gran-fondo-sportful-un-avvenimento-sportivo-che-promuove-la-citta-di-feltre\\\/#primaryimage\"},\"image\":{\"@id\":\"https:\\\/\\\/www.bellunopress.it\\\/2009\\\/06\\\/19\\\/gran-fondo-sportful-un-avvenimento-sportivo-che-promuove-la-citta-di-feltre\\\/#primaryimage\"},\"thumbnailUrl\":\"http:\\\/\\\/www.bellunopress.it\\\/wp-content\\\/uploads\\\/2009\\\/06\\\/gran-fondo-feltre-leggera.jpg\",\"datePublished\":\"2009-06-19T18:37:51+00:00\",\"dateModified\":\"2009-06-22T17:08:46+00:00\",\"breadcrumb\":{\"@id\":\"https:\\\/\\\/www.bellunopress.it\\\/2009\\\/06\\\/19\\\/gran-fondo-sportful-un-avvenimento-sportivo-che-promuove-la-citta-di-feltre\\\/#breadcrumb\"},\"inLanguage\":\"fr-FR\",\"potentialAction\":[{\"@type\":\"ReadAction\",\"target\":[\"https:\\\/\\\/www.bellunopress.it\\\/2009\\\/06\\\/19\\\/gran-fondo-sportful-un-avvenimento-sportivo-che-promuove-la-citta-di-feltre\\\/\"]}]},{\"@type\":\"ImageObject\",\"inLanguage\":\"fr-FR\",\"@id\":\"https:\\\/\\\/www.bellunopress.it\\\/2009\\\/06\\\/19\\\/gran-fondo-sportful-un-avvenimento-sportivo-che-promuove-la-citta-di-feltre\\\/#primaryimage\",\"url\":\"http:\\\/\\\/www.bellunopress.it\\\/wp-content\\\/uploads\\\/2009\\\/06\\\/gran-fondo-feltre-leggera.jpg\",\"contentUrl\":\"http:\\\/\\\/www.bellunopress.it\\\/wp-content\\\/uploads\\\/2009\\\/06\\\/gran-fondo-feltre-leggera.jpg\"},{\"@type\":\"BreadcrumbList\",\"@id\":\"https:\\\/\\\/www.bellunopress.it\\\/2009\\\/06\\\/19\\\/gran-fondo-sportful-un-avvenimento-sportivo-che-promuove-la-citta-di-feltre\\\/#breadcrumb\",\"itemListElement\":[{\"@type\":\"ListItem\",\"position\":1,\"name\":\"Home\",\"item\":\"https:\\\/\\\/www.bellunopress.it\\\/\"},{\"@type\":\"ListItem\",\"position\":2,\"name\":\"Gran Fondo Sportful: un avvenimento sportivo che promuove la citt\u00e0 di Feltre\"}]},{\"@type\":\"WebSite\",\"@id\":\"https:\\\/\\\/www.bellunopress.it\\\/#website\",\"url\":\"https:\\\/\\\/www.bellunopress.it\\\/\",\"name\":\"Bellunopress - Dolomiti\",\"description\":\"e-mail: redazione@bellunopress.it\",\"publisher\":{\"@id\":\"https:\\\/\\\/www.bellunopress.it\\\/#organization\"},\"potentialAction\":[{\"@type\":\"SearchAction\",\"target\":{\"@type\":\"EntryPoint\",\"urlTemplate\":\"https:\\\/\\\/www.bellunopress.it\\\/?s={search_term_string}\"},\"query-input\":{\"@type\":\"PropertyValueSpecification\",\"valueRequired\":true,\"valueName\":\"search_term_string\"}}],\"inLanguage\":\"fr-FR\"},{\"@type\":\"Organization\",\"@id\":\"https:\\\/\\\/www.bellunopress.it\\\/#organization\",\"name\":\"Bellunopress\",\"url\":\"https:\\\/\\\/www.bellunopress.it\\\/\",\"logo\":{\"@type\":\"ImageObject\",\"inLanguage\":\"fr-FR\",\"@id\":\"https:\\\/\\\/www.bellunopress.it\\\/#\\\/schema\\\/logo\\\/image\\\/\",\"url\":\"https:\\\/\\\/www.bellunopress.it\\\/wp-content\\\/uploads\\\/2011\\\/05\\\/cropped-logo-bellunopress-.jpg\",\"contentUrl\":\"https:\\\/\\\/www.bellunopress.it\\\/wp-content\\\/uploads\\\/2011\\\/05\\\/cropped-logo-bellunopress-.jpg\",\"width\":512,\"height\":512,\"caption\":\"Bellunopress\"},\"image\":{\"@id\":\"https:\\\/\\\/www.bellunopress.it\\\/#\\\/schema\\\/logo\\\/image\\\/\"},\"sameAs\":[\"https:\\\/\\\/www.facebook.com\\\/profile.php?id=100008943462799\",\"https:\\\/\\\/x.com\\\/bellunopress\",\"https:\\\/\\\/www.linkedin.com\\\/hp\\\/?dnr=JBzUWaJfMUw8vbXJJ2tVW5-I3jZKvC4wsoxE&amp;amp;amp;amp;amp;amp;trk=nav_responsive_tab_home\",\"https:\\\/\\\/www.youtube.com\\\/channel\\\/UCxL0wu1uN0_3_7hGG0306cw\"]},{\"@type\":\"Person\",\"@id\":\"https:\\\/\\\/www.bellunopress.it\\\/#\\\/schema\\\/person\\\/79bb06722b37ece1c03d3e94beb30d73\",\"name\":\"redazione\",\"image\":{\"@type\":\"ImageObject\",\"inLanguage\":\"fr-FR\",\"@id\":\"https:\\\/\\\/secure.gravatar.com\\\/avatar\\\/37d968a2e67a6fd04c169c4bdef102d0bc5d31b2546345219e348575eb80e9a0?s=96&d=mm&r=g\",\"url\":\"https:\\\/\\\/secure.gravatar.com\\\/avatar\\\/37d968a2e67a6fd04c169c4bdef102d0bc5d31b2546345219e348575eb80e9a0?s=96&d=mm&r=g\",\"contentUrl\":\"https:\\\/\\\/secure.gravatar.com\\\/avatar\\\/37d968a2e67a6fd04c169c4bdef102d0bc5d31b2546345219e348575eb80e9a0?s=96&d=mm&r=g\",\"caption\":\"redazione\"},\"sameAs\":[\"http:\\\/\\\/www.bellunopress.it\",\"https:\\\/\\\/x.com\\\/bellunopress\"],\"url\":\"https:\\\/\\\/www.bellunopress.it\\\/fr\\\/author\\\/redazione\\\/\"}]}<\/script>\n<!-- \/ Yoast SEO plugin. -->","yoast_head_json":{"title":"Gran Fondo Sportful: un avvenimento sportivo che promuove la citt\u00e0 di Feltre - Bellunopress - Dolomiti","robots":{"index":"index","follow":"follow","max-snippet":"max-snippet:-1","max-image-preview":"max-image-preview:large","max-video-preview":"max-video-preview:-1"},"canonical":"https:\/\/www.bellunopress.it\/fr\/2009\/06\/19\/gran-fondo-sportful-un-avvenimento-sportivo-che-promuove-la-citta-di-feltre\/","og_locale":"fr_FR","og_type":"article","og_title":"Gran Fondo Sportful: un avvenimento sportivo che promuove la citt\u00e0 di Feltre - Bellunopress - Dolomiti","og_description":"Cos\u00ec l&#8217;assessore allo sport di Feltre, Elio Sacchet, ha commentato il successo della la manifestazione che si \u00e8 conclusa ieri con la Gran Fondo Sportful: &#8220;E&#8217;stata la dieci giorni di ciclismo pi\u00f9 intensa di Feltre&#8221;, dice Sacchet, &#8220;iniziata venerd\u00ec 13 giugno con la &#8220;24 ore Castelli&#8221;. Con gli eventi appena passati agli archivi, fra cui [&hellip;]","og_url":"https:\/\/www.bellunopress.it\/fr\/2009\/06\/19\/gran-fondo-sportful-un-avvenimento-sportivo-che-promuove-la-citta-di-feltre\/","og_site_name":"Bellunopress - Dolomiti","article_publisher":"https:\/\/www.facebook.com\/profile.php?id=100008943462799","article_published_time":"2009-06-19T18:37:51+00:00","article_modified_time":"2009-06-22T17:08:46+00:00","og_image":[{"url":"http:\/\/www.bellunopress.it\/wp-content\/uploads\/2009\/06\/gran-fondo-feltre-leggera.jpg","type":"","width":"","height":""}],"author":"redazione","twitter_card":"summary_large_image","twitter_creator":"@bellunopress","twitter_site":"@bellunopress","twitter_misc":{"\u00c9crit par":"redazione","Dur\u00e9e de lecture estim\u00e9e":"1 minute"},"schema":{"@context":"https:\/\/schema.org","@graph":[{"@type":"Article","@id":"https:\/\/www.bellunopress.it\/2009\/06\/19\/gran-fondo-sportful-un-avvenimento-sportivo-che-promuove-la-citta-di-feltre\/#article","isPartOf":{"@id":"https:\/\/www.bellunopress.it\/2009\/06\/19\/gran-fondo-sportful-un-avvenimento-sportivo-che-promuove-la-citta-di-feltre\/"},"author":{"name":"redazione","@id":"https:\/\/www.bellunopress.it\/#\/schema\/person\/79bb06722b37ece1c03d3e94beb30d73"},"headline":"Gran Fondo Sportful: un avvenimento sportivo che promuove la citt\u00e0 di Feltre","datePublished":"2009-06-19T18:37:51+00:00","dateModified":"2009-06-22T17:08:46+00:00","mainEntityOfPage":{"@id":"https:\/\/www.bellunopress.it\/2009\/06\/19\/gran-fondo-sportful-un-avvenimento-sportivo-che-promuove-la-citta-di-feltre\/"},"wordCount":229,"publisher":{"@id":"https:\/\/www.bellunopress.it\/#organization"},"image":{"@id":"https:\/\/www.bellunopress.it\/2009\/06\/19\/gran-fondo-sportful-un-avvenimento-sportivo-che-promuove-la-citta-di-feltre\/#primaryimage"},"thumbnailUrl":"http:\/\/www.bellunopress.it\/wp-content\/uploads\/2009\/06\/gran-fondo-feltre-leggera.jpg","keywords":["Belluno","Feltre"],"articleSection":["Pausa Caff\u00e8","Sport, tempo libero"],"inLanguage":"fr-FR"},{"@type":"WebPage","@id":"https:\/\/www.bellunopress.it\/2009\/06\/19\/gran-fondo-sportful-un-avvenimento-sportivo-che-promuove-la-citta-di-feltre\/","url":"https:\/\/www.bellunopress.it\/2009\/06\/19\/gran-fondo-sportful-un-avvenimento-sportivo-che-promuove-la-citta-di-feltre\/","name":"Gran Fondo Sportful: un avvenimento sportivo che promuove la citt\u00e0 di Feltre - Bellunopress - Dolomiti","isPartOf":{"@id":"https:\/\/www.bellunopress.it\/#website"},"primaryImageOfPage":{"@id":"https:\/\/www.bellunopress.it\/2009\/06\/19\/gran-fondo-sportful-un-avvenimento-sportivo-che-promuove-la-citta-di-feltre\/#primaryimage"},"image":{"@id":"https:\/\/www.bellunopress.it\/2009\/06\/19\/gran-fondo-sportful-un-avvenimento-sportivo-che-promuove-la-citta-di-feltre\/#primaryimage"},"thumbnailUrl":"http:\/\/www.bellunopress.it\/wp-content\/uploads\/2009\/06\/gran-fondo-feltre-leggera.jpg","datePublished":"2009-06-19T18:37:51+00:00","dateModified":"2009-06-22T17:08:46+00:00","breadcrumb":{"@id":"https:\/\/www.bellunopress.it\/2009\/06\/19\/gran-fondo-sportful-un-avvenimento-sportivo-che-promuove-la-citta-di-feltre\/#breadcrumb"},"inLanguage":"fr-FR","potentialAction":[{"@type":"ReadAction","target":["https:\/\/www.bellunopress.it\/2009\/06\/19\/gran-fondo-sportful-un-avvenimento-sportivo-che-promuove-la-citta-di-feltre\/"]}]},{"@type":"ImageObject","inLanguage":"fr-FR","@id":"https:\/\/www.bellunopress.it\/2009\/06\/19\/gran-fondo-sportful-un-avvenimento-sportivo-che-promuove-la-citta-di-feltre\/#primaryimage","url":"http:\/\/www.bellunopress.it\/wp-content\/uploads\/2009\/06\/gran-fondo-feltre-leggera.jpg","contentUrl":"http:\/\/www.bellunopress.it\/wp-content\/uploads\/2009\/06\/gran-fondo-feltre-leggera.jpg"},{"@type":"BreadcrumbList","@id":"https:\/\/www.bellunopress.it\/2009\/06\/19\/gran-fondo-sportful-un-avvenimento-sportivo-che-promuove-la-citta-di-feltre\/#breadcrumb","itemListElement":[{"@type":"ListItem","position":1,"name":"Home","item":"https:\/\/www.bellunopress.it\/"},{"@type":"ListItem","position":2,"name":"Gran Fondo Sportful: un avvenimento sportivo che promuove la citt\u00e0 di Feltre"}]},{"@type":"WebSite","@id":"https:\/\/www.bellunopress.it\/#website","url":"https:\/\/www.bellunopress.it\/","name":"Bellunopress - Dolomiti","description":"e-mail: redazione@bellunopress.it","publisher":{"@id":"https:\/\/www.bellunopress.it\/#organization"},"potentialAction":[{"@type":"SearchAction","target":{"@type":"EntryPoint","urlTemplate":"https:\/\/www.bellunopress.it\/?s={search_term_string}"},"query-input":{"@type":"PropertyValueSpecification","valueRequired":true,"valueName":"search_term_string"}}],"inLanguage":"fr-FR"},{"@type":"Organization","@id":"https:\/\/www.bellunopress.it\/#organization","name":"Bellunopress","url":"https:\/\/www.bellunopress.it\/","logo":{"@type":"ImageObject","inLanguage":"fr-FR","@id":"https:\/\/www.bellunopress.it\/#\/schema\/logo\/image\/","url":"https:\/\/www.bellunopress.it\/wp-content\/uploads\/2011\/05\/cropped-logo-bellunopress-.jpg","contentUrl":"https:\/\/www.bellunopress.it\/wp-content\/uploads\/2011\/05\/cropped-logo-bellunopress-.jpg","width":512,"height":512,"caption":"Bellunopress"},"image":{"@id":"https:\/\/www.bellunopress.it\/#\/schema\/logo\/image\/"},"sameAs":["https:\/\/www.facebook.com\/profile.php?id=100008943462799","https:\/\/x.com\/bellunopress","https:\/\/www.linkedin.com\/hp\/?dnr=JBzUWaJfMUw8vbXJJ2tVW5-I3jZKvC4wsoxE&amp;amp;amp;amp;amp;amp;trk=nav_responsive_tab_home","https:\/\/www.youtube.com\/channel\/UCxL0wu1uN0_3_7hGG0306cw"]},{"@type":"Person","@id":"https:\/\/www.bellunopress.it\/#\/schema\/person\/79bb06722b37ece1c03d3e94beb30d73","name":"r\u00e9daction","image":{"@type":"ImageObject","inLanguage":"fr-FR","@id":"https:\/\/secure.gravatar.com\/avatar\/37d968a2e67a6fd04c169c4bdef102d0bc5d31b2546345219e348575eb80e9a0?s=96&d=mm&r=g","url":"https:\/\/secure.gravatar.com\/avatar\/37d968a2e67a6fd04c169c4bdef102d0bc5d31b2546345219e348575eb80e9a0?s=96&d=mm&r=g","contentUrl":"https:\/\/secure.gravatar.com\/avatar\/37d968a2e67a6fd04c169c4bdef102d0bc5d31b2546345219e348575eb80e9a0?s=96&d=mm&r=g","caption":"redazione"},"sameAs":["http:\/\/www.bellunopress.it","https:\/\/x.com\/bellunopress"],"url":"https:\/\/www.bellunopress.it\/fr\/author\/redazione\/"}]}},"_links":{"self":[{"href":"https:\/\/www.bellunopress.it\/fr\/wp-json\/wp\/v2\/posts\/5146","targetHints":{"allow":["GET"]}}],"collection":[{"href":"https:\/\/www.bellunopress.it\/fr\/wp-json\/wp\/v2\/posts"}],"about":[{"href":"https:\/\/www.bellunopress.it\/fr\/wp-json\/wp\/v2\/types\/post"}],"author":[{"embeddable":true,"href":"https:\/\/www.bellunopress.it\/fr\/wp-json\/wp\/v2\/users\/2"}],"replies":[{"embeddable":true,"href":"https:\/\/www.bellunopress.it\/fr\/wp-json\/wp\/v2\/comments?post=5146"}],"version-history":[{"count":4,"href":"https:\/\/www.bellunopress.it\/fr\/wp-json\/wp\/v2\/posts\/5146\/revisions"}],"predecessor-version":[{"id":5256,"href":"https:\/\/www.bellunopress.it\/fr\/wp-json\/wp\/v2\/posts\/5146\/revisions\/5256"}],"wp:attachment":[{"href":"https:\/\/www.bellunopress.it\/fr\/wp-json\/wp\/v2\/media?parent=5146"}],"wp:term":[{"taxonomy":"category","embeddable":true,"href":"https:\/\/www.bellunopress.it\/fr\/wp-json\/wp\/v2\/categories?post=5146"},{"taxonomy":"post_tag","embeddable":true,"href":"https:\/\/www.bellunopress.it\/fr\/wp-json\/wp\/v2\/tags?post=5146"}],"curies":[{"name":"wp","href":"https:\/\/api.w.org\/{rel}","templated":true}]}}