{"id":51421,"date":"2013-08-02T23:09:17","date_gmt":"2013-08-02T22:09:17","guid":{"rendered":"http:\/\/www.bellunopress.it\/?p=51421"},"modified":"2013-08-02T23:09:17","modified_gmt":"2013-08-02T22:09:17","slug":"lonorevole-zanoni-denuncia-in-europa-l%c2%92inaccessibilita-dei-fondi-ue-in-veneto","status":"publish","type":"post","link":"https:\/\/www.bellunopress.it\/fr\/2013\/08\/02\/lonorevole-zanoni-denuncia-in-europa-l%c2%92inaccessibilita-dei-fondi-ue-in-veneto\/","title":{"rendered":"L&#8217;onorevole Zanoni denuncia in Europa l&#8217;\u0092inaccessibilit\u00e0 dei fondi Ue in Veneto"},"content":{"rendered":"<figure id=\"attachment_34303\" aria-describedby=\"caption-attachment-34303\" style=\"width: 220px\" class=\"wp-caption alignleft\"><a href=\"http:\/\/www.bellunopress.it\/wp-content\/uploads\/2012\/01\/andrea-zanoni.jpg\"><img loading=\"lazy\" decoding=\"async\" class=\"size-full wp-image-34303\" alt=\"Andrea Zanoni eurodeputato Idv\" src=\"http:\/\/www.bellunopress.it\/wp-content\/uploads\/2012\/01\/andrea-zanoni.jpg\" width=\"220\" height=\"220\" srcset=\"https:\/\/www.bellunopress.it\/wp-content\/uploads\/2012\/01\/andrea-zanoni.jpg 220w, https:\/\/www.bellunopress.it\/wp-content\/uploads\/2012\/01\/andrea-zanoni-150x150.jpg 150w\" sizes=\"auto, (max-width: 220px) 100vw, 220px\" \/><\/a><figcaption id=\"caption-attachment-34303\" class=\"wp-caption-text\">Andrea Zanoni eurodeputato Idv<\/figcaption><\/figure>\n<p><span style=\"font-size: 13px; line-height: 19px;\">L&#8217;\u0092eurodeputato Andrea Zanoni presenta un&#8217;\u0092interrogazione alla Commissione europea chiedendo che si faccia luce sulla questione dei fondi Ue: \u00abLa Commissione deve garantire che tutti i cittadini e tutte le aziende europee abbiano gli stessi diritti e partano da condizioni di parit\u00e0 per accedere ai finanziamenti. Sembra invece che i fondi europei siano inaccessibili in Veneto per il malfunzionamento del sistema on-line per la registrazione delle domande di partecipazione\u00bb<\/span><\/p>\n<p>\u00abCome intende procedere la Commissione per garantire che tutti i cittadini e tutte le aziende europee abbiano gli stessi diritti e partano da condizioni di parit\u00e0 per accedere ai finanziamenti UE?\u00bb. Lo chiede l&#8217;\u0092europarlamentare Andrea Zanoni del gruppo ALDE (Alleanza dei Liberali Democratici europei) alla Commissione europea con un&#8217;\u0092interrogazione.<\/p>\n<p>Dalla stampa locale risulta, infatti, che numerose aziende venete siano rimaste escluse da un bando regionale \u0093a sportello\u0094 per l\u0092assegnazione di quasi 6,5 milioni di euro di fondi europei.<\/p>\n<p>Il 1\u00b0 luglio 2013 si \u00e8 aperto il bando per il finanziamento di progetti innovativi presentati da imprese e organismi di ricerca veneti in collaborazione con partner di altri Paesi europei nell\u0092ambito dell\u0092asse 5 del Programma Operativo Regionale \u0093Competitivit\u00e0 Regionale e Occupazione\u0094 (POR CRO) parte FESR 2007-2013.<\/p>\n<p>Le domande di contributo dovevano essere presentate tramite registrazione nel sistema on-line denominato \u0093Piattaforma GIF\u0094, seguendo le indicazioni riportate sul sito di Veneto Innovazione SpA, ovvero l\u0092agenzia della Regione Veneto dedicata alla promozione e allo sviluppo della ricerca applicata e dell\u0092innovazione all\u0092interno del sistema produttivo veneto.<\/p>\n<p>\u00abUna societ\u00e0 di consulenza che assiste le imprese nel reperire risorse attraverso i fondi comunitari e nazionali ha denunciato che circa una cinquantina di aziende sarebbero rimaste escluse dall&#8217;\u0092assegnazione dei fondi a causa della prolungata inaccessibilit\u00e0 o del cattivo funzionamento del server sul quale si doveva inserire la domanda di partecipazione, problemi riscontrati anche dopo ripetuti tentativi &#8211; ha spiegato Zanoni &#8211; Pare che i maggiori disagi siano stati riscontrati soprattutto nelle aree meno servite dal punto di vista tecnologico, cio\u00e8 quelle con connessioni lente e\/o intermittenti: il Bellunese, la Bassa Padovana, il Polesine e la montagna veronese e vicentina\u00bb<\/p>\n<p>Trattandosi di un bando con modalit\u00e0 \u0093a sportello\u0094, ovvero in cui le domande ritenute idonee accedono ai contributi secondo l\u0092ordine di presentazione, sarebbe particolarmente grave che alcune decine di aziende siano rimaste escluse non per mancanza di requisiti, ma per meri disguidi tecnici. \u00abSembra che nel giro di un paio d\u0092ore dall\u0092&#8217;apertura del bando, le risorse fossero gi\u00e0 esaurite &#8211; ha concluso l\u0092eurodeputato &#8211; Mi chiedo se l\u0092Europa sia a conoscenza di questi gravi disguidi nell&#8217;\u0092assegnazione di fondi UE. La Commissione deve adottare le misure necessarie per garantire che tutti i cittadini e tutte le aziende europee abbiano gli stessi diritti e partano da condizioni di parit\u00e0 per accedere ai finanziamenti\u00bb.<\/p>\n<p>&nbsp;<\/p>\n<p>&nbsp;<\/p>","protected":false},"excerpt":{"rendered":"<p>L&#8217;\u0092eurodeputato Andrea Zanoni presenta un&#8217;\u0092interrogazione alla Commissione europea chiedendo che si faccia luce sulla questione dei fondi Ue: \u00abLa Commissione deve garantire che tutti i cittadini e tutte le aziende europee abbiano gli stessi diritti e partano da condizioni di parit\u00e0 per accedere ai finanziamenti. Sembra invece che i fondi europei siano inaccessibili in Veneto [&hellip;]<\/p>\n","protected":false},"author":2,"featured_media":0,"comment_status":"closed","ping_status":"open","sticky":false,"template":"","format":"standard","meta":{"footnotes":""},"categories":[5,26],"tags":[],"class_list":["post-51421","post","type-post","status-publish","format-standard","category-cronaca","category-prima-pagina"],"yoast_head":"<!-- This site is optimized with the Yoast SEO plugin v28.4 - https:\/\/yoast.com\/product\/yoast-seo-wordpress\/ -->\n<title>L&#039;onorevole Zanoni denuncia in Europa l&#039;\u0092inaccessibilit\u00e0 dei fondi Ue in Veneto - Bellunopress - Dolomiti<\/title>\n<meta name=\"robots\" content=\"index, follow, max-snippet:-1, max-image-preview:large, max-video-preview:-1\" \/>\n<link rel=\"canonical\" href=\"https:\/\/www.bellunopress.it\/fr\/2013\/08\/02\/lonorevole-zanoni-denuncia-in-europa-l\u0092inaccessibilita-dei-fondi-ue-in-veneto\/\" \/>\n<meta property=\"og:locale\" content=\"fr_FR\" \/>\n<meta property=\"og:type\" content=\"article\" \/>\n<meta property=\"og:title\" content=\"L&#039;onorevole Zanoni denuncia in Europa l&#039;\u0092inaccessibilit\u00e0 dei fondi Ue in Veneto - Bellunopress - Dolomiti\" \/>\n<meta property=\"og:description\" content=\"L&#8217;\u0092eurodeputato Andrea Zanoni presenta un&#8217;\u0092interrogazione alla Commissione europea chiedendo che si faccia luce sulla questione dei fondi Ue: \u00abLa Commissione deve garantire che tutti i cittadini e tutte le aziende europee abbiano gli stessi diritti e partano da condizioni di parit\u00e0 per accedere ai finanziamenti. Sembra invece che i fondi europei siano inaccessibili in Veneto [&hellip;]\" \/>\n<meta property=\"og:url\" content=\"https:\/\/www.bellunopress.it\/fr\/2013\/08\/02\/lonorevole-zanoni-denuncia-in-europa-l\u0092inaccessibilita-dei-fondi-ue-in-veneto\/\" \/>\n<meta property=\"og:site_name\" content=\"Bellunopress - Dolomiti\" \/>\n<meta property=\"article:publisher\" content=\"https:\/\/www.facebook.com\/profile.php?id=100008943462799\" \/>\n<meta property=\"article:published_time\" content=\"2013-08-02T22:09:17+00:00\" \/>\n<meta property=\"og:image\" content=\"http:\/\/www.bellunopress.it\/wp-content\/uploads\/2012\/01\/andrea-zanoni.jpg\" \/>\n<meta name=\"author\" content=\"redazione\" \/>\n<meta name=\"twitter:card\" content=\"summary_large_image\" \/>\n<meta name=\"twitter:creator\" content=\"@bellunopress\" \/>\n<meta name=\"twitter:site\" content=\"@bellunopress\" \/>\n<meta name=\"twitter:label1\" content=\"\u00c9crit par\" \/>\n\t<meta name=\"twitter:data1\" content=\"redazione\" \/>\n\t<meta name=\"twitter:label2\" content=\"Dur\u00e9e de lecture estim\u00e9e\" \/>\n\t<meta name=\"twitter:data2\" content=\"2 minutes\" \/>\n<script type=\"application\/ld+json\" class=\"yoast-schema-graph\">{\"@context\":\"https:\\\/\\\/schema.org\",\"@graph\":[{\"@type\":\"Article\",\"@id\":\"https:\\\/\\\/www.bellunopress.it\\\/2013\\\/08\\\/02\\\/lonorevole-zanoni-denuncia-in-europa-l%c2%92inaccessibilita-dei-fondi-ue-in-veneto\\\/#article\",\"isPartOf\":{\"@id\":\"https:\\\/\\\/www.bellunopress.it\\\/2013\\\/08\\\/02\\\/lonorevole-zanoni-denuncia-in-europa-l%c2%92inaccessibilita-dei-fondi-ue-in-veneto\\\/\"},\"author\":{\"name\":\"redazione\",\"@id\":\"https:\\\/\\\/www.bellunopress.it\\\/#\\\/schema\\\/person\\\/79bb06722b37ece1c03d3e94beb30d73\"},\"headline\":\"L&#8217;onorevole Zanoni denuncia in Europa l&#8217;\u0092inaccessibilit\u00e0 dei fondi Ue in Veneto\",\"datePublished\":\"2013-08-02T22:09:17+00:00\",\"mainEntityOfPage\":{\"@id\":\"https:\\\/\\\/www.bellunopress.it\\\/2013\\\/08\\\/02\\\/lonorevole-zanoni-denuncia-in-europa-l%c2%92inaccessibilita-dei-fondi-ue-in-veneto\\\/\"},\"wordCount\":489,\"publisher\":{\"@id\":\"https:\\\/\\\/www.bellunopress.it\\\/#organization\"},\"image\":{\"@id\":\"https:\\\/\\\/www.bellunopress.it\\\/2013\\\/08\\\/02\\\/lonorevole-zanoni-denuncia-in-europa-l%c2%92inaccessibilita-dei-fondi-ue-in-veneto\\\/#primaryimage\"},\"thumbnailUrl\":\"http:\\\/\\\/www.bellunopress.it\\\/wp-content\\\/uploads\\\/2012\\\/01\\\/andrea-zanoni.jpg\",\"articleSection\":[\"Cronaca\\\/Politica\",\"Prima Pagina\"],\"inLanguage\":\"fr-FR\"},{\"@type\":\"WebPage\",\"@id\":\"https:\\\/\\\/www.bellunopress.it\\\/2013\\\/08\\\/02\\\/lonorevole-zanoni-denuncia-in-europa-l%c2%92inaccessibilita-dei-fondi-ue-in-veneto\\\/\",\"url\":\"https:\\\/\\\/www.bellunopress.it\\\/2013\\\/08\\\/02\\\/lonorevole-zanoni-denuncia-in-europa-l%c2%92inaccessibilita-dei-fondi-ue-in-veneto\\\/\",\"name\":\"L'onorevole Zanoni denuncia in Europa l'\u0092inaccessibilit\u00e0 dei fondi Ue in Veneto - Bellunopress - Dolomiti\",\"isPartOf\":{\"@id\":\"https:\\\/\\\/www.bellunopress.it\\\/#website\"},\"primaryImageOfPage\":{\"@id\":\"https:\\\/\\\/www.bellunopress.it\\\/2013\\\/08\\\/02\\\/lonorevole-zanoni-denuncia-in-europa-l%c2%92inaccessibilita-dei-fondi-ue-in-veneto\\\/#primaryimage\"},\"image\":{\"@id\":\"https:\\\/\\\/www.bellunopress.it\\\/2013\\\/08\\\/02\\\/lonorevole-zanoni-denuncia-in-europa-l%c2%92inaccessibilita-dei-fondi-ue-in-veneto\\\/#primaryimage\"},\"thumbnailUrl\":\"http:\\\/\\\/www.bellunopress.it\\\/wp-content\\\/uploads\\\/2012\\\/01\\\/andrea-zanoni.jpg\",\"datePublished\":\"2013-08-02T22:09:17+00:00\",\"breadcrumb\":{\"@id\":\"https:\\\/\\\/www.bellunopress.it\\\/2013\\\/08\\\/02\\\/lonorevole-zanoni-denuncia-in-europa-l%c2%92inaccessibilita-dei-fondi-ue-in-veneto\\\/#breadcrumb\"},\"inLanguage\":\"fr-FR\",\"potentialAction\":[{\"@type\":\"ReadAction\",\"target\":[\"https:\\\/\\\/www.bellunopress.it\\\/2013\\\/08\\\/02\\\/lonorevole-zanoni-denuncia-in-europa-l%c2%92inaccessibilita-dei-fondi-ue-in-veneto\\\/\"]}]},{\"@type\":\"ImageObject\",\"inLanguage\":\"fr-FR\",\"@id\":\"https:\\\/\\\/www.bellunopress.it\\\/2013\\\/08\\\/02\\\/lonorevole-zanoni-denuncia-in-europa-l%c2%92inaccessibilita-dei-fondi-ue-in-veneto\\\/#primaryimage\",\"url\":\"http:\\\/\\\/www.bellunopress.it\\\/wp-content\\\/uploads\\\/2012\\\/01\\\/andrea-zanoni.jpg\",\"contentUrl\":\"http:\\\/\\\/www.bellunopress.it\\\/wp-content\\\/uploads\\\/2012\\\/01\\\/andrea-zanoni.jpg\"},{\"@type\":\"BreadcrumbList\",\"@id\":\"https:\\\/\\\/www.bellunopress.it\\\/2013\\\/08\\\/02\\\/lonorevole-zanoni-denuncia-in-europa-l%c2%92inaccessibilita-dei-fondi-ue-in-veneto\\\/#breadcrumb\",\"itemListElement\":[{\"@type\":\"ListItem\",\"position\":1,\"name\":\"Home\",\"item\":\"https:\\\/\\\/www.bellunopress.it\\\/\"},{\"@type\":\"ListItem\",\"position\":2,\"name\":\"L&#8217;onorevole Zanoni denuncia in Europa l&#8217;\u0092inaccessibilit\u00e0 dei fondi Ue in Veneto\"}]},{\"@type\":\"WebSite\",\"@id\":\"https:\\\/\\\/www.bellunopress.it\\\/#website\",\"url\":\"https:\\\/\\\/www.bellunopress.it\\\/\",\"name\":\"Bellunopress - Dolomiti\",\"description\":\"e-mail: redazione@bellunopress.it\",\"publisher\":{\"@id\":\"https:\\\/\\\/www.bellunopress.it\\\/#organization\"},\"potentialAction\":[{\"@type\":\"SearchAction\",\"target\":{\"@type\":\"EntryPoint\",\"urlTemplate\":\"https:\\\/\\\/www.bellunopress.it\\\/?s={search_term_string}\"},\"query-input\":{\"@type\":\"PropertyValueSpecification\",\"valueRequired\":true,\"valueName\":\"search_term_string\"}}],\"inLanguage\":\"fr-FR\"},{\"@type\":\"Organization\",\"@id\":\"https:\\\/\\\/www.bellunopress.it\\\/#organization\",\"name\":\"Bellunopress\",\"url\":\"https:\\\/\\\/www.bellunopress.it\\\/\",\"logo\":{\"@type\":\"ImageObject\",\"inLanguage\":\"fr-FR\",\"@id\":\"https:\\\/\\\/www.bellunopress.it\\\/#\\\/schema\\\/logo\\\/image\\\/\",\"url\":\"https:\\\/\\\/www.bellunopress.it\\\/wp-content\\\/uploads\\\/2011\\\/05\\\/cropped-logo-bellunopress-.jpg\",\"contentUrl\":\"https:\\\/\\\/www.bellunopress.it\\\/wp-content\\\/uploads\\\/2011\\\/05\\\/cropped-logo-bellunopress-.jpg\",\"width\":512,\"height\":512,\"caption\":\"Bellunopress\"},\"image\":{\"@id\":\"https:\\\/\\\/www.bellunopress.it\\\/#\\\/schema\\\/logo\\\/image\\\/\"},\"sameAs\":[\"https:\\\/\\\/www.facebook.com\\\/profile.php?id=100008943462799\",\"https:\\\/\\\/x.com\\\/bellunopress\",\"https:\\\/\\\/www.linkedin.com\\\/hp\\\/?dnr=JBzUWaJfMUw8vbXJJ2tVW5-I3jZKvC4wsoxE&amp;amp;amp;amp;amp;amp;trk=nav_responsive_tab_home\",\"https:\\\/\\\/www.youtube.com\\\/channel\\\/UCxL0wu1uN0_3_7hGG0306cw\"]},{\"@type\":\"Person\",\"@id\":\"https:\\\/\\\/www.bellunopress.it\\\/#\\\/schema\\\/person\\\/79bb06722b37ece1c03d3e94beb30d73\",\"name\":\"redazione\",\"image\":{\"@type\":\"ImageObject\",\"inLanguage\":\"fr-FR\",\"@id\":\"https:\\\/\\\/secure.gravatar.com\\\/avatar\\\/37d968a2e67a6fd04c169c4bdef102d0bc5d31b2546345219e348575eb80e9a0?s=96&d=mm&r=g\",\"url\":\"https:\\\/\\\/secure.gravatar.com\\\/avatar\\\/37d968a2e67a6fd04c169c4bdef102d0bc5d31b2546345219e348575eb80e9a0?s=96&d=mm&r=g\",\"contentUrl\":\"https:\\\/\\\/secure.gravatar.com\\\/avatar\\\/37d968a2e67a6fd04c169c4bdef102d0bc5d31b2546345219e348575eb80e9a0?s=96&d=mm&r=g\",\"caption\":\"redazione\"},\"sameAs\":[\"http:\\\/\\\/www.bellunopress.it\",\"https:\\\/\\\/x.com\\\/bellunopress\"],\"url\":\"https:\\\/\\\/www.bellunopress.it\\\/fr\\\/author\\\/redazione\\\/\"}]}<\/script>\n<!-- \/ Yoast SEO plugin. -->","yoast_head_json":{"title":"L'onorevole Zanoni denuncia in Europa l'\u0092inaccessibilit\u00e0 dei fondi Ue in Veneto - Bellunopress - Dolomiti","robots":{"index":"index","follow":"follow","max-snippet":"max-snippet:-1","max-image-preview":"max-image-preview:large","max-video-preview":"max-video-preview:-1"},"canonical":"https:\/\/www.bellunopress.it\/fr\/2013\/08\/02\/lonorevole-zanoni-denuncia-in-europa-l\u0092inaccessibilita-dei-fondi-ue-in-veneto\/","og_locale":"fr_FR","og_type":"article","og_title":"L'onorevole Zanoni denuncia in Europa l'\u0092inaccessibilit\u00e0 dei fondi Ue in Veneto - Bellunopress - Dolomiti","og_description":"L&#8217;\u0092eurodeputato Andrea Zanoni presenta un&#8217;\u0092interrogazione alla Commissione europea chiedendo che si faccia luce sulla questione dei fondi Ue: \u00abLa Commissione deve garantire che tutti i cittadini e tutte le aziende europee abbiano gli stessi diritti e partano da condizioni di parit\u00e0 per accedere ai finanziamenti. Sembra invece che i fondi europei siano inaccessibili in Veneto [&hellip;]","og_url":"https:\/\/www.bellunopress.it\/fr\/2013\/08\/02\/lonorevole-zanoni-denuncia-in-europa-l\u0092inaccessibilita-dei-fondi-ue-in-veneto\/","og_site_name":"Bellunopress - Dolomiti","article_publisher":"https:\/\/www.facebook.com\/profile.php?id=100008943462799","article_published_time":"2013-08-02T22:09:17+00:00","og_image":[{"url":"http:\/\/www.bellunopress.it\/wp-content\/uploads\/2012\/01\/andrea-zanoni.jpg","type":"","width":"","height":""}],"author":"redazione","twitter_card":"summary_large_image","twitter_creator":"@bellunopress","twitter_site":"@bellunopress","twitter_misc":{"\u00c9crit par":"redazione","Dur\u00e9e de lecture estim\u00e9e":"2 minutes"},"schema":{"@context":"https:\/\/schema.org","@graph":[{"@type":"Article","@id":"https:\/\/www.bellunopress.it\/2013\/08\/02\/lonorevole-zanoni-denuncia-in-europa-l%c2%92inaccessibilita-dei-fondi-ue-in-veneto\/#article","isPartOf":{"@id":"https:\/\/www.bellunopress.it\/2013\/08\/02\/lonorevole-zanoni-denuncia-in-europa-l%c2%92inaccessibilita-dei-fondi-ue-in-veneto\/"},"author":{"name":"redazione","@id":"https:\/\/www.bellunopress.it\/#\/schema\/person\/79bb06722b37ece1c03d3e94beb30d73"},"headline":"L&#8217;onorevole Zanoni denuncia in Europa l&#8217;\u0092inaccessibilit\u00e0 dei fondi Ue in Veneto","datePublished":"2013-08-02T22:09:17+00:00","mainEntityOfPage":{"@id":"https:\/\/www.bellunopress.it\/2013\/08\/02\/lonorevole-zanoni-denuncia-in-europa-l%c2%92inaccessibilita-dei-fondi-ue-in-veneto\/"},"wordCount":489,"publisher":{"@id":"https:\/\/www.bellunopress.it\/#organization"},"image":{"@id":"https:\/\/www.bellunopress.it\/2013\/08\/02\/lonorevole-zanoni-denuncia-in-europa-l%c2%92inaccessibilita-dei-fondi-ue-in-veneto\/#primaryimage"},"thumbnailUrl":"http:\/\/www.bellunopress.it\/wp-content\/uploads\/2012\/01\/andrea-zanoni.jpg","articleSection":["Cronaca\/Politica","Prima Pagina"],"inLanguage":"fr-FR"},{"@type":"WebPage","@id":"https:\/\/www.bellunopress.it\/2013\/08\/02\/lonorevole-zanoni-denuncia-in-europa-l%c2%92inaccessibilita-dei-fondi-ue-in-veneto\/","url":"https:\/\/www.bellunopress.it\/2013\/08\/02\/lonorevole-zanoni-denuncia-in-europa-l%c2%92inaccessibilita-dei-fondi-ue-in-veneto\/","name":"L'onorevole Zanoni denuncia in Europa l'\u0092inaccessibilit\u00e0 dei fondi Ue in Veneto - Bellunopress - Dolomiti","isPartOf":{"@id":"https:\/\/www.bellunopress.it\/#website"},"primaryImageOfPage":{"@id":"https:\/\/www.bellunopress.it\/2013\/08\/02\/lonorevole-zanoni-denuncia-in-europa-l%c2%92inaccessibilita-dei-fondi-ue-in-veneto\/#primaryimage"},"image":{"@id":"https:\/\/www.bellunopress.it\/2013\/08\/02\/lonorevole-zanoni-denuncia-in-europa-l%c2%92inaccessibilita-dei-fondi-ue-in-veneto\/#primaryimage"},"thumbnailUrl":"http:\/\/www.bellunopress.it\/wp-content\/uploads\/2012\/01\/andrea-zanoni.jpg","datePublished":"2013-08-02T22:09:17+00:00","breadcrumb":{"@id":"https:\/\/www.bellunopress.it\/2013\/08\/02\/lonorevole-zanoni-denuncia-in-europa-l%c2%92inaccessibilita-dei-fondi-ue-in-veneto\/#breadcrumb"},"inLanguage":"fr-FR","potentialAction":[{"@type":"ReadAction","target":["https:\/\/www.bellunopress.it\/2013\/08\/02\/lonorevole-zanoni-denuncia-in-europa-l%c2%92inaccessibilita-dei-fondi-ue-in-veneto\/"]}]},{"@type":"ImageObject","inLanguage":"fr-FR","@id":"https:\/\/www.bellunopress.it\/2013\/08\/02\/lonorevole-zanoni-denuncia-in-europa-l%c2%92inaccessibilita-dei-fondi-ue-in-veneto\/#primaryimage","url":"http:\/\/www.bellunopress.it\/wp-content\/uploads\/2012\/01\/andrea-zanoni.jpg","contentUrl":"http:\/\/www.bellunopress.it\/wp-content\/uploads\/2012\/01\/andrea-zanoni.jpg"},{"@type":"BreadcrumbList","@id":"https:\/\/www.bellunopress.it\/2013\/08\/02\/lonorevole-zanoni-denuncia-in-europa-l%c2%92inaccessibilita-dei-fondi-ue-in-veneto\/#breadcrumb","itemListElement":[{"@type":"ListItem","position":1,"name":"Home","item":"https:\/\/www.bellunopress.it\/"},{"@type":"ListItem","position":2,"name":"L&#8217;onorevole Zanoni denuncia in Europa l&#8217;\u0092inaccessibilit\u00e0 dei fondi Ue in Veneto"}]},{"@type":"WebSite","@id":"https:\/\/www.bellunopress.it\/#website","url":"https:\/\/www.bellunopress.it\/","name":"Bellunopress - Dolomiti","description":"e-mail: redazione@bellunopress.it","publisher":{"@id":"https:\/\/www.bellunopress.it\/#organization"},"potentialAction":[{"@type":"SearchAction","target":{"@type":"EntryPoint","urlTemplate":"https:\/\/www.bellunopress.it\/?s={search_term_string}"},"query-input":{"@type":"PropertyValueSpecification","valueRequired":true,"valueName":"search_term_string"}}],"inLanguage":"fr-FR"},{"@type":"Organization","@id":"https:\/\/www.bellunopress.it\/#organization","name":"Bellunopress","url":"https:\/\/www.bellunopress.it\/","logo":{"@type":"ImageObject","inLanguage":"fr-FR","@id":"https:\/\/www.bellunopress.it\/#\/schema\/logo\/image\/","url":"https:\/\/www.bellunopress.it\/wp-content\/uploads\/2011\/05\/cropped-logo-bellunopress-.jpg","contentUrl":"https:\/\/www.bellunopress.it\/wp-content\/uploads\/2011\/05\/cropped-logo-bellunopress-.jpg","width":512,"height":512,"caption":"Bellunopress"},"image":{"@id":"https:\/\/www.bellunopress.it\/#\/schema\/logo\/image\/"},"sameAs":["https:\/\/www.facebook.com\/profile.php?id=100008943462799","https:\/\/x.com\/bellunopress","https:\/\/www.linkedin.com\/hp\/?dnr=JBzUWaJfMUw8vbXJJ2tVW5-I3jZKvC4wsoxE&amp;amp;amp;amp;amp;amp;trk=nav_responsive_tab_home","https:\/\/www.youtube.com\/channel\/UCxL0wu1uN0_3_7hGG0306cw"]},{"@type":"Person","@id":"https:\/\/www.bellunopress.it\/#\/schema\/person\/79bb06722b37ece1c03d3e94beb30d73","name":"r\u00e9daction","image":{"@type":"ImageObject","inLanguage":"fr-FR","@id":"https:\/\/secure.gravatar.com\/avatar\/37d968a2e67a6fd04c169c4bdef102d0bc5d31b2546345219e348575eb80e9a0?s=96&d=mm&r=g","url":"https:\/\/secure.gravatar.com\/avatar\/37d968a2e67a6fd04c169c4bdef102d0bc5d31b2546345219e348575eb80e9a0?s=96&d=mm&r=g","contentUrl":"https:\/\/secure.gravatar.com\/avatar\/37d968a2e67a6fd04c169c4bdef102d0bc5d31b2546345219e348575eb80e9a0?s=96&d=mm&r=g","caption":"redazione"},"sameAs":["http:\/\/www.bellunopress.it","https:\/\/x.com\/bellunopress"],"url":"https:\/\/www.bellunopress.it\/fr\/author\/redazione\/"}]}},"_links":{"self":[{"href":"https:\/\/www.bellunopress.it\/fr\/wp-json\/wp\/v2\/posts\/51421","targetHints":{"allow":["GET"]}}],"collection":[{"href":"https:\/\/www.bellunopress.it\/fr\/wp-json\/wp\/v2\/posts"}],"about":[{"href":"https:\/\/www.bellunopress.it\/fr\/wp-json\/wp\/v2\/types\/post"}],"author":[{"embeddable":true,"href":"https:\/\/www.bellunopress.it\/fr\/wp-json\/wp\/v2\/users\/2"}],"replies":[{"embeddable":true,"href":"https:\/\/www.bellunopress.it\/fr\/wp-json\/wp\/v2\/comments?post=51421"}],"version-history":[{"count":1,"href":"https:\/\/www.bellunopress.it\/fr\/wp-json\/wp\/v2\/posts\/51421\/revisions"}],"predecessor-version":[{"id":51422,"href":"https:\/\/www.bellunopress.it\/fr\/wp-json\/wp\/v2\/posts\/51421\/revisions\/51422"}],"wp:attachment":[{"href":"https:\/\/www.bellunopress.it\/fr\/wp-json\/wp\/v2\/media?parent=51421"}],"wp:term":[{"taxonomy":"category","embeddable":true,"href":"https:\/\/www.bellunopress.it\/fr\/wp-json\/wp\/v2\/categories?post=51421"},{"taxonomy":"post_tag","embeddable":true,"href":"https:\/\/www.bellunopress.it\/fr\/wp-json\/wp\/v2\/tags?post=51421"}],"curies":[{"name":"wp","href":"https:\/\/api.w.org\/{rel}","templated":true}]}}