{"id":51417,"date":"2013-08-02T16:40:14","date_gmt":"2013-08-02T15:40:14","guid":{"rendered":"http:\/\/www.bellunopress.it\/?p=51417"},"modified":"2013-08-02T16:40:14","modified_gmt":"2013-08-02T15:40:14","slug":"gianluca-nicoletti-domenica-al-miramonti-di-cortina-presenta-una-notte-ho-sognato-che-parlavi","status":"publish","type":"post","link":"https:\/\/www.bellunopress.it\/fr\/2013\/08\/02\/gianluca-nicoletti-domenica-al-miramonti-di-cortina-presenta-una-notte-ho-sognato-che-parlavi\/","title":{"rendered":"Gianluca Nicoletti domenica al Miramonti di Cortina presenta &#8220;Una notte ho sognato che parlavi&#8221;"},"content":{"rendered":"<p><span style=\"font-size: 13px; line-height: 19px;\">Cosa vuol dire fare il padre di un bimbo e poi un ragazzo autistico? Come seguirne la crescita e l\u2019adolescenza tutta particolare? Come guidarne la nascente, prorompente sessualit\u00e0? C\u2019\u00e8 tutto questo e molto di pi\u00f9 nel libro di Gianluca Nicoletti, Una notte ho sognato che parlavi (Mondadori), che racconta con delicatezza e ironia una storia singolare e toccante. E Nicoletti sar\u00e0 ospite di Una Montagna di Libri domenica 4 agosto 2013, alle ore 21.30, al Miramonti Majestic Grand Hotel di Cortina. Un servizio navetta collegher\u00e0 l\u2019hotel con Piazza Roma, in centro a Cortina.<\/span><\/p>\n<p>Gianluca Nicoletti, giornalista, scrittore, conduttore radiofonico (attualmente di \u201cMelog\u201d, a Radio24), collabora con \u201cLa Stampa\u201d. Con Mondadori ha pubblicato Amen e Le vostre miserie, il mio splendore.<\/p>\n<p>IL LIBRO. La storia quotidianamente e banalmente vera di Tommy, un simpatico e riccioluto adolescente autistico. E del suo straordinario rapporto con il padre, Gianluca Nicoletti. Di un bambino che a tre anni era tanto buono e silenzioso, e di suo padre che, quando un neuropsichiatra sentenzi\u00f2: \u201cSuo figlio \u00e8 attratto pi\u00f9 dagli oggetti che dalle persone\u201d, non trov\u00f2 tutto ci\u00f2 affatto strano. In seguito, con l\u2019arrivo dell\u2019adolescenza, le cose in famiglia improvvisamente cambiarono, e Gianluca si scopre \u2013 suo malgrado \u2013 un genitore felicemente indispensabile.<\/p>\n<p>L\u2019incontro con Gianluca Nicoletti e Vera Slepoj \u00e8 quindi per domenica 4 agosto 2013, ore 21.30, presso il Miramonti Majestic G.H. di Cortina d\u2019Ampezzo. Una navetta gratuita far\u00e0 la spola tra l\u2019Hotel e Piazza Roma, in centro a Cortina. Ingresso libero fino a esaurimento posti.<\/p>","protected":false},"excerpt":{"rendered":"<p>Cosa vuol dire fare il padre di un bimbo e poi un ragazzo autistico? Come seguirne la crescita e l\u2019adolescenza tutta particolare? Come guidarne la nascente, prorompente sessualit\u00e0? C\u2019\u00e8 tutto questo e molto di pi\u00f9 nel libro di Gianluca Nicoletti, Una notte ho sognato che parlavi (Mondadori), che racconta con delicatezza e ironia una storia [&hellip;]<\/p>\n","protected":false},"author":2,"featured_media":0,"comment_status":"closed","ping_status":"open","sticky":false,"template":"","format":"standard","meta":{"footnotes":""},"categories":[27,3,25],"tags":[],"class_list":["post-51417","post","type-post","status-publish","format-standard","category-appuntamenti","category-arte-cultura-spettacoli-scienza-archivi","category-pausa-caffe"],"yoast_head":"<!-- This site is optimized with the Yoast SEO plugin v28.4 - https:\/\/yoast.com\/product\/yoast-seo-wordpress\/ -->\n<title>Gianluca Nicoletti domenica al Miramonti di Cortina presenta &quot;Una notte ho sognato che parlavi&quot; - Bellunopress - Dolomiti<\/title>\n<meta name=\"robots\" content=\"index, follow, max-snippet:-1, max-image-preview:large, max-video-preview:-1\" \/>\n<link rel=\"canonical\" href=\"https:\/\/www.bellunopress.it\/fr\/2013\/08\/02\/gianluca-nicoletti-domenica-al-miramonti-di-cortina-presenta-una-notte-ho-sognato-che-parlavi\/\" \/>\n<meta property=\"og:locale\" content=\"fr_FR\" \/>\n<meta property=\"og:type\" content=\"article\" \/>\n<meta property=\"og:title\" content=\"Gianluca Nicoletti domenica al Miramonti di Cortina presenta &quot;Una notte ho sognato che parlavi&quot; - Bellunopress - Dolomiti\" \/>\n<meta property=\"og:description\" content=\"Cosa vuol dire fare il padre di un bimbo e poi un ragazzo autistico? Come seguirne la crescita e l\u2019adolescenza tutta particolare? Come guidarne la nascente, prorompente sessualit\u00e0? C\u2019\u00e8 tutto questo e molto di pi\u00f9 nel libro di Gianluca Nicoletti, Una notte ho sognato che parlavi (Mondadori), che racconta con delicatezza e ironia una storia [&hellip;]\" \/>\n<meta property=\"og:url\" content=\"https:\/\/www.bellunopress.it\/fr\/2013\/08\/02\/gianluca-nicoletti-domenica-al-miramonti-di-cortina-presenta-una-notte-ho-sognato-che-parlavi\/\" \/>\n<meta property=\"og:site_name\" content=\"Bellunopress - Dolomiti\" \/>\n<meta property=\"article:publisher\" content=\"https:\/\/www.facebook.com\/profile.php?id=100008943462799\" \/>\n<meta property=\"article:published_time\" content=\"2013-08-02T15:40:14+00:00\" \/>\n<meta property=\"og:image\" content=\"http:\/\/www.bellunopress.it\/wp-content\/uploads\/2012\/07\/logo-bellunopress-250x250-2012.jpg\" \/>\n<meta name=\"author\" content=\"redazione\" \/>\n<meta name=\"twitter:card\" content=\"summary_large_image\" \/>\n<meta name=\"twitter:creator\" content=\"@bellunopress\" \/>\n<meta name=\"twitter:site\" content=\"@bellunopress\" \/>\n<meta name=\"twitter:label1\" content=\"\u00c9crit par\" \/>\n\t<meta name=\"twitter:data1\" content=\"redazione\" \/>\n\t<meta name=\"twitter:label2\" content=\"Dur\u00e9e de lecture estim\u00e9e\" \/>\n\t<meta name=\"twitter:data2\" content=\"1 minute\" \/>\n<script type=\"application\/ld+json\" class=\"yoast-schema-graph\">{\"@context\":\"https:\\\/\\\/schema.org\",\"@graph\":[{\"@type\":\"Article\",\"@id\":\"https:\\\/\\\/www.bellunopress.it\\\/2013\\\/08\\\/02\\\/gianluca-nicoletti-domenica-al-miramonti-di-cortina-presenta-una-notte-ho-sognato-che-parlavi\\\/#article\",\"isPartOf\":{\"@id\":\"https:\\\/\\\/www.bellunopress.it\\\/2013\\\/08\\\/02\\\/gianluca-nicoletti-domenica-al-miramonti-di-cortina-presenta-una-notte-ho-sognato-che-parlavi\\\/\"},\"author\":{\"name\":\"redazione\",\"@id\":\"https:\\\/\\\/www.bellunopress.it\\\/#\\\/schema\\\/person\\\/79bb06722b37ece1c03d3e94beb30d73\"},\"headline\":\"Gianluca Nicoletti domenica al Miramonti di Cortina presenta &#8220;Una notte ho sognato che parlavi&#8221;\",\"datePublished\":\"2013-08-02T15:40:14+00:00\",\"mainEntityOfPage\":{\"@id\":\"https:\\\/\\\/www.bellunopress.it\\\/2013\\\/08\\\/02\\\/gianluca-nicoletti-domenica-al-miramonti-di-cortina-presenta-una-notte-ho-sognato-che-parlavi\\\/\"},\"wordCount\":263,\"publisher\":{\"@id\":\"https:\\\/\\\/www.bellunopress.it\\\/#organization\"},\"articleSection\":[\"Appuntamenti, Eventi\",\"Arte, Cultura, Spettacoli, Scienza\",\"Pausa Caff\u00e8\"],\"inLanguage\":\"fr-FR\"},{\"@type\":\"WebPage\",\"@id\":\"https:\\\/\\\/www.bellunopress.it\\\/2013\\\/08\\\/02\\\/gianluca-nicoletti-domenica-al-miramonti-di-cortina-presenta-una-notte-ho-sognato-che-parlavi\\\/\",\"url\":\"https:\\\/\\\/www.bellunopress.it\\\/2013\\\/08\\\/02\\\/gianluca-nicoletti-domenica-al-miramonti-di-cortina-presenta-una-notte-ho-sognato-che-parlavi\\\/\",\"name\":\"Gianluca Nicoletti domenica al Miramonti di Cortina presenta \\\"Una notte ho sognato che parlavi\\\" - Bellunopress - Dolomiti\",\"isPartOf\":{\"@id\":\"https:\\\/\\\/www.bellunopress.it\\\/#website\"},\"datePublished\":\"2013-08-02T15:40:14+00:00\",\"breadcrumb\":{\"@id\":\"https:\\\/\\\/www.bellunopress.it\\\/2013\\\/08\\\/02\\\/gianluca-nicoletti-domenica-al-miramonti-di-cortina-presenta-una-notte-ho-sognato-che-parlavi\\\/#breadcrumb\"},\"inLanguage\":\"fr-FR\",\"potentialAction\":[{\"@type\":\"ReadAction\",\"target\":[\"https:\\\/\\\/www.bellunopress.it\\\/2013\\\/08\\\/02\\\/gianluca-nicoletti-domenica-al-miramonti-di-cortina-presenta-una-notte-ho-sognato-che-parlavi\\\/\"]}]},{\"@type\":\"BreadcrumbList\",\"@id\":\"https:\\\/\\\/www.bellunopress.it\\\/2013\\\/08\\\/02\\\/gianluca-nicoletti-domenica-al-miramonti-di-cortina-presenta-una-notte-ho-sognato-che-parlavi\\\/#breadcrumb\",\"itemListElement\":[{\"@type\":\"ListItem\",\"position\":1,\"name\":\"Home\",\"item\":\"https:\\\/\\\/www.bellunopress.it\\\/\"},{\"@type\":\"ListItem\",\"position\":2,\"name\":\"Gianluca Nicoletti domenica al Miramonti di Cortina presenta &#8220;Una notte ho sognato che parlavi&#8221;\"}]},{\"@type\":\"WebSite\",\"@id\":\"https:\\\/\\\/www.bellunopress.it\\\/#website\",\"url\":\"https:\\\/\\\/www.bellunopress.it\\\/\",\"name\":\"Bellunopress - Dolomiti\",\"description\":\"e-mail: redazione@bellunopress.it\",\"publisher\":{\"@id\":\"https:\\\/\\\/www.bellunopress.it\\\/#organization\"},\"potentialAction\":[{\"@type\":\"SearchAction\",\"target\":{\"@type\":\"EntryPoint\",\"urlTemplate\":\"https:\\\/\\\/www.bellunopress.it\\\/?s={search_term_string}\"},\"query-input\":{\"@type\":\"PropertyValueSpecification\",\"valueRequired\":true,\"valueName\":\"search_term_string\"}}],\"inLanguage\":\"fr-FR\"},{\"@type\":\"Organization\",\"@id\":\"https:\\\/\\\/www.bellunopress.it\\\/#organization\",\"name\":\"Bellunopress\",\"url\":\"https:\\\/\\\/www.bellunopress.it\\\/\",\"logo\":{\"@type\":\"ImageObject\",\"inLanguage\":\"fr-FR\",\"@id\":\"https:\\\/\\\/www.bellunopress.it\\\/#\\\/schema\\\/logo\\\/image\\\/\",\"url\":\"https:\\\/\\\/www.bellunopress.it\\\/wp-content\\\/uploads\\\/2011\\\/05\\\/cropped-logo-bellunopress-.jpg\",\"contentUrl\":\"https:\\\/\\\/www.bellunopress.it\\\/wp-content\\\/uploads\\\/2011\\\/05\\\/cropped-logo-bellunopress-.jpg\",\"width\":512,\"height\":512,\"caption\":\"Bellunopress\"},\"image\":{\"@id\":\"https:\\\/\\\/www.bellunopress.it\\\/#\\\/schema\\\/logo\\\/image\\\/\"},\"sameAs\":[\"https:\\\/\\\/www.facebook.com\\\/profile.php?id=100008943462799\",\"https:\\\/\\\/x.com\\\/bellunopress\",\"https:\\\/\\\/www.linkedin.com\\\/hp\\\/?dnr=JBzUWaJfMUw8vbXJJ2tVW5-I3jZKvC4wsoxE&amp;amp;amp;amp;amp;amp;trk=nav_responsive_tab_home\",\"https:\\\/\\\/www.youtube.com\\\/channel\\\/UCxL0wu1uN0_3_7hGG0306cw\"]},{\"@type\":\"Person\",\"@id\":\"https:\\\/\\\/www.bellunopress.it\\\/#\\\/schema\\\/person\\\/79bb06722b37ece1c03d3e94beb30d73\",\"name\":\"redazione\",\"image\":{\"@type\":\"ImageObject\",\"inLanguage\":\"fr-FR\",\"@id\":\"https:\\\/\\\/secure.gravatar.com\\\/avatar\\\/37d968a2e67a6fd04c169c4bdef102d0bc5d31b2546345219e348575eb80e9a0?s=96&d=mm&r=g\",\"url\":\"https:\\\/\\\/secure.gravatar.com\\\/avatar\\\/37d968a2e67a6fd04c169c4bdef102d0bc5d31b2546345219e348575eb80e9a0?s=96&d=mm&r=g\",\"contentUrl\":\"https:\\\/\\\/secure.gravatar.com\\\/avatar\\\/37d968a2e67a6fd04c169c4bdef102d0bc5d31b2546345219e348575eb80e9a0?s=96&d=mm&r=g\",\"caption\":\"redazione\"},\"sameAs\":[\"http:\\\/\\\/www.bellunopress.it\",\"https:\\\/\\\/x.com\\\/bellunopress\"],\"url\":\"https:\\\/\\\/www.bellunopress.it\\\/fr\\\/author\\\/redazione\\\/\"}]}<\/script>\n<!-- \/ Yoast SEO plugin. -->","yoast_head_json":{"title":"Gianluca Nicoletti domenica al Miramonti di Cortina presenta \"Una notte ho sognato che parlavi\" - Bellunopress - Dolomiti","robots":{"index":"index","follow":"follow","max-snippet":"max-snippet:-1","max-image-preview":"max-image-preview:large","max-video-preview":"max-video-preview:-1"},"canonical":"https:\/\/www.bellunopress.it\/fr\/2013\/08\/02\/gianluca-nicoletti-domenica-al-miramonti-di-cortina-presenta-una-notte-ho-sognato-che-parlavi\/","og_locale":"fr_FR","og_type":"article","og_title":"Gianluca Nicoletti domenica al Miramonti di Cortina presenta \"Una notte ho sognato che parlavi\" - Bellunopress - Dolomiti","og_description":"Cosa vuol dire fare il padre di un bimbo e poi un ragazzo autistico? Come seguirne la crescita e l\u2019adolescenza tutta particolare? Come guidarne la nascente, prorompente sessualit\u00e0? C\u2019\u00e8 tutto questo e molto di pi\u00f9 nel libro di Gianluca Nicoletti, Una notte ho sognato che parlavi (Mondadori), che racconta con delicatezza e ironia una storia [&hellip;]","og_url":"https:\/\/www.bellunopress.it\/fr\/2013\/08\/02\/gianluca-nicoletti-domenica-al-miramonti-di-cortina-presenta-una-notte-ho-sognato-che-parlavi\/","og_site_name":"Bellunopress - Dolomiti","article_publisher":"https:\/\/www.facebook.com\/profile.php?id=100008943462799","article_published_time":"2013-08-02T15:40:14+00:00","og_image":[{"url":"http:\/\/www.bellunopress.it\/wp-content\/uploads\/2012\/07\/logo-bellunopress-250x250-2012.jpg","type":"","width":"","height":""}],"author":"redazione","twitter_card":"summary_large_image","twitter_creator":"@bellunopress","twitter_site":"@bellunopress","twitter_misc":{"\u00c9crit par":"redazione","Dur\u00e9e de lecture estim\u00e9e":"1 minute"},"schema":{"@context":"https:\/\/schema.org","@graph":[{"@type":"Article","@id":"https:\/\/www.bellunopress.it\/2013\/08\/02\/gianluca-nicoletti-domenica-al-miramonti-di-cortina-presenta-una-notte-ho-sognato-che-parlavi\/#article","isPartOf":{"@id":"https:\/\/www.bellunopress.it\/2013\/08\/02\/gianluca-nicoletti-domenica-al-miramonti-di-cortina-presenta-una-notte-ho-sognato-che-parlavi\/"},"author":{"name":"redazione","@id":"https:\/\/www.bellunopress.it\/#\/schema\/person\/79bb06722b37ece1c03d3e94beb30d73"},"headline":"Gianluca Nicoletti domenica al Miramonti di Cortina presenta &#8220;Una notte ho sognato che parlavi&#8221;","datePublished":"2013-08-02T15:40:14+00:00","mainEntityOfPage":{"@id":"https:\/\/www.bellunopress.it\/2013\/08\/02\/gianluca-nicoletti-domenica-al-miramonti-di-cortina-presenta-una-notte-ho-sognato-che-parlavi\/"},"wordCount":263,"publisher":{"@id":"https:\/\/www.bellunopress.it\/#organization"},"articleSection":["Appuntamenti, Eventi","Arte, Cultura, Spettacoli, Scienza","Pausa Caff\u00e8"],"inLanguage":"fr-FR"},{"@type":"WebPage","@id":"https:\/\/www.bellunopress.it\/2013\/08\/02\/gianluca-nicoletti-domenica-al-miramonti-di-cortina-presenta-una-notte-ho-sognato-che-parlavi\/","url":"https:\/\/www.bellunopress.it\/2013\/08\/02\/gianluca-nicoletti-domenica-al-miramonti-di-cortina-presenta-una-notte-ho-sognato-che-parlavi\/","name":"Gianluca Nicoletti domenica al Miramonti di Cortina presenta \"Una notte ho sognato che parlavi\" - Bellunopress - Dolomiti","isPartOf":{"@id":"https:\/\/www.bellunopress.it\/#website"},"datePublished":"2013-08-02T15:40:14+00:00","breadcrumb":{"@id":"https:\/\/www.bellunopress.it\/2013\/08\/02\/gianluca-nicoletti-domenica-al-miramonti-di-cortina-presenta-una-notte-ho-sognato-che-parlavi\/#breadcrumb"},"inLanguage":"fr-FR","potentialAction":[{"@type":"ReadAction","target":["https:\/\/www.bellunopress.it\/2013\/08\/02\/gianluca-nicoletti-domenica-al-miramonti-di-cortina-presenta-una-notte-ho-sognato-che-parlavi\/"]}]},{"@type":"BreadcrumbList","@id":"https:\/\/www.bellunopress.it\/2013\/08\/02\/gianluca-nicoletti-domenica-al-miramonti-di-cortina-presenta-una-notte-ho-sognato-che-parlavi\/#breadcrumb","itemListElement":[{"@type":"ListItem","position":1,"name":"Home","item":"https:\/\/www.bellunopress.it\/"},{"@type":"ListItem","position":2,"name":"Gianluca Nicoletti domenica al Miramonti di Cortina presenta &#8220;Una notte ho sognato che parlavi&#8221;"}]},{"@type":"WebSite","@id":"https:\/\/www.bellunopress.it\/#website","url":"https:\/\/www.bellunopress.it\/","name":"Bellunopress - Dolomiti","description":"e-mail: redazione@bellunopress.it","publisher":{"@id":"https:\/\/www.bellunopress.it\/#organization"},"potentialAction":[{"@type":"SearchAction","target":{"@type":"EntryPoint","urlTemplate":"https:\/\/www.bellunopress.it\/?s={search_term_string}"},"query-input":{"@type":"PropertyValueSpecification","valueRequired":true,"valueName":"search_term_string"}}],"inLanguage":"fr-FR"},{"@type":"Organization","@id":"https:\/\/www.bellunopress.it\/#organization","name":"Bellunopress","url":"https:\/\/www.bellunopress.it\/","logo":{"@type":"ImageObject","inLanguage":"fr-FR","@id":"https:\/\/www.bellunopress.it\/#\/schema\/logo\/image\/","url":"https:\/\/www.bellunopress.it\/wp-content\/uploads\/2011\/05\/cropped-logo-bellunopress-.jpg","contentUrl":"https:\/\/www.bellunopress.it\/wp-content\/uploads\/2011\/05\/cropped-logo-bellunopress-.jpg","width":512,"height":512,"caption":"Bellunopress"},"image":{"@id":"https:\/\/www.bellunopress.it\/#\/schema\/logo\/image\/"},"sameAs":["https:\/\/www.facebook.com\/profile.php?id=100008943462799","https:\/\/x.com\/bellunopress","https:\/\/www.linkedin.com\/hp\/?dnr=JBzUWaJfMUw8vbXJJ2tVW5-I3jZKvC4wsoxE&amp;amp;amp;amp;amp;amp;trk=nav_responsive_tab_home","https:\/\/www.youtube.com\/channel\/UCxL0wu1uN0_3_7hGG0306cw"]},{"@type":"Person","@id":"https:\/\/www.bellunopress.it\/#\/schema\/person\/79bb06722b37ece1c03d3e94beb30d73","name":"r\u00e9daction","image":{"@type":"ImageObject","inLanguage":"fr-FR","@id":"https:\/\/secure.gravatar.com\/avatar\/37d968a2e67a6fd04c169c4bdef102d0bc5d31b2546345219e348575eb80e9a0?s=96&d=mm&r=g","url":"https:\/\/secure.gravatar.com\/avatar\/37d968a2e67a6fd04c169c4bdef102d0bc5d31b2546345219e348575eb80e9a0?s=96&d=mm&r=g","contentUrl":"https:\/\/secure.gravatar.com\/avatar\/37d968a2e67a6fd04c169c4bdef102d0bc5d31b2546345219e348575eb80e9a0?s=96&d=mm&r=g","caption":"redazione"},"sameAs":["http:\/\/www.bellunopress.it","https:\/\/x.com\/bellunopress"],"url":"https:\/\/www.bellunopress.it\/fr\/author\/redazione\/"}]}},"_links":{"self":[{"href":"https:\/\/www.bellunopress.it\/fr\/wp-json\/wp\/v2\/posts\/51417","targetHints":{"allow":["GET"]}}],"collection":[{"href":"https:\/\/www.bellunopress.it\/fr\/wp-json\/wp\/v2\/posts"}],"about":[{"href":"https:\/\/www.bellunopress.it\/fr\/wp-json\/wp\/v2\/types\/post"}],"author":[{"embeddable":true,"href":"https:\/\/www.bellunopress.it\/fr\/wp-json\/wp\/v2\/users\/2"}],"replies":[{"embeddable":true,"href":"https:\/\/www.bellunopress.it\/fr\/wp-json\/wp\/v2\/comments?post=51417"}],"version-history":[{"count":1,"href":"https:\/\/www.bellunopress.it\/fr\/wp-json\/wp\/v2\/posts\/51417\/revisions"}],"predecessor-version":[{"id":51418,"href":"https:\/\/www.bellunopress.it\/fr\/wp-json\/wp\/v2\/posts\/51417\/revisions\/51418"}],"wp:attachment":[{"href":"https:\/\/www.bellunopress.it\/fr\/wp-json\/wp\/v2\/media?parent=51417"}],"wp:term":[{"taxonomy":"category","embeddable":true,"href":"https:\/\/www.bellunopress.it\/fr\/wp-json\/wp\/v2\/categories?post=51417"},{"taxonomy":"post_tag","embeddable":true,"href":"https:\/\/www.bellunopress.it\/fr\/wp-json\/wp\/v2\/tags?post=51417"}],"curies":[{"name":"wp","href":"https:\/\/api.w.org\/{rel}","templated":true}]}}