{"id":51415,"date":"2013-08-02T14:35:27","date_gmt":"2013-08-02T13:35:27","guid":{"rendered":"http:\/\/www.bellunopress.it\/?p=51415"},"modified":"2013-08-02T14:35:27","modified_gmt":"2013-08-02T13:35:27","slug":"jakoo-compie-un-anno-di-vista-sabato-pomeriggio-il-brindisi","status":"publish","type":"post","link":"https:\/\/www.bellunopress.it\/fr\/2013\/08\/02\/jakoo-compie-un-anno-di-vista-sabato-pomeriggio-il-brindisi\/","title":{"rendered":"Jakoo compie un anno di vista. Sabato pomeriggio il brindisi"},"content":{"rendered":"<p><span style=\"font-size: 13px; line-height: 19px;\">Jekoo, il negozio di ottica in via Caffi n. 2 a Belluno, festeggia il suo primo anno di vita. <\/span><\/p>\n<p><span style=\"font-size: 13px; line-height: 19px;\"><a href=\"http:\/\/www.bellunopress.it\/wp-content\/uploads\/2013\/01\/jekoo.jpg\"><img loading=\"lazy\" decoding=\"async\" class=\"alignleft size-full wp-image-46035\" alt=\"jekoo\" src=\"http:\/\/www.bellunopress.it\/wp-content\/uploads\/2013\/01\/jekoo.jpg\" width=\"270\" height=\"229\" \/><\/a>In un momento come questo, nel quale il commercio morde il freno ed \u00e8 pi\u00f9 facile vedere serrande che si abbassano piuttosto che tagli di nastri per nuove aperture, l&#8217;evento \u00e8 ancor pi\u00f9 apprezzato e volentieri ne diamo notizia.<\/span><\/p>\n<p>Sabato pomeriggio dalle ore 17 \u00a0avr\u00e0 luogo il brindisi di festeggiamento.<\/p>\n<p>Fino al 10 agosto, inoltre, sar\u00e0 attiva la promozione per l&#8217;acquisto di un occhiale con lente antiriflesso a partire da 99 euro. Aggiungendo 50 euro, inoltre si pu\u00f2 avere l&#8217;occhiale da sole con lenti graduate. E con l&#8217;opzione &#8220;amico sole&#8221;, le lenti colorate con protezione dai raggi uv.<\/p>\n<p>&nbsp;<\/p>","protected":false},"excerpt":{"rendered":"<p>Jekoo, il negozio di ottica in via Caffi n. 2 a Belluno, festeggia il suo primo anno di vita. In un momento come questo, nel quale il commercio morde il freno ed \u00e8 pi\u00f9 facile vedere serrande che si abbassano piuttosto che tagli di nastri per nuove aperture, l&#8217;evento \u00e8 ancor pi\u00f9 apprezzato e volentieri [&hellip;]<\/p>\n","protected":false},"author":2,"featured_media":0,"comment_status":"closed","ping_status":"open","sticky":false,"template":"","format":"standard","meta":{"footnotes":""},"categories":[27,25,50],"tags":[],"class_list":["post-51415","post","type-post","status-publish","format-standard","category-appuntamenti","category-pausa-caffe","category-pubbliredazionali"],"yoast_head":"<!-- This site is optimized with the Yoast SEO plugin v28.4 - https:\/\/yoast.com\/product\/yoast-seo-wordpress\/ -->\n<title>Jakoo compie un anno di vista. Sabato pomeriggio il brindisi - Bellunopress - Dolomiti<\/title>\n<meta name=\"robots\" content=\"index, follow, max-snippet:-1, max-image-preview:large, max-video-preview:-1\" \/>\n<link rel=\"canonical\" href=\"https:\/\/www.bellunopress.it\/fr\/2013\/08\/02\/jakoo-compie-un-anno-di-vista-sabato-pomeriggio-il-brindisi\/\" \/>\n<meta property=\"og:locale\" content=\"fr_FR\" \/>\n<meta property=\"og:type\" content=\"article\" \/>\n<meta property=\"og:title\" content=\"Jakoo compie un anno di vista. Sabato pomeriggio il brindisi - Bellunopress - Dolomiti\" \/>\n<meta property=\"og:description\" content=\"Jekoo, il negozio di ottica in via Caffi n. 2 a Belluno, festeggia il suo primo anno di vita. In un momento come questo, nel quale il commercio morde il freno ed \u00e8 pi\u00f9 facile vedere serrande che si abbassano piuttosto che tagli di nastri per nuove aperture, l&#8217;evento \u00e8 ancor pi\u00f9 apprezzato e volentieri [&hellip;]\" \/>\n<meta property=\"og:url\" content=\"https:\/\/www.bellunopress.it\/fr\/2013\/08\/02\/jakoo-compie-un-anno-di-vista-sabato-pomeriggio-il-brindisi\/\" \/>\n<meta property=\"og:site_name\" content=\"Bellunopress - Dolomiti\" \/>\n<meta property=\"article:publisher\" content=\"https:\/\/www.facebook.com\/profile.php?id=100008943462799\" \/>\n<meta property=\"article:published_time\" content=\"2013-08-02T13:35:27+00:00\" \/>\n<meta property=\"og:image\" content=\"http:\/\/www.bellunopress.it\/wp-content\/uploads\/2013\/01\/jekoo.jpg\" \/>\n<meta name=\"author\" content=\"redazione\" \/>\n<meta name=\"twitter:card\" content=\"summary_large_image\" \/>\n<meta name=\"twitter:creator\" content=\"@bellunopress\" \/>\n<meta name=\"twitter:site\" content=\"@bellunopress\" \/>\n<meta name=\"twitter:label1\" content=\"\u00c9crit par\" \/>\n\t<meta name=\"twitter:data1\" content=\"redazione\" \/>\n\t<meta name=\"twitter:label2\" content=\"Dur\u00e9e de lecture estim\u00e9e\" \/>\n\t<meta name=\"twitter:data2\" content=\"1 minute\" \/>\n<script type=\"application\/ld+json\" class=\"yoast-schema-graph\">{\"@context\":\"https:\\\/\\\/schema.org\",\"@graph\":[{\"@type\":\"Article\",\"@id\":\"https:\\\/\\\/www.bellunopress.it\\\/2013\\\/08\\\/02\\\/jakoo-compie-un-anno-di-vista-sabato-pomeriggio-il-brindisi\\\/#article\",\"isPartOf\":{\"@id\":\"https:\\\/\\\/www.bellunopress.it\\\/2013\\\/08\\\/02\\\/jakoo-compie-un-anno-di-vista-sabato-pomeriggio-il-brindisi\\\/\"},\"author\":{\"name\":\"redazione\",\"@id\":\"https:\\\/\\\/www.bellunopress.it\\\/#\\\/schema\\\/person\\\/79bb06722b37ece1c03d3e94beb30d73\"},\"headline\":\"Jakoo compie un anno di vista. Sabato pomeriggio il brindisi\",\"datePublished\":\"2013-08-02T13:35:27+00:00\",\"mainEntityOfPage\":{\"@id\":\"https:\\\/\\\/www.bellunopress.it\\\/2013\\\/08\\\/02\\\/jakoo-compie-un-anno-di-vista-sabato-pomeriggio-il-brindisi\\\/\"},\"wordCount\":125,\"publisher\":{\"@id\":\"https:\\\/\\\/www.bellunopress.it\\\/#organization\"},\"image\":{\"@id\":\"https:\\\/\\\/www.bellunopress.it\\\/2013\\\/08\\\/02\\\/jakoo-compie-un-anno-di-vista-sabato-pomeriggio-il-brindisi\\\/#primaryimage\"},\"thumbnailUrl\":\"http:\\\/\\\/www.bellunopress.it\\\/wp-content\\\/uploads\\\/2013\\\/01\\\/jekoo.jpg\",\"articleSection\":[\"Appuntamenti, Eventi\",\"Pausa Caff\u00e8\",\"Pubbliredazionali\"],\"inLanguage\":\"fr-FR\"},{\"@type\":\"WebPage\",\"@id\":\"https:\\\/\\\/www.bellunopress.it\\\/2013\\\/08\\\/02\\\/jakoo-compie-un-anno-di-vista-sabato-pomeriggio-il-brindisi\\\/\",\"url\":\"https:\\\/\\\/www.bellunopress.it\\\/2013\\\/08\\\/02\\\/jakoo-compie-un-anno-di-vista-sabato-pomeriggio-il-brindisi\\\/\",\"name\":\"Jakoo compie un anno di vista. Sabato pomeriggio il brindisi - Bellunopress - Dolomiti\",\"isPartOf\":{\"@id\":\"https:\\\/\\\/www.bellunopress.it\\\/#website\"},\"primaryImageOfPage\":{\"@id\":\"https:\\\/\\\/www.bellunopress.it\\\/2013\\\/08\\\/02\\\/jakoo-compie-un-anno-di-vista-sabato-pomeriggio-il-brindisi\\\/#primaryimage\"},\"image\":{\"@id\":\"https:\\\/\\\/www.bellunopress.it\\\/2013\\\/08\\\/02\\\/jakoo-compie-un-anno-di-vista-sabato-pomeriggio-il-brindisi\\\/#primaryimage\"},\"thumbnailUrl\":\"http:\\\/\\\/www.bellunopress.it\\\/wp-content\\\/uploads\\\/2013\\\/01\\\/jekoo.jpg\",\"datePublished\":\"2013-08-02T13:35:27+00:00\",\"breadcrumb\":{\"@id\":\"https:\\\/\\\/www.bellunopress.it\\\/2013\\\/08\\\/02\\\/jakoo-compie-un-anno-di-vista-sabato-pomeriggio-il-brindisi\\\/#breadcrumb\"},\"inLanguage\":\"fr-FR\",\"potentialAction\":[{\"@type\":\"ReadAction\",\"target\":[\"https:\\\/\\\/www.bellunopress.it\\\/2013\\\/08\\\/02\\\/jakoo-compie-un-anno-di-vista-sabato-pomeriggio-il-brindisi\\\/\"]}]},{\"@type\":\"ImageObject\",\"inLanguage\":\"fr-FR\",\"@id\":\"https:\\\/\\\/www.bellunopress.it\\\/2013\\\/08\\\/02\\\/jakoo-compie-un-anno-di-vista-sabato-pomeriggio-il-brindisi\\\/#primaryimage\",\"url\":\"http:\\\/\\\/www.bellunopress.it\\\/wp-content\\\/uploads\\\/2013\\\/01\\\/jekoo.jpg\",\"contentUrl\":\"http:\\\/\\\/www.bellunopress.it\\\/wp-content\\\/uploads\\\/2013\\\/01\\\/jekoo.jpg\"},{\"@type\":\"BreadcrumbList\",\"@id\":\"https:\\\/\\\/www.bellunopress.it\\\/2013\\\/08\\\/02\\\/jakoo-compie-un-anno-di-vista-sabato-pomeriggio-il-brindisi\\\/#breadcrumb\",\"itemListElement\":[{\"@type\":\"ListItem\",\"position\":1,\"name\":\"Home\",\"item\":\"https:\\\/\\\/www.bellunopress.it\\\/\"},{\"@type\":\"ListItem\",\"position\":2,\"name\":\"Jakoo compie un anno di vista. Sabato pomeriggio il brindisi\"}]},{\"@type\":\"WebSite\",\"@id\":\"https:\\\/\\\/www.bellunopress.it\\\/#website\",\"url\":\"https:\\\/\\\/www.bellunopress.it\\\/\",\"name\":\"Bellunopress - Dolomiti\",\"description\":\"e-mail: redazione@bellunopress.it\",\"publisher\":{\"@id\":\"https:\\\/\\\/www.bellunopress.it\\\/#organization\"},\"potentialAction\":[{\"@type\":\"SearchAction\",\"target\":{\"@type\":\"EntryPoint\",\"urlTemplate\":\"https:\\\/\\\/www.bellunopress.it\\\/?s={search_term_string}\"},\"query-input\":{\"@type\":\"PropertyValueSpecification\",\"valueRequired\":true,\"valueName\":\"search_term_string\"}}],\"inLanguage\":\"fr-FR\"},{\"@type\":\"Organization\",\"@id\":\"https:\\\/\\\/www.bellunopress.it\\\/#organization\",\"name\":\"Bellunopress\",\"url\":\"https:\\\/\\\/www.bellunopress.it\\\/\",\"logo\":{\"@type\":\"ImageObject\",\"inLanguage\":\"fr-FR\",\"@id\":\"https:\\\/\\\/www.bellunopress.it\\\/#\\\/schema\\\/logo\\\/image\\\/\",\"url\":\"https:\\\/\\\/www.bellunopress.it\\\/wp-content\\\/uploads\\\/2011\\\/05\\\/cropped-logo-bellunopress-.jpg\",\"contentUrl\":\"https:\\\/\\\/www.bellunopress.it\\\/wp-content\\\/uploads\\\/2011\\\/05\\\/cropped-logo-bellunopress-.jpg\",\"width\":512,\"height\":512,\"caption\":\"Bellunopress\"},\"image\":{\"@id\":\"https:\\\/\\\/www.bellunopress.it\\\/#\\\/schema\\\/logo\\\/image\\\/\"},\"sameAs\":[\"https:\\\/\\\/www.facebook.com\\\/profile.php?id=100008943462799\",\"https:\\\/\\\/x.com\\\/bellunopress\",\"https:\\\/\\\/www.linkedin.com\\\/hp\\\/?dnr=JBzUWaJfMUw8vbXJJ2tVW5-I3jZKvC4wsoxE&amp;amp;amp;amp;amp;amp;trk=nav_responsive_tab_home\",\"https:\\\/\\\/www.youtube.com\\\/channel\\\/UCxL0wu1uN0_3_7hGG0306cw\"]},{\"@type\":\"Person\",\"@id\":\"https:\\\/\\\/www.bellunopress.it\\\/#\\\/schema\\\/person\\\/79bb06722b37ece1c03d3e94beb30d73\",\"name\":\"redazione\",\"image\":{\"@type\":\"ImageObject\",\"inLanguage\":\"fr-FR\",\"@id\":\"https:\\\/\\\/secure.gravatar.com\\\/avatar\\\/37d968a2e67a6fd04c169c4bdef102d0bc5d31b2546345219e348575eb80e9a0?s=96&d=mm&r=g\",\"url\":\"https:\\\/\\\/secure.gravatar.com\\\/avatar\\\/37d968a2e67a6fd04c169c4bdef102d0bc5d31b2546345219e348575eb80e9a0?s=96&d=mm&r=g\",\"contentUrl\":\"https:\\\/\\\/secure.gravatar.com\\\/avatar\\\/37d968a2e67a6fd04c169c4bdef102d0bc5d31b2546345219e348575eb80e9a0?s=96&d=mm&r=g\",\"caption\":\"redazione\"},\"sameAs\":[\"http:\\\/\\\/www.bellunopress.it\",\"https:\\\/\\\/x.com\\\/bellunopress\"],\"url\":\"https:\\\/\\\/www.bellunopress.it\\\/fr\\\/author\\\/redazione\\\/\"}]}<\/script>\n<!-- \/ Yoast SEO plugin. -->","yoast_head_json":{"title":"Jakoo compie un anno di vista. Sabato pomeriggio il brindisi - Bellunopress - Dolomiti","robots":{"index":"index","follow":"follow","max-snippet":"max-snippet:-1","max-image-preview":"max-image-preview:large","max-video-preview":"max-video-preview:-1"},"canonical":"https:\/\/www.bellunopress.it\/fr\/2013\/08\/02\/jakoo-compie-un-anno-di-vista-sabato-pomeriggio-il-brindisi\/","og_locale":"fr_FR","og_type":"article","og_title":"Jakoo compie un anno di vista. Sabato pomeriggio il brindisi - Bellunopress - Dolomiti","og_description":"Jekoo, il negozio di ottica in via Caffi n. 2 a Belluno, festeggia il suo primo anno di vita. In un momento come questo, nel quale il commercio morde il freno ed \u00e8 pi\u00f9 facile vedere serrande che si abbassano piuttosto che tagli di nastri per nuove aperture, l&#8217;evento \u00e8 ancor pi\u00f9 apprezzato e volentieri [&hellip;]","og_url":"https:\/\/www.bellunopress.it\/fr\/2013\/08\/02\/jakoo-compie-un-anno-di-vista-sabato-pomeriggio-il-brindisi\/","og_site_name":"Bellunopress - Dolomiti","article_publisher":"https:\/\/www.facebook.com\/profile.php?id=100008943462799","article_published_time":"2013-08-02T13:35:27+00:00","og_image":[{"url":"http:\/\/www.bellunopress.it\/wp-content\/uploads\/2013\/01\/jekoo.jpg","type":"","width":"","height":""}],"author":"redazione","twitter_card":"summary_large_image","twitter_creator":"@bellunopress","twitter_site":"@bellunopress","twitter_misc":{"\u00c9crit par":"redazione","Dur\u00e9e de lecture estim\u00e9e":"1 minute"},"schema":{"@context":"https:\/\/schema.org","@graph":[{"@type":"Article","@id":"https:\/\/www.bellunopress.it\/2013\/08\/02\/jakoo-compie-un-anno-di-vista-sabato-pomeriggio-il-brindisi\/#article","isPartOf":{"@id":"https:\/\/www.bellunopress.it\/2013\/08\/02\/jakoo-compie-un-anno-di-vista-sabato-pomeriggio-il-brindisi\/"},"author":{"name":"redazione","@id":"https:\/\/www.bellunopress.it\/#\/schema\/person\/79bb06722b37ece1c03d3e94beb30d73"},"headline":"Jakoo compie un anno di vista. Sabato pomeriggio il brindisi","datePublished":"2013-08-02T13:35:27+00:00","mainEntityOfPage":{"@id":"https:\/\/www.bellunopress.it\/2013\/08\/02\/jakoo-compie-un-anno-di-vista-sabato-pomeriggio-il-brindisi\/"},"wordCount":125,"publisher":{"@id":"https:\/\/www.bellunopress.it\/#organization"},"image":{"@id":"https:\/\/www.bellunopress.it\/2013\/08\/02\/jakoo-compie-un-anno-di-vista-sabato-pomeriggio-il-brindisi\/#primaryimage"},"thumbnailUrl":"http:\/\/www.bellunopress.it\/wp-content\/uploads\/2013\/01\/jekoo.jpg","articleSection":["Appuntamenti, Eventi","Pausa Caff\u00e8","Pubbliredazionali"],"inLanguage":"fr-FR"},{"@type":"WebPage","@id":"https:\/\/www.bellunopress.it\/2013\/08\/02\/jakoo-compie-un-anno-di-vista-sabato-pomeriggio-il-brindisi\/","url":"https:\/\/www.bellunopress.it\/2013\/08\/02\/jakoo-compie-un-anno-di-vista-sabato-pomeriggio-il-brindisi\/","name":"Jakoo compie un anno di vista. Sabato pomeriggio il brindisi - Bellunopress - Dolomiti","isPartOf":{"@id":"https:\/\/www.bellunopress.it\/#website"},"primaryImageOfPage":{"@id":"https:\/\/www.bellunopress.it\/2013\/08\/02\/jakoo-compie-un-anno-di-vista-sabato-pomeriggio-il-brindisi\/#primaryimage"},"image":{"@id":"https:\/\/www.bellunopress.it\/2013\/08\/02\/jakoo-compie-un-anno-di-vista-sabato-pomeriggio-il-brindisi\/#primaryimage"},"thumbnailUrl":"http:\/\/www.bellunopress.it\/wp-content\/uploads\/2013\/01\/jekoo.jpg","datePublished":"2013-08-02T13:35:27+00:00","breadcrumb":{"@id":"https:\/\/www.bellunopress.it\/2013\/08\/02\/jakoo-compie-un-anno-di-vista-sabato-pomeriggio-il-brindisi\/#breadcrumb"},"inLanguage":"fr-FR","potentialAction":[{"@type":"ReadAction","target":["https:\/\/www.bellunopress.it\/2013\/08\/02\/jakoo-compie-un-anno-di-vista-sabato-pomeriggio-il-brindisi\/"]}]},{"@type":"ImageObject","inLanguage":"fr-FR","@id":"https:\/\/www.bellunopress.it\/2013\/08\/02\/jakoo-compie-un-anno-di-vista-sabato-pomeriggio-il-brindisi\/#primaryimage","url":"http:\/\/www.bellunopress.it\/wp-content\/uploads\/2013\/01\/jekoo.jpg","contentUrl":"http:\/\/www.bellunopress.it\/wp-content\/uploads\/2013\/01\/jekoo.jpg"},{"@type":"BreadcrumbList","@id":"https:\/\/www.bellunopress.it\/2013\/08\/02\/jakoo-compie-un-anno-di-vista-sabato-pomeriggio-il-brindisi\/#breadcrumb","itemListElement":[{"@type":"ListItem","position":1,"name":"Home","item":"https:\/\/www.bellunopress.it\/"},{"@type":"ListItem","position":2,"name":"Jakoo compie un anno di vista. Sabato pomeriggio il brindisi"}]},{"@type":"WebSite","@id":"https:\/\/www.bellunopress.it\/#website","url":"https:\/\/www.bellunopress.it\/","name":"Bellunopress - Dolomiti","description":"e-mail: redazione@bellunopress.it","publisher":{"@id":"https:\/\/www.bellunopress.it\/#organization"},"potentialAction":[{"@type":"SearchAction","target":{"@type":"EntryPoint","urlTemplate":"https:\/\/www.bellunopress.it\/?s={search_term_string}"},"query-input":{"@type":"PropertyValueSpecification","valueRequired":true,"valueName":"search_term_string"}}],"inLanguage":"fr-FR"},{"@type":"Organization","@id":"https:\/\/www.bellunopress.it\/#organization","name":"Bellunopress","url":"https:\/\/www.bellunopress.it\/","logo":{"@type":"ImageObject","inLanguage":"fr-FR","@id":"https:\/\/www.bellunopress.it\/#\/schema\/logo\/image\/","url":"https:\/\/www.bellunopress.it\/wp-content\/uploads\/2011\/05\/cropped-logo-bellunopress-.jpg","contentUrl":"https:\/\/www.bellunopress.it\/wp-content\/uploads\/2011\/05\/cropped-logo-bellunopress-.jpg","width":512,"height":512,"caption":"Bellunopress"},"image":{"@id":"https:\/\/www.bellunopress.it\/#\/schema\/logo\/image\/"},"sameAs":["https:\/\/www.facebook.com\/profile.php?id=100008943462799","https:\/\/x.com\/bellunopress","https:\/\/www.linkedin.com\/hp\/?dnr=JBzUWaJfMUw8vbXJJ2tVW5-I3jZKvC4wsoxE&amp;amp;amp;amp;amp;amp;trk=nav_responsive_tab_home","https:\/\/www.youtube.com\/channel\/UCxL0wu1uN0_3_7hGG0306cw"]},{"@type":"Person","@id":"https:\/\/www.bellunopress.it\/#\/schema\/person\/79bb06722b37ece1c03d3e94beb30d73","name":"r\u00e9daction","image":{"@type":"ImageObject","inLanguage":"fr-FR","@id":"https:\/\/secure.gravatar.com\/avatar\/37d968a2e67a6fd04c169c4bdef102d0bc5d31b2546345219e348575eb80e9a0?s=96&d=mm&r=g","url":"https:\/\/secure.gravatar.com\/avatar\/37d968a2e67a6fd04c169c4bdef102d0bc5d31b2546345219e348575eb80e9a0?s=96&d=mm&r=g","contentUrl":"https:\/\/secure.gravatar.com\/avatar\/37d968a2e67a6fd04c169c4bdef102d0bc5d31b2546345219e348575eb80e9a0?s=96&d=mm&r=g","caption":"redazione"},"sameAs":["http:\/\/www.bellunopress.it","https:\/\/x.com\/bellunopress"],"url":"https:\/\/www.bellunopress.it\/fr\/author\/redazione\/"}]}},"_links":{"self":[{"href":"https:\/\/www.bellunopress.it\/fr\/wp-json\/wp\/v2\/posts\/51415","targetHints":{"allow":["GET"]}}],"collection":[{"href":"https:\/\/www.bellunopress.it\/fr\/wp-json\/wp\/v2\/posts"}],"about":[{"href":"https:\/\/www.bellunopress.it\/fr\/wp-json\/wp\/v2\/types\/post"}],"author":[{"embeddable":true,"href":"https:\/\/www.bellunopress.it\/fr\/wp-json\/wp\/v2\/users\/2"}],"replies":[{"embeddable":true,"href":"https:\/\/www.bellunopress.it\/fr\/wp-json\/wp\/v2\/comments?post=51415"}],"version-history":[{"count":1,"href":"https:\/\/www.bellunopress.it\/fr\/wp-json\/wp\/v2\/posts\/51415\/revisions"}],"predecessor-version":[{"id":51416,"href":"https:\/\/www.bellunopress.it\/fr\/wp-json\/wp\/v2\/posts\/51415\/revisions\/51416"}],"wp:attachment":[{"href":"https:\/\/www.bellunopress.it\/fr\/wp-json\/wp\/v2\/media?parent=51415"}],"wp:term":[{"taxonomy":"category","embeddable":true,"href":"https:\/\/www.bellunopress.it\/fr\/wp-json\/wp\/v2\/categories?post=51415"},{"taxonomy":"post_tag","embeddable":true,"href":"https:\/\/www.bellunopress.it\/fr\/wp-json\/wp\/v2\/tags?post=51415"}],"curies":[{"name":"wp","href":"https:\/\/api.w.org\/{rel}","templated":true}]}}