{"id":51413,"date":"2013-08-01T14:07:25","date_gmt":"2013-08-01T13:07:25","guid":{"rendered":"http:\/\/www.bellunopress.it\/?p=51413"},"modified":"2013-08-02T22:59:15","modified_gmt":"2013-08-02T21:59:15","slug":"sfilata-di-moda-venerdi-sera-in-piazza-dei-martiri-a-belluno","status":"publish","type":"post","link":"https:\/\/www.bellunopress.it\/fr\/2013\/08\/01\/sfilata-di-moda-venerdi-sera-in-piazza-dei-martiri-a-belluno\/","title":{"rendered":"Sfilata di moda venerd\u00ec sera in piazza dei Martiri a Belluno"},"content":{"rendered":"<p><span style=\"font-size: 13px; line-height: 19px;\">Passerella in piazza dei Martiri venerd\u00ec 2 agosto, alle ore 21.00, per la sfilata \u201cQuando il mestiere diventa arte\u201d.<\/span><\/p>\n<p>Gli studenti di Enaip del terzo anno del corso per \u201coperatore del benessere, indirizzo acconciatore\u201d sono al lavoro da mesi per studiare nei minimi particolari le acconciature, il trucco e i vestiti che dovranno essere la rappresentazione di \u201cmestieri\u201d legati al mondo dell\u2019artigianato, dal panettiere all\u2019orafo, dal falegname all\u2019elettricista. Per questo, oltre all\u2019ispirazione, dai mondi dei diversi mestieri sono presi anche i materiali utilizzati dai ragazzi nelle loro realizzazioni.<\/p>\n<p>Una vera e propria sfida per i giovani allievi, chiamati a dimostrare le abilit\u00e0 e a mettere in pratica le competenze acquisite nel percorso formativo intrapreso; impegnati non solo nello studio di make up e pettinature scenografici, ma anche nell\u2019ideazione e nella confezione di abiti: e i risultati \u2013 garantiscono \u2013 non avranno nulla da invidiare alle migliori passerelle di moda!<\/p>\n<p>A fianco di Enaip alcune imprese artigiane locali, a partire dai parrucchieri Barbara Slongo, Gasperini Susanna, Rocco Simone, che, oltre a supportare i ragazzi per questo evento, collaborano regolarmente con l\u2019ente di formazione, ospitando nelle loro attivit\u00e0 stage e tirocini, fino ad atelier e stilisti come Silvia Zanella, Giada Bassani, Frida Saviane, Maison Sorelle Fontana Granda, Dolomia Style, Daniel Zabot, Matex Piave.<\/p>\n<p>Durante la serata, sono previsti momenti musicali ed esibizioni di break dance.<\/p>","protected":false},"excerpt":{"rendered":"<p>Passerella in piazza dei Martiri venerd\u00ec 2 agosto, alle ore 21.00, per la sfilata \u201cQuando il mestiere diventa arte\u201d. Gli studenti di Enaip del terzo anno del corso per \u201coperatore del benessere, indirizzo acconciatore\u201d sono al lavoro da mesi per studiare nei minimi particolari le acconciature, il trucco e i vestiti che dovranno essere la [&hellip;]<\/p>\n","protected":false},"author":2,"featured_media":0,"comment_status":"closed","ping_status":"open","sticky":false,"template":"","format":"standard","meta":{"footnotes":""},"categories":[27,3,25],"tags":[],"class_list":["post-51413","post","type-post","status-publish","format-standard","category-appuntamenti","category-arte-cultura-spettacoli-scienza-archivi","category-pausa-caffe"],"yoast_head":"<!-- This site is optimized with the Yoast SEO plugin v28.4 - https:\/\/yoast.com\/product\/yoast-seo-wordpress\/ -->\n<title>Sfilata di moda venerd\u00ec sera in piazza dei Martiri a Belluno - Bellunopress - Dolomiti<\/title>\n<meta name=\"robots\" content=\"index, follow, max-snippet:-1, max-image-preview:large, max-video-preview:-1\" \/>\n<link rel=\"canonical\" href=\"https:\/\/www.bellunopress.it\/fr\/2013\/08\/01\/sfilata-di-moda-venerdi-sera-in-piazza-dei-martiri-a-belluno\/\" \/>\n<meta property=\"og:locale\" content=\"fr_FR\" \/>\n<meta property=\"og:type\" content=\"article\" \/>\n<meta property=\"og:title\" content=\"Sfilata di moda venerd\u00ec sera in piazza dei Martiri a Belluno - Bellunopress - Dolomiti\" \/>\n<meta property=\"og:description\" content=\"Passerella in piazza dei Martiri venerd\u00ec 2 agosto, alle ore 21.00, per la sfilata \u201cQuando il mestiere diventa arte\u201d. Gli studenti di Enaip del terzo anno del corso per \u201coperatore del benessere, indirizzo acconciatore\u201d sono al lavoro da mesi per studiare nei minimi particolari le acconciature, il trucco e i vestiti che dovranno essere la [&hellip;]\" \/>\n<meta property=\"og:url\" content=\"https:\/\/www.bellunopress.it\/fr\/2013\/08\/01\/sfilata-di-moda-venerdi-sera-in-piazza-dei-martiri-a-belluno\/\" \/>\n<meta property=\"og:site_name\" content=\"Bellunopress - Dolomiti\" \/>\n<meta property=\"article:publisher\" content=\"https:\/\/www.facebook.com\/profile.php?id=100008943462799\" \/>\n<meta property=\"article:published_time\" content=\"2013-08-01T13:07:25+00:00\" \/>\n<meta property=\"article:modified_time\" content=\"2013-08-02T21:59:15+00:00\" \/>\n<meta property=\"og:image\" content=\"http:\/\/www.bellunopress.it\/wp-content\/uploads\/2012\/07\/logo-bellunopress-250x250-2012.jpg\" \/>\n<meta name=\"author\" content=\"redazione\" \/>\n<meta name=\"twitter:card\" content=\"summary_large_image\" \/>\n<meta name=\"twitter:creator\" content=\"@bellunopress\" \/>\n<meta name=\"twitter:site\" content=\"@bellunopress\" \/>\n<meta name=\"twitter:label1\" content=\"\u00c9crit par\" \/>\n\t<meta name=\"twitter:data1\" content=\"redazione\" \/>\n\t<meta name=\"twitter:label2\" content=\"Dur\u00e9e de lecture estim\u00e9e\" \/>\n\t<meta name=\"twitter:data2\" content=\"1 minute\" \/>\n<script type=\"application\/ld+json\" class=\"yoast-schema-graph\">{\"@context\":\"https:\\\/\\\/schema.org\",\"@graph\":[{\"@type\":\"Article\",\"@id\":\"https:\\\/\\\/www.bellunopress.it\\\/2013\\\/08\\\/01\\\/sfilata-di-moda-venerdi-sera-in-piazza-dei-martiri-a-belluno\\\/#article\",\"isPartOf\":{\"@id\":\"https:\\\/\\\/www.bellunopress.it\\\/2013\\\/08\\\/01\\\/sfilata-di-moda-venerdi-sera-in-piazza-dei-martiri-a-belluno\\\/\"},\"author\":{\"name\":\"redazione\",\"@id\":\"https:\\\/\\\/www.bellunopress.it\\\/#\\\/schema\\\/person\\\/79bb06722b37ece1c03d3e94beb30d73\"},\"headline\":\"Sfilata di moda venerd\u00ec sera in piazza dei Martiri a Belluno\",\"datePublished\":\"2013-08-01T13:07:25+00:00\",\"dateModified\":\"2013-08-02T21:59:15+00:00\",\"mainEntityOfPage\":{\"@id\":\"https:\\\/\\\/www.bellunopress.it\\\/2013\\\/08\\\/01\\\/sfilata-di-moda-venerdi-sera-in-piazza-dei-martiri-a-belluno\\\/\"},\"wordCount\":236,\"publisher\":{\"@id\":\"https:\\\/\\\/www.bellunopress.it\\\/#organization\"},\"articleSection\":[\"Appuntamenti, Eventi\",\"Arte, Cultura, Spettacoli, Scienza\",\"Pausa Caff\u00e8\"],\"inLanguage\":\"fr-FR\"},{\"@type\":\"WebPage\",\"@id\":\"https:\\\/\\\/www.bellunopress.it\\\/2013\\\/08\\\/01\\\/sfilata-di-moda-venerdi-sera-in-piazza-dei-martiri-a-belluno\\\/\",\"url\":\"https:\\\/\\\/www.bellunopress.it\\\/2013\\\/08\\\/01\\\/sfilata-di-moda-venerdi-sera-in-piazza-dei-martiri-a-belluno\\\/\",\"name\":\"Sfilata di moda venerd\u00ec sera in piazza dei Martiri a Belluno - Bellunopress - Dolomiti\",\"isPartOf\":{\"@id\":\"https:\\\/\\\/www.bellunopress.it\\\/#website\"},\"datePublished\":\"2013-08-01T13:07:25+00:00\",\"dateModified\":\"2013-08-02T21:59:15+00:00\",\"breadcrumb\":{\"@id\":\"https:\\\/\\\/www.bellunopress.it\\\/2013\\\/08\\\/01\\\/sfilata-di-moda-venerdi-sera-in-piazza-dei-martiri-a-belluno\\\/#breadcrumb\"},\"inLanguage\":\"fr-FR\",\"potentialAction\":[{\"@type\":\"ReadAction\",\"target\":[\"https:\\\/\\\/www.bellunopress.it\\\/2013\\\/08\\\/01\\\/sfilata-di-moda-venerdi-sera-in-piazza-dei-martiri-a-belluno\\\/\"]}]},{\"@type\":\"BreadcrumbList\",\"@id\":\"https:\\\/\\\/www.bellunopress.it\\\/2013\\\/08\\\/01\\\/sfilata-di-moda-venerdi-sera-in-piazza-dei-martiri-a-belluno\\\/#breadcrumb\",\"itemListElement\":[{\"@type\":\"ListItem\",\"position\":1,\"name\":\"Home\",\"item\":\"https:\\\/\\\/www.bellunopress.it\\\/\"},{\"@type\":\"ListItem\",\"position\":2,\"name\":\"Sfilata di moda venerd\u00ec sera in piazza dei Martiri a Belluno\"}]},{\"@type\":\"WebSite\",\"@id\":\"https:\\\/\\\/www.bellunopress.it\\\/#website\",\"url\":\"https:\\\/\\\/www.bellunopress.it\\\/\",\"name\":\"Bellunopress - Dolomiti\",\"description\":\"e-mail: redazione@bellunopress.it\",\"publisher\":{\"@id\":\"https:\\\/\\\/www.bellunopress.it\\\/#organization\"},\"potentialAction\":[{\"@type\":\"SearchAction\",\"target\":{\"@type\":\"EntryPoint\",\"urlTemplate\":\"https:\\\/\\\/www.bellunopress.it\\\/?s={search_term_string}\"},\"query-input\":{\"@type\":\"PropertyValueSpecification\",\"valueRequired\":true,\"valueName\":\"search_term_string\"}}],\"inLanguage\":\"fr-FR\"},{\"@type\":\"Organization\",\"@id\":\"https:\\\/\\\/www.bellunopress.it\\\/#organization\",\"name\":\"Bellunopress\",\"url\":\"https:\\\/\\\/www.bellunopress.it\\\/\",\"logo\":{\"@type\":\"ImageObject\",\"inLanguage\":\"fr-FR\",\"@id\":\"https:\\\/\\\/www.bellunopress.it\\\/#\\\/schema\\\/logo\\\/image\\\/\",\"url\":\"https:\\\/\\\/www.bellunopress.it\\\/wp-content\\\/uploads\\\/2011\\\/05\\\/cropped-logo-bellunopress-.jpg\",\"contentUrl\":\"https:\\\/\\\/www.bellunopress.it\\\/wp-content\\\/uploads\\\/2011\\\/05\\\/cropped-logo-bellunopress-.jpg\",\"width\":512,\"height\":512,\"caption\":\"Bellunopress\"},\"image\":{\"@id\":\"https:\\\/\\\/www.bellunopress.it\\\/#\\\/schema\\\/logo\\\/image\\\/\"},\"sameAs\":[\"https:\\\/\\\/www.facebook.com\\\/profile.php?id=100008943462799\",\"https:\\\/\\\/x.com\\\/bellunopress\",\"https:\\\/\\\/www.linkedin.com\\\/hp\\\/?dnr=JBzUWaJfMUw8vbXJJ2tVW5-I3jZKvC4wsoxE&amp;amp;amp;amp;amp;amp;trk=nav_responsive_tab_home\",\"https:\\\/\\\/www.youtube.com\\\/channel\\\/UCxL0wu1uN0_3_7hGG0306cw\"]},{\"@type\":\"Person\",\"@id\":\"https:\\\/\\\/www.bellunopress.it\\\/#\\\/schema\\\/person\\\/79bb06722b37ece1c03d3e94beb30d73\",\"name\":\"redazione\",\"image\":{\"@type\":\"ImageObject\",\"inLanguage\":\"fr-FR\",\"@id\":\"https:\\\/\\\/secure.gravatar.com\\\/avatar\\\/37d968a2e67a6fd04c169c4bdef102d0bc5d31b2546345219e348575eb80e9a0?s=96&d=mm&r=g\",\"url\":\"https:\\\/\\\/secure.gravatar.com\\\/avatar\\\/37d968a2e67a6fd04c169c4bdef102d0bc5d31b2546345219e348575eb80e9a0?s=96&d=mm&r=g\",\"contentUrl\":\"https:\\\/\\\/secure.gravatar.com\\\/avatar\\\/37d968a2e67a6fd04c169c4bdef102d0bc5d31b2546345219e348575eb80e9a0?s=96&d=mm&r=g\",\"caption\":\"redazione\"},\"sameAs\":[\"http:\\\/\\\/www.bellunopress.it\",\"https:\\\/\\\/x.com\\\/bellunopress\"],\"url\":\"https:\\\/\\\/www.bellunopress.it\\\/fr\\\/author\\\/redazione\\\/\"}]}<\/script>\n<!-- \/ Yoast SEO plugin. -->","yoast_head_json":{"title":"Sfilata di moda venerd\u00ec sera in piazza dei Martiri a Belluno - Bellunopress - Dolomiti","robots":{"index":"index","follow":"follow","max-snippet":"max-snippet:-1","max-image-preview":"max-image-preview:large","max-video-preview":"max-video-preview:-1"},"canonical":"https:\/\/www.bellunopress.it\/fr\/2013\/08\/01\/sfilata-di-moda-venerdi-sera-in-piazza-dei-martiri-a-belluno\/","og_locale":"fr_FR","og_type":"article","og_title":"Sfilata di moda venerd\u00ec sera in piazza dei Martiri a Belluno - Bellunopress - Dolomiti","og_description":"Passerella in piazza dei Martiri venerd\u00ec 2 agosto, alle ore 21.00, per la sfilata \u201cQuando il mestiere diventa arte\u201d. Gli studenti di Enaip del terzo anno del corso per \u201coperatore del benessere, indirizzo acconciatore\u201d sono al lavoro da mesi per studiare nei minimi particolari le acconciature, il trucco e i vestiti che dovranno essere la [&hellip;]","og_url":"https:\/\/www.bellunopress.it\/fr\/2013\/08\/01\/sfilata-di-moda-venerdi-sera-in-piazza-dei-martiri-a-belluno\/","og_site_name":"Bellunopress - Dolomiti","article_publisher":"https:\/\/www.facebook.com\/profile.php?id=100008943462799","article_published_time":"2013-08-01T13:07:25+00:00","article_modified_time":"2013-08-02T21:59:15+00:00","og_image":[{"url":"http:\/\/www.bellunopress.it\/wp-content\/uploads\/2012\/07\/logo-bellunopress-250x250-2012.jpg","type":"","width":"","height":""}],"author":"redazione","twitter_card":"summary_large_image","twitter_creator":"@bellunopress","twitter_site":"@bellunopress","twitter_misc":{"\u00c9crit par":"redazione","Dur\u00e9e de lecture estim\u00e9e":"1 minute"},"schema":{"@context":"https:\/\/schema.org","@graph":[{"@type":"Article","@id":"https:\/\/www.bellunopress.it\/2013\/08\/01\/sfilata-di-moda-venerdi-sera-in-piazza-dei-martiri-a-belluno\/#article","isPartOf":{"@id":"https:\/\/www.bellunopress.it\/2013\/08\/01\/sfilata-di-moda-venerdi-sera-in-piazza-dei-martiri-a-belluno\/"},"author":{"name":"redazione","@id":"https:\/\/www.bellunopress.it\/#\/schema\/person\/79bb06722b37ece1c03d3e94beb30d73"},"headline":"Sfilata di moda venerd\u00ec sera in piazza dei Martiri a Belluno","datePublished":"2013-08-01T13:07:25+00:00","dateModified":"2013-08-02T21:59:15+00:00","mainEntityOfPage":{"@id":"https:\/\/www.bellunopress.it\/2013\/08\/01\/sfilata-di-moda-venerdi-sera-in-piazza-dei-martiri-a-belluno\/"},"wordCount":236,"publisher":{"@id":"https:\/\/www.bellunopress.it\/#organization"},"articleSection":["Appuntamenti, Eventi","Arte, Cultura, Spettacoli, Scienza","Pausa Caff\u00e8"],"inLanguage":"fr-FR"},{"@type":"WebPage","@id":"https:\/\/www.bellunopress.it\/2013\/08\/01\/sfilata-di-moda-venerdi-sera-in-piazza-dei-martiri-a-belluno\/","url":"https:\/\/www.bellunopress.it\/2013\/08\/01\/sfilata-di-moda-venerdi-sera-in-piazza-dei-martiri-a-belluno\/","name":"Sfilata di moda venerd\u00ec sera in piazza dei Martiri a Belluno - Bellunopress - Dolomiti","isPartOf":{"@id":"https:\/\/www.bellunopress.it\/#website"},"datePublished":"2013-08-01T13:07:25+00:00","dateModified":"2013-08-02T21:59:15+00:00","breadcrumb":{"@id":"https:\/\/www.bellunopress.it\/2013\/08\/01\/sfilata-di-moda-venerdi-sera-in-piazza-dei-martiri-a-belluno\/#breadcrumb"},"inLanguage":"fr-FR","potentialAction":[{"@type":"ReadAction","target":["https:\/\/www.bellunopress.it\/2013\/08\/01\/sfilata-di-moda-venerdi-sera-in-piazza-dei-martiri-a-belluno\/"]}]},{"@type":"BreadcrumbList","@id":"https:\/\/www.bellunopress.it\/2013\/08\/01\/sfilata-di-moda-venerdi-sera-in-piazza-dei-martiri-a-belluno\/#breadcrumb","itemListElement":[{"@type":"ListItem","position":1,"name":"Home","item":"https:\/\/www.bellunopress.it\/"},{"@type":"ListItem","position":2,"name":"Sfilata di moda venerd\u00ec sera in piazza dei Martiri a Belluno"}]},{"@type":"WebSite","@id":"https:\/\/www.bellunopress.it\/#website","url":"https:\/\/www.bellunopress.it\/","name":"Bellunopress - Dolomiti","description":"e-mail: redazione@bellunopress.it","publisher":{"@id":"https:\/\/www.bellunopress.it\/#organization"},"potentialAction":[{"@type":"SearchAction","target":{"@type":"EntryPoint","urlTemplate":"https:\/\/www.bellunopress.it\/?s={search_term_string}"},"query-input":{"@type":"PropertyValueSpecification","valueRequired":true,"valueName":"search_term_string"}}],"inLanguage":"fr-FR"},{"@type":"Organization","@id":"https:\/\/www.bellunopress.it\/#organization","name":"Bellunopress","url":"https:\/\/www.bellunopress.it\/","logo":{"@type":"ImageObject","inLanguage":"fr-FR","@id":"https:\/\/www.bellunopress.it\/#\/schema\/logo\/image\/","url":"https:\/\/www.bellunopress.it\/wp-content\/uploads\/2011\/05\/cropped-logo-bellunopress-.jpg","contentUrl":"https:\/\/www.bellunopress.it\/wp-content\/uploads\/2011\/05\/cropped-logo-bellunopress-.jpg","width":512,"height":512,"caption":"Bellunopress"},"image":{"@id":"https:\/\/www.bellunopress.it\/#\/schema\/logo\/image\/"},"sameAs":["https:\/\/www.facebook.com\/profile.php?id=100008943462799","https:\/\/x.com\/bellunopress","https:\/\/www.linkedin.com\/hp\/?dnr=JBzUWaJfMUw8vbXJJ2tVW5-I3jZKvC4wsoxE&amp;amp;amp;amp;amp;amp;trk=nav_responsive_tab_home","https:\/\/www.youtube.com\/channel\/UCxL0wu1uN0_3_7hGG0306cw"]},{"@type":"Person","@id":"https:\/\/www.bellunopress.it\/#\/schema\/person\/79bb06722b37ece1c03d3e94beb30d73","name":"r\u00e9daction","image":{"@type":"ImageObject","inLanguage":"fr-FR","@id":"https:\/\/secure.gravatar.com\/avatar\/37d968a2e67a6fd04c169c4bdef102d0bc5d31b2546345219e348575eb80e9a0?s=96&d=mm&r=g","url":"https:\/\/secure.gravatar.com\/avatar\/37d968a2e67a6fd04c169c4bdef102d0bc5d31b2546345219e348575eb80e9a0?s=96&d=mm&r=g","contentUrl":"https:\/\/secure.gravatar.com\/avatar\/37d968a2e67a6fd04c169c4bdef102d0bc5d31b2546345219e348575eb80e9a0?s=96&d=mm&r=g","caption":"redazione"},"sameAs":["http:\/\/www.bellunopress.it","https:\/\/x.com\/bellunopress"],"url":"https:\/\/www.bellunopress.it\/fr\/author\/redazione\/"}]}},"_links":{"self":[{"href":"https:\/\/www.bellunopress.it\/fr\/wp-json\/wp\/v2\/posts\/51413","targetHints":{"allow":["GET"]}}],"collection":[{"href":"https:\/\/www.bellunopress.it\/fr\/wp-json\/wp\/v2\/posts"}],"about":[{"href":"https:\/\/www.bellunopress.it\/fr\/wp-json\/wp\/v2\/types\/post"}],"author":[{"embeddable":true,"href":"https:\/\/www.bellunopress.it\/fr\/wp-json\/wp\/v2\/users\/2"}],"replies":[{"embeddable":true,"href":"https:\/\/www.bellunopress.it\/fr\/wp-json\/wp\/v2\/comments?post=51413"}],"version-history":[{"count":1,"href":"https:\/\/www.bellunopress.it\/fr\/wp-json\/wp\/v2\/posts\/51413\/revisions"}],"predecessor-version":[{"id":51414,"href":"https:\/\/www.bellunopress.it\/fr\/wp-json\/wp\/v2\/posts\/51413\/revisions\/51414"}],"wp:attachment":[{"href":"https:\/\/www.bellunopress.it\/fr\/wp-json\/wp\/v2\/media?parent=51413"}],"wp:term":[{"taxonomy":"category","embeddable":true,"href":"https:\/\/www.bellunopress.it\/fr\/wp-json\/wp\/v2\/categories?post=51413"},{"taxonomy":"post_tag","embeddable":true,"href":"https:\/\/www.bellunopress.it\/fr\/wp-json\/wp\/v2\/tags?post=51413"}],"curies":[{"name":"wp","href":"https:\/\/api.w.org\/{rel}","templated":true}]}}