{"id":51411,"date":"2013-08-02T13:56:13","date_gmt":"2013-08-02T12:56:13","guid":{"rendered":"http:\/\/www.bellunopress.it\/?p=51411"},"modified":"2013-08-02T13:56:43","modified_gmt":"2013-08-02T12:56:43","slug":"il-saluto-alla-cittadinanza-del-prefetto-maria-laura-simonetti","status":"publish","type":"post","link":"https:\/\/www.bellunopress.it\/fr\/2013\/08\/02\/il-saluto-alla-cittadinanza-del-prefetto-maria-laura-simonetti\/","title":{"rendered":"Il saluto alla cittadinanza del prefetto Maria Laura Simonetti"},"content":{"rendered":"<figure id=\"attachment_22895\" aria-describedby=\"caption-attachment-22895\" style=\"width: 223px\" class=\"wp-caption alignleft\"><a href=\"http:\/\/www.bellunopress.it\/wp-content\/uploads\/2011\/01\/maria-laura-simonetti-prefetto.jpg\"><img loading=\"lazy\" decoding=\"async\" class=\"size-full wp-image-22895\" alt=\"Maria Laura Simonetti, prefetto\" src=\"http:\/\/www.bellunopress.it\/wp-content\/uploads\/2011\/01\/maria-laura-simonetti-prefetto.jpg\" width=\"223\" height=\"274\" \/><\/a><figcaption id=\"caption-attachment-22895\" class=\"wp-caption-text\">Maria Laura Simonetti, prefetto<\/figcaption><\/figure>\n<p><span style=\"font-size: 13px; line-height: 19px;\">Nel momento in cui mi accingo a lasciare l\u2019incarico di Prefetto di Belluno per assumere quello di Prefetto di Prato, desidero rivolgere il mio saluto pi\u00f9 cordiale agli onorevoli parlamentari, alle autorit\u00e0 civili, militari e religiose, agli organi statali, regionali, provinciali e comunali, alle associazioni ed enti, alle organizzazioni sindacali e di categoria, alle forze politiche e sociali, agli organi di informazione ed alla cittadinanza intera.<\/span><\/p>\n<p>A tutti sono grata per l\u2019attenzione, la disponibilit\u00e0, la cordialit\u00e0 personale con cui io e la mia famiglia siamo stati accolti e per lo spirito di collaborazione fattiva riscontrato nei diversi interlocutori in occasione dell\u2019attivit\u00e0 quotidiana nella quale ho sempre cercato non solo di essere garante dei diritti, come il mio ruolo esige, ma anche di rendermi interprete dei bisogni, delle aspirazioni e delle esigenze della comunit\u00e0 provinciale.<\/p>\n<p>L\u2019impegno di questi anni trascorsi a Belluno, condiviso con le istituzioni locali e costantemente volto ad assicurare le migliori condizioni possibili per una forte coesione sociale, \u00e8 stato un\u2019esperienza intensa, altamente positiva e stimolante, sia sotto il profilo umano che professionale, il cui ricordo \u00e8 destinato a durare nel tempo.<\/p>\n<p>In un periodo di grandi mutamenti sociali, politici e istituzionali, che hanno coinvolto direttamente anche questa straordinaria provincia, l\u2019elevatissimo senso civico dei suoi abitanti, l\u2019operosit\u00e0 delle sue istituzioni ed il clima di fiducia che ho sempre avvertito, hanno grandemente agevolato lo svolgimento delle mie funzioni.<\/p>\n<p>Il mio augurio, sentito e fiducioso, \u00e8 che la forte tensione morale e la capacit\u00e0 di operare, con concretezza e intelligenza, per il bene comune, sostengano sempre la provincia di Belluno e i suoi abitanti e possano consentire loro di sviluppare appieno risorse e potenzialit\u00e0 di questo territorio di incomparabile bellezza per un futuro di prosperit\u00e0 e di benessere per tutti.<\/p>\n<p>Maria Laura Simonetti \u00a0*<\/p>\n<p>* prefetto di Belluno<\/p>","protected":false},"excerpt":{"rendered":"<p>Nel momento in cui mi accingo a lasciare l\u2019incarico di Prefetto di Belluno per assumere quello di Prefetto di Prato, desidero rivolgere il mio saluto pi\u00f9 cordiale agli onorevoli parlamentari, alle autorit\u00e0 civili, militari e religiose, agli organi statali, regionali, provinciali e comunali, alle associazioni ed enti, alle organizzazioni sindacali e di categoria, alle forze [&hellip;]<\/p>\n","protected":false},"author":2,"featured_media":0,"comment_status":"closed","ping_status":"open","sticky":false,"template":"","format":"standard","meta":{"footnotes":""},"categories":[1],"tags":[],"class_list":["post-51411","post","type-post","status-publish","format-standard","category-leo"],"yoast_head":"<!-- This site is optimized with the Yoast SEO plugin v28.4 - https:\/\/yoast.com\/product\/yoast-seo-wordpress\/ -->\n<title>Il saluto alla cittadinanza del prefetto Maria Laura Simonetti  - Bellunopress - Dolomiti<\/title>\n<meta name=\"robots\" content=\"index, follow, max-snippet:-1, max-image-preview:large, max-video-preview:-1\" \/>\n<link rel=\"canonical\" href=\"https:\/\/www.bellunopress.it\/fr\/2013\/08\/02\/il-saluto-alla-cittadinanza-del-prefetto-maria-laura-simonetti\/\" \/>\n<meta property=\"og:locale\" content=\"fr_FR\" \/>\n<meta property=\"og:type\" content=\"article\" \/>\n<meta property=\"og:title\" content=\"Il saluto alla cittadinanza del prefetto Maria Laura Simonetti  - Bellunopress - Dolomiti\" \/>\n<meta property=\"og:description\" content=\"Nel momento in cui mi accingo a lasciare l\u2019incarico di Prefetto di Belluno per assumere quello di Prefetto di Prato, desidero rivolgere il mio saluto pi\u00f9 cordiale agli onorevoli parlamentari, alle autorit\u00e0 civili, militari e religiose, agli organi statali, regionali, provinciali e comunali, alle associazioni ed enti, alle organizzazioni sindacali e di categoria, alle forze [&hellip;]\" \/>\n<meta property=\"og:url\" content=\"https:\/\/www.bellunopress.it\/fr\/2013\/08\/02\/il-saluto-alla-cittadinanza-del-prefetto-maria-laura-simonetti\/\" \/>\n<meta property=\"og:site_name\" content=\"Bellunopress - Dolomiti\" \/>\n<meta property=\"article:publisher\" content=\"https:\/\/www.facebook.com\/profile.php?id=100008943462799\" \/>\n<meta property=\"article:published_time\" content=\"2013-08-02T12:56:13+00:00\" \/>\n<meta property=\"article:modified_time\" content=\"2013-08-02T12:56:43+00:00\" \/>\n<meta property=\"og:image\" content=\"http:\/\/www.bellunopress.it\/wp-content\/uploads\/2011\/01\/maria-laura-simonetti-prefetto.jpg\" \/>\n<meta name=\"author\" content=\"redazione\" \/>\n<meta name=\"twitter:card\" content=\"summary_large_image\" \/>\n<meta name=\"twitter:creator\" content=\"@bellunopress\" \/>\n<meta name=\"twitter:site\" content=\"@bellunopress\" \/>\n<meta name=\"twitter:label1\" content=\"\u00c9crit par\" \/>\n\t<meta name=\"twitter:data1\" content=\"redazione\" \/>\n\t<meta name=\"twitter:label2\" content=\"Dur\u00e9e de lecture estim\u00e9e\" \/>\n\t<meta name=\"twitter:data2\" content=\"2 minutes\" \/>\n<script type=\"application\/ld+json\" class=\"yoast-schema-graph\">{\"@context\":\"https:\\\/\\\/schema.org\",\"@graph\":[{\"@type\":\"Article\",\"@id\":\"https:\\\/\\\/www.bellunopress.it\\\/2013\\\/08\\\/02\\\/il-saluto-alla-cittadinanza-del-prefetto-maria-laura-simonetti\\\/#article\",\"isPartOf\":{\"@id\":\"https:\\\/\\\/www.bellunopress.it\\\/2013\\\/08\\\/02\\\/il-saluto-alla-cittadinanza-del-prefetto-maria-laura-simonetti\\\/\"},\"author\":{\"name\":\"redazione\",\"@id\":\"https:\\\/\\\/www.bellunopress.it\\\/#\\\/schema\\\/person\\\/79bb06722b37ece1c03d3e94beb30d73\"},\"headline\":\"Il saluto alla cittadinanza del prefetto Maria Laura Simonetti\",\"datePublished\":\"2013-08-02T12:56:13+00:00\",\"dateModified\":\"2013-08-02T12:56:43+00:00\",\"mainEntityOfPage\":{\"@id\":\"https:\\\/\\\/www.bellunopress.it\\\/2013\\\/08\\\/02\\\/il-saluto-alla-cittadinanza-del-prefetto-maria-laura-simonetti\\\/\"},\"wordCount\":320,\"publisher\":{\"@id\":\"https:\\\/\\\/www.bellunopress.it\\\/#organization\"},\"image\":{\"@id\":\"https:\\\/\\\/www.bellunopress.it\\\/2013\\\/08\\\/02\\\/il-saluto-alla-cittadinanza-del-prefetto-maria-laura-simonetti\\\/#primaryimage\"},\"thumbnailUrl\":\"http:\\\/\\\/www.bellunopress.it\\\/wp-content\\\/uploads\\\/2011\\\/01\\\/maria-laura-simonetti-prefetto.jpg\",\"articleSection\":[\"Lettere Opinioni\"],\"inLanguage\":\"fr-FR\"},{\"@type\":\"WebPage\",\"@id\":\"https:\\\/\\\/www.bellunopress.it\\\/2013\\\/08\\\/02\\\/il-saluto-alla-cittadinanza-del-prefetto-maria-laura-simonetti\\\/\",\"url\":\"https:\\\/\\\/www.bellunopress.it\\\/2013\\\/08\\\/02\\\/il-saluto-alla-cittadinanza-del-prefetto-maria-laura-simonetti\\\/\",\"name\":\"Il saluto alla cittadinanza del prefetto Maria Laura Simonetti - Bellunopress - Dolomiti\",\"isPartOf\":{\"@id\":\"https:\\\/\\\/www.bellunopress.it\\\/#website\"},\"primaryImageOfPage\":{\"@id\":\"https:\\\/\\\/www.bellunopress.it\\\/2013\\\/08\\\/02\\\/il-saluto-alla-cittadinanza-del-prefetto-maria-laura-simonetti\\\/#primaryimage\"},\"image\":{\"@id\":\"https:\\\/\\\/www.bellunopress.it\\\/2013\\\/08\\\/02\\\/il-saluto-alla-cittadinanza-del-prefetto-maria-laura-simonetti\\\/#primaryimage\"},\"thumbnailUrl\":\"http:\\\/\\\/www.bellunopress.it\\\/wp-content\\\/uploads\\\/2011\\\/01\\\/maria-laura-simonetti-prefetto.jpg\",\"datePublished\":\"2013-08-02T12:56:13+00:00\",\"dateModified\":\"2013-08-02T12:56:43+00:00\",\"breadcrumb\":{\"@id\":\"https:\\\/\\\/www.bellunopress.it\\\/2013\\\/08\\\/02\\\/il-saluto-alla-cittadinanza-del-prefetto-maria-laura-simonetti\\\/#breadcrumb\"},\"inLanguage\":\"fr-FR\",\"potentialAction\":[{\"@type\":\"ReadAction\",\"target\":[\"https:\\\/\\\/www.bellunopress.it\\\/2013\\\/08\\\/02\\\/il-saluto-alla-cittadinanza-del-prefetto-maria-laura-simonetti\\\/\"]}]},{\"@type\":\"ImageObject\",\"inLanguage\":\"fr-FR\",\"@id\":\"https:\\\/\\\/www.bellunopress.it\\\/2013\\\/08\\\/02\\\/il-saluto-alla-cittadinanza-del-prefetto-maria-laura-simonetti\\\/#primaryimage\",\"url\":\"http:\\\/\\\/www.bellunopress.it\\\/wp-content\\\/uploads\\\/2011\\\/01\\\/maria-laura-simonetti-prefetto.jpg\",\"contentUrl\":\"http:\\\/\\\/www.bellunopress.it\\\/wp-content\\\/uploads\\\/2011\\\/01\\\/maria-laura-simonetti-prefetto.jpg\"},{\"@type\":\"BreadcrumbList\",\"@id\":\"https:\\\/\\\/www.bellunopress.it\\\/2013\\\/08\\\/02\\\/il-saluto-alla-cittadinanza-del-prefetto-maria-laura-simonetti\\\/#breadcrumb\",\"itemListElement\":[{\"@type\":\"ListItem\",\"position\":1,\"name\":\"Home\",\"item\":\"https:\\\/\\\/www.bellunopress.it\\\/\"},{\"@type\":\"ListItem\",\"position\":2,\"name\":\"Il saluto alla cittadinanza del prefetto Maria Laura Simonetti\"}]},{\"@type\":\"WebSite\",\"@id\":\"https:\\\/\\\/www.bellunopress.it\\\/#website\",\"url\":\"https:\\\/\\\/www.bellunopress.it\\\/\",\"name\":\"Bellunopress - Dolomiti\",\"description\":\"e-mail: redazione@bellunopress.it\",\"publisher\":{\"@id\":\"https:\\\/\\\/www.bellunopress.it\\\/#organization\"},\"potentialAction\":[{\"@type\":\"SearchAction\",\"target\":{\"@type\":\"EntryPoint\",\"urlTemplate\":\"https:\\\/\\\/www.bellunopress.it\\\/?s={search_term_string}\"},\"query-input\":{\"@type\":\"PropertyValueSpecification\",\"valueRequired\":true,\"valueName\":\"search_term_string\"}}],\"inLanguage\":\"fr-FR\"},{\"@type\":\"Organization\",\"@id\":\"https:\\\/\\\/www.bellunopress.it\\\/#organization\",\"name\":\"Bellunopress\",\"url\":\"https:\\\/\\\/www.bellunopress.it\\\/\",\"logo\":{\"@type\":\"ImageObject\",\"inLanguage\":\"fr-FR\",\"@id\":\"https:\\\/\\\/www.bellunopress.it\\\/#\\\/schema\\\/logo\\\/image\\\/\",\"url\":\"https:\\\/\\\/www.bellunopress.it\\\/wp-content\\\/uploads\\\/2011\\\/05\\\/cropped-logo-bellunopress-.jpg\",\"contentUrl\":\"https:\\\/\\\/www.bellunopress.it\\\/wp-content\\\/uploads\\\/2011\\\/05\\\/cropped-logo-bellunopress-.jpg\",\"width\":512,\"height\":512,\"caption\":\"Bellunopress\"},\"image\":{\"@id\":\"https:\\\/\\\/www.bellunopress.it\\\/#\\\/schema\\\/logo\\\/image\\\/\"},\"sameAs\":[\"https:\\\/\\\/www.facebook.com\\\/profile.php?id=100008943462799\",\"https:\\\/\\\/x.com\\\/bellunopress\",\"https:\\\/\\\/www.linkedin.com\\\/hp\\\/?dnr=JBzUWaJfMUw8vbXJJ2tVW5-I3jZKvC4wsoxE&amp;amp;amp;amp;amp;amp;trk=nav_responsive_tab_home\",\"https:\\\/\\\/www.youtube.com\\\/channel\\\/UCxL0wu1uN0_3_7hGG0306cw\"]},{\"@type\":\"Person\",\"@id\":\"https:\\\/\\\/www.bellunopress.it\\\/#\\\/schema\\\/person\\\/79bb06722b37ece1c03d3e94beb30d73\",\"name\":\"redazione\",\"image\":{\"@type\":\"ImageObject\",\"inLanguage\":\"fr-FR\",\"@id\":\"https:\\\/\\\/secure.gravatar.com\\\/avatar\\\/37d968a2e67a6fd04c169c4bdef102d0bc5d31b2546345219e348575eb80e9a0?s=96&d=mm&r=g\",\"url\":\"https:\\\/\\\/secure.gravatar.com\\\/avatar\\\/37d968a2e67a6fd04c169c4bdef102d0bc5d31b2546345219e348575eb80e9a0?s=96&d=mm&r=g\",\"contentUrl\":\"https:\\\/\\\/secure.gravatar.com\\\/avatar\\\/37d968a2e67a6fd04c169c4bdef102d0bc5d31b2546345219e348575eb80e9a0?s=96&d=mm&r=g\",\"caption\":\"redazione\"},\"sameAs\":[\"http:\\\/\\\/www.bellunopress.it\",\"https:\\\/\\\/x.com\\\/bellunopress\"],\"url\":\"https:\\\/\\\/www.bellunopress.it\\\/fr\\\/author\\\/redazione\\\/\"}]}<\/script>\n<!-- \/ Yoast SEO plugin. -->","yoast_head_json":{"title":"Il saluto alla cittadinanza del prefetto Maria Laura Simonetti  - Bellunopress - Dolomiti","robots":{"index":"index","follow":"follow","max-snippet":"max-snippet:-1","max-image-preview":"max-image-preview:large","max-video-preview":"max-video-preview:-1"},"canonical":"https:\/\/www.bellunopress.it\/fr\/2013\/08\/02\/il-saluto-alla-cittadinanza-del-prefetto-maria-laura-simonetti\/","og_locale":"fr_FR","og_type":"article","og_title":"Il saluto alla cittadinanza del prefetto Maria Laura Simonetti  - Bellunopress - Dolomiti","og_description":"Nel momento in cui mi accingo a lasciare l\u2019incarico di Prefetto di Belluno per assumere quello di Prefetto di Prato, desidero rivolgere il mio saluto pi\u00f9 cordiale agli onorevoli parlamentari, alle autorit\u00e0 civili, militari e religiose, agli organi statali, regionali, provinciali e comunali, alle associazioni ed enti, alle organizzazioni sindacali e di categoria, alle forze [&hellip;]","og_url":"https:\/\/www.bellunopress.it\/fr\/2013\/08\/02\/il-saluto-alla-cittadinanza-del-prefetto-maria-laura-simonetti\/","og_site_name":"Bellunopress - Dolomiti","article_publisher":"https:\/\/www.facebook.com\/profile.php?id=100008943462799","article_published_time":"2013-08-02T12:56:13+00:00","article_modified_time":"2013-08-02T12:56:43+00:00","og_image":[{"url":"http:\/\/www.bellunopress.it\/wp-content\/uploads\/2011\/01\/maria-laura-simonetti-prefetto.jpg","type":"","width":"","height":""}],"author":"redazione","twitter_card":"summary_large_image","twitter_creator":"@bellunopress","twitter_site":"@bellunopress","twitter_misc":{"\u00c9crit par":"redazione","Dur\u00e9e de lecture estim\u00e9e":"2 minutes"},"schema":{"@context":"https:\/\/schema.org","@graph":[{"@type":"Article","@id":"https:\/\/www.bellunopress.it\/2013\/08\/02\/il-saluto-alla-cittadinanza-del-prefetto-maria-laura-simonetti\/#article","isPartOf":{"@id":"https:\/\/www.bellunopress.it\/2013\/08\/02\/il-saluto-alla-cittadinanza-del-prefetto-maria-laura-simonetti\/"},"author":{"name":"redazione","@id":"https:\/\/www.bellunopress.it\/#\/schema\/person\/79bb06722b37ece1c03d3e94beb30d73"},"headline":"Il saluto alla cittadinanza del prefetto Maria Laura Simonetti","datePublished":"2013-08-02T12:56:13+00:00","dateModified":"2013-08-02T12:56:43+00:00","mainEntityOfPage":{"@id":"https:\/\/www.bellunopress.it\/2013\/08\/02\/il-saluto-alla-cittadinanza-del-prefetto-maria-laura-simonetti\/"},"wordCount":320,"publisher":{"@id":"https:\/\/www.bellunopress.it\/#organization"},"image":{"@id":"https:\/\/www.bellunopress.it\/2013\/08\/02\/il-saluto-alla-cittadinanza-del-prefetto-maria-laura-simonetti\/#primaryimage"},"thumbnailUrl":"http:\/\/www.bellunopress.it\/wp-content\/uploads\/2011\/01\/maria-laura-simonetti-prefetto.jpg","articleSection":["Lettere Opinioni"],"inLanguage":"fr-FR"},{"@type":"WebPage","@id":"https:\/\/www.bellunopress.it\/2013\/08\/02\/il-saluto-alla-cittadinanza-del-prefetto-maria-laura-simonetti\/","url":"https:\/\/www.bellunopress.it\/2013\/08\/02\/il-saluto-alla-cittadinanza-del-prefetto-maria-laura-simonetti\/","name":"Il saluto alla cittadinanza del prefetto Maria Laura Simonetti - Bellunopress - Dolomiti","isPartOf":{"@id":"https:\/\/www.bellunopress.it\/#website"},"primaryImageOfPage":{"@id":"https:\/\/www.bellunopress.it\/2013\/08\/02\/il-saluto-alla-cittadinanza-del-prefetto-maria-laura-simonetti\/#primaryimage"},"image":{"@id":"https:\/\/www.bellunopress.it\/2013\/08\/02\/il-saluto-alla-cittadinanza-del-prefetto-maria-laura-simonetti\/#primaryimage"},"thumbnailUrl":"http:\/\/www.bellunopress.it\/wp-content\/uploads\/2011\/01\/maria-laura-simonetti-prefetto.jpg","datePublished":"2013-08-02T12:56:13+00:00","dateModified":"2013-08-02T12:56:43+00:00","breadcrumb":{"@id":"https:\/\/www.bellunopress.it\/2013\/08\/02\/il-saluto-alla-cittadinanza-del-prefetto-maria-laura-simonetti\/#breadcrumb"},"inLanguage":"fr-FR","potentialAction":[{"@type":"ReadAction","target":["https:\/\/www.bellunopress.it\/2013\/08\/02\/il-saluto-alla-cittadinanza-del-prefetto-maria-laura-simonetti\/"]}]},{"@type":"ImageObject","inLanguage":"fr-FR","@id":"https:\/\/www.bellunopress.it\/2013\/08\/02\/il-saluto-alla-cittadinanza-del-prefetto-maria-laura-simonetti\/#primaryimage","url":"http:\/\/www.bellunopress.it\/wp-content\/uploads\/2011\/01\/maria-laura-simonetti-prefetto.jpg","contentUrl":"http:\/\/www.bellunopress.it\/wp-content\/uploads\/2011\/01\/maria-laura-simonetti-prefetto.jpg"},{"@type":"BreadcrumbList","@id":"https:\/\/www.bellunopress.it\/2013\/08\/02\/il-saluto-alla-cittadinanza-del-prefetto-maria-laura-simonetti\/#breadcrumb","itemListElement":[{"@type":"ListItem","position":1,"name":"Home","item":"https:\/\/www.bellunopress.it\/"},{"@type":"ListItem","position":2,"name":"Il saluto alla cittadinanza del prefetto Maria Laura Simonetti"}]},{"@type":"WebSite","@id":"https:\/\/www.bellunopress.it\/#website","url":"https:\/\/www.bellunopress.it\/","name":"Bellunopress - Dolomiti","description":"e-mail: redazione@bellunopress.it","publisher":{"@id":"https:\/\/www.bellunopress.it\/#organization"},"potentialAction":[{"@type":"SearchAction","target":{"@type":"EntryPoint","urlTemplate":"https:\/\/www.bellunopress.it\/?s={search_term_string}"},"query-input":{"@type":"PropertyValueSpecification","valueRequired":true,"valueName":"search_term_string"}}],"inLanguage":"fr-FR"},{"@type":"Organization","@id":"https:\/\/www.bellunopress.it\/#organization","name":"Bellunopress","url":"https:\/\/www.bellunopress.it\/","logo":{"@type":"ImageObject","inLanguage":"fr-FR","@id":"https:\/\/www.bellunopress.it\/#\/schema\/logo\/image\/","url":"https:\/\/www.bellunopress.it\/wp-content\/uploads\/2011\/05\/cropped-logo-bellunopress-.jpg","contentUrl":"https:\/\/www.bellunopress.it\/wp-content\/uploads\/2011\/05\/cropped-logo-bellunopress-.jpg","width":512,"height":512,"caption":"Bellunopress"},"image":{"@id":"https:\/\/www.bellunopress.it\/#\/schema\/logo\/image\/"},"sameAs":["https:\/\/www.facebook.com\/profile.php?id=100008943462799","https:\/\/x.com\/bellunopress","https:\/\/www.linkedin.com\/hp\/?dnr=JBzUWaJfMUw8vbXJJ2tVW5-I3jZKvC4wsoxE&amp;amp;amp;amp;amp;amp;trk=nav_responsive_tab_home","https:\/\/www.youtube.com\/channel\/UCxL0wu1uN0_3_7hGG0306cw"]},{"@type":"Person","@id":"https:\/\/www.bellunopress.it\/#\/schema\/person\/79bb06722b37ece1c03d3e94beb30d73","name":"r\u00e9daction","image":{"@type":"ImageObject","inLanguage":"fr-FR","@id":"https:\/\/secure.gravatar.com\/avatar\/37d968a2e67a6fd04c169c4bdef102d0bc5d31b2546345219e348575eb80e9a0?s=96&d=mm&r=g","url":"https:\/\/secure.gravatar.com\/avatar\/37d968a2e67a6fd04c169c4bdef102d0bc5d31b2546345219e348575eb80e9a0?s=96&d=mm&r=g","contentUrl":"https:\/\/secure.gravatar.com\/avatar\/37d968a2e67a6fd04c169c4bdef102d0bc5d31b2546345219e348575eb80e9a0?s=96&d=mm&r=g","caption":"redazione"},"sameAs":["http:\/\/www.bellunopress.it","https:\/\/x.com\/bellunopress"],"url":"https:\/\/www.bellunopress.it\/fr\/author\/redazione\/"}]}},"_links":{"self":[{"href":"https:\/\/www.bellunopress.it\/fr\/wp-json\/wp\/v2\/posts\/51411","targetHints":{"allow":["GET"]}}],"collection":[{"href":"https:\/\/www.bellunopress.it\/fr\/wp-json\/wp\/v2\/posts"}],"about":[{"href":"https:\/\/www.bellunopress.it\/fr\/wp-json\/wp\/v2\/types\/post"}],"author":[{"embeddable":true,"href":"https:\/\/www.bellunopress.it\/fr\/wp-json\/wp\/v2\/users\/2"}],"replies":[{"embeddable":true,"href":"https:\/\/www.bellunopress.it\/fr\/wp-json\/wp\/v2\/comments?post=51411"}],"version-history":[{"count":1,"href":"https:\/\/www.bellunopress.it\/fr\/wp-json\/wp\/v2\/posts\/51411\/revisions"}],"predecessor-version":[{"id":51412,"href":"https:\/\/www.bellunopress.it\/fr\/wp-json\/wp\/v2\/posts\/51411\/revisions\/51412"}],"wp:attachment":[{"href":"https:\/\/www.bellunopress.it\/fr\/wp-json\/wp\/v2\/media?parent=51411"}],"wp:term":[{"taxonomy":"category","embeddable":true,"href":"https:\/\/www.bellunopress.it\/fr\/wp-json\/wp\/v2\/categories?post=51411"},{"taxonomy":"post_tag","embeddable":true,"href":"https:\/\/www.bellunopress.it\/fr\/wp-json\/wp\/v2\/tags?post=51411"}],"curies":[{"name":"wp","href":"https:\/\/api.w.org\/{rel}","templated":true}]}}