{"id":5141,"date":"2009-06-19T19:22:34","date_gmt":"2009-06-19T18:22:34","guid":{"rendered":"http:\/\/www.bellunopress.it\/?p=5141"},"modified":"2009-06-19T19:22:34","modified_gmt":"2009-06-19T18:22:34","slug":"parco-nazionale-dolomiti-bellunesi-cantieri-aperti-per-riparare-i-danni-di-un-inverno-eccezionale","status":"publish","type":"post","link":"https:\/\/www.bellunopress.it\/fr\/2009\/06\/19\/parco-nazionale-dolomiti-bellunesi-cantieri-aperti-per-riparare-i-danni-di-un-inverno-eccezionale\/","title":{"rendered":"Parco Nazionale Dolomiti Bellunesi: cantieri aperti per riparare i danni di un inverno eccezionale"},"content":{"rendered":"<figure id=\"attachment_5142\" aria-describedby=\"caption-attachment-5142\" style=\"width: 270px\" class=\"wp-caption alignleft\"><a href=\"http:\/\/www.bellunopress.it\/wp-content\/uploads\/2009\/06\/da-sx-guido-de-zordo-e-antonio-martino-a-valle-imperina-leggera.jpg\"><img loading=\"lazy\" decoding=\"async\" class=\"size-medium wp-image-5142\" title=\"da-sx-guido-de-zordo-e-antonio-martino-a-valle-imperina-leggera\" src=\"http:\/\/www.bellunopress.it\/wp-content\/uploads\/2009\/06\/da-sx-guido-de-zordo-e-antonio-martino-a-valle-imperina-leggera.jpg\" alt=\"da sx Guido De Zordo e Antonio Martino\" width=\"270\" height=\"251\" \/><\/a><figcaption id=\"caption-attachment-5142\" class=\"wp-caption-text\">da sx Guido De Zordo e Antonio Martino<\/figcaption><\/figure>\n<p>I danni provocati dalle eccezionali nevicate dell\u2019inverno scorso, anche all\u2019interno dell\u2019area del Parco Nazionale Dolomiti Bellunesi, sono ingenti. Una stima ancora non definitiva dei tecnici dell\u2019Ente e delle Amministrazioni locali quantifica in almeno 400.000 euro i danni alle strade forestali, alle coperture di malghe e bivacchi, agli impianti fotovoltaici che assicurano l\u2019approvvigionamento energetico delle strutture in quota. A questi danni ingenti, imprevisti e straordinari, si accompagna una ulteriore riduzione delle risorse trasferite dal Governo centrale all\u2019Ente Parco Nazionale Dolomiti Bellunesi. Non esistono ancora dati definitivi, ma si stima in circa 250.000-300.000 euro l\u2019ammontare del \u201ctaglio\u201d ai finanziamenti all\u2019Ente Parco per il 2009.<br \/>\nLa necessit\u00e0 di intervenire con urgenza per ripristinare i danni dovuti al maltempo, assieme alla concomitante decurtazione delle risorse disponibili, impongono all\u2019Ente Parco di ridefinire le priorit\u00e0 nelle attivit\u00e0 dell\u2019anno corrente. In attesa di eventuali contributi straordinari per riparare i danni da maltempo (che l\u2019Ente Parco ha gi\u00e0 richiesto sia al Ministero per l\u2019Ambiente che alla regione del Veneto), si \u00e8 deciso di ridurre drasticamente le attivit\u00e0 culturali e ricreative estive, per poter aprire immediatamente i cantieri di restauro. Sono infatti gi\u00e0 iniziati i lavori per il ripristino della strada (gravemente danneggiata dalle slavine) che sale al rifugio Dal Piaz e a malga Vette Grandi; mentre sono di imminente apertura i cantieri per riparare la strada che da Forno di Zoldo sale a malga Pramper e quelli per rimettere in efficienza i numerosi bivacchi all\u2019interno del Parco. A questo proposito si ricorda che i bivacchi custoditi, per i quali \u00e8 necessaria la prenotazione e il ritiro delle chiavi presso la sede dell\u2019Ente, sono tutti temporaneamente chiusi, in attesa di completare le verifiche sui danni subiti e il loro stato di sicurezza.<br \/>\nQuesta estate verr\u00e0 assicurata la realizzazione di una sola edizione della Festa d\u2019estate al Parco, quella del 4 e 5 luglio a Feltre, nei giardini che circondano Villa Binotto, sede degli uffici dell\u2019Ente. Gli altri eventi culturali sono \u201ctemporaneamente\u201d rinviati, con l\u2019unica eccezione di quelli che hanno costi estremamente contenuti o nulli (come nel caso ad esempio della mostra fotografica sui 15 anni del Parco, che sar\u00e0 inaugurata sabato prossimo, 20 giugno, alle ore 18.00 a Feltre, presso la galleria Via Claudia Augusta).<br \/>\nInoltre verr\u00e0 garantita l\u2019apertura delle strutture informative e ricettive per il pubblico, in particolare del centro visitatori di Pedavena (la cui gestione \u00e8 curata dall\u2019Associazione La Fenice), del centro visitatori e dei forni fusori di Valle Imperina (affidati alla Cooperativa Un mondo di idee); dell\u2019ostello e ristorante \u201cImperina\u201d (gestiti dalla cooperativa Mani intrecciate); della casa del Parco \u201cAl Frassen\u201d (la cui apertura \u00e8 curata dalla cooperativa Mazarol), del giardino botanico \u201cCampanula morettiana\u201d in Val del Mis (gestito dall\u2019Associazione La Fenice). \u201cI danni causati da un inverno eccezionale \u2013 ha dichiarato il Direttore del Parco, Nino Martino \u2013 ci hanno messo in seria difficolt\u00e0. Contiamo sull\u2019aiuto dello Stato e della Regione del Veneto per far fronte all\u2019emergenza; nel frattempo impieghiamo le nostre, scarse, risorse per attivare almeno gli interventi pi\u00f9 urgenti\u201d.<br \/>\n\u201cLa nostra priorit\u00e0 \u2013 ha dichiarato a sua volta il Presidente del Parco, Guido De Zordo \u2013 \u00e8 quella di limitare i danni subiti dagli operatori economici e turistici e dagli agricoltori che gestiscono le malghe nel Parco. L\u2019obiettivo \u00e8 quello di dare agli agricoltori, ai gestori dei rifugi e ai turisti che frequentano il Parco, la possibilit\u00e0 di accedere all\u2019area protetta e di disporre di strutture adeguate per svolgere, in sicurezza, le proprie attivit\u00e0 lavorative o escursionistiche\u201d.<\/p>","protected":false},"excerpt":{"rendered":"<p>I danni provocati dalle eccezionali nevicate dell\u2019inverno scorso, anche all\u2019interno dell\u2019area del Parco Nazionale Dolomiti Bellunesi, sono ingenti. Una stima ancora non definitiva dei tecnici dell\u2019Ente e delle Amministrazioni locali quantifica in almeno 400.000 euro i danni alle strade forestali, alle coperture di malghe e bivacchi, agli impianti fotovoltaici che assicurano l\u2019approvvigionamento energetico delle strutture [&hellip;]<\/p>\n","protected":false},"author":2,"featured_media":0,"comment_status":"closed","ping_status":"open","sticky":false,"template":"","format":"standard","meta":{"footnotes":""},"categories":[38,26],"tags":[139,63,302,2262],"class_list":["post-5141","post","type-post","status-publish","format-standard","category-natura-ambiente","category-prima-pagina","tag-belluno","tag-dolomiti","tag-feltre","tag-zoldo"],"yoast_head":"<!-- This site is optimized with the Yoast SEO plugin v28.4 - https:\/\/yoast.com\/product\/yoast-seo-wordpress\/ -->\n<title>Parco Nazionale Dolomiti Bellunesi: cantieri aperti per riparare i danni di un inverno eccezionale - Bellunopress - Dolomiti<\/title>\n<meta name=\"robots\" content=\"index, follow, max-snippet:-1, max-image-preview:large, max-video-preview:-1\" \/>\n<link rel=\"canonical\" href=\"https:\/\/www.bellunopress.it\/fr\/2009\/06\/19\/parco-nazionale-dolomiti-bellunesi-cantieri-aperti-per-riparare-i-danni-di-un-inverno-eccezionale\/\" \/>\n<meta property=\"og:locale\" content=\"fr_FR\" \/>\n<meta property=\"og:type\" content=\"article\" \/>\n<meta property=\"og:title\" content=\"Parco Nazionale Dolomiti Bellunesi: cantieri aperti per riparare i danni di un inverno eccezionale - Bellunopress - Dolomiti\" \/>\n<meta property=\"og:description\" content=\"I danni provocati dalle eccezionali nevicate dell\u2019inverno scorso, anche all\u2019interno dell\u2019area del Parco Nazionale Dolomiti Bellunesi, sono ingenti. Una stima ancora non definitiva dei tecnici dell\u2019Ente e delle Amministrazioni locali quantifica in almeno 400.000 euro i danni alle strade forestali, alle coperture di malghe e bivacchi, agli impianti fotovoltaici che assicurano l\u2019approvvigionamento energetico delle strutture [&hellip;]\" \/>\n<meta property=\"og:url\" content=\"https:\/\/www.bellunopress.it\/fr\/2009\/06\/19\/parco-nazionale-dolomiti-bellunesi-cantieri-aperti-per-riparare-i-danni-di-un-inverno-eccezionale\/\" \/>\n<meta property=\"og:site_name\" content=\"Bellunopress - Dolomiti\" \/>\n<meta property=\"article:publisher\" content=\"https:\/\/www.facebook.com\/profile.php?id=100008943462799\" \/>\n<meta property=\"article:published_time\" content=\"2009-06-19T18:22:34+00:00\" \/>\n<meta property=\"og:image\" content=\"http:\/\/www.bellunopress.it\/wp-content\/uploads\/2009\/06\/da-sx-guido-de-zordo-e-antonio-martino-a-valle-imperina-leggera.jpg\" \/>\n<meta name=\"author\" content=\"redazione\" \/>\n<meta name=\"twitter:card\" content=\"summary_large_image\" \/>\n<meta name=\"twitter:creator\" content=\"@bellunopress\" \/>\n<meta name=\"twitter:site\" content=\"@bellunopress\" \/>\n<meta name=\"twitter:label1\" content=\"\u00c9crit par\" \/>\n\t<meta name=\"twitter:data1\" content=\"redazione\" \/>\n\t<meta name=\"twitter:label2\" content=\"Dur\u00e9e de lecture estim\u00e9e\" \/>\n\t<meta name=\"twitter:data2\" content=\"3 minutes\" \/>\n<script type=\"application\/ld+json\" class=\"yoast-schema-graph\">{\"@context\":\"https:\\\/\\\/schema.org\",\"@graph\":[{\"@type\":\"Article\",\"@id\":\"https:\\\/\\\/www.bellunopress.it\\\/2009\\\/06\\\/19\\\/parco-nazionale-dolomiti-bellunesi-cantieri-aperti-per-riparare-i-danni-di-un-inverno-eccezionale\\\/#article\",\"isPartOf\":{\"@id\":\"https:\\\/\\\/www.bellunopress.it\\\/2009\\\/06\\\/19\\\/parco-nazionale-dolomiti-bellunesi-cantieri-aperti-per-riparare-i-danni-di-un-inverno-eccezionale\\\/\"},\"author\":{\"name\":\"redazione\",\"@id\":\"https:\\\/\\\/www.bellunopress.it\\\/#\\\/schema\\\/person\\\/79bb06722b37ece1c03d3e94beb30d73\"},\"headline\":\"Parco Nazionale Dolomiti Bellunesi: cantieri aperti per riparare i danni di un inverno eccezionale\",\"datePublished\":\"2009-06-19T18:22:34+00:00\",\"mainEntityOfPage\":{\"@id\":\"https:\\\/\\\/www.bellunopress.it\\\/2009\\\/06\\\/19\\\/parco-nazionale-dolomiti-bellunesi-cantieri-aperti-per-riparare-i-danni-di-un-inverno-eccezionale\\\/\"},\"wordCount\":612,\"publisher\":{\"@id\":\"https:\\\/\\\/www.bellunopress.it\\\/#organization\"},\"image\":{\"@id\":\"https:\\\/\\\/www.bellunopress.it\\\/2009\\\/06\\\/19\\\/parco-nazionale-dolomiti-bellunesi-cantieri-aperti-per-riparare-i-danni-di-un-inverno-eccezionale\\\/#primaryimage\"},\"thumbnailUrl\":\"http:\\\/\\\/www.bellunopress.it\\\/wp-content\\\/uploads\\\/2009\\\/06\\\/da-sx-guido-de-zordo-e-antonio-martino-a-valle-imperina-leggera.jpg\",\"keywords\":[\"Belluno\",\"Dolomiti\",\"Feltre\",\"zoldo\"],\"articleSection\":[\"Meteo, natura, ambiente, animali\",\"Prima Pagina\"],\"inLanguage\":\"fr-FR\"},{\"@type\":\"WebPage\",\"@id\":\"https:\\\/\\\/www.bellunopress.it\\\/2009\\\/06\\\/19\\\/parco-nazionale-dolomiti-bellunesi-cantieri-aperti-per-riparare-i-danni-di-un-inverno-eccezionale\\\/\",\"url\":\"https:\\\/\\\/www.bellunopress.it\\\/2009\\\/06\\\/19\\\/parco-nazionale-dolomiti-bellunesi-cantieri-aperti-per-riparare-i-danni-di-un-inverno-eccezionale\\\/\",\"name\":\"Parco Nazionale Dolomiti Bellunesi: cantieri aperti per riparare i danni di un inverno eccezionale - Bellunopress - Dolomiti\",\"isPartOf\":{\"@id\":\"https:\\\/\\\/www.bellunopress.it\\\/#website\"},\"primaryImageOfPage\":{\"@id\":\"https:\\\/\\\/www.bellunopress.it\\\/2009\\\/06\\\/19\\\/parco-nazionale-dolomiti-bellunesi-cantieri-aperti-per-riparare-i-danni-di-un-inverno-eccezionale\\\/#primaryimage\"},\"image\":{\"@id\":\"https:\\\/\\\/www.bellunopress.it\\\/2009\\\/06\\\/19\\\/parco-nazionale-dolomiti-bellunesi-cantieri-aperti-per-riparare-i-danni-di-un-inverno-eccezionale\\\/#primaryimage\"},\"thumbnailUrl\":\"http:\\\/\\\/www.bellunopress.it\\\/wp-content\\\/uploads\\\/2009\\\/06\\\/da-sx-guido-de-zordo-e-antonio-martino-a-valle-imperina-leggera.jpg\",\"datePublished\":\"2009-06-19T18:22:34+00:00\",\"breadcrumb\":{\"@id\":\"https:\\\/\\\/www.bellunopress.it\\\/2009\\\/06\\\/19\\\/parco-nazionale-dolomiti-bellunesi-cantieri-aperti-per-riparare-i-danni-di-un-inverno-eccezionale\\\/#breadcrumb\"},\"inLanguage\":\"fr-FR\",\"potentialAction\":[{\"@type\":\"ReadAction\",\"target\":[\"https:\\\/\\\/www.bellunopress.it\\\/2009\\\/06\\\/19\\\/parco-nazionale-dolomiti-bellunesi-cantieri-aperti-per-riparare-i-danni-di-un-inverno-eccezionale\\\/\"]}]},{\"@type\":\"ImageObject\",\"inLanguage\":\"fr-FR\",\"@id\":\"https:\\\/\\\/www.bellunopress.it\\\/2009\\\/06\\\/19\\\/parco-nazionale-dolomiti-bellunesi-cantieri-aperti-per-riparare-i-danni-di-un-inverno-eccezionale\\\/#primaryimage\",\"url\":\"http:\\\/\\\/www.bellunopress.it\\\/wp-content\\\/uploads\\\/2009\\\/06\\\/da-sx-guido-de-zordo-e-antonio-martino-a-valle-imperina-leggera.jpg\",\"contentUrl\":\"http:\\\/\\\/www.bellunopress.it\\\/wp-content\\\/uploads\\\/2009\\\/06\\\/da-sx-guido-de-zordo-e-antonio-martino-a-valle-imperina-leggera.jpg\"},{\"@type\":\"BreadcrumbList\",\"@id\":\"https:\\\/\\\/www.bellunopress.it\\\/2009\\\/06\\\/19\\\/parco-nazionale-dolomiti-bellunesi-cantieri-aperti-per-riparare-i-danni-di-un-inverno-eccezionale\\\/#breadcrumb\",\"itemListElement\":[{\"@type\":\"ListItem\",\"position\":1,\"name\":\"Home\",\"item\":\"https:\\\/\\\/www.bellunopress.it\\\/\"},{\"@type\":\"ListItem\",\"position\":2,\"name\":\"Parco Nazionale Dolomiti Bellunesi: cantieri aperti per riparare i danni di un inverno eccezionale\"}]},{\"@type\":\"WebSite\",\"@id\":\"https:\\\/\\\/www.bellunopress.it\\\/#website\",\"url\":\"https:\\\/\\\/www.bellunopress.it\\\/\",\"name\":\"Bellunopress - Dolomiti\",\"description\":\"e-mail: redazione@bellunopress.it\",\"publisher\":{\"@id\":\"https:\\\/\\\/www.bellunopress.it\\\/#organization\"},\"potentialAction\":[{\"@type\":\"SearchAction\",\"target\":{\"@type\":\"EntryPoint\",\"urlTemplate\":\"https:\\\/\\\/www.bellunopress.it\\\/?s={search_term_string}\"},\"query-input\":{\"@type\":\"PropertyValueSpecification\",\"valueRequired\":true,\"valueName\":\"search_term_string\"}}],\"inLanguage\":\"fr-FR\"},{\"@type\":\"Organization\",\"@id\":\"https:\\\/\\\/www.bellunopress.it\\\/#organization\",\"name\":\"Bellunopress\",\"url\":\"https:\\\/\\\/www.bellunopress.it\\\/\",\"logo\":{\"@type\":\"ImageObject\",\"inLanguage\":\"fr-FR\",\"@id\":\"https:\\\/\\\/www.bellunopress.it\\\/#\\\/schema\\\/logo\\\/image\\\/\",\"url\":\"https:\\\/\\\/www.bellunopress.it\\\/wp-content\\\/uploads\\\/2011\\\/05\\\/cropped-logo-bellunopress-.jpg\",\"contentUrl\":\"https:\\\/\\\/www.bellunopress.it\\\/wp-content\\\/uploads\\\/2011\\\/05\\\/cropped-logo-bellunopress-.jpg\",\"width\":512,\"height\":512,\"caption\":\"Bellunopress\"},\"image\":{\"@id\":\"https:\\\/\\\/www.bellunopress.it\\\/#\\\/schema\\\/logo\\\/image\\\/\"},\"sameAs\":[\"https:\\\/\\\/www.facebook.com\\\/profile.php?id=100008943462799\",\"https:\\\/\\\/x.com\\\/bellunopress\",\"https:\\\/\\\/www.linkedin.com\\\/hp\\\/?dnr=JBzUWaJfMUw8vbXJJ2tVW5-I3jZKvC4wsoxE&amp;amp;amp;amp;amp;amp;trk=nav_responsive_tab_home\",\"https:\\\/\\\/www.youtube.com\\\/channel\\\/UCxL0wu1uN0_3_7hGG0306cw\"]},{\"@type\":\"Person\",\"@id\":\"https:\\\/\\\/www.bellunopress.it\\\/#\\\/schema\\\/person\\\/79bb06722b37ece1c03d3e94beb30d73\",\"name\":\"redazione\",\"image\":{\"@type\":\"ImageObject\",\"inLanguage\":\"fr-FR\",\"@id\":\"https:\\\/\\\/secure.gravatar.com\\\/avatar\\\/37d968a2e67a6fd04c169c4bdef102d0bc5d31b2546345219e348575eb80e9a0?s=96&d=mm&r=g\",\"url\":\"https:\\\/\\\/secure.gravatar.com\\\/avatar\\\/37d968a2e67a6fd04c169c4bdef102d0bc5d31b2546345219e348575eb80e9a0?s=96&d=mm&r=g\",\"contentUrl\":\"https:\\\/\\\/secure.gravatar.com\\\/avatar\\\/37d968a2e67a6fd04c169c4bdef102d0bc5d31b2546345219e348575eb80e9a0?s=96&d=mm&r=g\",\"caption\":\"redazione\"},\"sameAs\":[\"http:\\\/\\\/www.bellunopress.it\",\"https:\\\/\\\/x.com\\\/bellunopress\"],\"url\":\"https:\\\/\\\/www.bellunopress.it\\\/fr\\\/author\\\/redazione\\\/\"}]}<\/script>\n<!-- \/ Yoast SEO plugin. -->","yoast_head_json":{"title":"Parco Nazionale Dolomiti Bellunesi: cantieri aperti per riparare i danni di un inverno eccezionale - Bellunopress - Dolomiti","robots":{"index":"index","follow":"follow","max-snippet":"max-snippet:-1","max-image-preview":"max-image-preview:large","max-video-preview":"max-video-preview:-1"},"canonical":"https:\/\/www.bellunopress.it\/fr\/2009\/06\/19\/parco-nazionale-dolomiti-bellunesi-cantieri-aperti-per-riparare-i-danni-di-un-inverno-eccezionale\/","og_locale":"fr_FR","og_type":"article","og_title":"Parco Nazionale Dolomiti Bellunesi: cantieri aperti per riparare i danni di un inverno eccezionale - Bellunopress - Dolomiti","og_description":"I danni provocati dalle eccezionali nevicate dell\u2019inverno scorso, anche all\u2019interno dell\u2019area del Parco Nazionale Dolomiti Bellunesi, sono ingenti. Una stima ancora non definitiva dei tecnici dell\u2019Ente e delle Amministrazioni locali quantifica in almeno 400.000 euro i danni alle strade forestali, alle coperture di malghe e bivacchi, agli impianti fotovoltaici che assicurano l\u2019approvvigionamento energetico delle strutture [&hellip;]","og_url":"https:\/\/www.bellunopress.it\/fr\/2009\/06\/19\/parco-nazionale-dolomiti-bellunesi-cantieri-aperti-per-riparare-i-danni-di-un-inverno-eccezionale\/","og_site_name":"Bellunopress - Dolomiti","article_publisher":"https:\/\/www.facebook.com\/profile.php?id=100008943462799","article_published_time":"2009-06-19T18:22:34+00:00","og_image":[{"url":"http:\/\/www.bellunopress.it\/wp-content\/uploads\/2009\/06\/da-sx-guido-de-zordo-e-antonio-martino-a-valle-imperina-leggera.jpg","type":"","width":"","height":""}],"author":"redazione","twitter_card":"summary_large_image","twitter_creator":"@bellunopress","twitter_site":"@bellunopress","twitter_misc":{"\u00c9crit par":"redazione","Dur\u00e9e de lecture estim\u00e9e":"3 minutes"},"schema":{"@context":"https:\/\/schema.org","@graph":[{"@type":"Article","@id":"https:\/\/www.bellunopress.it\/2009\/06\/19\/parco-nazionale-dolomiti-bellunesi-cantieri-aperti-per-riparare-i-danni-di-un-inverno-eccezionale\/#article","isPartOf":{"@id":"https:\/\/www.bellunopress.it\/2009\/06\/19\/parco-nazionale-dolomiti-bellunesi-cantieri-aperti-per-riparare-i-danni-di-un-inverno-eccezionale\/"},"author":{"name":"redazione","@id":"https:\/\/www.bellunopress.it\/#\/schema\/person\/79bb06722b37ece1c03d3e94beb30d73"},"headline":"Parco Nazionale Dolomiti Bellunesi: cantieri aperti per riparare i danni di un inverno eccezionale","datePublished":"2009-06-19T18:22:34+00:00","mainEntityOfPage":{"@id":"https:\/\/www.bellunopress.it\/2009\/06\/19\/parco-nazionale-dolomiti-bellunesi-cantieri-aperti-per-riparare-i-danni-di-un-inverno-eccezionale\/"},"wordCount":612,"publisher":{"@id":"https:\/\/www.bellunopress.it\/#organization"},"image":{"@id":"https:\/\/www.bellunopress.it\/2009\/06\/19\/parco-nazionale-dolomiti-bellunesi-cantieri-aperti-per-riparare-i-danni-di-un-inverno-eccezionale\/#primaryimage"},"thumbnailUrl":"http:\/\/www.bellunopress.it\/wp-content\/uploads\/2009\/06\/da-sx-guido-de-zordo-e-antonio-martino-a-valle-imperina-leggera.jpg","keywords":["Belluno","Dolomiti","Feltre","zoldo"],"articleSection":["Meteo, natura, ambiente, animali","Prima Pagina"],"inLanguage":"fr-FR"},{"@type":"WebPage","@id":"https:\/\/www.bellunopress.it\/2009\/06\/19\/parco-nazionale-dolomiti-bellunesi-cantieri-aperti-per-riparare-i-danni-di-un-inverno-eccezionale\/","url":"https:\/\/www.bellunopress.it\/2009\/06\/19\/parco-nazionale-dolomiti-bellunesi-cantieri-aperti-per-riparare-i-danni-di-un-inverno-eccezionale\/","name":"Parco Nazionale Dolomiti Bellunesi: cantieri aperti per riparare i danni di un inverno eccezionale - Bellunopress - Dolomiti","isPartOf":{"@id":"https:\/\/www.bellunopress.it\/#website"},"primaryImageOfPage":{"@id":"https:\/\/www.bellunopress.it\/2009\/06\/19\/parco-nazionale-dolomiti-bellunesi-cantieri-aperti-per-riparare-i-danni-di-un-inverno-eccezionale\/#primaryimage"},"image":{"@id":"https:\/\/www.bellunopress.it\/2009\/06\/19\/parco-nazionale-dolomiti-bellunesi-cantieri-aperti-per-riparare-i-danni-di-un-inverno-eccezionale\/#primaryimage"},"thumbnailUrl":"http:\/\/www.bellunopress.it\/wp-content\/uploads\/2009\/06\/da-sx-guido-de-zordo-e-antonio-martino-a-valle-imperina-leggera.jpg","datePublished":"2009-06-19T18:22:34+00:00","breadcrumb":{"@id":"https:\/\/www.bellunopress.it\/2009\/06\/19\/parco-nazionale-dolomiti-bellunesi-cantieri-aperti-per-riparare-i-danni-di-un-inverno-eccezionale\/#breadcrumb"},"inLanguage":"fr-FR","potentialAction":[{"@type":"ReadAction","target":["https:\/\/www.bellunopress.it\/2009\/06\/19\/parco-nazionale-dolomiti-bellunesi-cantieri-aperti-per-riparare-i-danni-di-un-inverno-eccezionale\/"]}]},{"@type":"ImageObject","inLanguage":"fr-FR","@id":"https:\/\/www.bellunopress.it\/2009\/06\/19\/parco-nazionale-dolomiti-bellunesi-cantieri-aperti-per-riparare-i-danni-di-un-inverno-eccezionale\/#primaryimage","url":"http:\/\/www.bellunopress.it\/wp-content\/uploads\/2009\/06\/da-sx-guido-de-zordo-e-antonio-martino-a-valle-imperina-leggera.jpg","contentUrl":"http:\/\/www.bellunopress.it\/wp-content\/uploads\/2009\/06\/da-sx-guido-de-zordo-e-antonio-martino-a-valle-imperina-leggera.jpg"},{"@type":"BreadcrumbList","@id":"https:\/\/www.bellunopress.it\/2009\/06\/19\/parco-nazionale-dolomiti-bellunesi-cantieri-aperti-per-riparare-i-danni-di-un-inverno-eccezionale\/#breadcrumb","itemListElement":[{"@type":"ListItem","position":1,"name":"Home","item":"https:\/\/www.bellunopress.it\/"},{"@type":"ListItem","position":2,"name":"Parco Nazionale Dolomiti Bellunesi: cantieri aperti per riparare i danni di un inverno eccezionale"}]},{"@type":"WebSite","@id":"https:\/\/www.bellunopress.it\/#website","url":"https:\/\/www.bellunopress.it\/","name":"Bellunopress - Dolomiti","description":"e-mail: redazione@bellunopress.it","publisher":{"@id":"https:\/\/www.bellunopress.it\/#organization"},"potentialAction":[{"@type":"SearchAction","target":{"@type":"EntryPoint","urlTemplate":"https:\/\/www.bellunopress.it\/?s={search_term_string}"},"query-input":{"@type":"PropertyValueSpecification","valueRequired":true,"valueName":"search_term_string"}}],"inLanguage":"fr-FR"},{"@type":"Organization","@id":"https:\/\/www.bellunopress.it\/#organization","name":"Bellunopress","url":"https:\/\/www.bellunopress.it\/","logo":{"@type":"ImageObject","inLanguage":"fr-FR","@id":"https:\/\/www.bellunopress.it\/#\/schema\/logo\/image\/","url":"https:\/\/www.bellunopress.it\/wp-content\/uploads\/2011\/05\/cropped-logo-bellunopress-.jpg","contentUrl":"https:\/\/www.bellunopress.it\/wp-content\/uploads\/2011\/05\/cropped-logo-bellunopress-.jpg","width":512,"height":512,"caption":"Bellunopress"},"image":{"@id":"https:\/\/www.bellunopress.it\/#\/schema\/logo\/image\/"},"sameAs":["https:\/\/www.facebook.com\/profile.php?id=100008943462799","https:\/\/x.com\/bellunopress","https:\/\/www.linkedin.com\/hp\/?dnr=JBzUWaJfMUw8vbXJJ2tVW5-I3jZKvC4wsoxE&amp;amp;amp;amp;amp;amp;trk=nav_responsive_tab_home","https:\/\/www.youtube.com\/channel\/UCxL0wu1uN0_3_7hGG0306cw"]},{"@type":"Person","@id":"https:\/\/www.bellunopress.it\/#\/schema\/person\/79bb06722b37ece1c03d3e94beb30d73","name":"r\u00e9daction","image":{"@type":"ImageObject","inLanguage":"fr-FR","@id":"https:\/\/secure.gravatar.com\/avatar\/37d968a2e67a6fd04c169c4bdef102d0bc5d31b2546345219e348575eb80e9a0?s=96&d=mm&r=g","url":"https:\/\/secure.gravatar.com\/avatar\/37d968a2e67a6fd04c169c4bdef102d0bc5d31b2546345219e348575eb80e9a0?s=96&d=mm&r=g","contentUrl":"https:\/\/secure.gravatar.com\/avatar\/37d968a2e67a6fd04c169c4bdef102d0bc5d31b2546345219e348575eb80e9a0?s=96&d=mm&r=g","caption":"redazione"},"sameAs":["http:\/\/www.bellunopress.it","https:\/\/x.com\/bellunopress"],"url":"https:\/\/www.bellunopress.it\/fr\/author\/redazione\/"}]}},"_links":{"self":[{"href":"https:\/\/www.bellunopress.it\/fr\/wp-json\/wp\/v2\/posts\/5141","targetHints":{"allow":["GET"]}}],"collection":[{"href":"https:\/\/www.bellunopress.it\/fr\/wp-json\/wp\/v2\/posts"}],"about":[{"href":"https:\/\/www.bellunopress.it\/fr\/wp-json\/wp\/v2\/types\/post"}],"author":[{"embeddable":true,"href":"https:\/\/www.bellunopress.it\/fr\/wp-json\/wp\/v2\/users\/2"}],"replies":[{"embeddable":true,"href":"https:\/\/www.bellunopress.it\/fr\/wp-json\/wp\/v2\/comments?post=5141"}],"version-history":[{"count":1,"href":"https:\/\/www.bellunopress.it\/fr\/wp-json\/wp\/v2\/posts\/5141\/revisions"}],"predecessor-version":[{"id":5143,"href":"https:\/\/www.bellunopress.it\/fr\/wp-json\/wp\/v2\/posts\/5141\/revisions\/5143"}],"wp:attachment":[{"href":"https:\/\/www.bellunopress.it\/fr\/wp-json\/wp\/v2\/media?parent=5141"}],"wp:term":[{"taxonomy":"category","embeddable":true,"href":"https:\/\/www.bellunopress.it\/fr\/wp-json\/wp\/v2\/categories?post=5141"},{"taxonomy":"post_tag","embeddable":true,"href":"https:\/\/www.bellunopress.it\/fr\/wp-json\/wp\/v2\/tags?post=5141"}],"curies":[{"name":"wp","href":"https:\/\/api.w.org\/{rel}","templated":true}]}}