{"id":5107,"date":"2009-06-20T08:04:10","date_gmt":"2009-06-20T07:04:10","guid":{"rendered":"http:\/\/www.bellunopress.it\/?p=5107"},"modified":"2009-06-21T11:53:57","modified_gmt":"2009-06-21T10:53:57","slug":"il-ministro-brunetta-a-belluno-sponsorizza-bottacin-ma-premia-reolon","status":"publish","type":"post","link":"https:\/\/www.bellunopress.it\/fr\/2009\/06\/20\/il-ministro-brunetta-a-belluno-sponsorizza-bottacin-ma-premia-reolon\/","title":{"rendered":"Il ministro Brunetta a Belluno sponsorizza Bottacin ma&#8230; premia Reolon"},"content":{"rendered":"<p><a href=\"http:\/\/www.bellunopress.it\/wp-content\/uploads\/2009\/06\/brunetta-a-belluno-manin-002-leggera.jpg\"><img loading=\"lazy\" decoding=\"async\" class=\"alignleft size-medium wp-image-5109\" title=\"brunetta-a-belluno-manin-002-leggera\" src=\"http:\/\/www.bellunopress.it\/wp-content\/uploads\/2009\/06\/brunetta-a-belluno-manin-002-leggera.jpg\" alt=\"\" width=\"270\" height=\"239\" \/><\/a>\u201cL\u2019eccellenza io la riconosco sia a destra che a sinistra\u201d. Giunto a Belluno per un aperitivo-stampa pro Bottacin al Caff\u00e8 Manin in Piazza Martiri, il ministro Renato Brunetta ha confermato l\u2019eccellenza dell\u2019amministrazione provinciale di Sergio Reolon, cui il suo Ministero e quelli della Carfagna e della Prestigiacomo hanno consegnato 4 premi nel corso del Forum Pa, il salone della pubblica amministrazione italiana, motivati dall\u2019avvenuta riduzione degli sprechi e dall\u2019aumento dei servizi. \u201cLe ricerche le ha condotte il mio staff e io ho convenuto sulla scelta in base ai parametri scelti per l\u2019attribuzione del riconoscimento\u201d, ha precisato Brunetta, \u201ca volte mi fanno notare guarda che quelli sono di sinistra ma io guardo ai fatti. Peraltro ho un ottima collaborazione anche con il sindaco Chiamparino\u2026\u201d. Vediamo allora come l&#8217;ente Provincia di Belluno in cinque anni ha cambiato pelle guadagnandosi il plauso anche dei ministri del centrodestra. La cura dimagrante imposta dall&#8217;amministrazione Reolon (nel 2009 sono 42 in meno i dipendenti rispetto al 2004) \u00e8 stato solo uno degli interventi per razionalizzare, ridurre gli sprechi e rendere pi\u00f9 efficiente l&#8217;ente, trasformato da struttura burocratico-amministrativa a realt\u00e0 di riferimento per i Comuni, le imprese e i cittadini.<br \/>\nIl cambiamento ha avuto come temi chiave l&#8217;attenzione al territorio e all&#8217;ambiente, lo sviluppo delle energie rinnovabili, la semplificazione amministrativa e una maggiore attenzione verso i giovani. I cittadini e il governo italiano hanno promosso queste scelte. Nell&#8217;indagine semestrale dell&#8217;istituto Ekma ricerche, a dicembre 2008,<\/p>\n<figure id=\"attachment_5108\" aria-describedby=\"caption-attachment-5108\" style=\"width: 240px\" class=\"wp-caption alignleft\"><a href=\"http:\/\/www.bellunopress.it\/wp-content\/uploads\/2009\/06\/fotoforum3-leggera.jpg\"><img loading=\"lazy\" decoding=\"async\" class=\"size-medium wp-image-5108\" title=\"fotoforum3-leggera\" src=\"http:\/\/www.bellunopress.it\/wp-content\/uploads\/2009\/06\/fotoforum3-leggera.jpg\" alt=\"da sx Carfagna, Brunetta e Costa alla premiazione\" width=\"240\" height=\"160\" \/><\/a><figcaption id=\"caption-attachment-5108\" class=\"wp-caption-text\">da sx Carfagna, Brunetta e Costa alla premiazione<\/figcaption><\/figure>\n<p>per la prima volta la Provincia di Belluno \u00e8 risultata prima in Italia nella soddisfazione espressa dai cittadini sui servizi erogati e lo scorso aprile i ministri Renato Brunetta, Mara Carfagna e Stefania Prestigiacomo hanno consegnato alla Provincia di Belluno i 4 premi nel corso del Salone della pubblica amministrazione italiana. Belluno \u00e8 diventata cos\u00ec l&#8217;avanguardia delle politiche energetiche sviluppate dagli enti locali per la costruzione di una scuola (il polo di Agordo) completamente autosufficiente rispetto ai combustibili fossili. Nello stesso ambito la Provincia di Belluno ha ricevuto anche il premio per l&#8217;installazione di impianti fotovoltaici in 10 scuole ed \u00e8 oggi il maggiore produttore di energia elettrica da fotovoltaico sul territorio. Il progetto pilota sulla semplificazione amministrativa delle procedure ambientali per imprese e cittadini, \u00e8 stato premiato dal ministro Brunetta. Dal 2008 tutte le procedure avvengono via Internet e rispettano un protocollo concordato con le associazioni di categoria. Infine un premio \u00e8 arrivato anche nel settore delle pari opportunit\u00e0 grazie al protocollo con il quale l&#8217;ente offre ai dipendenti forme flessibili di organizzazione del lavoro pubblico per favorire la conciliazione dei tempi di vita e di lavoro. Nonostante il calo di dipendenti sono 10 i nuovi servizi realizzati ed erogati direttamente da Palazzo Piloni. Tra questi gli Sportelli Energia e Casa. Il primo fornisce consulenze in materia di risparmio energetico ed energie rinnovabili alle imprese, ai privati cittadini, agli enti pubblici, alle associazioni di categoria informazioni. Raccoglie\u00a0 e divulga dati sugli incentivi, le agevolazioni, le norme e offre consulenze tecniche sulle tecnologie disponibili. Con lo Sportello Casa oltre 500 famiglie bellunesi sono riuscite a contrarre un mutuo per la ristrutturazione o l&#8217;acquisto della prima casa. La convenzione tra la Provincia e 20 istituti di credito permette inoltre ai cittadini di confrontare tutte le offerte delle banche.<\/p>","protected":false},"excerpt":{"rendered":"<p>\u201cL\u2019eccellenza io la riconosco sia a destra che a sinistra\u201d. Giunto a Belluno per un aperitivo-stampa pro Bottacin al Caff\u00e8 Manin in Piazza Martiri, il ministro Renato Brunetta ha confermato l\u2019eccellenza dell\u2019amministrazione provinciale di Sergio Reolon, cui il suo Ministero e quelli della Carfagna e della Prestigiacomo hanno consegnato 4 premi nel corso del Forum [&hellip;]<\/p>\n","protected":false},"author":2,"featured_media":0,"comment_status":"closed","ping_status":"open","sticky":false,"template":"","format":"standard","meta":{"footnotes":""},"categories":[5,26],"tags":[139],"class_list":["post-5107","post","type-post","status-publish","format-standard","category-cronaca","category-prima-pagina","tag-belluno"],"yoast_head":"<!-- This site is optimized with the Yoast SEO plugin v28.4 - https:\/\/yoast.com\/product\/yoast-seo-wordpress\/ -->\n<title>Il ministro Brunetta a Belluno sponsorizza Bottacin ma... premia Reolon - Bellunopress - Dolomiti<\/title>\n<meta name=\"robots\" content=\"index, follow, max-snippet:-1, max-image-preview:large, max-video-preview:-1\" \/>\n<link rel=\"canonical\" href=\"https:\/\/www.bellunopress.it\/fr\/2009\/06\/20\/il-ministro-brunetta-a-belluno-sponsorizza-bottacin-ma-premia-reolon\/\" \/>\n<meta property=\"og:locale\" content=\"fr_FR\" \/>\n<meta property=\"og:type\" content=\"article\" \/>\n<meta property=\"og:title\" content=\"Il ministro Brunetta a Belluno sponsorizza Bottacin ma... premia Reolon - Bellunopress - Dolomiti\" \/>\n<meta property=\"og:description\" content=\"\u201cL\u2019eccellenza io la riconosco sia a destra che a sinistra\u201d. Giunto a Belluno per un aperitivo-stampa pro Bottacin al Caff\u00e8 Manin in Piazza Martiri, il ministro Renato Brunetta ha confermato l\u2019eccellenza dell\u2019amministrazione provinciale di Sergio Reolon, cui il suo Ministero e quelli della Carfagna e della Prestigiacomo hanno consegnato 4 premi nel corso del Forum [&hellip;]\" \/>\n<meta property=\"og:url\" content=\"https:\/\/www.bellunopress.it\/fr\/2009\/06\/20\/il-ministro-brunetta-a-belluno-sponsorizza-bottacin-ma-premia-reolon\/\" \/>\n<meta property=\"og:site_name\" content=\"Bellunopress - Dolomiti\" \/>\n<meta property=\"article:publisher\" content=\"https:\/\/www.facebook.com\/profile.php?id=100008943462799\" \/>\n<meta property=\"article:published_time\" content=\"2009-06-20T07:04:10+00:00\" \/>\n<meta property=\"article:modified_time\" content=\"2009-06-21T10:53:57+00:00\" \/>\n<meta property=\"og:image\" content=\"http:\/\/www.bellunopress.it\/wp-content\/uploads\/2009\/06\/brunetta-a-belluno-manin-002-leggera.jpg\" \/>\n<meta name=\"author\" content=\"redazione\" \/>\n<meta name=\"twitter:card\" content=\"summary_large_image\" \/>\n<meta name=\"twitter:creator\" content=\"@bellunopress\" \/>\n<meta name=\"twitter:site\" content=\"@bellunopress\" \/>\n<meta name=\"twitter:label1\" content=\"\u00c9crit par\" \/>\n\t<meta name=\"twitter:data1\" content=\"redazione\" \/>\n\t<meta name=\"twitter:label2\" content=\"Dur\u00e9e de lecture estim\u00e9e\" \/>\n\t<meta name=\"twitter:data2\" content=\"3 minutes\" \/>\n<script type=\"application\/ld+json\" class=\"yoast-schema-graph\">{\"@context\":\"https:\\\/\\\/schema.org\",\"@graph\":[{\"@type\":\"Article\",\"@id\":\"https:\\\/\\\/www.bellunopress.it\\\/2009\\\/06\\\/20\\\/il-ministro-brunetta-a-belluno-sponsorizza-bottacin-ma-premia-reolon\\\/#article\",\"isPartOf\":{\"@id\":\"https:\\\/\\\/www.bellunopress.it\\\/2009\\\/06\\\/20\\\/il-ministro-brunetta-a-belluno-sponsorizza-bottacin-ma-premia-reolon\\\/\"},\"author\":{\"name\":\"redazione\",\"@id\":\"https:\\\/\\\/www.bellunopress.it\\\/#\\\/schema\\\/person\\\/79bb06722b37ece1c03d3e94beb30d73\"},\"headline\":\"Il ministro Brunetta a Belluno sponsorizza Bottacin ma&#8230; premia Reolon\",\"datePublished\":\"2009-06-20T07:04:10+00:00\",\"dateModified\":\"2009-06-21T10:53:57+00:00\",\"mainEntityOfPage\":{\"@id\":\"https:\\\/\\\/www.bellunopress.it\\\/2009\\\/06\\\/20\\\/il-ministro-brunetta-a-belluno-sponsorizza-bottacin-ma-premia-reolon\\\/\"},\"wordCount\":561,\"publisher\":{\"@id\":\"https:\\\/\\\/www.bellunopress.it\\\/#organization\"},\"image\":{\"@id\":\"https:\\\/\\\/www.bellunopress.it\\\/2009\\\/06\\\/20\\\/il-ministro-brunetta-a-belluno-sponsorizza-bottacin-ma-premia-reolon\\\/#primaryimage\"},\"thumbnailUrl\":\"http:\\\/\\\/www.bellunopress.it\\\/wp-content\\\/uploads\\\/2009\\\/06\\\/brunetta-a-belluno-manin-002-leggera.jpg\",\"keywords\":[\"Belluno\"],\"articleSection\":[\"Cronaca\\\/Politica\",\"Prima Pagina\"],\"inLanguage\":\"fr-FR\"},{\"@type\":\"WebPage\",\"@id\":\"https:\\\/\\\/www.bellunopress.it\\\/2009\\\/06\\\/20\\\/il-ministro-brunetta-a-belluno-sponsorizza-bottacin-ma-premia-reolon\\\/\",\"url\":\"https:\\\/\\\/www.bellunopress.it\\\/2009\\\/06\\\/20\\\/il-ministro-brunetta-a-belluno-sponsorizza-bottacin-ma-premia-reolon\\\/\",\"name\":\"Il ministro Brunetta a Belluno sponsorizza Bottacin ma... premia Reolon - Bellunopress - Dolomiti\",\"isPartOf\":{\"@id\":\"https:\\\/\\\/www.bellunopress.it\\\/#website\"},\"primaryImageOfPage\":{\"@id\":\"https:\\\/\\\/www.bellunopress.it\\\/2009\\\/06\\\/20\\\/il-ministro-brunetta-a-belluno-sponsorizza-bottacin-ma-premia-reolon\\\/#primaryimage\"},\"image\":{\"@id\":\"https:\\\/\\\/www.bellunopress.it\\\/2009\\\/06\\\/20\\\/il-ministro-brunetta-a-belluno-sponsorizza-bottacin-ma-premia-reolon\\\/#primaryimage\"},\"thumbnailUrl\":\"http:\\\/\\\/www.bellunopress.it\\\/wp-content\\\/uploads\\\/2009\\\/06\\\/brunetta-a-belluno-manin-002-leggera.jpg\",\"datePublished\":\"2009-06-20T07:04:10+00:00\",\"dateModified\":\"2009-06-21T10:53:57+00:00\",\"breadcrumb\":{\"@id\":\"https:\\\/\\\/www.bellunopress.it\\\/2009\\\/06\\\/20\\\/il-ministro-brunetta-a-belluno-sponsorizza-bottacin-ma-premia-reolon\\\/#breadcrumb\"},\"inLanguage\":\"fr-FR\",\"potentialAction\":[{\"@type\":\"ReadAction\",\"target\":[\"https:\\\/\\\/www.bellunopress.it\\\/2009\\\/06\\\/20\\\/il-ministro-brunetta-a-belluno-sponsorizza-bottacin-ma-premia-reolon\\\/\"]}]},{\"@type\":\"ImageObject\",\"inLanguage\":\"fr-FR\",\"@id\":\"https:\\\/\\\/www.bellunopress.it\\\/2009\\\/06\\\/20\\\/il-ministro-brunetta-a-belluno-sponsorizza-bottacin-ma-premia-reolon\\\/#primaryimage\",\"url\":\"http:\\\/\\\/www.bellunopress.it\\\/wp-content\\\/uploads\\\/2009\\\/06\\\/brunetta-a-belluno-manin-002-leggera.jpg\",\"contentUrl\":\"http:\\\/\\\/www.bellunopress.it\\\/wp-content\\\/uploads\\\/2009\\\/06\\\/brunetta-a-belluno-manin-002-leggera.jpg\"},{\"@type\":\"BreadcrumbList\",\"@id\":\"https:\\\/\\\/www.bellunopress.it\\\/2009\\\/06\\\/20\\\/il-ministro-brunetta-a-belluno-sponsorizza-bottacin-ma-premia-reolon\\\/#breadcrumb\",\"itemListElement\":[{\"@type\":\"ListItem\",\"position\":1,\"name\":\"Home\",\"item\":\"https:\\\/\\\/www.bellunopress.it\\\/\"},{\"@type\":\"ListItem\",\"position\":2,\"name\":\"Il ministro Brunetta a Belluno sponsorizza Bottacin ma&#8230; premia Reolon\"}]},{\"@type\":\"WebSite\",\"@id\":\"https:\\\/\\\/www.bellunopress.it\\\/#website\",\"url\":\"https:\\\/\\\/www.bellunopress.it\\\/\",\"name\":\"Bellunopress - Dolomiti\",\"description\":\"e-mail: redazione@bellunopress.it\",\"publisher\":{\"@id\":\"https:\\\/\\\/www.bellunopress.it\\\/#organization\"},\"potentialAction\":[{\"@type\":\"SearchAction\",\"target\":{\"@type\":\"EntryPoint\",\"urlTemplate\":\"https:\\\/\\\/www.bellunopress.it\\\/?s={search_term_string}\"},\"query-input\":{\"@type\":\"PropertyValueSpecification\",\"valueRequired\":true,\"valueName\":\"search_term_string\"}}],\"inLanguage\":\"fr-FR\"},{\"@type\":\"Organization\",\"@id\":\"https:\\\/\\\/www.bellunopress.it\\\/#organization\",\"name\":\"Bellunopress\",\"url\":\"https:\\\/\\\/www.bellunopress.it\\\/\",\"logo\":{\"@type\":\"ImageObject\",\"inLanguage\":\"fr-FR\",\"@id\":\"https:\\\/\\\/www.bellunopress.it\\\/#\\\/schema\\\/logo\\\/image\\\/\",\"url\":\"https:\\\/\\\/www.bellunopress.it\\\/wp-content\\\/uploads\\\/2011\\\/05\\\/cropped-logo-bellunopress-.jpg\",\"contentUrl\":\"https:\\\/\\\/www.bellunopress.it\\\/wp-content\\\/uploads\\\/2011\\\/05\\\/cropped-logo-bellunopress-.jpg\",\"width\":512,\"height\":512,\"caption\":\"Bellunopress\"},\"image\":{\"@id\":\"https:\\\/\\\/www.bellunopress.it\\\/#\\\/schema\\\/logo\\\/image\\\/\"},\"sameAs\":[\"https:\\\/\\\/www.facebook.com\\\/profile.php?id=100008943462799\",\"https:\\\/\\\/x.com\\\/bellunopress\",\"https:\\\/\\\/www.linkedin.com\\\/hp\\\/?dnr=JBzUWaJfMUw8vbXJJ2tVW5-I3jZKvC4wsoxE&amp;amp;amp;amp;amp;amp;trk=nav_responsive_tab_home\",\"https:\\\/\\\/www.youtube.com\\\/channel\\\/UCxL0wu1uN0_3_7hGG0306cw\"]},{\"@type\":\"Person\",\"@id\":\"https:\\\/\\\/www.bellunopress.it\\\/#\\\/schema\\\/person\\\/79bb06722b37ece1c03d3e94beb30d73\",\"name\":\"redazione\",\"image\":{\"@type\":\"ImageObject\",\"inLanguage\":\"fr-FR\",\"@id\":\"https:\\\/\\\/secure.gravatar.com\\\/avatar\\\/37d968a2e67a6fd04c169c4bdef102d0bc5d31b2546345219e348575eb80e9a0?s=96&d=mm&r=g\",\"url\":\"https:\\\/\\\/secure.gravatar.com\\\/avatar\\\/37d968a2e67a6fd04c169c4bdef102d0bc5d31b2546345219e348575eb80e9a0?s=96&d=mm&r=g\",\"contentUrl\":\"https:\\\/\\\/secure.gravatar.com\\\/avatar\\\/37d968a2e67a6fd04c169c4bdef102d0bc5d31b2546345219e348575eb80e9a0?s=96&d=mm&r=g\",\"caption\":\"redazione\"},\"sameAs\":[\"http:\\\/\\\/www.bellunopress.it\",\"https:\\\/\\\/x.com\\\/bellunopress\"],\"url\":\"https:\\\/\\\/www.bellunopress.it\\\/fr\\\/author\\\/redazione\\\/\"}]}<\/script>\n<!-- \/ Yoast SEO plugin. -->","yoast_head_json":{"title":"Il ministro Brunetta a Belluno sponsorizza Bottacin ma... premia Reolon - Bellunopress - Dolomiti","robots":{"index":"index","follow":"follow","max-snippet":"max-snippet:-1","max-image-preview":"max-image-preview:large","max-video-preview":"max-video-preview:-1"},"canonical":"https:\/\/www.bellunopress.it\/fr\/2009\/06\/20\/il-ministro-brunetta-a-belluno-sponsorizza-bottacin-ma-premia-reolon\/","og_locale":"fr_FR","og_type":"article","og_title":"Il ministro Brunetta a Belluno sponsorizza Bottacin ma... premia Reolon - Bellunopress - Dolomiti","og_description":"\u201cL\u2019eccellenza io la riconosco sia a destra che a sinistra\u201d. Giunto a Belluno per un aperitivo-stampa pro Bottacin al Caff\u00e8 Manin in Piazza Martiri, il ministro Renato Brunetta ha confermato l\u2019eccellenza dell\u2019amministrazione provinciale di Sergio Reolon, cui il suo Ministero e quelli della Carfagna e della Prestigiacomo hanno consegnato 4 premi nel corso del Forum [&hellip;]","og_url":"https:\/\/www.bellunopress.it\/fr\/2009\/06\/20\/il-ministro-brunetta-a-belluno-sponsorizza-bottacin-ma-premia-reolon\/","og_site_name":"Bellunopress - Dolomiti","article_publisher":"https:\/\/www.facebook.com\/profile.php?id=100008943462799","article_published_time":"2009-06-20T07:04:10+00:00","article_modified_time":"2009-06-21T10:53:57+00:00","og_image":[{"url":"http:\/\/www.bellunopress.it\/wp-content\/uploads\/2009\/06\/brunetta-a-belluno-manin-002-leggera.jpg","type":"","width":"","height":""}],"author":"redazione","twitter_card":"summary_large_image","twitter_creator":"@bellunopress","twitter_site":"@bellunopress","twitter_misc":{"\u00c9crit par":"redazione","Dur\u00e9e de lecture estim\u00e9e":"3 minutes"},"schema":{"@context":"https:\/\/schema.org","@graph":[{"@type":"Article","@id":"https:\/\/www.bellunopress.it\/2009\/06\/20\/il-ministro-brunetta-a-belluno-sponsorizza-bottacin-ma-premia-reolon\/#article","isPartOf":{"@id":"https:\/\/www.bellunopress.it\/2009\/06\/20\/il-ministro-brunetta-a-belluno-sponsorizza-bottacin-ma-premia-reolon\/"},"author":{"name":"redazione","@id":"https:\/\/www.bellunopress.it\/#\/schema\/person\/79bb06722b37ece1c03d3e94beb30d73"},"headline":"Il ministro Brunetta a Belluno sponsorizza Bottacin ma&#8230; premia Reolon","datePublished":"2009-06-20T07:04:10+00:00","dateModified":"2009-06-21T10:53:57+00:00","mainEntityOfPage":{"@id":"https:\/\/www.bellunopress.it\/2009\/06\/20\/il-ministro-brunetta-a-belluno-sponsorizza-bottacin-ma-premia-reolon\/"},"wordCount":561,"publisher":{"@id":"https:\/\/www.bellunopress.it\/#organization"},"image":{"@id":"https:\/\/www.bellunopress.it\/2009\/06\/20\/il-ministro-brunetta-a-belluno-sponsorizza-bottacin-ma-premia-reolon\/#primaryimage"},"thumbnailUrl":"http:\/\/www.bellunopress.it\/wp-content\/uploads\/2009\/06\/brunetta-a-belluno-manin-002-leggera.jpg","keywords":["Belluno"],"articleSection":["Cronaca\/Politica","Prima Pagina"],"inLanguage":"fr-FR"},{"@type":"WebPage","@id":"https:\/\/www.bellunopress.it\/2009\/06\/20\/il-ministro-brunetta-a-belluno-sponsorizza-bottacin-ma-premia-reolon\/","url":"https:\/\/www.bellunopress.it\/2009\/06\/20\/il-ministro-brunetta-a-belluno-sponsorizza-bottacin-ma-premia-reolon\/","name":"Il ministro Brunetta a Belluno sponsorizza Bottacin ma... premia Reolon - Bellunopress - Dolomiti","isPartOf":{"@id":"https:\/\/www.bellunopress.it\/#website"},"primaryImageOfPage":{"@id":"https:\/\/www.bellunopress.it\/2009\/06\/20\/il-ministro-brunetta-a-belluno-sponsorizza-bottacin-ma-premia-reolon\/#primaryimage"},"image":{"@id":"https:\/\/www.bellunopress.it\/2009\/06\/20\/il-ministro-brunetta-a-belluno-sponsorizza-bottacin-ma-premia-reolon\/#primaryimage"},"thumbnailUrl":"http:\/\/www.bellunopress.it\/wp-content\/uploads\/2009\/06\/brunetta-a-belluno-manin-002-leggera.jpg","datePublished":"2009-06-20T07:04:10+00:00","dateModified":"2009-06-21T10:53:57+00:00","breadcrumb":{"@id":"https:\/\/www.bellunopress.it\/2009\/06\/20\/il-ministro-brunetta-a-belluno-sponsorizza-bottacin-ma-premia-reolon\/#breadcrumb"},"inLanguage":"fr-FR","potentialAction":[{"@type":"ReadAction","target":["https:\/\/www.bellunopress.it\/2009\/06\/20\/il-ministro-brunetta-a-belluno-sponsorizza-bottacin-ma-premia-reolon\/"]}]},{"@type":"ImageObject","inLanguage":"fr-FR","@id":"https:\/\/www.bellunopress.it\/2009\/06\/20\/il-ministro-brunetta-a-belluno-sponsorizza-bottacin-ma-premia-reolon\/#primaryimage","url":"http:\/\/www.bellunopress.it\/wp-content\/uploads\/2009\/06\/brunetta-a-belluno-manin-002-leggera.jpg","contentUrl":"http:\/\/www.bellunopress.it\/wp-content\/uploads\/2009\/06\/brunetta-a-belluno-manin-002-leggera.jpg"},{"@type":"BreadcrumbList","@id":"https:\/\/www.bellunopress.it\/2009\/06\/20\/il-ministro-brunetta-a-belluno-sponsorizza-bottacin-ma-premia-reolon\/#breadcrumb","itemListElement":[{"@type":"ListItem","position":1,"name":"Home","item":"https:\/\/www.bellunopress.it\/"},{"@type":"ListItem","position":2,"name":"Il ministro Brunetta a Belluno sponsorizza Bottacin ma&#8230; premia Reolon"}]},{"@type":"WebSite","@id":"https:\/\/www.bellunopress.it\/#website","url":"https:\/\/www.bellunopress.it\/","name":"Bellunopress - Dolomiti","description":"e-mail: redazione@bellunopress.it","publisher":{"@id":"https:\/\/www.bellunopress.it\/#organization"},"potentialAction":[{"@type":"SearchAction","target":{"@type":"EntryPoint","urlTemplate":"https:\/\/www.bellunopress.it\/?s={search_term_string}"},"query-input":{"@type":"PropertyValueSpecification","valueRequired":true,"valueName":"search_term_string"}}],"inLanguage":"fr-FR"},{"@type":"Organization","@id":"https:\/\/www.bellunopress.it\/#organization","name":"Bellunopress","url":"https:\/\/www.bellunopress.it\/","logo":{"@type":"ImageObject","inLanguage":"fr-FR","@id":"https:\/\/www.bellunopress.it\/#\/schema\/logo\/image\/","url":"https:\/\/www.bellunopress.it\/wp-content\/uploads\/2011\/05\/cropped-logo-bellunopress-.jpg","contentUrl":"https:\/\/www.bellunopress.it\/wp-content\/uploads\/2011\/05\/cropped-logo-bellunopress-.jpg","width":512,"height":512,"caption":"Bellunopress"},"image":{"@id":"https:\/\/www.bellunopress.it\/#\/schema\/logo\/image\/"},"sameAs":["https:\/\/www.facebook.com\/profile.php?id=100008943462799","https:\/\/x.com\/bellunopress","https:\/\/www.linkedin.com\/hp\/?dnr=JBzUWaJfMUw8vbXJJ2tVW5-I3jZKvC4wsoxE&amp;amp;amp;amp;amp;amp;trk=nav_responsive_tab_home","https:\/\/www.youtube.com\/channel\/UCxL0wu1uN0_3_7hGG0306cw"]},{"@type":"Person","@id":"https:\/\/www.bellunopress.it\/#\/schema\/person\/79bb06722b37ece1c03d3e94beb30d73","name":"r\u00e9daction","image":{"@type":"ImageObject","inLanguage":"fr-FR","@id":"https:\/\/secure.gravatar.com\/avatar\/37d968a2e67a6fd04c169c4bdef102d0bc5d31b2546345219e348575eb80e9a0?s=96&d=mm&r=g","url":"https:\/\/secure.gravatar.com\/avatar\/37d968a2e67a6fd04c169c4bdef102d0bc5d31b2546345219e348575eb80e9a0?s=96&d=mm&r=g","contentUrl":"https:\/\/secure.gravatar.com\/avatar\/37d968a2e67a6fd04c169c4bdef102d0bc5d31b2546345219e348575eb80e9a0?s=96&d=mm&r=g","caption":"redazione"},"sameAs":["http:\/\/www.bellunopress.it","https:\/\/x.com\/bellunopress"],"url":"https:\/\/www.bellunopress.it\/fr\/author\/redazione\/"}]}},"_links":{"self":[{"href":"https:\/\/www.bellunopress.it\/fr\/wp-json\/wp\/v2\/posts\/5107","targetHints":{"allow":["GET"]}}],"collection":[{"href":"https:\/\/www.bellunopress.it\/fr\/wp-json\/wp\/v2\/posts"}],"about":[{"href":"https:\/\/www.bellunopress.it\/fr\/wp-json\/wp\/v2\/types\/post"}],"author":[{"embeddable":true,"href":"https:\/\/www.bellunopress.it\/fr\/wp-json\/wp\/v2\/users\/2"}],"replies":[{"embeddable":true,"href":"https:\/\/www.bellunopress.it\/fr\/wp-json\/wp\/v2\/comments?post=5107"}],"version-history":[{"count":4,"href":"https:\/\/www.bellunopress.it\/fr\/wp-json\/wp\/v2\/posts\/5107\/revisions"}],"predecessor-version":[{"id":5215,"href":"https:\/\/www.bellunopress.it\/fr\/wp-json\/wp\/v2\/posts\/5107\/revisions\/5215"}],"wp:attachment":[{"href":"https:\/\/www.bellunopress.it\/fr\/wp-json\/wp\/v2\/media?parent=5107"}],"wp:term":[{"taxonomy":"category","embeddable":true,"href":"https:\/\/www.bellunopress.it\/fr\/wp-json\/wp\/v2\/categories?post=5107"},{"taxonomy":"post_tag","embeddable":true,"href":"https:\/\/www.bellunopress.it\/fr\/wp-json\/wp\/v2\/tags?post=5107"}],"curies":[{"name":"wp","href":"https:\/\/api.w.org\/{rel}","templated":true}]}}