{"id":5103,"date":"2009-06-19T16:02:35","date_gmt":"2009-06-19T15:02:35","guid":{"rendered":"http:\/\/www.bellunopress.it\/?p=5103"},"modified":"2009-06-19T16:08:55","modified_gmt":"2009-06-19T15:08:55","slug":"alla-convention-elettorale-del-centrodestra-insulti-e-strattoni-ai-fotografi-del-corriere-delle-alpi-e-del-gazzettino","status":"publish","type":"post","link":"https:\/\/www.bellunopress.it\/fr\/2009\/06\/19\/alla-convention-elettorale-del-centrodestra-insulti-e-strattoni-ai-fotografi-del-corriere-delle-alpi-e-del-gazzettino\/","title":{"rendered":"Alla convention elettorale del centrodestra insulti e strattoni ai fotografi del Corriere delle Alpi e del Gazzettino"},"content":{"rendered":"<p>Ci risiamo. Dopo le intemperanze dei giovani del servizio d\u2019ordine leghista alla Spes Arena (prima visita di Bossi a Belluno per promuovere il candidato Bottacin), le spinte ai fotografi dei quotidiani locali si sono ripetute anche ieri sera al centro Giovanni XXIII. Insulti, minacce e strattoni ai reporter del Corriere delle Alpi e del Gazzettino hanno creato momenti di tensione e funestato la kermesse del centrodestra organizzata dal segreterio provinciale della Lega Gianvittore Vaccari. Un atteggiamento che pone dei seri interrogativi sulle responsabilit\u00e0 di una certa politica per ci\u00f2 che di profondamente sbagliato inculca nella testa delle sue giovani leve. Il senatore e sindaco di Feltre Gianvittore Vaccari, interpellato, ha definito \u201cdelicata\u201d la questione, rimandando una sua dichiarazione sui fatti a dopo un eventuale incontro con i responsabili dei quotidiani. Esterrefatti anche alcuni esponenti dello stesso Pdl, loro alleati, che si sono visti sbarrare la strada verso il palco della convention elettorale da alcuni giovani e aggressivi fazzoletti verdi. Un incidente diplomatico che si \u00e8 chiuso solo dopo l\u2019intervento della dirigenza leghista che ha sdoganato gli ospiti cos\u00ec: \u201cQuesti sono con noi ragazzi, mollateli\u201d. Gelo e qualche sintomo di insofferenza nel Pdl anche per il lungo ed estenuante amarcord di Bossi, venerato ormai come un\u2019icona dal popolo del Carroccio, ma non certo facile da gestire sul palco. Come si fa a dirgli ok Umberto grazie adesso parla l\u2019alleato Tremonti che sono gi\u00e0 le undici e Zaia \u00e8 qui da tre ore e il Pdl si sta innervosendo perch\u00e9 \u00e8 stato messo a tacere gi\u00e0 un paio di volte. Nessuno infatti se l\u2019\u00e8 sentita e il tardivo e interessante intervento del ministro delle finanze, con l\u2019attacco ben mirato politicamente ai privilegi altoatesini e a Durnwalder, sui quotidiani di oggi \u00e8 stentato ad apparire.<\/p>","protected":false},"excerpt":{"rendered":"<p>Ci risiamo. Dopo le intemperanze dei giovani del servizio d\u2019ordine leghista alla Spes Arena (prima visita di Bossi a Belluno per promuovere il candidato Bottacin), le spinte ai fotografi dei quotidiani locali si sono ripetute anche ieri sera al centro Giovanni XXIII. Insulti, minacce e strattoni ai reporter del Corriere delle Alpi e del Gazzettino [&hellip;]<\/p>\n","protected":false},"author":2,"featured_media":0,"comment_status":"closed","ping_status":"open","sticky":false,"template":"","format":"standard","meta":{"footnotes":""},"categories":[5,26],"tags":[139,302],"class_list":["post-5103","post","type-post","status-publish","format-standard","category-cronaca","category-prima-pagina","tag-belluno","tag-feltre"],"yoast_head":"<!-- This site is optimized with the Yoast SEO plugin v28.4 - https:\/\/yoast.com\/product\/yoast-seo-wordpress\/ -->\n<title>Alla convention elettorale del centrodestra insulti e strattoni ai fotografi del Corriere delle Alpi e del Gazzettino - Bellunopress - Dolomiti<\/title>\n<meta name=\"robots\" content=\"index, follow, max-snippet:-1, max-image-preview:large, max-video-preview:-1\" \/>\n<link rel=\"canonical\" href=\"https:\/\/www.bellunopress.it\/fr\/2009\/06\/19\/alla-convention-elettorale-del-centrodestra-insulti-e-strattoni-ai-fotografi-del-corriere-delle-alpi-e-del-gazzettino\/\" \/>\n<meta property=\"og:locale\" content=\"fr_FR\" \/>\n<meta property=\"og:type\" content=\"article\" \/>\n<meta property=\"og:title\" content=\"Alla convention elettorale del centrodestra insulti e strattoni ai fotografi del Corriere delle Alpi e del Gazzettino - Bellunopress - Dolomiti\" \/>\n<meta property=\"og:description\" content=\"Ci risiamo. Dopo le intemperanze dei giovani del servizio d\u2019ordine leghista alla Spes Arena (prima visita di Bossi a Belluno per promuovere il candidato Bottacin), le spinte ai fotografi dei quotidiani locali si sono ripetute anche ieri sera al centro Giovanni XXIII. Insulti, minacce e strattoni ai reporter del Corriere delle Alpi e del Gazzettino [&hellip;]\" \/>\n<meta property=\"og:url\" content=\"https:\/\/www.bellunopress.it\/fr\/2009\/06\/19\/alla-convention-elettorale-del-centrodestra-insulti-e-strattoni-ai-fotografi-del-corriere-delle-alpi-e-del-gazzettino\/\" \/>\n<meta property=\"og:site_name\" content=\"Bellunopress - Dolomiti\" \/>\n<meta property=\"article:publisher\" content=\"https:\/\/www.facebook.com\/profile.php?id=100008943462799\" \/>\n<meta property=\"article:published_time\" content=\"2009-06-19T15:02:35+00:00\" \/>\n<meta property=\"article:modified_time\" content=\"2009-06-19T15:08:55+00:00\" \/>\n<meta property=\"og:image\" content=\"http:\/\/www.bellunopress.it\/wp-content\/uploads\/2012\/07\/logo-bellunopress-250x250-2012.jpg\" \/>\n<meta name=\"author\" content=\"redazione\" \/>\n<meta name=\"twitter:card\" content=\"summary_large_image\" \/>\n<meta name=\"twitter:creator\" content=\"@bellunopress\" \/>\n<meta name=\"twitter:site\" content=\"@bellunopress\" \/>\n<meta name=\"twitter:label1\" content=\"\u00c9crit par\" \/>\n\t<meta name=\"twitter:data1\" content=\"redazione\" \/>\n\t<meta name=\"twitter:label2\" content=\"Dur\u00e9e de lecture estim\u00e9e\" \/>\n\t<meta name=\"twitter:data2\" content=\"1 minute\" \/>\n<script type=\"application\/ld+json\" class=\"yoast-schema-graph\">{\"@context\":\"https:\\\/\\\/schema.org\",\"@graph\":[{\"@type\":\"Article\",\"@id\":\"https:\\\/\\\/www.bellunopress.it\\\/2009\\\/06\\\/19\\\/alla-convention-elettorale-del-centrodestra-insulti-e-strattoni-ai-fotografi-del-corriere-delle-alpi-e-del-gazzettino\\\/#article\",\"isPartOf\":{\"@id\":\"https:\\\/\\\/www.bellunopress.it\\\/2009\\\/06\\\/19\\\/alla-convention-elettorale-del-centrodestra-insulti-e-strattoni-ai-fotografi-del-corriere-delle-alpi-e-del-gazzettino\\\/\"},\"author\":{\"name\":\"redazione\",\"@id\":\"https:\\\/\\\/www.bellunopress.it\\\/#\\\/schema\\\/person\\\/79bb06722b37ece1c03d3e94beb30d73\"},\"headline\":\"Alla convention elettorale del centrodestra insulti e strattoni ai fotografi del Corriere delle Alpi e del Gazzettino\",\"datePublished\":\"2009-06-19T15:02:35+00:00\",\"dateModified\":\"2009-06-19T15:08:55+00:00\",\"mainEntityOfPage\":{\"@id\":\"https:\\\/\\\/www.bellunopress.it\\\/2009\\\/06\\\/19\\\/alla-convention-elettorale-del-centrodestra-insulti-e-strattoni-ai-fotografi-del-corriere-delle-alpi-e-del-gazzettino\\\/\"},\"wordCount\":310,\"publisher\":{\"@id\":\"https:\\\/\\\/www.bellunopress.it\\\/#organization\"},\"keywords\":[\"Belluno\",\"Feltre\"],\"articleSection\":[\"Cronaca\\\/Politica\",\"Prima Pagina\"],\"inLanguage\":\"fr-FR\"},{\"@type\":\"WebPage\",\"@id\":\"https:\\\/\\\/www.bellunopress.it\\\/2009\\\/06\\\/19\\\/alla-convention-elettorale-del-centrodestra-insulti-e-strattoni-ai-fotografi-del-corriere-delle-alpi-e-del-gazzettino\\\/\",\"url\":\"https:\\\/\\\/www.bellunopress.it\\\/2009\\\/06\\\/19\\\/alla-convention-elettorale-del-centrodestra-insulti-e-strattoni-ai-fotografi-del-corriere-delle-alpi-e-del-gazzettino\\\/\",\"name\":\"Alla convention elettorale del centrodestra insulti e strattoni ai fotografi del Corriere delle Alpi e del Gazzettino - Bellunopress - Dolomiti\",\"isPartOf\":{\"@id\":\"https:\\\/\\\/www.bellunopress.it\\\/#website\"},\"datePublished\":\"2009-06-19T15:02:35+00:00\",\"dateModified\":\"2009-06-19T15:08:55+00:00\",\"breadcrumb\":{\"@id\":\"https:\\\/\\\/www.bellunopress.it\\\/2009\\\/06\\\/19\\\/alla-convention-elettorale-del-centrodestra-insulti-e-strattoni-ai-fotografi-del-corriere-delle-alpi-e-del-gazzettino\\\/#breadcrumb\"},\"inLanguage\":\"fr-FR\",\"potentialAction\":[{\"@type\":\"ReadAction\",\"target\":[\"https:\\\/\\\/www.bellunopress.it\\\/2009\\\/06\\\/19\\\/alla-convention-elettorale-del-centrodestra-insulti-e-strattoni-ai-fotografi-del-corriere-delle-alpi-e-del-gazzettino\\\/\"]}]},{\"@type\":\"BreadcrumbList\",\"@id\":\"https:\\\/\\\/www.bellunopress.it\\\/2009\\\/06\\\/19\\\/alla-convention-elettorale-del-centrodestra-insulti-e-strattoni-ai-fotografi-del-corriere-delle-alpi-e-del-gazzettino\\\/#breadcrumb\",\"itemListElement\":[{\"@type\":\"ListItem\",\"position\":1,\"name\":\"Home\",\"item\":\"https:\\\/\\\/www.bellunopress.it\\\/\"},{\"@type\":\"ListItem\",\"position\":2,\"name\":\"Alla convention elettorale del centrodestra insulti e strattoni ai fotografi del Corriere delle Alpi e del Gazzettino\"}]},{\"@type\":\"WebSite\",\"@id\":\"https:\\\/\\\/www.bellunopress.it\\\/#website\",\"url\":\"https:\\\/\\\/www.bellunopress.it\\\/\",\"name\":\"Bellunopress - Dolomiti\",\"description\":\"e-mail: redazione@bellunopress.it\",\"publisher\":{\"@id\":\"https:\\\/\\\/www.bellunopress.it\\\/#organization\"},\"potentialAction\":[{\"@type\":\"SearchAction\",\"target\":{\"@type\":\"EntryPoint\",\"urlTemplate\":\"https:\\\/\\\/www.bellunopress.it\\\/?s={search_term_string}\"},\"query-input\":{\"@type\":\"PropertyValueSpecification\",\"valueRequired\":true,\"valueName\":\"search_term_string\"}}],\"inLanguage\":\"fr-FR\"},{\"@type\":\"Organization\",\"@id\":\"https:\\\/\\\/www.bellunopress.it\\\/#organization\",\"name\":\"Bellunopress\",\"url\":\"https:\\\/\\\/www.bellunopress.it\\\/\",\"logo\":{\"@type\":\"ImageObject\",\"inLanguage\":\"fr-FR\",\"@id\":\"https:\\\/\\\/www.bellunopress.it\\\/#\\\/schema\\\/logo\\\/image\\\/\",\"url\":\"https:\\\/\\\/www.bellunopress.it\\\/wp-content\\\/uploads\\\/2011\\\/05\\\/cropped-logo-bellunopress-.jpg\",\"contentUrl\":\"https:\\\/\\\/www.bellunopress.it\\\/wp-content\\\/uploads\\\/2011\\\/05\\\/cropped-logo-bellunopress-.jpg\",\"width\":512,\"height\":512,\"caption\":\"Bellunopress\"},\"image\":{\"@id\":\"https:\\\/\\\/www.bellunopress.it\\\/#\\\/schema\\\/logo\\\/image\\\/\"},\"sameAs\":[\"https:\\\/\\\/www.facebook.com\\\/profile.php?id=100008943462799\",\"https:\\\/\\\/x.com\\\/bellunopress\",\"https:\\\/\\\/www.linkedin.com\\\/hp\\\/?dnr=JBzUWaJfMUw8vbXJJ2tVW5-I3jZKvC4wsoxE&amp;amp;amp;amp;amp;amp;trk=nav_responsive_tab_home\",\"https:\\\/\\\/www.youtube.com\\\/channel\\\/UCxL0wu1uN0_3_7hGG0306cw\"]},{\"@type\":\"Person\",\"@id\":\"https:\\\/\\\/www.bellunopress.it\\\/#\\\/schema\\\/person\\\/79bb06722b37ece1c03d3e94beb30d73\",\"name\":\"redazione\",\"image\":{\"@type\":\"ImageObject\",\"inLanguage\":\"fr-FR\",\"@id\":\"https:\\\/\\\/secure.gravatar.com\\\/avatar\\\/37d968a2e67a6fd04c169c4bdef102d0bc5d31b2546345219e348575eb80e9a0?s=96&d=mm&r=g\",\"url\":\"https:\\\/\\\/secure.gravatar.com\\\/avatar\\\/37d968a2e67a6fd04c169c4bdef102d0bc5d31b2546345219e348575eb80e9a0?s=96&d=mm&r=g\",\"contentUrl\":\"https:\\\/\\\/secure.gravatar.com\\\/avatar\\\/37d968a2e67a6fd04c169c4bdef102d0bc5d31b2546345219e348575eb80e9a0?s=96&d=mm&r=g\",\"caption\":\"redazione\"},\"sameAs\":[\"http:\\\/\\\/www.bellunopress.it\",\"https:\\\/\\\/x.com\\\/bellunopress\"],\"url\":\"https:\\\/\\\/www.bellunopress.it\\\/fr\\\/author\\\/redazione\\\/\"}]}<\/script>\n<!-- \/ Yoast SEO plugin. -->","yoast_head_json":{"title":"Alla convention elettorale del centrodestra insulti e strattoni ai fotografi del Corriere delle Alpi e del Gazzettino - Bellunopress - Dolomiti","robots":{"index":"index","follow":"follow","max-snippet":"max-snippet:-1","max-image-preview":"max-image-preview:large","max-video-preview":"max-video-preview:-1"},"canonical":"https:\/\/www.bellunopress.it\/fr\/2009\/06\/19\/alla-convention-elettorale-del-centrodestra-insulti-e-strattoni-ai-fotografi-del-corriere-delle-alpi-e-del-gazzettino\/","og_locale":"fr_FR","og_type":"article","og_title":"Alla convention elettorale del centrodestra insulti e strattoni ai fotografi del Corriere delle Alpi e del Gazzettino - Bellunopress - Dolomiti","og_description":"Ci risiamo. Dopo le intemperanze dei giovani del servizio d\u2019ordine leghista alla Spes Arena (prima visita di Bossi a Belluno per promuovere il candidato Bottacin), le spinte ai fotografi dei quotidiani locali si sono ripetute anche ieri sera al centro Giovanni XXIII. Insulti, minacce e strattoni ai reporter del Corriere delle Alpi e del Gazzettino [&hellip;]","og_url":"https:\/\/www.bellunopress.it\/fr\/2009\/06\/19\/alla-convention-elettorale-del-centrodestra-insulti-e-strattoni-ai-fotografi-del-corriere-delle-alpi-e-del-gazzettino\/","og_site_name":"Bellunopress - Dolomiti","article_publisher":"https:\/\/www.facebook.com\/profile.php?id=100008943462799","article_published_time":"2009-06-19T15:02:35+00:00","article_modified_time":"2009-06-19T15:08:55+00:00","og_image":[{"url":"http:\/\/www.bellunopress.it\/wp-content\/uploads\/2012\/07\/logo-bellunopress-250x250-2012.jpg","type":"","width":"","height":""}],"author":"redazione","twitter_card":"summary_large_image","twitter_creator":"@bellunopress","twitter_site":"@bellunopress","twitter_misc":{"\u00c9crit par":"redazione","Dur\u00e9e de lecture estim\u00e9e":"1 minute"},"schema":{"@context":"https:\/\/schema.org","@graph":[{"@type":"Article","@id":"https:\/\/www.bellunopress.it\/2009\/06\/19\/alla-convention-elettorale-del-centrodestra-insulti-e-strattoni-ai-fotografi-del-corriere-delle-alpi-e-del-gazzettino\/#article","isPartOf":{"@id":"https:\/\/www.bellunopress.it\/2009\/06\/19\/alla-convention-elettorale-del-centrodestra-insulti-e-strattoni-ai-fotografi-del-corriere-delle-alpi-e-del-gazzettino\/"},"author":{"name":"redazione","@id":"https:\/\/www.bellunopress.it\/#\/schema\/person\/79bb06722b37ece1c03d3e94beb30d73"},"headline":"Alla convention elettorale del centrodestra insulti e strattoni ai fotografi del Corriere delle Alpi e del Gazzettino","datePublished":"2009-06-19T15:02:35+00:00","dateModified":"2009-06-19T15:08:55+00:00","mainEntityOfPage":{"@id":"https:\/\/www.bellunopress.it\/2009\/06\/19\/alla-convention-elettorale-del-centrodestra-insulti-e-strattoni-ai-fotografi-del-corriere-delle-alpi-e-del-gazzettino\/"},"wordCount":310,"publisher":{"@id":"https:\/\/www.bellunopress.it\/#organization"},"keywords":["Belluno","Feltre"],"articleSection":["Cronaca\/Politica","Prima Pagina"],"inLanguage":"fr-FR"},{"@type":"WebPage","@id":"https:\/\/www.bellunopress.it\/2009\/06\/19\/alla-convention-elettorale-del-centrodestra-insulti-e-strattoni-ai-fotografi-del-corriere-delle-alpi-e-del-gazzettino\/","url":"https:\/\/www.bellunopress.it\/2009\/06\/19\/alla-convention-elettorale-del-centrodestra-insulti-e-strattoni-ai-fotografi-del-corriere-delle-alpi-e-del-gazzettino\/","name":"Alla convention elettorale del centrodestra insulti e strattoni ai fotografi del Corriere delle Alpi e del Gazzettino - Bellunopress - Dolomiti","isPartOf":{"@id":"https:\/\/www.bellunopress.it\/#website"},"datePublished":"2009-06-19T15:02:35+00:00","dateModified":"2009-06-19T15:08:55+00:00","breadcrumb":{"@id":"https:\/\/www.bellunopress.it\/2009\/06\/19\/alla-convention-elettorale-del-centrodestra-insulti-e-strattoni-ai-fotografi-del-corriere-delle-alpi-e-del-gazzettino\/#breadcrumb"},"inLanguage":"fr-FR","potentialAction":[{"@type":"ReadAction","target":["https:\/\/www.bellunopress.it\/2009\/06\/19\/alla-convention-elettorale-del-centrodestra-insulti-e-strattoni-ai-fotografi-del-corriere-delle-alpi-e-del-gazzettino\/"]}]},{"@type":"BreadcrumbList","@id":"https:\/\/www.bellunopress.it\/2009\/06\/19\/alla-convention-elettorale-del-centrodestra-insulti-e-strattoni-ai-fotografi-del-corriere-delle-alpi-e-del-gazzettino\/#breadcrumb","itemListElement":[{"@type":"ListItem","position":1,"name":"Home","item":"https:\/\/www.bellunopress.it\/"},{"@type":"ListItem","position":2,"name":"Alla convention elettorale del centrodestra insulti e strattoni ai fotografi del Corriere delle Alpi e del Gazzettino"}]},{"@type":"WebSite","@id":"https:\/\/www.bellunopress.it\/#website","url":"https:\/\/www.bellunopress.it\/","name":"Bellunopress - Dolomiti","description":"e-mail: redazione@bellunopress.it","publisher":{"@id":"https:\/\/www.bellunopress.it\/#organization"},"potentialAction":[{"@type":"SearchAction","target":{"@type":"EntryPoint","urlTemplate":"https:\/\/www.bellunopress.it\/?s={search_term_string}"},"query-input":{"@type":"PropertyValueSpecification","valueRequired":true,"valueName":"search_term_string"}}],"inLanguage":"fr-FR"},{"@type":"Organization","@id":"https:\/\/www.bellunopress.it\/#organization","name":"Bellunopress","url":"https:\/\/www.bellunopress.it\/","logo":{"@type":"ImageObject","inLanguage":"fr-FR","@id":"https:\/\/www.bellunopress.it\/#\/schema\/logo\/image\/","url":"https:\/\/www.bellunopress.it\/wp-content\/uploads\/2011\/05\/cropped-logo-bellunopress-.jpg","contentUrl":"https:\/\/www.bellunopress.it\/wp-content\/uploads\/2011\/05\/cropped-logo-bellunopress-.jpg","width":512,"height":512,"caption":"Bellunopress"},"image":{"@id":"https:\/\/www.bellunopress.it\/#\/schema\/logo\/image\/"},"sameAs":["https:\/\/www.facebook.com\/profile.php?id=100008943462799","https:\/\/x.com\/bellunopress","https:\/\/www.linkedin.com\/hp\/?dnr=JBzUWaJfMUw8vbXJJ2tVW5-I3jZKvC4wsoxE&amp;amp;amp;amp;amp;amp;trk=nav_responsive_tab_home","https:\/\/www.youtube.com\/channel\/UCxL0wu1uN0_3_7hGG0306cw"]},{"@type":"Person","@id":"https:\/\/www.bellunopress.it\/#\/schema\/person\/79bb06722b37ece1c03d3e94beb30d73","name":"r\u00e9daction","image":{"@type":"ImageObject","inLanguage":"fr-FR","@id":"https:\/\/secure.gravatar.com\/avatar\/37d968a2e67a6fd04c169c4bdef102d0bc5d31b2546345219e348575eb80e9a0?s=96&d=mm&r=g","url":"https:\/\/secure.gravatar.com\/avatar\/37d968a2e67a6fd04c169c4bdef102d0bc5d31b2546345219e348575eb80e9a0?s=96&d=mm&r=g","contentUrl":"https:\/\/secure.gravatar.com\/avatar\/37d968a2e67a6fd04c169c4bdef102d0bc5d31b2546345219e348575eb80e9a0?s=96&d=mm&r=g","caption":"redazione"},"sameAs":["http:\/\/www.bellunopress.it","https:\/\/x.com\/bellunopress"],"url":"https:\/\/www.bellunopress.it\/fr\/author\/redazione\/"}]}},"_links":{"self":[{"href":"https:\/\/www.bellunopress.it\/fr\/wp-json\/wp\/v2\/posts\/5103","targetHints":{"allow":["GET"]}}],"collection":[{"href":"https:\/\/www.bellunopress.it\/fr\/wp-json\/wp\/v2\/posts"}],"about":[{"href":"https:\/\/www.bellunopress.it\/fr\/wp-json\/wp\/v2\/types\/post"}],"author":[{"embeddable":true,"href":"https:\/\/www.bellunopress.it\/fr\/wp-json\/wp\/v2\/users\/2"}],"replies":[{"embeddable":true,"href":"https:\/\/www.bellunopress.it\/fr\/wp-json\/wp\/v2\/comments?post=5103"}],"version-history":[{"count":2,"href":"https:\/\/www.bellunopress.it\/fr\/wp-json\/wp\/v2\/posts\/5103\/revisions"}],"predecessor-version":[{"id":5106,"href":"https:\/\/www.bellunopress.it\/fr\/wp-json\/wp\/v2\/posts\/5103\/revisions\/5106"}],"wp:attachment":[{"href":"https:\/\/www.bellunopress.it\/fr\/wp-json\/wp\/v2\/media?parent=5103"}],"wp:term":[{"taxonomy":"category","embeddable":true,"href":"https:\/\/www.bellunopress.it\/fr\/wp-json\/wp\/v2\/categories?post=5103"},{"taxonomy":"post_tag","embeddable":true,"href":"https:\/\/www.bellunopress.it\/fr\/wp-json\/wp\/v2\/tags?post=5103"}],"curies":[{"name":"wp","href":"https:\/\/api.w.org\/{rel}","templated":true}]}}