{"id":5091,"date":"2009-06-19T01:36:19","date_gmt":"2009-06-19T00:36:19","guid":{"rendered":"http:\/\/www.bellunopress.it\/?p=5091"},"modified":"2009-06-19T01:36:19","modified_gmt":"2009-06-19T00:36:19","slug":"reolon-e-bottacin-ultimo-appuntamento-elettorale-prima-del-voto-di-domenica-e-lunedi","status":"publish","type":"post","link":"https:\/\/www.bellunopress.it\/fr\/2009\/06\/19\/reolon-e-bottacin-ultimo-appuntamento-elettorale-prima-del-voto-di-domenica-e-lunedi\/","title":{"rendered":"Reolon e Bottacin, ultimo appuntamento elettorale prima del voto di domenica e luned\u00ec"},"content":{"rendered":"<p>Ultimi fuochi della campagna elettorale. Ieri sera, al Teatro comunale c\u2019erano Sergio Reolon con Deborah <a href=\"http:\/\/www.bellunopress.it\/wp-content\/uploads\/2009\/06\/reolon-sassoli-serracchiani.jpg\"><img loading=\"lazy\" decoding=\"async\" class=\"alignleft size-medium wp-image-5092\" title=\"reolon-sassoli-serracchiani\" src=\"http:\/\/www.bellunopress.it\/wp-content\/uploads\/2009\/06\/reolon-sassoli-serracchiani.jpg\" alt=\"\" width=\"270\" height=\"180\" \/><\/a>Serracchiani e Davide Sassoli, tutti e tre sul palco a ribadire la necessit\u00e0 di non lasciare la Provincia di Belluno nelle mani del centrodestra e di dare continuit\u00e0 al lavoro e ai risultati ottenuti nei primi cinque anni di legislatura dell\u2019 amministrazione in scadenza. A pochi passi, al centro Giovanni XXIII, Gianpaolo Bottacin con Bossi, e i ministri Zaia e Tremonti hanno celebrato l\u2019orgoglio leghista e sparato a zero sull\u2019avversario cercando di infiammare il popolo del Carroccio (circa 400 persone) gi\u00e0 piuttosto accaldato. Entrambi i candidati alla Provincia hanno cercato di gettare il cuore oltre l\u2019ostacolo (si vota domenica e luned\u00ec), con Serracchiani che ha ricordato Enrico Berlinguer e l\u2019attualit\u00e0 della questione morale in relazione allo strapotere dei partiti e Sassoli, che si \u00e8 detto fiducioso che la gente capisca lo sforzo di chi ha condotto una campagna elettorale \u201cporta a porta, ma senza Bruno Vespa, sostenuto dalla passione e dall\u2019amore per la sua terra\u201d.<\/p>\n<p><a href=\"http:\/\/www.bellunopress.it\/wp-content\/uploads\/2009\/06\/bottacin-palco-completo-leggera.jpg\"><img loading=\"lazy\" decoding=\"async\" class=\"alignleft size-medium wp-image-5093\" title=\"bottacin-palco-completo-leggera\" src=\"http:\/\/www.bellunopress.it\/wp-content\/uploads\/2009\/06\/bottacin-palco-completo-leggera.jpg\" alt=\"\" width=\"270\" height=\"180\" \/><\/a>Sull\u2019altro fronte, dopo l\u2019intervento di Gianpaolo Bottacin, che ha dichiarato guerra ai \u201cvincoli imposti da Reolon al territorio\u201d, si sono susseguiti quelli di Umberto Bossi e Rosi Mauro. Sussurri e grida che hanno preceduto le parole del ministro Tremonti: \u201cil federalismo prevede una perequazione per le zone di montagna che hanno meno rispetto all\u2019Alto Adige. E se non gli garba che torni in Austria\u201d. Un invito ovviamente rivolto al presidente altoatesino Durnwalder (non propriamente un beniamino del centrodestra), che ha fatto felici, anche se solo per un attimo, le orecchie dei leghisti presenti. La Lega si \u00e8 appropriata anche della questione religiosa, con il ministro Zaia che ha sponsorizzato il crocifisso, proponendo l\u2019evangelizzazione degli infedeli e plaudendo alle vecchie e buone radici cristiane. A fine serata \u00e8 giunto anche l\u2019annuncio del Pab per l\u2019autonomia bellunese di Paolo Bampo (rintracciabile su Facebook), che dopo un rapido sondaggio ha lasciato ai suoi sostenitori libert\u00e0 di scelta tra i due candidati. Oltre che scoprire come voteranno gli 8.000 elettori dell&#8217;Udc, rimane da sciogliere l\u2019incognita astensione per Reolon e il Pd (\u201cma non potremo sempre vivere da sfigati noi della sinistra\u201d ha detto Serrachiani), e a Bottacin quel gap di 10.000 voti targati Pdl, registrati in meno al primo turno rispetto a quelli ottenuti dal partito di Berlusconi alle elezioni europee. Un fatto che ha innescato polemiche tra gli alleati del centrodestra, ma che pare appianato dalla promessa, in caso di vittoria, della vicepresidenza della Provincia a Giovanni Piccoli e di un\u2019assessorato a Bruno Zanolla. Bim\u2026go ragazzi!<\/p>","protected":false},"excerpt":{"rendered":"<p>Ultimi fuochi della campagna elettorale. Ieri sera, al Teatro comunale c\u2019erano Sergio Reolon con Deborah Serracchiani e Davide Sassoli, tutti e tre sul palco a ribadire la necessit\u00e0 di non lasciare la Provincia di Belluno nelle mani del centrodestra e di dare continuit\u00e0 al lavoro e ai risultati ottenuti nei primi cinque anni di legislatura [&hellip;]<\/p>\n","protected":false},"author":2,"featured_media":0,"comment_status":"closed","ping_status":"open","sticky":false,"template":"","format":"standard","meta":{"footnotes":""},"categories":[5],"tags":[139],"class_list":["post-5091","post","type-post","status-publish","format-standard","category-cronaca","tag-belluno"],"yoast_head":"<!-- This site is optimized with the Yoast SEO plugin v28.4 - https:\/\/yoast.com\/product\/yoast-seo-wordpress\/ -->\n<title>Reolon e Bottacin, ultimo appuntamento elettorale prima del voto di domenica e luned\u00ec - Bellunopress - Dolomiti<\/title>\n<meta name=\"robots\" content=\"index, follow, max-snippet:-1, max-image-preview:large, max-video-preview:-1\" \/>\n<link rel=\"canonical\" href=\"https:\/\/www.bellunopress.it\/fr\/2009\/06\/19\/reolon-e-bottacin-ultimo-appuntamento-elettorale-prima-del-voto-di-domenica-e-lunedi\/\" \/>\n<meta property=\"og:locale\" content=\"fr_FR\" \/>\n<meta property=\"og:type\" content=\"article\" \/>\n<meta property=\"og:title\" content=\"Reolon e Bottacin, ultimo appuntamento elettorale prima del voto di domenica e luned\u00ec - Bellunopress - Dolomiti\" \/>\n<meta property=\"og:description\" content=\"Ultimi fuochi della campagna elettorale. Ieri sera, al Teatro comunale c\u2019erano Sergio Reolon con Deborah Serracchiani e Davide Sassoli, tutti e tre sul palco a ribadire la necessit\u00e0 di non lasciare la Provincia di Belluno nelle mani del centrodestra e di dare continuit\u00e0 al lavoro e ai risultati ottenuti nei primi cinque anni di legislatura [&hellip;]\" \/>\n<meta property=\"og:url\" content=\"https:\/\/www.bellunopress.it\/fr\/2009\/06\/19\/reolon-e-bottacin-ultimo-appuntamento-elettorale-prima-del-voto-di-domenica-e-lunedi\/\" \/>\n<meta property=\"og:site_name\" content=\"Bellunopress - Dolomiti\" \/>\n<meta property=\"article:publisher\" content=\"https:\/\/www.facebook.com\/profile.php?id=100008943462799\" \/>\n<meta property=\"article:published_time\" content=\"2009-06-19T00:36:19+00:00\" \/>\n<meta property=\"og:image\" content=\"http:\/\/www.bellunopress.it\/wp-content\/uploads\/2009\/06\/reolon-sassoli-serracchiani.jpg\" \/>\n<meta name=\"author\" content=\"redazione\" \/>\n<meta name=\"twitter:card\" content=\"summary_large_image\" \/>\n<meta name=\"twitter:creator\" content=\"@bellunopress\" \/>\n<meta name=\"twitter:site\" content=\"@bellunopress\" \/>\n<meta name=\"twitter:label1\" content=\"\u00c9crit par\" \/>\n\t<meta name=\"twitter:data1\" content=\"redazione\" \/>\n\t<meta name=\"twitter:label2\" content=\"Dur\u00e9e de lecture estim\u00e9e\" \/>\n\t<meta name=\"twitter:data2\" content=\"2 minutes\" \/>\n<script type=\"application\/ld+json\" class=\"yoast-schema-graph\">{\"@context\":\"https:\\\/\\\/schema.org\",\"@graph\":[{\"@type\":\"Article\",\"@id\":\"https:\\\/\\\/www.bellunopress.it\\\/2009\\\/06\\\/19\\\/reolon-e-bottacin-ultimo-appuntamento-elettorale-prima-del-voto-di-domenica-e-lunedi\\\/#article\",\"isPartOf\":{\"@id\":\"https:\\\/\\\/www.bellunopress.it\\\/2009\\\/06\\\/19\\\/reolon-e-bottacin-ultimo-appuntamento-elettorale-prima-del-voto-di-domenica-e-lunedi\\\/\"},\"author\":{\"name\":\"redazione\",\"@id\":\"https:\\\/\\\/www.bellunopress.it\\\/#\\\/schema\\\/person\\\/79bb06722b37ece1c03d3e94beb30d73\"},\"headline\":\"Reolon e Bottacin, ultimo appuntamento elettorale prima del voto di domenica e luned\u00ec\",\"datePublished\":\"2009-06-19T00:36:19+00:00\",\"mainEntityOfPage\":{\"@id\":\"https:\\\/\\\/www.bellunopress.it\\\/2009\\\/06\\\/19\\\/reolon-e-bottacin-ultimo-appuntamento-elettorale-prima-del-voto-di-domenica-e-lunedi\\\/\"},\"wordCount\":446,\"publisher\":{\"@id\":\"https:\\\/\\\/www.bellunopress.it\\\/#organization\"},\"image\":{\"@id\":\"https:\\\/\\\/www.bellunopress.it\\\/2009\\\/06\\\/19\\\/reolon-e-bottacin-ultimo-appuntamento-elettorale-prima-del-voto-di-domenica-e-lunedi\\\/#primaryimage\"},\"thumbnailUrl\":\"http:\\\/\\\/www.bellunopress.it\\\/wp-content\\\/uploads\\\/2009\\\/06\\\/reolon-sassoli-serracchiani.jpg\",\"keywords\":[\"Belluno\"],\"articleSection\":[\"Cronaca\\\/Politica\"],\"inLanguage\":\"fr-FR\"},{\"@type\":\"WebPage\",\"@id\":\"https:\\\/\\\/www.bellunopress.it\\\/2009\\\/06\\\/19\\\/reolon-e-bottacin-ultimo-appuntamento-elettorale-prima-del-voto-di-domenica-e-lunedi\\\/\",\"url\":\"https:\\\/\\\/www.bellunopress.it\\\/2009\\\/06\\\/19\\\/reolon-e-bottacin-ultimo-appuntamento-elettorale-prima-del-voto-di-domenica-e-lunedi\\\/\",\"name\":\"Reolon e Bottacin, ultimo appuntamento elettorale prima del voto di domenica e luned\u00ec - Bellunopress - Dolomiti\",\"isPartOf\":{\"@id\":\"https:\\\/\\\/www.bellunopress.it\\\/#website\"},\"primaryImageOfPage\":{\"@id\":\"https:\\\/\\\/www.bellunopress.it\\\/2009\\\/06\\\/19\\\/reolon-e-bottacin-ultimo-appuntamento-elettorale-prima-del-voto-di-domenica-e-lunedi\\\/#primaryimage\"},\"image\":{\"@id\":\"https:\\\/\\\/www.bellunopress.it\\\/2009\\\/06\\\/19\\\/reolon-e-bottacin-ultimo-appuntamento-elettorale-prima-del-voto-di-domenica-e-lunedi\\\/#primaryimage\"},\"thumbnailUrl\":\"http:\\\/\\\/www.bellunopress.it\\\/wp-content\\\/uploads\\\/2009\\\/06\\\/reolon-sassoli-serracchiani.jpg\",\"datePublished\":\"2009-06-19T00:36:19+00:00\",\"breadcrumb\":{\"@id\":\"https:\\\/\\\/www.bellunopress.it\\\/2009\\\/06\\\/19\\\/reolon-e-bottacin-ultimo-appuntamento-elettorale-prima-del-voto-di-domenica-e-lunedi\\\/#breadcrumb\"},\"inLanguage\":\"fr-FR\",\"potentialAction\":[{\"@type\":\"ReadAction\",\"target\":[\"https:\\\/\\\/www.bellunopress.it\\\/2009\\\/06\\\/19\\\/reolon-e-bottacin-ultimo-appuntamento-elettorale-prima-del-voto-di-domenica-e-lunedi\\\/\"]}]},{\"@type\":\"ImageObject\",\"inLanguage\":\"fr-FR\",\"@id\":\"https:\\\/\\\/www.bellunopress.it\\\/2009\\\/06\\\/19\\\/reolon-e-bottacin-ultimo-appuntamento-elettorale-prima-del-voto-di-domenica-e-lunedi\\\/#primaryimage\",\"url\":\"http:\\\/\\\/www.bellunopress.it\\\/wp-content\\\/uploads\\\/2009\\\/06\\\/reolon-sassoli-serracchiani.jpg\",\"contentUrl\":\"http:\\\/\\\/www.bellunopress.it\\\/wp-content\\\/uploads\\\/2009\\\/06\\\/reolon-sassoli-serracchiani.jpg\"},{\"@type\":\"BreadcrumbList\",\"@id\":\"https:\\\/\\\/www.bellunopress.it\\\/2009\\\/06\\\/19\\\/reolon-e-bottacin-ultimo-appuntamento-elettorale-prima-del-voto-di-domenica-e-lunedi\\\/#breadcrumb\",\"itemListElement\":[{\"@type\":\"ListItem\",\"position\":1,\"name\":\"Home\",\"item\":\"https:\\\/\\\/www.bellunopress.it\\\/\"},{\"@type\":\"ListItem\",\"position\":2,\"name\":\"Reolon e Bottacin, ultimo appuntamento elettorale prima del voto di domenica e luned\u00ec\"}]},{\"@type\":\"WebSite\",\"@id\":\"https:\\\/\\\/www.bellunopress.it\\\/#website\",\"url\":\"https:\\\/\\\/www.bellunopress.it\\\/\",\"name\":\"Bellunopress - Dolomiti\",\"description\":\"e-mail: redazione@bellunopress.it\",\"publisher\":{\"@id\":\"https:\\\/\\\/www.bellunopress.it\\\/#organization\"},\"potentialAction\":[{\"@type\":\"SearchAction\",\"target\":{\"@type\":\"EntryPoint\",\"urlTemplate\":\"https:\\\/\\\/www.bellunopress.it\\\/?s={search_term_string}\"},\"query-input\":{\"@type\":\"PropertyValueSpecification\",\"valueRequired\":true,\"valueName\":\"search_term_string\"}}],\"inLanguage\":\"fr-FR\"},{\"@type\":\"Organization\",\"@id\":\"https:\\\/\\\/www.bellunopress.it\\\/#organization\",\"name\":\"Bellunopress\",\"url\":\"https:\\\/\\\/www.bellunopress.it\\\/\",\"logo\":{\"@type\":\"ImageObject\",\"inLanguage\":\"fr-FR\",\"@id\":\"https:\\\/\\\/www.bellunopress.it\\\/#\\\/schema\\\/logo\\\/image\\\/\",\"url\":\"https:\\\/\\\/www.bellunopress.it\\\/wp-content\\\/uploads\\\/2011\\\/05\\\/cropped-logo-bellunopress-.jpg\",\"contentUrl\":\"https:\\\/\\\/www.bellunopress.it\\\/wp-content\\\/uploads\\\/2011\\\/05\\\/cropped-logo-bellunopress-.jpg\",\"width\":512,\"height\":512,\"caption\":\"Bellunopress\"},\"image\":{\"@id\":\"https:\\\/\\\/www.bellunopress.it\\\/#\\\/schema\\\/logo\\\/image\\\/\"},\"sameAs\":[\"https:\\\/\\\/www.facebook.com\\\/profile.php?id=100008943462799\",\"https:\\\/\\\/x.com\\\/bellunopress\",\"https:\\\/\\\/www.linkedin.com\\\/hp\\\/?dnr=JBzUWaJfMUw8vbXJJ2tVW5-I3jZKvC4wsoxE&amp;amp;amp;amp;amp;amp;trk=nav_responsive_tab_home\",\"https:\\\/\\\/www.youtube.com\\\/channel\\\/UCxL0wu1uN0_3_7hGG0306cw\"]},{\"@type\":\"Person\",\"@id\":\"https:\\\/\\\/www.bellunopress.it\\\/#\\\/schema\\\/person\\\/79bb06722b37ece1c03d3e94beb30d73\",\"name\":\"redazione\",\"image\":{\"@type\":\"ImageObject\",\"inLanguage\":\"fr-FR\",\"@id\":\"https:\\\/\\\/secure.gravatar.com\\\/avatar\\\/37d968a2e67a6fd04c169c4bdef102d0bc5d31b2546345219e348575eb80e9a0?s=96&d=mm&r=g\",\"url\":\"https:\\\/\\\/secure.gravatar.com\\\/avatar\\\/37d968a2e67a6fd04c169c4bdef102d0bc5d31b2546345219e348575eb80e9a0?s=96&d=mm&r=g\",\"contentUrl\":\"https:\\\/\\\/secure.gravatar.com\\\/avatar\\\/37d968a2e67a6fd04c169c4bdef102d0bc5d31b2546345219e348575eb80e9a0?s=96&d=mm&r=g\",\"caption\":\"redazione\"},\"sameAs\":[\"http:\\\/\\\/www.bellunopress.it\",\"https:\\\/\\\/x.com\\\/bellunopress\"],\"url\":\"https:\\\/\\\/www.bellunopress.it\\\/fr\\\/author\\\/redazione\\\/\"}]}<\/script>\n<!-- \/ Yoast SEO plugin. -->","yoast_head_json":{"title":"Reolon e Bottacin, ultimo appuntamento elettorale prima del voto di domenica e luned\u00ec - Bellunopress - Dolomiti","robots":{"index":"index","follow":"follow","max-snippet":"max-snippet:-1","max-image-preview":"max-image-preview:large","max-video-preview":"max-video-preview:-1"},"canonical":"https:\/\/www.bellunopress.it\/fr\/2009\/06\/19\/reolon-e-bottacin-ultimo-appuntamento-elettorale-prima-del-voto-di-domenica-e-lunedi\/","og_locale":"fr_FR","og_type":"article","og_title":"Reolon e Bottacin, ultimo appuntamento elettorale prima del voto di domenica e luned\u00ec - Bellunopress - Dolomiti","og_description":"Ultimi fuochi della campagna elettorale. Ieri sera, al Teatro comunale c\u2019erano Sergio Reolon con Deborah Serracchiani e Davide Sassoli, tutti e tre sul palco a ribadire la necessit\u00e0 di non lasciare la Provincia di Belluno nelle mani del centrodestra e di dare continuit\u00e0 al lavoro e ai risultati ottenuti nei primi cinque anni di legislatura [&hellip;]","og_url":"https:\/\/www.bellunopress.it\/fr\/2009\/06\/19\/reolon-e-bottacin-ultimo-appuntamento-elettorale-prima-del-voto-di-domenica-e-lunedi\/","og_site_name":"Bellunopress - Dolomiti","article_publisher":"https:\/\/www.facebook.com\/profile.php?id=100008943462799","article_published_time":"2009-06-19T00:36:19+00:00","og_image":[{"url":"http:\/\/www.bellunopress.it\/wp-content\/uploads\/2009\/06\/reolon-sassoli-serracchiani.jpg","type":"","width":"","height":""}],"author":"redazione","twitter_card":"summary_large_image","twitter_creator":"@bellunopress","twitter_site":"@bellunopress","twitter_misc":{"\u00c9crit par":"redazione","Dur\u00e9e de lecture estim\u00e9e":"2 minutes"},"schema":{"@context":"https:\/\/schema.org","@graph":[{"@type":"Article","@id":"https:\/\/www.bellunopress.it\/2009\/06\/19\/reolon-e-bottacin-ultimo-appuntamento-elettorale-prima-del-voto-di-domenica-e-lunedi\/#article","isPartOf":{"@id":"https:\/\/www.bellunopress.it\/2009\/06\/19\/reolon-e-bottacin-ultimo-appuntamento-elettorale-prima-del-voto-di-domenica-e-lunedi\/"},"author":{"name":"redazione","@id":"https:\/\/www.bellunopress.it\/#\/schema\/person\/79bb06722b37ece1c03d3e94beb30d73"},"headline":"Reolon e Bottacin, ultimo appuntamento elettorale prima del voto di domenica e luned\u00ec","datePublished":"2009-06-19T00:36:19+00:00","mainEntityOfPage":{"@id":"https:\/\/www.bellunopress.it\/2009\/06\/19\/reolon-e-bottacin-ultimo-appuntamento-elettorale-prima-del-voto-di-domenica-e-lunedi\/"},"wordCount":446,"publisher":{"@id":"https:\/\/www.bellunopress.it\/#organization"},"image":{"@id":"https:\/\/www.bellunopress.it\/2009\/06\/19\/reolon-e-bottacin-ultimo-appuntamento-elettorale-prima-del-voto-di-domenica-e-lunedi\/#primaryimage"},"thumbnailUrl":"http:\/\/www.bellunopress.it\/wp-content\/uploads\/2009\/06\/reolon-sassoli-serracchiani.jpg","keywords":["Belluno"],"articleSection":["Cronaca\/Politica"],"inLanguage":"fr-FR"},{"@type":"WebPage","@id":"https:\/\/www.bellunopress.it\/2009\/06\/19\/reolon-e-bottacin-ultimo-appuntamento-elettorale-prima-del-voto-di-domenica-e-lunedi\/","url":"https:\/\/www.bellunopress.it\/2009\/06\/19\/reolon-e-bottacin-ultimo-appuntamento-elettorale-prima-del-voto-di-domenica-e-lunedi\/","name":"Reolon e Bottacin, ultimo appuntamento elettorale prima del voto di domenica e luned\u00ec - Bellunopress - Dolomiti","isPartOf":{"@id":"https:\/\/www.bellunopress.it\/#website"},"primaryImageOfPage":{"@id":"https:\/\/www.bellunopress.it\/2009\/06\/19\/reolon-e-bottacin-ultimo-appuntamento-elettorale-prima-del-voto-di-domenica-e-lunedi\/#primaryimage"},"image":{"@id":"https:\/\/www.bellunopress.it\/2009\/06\/19\/reolon-e-bottacin-ultimo-appuntamento-elettorale-prima-del-voto-di-domenica-e-lunedi\/#primaryimage"},"thumbnailUrl":"http:\/\/www.bellunopress.it\/wp-content\/uploads\/2009\/06\/reolon-sassoli-serracchiani.jpg","datePublished":"2009-06-19T00:36:19+00:00","breadcrumb":{"@id":"https:\/\/www.bellunopress.it\/2009\/06\/19\/reolon-e-bottacin-ultimo-appuntamento-elettorale-prima-del-voto-di-domenica-e-lunedi\/#breadcrumb"},"inLanguage":"fr-FR","potentialAction":[{"@type":"ReadAction","target":["https:\/\/www.bellunopress.it\/2009\/06\/19\/reolon-e-bottacin-ultimo-appuntamento-elettorale-prima-del-voto-di-domenica-e-lunedi\/"]}]},{"@type":"ImageObject","inLanguage":"fr-FR","@id":"https:\/\/www.bellunopress.it\/2009\/06\/19\/reolon-e-bottacin-ultimo-appuntamento-elettorale-prima-del-voto-di-domenica-e-lunedi\/#primaryimage","url":"http:\/\/www.bellunopress.it\/wp-content\/uploads\/2009\/06\/reolon-sassoli-serracchiani.jpg","contentUrl":"http:\/\/www.bellunopress.it\/wp-content\/uploads\/2009\/06\/reolon-sassoli-serracchiani.jpg"},{"@type":"BreadcrumbList","@id":"https:\/\/www.bellunopress.it\/2009\/06\/19\/reolon-e-bottacin-ultimo-appuntamento-elettorale-prima-del-voto-di-domenica-e-lunedi\/#breadcrumb","itemListElement":[{"@type":"ListItem","position":1,"name":"Home","item":"https:\/\/www.bellunopress.it\/"},{"@type":"ListItem","position":2,"name":"Reolon e Bottacin, ultimo appuntamento elettorale prima del voto di domenica e luned\u00ec"}]},{"@type":"WebSite","@id":"https:\/\/www.bellunopress.it\/#website","url":"https:\/\/www.bellunopress.it\/","name":"Bellunopress - Dolomiti","description":"e-mail: redazione@bellunopress.it","publisher":{"@id":"https:\/\/www.bellunopress.it\/#organization"},"potentialAction":[{"@type":"SearchAction","target":{"@type":"EntryPoint","urlTemplate":"https:\/\/www.bellunopress.it\/?s={search_term_string}"},"query-input":{"@type":"PropertyValueSpecification","valueRequired":true,"valueName":"search_term_string"}}],"inLanguage":"fr-FR"},{"@type":"Organization","@id":"https:\/\/www.bellunopress.it\/#organization","name":"Bellunopress","url":"https:\/\/www.bellunopress.it\/","logo":{"@type":"ImageObject","inLanguage":"fr-FR","@id":"https:\/\/www.bellunopress.it\/#\/schema\/logo\/image\/","url":"https:\/\/www.bellunopress.it\/wp-content\/uploads\/2011\/05\/cropped-logo-bellunopress-.jpg","contentUrl":"https:\/\/www.bellunopress.it\/wp-content\/uploads\/2011\/05\/cropped-logo-bellunopress-.jpg","width":512,"height":512,"caption":"Bellunopress"},"image":{"@id":"https:\/\/www.bellunopress.it\/#\/schema\/logo\/image\/"},"sameAs":["https:\/\/www.facebook.com\/profile.php?id=100008943462799","https:\/\/x.com\/bellunopress","https:\/\/www.linkedin.com\/hp\/?dnr=JBzUWaJfMUw8vbXJJ2tVW5-I3jZKvC4wsoxE&amp;amp;amp;amp;amp;amp;trk=nav_responsive_tab_home","https:\/\/www.youtube.com\/channel\/UCxL0wu1uN0_3_7hGG0306cw"]},{"@type":"Person","@id":"https:\/\/www.bellunopress.it\/#\/schema\/person\/79bb06722b37ece1c03d3e94beb30d73","name":"r\u00e9daction","image":{"@type":"ImageObject","inLanguage":"fr-FR","@id":"https:\/\/secure.gravatar.com\/avatar\/37d968a2e67a6fd04c169c4bdef102d0bc5d31b2546345219e348575eb80e9a0?s=96&d=mm&r=g","url":"https:\/\/secure.gravatar.com\/avatar\/37d968a2e67a6fd04c169c4bdef102d0bc5d31b2546345219e348575eb80e9a0?s=96&d=mm&r=g","contentUrl":"https:\/\/secure.gravatar.com\/avatar\/37d968a2e67a6fd04c169c4bdef102d0bc5d31b2546345219e348575eb80e9a0?s=96&d=mm&r=g","caption":"redazione"},"sameAs":["http:\/\/www.bellunopress.it","https:\/\/x.com\/bellunopress"],"url":"https:\/\/www.bellunopress.it\/fr\/author\/redazione\/"}]}},"_links":{"self":[{"href":"https:\/\/www.bellunopress.it\/fr\/wp-json\/wp\/v2\/posts\/5091","targetHints":{"allow":["GET"]}}],"collection":[{"href":"https:\/\/www.bellunopress.it\/fr\/wp-json\/wp\/v2\/posts"}],"about":[{"href":"https:\/\/www.bellunopress.it\/fr\/wp-json\/wp\/v2\/types\/post"}],"author":[{"embeddable":true,"href":"https:\/\/www.bellunopress.it\/fr\/wp-json\/wp\/v2\/users\/2"}],"replies":[{"embeddable":true,"href":"https:\/\/www.bellunopress.it\/fr\/wp-json\/wp\/v2\/comments?post=5091"}],"version-history":[{"count":1,"href":"https:\/\/www.bellunopress.it\/fr\/wp-json\/wp\/v2\/posts\/5091\/revisions"}],"predecessor-version":[{"id":5094,"href":"https:\/\/www.bellunopress.it\/fr\/wp-json\/wp\/v2\/posts\/5091\/revisions\/5094"}],"wp:attachment":[{"href":"https:\/\/www.bellunopress.it\/fr\/wp-json\/wp\/v2\/media?parent=5091"}],"wp:term":[{"taxonomy":"category","embeddable":true,"href":"https:\/\/www.bellunopress.it\/fr\/wp-json\/wp\/v2\/categories?post=5091"},{"taxonomy":"post_tag","embeddable":true,"href":"https:\/\/www.bellunopress.it\/fr\/wp-json\/wp\/v2\/tags?post=5091"}],"curies":[{"name":"wp","href":"https:\/\/api.w.org\/{rel}","templated":true}]}}