{"id":5081,"date":"2009-06-18T18:41:50","date_gmt":"2009-06-18T17:41:50","guid":{"rendered":"http:\/\/www.bellunopress.it\/?p=5081"},"modified":"2009-06-18T19:18:25","modified_gmt":"2009-06-18T18:18:25","slug":"una-delegazione-polacca-in-visita-al-distretto-bellunese-dellocchiale","status":"publish","type":"post","link":"https:\/\/www.bellunopress.it\/fr\/2009\/06\/18\/una-delegazione-polacca-in-visita-al-distretto-bellunese-dellocchiale\/","title":{"rendered":"Una delegazione polacca in visita al Distretto bellunese dell&#8217;occhiale"},"content":{"rendered":"<p><a href=\"http:\/\/www.bellunopress.it\/wp-content\/uploads\/2009\/06\/delegazione-polacca-in-visita-al-distretto-dellocchiale-leggera.jpg\"><img loading=\"lazy\" decoding=\"async\" class=\"alignleft size-medium wp-image-5082\" title=\"delegazione-polacca-in-visita-al-distretto-dellocchiale-leggera\" src=\"http:\/\/www.bellunopress.it\/wp-content\/uploads\/2009\/06\/delegazione-polacca-in-visita-al-distretto-dellocchiale-leggera.jpg\" alt=\"\" width=\"270\" height=\"203\" \/><\/a>\u00c8 arrivata ieri dalla Polonia al Distretto dell&#8217;Occhiale una rappresentanza di oltre quindici persone tra designer, architetti, professori, amministratori pubblici, imprenditori e giornalisti dei settori vetro, ceramiche e oreficeria. La delegazione polacca ha organizzato la visita al Distretto con lo scopo di raccogliere informazioni utili per la creazione di un laboratorio di design all\u2019interno dell&#8217;incubatore di imprese della cittadina da Kielce. Dopo l&#8217;arrivo a Pieve di Cadore la delegazione \u00e8 stata accolta dal Rappresentante del Distretto, Renato Sopracolle, che ha esposto agli ospiti la realt\u00e0 imprenditoriale bellunese. \u00c8 stata presentata la storia del Distretto, oggi composto da oltre 440 imprese tra industriali e artigiane, per un totale di pi\u00f9 di 12.000 dipendenti e da sempre considerato la fucina delle tendenze moda degli occhiali italiani nel mondo. La giornata di studio \u00e8 proseguita con la visita dei laboratori chimici e meccanici di Certottica a Longarone.\u00a0 La delegazione, interessata in particolare al design e ai sistemi di prototipazione, \u00a0ha avuto modo di prendere visione dei progetti portati avanti dall\u2019Istituto di Certificazione su questi temi, concentrandosi in particolare su un sistema fondamentale nel ciclo di sviluppo del prodotto.Ha potuto assistere infine ad una simulazione che consente di digitalizzare senza contatto oggetti complessi e di piccole dimensioni, secondo un sistema che fa parte delle tecnologie di \u201creverse engineering\u201d diventate anche queste parte integrante nel processo di sviluppo del prodotto. La seconda tappa \u00e8 stata la visita alla Safilo di Longarone, dove il Direttore di stabilimento, l&#8217;Ingegner Compierchio, ha fatto da guida nel mostrare da vicino tutti i reparti, e dare l&#8217;opportunit\u00e0 di seguire in tutti i suoi passaggi la lavorazione dell\u2019occhiale ad un pubblico interessato a visitare e conoscere soprattutto i reparti produttivi nelle sua parte pi\u00f9 creativa. A conclusione c&#8217;\u00e8 stata la visita al Museo dell&#8217;Occhiale di Pieve di Cadore, dove i professionisti sono stati guidati attraverso le sale luminose nella storia dell&#8217;occhiale. Particolarmente interessati agli oggetti pi\u00f9 rari cesellati a mano e a quelli di design anni &#8217;50 e in oro, gli insoliti studenti sono rimasti affascinati dalla creativit\u00e0 insita nella storia dell&#8217;occhiale italiano.\u00a0 \u201cL&#8217;occhialeria nella provincia di Belluno \u00e8 un caso esemplare di Distretto industriale italiano di successo,\u201d afferma il Rappresentante del Distretto, Renato Sopracolle, e continua: &#8220;La disponibilit\u00e0 agli scambi interculturali, sempre utili, \u00e8 costante da parte del Distretto e delle imprese che ne fanno parte. Ci auguriamo che da incontri come questo nascano collaborazioni proficue che portino arricchimento reciproco in termini di conoscenza e idee&#8221;<\/p>","protected":false},"excerpt":{"rendered":"<p>\u00c8 arrivata ieri dalla Polonia al Distretto dell&#8217;Occhiale una rappresentanza di oltre quindici persone tra designer, architetti, professori, amministratori pubblici, imprenditori e giornalisti dei settori vetro, ceramiche e oreficeria. La delegazione polacca ha organizzato la visita al Distretto con lo scopo di raccogliere informazioni utili per la creazione di un laboratorio di design all\u2019interno dell&#8217;incubatore [&hellip;]<\/p>\n","protected":false},"author":2,"featured_media":0,"comment_status":"closed","ping_status":"open","sticky":false,"template":"","format":"standard","meta":{"footnotes":""},"categories":[36,26,4],"tags":[139,151],"class_list":["post-5081","post","type-post","status-publish","format-standard","category-lavoro-economia","category-prima-pagina","category-sport","tag-belluno","tag-cadore"],"yoast_head":"<!-- This site is optimized with the Yoast SEO plugin v28.4 - https:\/\/yoast.com\/product\/yoast-seo-wordpress\/ -->\n<title>Una delegazione polacca in visita al Distretto bellunese dell&#039;occhiale - Bellunopress - Dolomiti<\/title>\n<meta name=\"robots\" content=\"index, follow, max-snippet:-1, max-image-preview:large, max-video-preview:-1\" \/>\n<link rel=\"canonical\" href=\"https:\/\/www.bellunopress.it\/fr\/2009\/06\/18\/una-delegazione-polacca-in-visita-al-distretto-bellunese-dellocchiale\/\" \/>\n<meta property=\"og:locale\" content=\"fr_FR\" \/>\n<meta property=\"og:type\" content=\"article\" \/>\n<meta property=\"og:title\" content=\"Una delegazione polacca in visita al Distretto bellunese dell&#039;occhiale - Bellunopress - Dolomiti\" \/>\n<meta property=\"og:description\" content=\"\u00c8 arrivata ieri dalla Polonia al Distretto dell&#8217;Occhiale una rappresentanza di oltre quindici persone tra designer, architetti, professori, amministratori pubblici, imprenditori e giornalisti dei settori vetro, ceramiche e oreficeria. La delegazione polacca ha organizzato la visita al Distretto con lo scopo di raccogliere informazioni utili per la creazione di un laboratorio di design all\u2019interno dell&#8217;incubatore [&hellip;]\" \/>\n<meta property=\"og:url\" content=\"https:\/\/www.bellunopress.it\/fr\/2009\/06\/18\/una-delegazione-polacca-in-visita-al-distretto-bellunese-dellocchiale\/\" \/>\n<meta property=\"og:site_name\" content=\"Bellunopress - Dolomiti\" \/>\n<meta property=\"article:publisher\" content=\"https:\/\/www.facebook.com\/profile.php?id=100008943462799\" \/>\n<meta property=\"article:published_time\" content=\"2009-06-18T17:41:50+00:00\" \/>\n<meta property=\"article:modified_time\" content=\"2009-06-18T18:18:25+00:00\" \/>\n<meta property=\"og:image\" content=\"http:\/\/www.bellunopress.it\/wp-content\/uploads\/2009\/06\/delegazione-polacca-in-visita-al-distretto-dellocchiale-leggera.jpg\" \/>\n<meta name=\"author\" content=\"redazione\" \/>\n<meta name=\"twitter:card\" content=\"summary_large_image\" \/>\n<meta name=\"twitter:creator\" content=\"@bellunopress\" \/>\n<meta name=\"twitter:site\" content=\"@bellunopress\" \/>\n<meta name=\"twitter:label1\" content=\"\u00c9crit par\" \/>\n\t<meta name=\"twitter:data1\" content=\"redazione\" \/>\n\t<meta name=\"twitter:label2\" content=\"Dur\u00e9e de lecture estim\u00e9e\" \/>\n\t<meta name=\"twitter:data2\" content=\"2 minutes\" \/>\n<script type=\"application\/ld+json\" class=\"yoast-schema-graph\">{\"@context\":\"https:\\\/\\\/schema.org\",\"@graph\":[{\"@type\":\"Article\",\"@id\":\"https:\\\/\\\/www.bellunopress.it\\\/2009\\\/06\\\/18\\\/una-delegazione-polacca-in-visita-al-distretto-bellunese-dellocchiale\\\/#article\",\"isPartOf\":{\"@id\":\"https:\\\/\\\/www.bellunopress.it\\\/2009\\\/06\\\/18\\\/una-delegazione-polacca-in-visita-al-distretto-bellunese-dellocchiale\\\/\"},\"author\":{\"name\":\"redazione\",\"@id\":\"https:\\\/\\\/www.bellunopress.it\\\/#\\\/schema\\\/person\\\/79bb06722b37ece1c03d3e94beb30d73\"},\"headline\":\"Una delegazione polacca in visita al Distretto bellunese dell&#8217;occhiale\",\"datePublished\":\"2009-06-18T17:41:50+00:00\",\"dateModified\":\"2009-06-18T18:18:25+00:00\",\"mainEntityOfPage\":{\"@id\":\"https:\\\/\\\/www.bellunopress.it\\\/2009\\\/06\\\/18\\\/una-delegazione-polacca-in-visita-al-distretto-bellunese-dellocchiale\\\/\"},\"wordCount\":419,\"publisher\":{\"@id\":\"https:\\\/\\\/www.bellunopress.it\\\/#organization\"},\"image\":{\"@id\":\"https:\\\/\\\/www.bellunopress.it\\\/2009\\\/06\\\/18\\\/una-delegazione-polacca-in-visita-al-distretto-bellunese-dellocchiale\\\/#primaryimage\"},\"thumbnailUrl\":\"http:\\\/\\\/www.bellunopress.it\\\/wp-content\\\/uploads\\\/2009\\\/06\\\/delegazione-polacca-in-visita-al-distretto-dellocchiale-leggera.jpg\",\"keywords\":[\"Belluno\",\"Cadore\"],\"articleSection\":[\"Lavoro, Economia, Turismo\",\"Prima Pagina\",\"Sport, tempo libero\"],\"inLanguage\":\"fr-FR\"},{\"@type\":\"WebPage\",\"@id\":\"https:\\\/\\\/www.bellunopress.it\\\/2009\\\/06\\\/18\\\/una-delegazione-polacca-in-visita-al-distretto-bellunese-dellocchiale\\\/\",\"url\":\"https:\\\/\\\/www.bellunopress.it\\\/2009\\\/06\\\/18\\\/una-delegazione-polacca-in-visita-al-distretto-bellunese-dellocchiale\\\/\",\"name\":\"Una delegazione polacca in visita al Distretto bellunese dell'occhiale - Bellunopress - Dolomiti\",\"isPartOf\":{\"@id\":\"https:\\\/\\\/www.bellunopress.it\\\/#website\"},\"primaryImageOfPage\":{\"@id\":\"https:\\\/\\\/www.bellunopress.it\\\/2009\\\/06\\\/18\\\/una-delegazione-polacca-in-visita-al-distretto-bellunese-dellocchiale\\\/#primaryimage\"},\"image\":{\"@id\":\"https:\\\/\\\/www.bellunopress.it\\\/2009\\\/06\\\/18\\\/una-delegazione-polacca-in-visita-al-distretto-bellunese-dellocchiale\\\/#primaryimage\"},\"thumbnailUrl\":\"http:\\\/\\\/www.bellunopress.it\\\/wp-content\\\/uploads\\\/2009\\\/06\\\/delegazione-polacca-in-visita-al-distretto-dellocchiale-leggera.jpg\",\"datePublished\":\"2009-06-18T17:41:50+00:00\",\"dateModified\":\"2009-06-18T18:18:25+00:00\",\"breadcrumb\":{\"@id\":\"https:\\\/\\\/www.bellunopress.it\\\/2009\\\/06\\\/18\\\/una-delegazione-polacca-in-visita-al-distretto-bellunese-dellocchiale\\\/#breadcrumb\"},\"inLanguage\":\"fr-FR\",\"potentialAction\":[{\"@type\":\"ReadAction\",\"target\":[\"https:\\\/\\\/www.bellunopress.it\\\/2009\\\/06\\\/18\\\/una-delegazione-polacca-in-visita-al-distretto-bellunese-dellocchiale\\\/\"]}]},{\"@type\":\"ImageObject\",\"inLanguage\":\"fr-FR\",\"@id\":\"https:\\\/\\\/www.bellunopress.it\\\/2009\\\/06\\\/18\\\/una-delegazione-polacca-in-visita-al-distretto-bellunese-dellocchiale\\\/#primaryimage\",\"url\":\"http:\\\/\\\/www.bellunopress.it\\\/wp-content\\\/uploads\\\/2009\\\/06\\\/delegazione-polacca-in-visita-al-distretto-dellocchiale-leggera.jpg\",\"contentUrl\":\"http:\\\/\\\/www.bellunopress.it\\\/wp-content\\\/uploads\\\/2009\\\/06\\\/delegazione-polacca-in-visita-al-distretto-dellocchiale-leggera.jpg\"},{\"@type\":\"BreadcrumbList\",\"@id\":\"https:\\\/\\\/www.bellunopress.it\\\/2009\\\/06\\\/18\\\/una-delegazione-polacca-in-visita-al-distretto-bellunese-dellocchiale\\\/#breadcrumb\",\"itemListElement\":[{\"@type\":\"ListItem\",\"position\":1,\"name\":\"Home\",\"item\":\"https:\\\/\\\/www.bellunopress.it\\\/\"},{\"@type\":\"ListItem\",\"position\":2,\"name\":\"Una delegazione polacca in visita al Distretto bellunese dell&#8217;occhiale\"}]},{\"@type\":\"WebSite\",\"@id\":\"https:\\\/\\\/www.bellunopress.it\\\/#website\",\"url\":\"https:\\\/\\\/www.bellunopress.it\\\/\",\"name\":\"Bellunopress - Dolomiti\",\"description\":\"e-mail: redazione@bellunopress.it\",\"publisher\":{\"@id\":\"https:\\\/\\\/www.bellunopress.it\\\/#organization\"},\"potentialAction\":[{\"@type\":\"SearchAction\",\"target\":{\"@type\":\"EntryPoint\",\"urlTemplate\":\"https:\\\/\\\/www.bellunopress.it\\\/?s={search_term_string}\"},\"query-input\":{\"@type\":\"PropertyValueSpecification\",\"valueRequired\":true,\"valueName\":\"search_term_string\"}}],\"inLanguage\":\"fr-FR\"},{\"@type\":\"Organization\",\"@id\":\"https:\\\/\\\/www.bellunopress.it\\\/#organization\",\"name\":\"Bellunopress\",\"url\":\"https:\\\/\\\/www.bellunopress.it\\\/\",\"logo\":{\"@type\":\"ImageObject\",\"inLanguage\":\"fr-FR\",\"@id\":\"https:\\\/\\\/www.bellunopress.it\\\/#\\\/schema\\\/logo\\\/image\\\/\",\"url\":\"https:\\\/\\\/www.bellunopress.it\\\/wp-content\\\/uploads\\\/2011\\\/05\\\/cropped-logo-bellunopress-.jpg\",\"contentUrl\":\"https:\\\/\\\/www.bellunopress.it\\\/wp-content\\\/uploads\\\/2011\\\/05\\\/cropped-logo-bellunopress-.jpg\",\"width\":512,\"height\":512,\"caption\":\"Bellunopress\"},\"image\":{\"@id\":\"https:\\\/\\\/www.bellunopress.it\\\/#\\\/schema\\\/logo\\\/image\\\/\"},\"sameAs\":[\"https:\\\/\\\/www.facebook.com\\\/profile.php?id=100008943462799\",\"https:\\\/\\\/x.com\\\/bellunopress\",\"https:\\\/\\\/www.linkedin.com\\\/hp\\\/?dnr=JBzUWaJfMUw8vbXJJ2tVW5-I3jZKvC4wsoxE&amp;amp;amp;amp;amp;amp;trk=nav_responsive_tab_home\",\"https:\\\/\\\/www.youtube.com\\\/channel\\\/UCxL0wu1uN0_3_7hGG0306cw\"]},{\"@type\":\"Person\",\"@id\":\"https:\\\/\\\/www.bellunopress.it\\\/#\\\/schema\\\/person\\\/79bb06722b37ece1c03d3e94beb30d73\",\"name\":\"redazione\",\"image\":{\"@type\":\"ImageObject\",\"inLanguage\":\"fr-FR\",\"@id\":\"https:\\\/\\\/secure.gravatar.com\\\/avatar\\\/37d968a2e67a6fd04c169c4bdef102d0bc5d31b2546345219e348575eb80e9a0?s=96&d=mm&r=g\",\"url\":\"https:\\\/\\\/secure.gravatar.com\\\/avatar\\\/37d968a2e67a6fd04c169c4bdef102d0bc5d31b2546345219e348575eb80e9a0?s=96&d=mm&r=g\",\"contentUrl\":\"https:\\\/\\\/secure.gravatar.com\\\/avatar\\\/37d968a2e67a6fd04c169c4bdef102d0bc5d31b2546345219e348575eb80e9a0?s=96&d=mm&r=g\",\"caption\":\"redazione\"},\"sameAs\":[\"http:\\\/\\\/www.bellunopress.it\",\"https:\\\/\\\/x.com\\\/bellunopress\"],\"url\":\"https:\\\/\\\/www.bellunopress.it\\\/fr\\\/author\\\/redazione\\\/\"}]}<\/script>\n<!-- \/ Yoast SEO plugin. -->","yoast_head_json":{"title":"Una delegazione polacca in visita al Distretto bellunese dell'occhiale - Bellunopress - Dolomiti","robots":{"index":"index","follow":"follow","max-snippet":"max-snippet:-1","max-image-preview":"max-image-preview:large","max-video-preview":"max-video-preview:-1"},"canonical":"https:\/\/www.bellunopress.it\/fr\/2009\/06\/18\/una-delegazione-polacca-in-visita-al-distretto-bellunese-dellocchiale\/","og_locale":"fr_FR","og_type":"article","og_title":"Una delegazione polacca in visita al Distretto bellunese dell'occhiale - Bellunopress - Dolomiti","og_description":"\u00c8 arrivata ieri dalla Polonia al Distretto dell&#8217;Occhiale una rappresentanza di oltre quindici persone tra designer, architetti, professori, amministratori pubblici, imprenditori e giornalisti dei settori vetro, ceramiche e oreficeria. La delegazione polacca ha organizzato la visita al Distretto con lo scopo di raccogliere informazioni utili per la creazione di un laboratorio di design all\u2019interno dell&#8217;incubatore [&hellip;]","og_url":"https:\/\/www.bellunopress.it\/fr\/2009\/06\/18\/una-delegazione-polacca-in-visita-al-distretto-bellunese-dellocchiale\/","og_site_name":"Bellunopress - Dolomiti","article_publisher":"https:\/\/www.facebook.com\/profile.php?id=100008943462799","article_published_time":"2009-06-18T17:41:50+00:00","article_modified_time":"2009-06-18T18:18:25+00:00","og_image":[{"url":"http:\/\/www.bellunopress.it\/wp-content\/uploads\/2009\/06\/delegazione-polacca-in-visita-al-distretto-dellocchiale-leggera.jpg","type":"","width":"","height":""}],"author":"redazione","twitter_card":"summary_large_image","twitter_creator":"@bellunopress","twitter_site":"@bellunopress","twitter_misc":{"\u00c9crit par":"redazione","Dur\u00e9e de lecture estim\u00e9e":"2 minutes"},"schema":{"@context":"https:\/\/schema.org","@graph":[{"@type":"Article","@id":"https:\/\/www.bellunopress.it\/2009\/06\/18\/una-delegazione-polacca-in-visita-al-distretto-bellunese-dellocchiale\/#article","isPartOf":{"@id":"https:\/\/www.bellunopress.it\/2009\/06\/18\/una-delegazione-polacca-in-visita-al-distretto-bellunese-dellocchiale\/"},"author":{"name":"redazione","@id":"https:\/\/www.bellunopress.it\/#\/schema\/person\/79bb06722b37ece1c03d3e94beb30d73"},"headline":"Una delegazione polacca in visita al Distretto bellunese dell&#8217;occhiale","datePublished":"2009-06-18T17:41:50+00:00","dateModified":"2009-06-18T18:18:25+00:00","mainEntityOfPage":{"@id":"https:\/\/www.bellunopress.it\/2009\/06\/18\/una-delegazione-polacca-in-visita-al-distretto-bellunese-dellocchiale\/"},"wordCount":419,"publisher":{"@id":"https:\/\/www.bellunopress.it\/#organization"},"image":{"@id":"https:\/\/www.bellunopress.it\/2009\/06\/18\/una-delegazione-polacca-in-visita-al-distretto-bellunese-dellocchiale\/#primaryimage"},"thumbnailUrl":"http:\/\/www.bellunopress.it\/wp-content\/uploads\/2009\/06\/delegazione-polacca-in-visita-al-distretto-dellocchiale-leggera.jpg","keywords":["Belluno","Cadore"],"articleSection":["Lavoro, Economia, Turismo","Prima Pagina","Sport, tempo libero"],"inLanguage":"fr-FR"},{"@type":"WebPage","@id":"https:\/\/www.bellunopress.it\/2009\/06\/18\/una-delegazione-polacca-in-visita-al-distretto-bellunese-dellocchiale\/","url":"https:\/\/www.bellunopress.it\/2009\/06\/18\/una-delegazione-polacca-in-visita-al-distretto-bellunese-dellocchiale\/","name":"Una delegazione polacca in visita al Distretto bellunese dell'occhiale - Bellunopress - Dolomiti","isPartOf":{"@id":"https:\/\/www.bellunopress.it\/#website"},"primaryImageOfPage":{"@id":"https:\/\/www.bellunopress.it\/2009\/06\/18\/una-delegazione-polacca-in-visita-al-distretto-bellunese-dellocchiale\/#primaryimage"},"image":{"@id":"https:\/\/www.bellunopress.it\/2009\/06\/18\/una-delegazione-polacca-in-visita-al-distretto-bellunese-dellocchiale\/#primaryimage"},"thumbnailUrl":"http:\/\/www.bellunopress.it\/wp-content\/uploads\/2009\/06\/delegazione-polacca-in-visita-al-distretto-dellocchiale-leggera.jpg","datePublished":"2009-06-18T17:41:50+00:00","dateModified":"2009-06-18T18:18:25+00:00","breadcrumb":{"@id":"https:\/\/www.bellunopress.it\/2009\/06\/18\/una-delegazione-polacca-in-visita-al-distretto-bellunese-dellocchiale\/#breadcrumb"},"inLanguage":"fr-FR","potentialAction":[{"@type":"ReadAction","target":["https:\/\/www.bellunopress.it\/2009\/06\/18\/una-delegazione-polacca-in-visita-al-distretto-bellunese-dellocchiale\/"]}]},{"@type":"ImageObject","inLanguage":"fr-FR","@id":"https:\/\/www.bellunopress.it\/2009\/06\/18\/una-delegazione-polacca-in-visita-al-distretto-bellunese-dellocchiale\/#primaryimage","url":"http:\/\/www.bellunopress.it\/wp-content\/uploads\/2009\/06\/delegazione-polacca-in-visita-al-distretto-dellocchiale-leggera.jpg","contentUrl":"http:\/\/www.bellunopress.it\/wp-content\/uploads\/2009\/06\/delegazione-polacca-in-visita-al-distretto-dellocchiale-leggera.jpg"},{"@type":"BreadcrumbList","@id":"https:\/\/www.bellunopress.it\/2009\/06\/18\/una-delegazione-polacca-in-visita-al-distretto-bellunese-dellocchiale\/#breadcrumb","itemListElement":[{"@type":"ListItem","position":1,"name":"Home","item":"https:\/\/www.bellunopress.it\/"},{"@type":"ListItem","position":2,"name":"Una delegazione polacca in visita al Distretto bellunese dell&#8217;occhiale"}]},{"@type":"WebSite","@id":"https:\/\/www.bellunopress.it\/#website","url":"https:\/\/www.bellunopress.it\/","name":"Bellunopress - Dolomiti","description":"e-mail: redazione@bellunopress.it","publisher":{"@id":"https:\/\/www.bellunopress.it\/#organization"},"potentialAction":[{"@type":"SearchAction","target":{"@type":"EntryPoint","urlTemplate":"https:\/\/www.bellunopress.it\/?s={search_term_string}"},"query-input":{"@type":"PropertyValueSpecification","valueRequired":true,"valueName":"search_term_string"}}],"inLanguage":"fr-FR"},{"@type":"Organization","@id":"https:\/\/www.bellunopress.it\/#organization","name":"Bellunopress","url":"https:\/\/www.bellunopress.it\/","logo":{"@type":"ImageObject","inLanguage":"fr-FR","@id":"https:\/\/www.bellunopress.it\/#\/schema\/logo\/image\/","url":"https:\/\/www.bellunopress.it\/wp-content\/uploads\/2011\/05\/cropped-logo-bellunopress-.jpg","contentUrl":"https:\/\/www.bellunopress.it\/wp-content\/uploads\/2011\/05\/cropped-logo-bellunopress-.jpg","width":512,"height":512,"caption":"Bellunopress"},"image":{"@id":"https:\/\/www.bellunopress.it\/#\/schema\/logo\/image\/"},"sameAs":["https:\/\/www.facebook.com\/profile.php?id=100008943462799","https:\/\/x.com\/bellunopress","https:\/\/www.linkedin.com\/hp\/?dnr=JBzUWaJfMUw8vbXJJ2tVW5-I3jZKvC4wsoxE&amp;amp;amp;amp;amp;amp;trk=nav_responsive_tab_home","https:\/\/www.youtube.com\/channel\/UCxL0wu1uN0_3_7hGG0306cw"]},{"@type":"Person","@id":"https:\/\/www.bellunopress.it\/#\/schema\/person\/79bb06722b37ece1c03d3e94beb30d73","name":"r\u00e9daction","image":{"@type":"ImageObject","inLanguage":"fr-FR","@id":"https:\/\/secure.gravatar.com\/avatar\/37d968a2e67a6fd04c169c4bdef102d0bc5d31b2546345219e348575eb80e9a0?s=96&d=mm&r=g","url":"https:\/\/secure.gravatar.com\/avatar\/37d968a2e67a6fd04c169c4bdef102d0bc5d31b2546345219e348575eb80e9a0?s=96&d=mm&r=g","contentUrl":"https:\/\/secure.gravatar.com\/avatar\/37d968a2e67a6fd04c169c4bdef102d0bc5d31b2546345219e348575eb80e9a0?s=96&d=mm&r=g","caption":"redazione"},"sameAs":["http:\/\/www.bellunopress.it","https:\/\/x.com\/bellunopress"],"url":"https:\/\/www.bellunopress.it\/fr\/author\/redazione\/"}]}},"_links":{"self":[{"href":"https:\/\/www.bellunopress.it\/fr\/wp-json\/wp\/v2\/posts\/5081","targetHints":{"allow":["GET"]}}],"collection":[{"href":"https:\/\/www.bellunopress.it\/fr\/wp-json\/wp\/v2\/posts"}],"about":[{"href":"https:\/\/www.bellunopress.it\/fr\/wp-json\/wp\/v2\/types\/post"}],"author":[{"embeddable":true,"href":"https:\/\/www.bellunopress.it\/fr\/wp-json\/wp\/v2\/users\/2"}],"replies":[{"embeddable":true,"href":"https:\/\/www.bellunopress.it\/fr\/wp-json\/wp\/v2\/comments?post=5081"}],"version-history":[{"count":4,"href":"https:\/\/www.bellunopress.it\/fr\/wp-json\/wp\/v2\/posts\/5081\/revisions"}],"predecessor-version":[{"id":5090,"href":"https:\/\/www.bellunopress.it\/fr\/wp-json\/wp\/v2\/posts\/5081\/revisions\/5090"}],"wp:attachment":[{"href":"https:\/\/www.bellunopress.it\/fr\/wp-json\/wp\/v2\/media?parent=5081"}],"wp:term":[{"taxonomy":"category","embeddable":true,"href":"https:\/\/www.bellunopress.it\/fr\/wp-json\/wp\/v2\/categories?post=5081"},{"taxonomy":"post_tag","embeddable":true,"href":"https:\/\/www.bellunopress.it\/fr\/wp-json\/wp\/v2\/tags?post=5081"}],"curies":[{"name":"wp","href":"https:\/\/api.w.org\/{rel}","templated":true}]}}