{"id":5079,"date":"2009-06-19T19:37:45","date_gmt":"2009-06-19T18:37:45","guid":{"rendered":"http:\/\/www.bellunopress.it\/?p=5079"},"modified":"2009-06-21T22:01:35","modified_gmt":"2009-06-21T21:01:35","slug":"ultimati-i-nuovi-spogliatoi-del-rugby-saranno-intitolati-a-celeste-bortoluzzi","status":"publish","type":"post","link":"https:\/\/www.bellunopress.it\/fr\/2009\/06\/19\/ultimati-i-nuovi-spogliatoi-del-rugby-saranno-intitolati-a-celeste-bortoluzzi\/","title":{"rendered":"Ultimati i nuovi spogliatoi del rugby intitolati a Celeste Bortoluzzi"},"content":{"rendered":"<p>I nuovi spogliatoi del campo di rugby presso la Villa Montalban a Safforze sono stat ufficialmente inaugurati sabato pomeriggio dal Comune di Belluno, che con l\u2019occasione ha scoperto una targa dedicata a Celeste Bortoluzzi, a cui la nuova struttura \u00e8 intitolata. La cerimonia si \u00e8 svolta nell&#8217;ambito del torneo Touchville 2009 (*) e soprattutto alla vigilia dello spareggio per la promozione in serie B, contro il Pesaro, che si effettuer\u00e0 oggi, domenica. Un intervento importante e necessario per completare cos\u00ec la funzionalit\u00e0 del polo dedicato al rugby, sempre pi\u00f9 popolare e praticato, che consiste in una struttura compatibile, anche esteticamente, con l&#8217;antica Villa che denomina l&#8217;intera area. Gli spogliatoi sono realizzati con materiali ignifughi, non tossici e nel rispetto del risparmio energetico e idrico. Sono divisi in tre blocchi, uno per la squadra ospite, uno per la squadra di casa e uno per gli arbitri, dotati di wc, anti wc, docce, infermeria, servizio wc pubblico e ripostiglio; gli accessi sono garantiti da due bussole. Tutti i servizi della struttura, cos\u00ec come le vie e i percorsi di accesso, sono privi di barriere architettoniche: si tratta infatti di un struttura moderna e omologabile anche per partite della massima serie, per la costruzione della quale sono stati investiti circa 550.000 euro. L&#8217;impegno dell&#8217;Amministrazione comunale verso il rugby, nato con il sindaco Bortoluzzi, \u00e8 proseguito con l&#8217;attuale giunta Prade, grazie anche alla continuit\u00e0 dell&#8217;assessorato dedicato all\u2019impiantistica sportiva, sempre affidato all&#8217;assessore Michele Carbogno, che cos\u00ec oggi ricorda una delle prime riunioni operative con Bortoluzzi: \u201c\u2019Dobbiamo dare risposta a un esigenza che i rugbisti reclamano ormai da troppi anni. Trova i schei e muoviti con la progettazione\u2019, fu quanto mi disse nel primo faccia a faccia dopo la formazione della giunta\u201d. Ma le novit\u00e0 a Montalban non finiscono qui. Carbogno infatti anticipa che nell\u2019area sono previsti anche altri interventi: \u201cCi siamo interessati presso la Regione Veneto che, con l\u2019assessore Giorgetti, ha risposto con un contributo di circa 80.000 euro finalizzato all&#8217;illuminazione del campo da gioco. Tale illuminazione verr\u00e0 realizzata direttamente dall&#8217;Associazione Sportiva Rugby Belluno, a cui il contributo \u00e8 stato assegnato e alla quale fra l\u2019altro dalla prossima stagione agonistica affideremo la gestione diretta dell\u2019impianto (oggi in capo alla NIS)\u201d.\u00a0 \u201cIl polo dedicato al rugby\u201d \u2013 aggiunge il Sindaco, Antonio Prade &#8211; \u201cmerita cura e valorizzazione, anche alla luce della sempre maggiore popolarit\u00e0 di cui gode e tanto pi\u00f9 se \u2013 ce lo auguriamo di tutto cuore \u2013 l&#8217;agognata promozione in B della prima squadra dovesse divenire realt\u00e0. In questo caso, il passaggio alla serie superiore non potrebbe prescindere da un impianto impeccabile, dotato di tutti i migliori requisiti\u201d.<br \/>\n* il Rugby touch \u00e8 una versione non agonistica del rugby, un modo un po&#8217; pi\u00f9 soft di giocare, senza contatti fisici troppo forti, adatto soprattutto a chi vuole avvicinarsi per la prima volta a questo sport.<\/p>","protected":false},"excerpt":{"rendered":"<p>I nuovi spogliatoi del campo di rugby presso la Villa Montalban a Safforze sono stat ufficialmente inaugurati sabato pomeriggio dal Comune di Belluno, che con l\u2019occasione ha scoperto una targa dedicata a Celeste Bortoluzzi, a cui la nuova struttura \u00e8 intitolata. La cerimonia si \u00e8 svolta nell&#8217;ambito del torneo Touchville 2009 (*) e soprattutto alla [&hellip;]<\/p>\n","protected":false},"author":2,"featured_media":0,"comment_status":"closed","ping_status":"open","sticky":false,"template":"","format":"standard","meta":{"footnotes":""},"categories":[25,4],"tags":[139],"class_list":["post-5079","post","type-post","status-publish","format-standard","category-pausa-caffe","category-sport","tag-belluno"],"yoast_head":"<!-- This site is optimized with the Yoast SEO plugin v28.4 - https:\/\/yoast.com\/product\/yoast-seo-wordpress\/ -->\n<title>Ultimati i nuovi spogliatoi del rugby intitolati a Celeste Bortoluzzi - Bellunopress - Dolomiti<\/title>\n<meta name=\"robots\" content=\"index, follow, max-snippet:-1, max-image-preview:large, max-video-preview:-1\" \/>\n<link rel=\"canonical\" href=\"https:\/\/www.bellunopress.it\/fr\/2009\/06\/19\/ultimati-i-nuovi-spogliatoi-del-rugby-saranno-intitolati-a-celeste-bortoluzzi\/\" \/>\n<meta property=\"og:locale\" content=\"fr_FR\" \/>\n<meta property=\"og:type\" content=\"article\" \/>\n<meta property=\"og:title\" content=\"Ultimati i nuovi spogliatoi del rugby intitolati a Celeste Bortoluzzi - Bellunopress - Dolomiti\" \/>\n<meta property=\"og:description\" content=\"I nuovi spogliatoi del campo di rugby presso la Villa Montalban a Safforze sono stat ufficialmente inaugurati sabato pomeriggio dal Comune di Belluno, che con l\u2019occasione ha scoperto una targa dedicata a Celeste Bortoluzzi, a cui la nuova struttura \u00e8 intitolata. La cerimonia si \u00e8 svolta nell&#8217;ambito del torneo Touchville 2009 (*) e soprattutto alla [&hellip;]\" \/>\n<meta property=\"og:url\" content=\"https:\/\/www.bellunopress.it\/fr\/2009\/06\/19\/ultimati-i-nuovi-spogliatoi-del-rugby-saranno-intitolati-a-celeste-bortoluzzi\/\" \/>\n<meta property=\"og:site_name\" content=\"Bellunopress - Dolomiti\" \/>\n<meta property=\"article:publisher\" content=\"https:\/\/www.facebook.com\/profile.php?id=100008943462799\" \/>\n<meta property=\"article:published_time\" content=\"2009-06-19T18:37:45+00:00\" \/>\n<meta property=\"article:modified_time\" content=\"2009-06-21T21:01:35+00:00\" \/>\n<meta property=\"og:image\" content=\"http:\/\/www.bellunopress.it\/wp-content\/uploads\/2012\/07\/logo-bellunopress-250x250-2012.jpg\" \/>\n<meta name=\"author\" content=\"redazione\" \/>\n<meta name=\"twitter:card\" content=\"summary_large_image\" \/>\n<meta name=\"twitter:creator\" content=\"@bellunopress\" \/>\n<meta name=\"twitter:site\" content=\"@bellunopress\" \/>\n<meta name=\"twitter:label1\" content=\"Written by\" \/>\n\t<meta name=\"twitter:data1\" content=\"redazione\" \/>\n\t<meta name=\"twitter:label2\" content=\"Est. reading time\" \/>\n\t<meta name=\"twitter:data2\" content=\"2 minutes\" \/>\n<script type=\"application\/ld+json\" class=\"yoast-schema-graph\">{\"@context\":\"https:\\\/\\\/schema.org\",\"@graph\":[{\"@type\":\"Article\",\"@id\":\"https:\\\/\\\/www.bellunopress.it\\\/2009\\\/06\\\/19\\\/ultimati-i-nuovi-spogliatoi-del-rugby-saranno-intitolati-a-celeste-bortoluzzi\\\/#article\",\"isPartOf\":{\"@id\":\"https:\\\/\\\/www.bellunopress.it\\\/2009\\\/06\\\/19\\\/ultimati-i-nuovi-spogliatoi-del-rugby-saranno-intitolati-a-celeste-bortoluzzi\\\/\"},\"author\":{\"name\":\"redazione\",\"@id\":\"https:\\\/\\\/www.bellunopress.it\\\/#\\\/schema\\\/person\\\/79bb06722b37ece1c03d3e94beb30d73\"},\"headline\":\"Ultimati i nuovi spogliatoi del rugby intitolati a Celeste Bortoluzzi\",\"datePublished\":\"2009-06-19T18:37:45+00:00\",\"dateModified\":\"2009-06-21T21:01:35+00:00\",\"mainEntityOfPage\":{\"@id\":\"https:\\\/\\\/www.bellunopress.it\\\/2009\\\/06\\\/19\\\/ultimati-i-nuovi-spogliatoi-del-rugby-saranno-intitolati-a-celeste-bortoluzzi\\\/\"},\"wordCount\":485,\"publisher\":{\"@id\":\"https:\\\/\\\/www.bellunopress.it\\\/#organization\"},\"keywords\":[\"Belluno\"],\"articleSection\":[\"Pausa Caff\u00e8\",\"Sport, tempo libero\"],\"inLanguage\":\"fr-FR\"},{\"@type\":\"WebPage\",\"@id\":\"https:\\\/\\\/www.bellunopress.it\\\/2009\\\/06\\\/19\\\/ultimati-i-nuovi-spogliatoi-del-rugby-saranno-intitolati-a-celeste-bortoluzzi\\\/\",\"url\":\"https:\\\/\\\/www.bellunopress.it\\\/2009\\\/06\\\/19\\\/ultimati-i-nuovi-spogliatoi-del-rugby-saranno-intitolati-a-celeste-bortoluzzi\\\/\",\"name\":\"Ultimati i nuovi spogliatoi del rugby intitolati a Celeste Bortoluzzi - Bellunopress - Dolomiti\",\"isPartOf\":{\"@id\":\"https:\\\/\\\/www.bellunopress.it\\\/#website\"},\"datePublished\":\"2009-06-19T18:37:45+00:00\",\"dateModified\":\"2009-06-21T21:01:35+00:00\",\"breadcrumb\":{\"@id\":\"https:\\\/\\\/www.bellunopress.it\\\/2009\\\/06\\\/19\\\/ultimati-i-nuovi-spogliatoi-del-rugby-saranno-intitolati-a-celeste-bortoluzzi\\\/#breadcrumb\"},\"inLanguage\":\"fr-FR\",\"potentialAction\":[{\"@type\":\"ReadAction\",\"target\":[\"https:\\\/\\\/www.bellunopress.it\\\/2009\\\/06\\\/19\\\/ultimati-i-nuovi-spogliatoi-del-rugby-saranno-intitolati-a-celeste-bortoluzzi\\\/\"]}]},{\"@type\":\"BreadcrumbList\",\"@id\":\"https:\\\/\\\/www.bellunopress.it\\\/2009\\\/06\\\/19\\\/ultimati-i-nuovi-spogliatoi-del-rugby-saranno-intitolati-a-celeste-bortoluzzi\\\/#breadcrumb\",\"itemListElement\":[{\"@type\":\"ListItem\",\"position\":1,\"name\":\"Home\",\"item\":\"https:\\\/\\\/www.bellunopress.it\\\/\"},{\"@type\":\"ListItem\",\"position\":2,\"name\":\"Ultimati i nuovi spogliatoi del rugby intitolati a Celeste Bortoluzzi\"}]},{\"@type\":\"WebSite\",\"@id\":\"https:\\\/\\\/www.bellunopress.it\\\/#website\",\"url\":\"https:\\\/\\\/www.bellunopress.it\\\/\",\"name\":\"Bellunopress - Dolomiti\",\"description\":\"e-mail: redazione@bellunopress.it\",\"publisher\":{\"@id\":\"https:\\\/\\\/www.bellunopress.it\\\/#organization\"},\"potentialAction\":[{\"@type\":\"SearchAction\",\"target\":{\"@type\":\"EntryPoint\",\"urlTemplate\":\"https:\\\/\\\/www.bellunopress.it\\\/?s={search_term_string}\"},\"query-input\":{\"@type\":\"PropertyValueSpecification\",\"valueRequired\":true,\"valueName\":\"search_term_string\"}}],\"inLanguage\":\"fr-FR\"},{\"@type\":\"Organization\",\"@id\":\"https:\\\/\\\/www.bellunopress.it\\\/#organization\",\"name\":\"Bellunopress\",\"url\":\"https:\\\/\\\/www.bellunopress.it\\\/\",\"logo\":{\"@type\":\"ImageObject\",\"inLanguage\":\"fr-FR\",\"@id\":\"https:\\\/\\\/www.bellunopress.it\\\/#\\\/schema\\\/logo\\\/image\\\/\",\"url\":\"https:\\\/\\\/www.bellunopress.it\\\/wp-content\\\/uploads\\\/2011\\\/05\\\/cropped-logo-bellunopress-.jpg\",\"contentUrl\":\"https:\\\/\\\/www.bellunopress.it\\\/wp-content\\\/uploads\\\/2011\\\/05\\\/cropped-logo-bellunopress-.jpg\",\"width\":512,\"height\":512,\"caption\":\"Bellunopress\"},\"image\":{\"@id\":\"https:\\\/\\\/www.bellunopress.it\\\/#\\\/schema\\\/logo\\\/image\\\/\"},\"sameAs\":[\"https:\\\/\\\/www.facebook.com\\\/profile.php?id=100008943462799\",\"https:\\\/\\\/x.com\\\/bellunopress\",\"https:\\\/\\\/www.linkedin.com\\\/hp\\\/?dnr=JBzUWaJfMUw8vbXJJ2tVW5-I3jZKvC4wsoxE&amp;amp;amp;amp;amp;amp;trk=nav_responsive_tab_home\",\"https:\\\/\\\/www.youtube.com\\\/channel\\\/UCxL0wu1uN0_3_7hGG0306cw\"]},{\"@type\":\"Person\",\"@id\":\"https:\\\/\\\/www.bellunopress.it\\\/#\\\/schema\\\/person\\\/79bb06722b37ece1c03d3e94beb30d73\",\"name\":\"redazione\",\"image\":{\"@type\":\"ImageObject\",\"inLanguage\":\"fr-FR\",\"@id\":\"https:\\\/\\\/secure.gravatar.com\\\/avatar\\\/37d968a2e67a6fd04c169c4bdef102d0bc5d31b2546345219e348575eb80e9a0?s=96&d=mm&r=g\",\"url\":\"https:\\\/\\\/secure.gravatar.com\\\/avatar\\\/37d968a2e67a6fd04c169c4bdef102d0bc5d31b2546345219e348575eb80e9a0?s=96&d=mm&r=g\",\"contentUrl\":\"https:\\\/\\\/secure.gravatar.com\\\/avatar\\\/37d968a2e67a6fd04c169c4bdef102d0bc5d31b2546345219e348575eb80e9a0?s=96&d=mm&r=g\",\"caption\":\"redazione\"},\"sameAs\":[\"http:\\\/\\\/www.bellunopress.it\",\"https:\\\/\\\/x.com\\\/bellunopress\"],\"url\":\"https:\\\/\\\/www.bellunopress.it\\\/fr\\\/author\\\/redazione\\\/\"}]}<\/script>\n<!-- \/ Yoast SEO plugin. -->","yoast_head_json":{"title":"Ultimati i nuovi spogliatoi del rugby intitolati a Celeste Bortoluzzi - Bellunopress - Dolomiti","robots":{"index":"index","follow":"follow","max-snippet":"max-snippet:-1","max-image-preview":"max-image-preview:large","max-video-preview":"max-video-preview:-1"},"canonical":"https:\/\/www.bellunopress.it\/fr\/2009\/06\/19\/ultimati-i-nuovi-spogliatoi-del-rugby-saranno-intitolati-a-celeste-bortoluzzi\/","og_locale":"fr_FR","og_type":"article","og_title":"Ultimati i nuovi spogliatoi del rugby intitolati a Celeste Bortoluzzi - Bellunopress - Dolomiti","og_description":"I nuovi spogliatoi del campo di rugby presso la Villa Montalban a Safforze sono stat ufficialmente inaugurati sabato pomeriggio dal Comune di Belluno, che con l\u2019occasione ha scoperto una targa dedicata a Celeste Bortoluzzi, a cui la nuova struttura \u00e8 intitolata. La cerimonia si \u00e8 svolta nell&#8217;ambito del torneo Touchville 2009 (*) e soprattutto alla [&hellip;]","og_url":"https:\/\/www.bellunopress.it\/fr\/2009\/06\/19\/ultimati-i-nuovi-spogliatoi-del-rugby-saranno-intitolati-a-celeste-bortoluzzi\/","og_site_name":"Bellunopress - Dolomiti","article_publisher":"https:\/\/www.facebook.com\/profile.php?id=100008943462799","article_published_time":"2009-06-19T18:37:45+00:00","article_modified_time":"2009-06-21T21:01:35+00:00","og_image":[{"url":"http:\/\/www.bellunopress.it\/wp-content\/uploads\/2012\/07\/logo-bellunopress-250x250-2012.jpg","type":"","width":"","height":""}],"author":"redazione","twitter_card":"summary_large_image","twitter_creator":"@bellunopress","twitter_site":"@bellunopress","twitter_misc":{"Written by":"redazione","Est. reading time":"2 minutes"},"schema":{"@context":"https:\/\/schema.org","@graph":[{"@type":"Article","@id":"https:\/\/www.bellunopress.it\/2009\/06\/19\/ultimati-i-nuovi-spogliatoi-del-rugby-saranno-intitolati-a-celeste-bortoluzzi\/#article","isPartOf":{"@id":"https:\/\/www.bellunopress.it\/2009\/06\/19\/ultimati-i-nuovi-spogliatoi-del-rugby-saranno-intitolati-a-celeste-bortoluzzi\/"},"author":{"name":"redazione","@id":"https:\/\/www.bellunopress.it\/#\/schema\/person\/79bb06722b37ece1c03d3e94beb30d73"},"headline":"Ultimati i nuovi spogliatoi del rugby intitolati a Celeste Bortoluzzi","datePublished":"2009-06-19T18:37:45+00:00","dateModified":"2009-06-21T21:01:35+00:00","mainEntityOfPage":{"@id":"https:\/\/www.bellunopress.it\/2009\/06\/19\/ultimati-i-nuovi-spogliatoi-del-rugby-saranno-intitolati-a-celeste-bortoluzzi\/"},"wordCount":485,"publisher":{"@id":"https:\/\/www.bellunopress.it\/#organization"},"keywords":["Belluno"],"articleSection":["Pausa Caff\u00e8","Sport, tempo libero"],"inLanguage":"fr-FR"},{"@type":"WebPage","@id":"https:\/\/www.bellunopress.it\/2009\/06\/19\/ultimati-i-nuovi-spogliatoi-del-rugby-saranno-intitolati-a-celeste-bortoluzzi\/","url":"https:\/\/www.bellunopress.it\/2009\/06\/19\/ultimati-i-nuovi-spogliatoi-del-rugby-saranno-intitolati-a-celeste-bortoluzzi\/","name":"Ultimati i nuovi spogliatoi del rugby intitolati a Celeste Bortoluzzi - Bellunopress - Dolomiti","isPartOf":{"@id":"https:\/\/www.bellunopress.it\/#website"},"datePublished":"2009-06-19T18:37:45+00:00","dateModified":"2009-06-21T21:01:35+00:00","breadcrumb":{"@id":"https:\/\/www.bellunopress.it\/2009\/06\/19\/ultimati-i-nuovi-spogliatoi-del-rugby-saranno-intitolati-a-celeste-bortoluzzi\/#breadcrumb"},"inLanguage":"fr-FR","potentialAction":[{"@type":"ReadAction","target":["https:\/\/www.bellunopress.it\/2009\/06\/19\/ultimati-i-nuovi-spogliatoi-del-rugby-saranno-intitolati-a-celeste-bortoluzzi\/"]}]},{"@type":"BreadcrumbList","@id":"https:\/\/www.bellunopress.it\/2009\/06\/19\/ultimati-i-nuovi-spogliatoi-del-rugby-saranno-intitolati-a-celeste-bortoluzzi\/#breadcrumb","itemListElement":[{"@type":"ListItem","position":1,"name":"Home","item":"https:\/\/www.bellunopress.it\/"},{"@type":"ListItem","position":2,"name":"Ultimati i nuovi spogliatoi del rugby intitolati a Celeste Bortoluzzi"}]},{"@type":"WebSite","@id":"https:\/\/www.bellunopress.it\/#website","url":"https:\/\/www.bellunopress.it\/","name":"Bellunopress - Dolomiti","description":"e-mail: redazione@bellunopress.it","publisher":{"@id":"https:\/\/www.bellunopress.it\/#organization"},"potentialAction":[{"@type":"SearchAction","target":{"@type":"EntryPoint","urlTemplate":"https:\/\/www.bellunopress.it\/?s={search_term_string}"},"query-input":{"@type":"PropertyValueSpecification","valueRequired":true,"valueName":"search_term_string"}}],"inLanguage":"fr-FR"},{"@type":"Organization","@id":"https:\/\/www.bellunopress.it\/#organization","name":"Bellunopress","url":"https:\/\/www.bellunopress.it\/","logo":{"@type":"ImageObject","inLanguage":"fr-FR","@id":"https:\/\/www.bellunopress.it\/#\/schema\/logo\/image\/","url":"https:\/\/www.bellunopress.it\/wp-content\/uploads\/2011\/05\/cropped-logo-bellunopress-.jpg","contentUrl":"https:\/\/www.bellunopress.it\/wp-content\/uploads\/2011\/05\/cropped-logo-bellunopress-.jpg","width":512,"height":512,"caption":"Bellunopress"},"image":{"@id":"https:\/\/www.bellunopress.it\/#\/schema\/logo\/image\/"},"sameAs":["https:\/\/www.facebook.com\/profile.php?id=100008943462799","https:\/\/x.com\/bellunopress","https:\/\/www.linkedin.com\/hp\/?dnr=JBzUWaJfMUw8vbXJJ2tVW5-I3jZKvC4wsoxE&amp;amp;amp;amp;amp;amp;trk=nav_responsive_tab_home","https:\/\/www.youtube.com\/channel\/UCxL0wu1uN0_3_7hGG0306cw"]},{"@type":"Person","@id":"https:\/\/www.bellunopress.it\/#\/schema\/person\/79bb06722b37ece1c03d3e94beb30d73","name":"r\u00e9daction","image":{"@type":"ImageObject","inLanguage":"fr-FR","@id":"https:\/\/secure.gravatar.com\/avatar\/37d968a2e67a6fd04c169c4bdef102d0bc5d31b2546345219e348575eb80e9a0?s=96&d=mm&r=g","url":"https:\/\/secure.gravatar.com\/avatar\/37d968a2e67a6fd04c169c4bdef102d0bc5d31b2546345219e348575eb80e9a0?s=96&d=mm&r=g","contentUrl":"https:\/\/secure.gravatar.com\/avatar\/37d968a2e67a6fd04c169c4bdef102d0bc5d31b2546345219e348575eb80e9a0?s=96&d=mm&r=g","caption":"redazione"},"sameAs":["http:\/\/www.bellunopress.it","https:\/\/x.com\/bellunopress"],"url":"https:\/\/www.bellunopress.it\/fr\/author\/redazione\/"}]}},"_links":{"self":[{"href":"https:\/\/www.bellunopress.it\/fr\/wp-json\/wp\/v2\/posts\/5079","targetHints":{"allow":["GET"]}}],"collection":[{"href":"https:\/\/www.bellunopress.it\/fr\/wp-json\/wp\/v2\/posts"}],"about":[{"href":"https:\/\/www.bellunopress.it\/fr\/wp-json\/wp\/v2\/types\/post"}],"author":[{"embeddable":true,"href":"https:\/\/www.bellunopress.it\/fr\/wp-json\/wp\/v2\/users\/2"}],"replies":[{"embeddable":true,"href":"https:\/\/www.bellunopress.it\/fr\/wp-json\/wp\/v2\/comments?post=5079"}],"version-history":[{"count":7,"href":"https:\/\/www.bellunopress.it\/fr\/wp-json\/wp\/v2\/posts\/5079\/revisions"}],"predecessor-version":[{"id":5228,"href":"https:\/\/www.bellunopress.it\/fr\/wp-json\/wp\/v2\/posts\/5079\/revisions\/5228"}],"wp:attachment":[{"href":"https:\/\/www.bellunopress.it\/fr\/wp-json\/wp\/v2\/media?parent=5079"}],"wp:term":[{"taxonomy":"category","embeddable":true,"href":"https:\/\/www.bellunopress.it\/fr\/wp-json\/wp\/v2\/categories?post=5079"},{"taxonomy":"post_tag","embeddable":true,"href":"https:\/\/www.bellunopress.it\/fr\/wp-json\/wp\/v2\/tags?post=5079"}],"curies":[{"name":"wp","href":"https:\/\/api.w.org\/{rel}","templated":true}]}}