{"id":5077,"date":"2009-06-18T18:34:04","date_gmt":"2009-06-18T17:34:04","guid":{"rendered":"http:\/\/www.bellunopress.it\/?p=5077"},"modified":"2009-06-18T18:34:04","modified_gmt":"2009-06-18T17:34:04","slug":"un%e2%80%99amministrazione-alla-frutta-che-si-aggrappa-ad-ogni-cosa","status":"publish","type":"post","link":"https:\/\/www.bellunopress.it\/fr\/2009\/06\/18\/un%e2%80%99amministrazione-alla-frutta-che-si-aggrappa-ad-ogni-cosa\/","title":{"rendered":"&#8220;Un\u2019amministrazione alla frutta che si aggrappa ad ogni cosa&#8221;"},"content":{"rendered":"<p>&#8220;Leggo divertito oggi sulle pagine Cadore-Cortina della stampa locale il caso del sottoscritto bollato come assenteista. Il sindaco Massimo De Luca, che d\u2019ora in poi chiamer\u00f2 il Brunetta della Valboite, freme per avere una mia risposta e non \u00e8 un caso abbia fretta anche se mancano ancora 12 giorni dal termine ultimo per rispondere. Gli serve sapere se sono decaduto o meno per contare le pedine a favore di un eventuale candidatura del prosindaco (come Gentilini a Treviso) De Marchi a presidente della Comunit\u00e0 Montana. Rassicuro da subito De Luca, da parte mia non ricever\u00e0 alcuna lettera visto il comportamento anti democratico che ha avuto nei miei confronti. Ha palesemente ignorato una mia protesta scritta per la mancata notifica dei primi due consigli comunali a cui non sono stato presente ed anche una mail di giustifica per la terza assente che il funzionario comunale mi ha confermato di aver ricevuto, stampato e fornito al segretario comunale. Una lettera comunque confermo di averla scritta, al prefetto di Belluno per\u00f2, per segnalare l\u2019irregolarit\u00e0 del comportamento dell\u2019Amministrazione che applica il regolamento comunale a proprio piacimento ed ovviamente gli squallidi motivi che spingono a convocare gli ultimi consigli comunali alle 8 di mattina pur sapendo che alcuni consiglieri e soprattutto i cittadini di Borca non possono parteciparvi. Lascio che sia il prefetto a prendere provvedimenti affinch\u00e9 Borca torni ad avere una vita amministrativa democraticamente regolata e inclusiva dei cittadini. \u00a0Concludo dicendo che ancora una volta l\u2019amministrazione comunale si occupa di poltrone anzich\u00e9 di attuare politiche per rivitalizzare economicamente e turisticamente il paese. Complimenti&#8221;.<br \/>\nValerio Tabacchi<\/p>","protected":false},"excerpt":{"rendered":"<p>&#8220;Leggo divertito oggi sulle pagine Cadore-Cortina della stampa locale il caso del sottoscritto bollato come assenteista. Il sindaco Massimo De Luca, che d\u2019ora in poi chiamer\u00f2 il Brunetta della Valboite, freme per avere una mia risposta e non \u00e8 un caso abbia fretta anche se mancano ancora 12 giorni dal termine ultimo per rispondere. Gli [&hellip;]<\/p>\n","protected":false},"author":2,"featured_media":0,"comment_status":"closed","ping_status":"open","sticky":false,"template":"","format":"standard","meta":{"footnotes":""},"categories":[5,1],"tags":[139,151],"class_list":["post-5077","post","type-post","status-publish","format-standard","category-cronaca","category-leo","tag-belluno","tag-cadore"],"yoast_head":"<!-- This site is optimized with the Yoast SEO plugin v28.4 - https:\/\/yoast.com\/product\/yoast-seo-wordpress\/ -->\n<title>&quot;Un\u2019amministrazione alla frutta che si aggrappa ad ogni cosa&quot; - Bellunopress - Dolomiti<\/title>\n<meta name=\"robots\" content=\"index, follow, max-snippet:-1, max-image-preview:large, max-video-preview:-1\" \/>\n<link rel=\"canonical\" href=\"https:\/\/www.bellunopress.it\/fr\/2009\/06\/18\/un\u2019amministrazione-alla-frutta-che-si-aggrappa-ad-ogni-cosa\/\" \/>\n<meta property=\"og:locale\" content=\"fr_FR\" \/>\n<meta property=\"og:type\" content=\"article\" \/>\n<meta property=\"og:title\" content=\"&quot;Un\u2019amministrazione alla frutta che si aggrappa ad ogni cosa&quot; - Bellunopress - Dolomiti\" \/>\n<meta property=\"og:description\" content=\"&#8220;Leggo divertito oggi sulle pagine Cadore-Cortina della stampa locale il caso del sottoscritto bollato come assenteista. Il sindaco Massimo De Luca, che d\u2019ora in poi chiamer\u00f2 il Brunetta della Valboite, freme per avere una mia risposta e non \u00e8 un caso abbia fretta anche se mancano ancora 12 giorni dal termine ultimo per rispondere. Gli [&hellip;]\" \/>\n<meta property=\"og:url\" content=\"https:\/\/www.bellunopress.it\/fr\/2009\/06\/18\/un\u2019amministrazione-alla-frutta-che-si-aggrappa-ad-ogni-cosa\/\" \/>\n<meta property=\"og:site_name\" content=\"Bellunopress - Dolomiti\" \/>\n<meta property=\"article:publisher\" content=\"https:\/\/www.facebook.com\/profile.php?id=100008943462799\" \/>\n<meta property=\"article:published_time\" content=\"2009-06-18T17:34:04+00:00\" \/>\n<meta property=\"og:image\" content=\"http:\/\/www.bellunopress.it\/wp-content\/uploads\/2012\/07\/logo-bellunopress-250x250-2012.jpg\" \/>\n<meta name=\"author\" content=\"redazione\" \/>\n<meta name=\"twitter:card\" content=\"summary_large_image\" \/>\n<meta name=\"twitter:creator\" content=\"@bellunopress\" \/>\n<meta name=\"twitter:site\" content=\"@bellunopress\" \/>\n<meta name=\"twitter:label1\" content=\"\u00c9crit par\" \/>\n\t<meta name=\"twitter:data1\" content=\"redazione\" \/>\n\t<meta name=\"twitter:label2\" content=\"Dur\u00e9e de lecture estim\u00e9e\" \/>\n\t<meta name=\"twitter:data2\" content=\"1 minute\" \/>\n<script type=\"application\/ld+json\" class=\"yoast-schema-graph\">{\"@context\":\"https:\\\/\\\/schema.org\",\"@graph\":[{\"@type\":\"Article\",\"@id\":\"https:\\\/\\\/www.bellunopress.it\\\/2009\\\/06\\\/18\\\/un%e2%80%99amministrazione-alla-frutta-che-si-aggrappa-ad-ogni-cosa\\\/#article\",\"isPartOf\":{\"@id\":\"https:\\\/\\\/www.bellunopress.it\\\/2009\\\/06\\\/18\\\/un%e2%80%99amministrazione-alla-frutta-che-si-aggrappa-ad-ogni-cosa\\\/\"},\"author\":{\"name\":\"redazione\",\"@id\":\"https:\\\/\\\/www.bellunopress.it\\\/#\\\/schema\\\/person\\\/79bb06722b37ece1c03d3e94beb30d73\"},\"headline\":\"&#8220;Un\u2019amministrazione alla frutta che si aggrappa ad ogni cosa&#8221;\",\"datePublished\":\"2009-06-18T17:34:04+00:00\",\"mainEntityOfPage\":{\"@id\":\"https:\\\/\\\/www.bellunopress.it\\\/2009\\\/06\\\/18\\\/un%e2%80%99amministrazione-alla-frutta-che-si-aggrappa-ad-ogni-cosa\\\/\"},\"wordCount\":272,\"publisher\":{\"@id\":\"https:\\\/\\\/www.bellunopress.it\\\/#organization\"},\"keywords\":[\"Belluno\",\"Cadore\"],\"articleSection\":[\"Cronaca\\\/Politica\",\"Lettere Opinioni\"],\"inLanguage\":\"fr-FR\"},{\"@type\":\"WebPage\",\"@id\":\"https:\\\/\\\/www.bellunopress.it\\\/2009\\\/06\\\/18\\\/un%e2%80%99amministrazione-alla-frutta-che-si-aggrappa-ad-ogni-cosa\\\/\",\"url\":\"https:\\\/\\\/www.bellunopress.it\\\/2009\\\/06\\\/18\\\/un%e2%80%99amministrazione-alla-frutta-che-si-aggrappa-ad-ogni-cosa\\\/\",\"name\":\"\\\"Un\u2019amministrazione alla frutta che si aggrappa ad ogni cosa\\\" - Bellunopress - Dolomiti\",\"isPartOf\":{\"@id\":\"https:\\\/\\\/www.bellunopress.it\\\/#website\"},\"datePublished\":\"2009-06-18T17:34:04+00:00\",\"breadcrumb\":{\"@id\":\"https:\\\/\\\/www.bellunopress.it\\\/2009\\\/06\\\/18\\\/un%e2%80%99amministrazione-alla-frutta-che-si-aggrappa-ad-ogni-cosa\\\/#breadcrumb\"},\"inLanguage\":\"fr-FR\",\"potentialAction\":[{\"@type\":\"ReadAction\",\"target\":[\"https:\\\/\\\/www.bellunopress.it\\\/2009\\\/06\\\/18\\\/un%e2%80%99amministrazione-alla-frutta-che-si-aggrappa-ad-ogni-cosa\\\/\"]}]},{\"@type\":\"BreadcrumbList\",\"@id\":\"https:\\\/\\\/www.bellunopress.it\\\/2009\\\/06\\\/18\\\/un%e2%80%99amministrazione-alla-frutta-che-si-aggrappa-ad-ogni-cosa\\\/#breadcrumb\",\"itemListElement\":[{\"@type\":\"ListItem\",\"position\":1,\"name\":\"Home\",\"item\":\"https:\\\/\\\/www.bellunopress.it\\\/\"},{\"@type\":\"ListItem\",\"position\":2,\"name\":\"&#8220;Un\u2019amministrazione alla frutta che si aggrappa ad ogni cosa&#8221;\"}]},{\"@type\":\"WebSite\",\"@id\":\"https:\\\/\\\/www.bellunopress.it\\\/#website\",\"url\":\"https:\\\/\\\/www.bellunopress.it\\\/\",\"name\":\"Bellunopress - Dolomiti\",\"description\":\"e-mail: redazione@bellunopress.it\",\"publisher\":{\"@id\":\"https:\\\/\\\/www.bellunopress.it\\\/#organization\"},\"potentialAction\":[{\"@type\":\"SearchAction\",\"target\":{\"@type\":\"EntryPoint\",\"urlTemplate\":\"https:\\\/\\\/www.bellunopress.it\\\/?s={search_term_string}\"},\"query-input\":{\"@type\":\"PropertyValueSpecification\",\"valueRequired\":true,\"valueName\":\"search_term_string\"}}],\"inLanguage\":\"fr-FR\"},{\"@type\":\"Organization\",\"@id\":\"https:\\\/\\\/www.bellunopress.it\\\/#organization\",\"name\":\"Bellunopress\",\"url\":\"https:\\\/\\\/www.bellunopress.it\\\/\",\"logo\":{\"@type\":\"ImageObject\",\"inLanguage\":\"fr-FR\",\"@id\":\"https:\\\/\\\/www.bellunopress.it\\\/#\\\/schema\\\/logo\\\/image\\\/\",\"url\":\"https:\\\/\\\/www.bellunopress.it\\\/wp-content\\\/uploads\\\/2011\\\/05\\\/cropped-logo-bellunopress-.jpg\",\"contentUrl\":\"https:\\\/\\\/www.bellunopress.it\\\/wp-content\\\/uploads\\\/2011\\\/05\\\/cropped-logo-bellunopress-.jpg\",\"width\":512,\"height\":512,\"caption\":\"Bellunopress\"},\"image\":{\"@id\":\"https:\\\/\\\/www.bellunopress.it\\\/#\\\/schema\\\/logo\\\/image\\\/\"},\"sameAs\":[\"https:\\\/\\\/www.facebook.com\\\/profile.php?id=100008943462799\",\"https:\\\/\\\/x.com\\\/bellunopress\",\"https:\\\/\\\/www.linkedin.com\\\/hp\\\/?dnr=JBzUWaJfMUw8vbXJJ2tVW5-I3jZKvC4wsoxE&amp;amp;amp;amp;amp;amp;trk=nav_responsive_tab_home\",\"https:\\\/\\\/www.youtube.com\\\/channel\\\/UCxL0wu1uN0_3_7hGG0306cw\"]},{\"@type\":\"Person\",\"@id\":\"https:\\\/\\\/www.bellunopress.it\\\/#\\\/schema\\\/person\\\/79bb06722b37ece1c03d3e94beb30d73\",\"name\":\"redazione\",\"image\":{\"@type\":\"ImageObject\",\"inLanguage\":\"fr-FR\",\"@id\":\"https:\\\/\\\/secure.gravatar.com\\\/avatar\\\/37d968a2e67a6fd04c169c4bdef102d0bc5d31b2546345219e348575eb80e9a0?s=96&d=mm&r=g\",\"url\":\"https:\\\/\\\/secure.gravatar.com\\\/avatar\\\/37d968a2e67a6fd04c169c4bdef102d0bc5d31b2546345219e348575eb80e9a0?s=96&d=mm&r=g\",\"contentUrl\":\"https:\\\/\\\/secure.gravatar.com\\\/avatar\\\/37d968a2e67a6fd04c169c4bdef102d0bc5d31b2546345219e348575eb80e9a0?s=96&d=mm&r=g\",\"caption\":\"redazione\"},\"sameAs\":[\"http:\\\/\\\/www.bellunopress.it\",\"https:\\\/\\\/x.com\\\/bellunopress\"],\"url\":\"https:\\\/\\\/www.bellunopress.it\\\/fr\\\/author\\\/redazione\\\/\"}]}<\/script>\n<!-- \/ Yoast SEO plugin. -->","yoast_head_json":{"title":"\"Un\u2019amministrazione alla frutta che si aggrappa ad ogni cosa\" - Bellunopress - Dolomiti","robots":{"index":"index","follow":"follow","max-snippet":"max-snippet:-1","max-image-preview":"max-image-preview:large","max-video-preview":"max-video-preview:-1"},"canonical":"https:\/\/www.bellunopress.it\/fr\/2009\/06\/18\/un\u2019amministrazione-alla-frutta-che-si-aggrappa-ad-ogni-cosa\/","og_locale":"fr_FR","og_type":"article","og_title":"\"Un\u2019amministrazione alla frutta che si aggrappa ad ogni cosa\" - Bellunopress - Dolomiti","og_description":"&#8220;Leggo divertito oggi sulle pagine Cadore-Cortina della stampa locale il caso del sottoscritto bollato come assenteista. Il sindaco Massimo De Luca, che d\u2019ora in poi chiamer\u00f2 il Brunetta della Valboite, freme per avere una mia risposta e non \u00e8 un caso abbia fretta anche se mancano ancora 12 giorni dal termine ultimo per rispondere. Gli [&hellip;]","og_url":"https:\/\/www.bellunopress.it\/fr\/2009\/06\/18\/un\u2019amministrazione-alla-frutta-che-si-aggrappa-ad-ogni-cosa\/","og_site_name":"Bellunopress - Dolomiti","article_publisher":"https:\/\/www.facebook.com\/profile.php?id=100008943462799","article_published_time":"2009-06-18T17:34:04+00:00","og_image":[{"url":"http:\/\/www.bellunopress.it\/wp-content\/uploads\/2012\/07\/logo-bellunopress-250x250-2012.jpg","type":"","width":"","height":""}],"author":"redazione","twitter_card":"summary_large_image","twitter_creator":"@bellunopress","twitter_site":"@bellunopress","twitter_misc":{"\u00c9crit par":"redazione","Dur\u00e9e de lecture estim\u00e9e":"1 minute"},"schema":{"@context":"https:\/\/schema.org","@graph":[{"@type":"Article","@id":"https:\/\/www.bellunopress.it\/2009\/06\/18\/un%e2%80%99amministrazione-alla-frutta-che-si-aggrappa-ad-ogni-cosa\/#article","isPartOf":{"@id":"https:\/\/www.bellunopress.it\/2009\/06\/18\/un%e2%80%99amministrazione-alla-frutta-che-si-aggrappa-ad-ogni-cosa\/"},"author":{"name":"redazione","@id":"https:\/\/www.bellunopress.it\/#\/schema\/person\/79bb06722b37ece1c03d3e94beb30d73"},"headline":"&#8220;Un\u2019amministrazione alla frutta che si aggrappa ad ogni cosa&#8221;","datePublished":"2009-06-18T17:34:04+00:00","mainEntityOfPage":{"@id":"https:\/\/www.bellunopress.it\/2009\/06\/18\/un%e2%80%99amministrazione-alla-frutta-che-si-aggrappa-ad-ogni-cosa\/"},"wordCount":272,"publisher":{"@id":"https:\/\/www.bellunopress.it\/#organization"},"keywords":["Belluno","Cadore"],"articleSection":["Cronaca\/Politica","Lettere Opinioni"],"inLanguage":"fr-FR"},{"@type":"WebPage","@id":"https:\/\/www.bellunopress.it\/2009\/06\/18\/un%e2%80%99amministrazione-alla-frutta-che-si-aggrappa-ad-ogni-cosa\/","url":"https:\/\/www.bellunopress.it\/2009\/06\/18\/un%e2%80%99amministrazione-alla-frutta-che-si-aggrappa-ad-ogni-cosa\/","name":"\"Un\u2019amministrazione alla frutta che si aggrappa ad ogni cosa\" - Bellunopress - Dolomiti","isPartOf":{"@id":"https:\/\/www.bellunopress.it\/#website"},"datePublished":"2009-06-18T17:34:04+00:00","breadcrumb":{"@id":"https:\/\/www.bellunopress.it\/2009\/06\/18\/un%e2%80%99amministrazione-alla-frutta-che-si-aggrappa-ad-ogni-cosa\/#breadcrumb"},"inLanguage":"fr-FR","potentialAction":[{"@type":"ReadAction","target":["https:\/\/www.bellunopress.it\/2009\/06\/18\/un%e2%80%99amministrazione-alla-frutta-che-si-aggrappa-ad-ogni-cosa\/"]}]},{"@type":"BreadcrumbList","@id":"https:\/\/www.bellunopress.it\/2009\/06\/18\/un%e2%80%99amministrazione-alla-frutta-che-si-aggrappa-ad-ogni-cosa\/#breadcrumb","itemListElement":[{"@type":"ListItem","position":1,"name":"Home","item":"https:\/\/www.bellunopress.it\/"},{"@type":"ListItem","position":2,"name":"&#8220;Un\u2019amministrazione alla frutta che si aggrappa ad ogni cosa&#8221;"}]},{"@type":"WebSite","@id":"https:\/\/www.bellunopress.it\/#website","url":"https:\/\/www.bellunopress.it\/","name":"Bellunopress - Dolomiti","description":"e-mail: redazione@bellunopress.it","publisher":{"@id":"https:\/\/www.bellunopress.it\/#organization"},"potentialAction":[{"@type":"SearchAction","target":{"@type":"EntryPoint","urlTemplate":"https:\/\/www.bellunopress.it\/?s={search_term_string}"},"query-input":{"@type":"PropertyValueSpecification","valueRequired":true,"valueName":"search_term_string"}}],"inLanguage":"fr-FR"},{"@type":"Organization","@id":"https:\/\/www.bellunopress.it\/#organization","name":"Bellunopress","url":"https:\/\/www.bellunopress.it\/","logo":{"@type":"ImageObject","inLanguage":"fr-FR","@id":"https:\/\/www.bellunopress.it\/#\/schema\/logo\/image\/","url":"https:\/\/www.bellunopress.it\/wp-content\/uploads\/2011\/05\/cropped-logo-bellunopress-.jpg","contentUrl":"https:\/\/www.bellunopress.it\/wp-content\/uploads\/2011\/05\/cropped-logo-bellunopress-.jpg","width":512,"height":512,"caption":"Bellunopress"},"image":{"@id":"https:\/\/www.bellunopress.it\/#\/schema\/logo\/image\/"},"sameAs":["https:\/\/www.facebook.com\/profile.php?id=100008943462799","https:\/\/x.com\/bellunopress","https:\/\/www.linkedin.com\/hp\/?dnr=JBzUWaJfMUw8vbXJJ2tVW5-I3jZKvC4wsoxE&amp;amp;amp;amp;amp;amp;trk=nav_responsive_tab_home","https:\/\/www.youtube.com\/channel\/UCxL0wu1uN0_3_7hGG0306cw"]},{"@type":"Person","@id":"https:\/\/www.bellunopress.it\/#\/schema\/person\/79bb06722b37ece1c03d3e94beb30d73","name":"r\u00e9daction","image":{"@type":"ImageObject","inLanguage":"fr-FR","@id":"https:\/\/secure.gravatar.com\/avatar\/37d968a2e67a6fd04c169c4bdef102d0bc5d31b2546345219e348575eb80e9a0?s=96&d=mm&r=g","url":"https:\/\/secure.gravatar.com\/avatar\/37d968a2e67a6fd04c169c4bdef102d0bc5d31b2546345219e348575eb80e9a0?s=96&d=mm&r=g","contentUrl":"https:\/\/secure.gravatar.com\/avatar\/37d968a2e67a6fd04c169c4bdef102d0bc5d31b2546345219e348575eb80e9a0?s=96&d=mm&r=g","caption":"redazione"},"sameAs":["http:\/\/www.bellunopress.it","https:\/\/x.com\/bellunopress"],"url":"https:\/\/www.bellunopress.it\/fr\/author\/redazione\/"}]}},"_links":{"self":[{"href":"https:\/\/www.bellunopress.it\/fr\/wp-json\/wp\/v2\/posts\/5077","targetHints":{"allow":["GET"]}}],"collection":[{"href":"https:\/\/www.bellunopress.it\/fr\/wp-json\/wp\/v2\/posts"}],"about":[{"href":"https:\/\/www.bellunopress.it\/fr\/wp-json\/wp\/v2\/types\/post"}],"author":[{"embeddable":true,"href":"https:\/\/www.bellunopress.it\/fr\/wp-json\/wp\/v2\/users\/2"}],"replies":[{"embeddable":true,"href":"https:\/\/www.bellunopress.it\/fr\/wp-json\/wp\/v2\/comments?post=5077"}],"version-history":[{"count":1,"href":"https:\/\/www.bellunopress.it\/fr\/wp-json\/wp\/v2\/posts\/5077\/revisions"}],"predecessor-version":[{"id":5078,"href":"https:\/\/www.bellunopress.it\/fr\/wp-json\/wp\/v2\/posts\/5077\/revisions\/5078"}],"wp:attachment":[{"href":"https:\/\/www.bellunopress.it\/fr\/wp-json\/wp\/v2\/media?parent=5077"}],"wp:term":[{"taxonomy":"category","embeddable":true,"href":"https:\/\/www.bellunopress.it\/fr\/wp-json\/wp\/v2\/categories?post=5077"},{"taxonomy":"post_tag","embeddable":true,"href":"https:\/\/www.bellunopress.it\/fr\/wp-json\/wp\/v2\/tags?post=5077"}],"curies":[{"name":"wp","href":"https:\/\/api.w.org\/{rel}","templated":true}]}}