{"id":5068,"date":"2009-06-18T18:13:59","date_gmt":"2009-06-18T17:13:59","guid":{"rendered":"http:\/\/www.bellunopress.it\/?p=5068"},"modified":"2009-06-18T18:14:37","modified_gmt":"2009-06-18T17:14:37","slug":"reolon-nel-sovramontino-%e2%80%9ccontinuero-a-difendere-la-volonta-popolare%e2%80%9d-un-incontro-anche-con-i-cacciatori","status":"publish","type":"post","link":"https:\/\/www.bellunopress.it\/fr\/2009\/06\/18\/reolon-nel-sovramontino-%e2%80%9ccontinuero-a-difendere-la-volonta-popolare%e2%80%9d-un-incontro-anche-con-i-cacciatori\/","title":{"rendered":"Reolon nel Sovramontino: \u201cContinuer\u00f2 a difendere la volont\u00e0 popolare\u201d. Un incontro anche con i cacciatori bellunesi"},"content":{"rendered":"<p><a href=\"http:\/\/www.bellunopress.it\/wp-content\/uploads\/2009\/06\/nel-negozio-di-luigina-dal-pra-1-leggera.jpg\"><img loading=\"lazy\" decoding=\"async\" class=\"alignleft size-medium wp-image-5069\" title=\"nel-negozio-di-luigina-dal-pra-1-leggera\" src=\"http:\/\/www.bellunopress.it\/wp-content\/uploads\/2009\/06\/nel-negozio-di-luigina-dal-pra-1-leggera.jpg\" alt=\"\" width=\"270\" height=\"180\" \/><\/a>Reolon nel Sovramontino per sostenere chi vuole continuare ad abitare in dignit\u00e0 la montagna. \u201cHo da sempre difeso e continuer\u00f2 a difendere la volont\u00e0 popolare che questa comunit\u00e0 ha espresso, ma non mi stancher\u00f2 di combattere affinch\u00e9 ogni cittadino possa continuare a vivere con dignit\u00e0 in questa Provincia sentendosi orgoglioso di essere bellunese\u201d. E\u2019 voluto salire fino a Zorzoi, piccolo epicentro del malessere referendario Sovramontino, il presidente della Provincia Sergio Reolon per incontrare nuovamente la cittadinanza. Questa mattina nella piccola frazione Reolon ha visitato l&#8217;ultima bottega rimasta, incoraggiando la titolare, Luigina Dal Pra a mantenere in vita l&#8217;attivit\u00e0. \u201cHo avuto il privilegio che per i sovramontini \u00e8 quotidiano, di degustare prodotti tipici la cui tutela e valorizzazione fanno parte del progetto di sviluppo economico del nostro territorio e in particolare delle terre alte. I piccoli negozi di paese, oltre a fornire un servizio essenziale agli abitanti, prevalentemente anziani, mantengono una funzione di coesione sociale e condensano alcune caratteristiche del Bellunese, refrattari all&#8217;omologazione e tenaci nel mantenere viva la speranza di continuare ad abitare in dignit\u00e0 la montagna\u201d. \u201cI Referendum sono stati un grido di protesta contro una politica Regionale e Nazionale incapace di dare risposte efficaci a questi territori. Sono le medesime ragioni per le quali da anni mi batto per ottenere l\u2019autonomia di questa provincia, condizione essenziale per garantire un futuro alle nostre vallate e alle loro comunit\u00e0. Con la fiducia e la collaborazione di tutta la Comunit\u00e0 bellunese sono certo\u201d conclude Reolon, \u201cche sapremo vincere anche questa sfida\u201d.<\/p>\n<p><strong>\u201cDifendere l&#8217;autonomia della caccia nel Bellunese\u201d<\/strong><br \/>\nLa richiesta dei presidenti di Riserva. Reolon annuncia un assessore dedicato: \u201cIl sistema di autonomia della caccia conquistato insieme in questi anni non deve essere messo in discussione\u201d. E&#8217; la richiesta principale fatta da un gruppo di presidenti di Riserva che ieri, in due differenti riunioni, hanno voluto incontrare Sergio Reolon. \u201cIl sistema delle Riserve alpine\u201d, hanno detto i rappresentanti delle Riserve comunali alpine, \u201clo abbiamo fondato insieme con te in 19 anni di lavoro, tenendo conto degli usi e delle particolarit\u00e0 della nostra provincia. L&#8217;autonomia delle Riserve deve essere mantenuta e difesa e siamo contrari a qualsiasi modifica che permetta, per esempio, il nomadismo venatorio da fuori provincia\u201d. L&#8217;altro problema sollevato con forza dai cacciatori \u00e8 stato quello dei rimborsi agli agricoltori per i danni causati dalla fauna selvatica: \u201cQui la Regione scarica su di noi i suoi problemi, perch\u00e9 dal 2010 pretende che siano le Riserve di Caccia a rimborsare i proprietari dei terreni per i danni fatti da cervi, caprioli e cinghiali e stiamo parlando di oltre 80 mila euro l&#8217;anno\u201d. \u201cAppena rieletto convocher\u00f2 i nostri consiglieri regionali\u201d, ha assicurato Reolon, \u201cper concordare le iniziative per l&#8217;abrogazione di quella legge. E&#8217; chiaro che non si possono imputare alle Riserve di Caccia e ai cacciatori i danni causati dalla fauna. Inoltre la Regione deve rimpinguare i fondi a disposizione per questo tipo di danni in modo da aiutare l&#8217;agricoltura di montagna\u201d. Sulla prima questione Reolon ha assicurato il proprio impegno nella difesa del sistema delle riserve alpine, cos\u00ec come conquistato insieme negli anni scorsi in collaborazione tra la Provincia e gli stessi cacciatori. Reolon ha poi spiegato le recenti modifiche introdotte dalla Provincia per la caccia al camoscio e le nuove linee in materia di abbattimenti. \u201cRaccogliendo anche le sollecitazioni provenienti dai cacciatori rivedremo i piani di abbattimento trovando un giusto equilibrio nella solidariet\u00e0 tra le riserve che hanno pi\u00f9 disponibilit\u00e0 di fauna e quelle che attualmente soffrono\u201d. Proprio per rafforzare il dialogo tra la Provincia, i cacciatori e i pescatori, Sergio Reolon ha annunciato la nomina di un assessore specificamente dedicato al settore. \u201cI miei impegni da presidente mi impediscono di seguire come amerei poter fare il settore caccia e pesca. Anche per questo, con mio grande dispiacere, negli ultimi anni il nostro rapporto si \u00e8 un po&#8217; allentato. Il lavoro da svolgere in questo ambito \u00e8 complesso ed \u00e8 importante per tutto il nostro territorio. E&#8217; giusto che ci sia un assessore che si dedichi dalla mattina alla sera a risolvere i problemi della caccia e della pesca. Troveremo la persona pi\u00f9 indicata e vi assicuro che sar\u00e0 un assessore saggio ed equilibrato. In ogni caso continuer\u00f2 ad essere il punto di riferimento per tutto il mondo venatorio e alieutico<\/p>","protected":false},"excerpt":{"rendered":"<p>Reolon nel Sovramontino per sostenere chi vuole continuare ad abitare in dignit\u00e0 la montagna. \u201cHo da sempre difeso e continuer\u00f2 a difendere la volont\u00e0 popolare che questa comunit\u00e0 ha espresso, ma non mi stancher\u00f2 di combattere affinch\u00e9 ogni cittadino possa continuare a vivere con dignit\u00e0 in questa Provincia sentendosi orgoglioso di essere bellunese\u201d. E\u2019 voluto [&hellip;]<\/p>\n","protected":false},"author":2,"featured_media":0,"comment_status":"closed","ping_status":"open","sticky":false,"template":"","format":"standard","meta":{"footnotes":""},"categories":[5,26],"tags":[139],"class_list":["post-5068","post","type-post","status-publish","format-standard","category-cronaca","category-prima-pagina","tag-belluno"],"yoast_head":"<!-- This site is optimized with the Yoast SEO plugin v28.4 - https:\/\/yoast.com\/product\/yoast-seo-wordpress\/ -->\n<title>Reolon nel Sovramontino: \u201cContinuer\u00f2 a difendere la volont\u00e0 popolare\u201d. Un incontro anche con i cacciatori bellunesi - Bellunopress - Dolomiti<\/title>\n<meta name=\"robots\" content=\"index, follow, max-snippet:-1, max-image-preview:large, max-video-preview:-1\" \/>\n<link rel=\"canonical\" href=\"https:\/\/www.bellunopress.it\/fr\/2009\/06\/18\/reolon-nel-sovramontino-\u201ccontinuero-a-difendere-la-volonta-popolare\u201d-un-incontro-anche-con-i-cacciatori\/\" \/>\n<meta property=\"og:locale\" content=\"fr_FR\" \/>\n<meta property=\"og:type\" content=\"article\" \/>\n<meta property=\"og:title\" content=\"Reolon nel Sovramontino: \u201cContinuer\u00f2 a difendere la volont\u00e0 popolare\u201d. Un incontro anche con i cacciatori bellunesi - Bellunopress - Dolomiti\" \/>\n<meta property=\"og:description\" content=\"Reolon nel Sovramontino per sostenere chi vuole continuare ad abitare in dignit\u00e0 la montagna. \u201cHo da sempre difeso e continuer\u00f2 a difendere la volont\u00e0 popolare che questa comunit\u00e0 ha espresso, ma non mi stancher\u00f2 di combattere affinch\u00e9 ogni cittadino possa continuare a vivere con dignit\u00e0 in questa Provincia sentendosi orgoglioso di essere bellunese\u201d. E\u2019 voluto [&hellip;]\" \/>\n<meta property=\"og:url\" content=\"https:\/\/www.bellunopress.it\/fr\/2009\/06\/18\/reolon-nel-sovramontino-\u201ccontinuero-a-difendere-la-volonta-popolare\u201d-un-incontro-anche-con-i-cacciatori\/\" \/>\n<meta property=\"og:site_name\" content=\"Bellunopress - Dolomiti\" \/>\n<meta property=\"article:publisher\" content=\"https:\/\/www.facebook.com\/profile.php?id=100008943462799\" \/>\n<meta property=\"article:published_time\" content=\"2009-06-18T17:13:59+00:00\" \/>\n<meta property=\"article:modified_time\" content=\"2009-06-18T17:14:37+00:00\" \/>\n<meta property=\"og:image\" content=\"http:\/\/www.bellunopress.it\/wp-content\/uploads\/2009\/06\/nel-negozio-di-luigina-dal-pra-1-leggera.jpg\" \/>\n<meta name=\"author\" content=\"redazione\" \/>\n<meta name=\"twitter:card\" content=\"summary_large_image\" \/>\n<meta name=\"twitter:creator\" content=\"@bellunopress\" \/>\n<meta name=\"twitter:site\" content=\"@bellunopress\" \/>\n<meta name=\"twitter:label1\" content=\"\u00c9crit par\" \/>\n\t<meta name=\"twitter:data1\" content=\"redazione\" \/>\n\t<meta name=\"twitter:label2\" content=\"Dur\u00e9e de lecture estim\u00e9e\" \/>\n\t<meta name=\"twitter:data2\" content=\"4 minutes\" \/>\n<script type=\"application\/ld+json\" class=\"yoast-schema-graph\">{\"@context\":\"https:\\\/\\\/schema.org\",\"@graph\":[{\"@type\":\"Article\",\"@id\":\"https:\\\/\\\/www.bellunopress.it\\\/2009\\\/06\\\/18\\\/reolon-nel-sovramontino-%e2%80%9ccontinuero-a-difendere-la-volonta-popolare%e2%80%9d-un-incontro-anche-con-i-cacciatori\\\/#article\",\"isPartOf\":{\"@id\":\"https:\\\/\\\/www.bellunopress.it\\\/2009\\\/06\\\/18\\\/reolon-nel-sovramontino-%e2%80%9ccontinuero-a-difendere-la-volonta-popolare%e2%80%9d-un-incontro-anche-con-i-cacciatori\\\/\"},\"author\":{\"name\":\"redazione\",\"@id\":\"https:\\\/\\\/www.bellunopress.it\\\/#\\\/schema\\\/person\\\/79bb06722b37ece1c03d3e94beb30d73\"},\"headline\":\"Reolon nel Sovramontino: \u201cContinuer\u00f2 a difendere la volont\u00e0 popolare\u201d. Un incontro anche con i cacciatori bellunesi\",\"datePublished\":\"2009-06-18T17:13:59+00:00\",\"dateModified\":\"2009-06-18T17:14:37+00:00\",\"mainEntityOfPage\":{\"@id\":\"https:\\\/\\\/www.bellunopress.it\\\/2009\\\/06\\\/18\\\/reolon-nel-sovramontino-%e2%80%9ccontinuero-a-difendere-la-volonta-popolare%e2%80%9d-un-incontro-anche-con-i-cacciatori\\\/\"},\"wordCount\":728,\"publisher\":{\"@id\":\"https:\\\/\\\/www.bellunopress.it\\\/#organization\"},\"image\":{\"@id\":\"https:\\\/\\\/www.bellunopress.it\\\/2009\\\/06\\\/18\\\/reolon-nel-sovramontino-%e2%80%9ccontinuero-a-difendere-la-volonta-popolare%e2%80%9d-un-incontro-anche-con-i-cacciatori\\\/#primaryimage\"},\"thumbnailUrl\":\"http:\\\/\\\/www.bellunopress.it\\\/wp-content\\\/uploads\\\/2009\\\/06\\\/nel-negozio-di-luigina-dal-pra-1-leggera.jpg\",\"keywords\":[\"Belluno\"],\"articleSection\":[\"Cronaca\\\/Politica\",\"Prima Pagina\"],\"inLanguage\":\"fr-FR\"},{\"@type\":\"WebPage\",\"@id\":\"https:\\\/\\\/www.bellunopress.it\\\/2009\\\/06\\\/18\\\/reolon-nel-sovramontino-%e2%80%9ccontinuero-a-difendere-la-volonta-popolare%e2%80%9d-un-incontro-anche-con-i-cacciatori\\\/\",\"url\":\"https:\\\/\\\/www.bellunopress.it\\\/2009\\\/06\\\/18\\\/reolon-nel-sovramontino-%e2%80%9ccontinuero-a-difendere-la-volonta-popolare%e2%80%9d-un-incontro-anche-con-i-cacciatori\\\/\",\"name\":\"Reolon nel Sovramontino: \u201cContinuer\u00f2 a difendere la volont\u00e0 popolare\u201d. Un incontro anche con i cacciatori bellunesi - Bellunopress - Dolomiti\",\"isPartOf\":{\"@id\":\"https:\\\/\\\/www.bellunopress.it\\\/#website\"},\"primaryImageOfPage\":{\"@id\":\"https:\\\/\\\/www.bellunopress.it\\\/2009\\\/06\\\/18\\\/reolon-nel-sovramontino-%e2%80%9ccontinuero-a-difendere-la-volonta-popolare%e2%80%9d-un-incontro-anche-con-i-cacciatori\\\/#primaryimage\"},\"image\":{\"@id\":\"https:\\\/\\\/www.bellunopress.it\\\/2009\\\/06\\\/18\\\/reolon-nel-sovramontino-%e2%80%9ccontinuero-a-difendere-la-volonta-popolare%e2%80%9d-un-incontro-anche-con-i-cacciatori\\\/#primaryimage\"},\"thumbnailUrl\":\"http:\\\/\\\/www.bellunopress.it\\\/wp-content\\\/uploads\\\/2009\\\/06\\\/nel-negozio-di-luigina-dal-pra-1-leggera.jpg\",\"datePublished\":\"2009-06-18T17:13:59+00:00\",\"dateModified\":\"2009-06-18T17:14:37+00:00\",\"breadcrumb\":{\"@id\":\"https:\\\/\\\/www.bellunopress.it\\\/2009\\\/06\\\/18\\\/reolon-nel-sovramontino-%e2%80%9ccontinuero-a-difendere-la-volonta-popolare%e2%80%9d-un-incontro-anche-con-i-cacciatori\\\/#breadcrumb\"},\"inLanguage\":\"fr-FR\",\"potentialAction\":[{\"@type\":\"ReadAction\",\"target\":[\"https:\\\/\\\/www.bellunopress.it\\\/2009\\\/06\\\/18\\\/reolon-nel-sovramontino-%e2%80%9ccontinuero-a-difendere-la-volonta-popolare%e2%80%9d-un-incontro-anche-con-i-cacciatori\\\/\"]}]},{\"@type\":\"ImageObject\",\"inLanguage\":\"fr-FR\",\"@id\":\"https:\\\/\\\/www.bellunopress.it\\\/2009\\\/06\\\/18\\\/reolon-nel-sovramontino-%e2%80%9ccontinuero-a-difendere-la-volonta-popolare%e2%80%9d-un-incontro-anche-con-i-cacciatori\\\/#primaryimage\",\"url\":\"http:\\\/\\\/www.bellunopress.it\\\/wp-content\\\/uploads\\\/2009\\\/06\\\/nel-negozio-di-luigina-dal-pra-1-leggera.jpg\",\"contentUrl\":\"http:\\\/\\\/www.bellunopress.it\\\/wp-content\\\/uploads\\\/2009\\\/06\\\/nel-negozio-di-luigina-dal-pra-1-leggera.jpg\"},{\"@type\":\"BreadcrumbList\",\"@id\":\"https:\\\/\\\/www.bellunopress.it\\\/2009\\\/06\\\/18\\\/reolon-nel-sovramontino-%e2%80%9ccontinuero-a-difendere-la-volonta-popolare%e2%80%9d-un-incontro-anche-con-i-cacciatori\\\/#breadcrumb\",\"itemListElement\":[{\"@type\":\"ListItem\",\"position\":1,\"name\":\"Home\",\"item\":\"https:\\\/\\\/www.bellunopress.it\\\/\"},{\"@type\":\"ListItem\",\"position\":2,\"name\":\"Reolon nel Sovramontino: \u201cContinuer\u00f2 a difendere la volont\u00e0 popolare\u201d. Un incontro anche con i cacciatori bellunesi\"}]},{\"@type\":\"WebSite\",\"@id\":\"https:\\\/\\\/www.bellunopress.it\\\/#website\",\"url\":\"https:\\\/\\\/www.bellunopress.it\\\/\",\"name\":\"Bellunopress - Dolomiti\",\"description\":\"e-mail: redazione@bellunopress.it\",\"publisher\":{\"@id\":\"https:\\\/\\\/www.bellunopress.it\\\/#organization\"},\"potentialAction\":[{\"@type\":\"SearchAction\",\"target\":{\"@type\":\"EntryPoint\",\"urlTemplate\":\"https:\\\/\\\/www.bellunopress.it\\\/?s={search_term_string}\"},\"query-input\":{\"@type\":\"PropertyValueSpecification\",\"valueRequired\":true,\"valueName\":\"search_term_string\"}}],\"inLanguage\":\"fr-FR\"},{\"@type\":\"Organization\",\"@id\":\"https:\\\/\\\/www.bellunopress.it\\\/#organization\",\"name\":\"Bellunopress\",\"url\":\"https:\\\/\\\/www.bellunopress.it\\\/\",\"logo\":{\"@type\":\"ImageObject\",\"inLanguage\":\"fr-FR\",\"@id\":\"https:\\\/\\\/www.bellunopress.it\\\/#\\\/schema\\\/logo\\\/image\\\/\",\"url\":\"https:\\\/\\\/www.bellunopress.it\\\/wp-content\\\/uploads\\\/2011\\\/05\\\/cropped-logo-bellunopress-.jpg\",\"contentUrl\":\"https:\\\/\\\/www.bellunopress.it\\\/wp-content\\\/uploads\\\/2011\\\/05\\\/cropped-logo-bellunopress-.jpg\",\"width\":512,\"height\":512,\"caption\":\"Bellunopress\"},\"image\":{\"@id\":\"https:\\\/\\\/www.bellunopress.it\\\/#\\\/schema\\\/logo\\\/image\\\/\"},\"sameAs\":[\"https:\\\/\\\/www.facebook.com\\\/profile.php?id=100008943462799\",\"https:\\\/\\\/x.com\\\/bellunopress\",\"https:\\\/\\\/www.linkedin.com\\\/hp\\\/?dnr=JBzUWaJfMUw8vbXJJ2tVW5-I3jZKvC4wsoxE&amp;amp;amp;amp;amp;amp;trk=nav_responsive_tab_home\",\"https:\\\/\\\/www.youtube.com\\\/channel\\\/UCxL0wu1uN0_3_7hGG0306cw\"]},{\"@type\":\"Person\",\"@id\":\"https:\\\/\\\/www.bellunopress.it\\\/#\\\/schema\\\/person\\\/79bb06722b37ece1c03d3e94beb30d73\",\"name\":\"redazione\",\"image\":{\"@type\":\"ImageObject\",\"inLanguage\":\"fr-FR\",\"@id\":\"https:\\\/\\\/secure.gravatar.com\\\/avatar\\\/37d968a2e67a6fd04c169c4bdef102d0bc5d31b2546345219e348575eb80e9a0?s=96&d=mm&r=g\",\"url\":\"https:\\\/\\\/secure.gravatar.com\\\/avatar\\\/37d968a2e67a6fd04c169c4bdef102d0bc5d31b2546345219e348575eb80e9a0?s=96&d=mm&r=g\",\"contentUrl\":\"https:\\\/\\\/secure.gravatar.com\\\/avatar\\\/37d968a2e67a6fd04c169c4bdef102d0bc5d31b2546345219e348575eb80e9a0?s=96&d=mm&r=g\",\"caption\":\"redazione\"},\"sameAs\":[\"http:\\\/\\\/www.bellunopress.it\",\"https:\\\/\\\/x.com\\\/bellunopress\"],\"url\":\"https:\\\/\\\/www.bellunopress.it\\\/fr\\\/author\\\/redazione\\\/\"}]}<\/script>\n<!-- \/ Yoast SEO plugin. -->","yoast_head_json":{"title":"Reolon nel Sovramontino: \u201cContinuer\u00f2 a difendere la volont\u00e0 popolare\u201d. Un incontro anche con i cacciatori bellunesi - Bellunopress - Dolomiti","robots":{"index":"index","follow":"follow","max-snippet":"max-snippet:-1","max-image-preview":"max-image-preview:large","max-video-preview":"max-video-preview:-1"},"canonical":"https:\/\/www.bellunopress.it\/fr\/2009\/06\/18\/reolon-nel-sovramontino-\u201ccontinuero-a-difendere-la-volonta-popolare\u201d-un-incontro-anche-con-i-cacciatori\/","og_locale":"fr_FR","og_type":"article","og_title":"Reolon nel Sovramontino: \u201cContinuer\u00f2 a difendere la volont\u00e0 popolare\u201d. Un incontro anche con i cacciatori bellunesi - Bellunopress - Dolomiti","og_description":"Reolon nel Sovramontino per sostenere chi vuole continuare ad abitare in dignit\u00e0 la montagna. \u201cHo da sempre difeso e continuer\u00f2 a difendere la volont\u00e0 popolare che questa comunit\u00e0 ha espresso, ma non mi stancher\u00f2 di combattere affinch\u00e9 ogni cittadino possa continuare a vivere con dignit\u00e0 in questa Provincia sentendosi orgoglioso di essere bellunese\u201d. E\u2019 voluto [&hellip;]","og_url":"https:\/\/www.bellunopress.it\/fr\/2009\/06\/18\/reolon-nel-sovramontino-\u201ccontinuero-a-difendere-la-volonta-popolare\u201d-un-incontro-anche-con-i-cacciatori\/","og_site_name":"Bellunopress - Dolomiti","article_publisher":"https:\/\/www.facebook.com\/profile.php?id=100008943462799","article_published_time":"2009-06-18T17:13:59+00:00","article_modified_time":"2009-06-18T17:14:37+00:00","og_image":[{"url":"http:\/\/www.bellunopress.it\/wp-content\/uploads\/2009\/06\/nel-negozio-di-luigina-dal-pra-1-leggera.jpg","type":"","width":"","height":""}],"author":"redazione","twitter_card":"summary_large_image","twitter_creator":"@bellunopress","twitter_site":"@bellunopress","twitter_misc":{"\u00c9crit par":"redazione","Dur\u00e9e de lecture estim\u00e9e":"4 minutes"},"schema":{"@context":"https:\/\/schema.org","@graph":[{"@type":"Article","@id":"https:\/\/www.bellunopress.it\/2009\/06\/18\/reolon-nel-sovramontino-%e2%80%9ccontinuero-a-difendere-la-volonta-popolare%e2%80%9d-un-incontro-anche-con-i-cacciatori\/#article","isPartOf":{"@id":"https:\/\/www.bellunopress.it\/2009\/06\/18\/reolon-nel-sovramontino-%e2%80%9ccontinuero-a-difendere-la-volonta-popolare%e2%80%9d-un-incontro-anche-con-i-cacciatori\/"},"author":{"name":"redazione","@id":"https:\/\/www.bellunopress.it\/#\/schema\/person\/79bb06722b37ece1c03d3e94beb30d73"},"headline":"Reolon nel Sovramontino: \u201cContinuer\u00f2 a difendere la volont\u00e0 popolare\u201d. Un incontro anche con i cacciatori bellunesi","datePublished":"2009-06-18T17:13:59+00:00","dateModified":"2009-06-18T17:14:37+00:00","mainEntityOfPage":{"@id":"https:\/\/www.bellunopress.it\/2009\/06\/18\/reolon-nel-sovramontino-%e2%80%9ccontinuero-a-difendere-la-volonta-popolare%e2%80%9d-un-incontro-anche-con-i-cacciatori\/"},"wordCount":728,"publisher":{"@id":"https:\/\/www.bellunopress.it\/#organization"},"image":{"@id":"https:\/\/www.bellunopress.it\/2009\/06\/18\/reolon-nel-sovramontino-%e2%80%9ccontinuero-a-difendere-la-volonta-popolare%e2%80%9d-un-incontro-anche-con-i-cacciatori\/#primaryimage"},"thumbnailUrl":"http:\/\/www.bellunopress.it\/wp-content\/uploads\/2009\/06\/nel-negozio-di-luigina-dal-pra-1-leggera.jpg","keywords":["Belluno"],"articleSection":["Cronaca\/Politica","Prima Pagina"],"inLanguage":"fr-FR"},{"@type":"WebPage","@id":"https:\/\/www.bellunopress.it\/2009\/06\/18\/reolon-nel-sovramontino-%e2%80%9ccontinuero-a-difendere-la-volonta-popolare%e2%80%9d-un-incontro-anche-con-i-cacciatori\/","url":"https:\/\/www.bellunopress.it\/2009\/06\/18\/reolon-nel-sovramontino-%e2%80%9ccontinuero-a-difendere-la-volonta-popolare%e2%80%9d-un-incontro-anche-con-i-cacciatori\/","name":"Reolon nel Sovramontino: \u201cContinuer\u00f2 a difendere la volont\u00e0 popolare\u201d. Un incontro anche con i cacciatori bellunesi - Bellunopress - Dolomiti","isPartOf":{"@id":"https:\/\/www.bellunopress.it\/#website"},"primaryImageOfPage":{"@id":"https:\/\/www.bellunopress.it\/2009\/06\/18\/reolon-nel-sovramontino-%e2%80%9ccontinuero-a-difendere-la-volonta-popolare%e2%80%9d-un-incontro-anche-con-i-cacciatori\/#primaryimage"},"image":{"@id":"https:\/\/www.bellunopress.it\/2009\/06\/18\/reolon-nel-sovramontino-%e2%80%9ccontinuero-a-difendere-la-volonta-popolare%e2%80%9d-un-incontro-anche-con-i-cacciatori\/#primaryimage"},"thumbnailUrl":"http:\/\/www.bellunopress.it\/wp-content\/uploads\/2009\/06\/nel-negozio-di-luigina-dal-pra-1-leggera.jpg","datePublished":"2009-06-18T17:13:59+00:00","dateModified":"2009-06-18T17:14:37+00:00","breadcrumb":{"@id":"https:\/\/www.bellunopress.it\/2009\/06\/18\/reolon-nel-sovramontino-%e2%80%9ccontinuero-a-difendere-la-volonta-popolare%e2%80%9d-un-incontro-anche-con-i-cacciatori\/#breadcrumb"},"inLanguage":"fr-FR","potentialAction":[{"@type":"ReadAction","target":["https:\/\/www.bellunopress.it\/2009\/06\/18\/reolon-nel-sovramontino-%e2%80%9ccontinuero-a-difendere-la-volonta-popolare%e2%80%9d-un-incontro-anche-con-i-cacciatori\/"]}]},{"@type":"ImageObject","inLanguage":"fr-FR","@id":"https:\/\/www.bellunopress.it\/2009\/06\/18\/reolon-nel-sovramontino-%e2%80%9ccontinuero-a-difendere-la-volonta-popolare%e2%80%9d-un-incontro-anche-con-i-cacciatori\/#primaryimage","url":"http:\/\/www.bellunopress.it\/wp-content\/uploads\/2009\/06\/nel-negozio-di-luigina-dal-pra-1-leggera.jpg","contentUrl":"http:\/\/www.bellunopress.it\/wp-content\/uploads\/2009\/06\/nel-negozio-di-luigina-dal-pra-1-leggera.jpg"},{"@type":"BreadcrumbList","@id":"https:\/\/www.bellunopress.it\/2009\/06\/18\/reolon-nel-sovramontino-%e2%80%9ccontinuero-a-difendere-la-volonta-popolare%e2%80%9d-un-incontro-anche-con-i-cacciatori\/#breadcrumb","itemListElement":[{"@type":"ListItem","position":1,"name":"Home","item":"https:\/\/www.bellunopress.it\/"},{"@type":"ListItem","position":2,"name":"Reolon nel Sovramontino: \u201cContinuer\u00f2 a difendere la volont\u00e0 popolare\u201d. Un incontro anche con i cacciatori bellunesi"}]},{"@type":"WebSite","@id":"https:\/\/www.bellunopress.it\/#website","url":"https:\/\/www.bellunopress.it\/","name":"Bellunopress - Dolomiti","description":"e-mail: redazione@bellunopress.it","publisher":{"@id":"https:\/\/www.bellunopress.it\/#organization"},"potentialAction":[{"@type":"SearchAction","target":{"@type":"EntryPoint","urlTemplate":"https:\/\/www.bellunopress.it\/?s={search_term_string}"},"query-input":{"@type":"PropertyValueSpecification","valueRequired":true,"valueName":"search_term_string"}}],"inLanguage":"fr-FR"},{"@type":"Organization","@id":"https:\/\/www.bellunopress.it\/#organization","name":"Bellunopress","url":"https:\/\/www.bellunopress.it\/","logo":{"@type":"ImageObject","inLanguage":"fr-FR","@id":"https:\/\/www.bellunopress.it\/#\/schema\/logo\/image\/","url":"https:\/\/www.bellunopress.it\/wp-content\/uploads\/2011\/05\/cropped-logo-bellunopress-.jpg","contentUrl":"https:\/\/www.bellunopress.it\/wp-content\/uploads\/2011\/05\/cropped-logo-bellunopress-.jpg","width":512,"height":512,"caption":"Bellunopress"},"image":{"@id":"https:\/\/www.bellunopress.it\/#\/schema\/logo\/image\/"},"sameAs":["https:\/\/www.facebook.com\/profile.php?id=100008943462799","https:\/\/x.com\/bellunopress","https:\/\/www.linkedin.com\/hp\/?dnr=JBzUWaJfMUw8vbXJJ2tVW5-I3jZKvC4wsoxE&amp;amp;amp;amp;amp;amp;trk=nav_responsive_tab_home","https:\/\/www.youtube.com\/channel\/UCxL0wu1uN0_3_7hGG0306cw"]},{"@type":"Person","@id":"https:\/\/www.bellunopress.it\/#\/schema\/person\/79bb06722b37ece1c03d3e94beb30d73","name":"r\u00e9daction","image":{"@type":"ImageObject","inLanguage":"fr-FR","@id":"https:\/\/secure.gravatar.com\/avatar\/37d968a2e67a6fd04c169c4bdef102d0bc5d31b2546345219e348575eb80e9a0?s=96&d=mm&r=g","url":"https:\/\/secure.gravatar.com\/avatar\/37d968a2e67a6fd04c169c4bdef102d0bc5d31b2546345219e348575eb80e9a0?s=96&d=mm&r=g","contentUrl":"https:\/\/secure.gravatar.com\/avatar\/37d968a2e67a6fd04c169c4bdef102d0bc5d31b2546345219e348575eb80e9a0?s=96&d=mm&r=g","caption":"redazione"},"sameAs":["http:\/\/www.bellunopress.it","https:\/\/x.com\/bellunopress"],"url":"https:\/\/www.bellunopress.it\/fr\/author\/redazione\/"}]}},"_links":{"self":[{"href":"https:\/\/www.bellunopress.it\/fr\/wp-json\/wp\/v2\/posts\/5068","targetHints":{"allow":["GET"]}}],"collection":[{"href":"https:\/\/www.bellunopress.it\/fr\/wp-json\/wp\/v2\/posts"}],"about":[{"href":"https:\/\/www.bellunopress.it\/fr\/wp-json\/wp\/v2\/types\/post"}],"author":[{"embeddable":true,"href":"https:\/\/www.bellunopress.it\/fr\/wp-json\/wp\/v2\/users\/2"}],"replies":[{"embeddable":true,"href":"https:\/\/www.bellunopress.it\/fr\/wp-json\/wp\/v2\/comments?post=5068"}],"version-history":[{"count":2,"href":"https:\/\/www.bellunopress.it\/fr\/wp-json\/wp\/v2\/posts\/5068\/revisions"}],"predecessor-version":[{"id":5072,"href":"https:\/\/www.bellunopress.it\/fr\/wp-json\/wp\/v2\/posts\/5068\/revisions\/5072"}],"wp:attachment":[{"href":"https:\/\/www.bellunopress.it\/fr\/wp-json\/wp\/v2\/media?parent=5068"}],"wp:term":[{"taxonomy":"category","embeddable":true,"href":"https:\/\/www.bellunopress.it\/fr\/wp-json\/wp\/v2\/categories?post=5068"},{"taxonomy":"post_tag","embeddable":true,"href":"https:\/\/www.bellunopress.it\/fr\/wp-json\/wp\/v2\/tags?post=5068"}],"curies":[{"name":"wp","href":"https:\/\/api.w.org\/{rel}","templated":true}]}}