{"id":5063,"date":"2009-06-18T18:01:55","date_gmt":"2009-06-18T17:01:55","guid":{"rendered":"http:\/\/www.bellunopress.it\/?p=5063"},"modified":"2009-06-18T18:01:55","modified_gmt":"2009-06-18T17:01:55","slug":"scuola-gabelli-il-sindaco-prade-in-riunione-con-genitori-e-direzione-didattica","status":"publish","type":"post","link":"https:\/\/www.bellunopress.it\/fr\/2009\/06\/18\/scuola-gabelli-il-sindaco-prade-in-riunione-con-genitori-e-direzione-didattica\/","title":{"rendered":"Scuola Gabelli: il sindaco Prade in riunione con genitori e Direzione didattica"},"content":{"rendered":"<p><a href=\"http:\/\/www.bellunopress.it\/wp-content\/uploads\/2009\/01\/antonio-prade1.jpg\"><img loading=\"lazy\" decoding=\"async\" class=\"alignleft size-medium wp-image-117\" title=\"antonio-prade1\" src=\"http:\/\/www.bellunopress.it\/wp-content\/uploads\/2009\/01\/antonio-prade1.jpg\" alt=\"\" width=\"87\" height=\"100\" \/><\/a>Questa mattina, presente anche l&#8217;assessore alla Cultura Maria Grazia Passuello, il Sindaco di Belluno, Antonio Prade ha incontrato la Direzione didattica e la rappresentanza dei genitori per un aggiornamento sul problema delle scuole Gabelli. Innanzitutto i genitori e la Direzione Didattica sono stati messi al corrente della valutazione degli Uffici tecnici del Comune sull&#8217;importo della spesa \u2013 circa \u20ac 5.000.000 \u2013 necessaria per una radicale e definitiva sistemazione del plesso scolastico. Contemporaneamente si \u00e8 preso atto che i tempi dell&#8217;intervento \u2013 proprio perch\u00e9 definitivo \u2013 non potranno essere inferiori ai due\/tre anni. Nella riunione di \u00e8 condivisa la necessit\u00e0 di andare avanti in questa direzione. Si \u00e8 poi discusso il problema di come affrontare il prossimo anno scolastico. Sul tappeto, dopo una scrematura delle diverse possibilit\u00e0, rimane la costruzione di un prefabbricato (in realt\u00e0 si tratta di un edificio che pu\u00f2 essere anche a pi\u00f9 piani, dotato di ogni comfort e sicurezza) su di un&#8217;area comunale disponibile non solo oggi ma anche per i prossimi due\/tre anni. Il Sindaco Antonio Prade ha ventilato l&#8217;ipotesi del cortile interno delle Gabelli presso la palestra oppure, in subordine, l&#8217;area del Parco Citt\u00e0 di Bologna. Anche su questa ipotesi di lavoro\u00a0 la rappresentanza dei genitori e la Direzione didattica hanno invitato il Sindaco ad andare avanti. \u201cSiamo il partito del fare e non delle chiacchiere \u2013 ha detto il Sindaco Prade al termine della riunione \u2013 e con i fatti stiamo andando avanti. Ho parlato con l&#8217;Amministrazione Provinciale, in particolare con il presidente Reolon. Dopo il ballottaggio, con il nuovo Presidente, andremo avanti sulla proposta, gi\u00e0 formulata per iscritto, di mettere a disposizione del Comune di Belluno il prefabbricato. A settembre tutto sar\u00e0 pronto. Parola di Prade\u201d.<\/p>","protected":false},"excerpt":{"rendered":"<p>Questa mattina, presente anche l&#8217;assessore alla Cultura Maria Grazia Passuello, il Sindaco di Belluno, Antonio Prade ha incontrato la Direzione didattica e la rappresentanza dei genitori per un aggiornamento sul problema delle scuole Gabelli. Innanzitutto i genitori e la Direzione Didattica sono stati messi al corrente della valutazione degli Uffici tecnici del Comune sull&#8217;importo della [&hellip;]<\/p>\n","protected":false},"author":2,"featured_media":0,"comment_status":"closed","ping_status":"open","sticky":false,"template":"","format":"standard","meta":{"footnotes":""},"categories":[5,26,15],"tags":[139],"class_list":["post-5063","post","type-post","status-publish","format-standard","category-cronaca","category-prima-pagina","category-scuola","tag-belluno"],"yoast_head":"<!-- This site is optimized with the Yoast SEO plugin v28.4 - https:\/\/yoast.com\/product\/yoast-seo-wordpress\/ -->\n<title>Scuola Gabelli: il sindaco Prade in riunione con genitori e Direzione didattica - Bellunopress - Dolomiti<\/title>\n<meta name=\"robots\" content=\"index, follow, max-snippet:-1, max-image-preview:large, max-video-preview:-1\" \/>\n<link rel=\"canonical\" href=\"https:\/\/www.bellunopress.it\/fr\/2009\/06\/18\/scuola-gabelli-il-sindaco-prade-in-riunione-con-genitori-e-direzione-didattica\/\" \/>\n<meta property=\"og:locale\" content=\"fr_FR\" \/>\n<meta property=\"og:type\" content=\"article\" \/>\n<meta property=\"og:title\" content=\"Scuola Gabelli: il sindaco Prade in riunione con genitori e Direzione didattica - Bellunopress - Dolomiti\" \/>\n<meta property=\"og:description\" content=\"Questa mattina, presente anche l&#8217;assessore alla Cultura Maria Grazia Passuello, il Sindaco di Belluno, Antonio Prade ha incontrato la Direzione didattica e la rappresentanza dei genitori per un aggiornamento sul problema delle scuole Gabelli. Innanzitutto i genitori e la Direzione Didattica sono stati messi al corrente della valutazione degli Uffici tecnici del Comune sull&#8217;importo della [&hellip;]\" \/>\n<meta property=\"og:url\" content=\"https:\/\/www.bellunopress.it\/fr\/2009\/06\/18\/scuola-gabelli-il-sindaco-prade-in-riunione-con-genitori-e-direzione-didattica\/\" \/>\n<meta property=\"og:site_name\" content=\"Bellunopress - Dolomiti\" \/>\n<meta property=\"article:publisher\" content=\"https:\/\/www.facebook.com\/profile.php?id=100008943462799\" \/>\n<meta property=\"article:published_time\" content=\"2009-06-18T17:01:55+00:00\" \/>\n<meta property=\"og:image\" content=\"http:\/\/www.bellunopress.it\/wp-content\/uploads\/2009\/01\/antonio-prade1.jpg\" \/>\n<meta name=\"author\" content=\"redazione\" \/>\n<meta name=\"twitter:card\" content=\"summary_large_image\" \/>\n<meta name=\"twitter:creator\" content=\"@bellunopress\" \/>\n<meta name=\"twitter:site\" content=\"@bellunopress\" \/>\n<meta name=\"twitter:label1\" content=\"\u00c9crit par\" \/>\n\t<meta name=\"twitter:data1\" content=\"redazione\" \/>\n\t<meta name=\"twitter:label2\" content=\"Dur\u00e9e de lecture estim\u00e9e\" \/>\n\t<meta name=\"twitter:data2\" content=\"1 minute\" \/>\n<script type=\"application\/ld+json\" class=\"yoast-schema-graph\">{\"@context\":\"https:\\\/\\\/schema.org\",\"@graph\":[{\"@type\":\"Article\",\"@id\":\"https:\\\/\\\/www.bellunopress.it\\\/2009\\\/06\\\/18\\\/scuola-gabelli-il-sindaco-prade-in-riunione-con-genitori-e-direzione-didattica\\\/#article\",\"isPartOf\":{\"@id\":\"https:\\\/\\\/www.bellunopress.it\\\/2009\\\/06\\\/18\\\/scuola-gabelli-il-sindaco-prade-in-riunione-con-genitori-e-direzione-didattica\\\/\"},\"author\":{\"name\":\"redazione\",\"@id\":\"https:\\\/\\\/www.bellunopress.it\\\/#\\\/schema\\\/person\\\/79bb06722b37ece1c03d3e94beb30d73\"},\"headline\":\"Scuola Gabelli: il sindaco Prade in riunione con genitori e Direzione didattica\",\"datePublished\":\"2009-06-18T17:01:55+00:00\",\"mainEntityOfPage\":{\"@id\":\"https:\\\/\\\/www.bellunopress.it\\\/2009\\\/06\\\/18\\\/scuola-gabelli-il-sindaco-prade-in-riunione-con-genitori-e-direzione-didattica\\\/\"},\"wordCount\":293,\"publisher\":{\"@id\":\"https:\\\/\\\/www.bellunopress.it\\\/#organization\"},\"image\":{\"@id\":\"https:\\\/\\\/www.bellunopress.it\\\/2009\\\/06\\\/18\\\/scuola-gabelli-il-sindaco-prade-in-riunione-con-genitori-e-direzione-didattica\\\/#primaryimage\"},\"thumbnailUrl\":\"http:\\\/\\\/www.bellunopress.it\\\/wp-content\\\/uploads\\\/2009\\\/01\\\/antonio-prade1.jpg\",\"keywords\":[\"Belluno\"],\"articleSection\":[\"Cronaca\\\/Politica\",\"Prima Pagina\",\"Scuola\"],\"inLanguage\":\"fr-FR\"},{\"@type\":\"WebPage\",\"@id\":\"https:\\\/\\\/www.bellunopress.it\\\/2009\\\/06\\\/18\\\/scuola-gabelli-il-sindaco-prade-in-riunione-con-genitori-e-direzione-didattica\\\/\",\"url\":\"https:\\\/\\\/www.bellunopress.it\\\/2009\\\/06\\\/18\\\/scuola-gabelli-il-sindaco-prade-in-riunione-con-genitori-e-direzione-didattica\\\/\",\"name\":\"Scuola Gabelli: il sindaco Prade in riunione con genitori e Direzione didattica - Bellunopress - Dolomiti\",\"isPartOf\":{\"@id\":\"https:\\\/\\\/www.bellunopress.it\\\/#website\"},\"primaryImageOfPage\":{\"@id\":\"https:\\\/\\\/www.bellunopress.it\\\/2009\\\/06\\\/18\\\/scuola-gabelli-il-sindaco-prade-in-riunione-con-genitori-e-direzione-didattica\\\/#primaryimage\"},\"image\":{\"@id\":\"https:\\\/\\\/www.bellunopress.it\\\/2009\\\/06\\\/18\\\/scuola-gabelli-il-sindaco-prade-in-riunione-con-genitori-e-direzione-didattica\\\/#primaryimage\"},\"thumbnailUrl\":\"http:\\\/\\\/www.bellunopress.it\\\/wp-content\\\/uploads\\\/2009\\\/01\\\/antonio-prade1.jpg\",\"datePublished\":\"2009-06-18T17:01:55+00:00\",\"breadcrumb\":{\"@id\":\"https:\\\/\\\/www.bellunopress.it\\\/2009\\\/06\\\/18\\\/scuola-gabelli-il-sindaco-prade-in-riunione-con-genitori-e-direzione-didattica\\\/#breadcrumb\"},\"inLanguage\":\"fr-FR\",\"potentialAction\":[{\"@type\":\"ReadAction\",\"target\":[\"https:\\\/\\\/www.bellunopress.it\\\/2009\\\/06\\\/18\\\/scuola-gabelli-il-sindaco-prade-in-riunione-con-genitori-e-direzione-didattica\\\/\"]}]},{\"@type\":\"ImageObject\",\"inLanguage\":\"fr-FR\",\"@id\":\"https:\\\/\\\/www.bellunopress.it\\\/2009\\\/06\\\/18\\\/scuola-gabelli-il-sindaco-prade-in-riunione-con-genitori-e-direzione-didattica\\\/#primaryimage\",\"url\":\"http:\\\/\\\/www.bellunopress.it\\\/wp-content\\\/uploads\\\/2009\\\/01\\\/antonio-prade1.jpg\",\"contentUrl\":\"http:\\\/\\\/www.bellunopress.it\\\/wp-content\\\/uploads\\\/2009\\\/01\\\/antonio-prade1.jpg\"},{\"@type\":\"BreadcrumbList\",\"@id\":\"https:\\\/\\\/www.bellunopress.it\\\/2009\\\/06\\\/18\\\/scuola-gabelli-il-sindaco-prade-in-riunione-con-genitori-e-direzione-didattica\\\/#breadcrumb\",\"itemListElement\":[{\"@type\":\"ListItem\",\"position\":1,\"name\":\"Home\",\"item\":\"https:\\\/\\\/www.bellunopress.it\\\/\"},{\"@type\":\"ListItem\",\"position\":2,\"name\":\"Scuola Gabelli: il sindaco Prade in riunione con genitori e Direzione didattica\"}]},{\"@type\":\"WebSite\",\"@id\":\"https:\\\/\\\/www.bellunopress.it\\\/#website\",\"url\":\"https:\\\/\\\/www.bellunopress.it\\\/\",\"name\":\"Bellunopress - Dolomiti\",\"description\":\"e-mail: redazione@bellunopress.it\",\"publisher\":{\"@id\":\"https:\\\/\\\/www.bellunopress.it\\\/#organization\"},\"potentialAction\":[{\"@type\":\"SearchAction\",\"target\":{\"@type\":\"EntryPoint\",\"urlTemplate\":\"https:\\\/\\\/www.bellunopress.it\\\/?s={search_term_string}\"},\"query-input\":{\"@type\":\"PropertyValueSpecification\",\"valueRequired\":true,\"valueName\":\"search_term_string\"}}],\"inLanguage\":\"fr-FR\"},{\"@type\":\"Organization\",\"@id\":\"https:\\\/\\\/www.bellunopress.it\\\/#organization\",\"name\":\"Bellunopress\",\"url\":\"https:\\\/\\\/www.bellunopress.it\\\/\",\"logo\":{\"@type\":\"ImageObject\",\"inLanguage\":\"fr-FR\",\"@id\":\"https:\\\/\\\/www.bellunopress.it\\\/#\\\/schema\\\/logo\\\/image\\\/\",\"url\":\"https:\\\/\\\/www.bellunopress.it\\\/wp-content\\\/uploads\\\/2011\\\/05\\\/cropped-logo-bellunopress-.jpg\",\"contentUrl\":\"https:\\\/\\\/www.bellunopress.it\\\/wp-content\\\/uploads\\\/2011\\\/05\\\/cropped-logo-bellunopress-.jpg\",\"width\":512,\"height\":512,\"caption\":\"Bellunopress\"},\"image\":{\"@id\":\"https:\\\/\\\/www.bellunopress.it\\\/#\\\/schema\\\/logo\\\/image\\\/\"},\"sameAs\":[\"https:\\\/\\\/www.facebook.com\\\/profile.php?id=100008943462799\",\"https:\\\/\\\/x.com\\\/bellunopress\",\"https:\\\/\\\/www.linkedin.com\\\/hp\\\/?dnr=JBzUWaJfMUw8vbXJJ2tVW5-I3jZKvC4wsoxE&amp;amp;amp;amp;amp;amp;trk=nav_responsive_tab_home\",\"https:\\\/\\\/www.youtube.com\\\/channel\\\/UCxL0wu1uN0_3_7hGG0306cw\"]},{\"@type\":\"Person\",\"@id\":\"https:\\\/\\\/www.bellunopress.it\\\/#\\\/schema\\\/person\\\/79bb06722b37ece1c03d3e94beb30d73\",\"name\":\"redazione\",\"image\":{\"@type\":\"ImageObject\",\"inLanguage\":\"fr-FR\",\"@id\":\"https:\\\/\\\/secure.gravatar.com\\\/avatar\\\/37d968a2e67a6fd04c169c4bdef102d0bc5d31b2546345219e348575eb80e9a0?s=96&d=mm&r=g\",\"url\":\"https:\\\/\\\/secure.gravatar.com\\\/avatar\\\/37d968a2e67a6fd04c169c4bdef102d0bc5d31b2546345219e348575eb80e9a0?s=96&d=mm&r=g\",\"contentUrl\":\"https:\\\/\\\/secure.gravatar.com\\\/avatar\\\/37d968a2e67a6fd04c169c4bdef102d0bc5d31b2546345219e348575eb80e9a0?s=96&d=mm&r=g\",\"caption\":\"redazione\"},\"sameAs\":[\"http:\\\/\\\/www.bellunopress.it\",\"https:\\\/\\\/x.com\\\/bellunopress\"],\"url\":\"https:\\\/\\\/www.bellunopress.it\\\/fr\\\/author\\\/redazione\\\/\"}]}<\/script>\n<!-- \/ Yoast SEO plugin. -->","yoast_head_json":{"title":"Scuola Gabelli: il sindaco Prade in riunione con genitori e Direzione didattica - Bellunopress - Dolomiti","robots":{"index":"index","follow":"follow","max-snippet":"max-snippet:-1","max-image-preview":"max-image-preview:large","max-video-preview":"max-video-preview:-1"},"canonical":"https:\/\/www.bellunopress.it\/fr\/2009\/06\/18\/scuola-gabelli-il-sindaco-prade-in-riunione-con-genitori-e-direzione-didattica\/","og_locale":"fr_FR","og_type":"article","og_title":"Scuola Gabelli: il sindaco Prade in riunione con genitori e Direzione didattica - Bellunopress - Dolomiti","og_description":"Questa mattina, presente anche l&#8217;assessore alla Cultura Maria Grazia Passuello, il Sindaco di Belluno, Antonio Prade ha incontrato la Direzione didattica e la rappresentanza dei genitori per un aggiornamento sul problema delle scuole Gabelli. Innanzitutto i genitori e la Direzione Didattica sono stati messi al corrente della valutazione degli Uffici tecnici del Comune sull&#8217;importo della [&hellip;]","og_url":"https:\/\/www.bellunopress.it\/fr\/2009\/06\/18\/scuola-gabelli-il-sindaco-prade-in-riunione-con-genitori-e-direzione-didattica\/","og_site_name":"Bellunopress - Dolomiti","article_publisher":"https:\/\/www.facebook.com\/profile.php?id=100008943462799","article_published_time":"2009-06-18T17:01:55+00:00","og_image":[{"url":"http:\/\/www.bellunopress.it\/wp-content\/uploads\/2009\/01\/antonio-prade1.jpg","type":"","width":"","height":""}],"author":"redazione","twitter_card":"summary_large_image","twitter_creator":"@bellunopress","twitter_site":"@bellunopress","twitter_misc":{"\u00c9crit par":"redazione","Dur\u00e9e de lecture estim\u00e9e":"1 minute"},"schema":{"@context":"https:\/\/schema.org","@graph":[{"@type":"Article","@id":"https:\/\/www.bellunopress.it\/2009\/06\/18\/scuola-gabelli-il-sindaco-prade-in-riunione-con-genitori-e-direzione-didattica\/#article","isPartOf":{"@id":"https:\/\/www.bellunopress.it\/2009\/06\/18\/scuola-gabelli-il-sindaco-prade-in-riunione-con-genitori-e-direzione-didattica\/"},"author":{"name":"redazione","@id":"https:\/\/www.bellunopress.it\/#\/schema\/person\/79bb06722b37ece1c03d3e94beb30d73"},"headline":"Scuola Gabelli: il sindaco Prade in riunione con genitori e Direzione didattica","datePublished":"2009-06-18T17:01:55+00:00","mainEntityOfPage":{"@id":"https:\/\/www.bellunopress.it\/2009\/06\/18\/scuola-gabelli-il-sindaco-prade-in-riunione-con-genitori-e-direzione-didattica\/"},"wordCount":293,"publisher":{"@id":"https:\/\/www.bellunopress.it\/#organization"},"image":{"@id":"https:\/\/www.bellunopress.it\/2009\/06\/18\/scuola-gabelli-il-sindaco-prade-in-riunione-con-genitori-e-direzione-didattica\/#primaryimage"},"thumbnailUrl":"http:\/\/www.bellunopress.it\/wp-content\/uploads\/2009\/01\/antonio-prade1.jpg","keywords":["Belluno"],"articleSection":["Cronaca\/Politica","Prima Pagina","Scuola"],"inLanguage":"fr-FR"},{"@type":"WebPage","@id":"https:\/\/www.bellunopress.it\/2009\/06\/18\/scuola-gabelli-il-sindaco-prade-in-riunione-con-genitori-e-direzione-didattica\/","url":"https:\/\/www.bellunopress.it\/2009\/06\/18\/scuola-gabelli-il-sindaco-prade-in-riunione-con-genitori-e-direzione-didattica\/","name":"Scuola Gabelli: il sindaco Prade in riunione con genitori e Direzione didattica - Bellunopress - Dolomiti","isPartOf":{"@id":"https:\/\/www.bellunopress.it\/#website"},"primaryImageOfPage":{"@id":"https:\/\/www.bellunopress.it\/2009\/06\/18\/scuola-gabelli-il-sindaco-prade-in-riunione-con-genitori-e-direzione-didattica\/#primaryimage"},"image":{"@id":"https:\/\/www.bellunopress.it\/2009\/06\/18\/scuola-gabelli-il-sindaco-prade-in-riunione-con-genitori-e-direzione-didattica\/#primaryimage"},"thumbnailUrl":"http:\/\/www.bellunopress.it\/wp-content\/uploads\/2009\/01\/antonio-prade1.jpg","datePublished":"2009-06-18T17:01:55+00:00","breadcrumb":{"@id":"https:\/\/www.bellunopress.it\/2009\/06\/18\/scuola-gabelli-il-sindaco-prade-in-riunione-con-genitori-e-direzione-didattica\/#breadcrumb"},"inLanguage":"fr-FR","potentialAction":[{"@type":"ReadAction","target":["https:\/\/www.bellunopress.it\/2009\/06\/18\/scuola-gabelli-il-sindaco-prade-in-riunione-con-genitori-e-direzione-didattica\/"]}]},{"@type":"ImageObject","inLanguage":"fr-FR","@id":"https:\/\/www.bellunopress.it\/2009\/06\/18\/scuola-gabelli-il-sindaco-prade-in-riunione-con-genitori-e-direzione-didattica\/#primaryimage","url":"http:\/\/www.bellunopress.it\/wp-content\/uploads\/2009\/01\/antonio-prade1.jpg","contentUrl":"http:\/\/www.bellunopress.it\/wp-content\/uploads\/2009\/01\/antonio-prade1.jpg"},{"@type":"BreadcrumbList","@id":"https:\/\/www.bellunopress.it\/2009\/06\/18\/scuola-gabelli-il-sindaco-prade-in-riunione-con-genitori-e-direzione-didattica\/#breadcrumb","itemListElement":[{"@type":"ListItem","position":1,"name":"Home","item":"https:\/\/www.bellunopress.it\/"},{"@type":"ListItem","position":2,"name":"Scuola Gabelli: il sindaco Prade in riunione con genitori e Direzione didattica"}]},{"@type":"WebSite","@id":"https:\/\/www.bellunopress.it\/#website","url":"https:\/\/www.bellunopress.it\/","name":"Bellunopress - Dolomiti","description":"e-mail: redazione@bellunopress.it","publisher":{"@id":"https:\/\/www.bellunopress.it\/#organization"},"potentialAction":[{"@type":"SearchAction","target":{"@type":"EntryPoint","urlTemplate":"https:\/\/www.bellunopress.it\/?s={search_term_string}"},"query-input":{"@type":"PropertyValueSpecification","valueRequired":true,"valueName":"search_term_string"}}],"inLanguage":"fr-FR"},{"@type":"Organization","@id":"https:\/\/www.bellunopress.it\/#organization","name":"Bellunopress","url":"https:\/\/www.bellunopress.it\/","logo":{"@type":"ImageObject","inLanguage":"fr-FR","@id":"https:\/\/www.bellunopress.it\/#\/schema\/logo\/image\/","url":"https:\/\/www.bellunopress.it\/wp-content\/uploads\/2011\/05\/cropped-logo-bellunopress-.jpg","contentUrl":"https:\/\/www.bellunopress.it\/wp-content\/uploads\/2011\/05\/cropped-logo-bellunopress-.jpg","width":512,"height":512,"caption":"Bellunopress"},"image":{"@id":"https:\/\/www.bellunopress.it\/#\/schema\/logo\/image\/"},"sameAs":["https:\/\/www.facebook.com\/profile.php?id=100008943462799","https:\/\/x.com\/bellunopress","https:\/\/www.linkedin.com\/hp\/?dnr=JBzUWaJfMUw8vbXJJ2tVW5-I3jZKvC4wsoxE&amp;amp;amp;amp;amp;amp;trk=nav_responsive_tab_home","https:\/\/www.youtube.com\/channel\/UCxL0wu1uN0_3_7hGG0306cw"]},{"@type":"Person","@id":"https:\/\/www.bellunopress.it\/#\/schema\/person\/79bb06722b37ece1c03d3e94beb30d73","name":"r\u00e9daction","image":{"@type":"ImageObject","inLanguage":"fr-FR","@id":"https:\/\/secure.gravatar.com\/avatar\/37d968a2e67a6fd04c169c4bdef102d0bc5d31b2546345219e348575eb80e9a0?s=96&d=mm&r=g","url":"https:\/\/secure.gravatar.com\/avatar\/37d968a2e67a6fd04c169c4bdef102d0bc5d31b2546345219e348575eb80e9a0?s=96&d=mm&r=g","contentUrl":"https:\/\/secure.gravatar.com\/avatar\/37d968a2e67a6fd04c169c4bdef102d0bc5d31b2546345219e348575eb80e9a0?s=96&d=mm&r=g","caption":"redazione"},"sameAs":["http:\/\/www.bellunopress.it","https:\/\/x.com\/bellunopress"],"url":"https:\/\/www.bellunopress.it\/fr\/author\/redazione\/"}]}},"_links":{"self":[{"href":"https:\/\/www.bellunopress.it\/fr\/wp-json\/wp\/v2\/posts\/5063","targetHints":{"allow":["GET"]}}],"collection":[{"href":"https:\/\/www.bellunopress.it\/fr\/wp-json\/wp\/v2\/posts"}],"about":[{"href":"https:\/\/www.bellunopress.it\/fr\/wp-json\/wp\/v2\/types\/post"}],"author":[{"embeddable":true,"href":"https:\/\/www.bellunopress.it\/fr\/wp-json\/wp\/v2\/users\/2"}],"replies":[{"embeddable":true,"href":"https:\/\/www.bellunopress.it\/fr\/wp-json\/wp\/v2\/comments?post=5063"}],"version-history":[{"count":1,"href":"https:\/\/www.bellunopress.it\/fr\/wp-json\/wp\/v2\/posts\/5063\/revisions"}],"predecessor-version":[{"id":5064,"href":"https:\/\/www.bellunopress.it\/fr\/wp-json\/wp\/v2\/posts\/5063\/revisions\/5064"}],"wp:attachment":[{"href":"https:\/\/www.bellunopress.it\/fr\/wp-json\/wp\/v2\/media?parent=5063"}],"wp:term":[{"taxonomy":"category","embeddable":true,"href":"https:\/\/www.bellunopress.it\/fr\/wp-json\/wp\/v2\/categories?post=5063"},{"taxonomy":"post_tag","embeddable":true,"href":"https:\/\/www.bellunopress.it\/fr\/wp-json\/wp\/v2\/tags?post=5063"}],"curies":[{"name":"wp","href":"https:\/\/api.w.org\/{rel}","templated":true}]}}