{"id":50579,"date":"2013-07-03T20:16:04","date_gmt":"2013-07-03T19:16:04","guid":{"rendered":"http:\/\/www.bellunopress.it\/?p=50579"},"modified":"2013-07-03T20:16:06","modified_gmt":"2013-07-03T19:16:06","slug":"cascada-la-cabrio-tedesca-4-posti-in-pronta-consegna-alla-concessionaria-opel-rova-di-belluno","status":"publish","type":"post","link":"https:\/\/www.bellunopress.it\/fr\/2013\/07\/03\/cascada-la-cabrio-tedesca-4-posti-in-pronta-consegna-alla-concessionaria-opel-rova-di-belluno\/","title":{"rendered":"Cascada, la cabrio tedesca 4 posti in pronta consegna alla Concessionaria Opel Rova di Belluno"},"content":{"rendered":"<p><span style=\"font-size: 13px; line-height: 19px;\">Presentata lo scorso marzo al Salone di Ginevra 2013, la nuova cabriolet tedesca Cascada \u00e8 gi\u00e0 disponibile alla <\/span><a style=\"font-size: 13px; line-height: 19px;\" href=\"http:\/\/www.rovasrl.it\/\">Concessionaria Opel Rova srl di Belluno<\/a><span style=\"font-size: 13px; line-height: 19px;\">, in via Tiziano Vecellio, 77 (tel 0437 30677 &#8211; Fax 0437 939909 \u2013 email: info@rovasrl.it )<\/span><\/p>\n<p><a href=\"http:\/\/www.bellunopress.it\/wp-content\/uploads\/2013\/07\/opel-cascada-rova.jpg\"><img loading=\"lazy\" decoding=\"async\" class=\"alignleft size-full wp-image-50580\" alt=\"opel cascada rova\" src=\"http:\/\/www.bellunopress.it\/wp-content\/uploads\/2013\/07\/opel-cascada-rova.jpg\" width=\"350\" height=\"225\" \/><\/a>Con i suoi 4 metri e 70 di lunghezza, l&#8217;Opel Cascada si colloca nella classe E delle cabrio lussuose, mantenendo per\u00f2 un prezzo interessante unito ad un&#8217;ottima abitabilit\u00e0, con quattro posti veri da \u201ccabriolet quattro stagioni\u201d e dunque anche come prima auto di casa.<\/p>\n<p>Buone le prestazioni ed i consumi del nuovo turbobenzina 1.6 Sidi Turbo Ecotec 4 cilindri ad iniezione diretta, che eroga una potenza di 170 CV e 260 Nm di coppia da 1.650 a 4250 giri, brillante ai bassi regimi, con una velocit\u00e0 massima dichiarata di 222 km\/h e un&#8217;accelerazione da 0 a 100 km\/h in 9,6 secondi. Con un litro di benzina si percorrono mediamente 15,8 km.<\/p>\n<p>Disponibile anche con motorizzazioni turbodiesel 2.0 Cdti da 165 cv e del bi-turbodiesel sempre due litri con 195 cavalli, e benzina 1.4 Turbo da 140 cv.<\/p>\n<p>Buona l&#8217;abitabilit\u00e0 e lo spazio a disposizione, con un bagagliaio da 380 litri di capacit\u00e0 (a capote chiusa), che grazie al sistema FlexFold con abbattimento automatico degli schienali dei sedili posteriori raddoppia il volume a 750 litri totali, pari a quelli di una berlina.<\/p>\n<p><a href=\"http:\/\/www.bellunopress.it\/wp-content\/uploads\/2013\/07\/opel-cascada.jpg\"><img loading=\"lazy\" decoding=\"async\" class=\"alignleft size-full wp-image-50581\" alt=\"opel cascada\" src=\"http:\/\/www.bellunopress.it\/wp-content\/uploads\/2013\/07\/opel-cascada.jpg\" width=\"390\" height=\"175\" \/><\/a>Buone e affidabili le finiture, in omaggio alla tradizione teutonica, oltre alla disponibilit\u00e0 di accessori, come i sedili sportivi ventilati, e il volante riscaldato.<\/p>\n<p>La capote in tessuto, viene ripiegata in 17 secondi, azionata dai motori elettrici alle spalle dei passeggeri posteriori, che possono essere avviati con telecomando viaggiando ad una velocit\u00e0 inferiore ai 50 km\/h.<\/p>\n<p>La stabilit\u00e0 di marcia dell&#8217;Opel Cascada \u00e8 assicurata dal telaio FlexRide con ammortizzatori elettronici che si adattano allo stile di guida e Esp di serie. Con geometria dell\u2019avantreno derivata da quella adottata per la Insignia Opc.<\/p>","protected":false},"excerpt":{"rendered":"<p>Presentata lo scorso marzo al Salone di Ginevra 2013, la nuova cabriolet tedesca Cascada \u00e8 gi\u00e0 disponibile alla Concessionaria Opel Rova srl di Belluno, in via Tiziano Vecellio, 77 (tel 0437 30677 &#8211; Fax 0437 939909 \u2013 email: info@rovasrl.it ) Con i suoi 4 metri e 70 di lunghezza, l&#8217;Opel Cascada si colloca nella classe [&hellip;]<\/p>\n","protected":false},"author":2,"featured_media":0,"comment_status":"closed","ping_status":"open","sticky":false,"template":"","format":"standard","meta":{"footnotes":""},"categories":[25,50],"tags":[],"class_list":["post-50579","post","type-post","status-publish","format-standard","category-pausa-caffe","category-pubbliredazionali"],"yoast_head":"<!-- This site is optimized with the Yoast SEO plugin v28.4 - https:\/\/yoast.com\/product\/yoast-seo-wordpress\/ -->\n<title>Cascada, la cabrio tedesca 4 posti in pronta consegna alla Concessionaria Opel Rova di Belluno - Bellunopress - Dolomiti<\/title>\n<meta name=\"robots\" content=\"index, follow, max-snippet:-1, max-image-preview:large, max-video-preview:-1\" \/>\n<link rel=\"canonical\" href=\"https:\/\/www.bellunopress.it\/fr\/2013\/07\/03\/cascada-la-cabrio-tedesca-4-posti-in-pronta-consegna-alla-concessionaria-opel-rova-di-belluno\/\" \/>\n<meta property=\"og:locale\" content=\"fr_FR\" \/>\n<meta property=\"og:type\" content=\"article\" \/>\n<meta property=\"og:title\" content=\"Cascada, la cabrio tedesca 4 posti in pronta consegna alla Concessionaria Opel Rova di Belluno - Bellunopress - Dolomiti\" \/>\n<meta property=\"og:description\" content=\"Presentata lo scorso marzo al Salone di Ginevra 2013, la nuova cabriolet tedesca Cascada \u00e8 gi\u00e0 disponibile alla Concessionaria Opel Rova srl di Belluno, in via Tiziano Vecellio, 77 (tel 0437 30677 &#8211; Fax 0437 939909 \u2013 email: info@rovasrl.it ) Con i suoi 4 metri e 70 di lunghezza, l&#8217;Opel Cascada si colloca nella classe [&hellip;]\" \/>\n<meta property=\"og:url\" content=\"https:\/\/www.bellunopress.it\/fr\/2013\/07\/03\/cascada-la-cabrio-tedesca-4-posti-in-pronta-consegna-alla-concessionaria-opel-rova-di-belluno\/\" \/>\n<meta property=\"og:site_name\" content=\"Bellunopress - Dolomiti\" \/>\n<meta property=\"article:publisher\" content=\"https:\/\/www.facebook.com\/profile.php?id=100008943462799\" \/>\n<meta property=\"article:published_time\" content=\"2013-07-03T19:16:04+00:00\" \/>\n<meta property=\"article:modified_time\" content=\"2013-07-03T19:16:06+00:00\" \/>\n<meta property=\"og:image\" content=\"http:\/\/www.bellunopress.it\/wp-content\/uploads\/2013\/07\/opel-cascada-rova.jpg\" \/>\n<meta name=\"author\" content=\"redazione\" \/>\n<meta name=\"twitter:card\" content=\"summary_large_image\" \/>\n<meta name=\"twitter:creator\" content=\"@bellunopress\" \/>\n<meta name=\"twitter:site\" content=\"@bellunopress\" \/>\n<meta name=\"twitter:label1\" content=\"\u00c9crit par\" \/>\n\t<meta name=\"twitter:data1\" content=\"redazione\" \/>\n\t<meta name=\"twitter:label2\" content=\"Dur\u00e9e de lecture estim\u00e9e\" \/>\n\t<meta name=\"twitter:data2\" content=\"1 minute\" \/>\n<script type=\"application\/ld+json\" class=\"yoast-schema-graph\">{\"@context\":\"https:\\\/\\\/schema.org\",\"@graph\":[{\"@type\":\"Article\",\"@id\":\"https:\\\/\\\/www.bellunopress.it\\\/2013\\\/07\\\/03\\\/cascada-la-cabrio-tedesca-4-posti-in-pronta-consegna-alla-concessionaria-opel-rova-di-belluno\\\/#article\",\"isPartOf\":{\"@id\":\"https:\\\/\\\/www.bellunopress.it\\\/2013\\\/07\\\/03\\\/cascada-la-cabrio-tedesca-4-posti-in-pronta-consegna-alla-concessionaria-opel-rova-di-belluno\\\/\"},\"author\":{\"name\":\"redazione\",\"@id\":\"https:\\\/\\\/www.bellunopress.it\\\/#\\\/schema\\\/person\\\/79bb06722b37ece1c03d3e94beb30d73\"},\"headline\":\"Cascada, la cabrio tedesca 4 posti in pronta consegna alla Concessionaria Opel Rova di Belluno\",\"datePublished\":\"2013-07-03T19:16:04+00:00\",\"dateModified\":\"2013-07-03T19:16:06+00:00\",\"mainEntityOfPage\":{\"@id\":\"https:\\\/\\\/www.bellunopress.it\\\/2013\\\/07\\\/03\\\/cascada-la-cabrio-tedesca-4-posti-in-pronta-consegna-alla-concessionaria-opel-rova-di-belluno\\\/\"},\"wordCount\":306,\"publisher\":{\"@id\":\"https:\\\/\\\/www.bellunopress.it\\\/#organization\"},\"image\":{\"@id\":\"https:\\\/\\\/www.bellunopress.it\\\/2013\\\/07\\\/03\\\/cascada-la-cabrio-tedesca-4-posti-in-pronta-consegna-alla-concessionaria-opel-rova-di-belluno\\\/#primaryimage\"},\"thumbnailUrl\":\"http:\\\/\\\/www.bellunopress.it\\\/wp-content\\\/uploads\\\/2013\\\/07\\\/opel-cascada-rova.jpg\",\"articleSection\":[\"Pausa Caff\u00e8\",\"Pubbliredazionali\"],\"inLanguage\":\"fr-FR\"},{\"@type\":\"WebPage\",\"@id\":\"https:\\\/\\\/www.bellunopress.it\\\/2013\\\/07\\\/03\\\/cascada-la-cabrio-tedesca-4-posti-in-pronta-consegna-alla-concessionaria-opel-rova-di-belluno\\\/\",\"url\":\"https:\\\/\\\/www.bellunopress.it\\\/2013\\\/07\\\/03\\\/cascada-la-cabrio-tedesca-4-posti-in-pronta-consegna-alla-concessionaria-opel-rova-di-belluno\\\/\",\"name\":\"Cascada, la cabrio tedesca 4 posti in pronta consegna alla Concessionaria Opel Rova di Belluno - Bellunopress - Dolomiti\",\"isPartOf\":{\"@id\":\"https:\\\/\\\/www.bellunopress.it\\\/#website\"},\"primaryImageOfPage\":{\"@id\":\"https:\\\/\\\/www.bellunopress.it\\\/2013\\\/07\\\/03\\\/cascada-la-cabrio-tedesca-4-posti-in-pronta-consegna-alla-concessionaria-opel-rova-di-belluno\\\/#primaryimage\"},\"image\":{\"@id\":\"https:\\\/\\\/www.bellunopress.it\\\/2013\\\/07\\\/03\\\/cascada-la-cabrio-tedesca-4-posti-in-pronta-consegna-alla-concessionaria-opel-rova-di-belluno\\\/#primaryimage\"},\"thumbnailUrl\":\"http:\\\/\\\/www.bellunopress.it\\\/wp-content\\\/uploads\\\/2013\\\/07\\\/opel-cascada-rova.jpg\",\"datePublished\":\"2013-07-03T19:16:04+00:00\",\"dateModified\":\"2013-07-03T19:16:06+00:00\",\"breadcrumb\":{\"@id\":\"https:\\\/\\\/www.bellunopress.it\\\/2013\\\/07\\\/03\\\/cascada-la-cabrio-tedesca-4-posti-in-pronta-consegna-alla-concessionaria-opel-rova-di-belluno\\\/#breadcrumb\"},\"inLanguage\":\"fr-FR\",\"potentialAction\":[{\"@type\":\"ReadAction\",\"target\":[\"https:\\\/\\\/www.bellunopress.it\\\/2013\\\/07\\\/03\\\/cascada-la-cabrio-tedesca-4-posti-in-pronta-consegna-alla-concessionaria-opel-rova-di-belluno\\\/\"]}]},{\"@type\":\"ImageObject\",\"inLanguage\":\"fr-FR\",\"@id\":\"https:\\\/\\\/www.bellunopress.it\\\/2013\\\/07\\\/03\\\/cascada-la-cabrio-tedesca-4-posti-in-pronta-consegna-alla-concessionaria-opel-rova-di-belluno\\\/#primaryimage\",\"url\":\"http:\\\/\\\/www.bellunopress.it\\\/wp-content\\\/uploads\\\/2013\\\/07\\\/opel-cascada-rova.jpg\",\"contentUrl\":\"http:\\\/\\\/www.bellunopress.it\\\/wp-content\\\/uploads\\\/2013\\\/07\\\/opel-cascada-rova.jpg\"},{\"@type\":\"BreadcrumbList\",\"@id\":\"https:\\\/\\\/www.bellunopress.it\\\/2013\\\/07\\\/03\\\/cascada-la-cabrio-tedesca-4-posti-in-pronta-consegna-alla-concessionaria-opel-rova-di-belluno\\\/#breadcrumb\",\"itemListElement\":[{\"@type\":\"ListItem\",\"position\":1,\"name\":\"Home\",\"item\":\"https:\\\/\\\/www.bellunopress.it\\\/\"},{\"@type\":\"ListItem\",\"position\":2,\"name\":\"Cascada, la cabrio tedesca 4 posti in pronta consegna alla Concessionaria Opel Rova di Belluno\"}]},{\"@type\":\"WebSite\",\"@id\":\"https:\\\/\\\/www.bellunopress.it\\\/#website\",\"url\":\"https:\\\/\\\/www.bellunopress.it\\\/\",\"name\":\"Bellunopress - Dolomiti\",\"description\":\"e-mail: redazione@bellunopress.it\",\"publisher\":{\"@id\":\"https:\\\/\\\/www.bellunopress.it\\\/#organization\"},\"potentialAction\":[{\"@type\":\"SearchAction\",\"target\":{\"@type\":\"EntryPoint\",\"urlTemplate\":\"https:\\\/\\\/www.bellunopress.it\\\/?s={search_term_string}\"},\"query-input\":{\"@type\":\"PropertyValueSpecification\",\"valueRequired\":true,\"valueName\":\"search_term_string\"}}],\"inLanguage\":\"fr-FR\"},{\"@type\":\"Organization\",\"@id\":\"https:\\\/\\\/www.bellunopress.it\\\/#organization\",\"name\":\"Bellunopress\",\"url\":\"https:\\\/\\\/www.bellunopress.it\\\/\",\"logo\":{\"@type\":\"ImageObject\",\"inLanguage\":\"fr-FR\",\"@id\":\"https:\\\/\\\/www.bellunopress.it\\\/#\\\/schema\\\/logo\\\/image\\\/\",\"url\":\"https:\\\/\\\/www.bellunopress.it\\\/wp-content\\\/uploads\\\/2011\\\/05\\\/cropped-logo-bellunopress-.jpg\",\"contentUrl\":\"https:\\\/\\\/www.bellunopress.it\\\/wp-content\\\/uploads\\\/2011\\\/05\\\/cropped-logo-bellunopress-.jpg\",\"width\":512,\"height\":512,\"caption\":\"Bellunopress\"},\"image\":{\"@id\":\"https:\\\/\\\/www.bellunopress.it\\\/#\\\/schema\\\/logo\\\/image\\\/\"},\"sameAs\":[\"https:\\\/\\\/www.facebook.com\\\/profile.php?id=100008943462799\",\"https:\\\/\\\/x.com\\\/bellunopress\",\"https:\\\/\\\/www.linkedin.com\\\/hp\\\/?dnr=JBzUWaJfMUw8vbXJJ2tVW5-I3jZKvC4wsoxE&amp;amp;amp;amp;amp;amp;trk=nav_responsive_tab_home\",\"https:\\\/\\\/www.youtube.com\\\/channel\\\/UCxL0wu1uN0_3_7hGG0306cw\"]},{\"@type\":\"Person\",\"@id\":\"https:\\\/\\\/www.bellunopress.it\\\/#\\\/schema\\\/person\\\/79bb06722b37ece1c03d3e94beb30d73\",\"name\":\"redazione\",\"image\":{\"@type\":\"ImageObject\",\"inLanguage\":\"fr-FR\",\"@id\":\"https:\\\/\\\/secure.gravatar.com\\\/avatar\\\/37d968a2e67a6fd04c169c4bdef102d0bc5d31b2546345219e348575eb80e9a0?s=96&d=mm&r=g\",\"url\":\"https:\\\/\\\/secure.gravatar.com\\\/avatar\\\/37d968a2e67a6fd04c169c4bdef102d0bc5d31b2546345219e348575eb80e9a0?s=96&d=mm&r=g\",\"contentUrl\":\"https:\\\/\\\/secure.gravatar.com\\\/avatar\\\/37d968a2e67a6fd04c169c4bdef102d0bc5d31b2546345219e348575eb80e9a0?s=96&d=mm&r=g\",\"caption\":\"redazione\"},\"sameAs\":[\"http:\\\/\\\/www.bellunopress.it\",\"https:\\\/\\\/x.com\\\/bellunopress\"],\"url\":\"https:\\\/\\\/www.bellunopress.it\\\/fr\\\/author\\\/redazione\\\/\"}]}<\/script>\n<!-- \/ Yoast SEO plugin. -->","yoast_head_json":{"title":"Cascada, la cabrio tedesca 4 posti in pronta consegna alla Concessionaria Opel Rova di Belluno - Bellunopress - Dolomiti","robots":{"index":"index","follow":"follow","max-snippet":"max-snippet:-1","max-image-preview":"max-image-preview:large","max-video-preview":"max-video-preview:-1"},"canonical":"https:\/\/www.bellunopress.it\/fr\/2013\/07\/03\/cascada-la-cabrio-tedesca-4-posti-in-pronta-consegna-alla-concessionaria-opel-rova-di-belluno\/","og_locale":"fr_FR","og_type":"article","og_title":"Cascada, la cabrio tedesca 4 posti in pronta consegna alla Concessionaria Opel Rova di Belluno - Bellunopress - Dolomiti","og_description":"Presentata lo scorso marzo al Salone di Ginevra 2013, la nuova cabriolet tedesca Cascada \u00e8 gi\u00e0 disponibile alla Concessionaria Opel Rova srl di Belluno, in via Tiziano Vecellio, 77 (tel 0437 30677 &#8211; Fax 0437 939909 \u2013 email: info@rovasrl.it ) Con i suoi 4 metri e 70 di lunghezza, l&#8217;Opel Cascada si colloca nella classe [&hellip;]","og_url":"https:\/\/www.bellunopress.it\/fr\/2013\/07\/03\/cascada-la-cabrio-tedesca-4-posti-in-pronta-consegna-alla-concessionaria-opel-rova-di-belluno\/","og_site_name":"Bellunopress - Dolomiti","article_publisher":"https:\/\/www.facebook.com\/profile.php?id=100008943462799","article_published_time":"2013-07-03T19:16:04+00:00","article_modified_time":"2013-07-03T19:16:06+00:00","og_image":[{"url":"http:\/\/www.bellunopress.it\/wp-content\/uploads\/2013\/07\/opel-cascada-rova.jpg","type":"","width":"","height":""}],"author":"redazione","twitter_card":"summary_large_image","twitter_creator":"@bellunopress","twitter_site":"@bellunopress","twitter_misc":{"\u00c9crit par":"redazione","Dur\u00e9e de lecture estim\u00e9e":"1 minute"},"schema":{"@context":"https:\/\/schema.org","@graph":[{"@type":"Article","@id":"https:\/\/www.bellunopress.it\/2013\/07\/03\/cascada-la-cabrio-tedesca-4-posti-in-pronta-consegna-alla-concessionaria-opel-rova-di-belluno\/#article","isPartOf":{"@id":"https:\/\/www.bellunopress.it\/2013\/07\/03\/cascada-la-cabrio-tedesca-4-posti-in-pronta-consegna-alla-concessionaria-opel-rova-di-belluno\/"},"author":{"name":"redazione","@id":"https:\/\/www.bellunopress.it\/#\/schema\/person\/79bb06722b37ece1c03d3e94beb30d73"},"headline":"Cascada, la cabrio tedesca 4 posti in pronta consegna alla Concessionaria Opel Rova di Belluno","datePublished":"2013-07-03T19:16:04+00:00","dateModified":"2013-07-03T19:16:06+00:00","mainEntityOfPage":{"@id":"https:\/\/www.bellunopress.it\/2013\/07\/03\/cascada-la-cabrio-tedesca-4-posti-in-pronta-consegna-alla-concessionaria-opel-rova-di-belluno\/"},"wordCount":306,"publisher":{"@id":"https:\/\/www.bellunopress.it\/#organization"},"image":{"@id":"https:\/\/www.bellunopress.it\/2013\/07\/03\/cascada-la-cabrio-tedesca-4-posti-in-pronta-consegna-alla-concessionaria-opel-rova-di-belluno\/#primaryimage"},"thumbnailUrl":"http:\/\/www.bellunopress.it\/wp-content\/uploads\/2013\/07\/opel-cascada-rova.jpg","articleSection":["Pausa Caff\u00e8","Pubbliredazionali"],"inLanguage":"fr-FR"},{"@type":"WebPage","@id":"https:\/\/www.bellunopress.it\/2013\/07\/03\/cascada-la-cabrio-tedesca-4-posti-in-pronta-consegna-alla-concessionaria-opel-rova-di-belluno\/","url":"https:\/\/www.bellunopress.it\/2013\/07\/03\/cascada-la-cabrio-tedesca-4-posti-in-pronta-consegna-alla-concessionaria-opel-rova-di-belluno\/","name":"Cascada, la cabrio tedesca 4 posti in pronta consegna alla Concessionaria Opel Rova di Belluno - Bellunopress - Dolomiti","isPartOf":{"@id":"https:\/\/www.bellunopress.it\/#website"},"primaryImageOfPage":{"@id":"https:\/\/www.bellunopress.it\/2013\/07\/03\/cascada-la-cabrio-tedesca-4-posti-in-pronta-consegna-alla-concessionaria-opel-rova-di-belluno\/#primaryimage"},"image":{"@id":"https:\/\/www.bellunopress.it\/2013\/07\/03\/cascada-la-cabrio-tedesca-4-posti-in-pronta-consegna-alla-concessionaria-opel-rova-di-belluno\/#primaryimage"},"thumbnailUrl":"http:\/\/www.bellunopress.it\/wp-content\/uploads\/2013\/07\/opel-cascada-rova.jpg","datePublished":"2013-07-03T19:16:04+00:00","dateModified":"2013-07-03T19:16:06+00:00","breadcrumb":{"@id":"https:\/\/www.bellunopress.it\/2013\/07\/03\/cascada-la-cabrio-tedesca-4-posti-in-pronta-consegna-alla-concessionaria-opel-rova-di-belluno\/#breadcrumb"},"inLanguage":"fr-FR","potentialAction":[{"@type":"ReadAction","target":["https:\/\/www.bellunopress.it\/2013\/07\/03\/cascada-la-cabrio-tedesca-4-posti-in-pronta-consegna-alla-concessionaria-opel-rova-di-belluno\/"]}]},{"@type":"ImageObject","inLanguage":"fr-FR","@id":"https:\/\/www.bellunopress.it\/2013\/07\/03\/cascada-la-cabrio-tedesca-4-posti-in-pronta-consegna-alla-concessionaria-opel-rova-di-belluno\/#primaryimage","url":"http:\/\/www.bellunopress.it\/wp-content\/uploads\/2013\/07\/opel-cascada-rova.jpg","contentUrl":"http:\/\/www.bellunopress.it\/wp-content\/uploads\/2013\/07\/opel-cascada-rova.jpg"},{"@type":"BreadcrumbList","@id":"https:\/\/www.bellunopress.it\/2013\/07\/03\/cascada-la-cabrio-tedesca-4-posti-in-pronta-consegna-alla-concessionaria-opel-rova-di-belluno\/#breadcrumb","itemListElement":[{"@type":"ListItem","position":1,"name":"Home","item":"https:\/\/www.bellunopress.it\/"},{"@type":"ListItem","position":2,"name":"Cascada, la cabrio tedesca 4 posti in pronta consegna alla Concessionaria Opel Rova di Belluno"}]},{"@type":"WebSite","@id":"https:\/\/www.bellunopress.it\/#website","url":"https:\/\/www.bellunopress.it\/","name":"Bellunopress - Dolomiti","description":"e-mail: redazione@bellunopress.it","publisher":{"@id":"https:\/\/www.bellunopress.it\/#organization"},"potentialAction":[{"@type":"SearchAction","target":{"@type":"EntryPoint","urlTemplate":"https:\/\/www.bellunopress.it\/?s={search_term_string}"},"query-input":{"@type":"PropertyValueSpecification","valueRequired":true,"valueName":"search_term_string"}}],"inLanguage":"fr-FR"},{"@type":"Organization","@id":"https:\/\/www.bellunopress.it\/#organization","name":"Bellunopress","url":"https:\/\/www.bellunopress.it\/","logo":{"@type":"ImageObject","inLanguage":"fr-FR","@id":"https:\/\/www.bellunopress.it\/#\/schema\/logo\/image\/","url":"https:\/\/www.bellunopress.it\/wp-content\/uploads\/2011\/05\/cropped-logo-bellunopress-.jpg","contentUrl":"https:\/\/www.bellunopress.it\/wp-content\/uploads\/2011\/05\/cropped-logo-bellunopress-.jpg","width":512,"height":512,"caption":"Bellunopress"},"image":{"@id":"https:\/\/www.bellunopress.it\/#\/schema\/logo\/image\/"},"sameAs":["https:\/\/www.facebook.com\/profile.php?id=100008943462799","https:\/\/x.com\/bellunopress","https:\/\/www.linkedin.com\/hp\/?dnr=JBzUWaJfMUw8vbXJJ2tVW5-I3jZKvC4wsoxE&amp;amp;amp;amp;amp;amp;trk=nav_responsive_tab_home","https:\/\/www.youtube.com\/channel\/UCxL0wu1uN0_3_7hGG0306cw"]},{"@type":"Person","@id":"https:\/\/www.bellunopress.it\/#\/schema\/person\/79bb06722b37ece1c03d3e94beb30d73","name":"r\u00e9daction","image":{"@type":"ImageObject","inLanguage":"fr-FR","@id":"https:\/\/secure.gravatar.com\/avatar\/37d968a2e67a6fd04c169c4bdef102d0bc5d31b2546345219e348575eb80e9a0?s=96&d=mm&r=g","url":"https:\/\/secure.gravatar.com\/avatar\/37d968a2e67a6fd04c169c4bdef102d0bc5d31b2546345219e348575eb80e9a0?s=96&d=mm&r=g","contentUrl":"https:\/\/secure.gravatar.com\/avatar\/37d968a2e67a6fd04c169c4bdef102d0bc5d31b2546345219e348575eb80e9a0?s=96&d=mm&r=g","caption":"redazione"},"sameAs":["http:\/\/www.bellunopress.it","https:\/\/x.com\/bellunopress"],"url":"https:\/\/www.bellunopress.it\/fr\/author\/redazione\/"}]}},"_links":{"self":[{"href":"https:\/\/www.bellunopress.it\/fr\/wp-json\/wp\/v2\/posts\/50579","targetHints":{"allow":["GET"]}}],"collection":[{"href":"https:\/\/www.bellunopress.it\/fr\/wp-json\/wp\/v2\/posts"}],"about":[{"href":"https:\/\/www.bellunopress.it\/fr\/wp-json\/wp\/v2\/types\/post"}],"author":[{"embeddable":true,"href":"https:\/\/www.bellunopress.it\/fr\/wp-json\/wp\/v2\/users\/2"}],"replies":[{"embeddable":true,"href":"https:\/\/www.bellunopress.it\/fr\/wp-json\/wp\/v2\/comments?post=50579"}],"version-history":[{"count":3,"href":"https:\/\/www.bellunopress.it\/fr\/wp-json\/wp\/v2\/posts\/50579\/revisions"}],"predecessor-version":[{"id":50584,"href":"https:\/\/www.bellunopress.it\/fr\/wp-json\/wp\/v2\/posts\/50579\/revisions\/50584"}],"wp:attachment":[{"href":"https:\/\/www.bellunopress.it\/fr\/wp-json\/wp\/v2\/media?parent=50579"}],"wp:term":[{"taxonomy":"category","embeddable":true,"href":"https:\/\/www.bellunopress.it\/fr\/wp-json\/wp\/v2\/categories?post=50579"},{"taxonomy":"post_tag","embeddable":true,"href":"https:\/\/www.bellunopress.it\/fr\/wp-json\/wp\/v2\/tags?post=50579"}],"curies":[{"name":"wp","href":"https:\/\/api.w.org\/{rel}","templated":true}]}}