{"id":50558,"date":"2013-07-02T20:29:24","date_gmt":"2013-07-02T19:29:24","guid":{"rendered":"http:\/\/www.bellunopress.it\/?p=50558"},"modified":"2013-07-02T20:29:24","modified_gmt":"2013-07-02T19:29:24","slug":"i-vigili-del-fuoco-con-i-disabili-visivi-per-la-settimana-verde","status":"publish","type":"post","link":"https:\/\/www.bellunopress.it\/fr\/2013\/07\/02\/i-vigili-del-fuoco-con-i-disabili-visivi-per-la-settimana-verde\/","title":{"rendered":"I Vigili del fuoco con i disabili visivi per la Settimana verde"},"content":{"rendered":"<p><span style=\"font-size: 13px; line-height: 19px;\"><a href=\"http:\/\/www.bellunopress.it\/wp-content\/uploads\/2010\/11\/vigili-del-fuoco.jpg\"><img loading=\"lazy\" decoding=\"async\" class=\"alignleft size-full wp-image-20729\" alt=\"vigili-del-fuoco\" src=\"http:\/\/www.bellunopress.it\/wp-content\/uploads\/2010\/11\/vigili-del-fuoco.jpg\" width=\"133\" height=\"135\" \/><\/a>Anche quest\u2019anno, il Comando Provinciale dei Vigili del Fuoco di Belluno \u00e8 stato impegnato durante la 12\u00b0 Settimana Verde per disabili visivi tenutasi l\u2019ultima settimana di giugno.<\/span><\/p>\n<p>Organizzata in collaborazione con il Corpo Forestale dello Stato, ha visto la partecipazione di una decina di uomini in qualit\u00e0 di accompagnatori per i 35 disabili visivi alloggiati presso una struttura alberghiera di Falcade. Ogni giorno, grazie all\u2019autobus rosso dei pompieri, sono stati portati in varie localit\u00e0 della provincia e accompagnati alla scoperta delle bellezze delle Dolomiti Bellunesi, lungo facili itinerari adatti alle loro capacit\u00e0, con addirittura un pernottamento in quota al Rifugio Tissi, al cospetto della maestosa parete nord-ovest del Civetta. Anche la visita a importanti siti storici quale il Castello di Andr\u00e0z o culturali come il Museo delle Zocche a S. Gregorio nelle Alpi, hanno completatoli programma settimanale, sempre intenso e vario. L\u2019unica uscita fuori provincia \u00e8 stata effettuata in Valstagna, lungo i sentieri dei contrabbandieri di tabacco, seguita dall\u2019emozionante discesa in gommone lungo il fiume Brenta, particolarmente spumeggiante vista la grande portata d\u2019acqua di questo periodo.<\/p>\n<p>Per il Comando di Belluno non \u00e8 certo un\u2019esperienza nuova, visto che ormai da pi\u00f9 di vent\u2019anni collabora con l\u2019Associazione Disabili Visivi di Roma per la \u201cSettimana Bianca\u201d sulle nevi di Alleghe, dalla quale poi, \u00e8 nato anche l\u2019appuntamento estivo.<\/p>\n<p>E se chiedete ad un Vigile del Fuoco il motivo per il quale si mette a disposizione di queste persone, non vi dir\u00e0 soltanto che fa parte del suo DNA, ma che lo fa anche per la grande carica umana e forza di vivere che acquisisce stando vicino a delle persone che della loro disabilit\u00e0 non ne fanno una debolezza o una condanna, ma uno stimolo per continuare a vivere ed essere considerate alla pari delle persone \u201cnormali\u201d. \u201c\u2026.Stare insieme a loro per una sola giornata, ti d\u00e0 una carica che fa dimenticare i piccoli problemi quotidiani e allo stesso tempo ti fa apprezzare anche le piccole cose che magari non ci si accorge nemmeno di avere attorno\u2026 e ti accorgi che alla fine sono persone speciali, che scherzano lavorano e fanno sport anche a livello agonistico. Ci ringraziano per quello che facciamo per loro, ma dovremmo essere noi a ringraziare loro\u2026\u201d, dir\u00e0 un Vigile di ritorno da un\u2019escursione di questa settimana verde.<\/p>\n<p>&nbsp;<\/p>","protected":false},"excerpt":{"rendered":"<p>Anche quest\u2019anno, il Comando Provinciale dei Vigili del Fuoco di Belluno \u00e8 stato impegnato durante la 12\u00b0 Settimana Verde per disabili visivi tenutasi l\u2019ultima settimana di giugno. Organizzata in collaborazione con il Corpo Forestale dello Stato, ha visto la partecipazione di una decina di uomini in qualit\u00e0 di accompagnatori per i 35 disabili visivi alloggiati [&hellip;]<\/p>\n","protected":false},"author":2,"featured_media":0,"comment_status":"closed","ping_status":"open","sticky":false,"template":"","format":"standard","meta":{"footnotes":""},"categories":[26,8],"tags":[],"class_list":["post-50558","post","type-post","status-publish","format-standard","category-prima-pagina","category-societa-istituzioni"],"yoast_head":"<!-- This site is optimized with the Yoast SEO plugin v28.4 - https:\/\/yoast.com\/product\/yoast-seo-wordpress\/ -->\n<title>I Vigili del fuoco con i disabili visivi per la Settimana verde - Bellunopress - Dolomiti<\/title>\n<meta name=\"robots\" content=\"index, follow, max-snippet:-1, max-image-preview:large, max-video-preview:-1\" \/>\n<link rel=\"canonical\" href=\"https:\/\/www.bellunopress.it\/fr\/2013\/07\/02\/i-vigili-del-fuoco-con-i-disabili-visivi-per-la-settimana-verde\/\" \/>\n<meta property=\"og:locale\" content=\"fr_FR\" \/>\n<meta property=\"og:type\" content=\"article\" \/>\n<meta property=\"og:title\" content=\"I Vigili del fuoco con i disabili visivi per la Settimana verde - Bellunopress - Dolomiti\" \/>\n<meta property=\"og:description\" content=\"Anche quest\u2019anno, il Comando Provinciale dei Vigili del Fuoco di Belluno \u00e8 stato impegnato durante la 12\u00b0 Settimana Verde per disabili visivi tenutasi l\u2019ultima settimana di giugno. Organizzata in collaborazione con il Corpo Forestale dello Stato, ha visto la partecipazione di una decina di uomini in qualit\u00e0 di accompagnatori per i 35 disabili visivi alloggiati [&hellip;]\" \/>\n<meta property=\"og:url\" content=\"https:\/\/www.bellunopress.it\/fr\/2013\/07\/02\/i-vigili-del-fuoco-con-i-disabili-visivi-per-la-settimana-verde\/\" \/>\n<meta property=\"og:site_name\" content=\"Bellunopress - Dolomiti\" \/>\n<meta property=\"article:publisher\" content=\"https:\/\/www.facebook.com\/profile.php?id=100008943462799\" \/>\n<meta property=\"article:published_time\" content=\"2013-07-02T19:29:24+00:00\" \/>\n<meta property=\"og:image\" content=\"http:\/\/www.bellunopress.it\/wp-content\/uploads\/2010\/11\/vigili-del-fuoco.jpg\" \/>\n<meta name=\"author\" content=\"redazione\" \/>\n<meta name=\"twitter:card\" content=\"summary_large_image\" \/>\n<meta name=\"twitter:creator\" content=\"@bellunopress\" \/>\n<meta name=\"twitter:site\" content=\"@bellunopress\" \/>\n<meta name=\"twitter:label1\" content=\"\u00c9crit par\" \/>\n\t<meta name=\"twitter:data1\" content=\"redazione\" \/>\n\t<meta name=\"twitter:label2\" content=\"Dur\u00e9e de lecture estim\u00e9e\" \/>\n\t<meta name=\"twitter:data2\" content=\"2 minutes\" \/>\n<script type=\"application\/ld+json\" class=\"yoast-schema-graph\">{\"@context\":\"https:\\\/\\\/schema.org\",\"@graph\":[{\"@type\":\"Article\",\"@id\":\"https:\\\/\\\/www.bellunopress.it\\\/2013\\\/07\\\/02\\\/i-vigili-del-fuoco-con-i-disabili-visivi-per-la-settimana-verde\\\/#article\",\"isPartOf\":{\"@id\":\"https:\\\/\\\/www.bellunopress.it\\\/2013\\\/07\\\/02\\\/i-vigili-del-fuoco-con-i-disabili-visivi-per-la-settimana-verde\\\/\"},\"author\":{\"name\":\"redazione\",\"@id\":\"https:\\\/\\\/www.bellunopress.it\\\/#\\\/schema\\\/person\\\/79bb06722b37ece1c03d3e94beb30d73\"},\"headline\":\"I Vigili del fuoco con i disabili visivi per la Settimana verde\",\"datePublished\":\"2013-07-02T19:29:24+00:00\",\"mainEntityOfPage\":{\"@id\":\"https:\\\/\\\/www.bellunopress.it\\\/2013\\\/07\\\/02\\\/i-vigili-del-fuoco-con-i-disabili-visivi-per-la-settimana-verde\\\/\"},\"wordCount\":398,\"publisher\":{\"@id\":\"https:\\\/\\\/www.bellunopress.it\\\/#organization\"},\"image\":{\"@id\":\"https:\\\/\\\/www.bellunopress.it\\\/2013\\\/07\\\/02\\\/i-vigili-del-fuoco-con-i-disabili-visivi-per-la-settimana-verde\\\/#primaryimage\"},\"thumbnailUrl\":\"http:\\\/\\\/www.bellunopress.it\\\/wp-content\\\/uploads\\\/2010\\\/11\\\/vigili-del-fuoco.jpg\",\"articleSection\":[\"Prima Pagina\",\"Societ\u00e0, Associazioni, Istituzioni\"],\"inLanguage\":\"fr-FR\"},{\"@type\":\"WebPage\",\"@id\":\"https:\\\/\\\/www.bellunopress.it\\\/2013\\\/07\\\/02\\\/i-vigili-del-fuoco-con-i-disabili-visivi-per-la-settimana-verde\\\/\",\"url\":\"https:\\\/\\\/www.bellunopress.it\\\/2013\\\/07\\\/02\\\/i-vigili-del-fuoco-con-i-disabili-visivi-per-la-settimana-verde\\\/\",\"name\":\"I Vigili del fuoco con i disabili visivi per la Settimana verde - Bellunopress - Dolomiti\",\"isPartOf\":{\"@id\":\"https:\\\/\\\/www.bellunopress.it\\\/#website\"},\"primaryImageOfPage\":{\"@id\":\"https:\\\/\\\/www.bellunopress.it\\\/2013\\\/07\\\/02\\\/i-vigili-del-fuoco-con-i-disabili-visivi-per-la-settimana-verde\\\/#primaryimage\"},\"image\":{\"@id\":\"https:\\\/\\\/www.bellunopress.it\\\/2013\\\/07\\\/02\\\/i-vigili-del-fuoco-con-i-disabili-visivi-per-la-settimana-verde\\\/#primaryimage\"},\"thumbnailUrl\":\"http:\\\/\\\/www.bellunopress.it\\\/wp-content\\\/uploads\\\/2010\\\/11\\\/vigili-del-fuoco.jpg\",\"datePublished\":\"2013-07-02T19:29:24+00:00\",\"breadcrumb\":{\"@id\":\"https:\\\/\\\/www.bellunopress.it\\\/2013\\\/07\\\/02\\\/i-vigili-del-fuoco-con-i-disabili-visivi-per-la-settimana-verde\\\/#breadcrumb\"},\"inLanguage\":\"fr-FR\",\"potentialAction\":[{\"@type\":\"ReadAction\",\"target\":[\"https:\\\/\\\/www.bellunopress.it\\\/2013\\\/07\\\/02\\\/i-vigili-del-fuoco-con-i-disabili-visivi-per-la-settimana-verde\\\/\"]}]},{\"@type\":\"ImageObject\",\"inLanguage\":\"fr-FR\",\"@id\":\"https:\\\/\\\/www.bellunopress.it\\\/2013\\\/07\\\/02\\\/i-vigili-del-fuoco-con-i-disabili-visivi-per-la-settimana-verde\\\/#primaryimage\",\"url\":\"http:\\\/\\\/www.bellunopress.it\\\/wp-content\\\/uploads\\\/2010\\\/11\\\/vigili-del-fuoco.jpg\",\"contentUrl\":\"http:\\\/\\\/www.bellunopress.it\\\/wp-content\\\/uploads\\\/2010\\\/11\\\/vigili-del-fuoco.jpg\"},{\"@type\":\"BreadcrumbList\",\"@id\":\"https:\\\/\\\/www.bellunopress.it\\\/2013\\\/07\\\/02\\\/i-vigili-del-fuoco-con-i-disabili-visivi-per-la-settimana-verde\\\/#breadcrumb\",\"itemListElement\":[{\"@type\":\"ListItem\",\"position\":1,\"name\":\"Home\",\"item\":\"https:\\\/\\\/www.bellunopress.it\\\/\"},{\"@type\":\"ListItem\",\"position\":2,\"name\":\"I Vigili del fuoco con i disabili visivi per la Settimana verde\"}]},{\"@type\":\"WebSite\",\"@id\":\"https:\\\/\\\/www.bellunopress.it\\\/#website\",\"url\":\"https:\\\/\\\/www.bellunopress.it\\\/\",\"name\":\"Bellunopress - Dolomiti\",\"description\":\"e-mail: redazione@bellunopress.it\",\"publisher\":{\"@id\":\"https:\\\/\\\/www.bellunopress.it\\\/#organization\"},\"potentialAction\":[{\"@type\":\"SearchAction\",\"target\":{\"@type\":\"EntryPoint\",\"urlTemplate\":\"https:\\\/\\\/www.bellunopress.it\\\/?s={search_term_string}\"},\"query-input\":{\"@type\":\"PropertyValueSpecification\",\"valueRequired\":true,\"valueName\":\"search_term_string\"}}],\"inLanguage\":\"fr-FR\"},{\"@type\":\"Organization\",\"@id\":\"https:\\\/\\\/www.bellunopress.it\\\/#organization\",\"name\":\"Bellunopress\",\"url\":\"https:\\\/\\\/www.bellunopress.it\\\/\",\"logo\":{\"@type\":\"ImageObject\",\"inLanguage\":\"fr-FR\",\"@id\":\"https:\\\/\\\/www.bellunopress.it\\\/#\\\/schema\\\/logo\\\/image\\\/\",\"url\":\"https:\\\/\\\/www.bellunopress.it\\\/wp-content\\\/uploads\\\/2011\\\/05\\\/cropped-logo-bellunopress-.jpg\",\"contentUrl\":\"https:\\\/\\\/www.bellunopress.it\\\/wp-content\\\/uploads\\\/2011\\\/05\\\/cropped-logo-bellunopress-.jpg\",\"width\":512,\"height\":512,\"caption\":\"Bellunopress\"},\"image\":{\"@id\":\"https:\\\/\\\/www.bellunopress.it\\\/#\\\/schema\\\/logo\\\/image\\\/\"},\"sameAs\":[\"https:\\\/\\\/www.facebook.com\\\/profile.php?id=100008943462799\",\"https:\\\/\\\/x.com\\\/bellunopress\",\"https:\\\/\\\/www.linkedin.com\\\/hp\\\/?dnr=JBzUWaJfMUw8vbXJJ2tVW5-I3jZKvC4wsoxE&amp;amp;amp;amp;amp;amp;trk=nav_responsive_tab_home\",\"https:\\\/\\\/www.youtube.com\\\/channel\\\/UCxL0wu1uN0_3_7hGG0306cw\"]},{\"@type\":\"Person\",\"@id\":\"https:\\\/\\\/www.bellunopress.it\\\/#\\\/schema\\\/person\\\/79bb06722b37ece1c03d3e94beb30d73\",\"name\":\"redazione\",\"image\":{\"@type\":\"ImageObject\",\"inLanguage\":\"fr-FR\",\"@id\":\"https:\\\/\\\/secure.gravatar.com\\\/avatar\\\/37d968a2e67a6fd04c169c4bdef102d0bc5d31b2546345219e348575eb80e9a0?s=96&d=mm&r=g\",\"url\":\"https:\\\/\\\/secure.gravatar.com\\\/avatar\\\/37d968a2e67a6fd04c169c4bdef102d0bc5d31b2546345219e348575eb80e9a0?s=96&d=mm&r=g\",\"contentUrl\":\"https:\\\/\\\/secure.gravatar.com\\\/avatar\\\/37d968a2e67a6fd04c169c4bdef102d0bc5d31b2546345219e348575eb80e9a0?s=96&d=mm&r=g\",\"caption\":\"redazione\"},\"sameAs\":[\"http:\\\/\\\/www.bellunopress.it\",\"https:\\\/\\\/x.com\\\/bellunopress\"],\"url\":\"https:\\\/\\\/www.bellunopress.it\\\/fr\\\/author\\\/redazione\\\/\"}]}<\/script>\n<!-- \/ Yoast SEO plugin. -->","yoast_head_json":{"title":"I Vigili del fuoco con i disabili visivi per la Settimana verde - Bellunopress - Dolomiti","robots":{"index":"index","follow":"follow","max-snippet":"max-snippet:-1","max-image-preview":"max-image-preview:large","max-video-preview":"max-video-preview:-1"},"canonical":"https:\/\/www.bellunopress.it\/fr\/2013\/07\/02\/i-vigili-del-fuoco-con-i-disabili-visivi-per-la-settimana-verde\/","og_locale":"fr_FR","og_type":"article","og_title":"I Vigili del fuoco con i disabili visivi per la Settimana verde - Bellunopress - Dolomiti","og_description":"Anche quest\u2019anno, il Comando Provinciale dei Vigili del Fuoco di Belluno \u00e8 stato impegnato durante la 12\u00b0 Settimana Verde per disabili visivi tenutasi l\u2019ultima settimana di giugno. Organizzata in collaborazione con il Corpo Forestale dello Stato, ha visto la partecipazione di una decina di uomini in qualit\u00e0 di accompagnatori per i 35 disabili visivi alloggiati [&hellip;]","og_url":"https:\/\/www.bellunopress.it\/fr\/2013\/07\/02\/i-vigili-del-fuoco-con-i-disabili-visivi-per-la-settimana-verde\/","og_site_name":"Bellunopress - Dolomiti","article_publisher":"https:\/\/www.facebook.com\/profile.php?id=100008943462799","article_published_time":"2013-07-02T19:29:24+00:00","og_image":[{"url":"http:\/\/www.bellunopress.it\/wp-content\/uploads\/2010\/11\/vigili-del-fuoco.jpg","type":"","width":"","height":""}],"author":"redazione","twitter_card":"summary_large_image","twitter_creator":"@bellunopress","twitter_site":"@bellunopress","twitter_misc":{"\u00c9crit par":"redazione","Dur\u00e9e de lecture estim\u00e9e":"2 minutes"},"schema":{"@context":"https:\/\/schema.org","@graph":[{"@type":"Article","@id":"https:\/\/www.bellunopress.it\/2013\/07\/02\/i-vigili-del-fuoco-con-i-disabili-visivi-per-la-settimana-verde\/#article","isPartOf":{"@id":"https:\/\/www.bellunopress.it\/2013\/07\/02\/i-vigili-del-fuoco-con-i-disabili-visivi-per-la-settimana-verde\/"},"author":{"name":"redazione","@id":"https:\/\/www.bellunopress.it\/#\/schema\/person\/79bb06722b37ece1c03d3e94beb30d73"},"headline":"I Vigili del fuoco con i disabili visivi per la Settimana verde","datePublished":"2013-07-02T19:29:24+00:00","mainEntityOfPage":{"@id":"https:\/\/www.bellunopress.it\/2013\/07\/02\/i-vigili-del-fuoco-con-i-disabili-visivi-per-la-settimana-verde\/"},"wordCount":398,"publisher":{"@id":"https:\/\/www.bellunopress.it\/#organization"},"image":{"@id":"https:\/\/www.bellunopress.it\/2013\/07\/02\/i-vigili-del-fuoco-con-i-disabili-visivi-per-la-settimana-verde\/#primaryimage"},"thumbnailUrl":"http:\/\/www.bellunopress.it\/wp-content\/uploads\/2010\/11\/vigili-del-fuoco.jpg","articleSection":["Prima Pagina","Societ\u00e0, Associazioni, Istituzioni"],"inLanguage":"fr-FR"},{"@type":"WebPage","@id":"https:\/\/www.bellunopress.it\/2013\/07\/02\/i-vigili-del-fuoco-con-i-disabili-visivi-per-la-settimana-verde\/","url":"https:\/\/www.bellunopress.it\/2013\/07\/02\/i-vigili-del-fuoco-con-i-disabili-visivi-per-la-settimana-verde\/","name":"I Vigili del fuoco con i disabili visivi per la Settimana verde - Bellunopress - Dolomiti","isPartOf":{"@id":"https:\/\/www.bellunopress.it\/#website"},"primaryImageOfPage":{"@id":"https:\/\/www.bellunopress.it\/2013\/07\/02\/i-vigili-del-fuoco-con-i-disabili-visivi-per-la-settimana-verde\/#primaryimage"},"image":{"@id":"https:\/\/www.bellunopress.it\/2013\/07\/02\/i-vigili-del-fuoco-con-i-disabili-visivi-per-la-settimana-verde\/#primaryimage"},"thumbnailUrl":"http:\/\/www.bellunopress.it\/wp-content\/uploads\/2010\/11\/vigili-del-fuoco.jpg","datePublished":"2013-07-02T19:29:24+00:00","breadcrumb":{"@id":"https:\/\/www.bellunopress.it\/2013\/07\/02\/i-vigili-del-fuoco-con-i-disabili-visivi-per-la-settimana-verde\/#breadcrumb"},"inLanguage":"fr-FR","potentialAction":[{"@type":"ReadAction","target":["https:\/\/www.bellunopress.it\/2013\/07\/02\/i-vigili-del-fuoco-con-i-disabili-visivi-per-la-settimana-verde\/"]}]},{"@type":"ImageObject","inLanguage":"fr-FR","@id":"https:\/\/www.bellunopress.it\/2013\/07\/02\/i-vigili-del-fuoco-con-i-disabili-visivi-per-la-settimana-verde\/#primaryimage","url":"http:\/\/www.bellunopress.it\/wp-content\/uploads\/2010\/11\/vigili-del-fuoco.jpg","contentUrl":"http:\/\/www.bellunopress.it\/wp-content\/uploads\/2010\/11\/vigili-del-fuoco.jpg"},{"@type":"BreadcrumbList","@id":"https:\/\/www.bellunopress.it\/2013\/07\/02\/i-vigili-del-fuoco-con-i-disabili-visivi-per-la-settimana-verde\/#breadcrumb","itemListElement":[{"@type":"ListItem","position":1,"name":"Home","item":"https:\/\/www.bellunopress.it\/"},{"@type":"ListItem","position":2,"name":"I Vigili del fuoco con i disabili visivi per la Settimana verde"}]},{"@type":"WebSite","@id":"https:\/\/www.bellunopress.it\/#website","url":"https:\/\/www.bellunopress.it\/","name":"Bellunopress - Dolomiti","description":"e-mail: redazione@bellunopress.it","publisher":{"@id":"https:\/\/www.bellunopress.it\/#organization"},"potentialAction":[{"@type":"SearchAction","target":{"@type":"EntryPoint","urlTemplate":"https:\/\/www.bellunopress.it\/?s={search_term_string}"},"query-input":{"@type":"PropertyValueSpecification","valueRequired":true,"valueName":"search_term_string"}}],"inLanguage":"fr-FR"},{"@type":"Organization","@id":"https:\/\/www.bellunopress.it\/#organization","name":"Bellunopress","url":"https:\/\/www.bellunopress.it\/","logo":{"@type":"ImageObject","inLanguage":"fr-FR","@id":"https:\/\/www.bellunopress.it\/#\/schema\/logo\/image\/","url":"https:\/\/www.bellunopress.it\/wp-content\/uploads\/2011\/05\/cropped-logo-bellunopress-.jpg","contentUrl":"https:\/\/www.bellunopress.it\/wp-content\/uploads\/2011\/05\/cropped-logo-bellunopress-.jpg","width":512,"height":512,"caption":"Bellunopress"},"image":{"@id":"https:\/\/www.bellunopress.it\/#\/schema\/logo\/image\/"},"sameAs":["https:\/\/www.facebook.com\/profile.php?id=100008943462799","https:\/\/x.com\/bellunopress","https:\/\/www.linkedin.com\/hp\/?dnr=JBzUWaJfMUw8vbXJJ2tVW5-I3jZKvC4wsoxE&amp;amp;amp;amp;amp;amp;trk=nav_responsive_tab_home","https:\/\/www.youtube.com\/channel\/UCxL0wu1uN0_3_7hGG0306cw"]},{"@type":"Person","@id":"https:\/\/www.bellunopress.it\/#\/schema\/person\/79bb06722b37ece1c03d3e94beb30d73","name":"r\u00e9daction","image":{"@type":"ImageObject","inLanguage":"fr-FR","@id":"https:\/\/secure.gravatar.com\/avatar\/37d968a2e67a6fd04c169c4bdef102d0bc5d31b2546345219e348575eb80e9a0?s=96&d=mm&r=g","url":"https:\/\/secure.gravatar.com\/avatar\/37d968a2e67a6fd04c169c4bdef102d0bc5d31b2546345219e348575eb80e9a0?s=96&d=mm&r=g","contentUrl":"https:\/\/secure.gravatar.com\/avatar\/37d968a2e67a6fd04c169c4bdef102d0bc5d31b2546345219e348575eb80e9a0?s=96&d=mm&r=g","caption":"redazione"},"sameAs":["http:\/\/www.bellunopress.it","https:\/\/x.com\/bellunopress"],"url":"https:\/\/www.bellunopress.it\/fr\/author\/redazione\/"}]}},"_links":{"self":[{"href":"https:\/\/www.bellunopress.it\/fr\/wp-json\/wp\/v2\/posts\/50558","targetHints":{"allow":["GET"]}}],"collection":[{"href":"https:\/\/www.bellunopress.it\/fr\/wp-json\/wp\/v2\/posts"}],"about":[{"href":"https:\/\/www.bellunopress.it\/fr\/wp-json\/wp\/v2\/types\/post"}],"author":[{"embeddable":true,"href":"https:\/\/www.bellunopress.it\/fr\/wp-json\/wp\/v2\/users\/2"}],"replies":[{"embeddable":true,"href":"https:\/\/www.bellunopress.it\/fr\/wp-json\/wp\/v2\/comments?post=50558"}],"version-history":[{"count":1,"href":"https:\/\/www.bellunopress.it\/fr\/wp-json\/wp\/v2\/posts\/50558\/revisions"}],"predecessor-version":[{"id":50559,"href":"https:\/\/www.bellunopress.it\/fr\/wp-json\/wp\/v2\/posts\/50558\/revisions\/50559"}],"wp:attachment":[{"href":"https:\/\/www.bellunopress.it\/fr\/wp-json\/wp\/v2\/media?parent=50558"}],"wp:term":[{"taxonomy":"category","embeddable":true,"href":"https:\/\/www.bellunopress.it\/fr\/wp-json\/wp\/v2\/categories?post=50558"},{"taxonomy":"post_tag","embeddable":true,"href":"https:\/\/www.bellunopress.it\/fr\/wp-json\/wp\/v2\/tags?post=50558"}],"curies":[{"name":"wp","href":"https:\/\/api.w.org\/{rel}","templated":true}]}}