{"id":5054,"date":"2009-06-17T22:34:43","date_gmt":"2009-06-17T21:34:43","guid":{"rendered":"http:\/\/www.bellunopress.it\/?p=5054"},"modified":"2009-06-17T22:46:36","modified_gmt":"2009-06-17T21:46:36","slug":"caiinform-promuove-lalpinismo-giovanile","status":"publish","type":"post","link":"https:\/\/www.bellunopress.it\/fr\/2009\/06\/17\/caiinform-promuove-lalpinismo-giovanile\/","title":{"rendered":"CaiInform promuove l&#8217;alpinismo giovanile, la cultura e la solidariet\u00e0"},"content":{"rendered":"<p>Domenica 21 giugno \u00e8 in programma la seconda uscita di alpinismo giovanile a Forcella di San Tomaso con visita agli affreschi del Bordone a Vallada e al planetario di San Tomaso Agordino. Come da programma, la sezione agordina del Cai ricorda che domenica si svolger\u00e0 la seconda uscita dedicata all\u2019alpinismo giovanile. Un invito quindi a tutti i nostri \u201cpiccoli\u201d amici ed ai loro genitori, ad indossare gli scarponcini e via\u2026<a href=\"http:\/\/www.bellunopress.it\/wp-content\/uploads\/2009\/06\/paris_bordone_002-leggera.jpg\"><img loading=\"lazy\" decoding=\"async\" class=\"alignright size-medium wp-image-5057\" title=\"paris_bordone_002-leggera\" src=\"http:\/\/www.bellunopress.it\/wp-content\/uploads\/2009\/06\/paris_bordone_002-leggera.jpg\" alt=\"\" width=\"270\" height=\"239\" \/><\/a><br \/>\nUna piacevole escursione, priva di particolari difficolt\u00e0, che ci condurr\u00e0 dalla Valle del Biois fino in Val Cordevole unitamente alle interessanti visite alla Chiesa di S.Simon di Vallada ed agli affreschi del Paris Bordone, nonch\u00e9 del Planetario, una volta giunti a S.Tomaso Agordino.<br \/>\nRitrovo: presso la Sede della Sezione Agordina del C.A.I. \u2013 Municipio di Agordo \u2013 domenica 21 giugno 2009 alle ore 08.00<br \/>\n<strong>SPEDIZIONE CORDILLERA BLANCA &#8211; PERU\u2019<\/strong><br \/>\nBuone notizie dal Per\u00f9. La spedizione degli alpinisti agordini, sempre in stretto contatto con la nostra Sezione, ci ha comunicato il 10 giugno:<a href=\"http:\/\/www.bellunopress.it\/wp-content\/uploads\/2009\/06\/cordillera-blanca-leggera.jpg\"><img loading=\"lazy\" decoding=\"async\" class=\"alignright size-medium wp-image-5056\" title=\"cordillera-blanca-leggera\" src=\"http:\/\/www.bellunopress.it\/wp-content\/uploads\/2009\/06\/cordillera-blanca-leggera.jpg\" alt=\"\" width=\"270\" height=\"177\" \/><\/a><br \/>\n\u201c Eccoci a Huaraz. La spedizione sta andando a gonfie vele!<br \/>\nSiamo saliti (in sei) alla cima del Nevado Ishinca e tutti sulla cima del Nevado Tocclaraju trovandolo pi\u00f9 difficile del previsto a causa di un crollo e dell\u2019apertura di un grosso crepaccio a cento metri dalla cima, che ci ha costretto ad una traversata sulla parete nord e ad un tiro a 60-70 gradi.<br \/>\nDevis ha salito inoltre, in solitaria e di notte, il Nevado Urus, che si trova giusto sopra il Campo Base.<br \/>\nAdesso si riparte per la montagna pi\u00f9 importante: l\u2019Alpamajo.<br \/>\nStiamo tutti bene\u2026Ci sentiamo\u201d..<br \/>\nOggi, 16 giugno 2009, abbiamo il piacere di comunicarVi che la spedizione ha raggiunto la vetta dell\u2019Alpamajo, suggellando quindi con successo questa interessante ed impegnativa spedizione. Complimenti a tutti e buon rientro!<br \/>\n<strong>DOMENICA 5 LUGLIO 2009 UNA CATENA UMANA ATTORNO ALLE TRE CIME DI LAVAREDO A FAVORE DELL\u2019AFRICA<\/strong><a href=\"http:\/\/www.bellunopress.it\/wp-content\/uploads\/2009\/06\/tre-cime-leggera.jpg\"><img loading=\"lazy\" decoding=\"async\" class=\"alignright size-medium wp-image-5060\" title=\"tre-cime-leggera\" src=\"http:\/\/www.bellunopress.it\/wp-content\/uploads\/2009\/06\/tre-cime-leggera.jpg\" alt=\"\" width=\"270\" height=\"171\" \/><\/a><br \/>\nL\u2019Associazione Gruppi \u201cInsieme si pu\u00f2\u2026\u201d ONLUS-ONG di Belluno, unitamente al Coordinatore delle Sezioni Bellunesi del CAI &#8211; Gianni Alberti &#8211; ci hanno gentilmente richiesto di divulgare l\u2019iniziativa in oggetto.<br \/>\nLa manifestazione ha gi\u00e0 avuto l&#8217;adesione e l&#8217;appoggio di qualificate associazioni, fra cui il CAI Centrale (sar\u00e0 presente il presidente generale Annibale Salsa) ed il CNSAS (sar\u00e0 presente il coordinatore Fabio Rufus Bristot).<br \/>\nLe finalit\u00e0 e i dettagli dell&#8217;iniziativa sono illustrati nell&#8217;allegato e si auspica che le Sezioni Bellunesi, compatibilmente con altri impegni nella stessa giornata, possano partecipare e garantire la\u00a0migliore riuscita dell&#8217;evento. Date le nobili finalit\u00e0 dell&#8217;iniziativa, \u00e8 auspicabile una consistente presenza di soci CAI per garantire\u00a0una valida risorsa in termini di seriet\u00e0 e affidabilit\u00e0, non solo tecnica ma, allo stesso tempo, umana ed etica, trattandosi di zona montana\u00a0di grande visibilit\u00e0 in un contesto ambientale fra i pi\u00f9\u00a0famosi e che, il 5 luglio, dovrebbe esser gi\u00e0 stato &#8220;consacrato&#8221; come patrimonio dell&#8217;Unesco.<br \/>\nSiti ufficiali: \u00a0\u00a0\u00a0www.dolomitafricag8.it \u00a0\u00a0\u00a0\u00a0www.dolomitafricag8.org.<br \/>\nOgni altra informazione, chiarimento o supporto\u00a0potranno essere richiesti direttamente all&#8217;organizzazione:<br \/>\nAssociazione Gruppi Insieme si pu\u00f2&#8230;ONLUS &#8211; ONG<br \/>\nreferente Daniele Giaffredo<br \/>\nVia Garibaldi, n\u00b0 18\u00a0\u00a0\u00a0 32100 Belluno<br \/>\nTel\/fax: 0437.291298<br \/>\nCell. 347.6184182<br \/>\nEmail: daniele@365giorni.org<br \/>\nWeb: www.365giorni.org<\/p>","protected":false},"excerpt":{"rendered":"<p>Domenica 21 giugno \u00e8 in programma la seconda uscita di alpinismo giovanile a Forcella di San Tomaso con visita agli affreschi del Bordone a Vallada e al planetario di San Tomaso Agordino. Come da programma, la sezione agordina del Cai ricorda che domenica si svolger\u00e0 la seconda uscita dedicata all\u2019alpinismo giovanile. Un invito quindi a [&hellip;]<\/p>\n","protected":false},"author":2,"featured_media":0,"comment_status":"closed","ping_status":"open","sticky":false,"template":"","format":"standard","meta":{"footnotes":""},"categories":[27,38,25],"tags":[139],"class_list":["post-5054","post","type-post","status-publish","format-standard","category-appuntamenti","category-natura-ambiente","category-pausa-caffe","tag-belluno"],"yoast_head":"<!-- This site is optimized with the Yoast SEO plugin v28.4 - https:\/\/yoast.com\/product\/yoast-seo-wordpress\/ -->\n<title>CaiInform promuove l&#039;alpinismo giovanile, la cultura e la solidariet\u00e0 - Bellunopress - Dolomiti<\/title>\n<meta name=\"robots\" content=\"index, follow, max-snippet:-1, max-image-preview:large, max-video-preview:-1\" \/>\n<link rel=\"canonical\" href=\"https:\/\/www.bellunopress.it\/fr\/2009\/06\/17\/caiinform-promuove-lalpinismo-giovanile\/\" \/>\n<meta property=\"og:locale\" content=\"fr_FR\" \/>\n<meta property=\"og:type\" content=\"article\" \/>\n<meta property=\"og:title\" content=\"CaiInform promuove l&#039;alpinismo giovanile, la cultura e la solidariet\u00e0 - Bellunopress - Dolomiti\" \/>\n<meta property=\"og:description\" content=\"Domenica 21 giugno \u00e8 in programma la seconda uscita di alpinismo giovanile a Forcella di San Tomaso con visita agli affreschi del Bordone a Vallada e al planetario di San Tomaso Agordino. Come da programma, la sezione agordina del Cai ricorda che domenica si svolger\u00e0 la seconda uscita dedicata all\u2019alpinismo giovanile. Un invito quindi a [&hellip;]\" \/>\n<meta property=\"og:url\" content=\"https:\/\/www.bellunopress.it\/fr\/2009\/06\/17\/caiinform-promuove-lalpinismo-giovanile\/\" \/>\n<meta property=\"og:site_name\" content=\"Bellunopress - Dolomiti\" \/>\n<meta property=\"article:publisher\" content=\"https:\/\/www.facebook.com\/profile.php?id=100008943462799\" \/>\n<meta property=\"article:published_time\" content=\"2009-06-17T21:34:43+00:00\" \/>\n<meta property=\"article:modified_time\" content=\"2009-06-17T21:46:36+00:00\" \/>\n<meta property=\"og:image\" content=\"http:\/\/www.bellunopress.it\/wp-content\/uploads\/2009\/06\/paris_bordone_002-leggera.jpg\" \/>\n<meta name=\"author\" content=\"redazione\" \/>\n<meta name=\"twitter:card\" content=\"summary_large_image\" \/>\n<meta name=\"twitter:creator\" content=\"@bellunopress\" \/>\n<meta name=\"twitter:site\" content=\"@bellunopress\" \/>\n<meta name=\"twitter:label1\" content=\"\u00c9crit par\" \/>\n\t<meta name=\"twitter:data1\" content=\"redazione\" \/>\n\t<meta name=\"twitter:label2\" content=\"Dur\u00e9e de lecture estim\u00e9e\" \/>\n\t<meta name=\"twitter:data2\" content=\"3 minutes\" \/>\n<script type=\"application\/ld+json\" class=\"yoast-schema-graph\">{\"@context\":\"https:\\\/\\\/schema.org\",\"@graph\":[{\"@type\":\"Article\",\"@id\":\"https:\\\/\\\/www.bellunopress.it\\\/2009\\\/06\\\/17\\\/caiinform-promuove-lalpinismo-giovanile\\\/#article\",\"isPartOf\":{\"@id\":\"https:\\\/\\\/www.bellunopress.it\\\/2009\\\/06\\\/17\\\/caiinform-promuove-lalpinismo-giovanile\\\/\"},\"author\":{\"name\":\"redazione\",\"@id\":\"https:\\\/\\\/www.bellunopress.it\\\/#\\\/schema\\\/person\\\/79bb06722b37ece1c03d3e94beb30d73\"},\"headline\":\"CaiInform promuove l&#8217;alpinismo giovanile, la cultura e la solidariet\u00e0\",\"datePublished\":\"2009-06-17T21:34:43+00:00\",\"dateModified\":\"2009-06-17T21:46:36+00:00\",\"mainEntityOfPage\":{\"@id\":\"https:\\\/\\\/www.bellunopress.it\\\/2009\\\/06\\\/17\\\/caiinform-promuove-lalpinismo-giovanile\\\/\"},\"wordCount\":523,\"publisher\":{\"@id\":\"https:\\\/\\\/www.bellunopress.it\\\/#organization\"},\"image\":{\"@id\":\"https:\\\/\\\/www.bellunopress.it\\\/2009\\\/06\\\/17\\\/caiinform-promuove-lalpinismo-giovanile\\\/#primaryimage\"},\"thumbnailUrl\":\"http:\\\/\\\/www.bellunopress.it\\\/wp-content\\\/uploads\\\/2009\\\/06\\\/paris_bordone_002-leggera.jpg\",\"keywords\":[\"Belluno\"],\"articleSection\":[\"Appuntamenti, Eventi\",\"Meteo, natura, ambiente, animali\",\"Pausa Caff\u00e8\"],\"inLanguage\":\"fr-FR\"},{\"@type\":\"WebPage\",\"@id\":\"https:\\\/\\\/www.bellunopress.it\\\/2009\\\/06\\\/17\\\/caiinform-promuove-lalpinismo-giovanile\\\/\",\"url\":\"https:\\\/\\\/www.bellunopress.it\\\/2009\\\/06\\\/17\\\/caiinform-promuove-lalpinismo-giovanile\\\/\",\"name\":\"CaiInform promuove l'alpinismo giovanile, la cultura e la solidariet\u00e0 - Bellunopress - Dolomiti\",\"isPartOf\":{\"@id\":\"https:\\\/\\\/www.bellunopress.it\\\/#website\"},\"primaryImageOfPage\":{\"@id\":\"https:\\\/\\\/www.bellunopress.it\\\/2009\\\/06\\\/17\\\/caiinform-promuove-lalpinismo-giovanile\\\/#primaryimage\"},\"image\":{\"@id\":\"https:\\\/\\\/www.bellunopress.it\\\/2009\\\/06\\\/17\\\/caiinform-promuove-lalpinismo-giovanile\\\/#primaryimage\"},\"thumbnailUrl\":\"http:\\\/\\\/www.bellunopress.it\\\/wp-content\\\/uploads\\\/2009\\\/06\\\/paris_bordone_002-leggera.jpg\",\"datePublished\":\"2009-06-17T21:34:43+00:00\",\"dateModified\":\"2009-06-17T21:46:36+00:00\",\"breadcrumb\":{\"@id\":\"https:\\\/\\\/www.bellunopress.it\\\/2009\\\/06\\\/17\\\/caiinform-promuove-lalpinismo-giovanile\\\/#breadcrumb\"},\"inLanguage\":\"fr-FR\",\"potentialAction\":[{\"@type\":\"ReadAction\",\"target\":[\"https:\\\/\\\/www.bellunopress.it\\\/2009\\\/06\\\/17\\\/caiinform-promuove-lalpinismo-giovanile\\\/\"]}]},{\"@type\":\"ImageObject\",\"inLanguage\":\"fr-FR\",\"@id\":\"https:\\\/\\\/www.bellunopress.it\\\/2009\\\/06\\\/17\\\/caiinform-promuove-lalpinismo-giovanile\\\/#primaryimage\",\"url\":\"http:\\\/\\\/www.bellunopress.it\\\/wp-content\\\/uploads\\\/2009\\\/06\\\/paris_bordone_002-leggera.jpg\",\"contentUrl\":\"http:\\\/\\\/www.bellunopress.it\\\/wp-content\\\/uploads\\\/2009\\\/06\\\/paris_bordone_002-leggera.jpg\"},{\"@type\":\"BreadcrumbList\",\"@id\":\"https:\\\/\\\/www.bellunopress.it\\\/2009\\\/06\\\/17\\\/caiinform-promuove-lalpinismo-giovanile\\\/#breadcrumb\",\"itemListElement\":[{\"@type\":\"ListItem\",\"position\":1,\"name\":\"Home\",\"item\":\"https:\\\/\\\/www.bellunopress.it\\\/\"},{\"@type\":\"ListItem\",\"position\":2,\"name\":\"CaiInform promuove l&#8217;alpinismo giovanile, la cultura e la solidariet\u00e0\"}]},{\"@type\":\"WebSite\",\"@id\":\"https:\\\/\\\/www.bellunopress.it\\\/#website\",\"url\":\"https:\\\/\\\/www.bellunopress.it\\\/\",\"name\":\"Bellunopress - Dolomiti\",\"description\":\"e-mail: redazione@bellunopress.it\",\"publisher\":{\"@id\":\"https:\\\/\\\/www.bellunopress.it\\\/#organization\"},\"potentialAction\":[{\"@type\":\"SearchAction\",\"target\":{\"@type\":\"EntryPoint\",\"urlTemplate\":\"https:\\\/\\\/www.bellunopress.it\\\/?s={search_term_string}\"},\"query-input\":{\"@type\":\"PropertyValueSpecification\",\"valueRequired\":true,\"valueName\":\"search_term_string\"}}],\"inLanguage\":\"fr-FR\"},{\"@type\":\"Organization\",\"@id\":\"https:\\\/\\\/www.bellunopress.it\\\/#organization\",\"name\":\"Bellunopress\",\"url\":\"https:\\\/\\\/www.bellunopress.it\\\/\",\"logo\":{\"@type\":\"ImageObject\",\"inLanguage\":\"fr-FR\",\"@id\":\"https:\\\/\\\/www.bellunopress.it\\\/#\\\/schema\\\/logo\\\/image\\\/\",\"url\":\"https:\\\/\\\/www.bellunopress.it\\\/wp-content\\\/uploads\\\/2011\\\/05\\\/cropped-logo-bellunopress-.jpg\",\"contentUrl\":\"https:\\\/\\\/www.bellunopress.it\\\/wp-content\\\/uploads\\\/2011\\\/05\\\/cropped-logo-bellunopress-.jpg\",\"width\":512,\"height\":512,\"caption\":\"Bellunopress\"},\"image\":{\"@id\":\"https:\\\/\\\/www.bellunopress.it\\\/#\\\/schema\\\/logo\\\/image\\\/\"},\"sameAs\":[\"https:\\\/\\\/www.facebook.com\\\/profile.php?id=100008943462799\",\"https:\\\/\\\/x.com\\\/bellunopress\",\"https:\\\/\\\/www.linkedin.com\\\/hp\\\/?dnr=JBzUWaJfMUw8vbXJJ2tVW5-I3jZKvC4wsoxE&amp;amp;amp;amp;amp;amp;trk=nav_responsive_tab_home\",\"https:\\\/\\\/www.youtube.com\\\/channel\\\/UCxL0wu1uN0_3_7hGG0306cw\"]},{\"@type\":\"Person\",\"@id\":\"https:\\\/\\\/www.bellunopress.it\\\/#\\\/schema\\\/person\\\/79bb06722b37ece1c03d3e94beb30d73\",\"name\":\"redazione\",\"image\":{\"@type\":\"ImageObject\",\"inLanguage\":\"fr-FR\",\"@id\":\"https:\\\/\\\/secure.gravatar.com\\\/avatar\\\/37d968a2e67a6fd04c169c4bdef102d0bc5d31b2546345219e348575eb80e9a0?s=96&d=mm&r=g\",\"url\":\"https:\\\/\\\/secure.gravatar.com\\\/avatar\\\/37d968a2e67a6fd04c169c4bdef102d0bc5d31b2546345219e348575eb80e9a0?s=96&d=mm&r=g\",\"contentUrl\":\"https:\\\/\\\/secure.gravatar.com\\\/avatar\\\/37d968a2e67a6fd04c169c4bdef102d0bc5d31b2546345219e348575eb80e9a0?s=96&d=mm&r=g\",\"caption\":\"redazione\"},\"sameAs\":[\"http:\\\/\\\/www.bellunopress.it\",\"https:\\\/\\\/x.com\\\/bellunopress\"],\"url\":\"https:\\\/\\\/www.bellunopress.it\\\/fr\\\/author\\\/redazione\\\/\"}]}<\/script>\n<!-- \/ Yoast SEO plugin. -->","yoast_head_json":{"title":"CaiInform promuove l'alpinismo giovanile, la cultura e la solidariet\u00e0 - Bellunopress - Dolomiti","robots":{"index":"index","follow":"follow","max-snippet":"max-snippet:-1","max-image-preview":"max-image-preview:large","max-video-preview":"max-video-preview:-1"},"canonical":"https:\/\/www.bellunopress.it\/fr\/2009\/06\/17\/caiinform-promuove-lalpinismo-giovanile\/","og_locale":"fr_FR","og_type":"article","og_title":"CaiInform promuove l'alpinismo giovanile, la cultura e la solidariet\u00e0 - Bellunopress - Dolomiti","og_description":"Domenica 21 giugno \u00e8 in programma la seconda uscita di alpinismo giovanile a Forcella di San Tomaso con visita agli affreschi del Bordone a Vallada e al planetario di San Tomaso Agordino. Come da programma, la sezione agordina del Cai ricorda che domenica si svolger\u00e0 la seconda uscita dedicata all\u2019alpinismo giovanile. Un invito quindi a [&hellip;]","og_url":"https:\/\/www.bellunopress.it\/fr\/2009\/06\/17\/caiinform-promuove-lalpinismo-giovanile\/","og_site_name":"Bellunopress - Dolomiti","article_publisher":"https:\/\/www.facebook.com\/profile.php?id=100008943462799","article_published_time":"2009-06-17T21:34:43+00:00","article_modified_time":"2009-06-17T21:46:36+00:00","og_image":[{"url":"http:\/\/www.bellunopress.it\/wp-content\/uploads\/2009\/06\/paris_bordone_002-leggera.jpg","type":"","width":"","height":""}],"author":"redazione","twitter_card":"summary_large_image","twitter_creator":"@bellunopress","twitter_site":"@bellunopress","twitter_misc":{"\u00c9crit par":"redazione","Dur\u00e9e de lecture estim\u00e9e":"3 minutes"},"schema":{"@context":"https:\/\/schema.org","@graph":[{"@type":"Article","@id":"https:\/\/www.bellunopress.it\/2009\/06\/17\/caiinform-promuove-lalpinismo-giovanile\/#article","isPartOf":{"@id":"https:\/\/www.bellunopress.it\/2009\/06\/17\/caiinform-promuove-lalpinismo-giovanile\/"},"author":{"name":"redazione","@id":"https:\/\/www.bellunopress.it\/#\/schema\/person\/79bb06722b37ece1c03d3e94beb30d73"},"headline":"CaiInform promuove l&#8217;alpinismo giovanile, la cultura e la solidariet\u00e0","datePublished":"2009-06-17T21:34:43+00:00","dateModified":"2009-06-17T21:46:36+00:00","mainEntityOfPage":{"@id":"https:\/\/www.bellunopress.it\/2009\/06\/17\/caiinform-promuove-lalpinismo-giovanile\/"},"wordCount":523,"publisher":{"@id":"https:\/\/www.bellunopress.it\/#organization"},"image":{"@id":"https:\/\/www.bellunopress.it\/2009\/06\/17\/caiinform-promuove-lalpinismo-giovanile\/#primaryimage"},"thumbnailUrl":"http:\/\/www.bellunopress.it\/wp-content\/uploads\/2009\/06\/paris_bordone_002-leggera.jpg","keywords":["Belluno"],"articleSection":["Appuntamenti, Eventi","Meteo, natura, ambiente, animali","Pausa Caff\u00e8"],"inLanguage":"fr-FR"},{"@type":"WebPage","@id":"https:\/\/www.bellunopress.it\/2009\/06\/17\/caiinform-promuove-lalpinismo-giovanile\/","url":"https:\/\/www.bellunopress.it\/2009\/06\/17\/caiinform-promuove-lalpinismo-giovanile\/","name":"CaiInform promuove l'alpinismo giovanile, la cultura e la solidariet\u00e0 - Bellunopress - Dolomiti","isPartOf":{"@id":"https:\/\/www.bellunopress.it\/#website"},"primaryImageOfPage":{"@id":"https:\/\/www.bellunopress.it\/2009\/06\/17\/caiinform-promuove-lalpinismo-giovanile\/#primaryimage"},"image":{"@id":"https:\/\/www.bellunopress.it\/2009\/06\/17\/caiinform-promuove-lalpinismo-giovanile\/#primaryimage"},"thumbnailUrl":"http:\/\/www.bellunopress.it\/wp-content\/uploads\/2009\/06\/paris_bordone_002-leggera.jpg","datePublished":"2009-06-17T21:34:43+00:00","dateModified":"2009-06-17T21:46:36+00:00","breadcrumb":{"@id":"https:\/\/www.bellunopress.it\/2009\/06\/17\/caiinform-promuove-lalpinismo-giovanile\/#breadcrumb"},"inLanguage":"fr-FR","potentialAction":[{"@type":"ReadAction","target":["https:\/\/www.bellunopress.it\/2009\/06\/17\/caiinform-promuove-lalpinismo-giovanile\/"]}]},{"@type":"ImageObject","inLanguage":"fr-FR","@id":"https:\/\/www.bellunopress.it\/2009\/06\/17\/caiinform-promuove-lalpinismo-giovanile\/#primaryimage","url":"http:\/\/www.bellunopress.it\/wp-content\/uploads\/2009\/06\/paris_bordone_002-leggera.jpg","contentUrl":"http:\/\/www.bellunopress.it\/wp-content\/uploads\/2009\/06\/paris_bordone_002-leggera.jpg"},{"@type":"BreadcrumbList","@id":"https:\/\/www.bellunopress.it\/2009\/06\/17\/caiinform-promuove-lalpinismo-giovanile\/#breadcrumb","itemListElement":[{"@type":"ListItem","position":1,"name":"Home","item":"https:\/\/www.bellunopress.it\/"},{"@type":"ListItem","position":2,"name":"CaiInform promuove l&#8217;alpinismo giovanile, la cultura e la solidariet\u00e0"}]},{"@type":"WebSite","@id":"https:\/\/www.bellunopress.it\/#website","url":"https:\/\/www.bellunopress.it\/","name":"Bellunopress - Dolomiti","description":"e-mail: redazione@bellunopress.it","publisher":{"@id":"https:\/\/www.bellunopress.it\/#organization"},"potentialAction":[{"@type":"SearchAction","target":{"@type":"EntryPoint","urlTemplate":"https:\/\/www.bellunopress.it\/?s={search_term_string}"},"query-input":{"@type":"PropertyValueSpecification","valueRequired":true,"valueName":"search_term_string"}}],"inLanguage":"fr-FR"},{"@type":"Organization","@id":"https:\/\/www.bellunopress.it\/#organization","name":"Bellunopress","url":"https:\/\/www.bellunopress.it\/","logo":{"@type":"ImageObject","inLanguage":"fr-FR","@id":"https:\/\/www.bellunopress.it\/#\/schema\/logo\/image\/","url":"https:\/\/www.bellunopress.it\/wp-content\/uploads\/2011\/05\/cropped-logo-bellunopress-.jpg","contentUrl":"https:\/\/www.bellunopress.it\/wp-content\/uploads\/2011\/05\/cropped-logo-bellunopress-.jpg","width":512,"height":512,"caption":"Bellunopress"},"image":{"@id":"https:\/\/www.bellunopress.it\/#\/schema\/logo\/image\/"},"sameAs":["https:\/\/www.facebook.com\/profile.php?id=100008943462799","https:\/\/x.com\/bellunopress","https:\/\/www.linkedin.com\/hp\/?dnr=JBzUWaJfMUw8vbXJJ2tVW5-I3jZKvC4wsoxE&amp;amp;amp;amp;amp;amp;trk=nav_responsive_tab_home","https:\/\/www.youtube.com\/channel\/UCxL0wu1uN0_3_7hGG0306cw"]},{"@type":"Person","@id":"https:\/\/www.bellunopress.it\/#\/schema\/person\/79bb06722b37ece1c03d3e94beb30d73","name":"r\u00e9daction","image":{"@type":"ImageObject","inLanguage":"fr-FR","@id":"https:\/\/secure.gravatar.com\/avatar\/37d968a2e67a6fd04c169c4bdef102d0bc5d31b2546345219e348575eb80e9a0?s=96&d=mm&r=g","url":"https:\/\/secure.gravatar.com\/avatar\/37d968a2e67a6fd04c169c4bdef102d0bc5d31b2546345219e348575eb80e9a0?s=96&d=mm&r=g","contentUrl":"https:\/\/secure.gravatar.com\/avatar\/37d968a2e67a6fd04c169c4bdef102d0bc5d31b2546345219e348575eb80e9a0?s=96&d=mm&r=g","caption":"redazione"},"sameAs":["http:\/\/www.bellunopress.it","https:\/\/x.com\/bellunopress"],"url":"https:\/\/www.bellunopress.it\/fr\/author\/redazione\/"}]}},"_links":{"self":[{"href":"https:\/\/www.bellunopress.it\/fr\/wp-json\/wp\/v2\/posts\/5054","targetHints":{"allow":["GET"]}}],"collection":[{"href":"https:\/\/www.bellunopress.it\/fr\/wp-json\/wp\/v2\/posts"}],"about":[{"href":"https:\/\/www.bellunopress.it\/fr\/wp-json\/wp\/v2\/types\/post"}],"author":[{"embeddable":true,"href":"https:\/\/www.bellunopress.it\/fr\/wp-json\/wp\/v2\/users\/2"}],"replies":[{"embeddable":true,"href":"https:\/\/www.bellunopress.it\/fr\/wp-json\/wp\/v2\/comments?post=5054"}],"version-history":[{"count":5,"href":"https:\/\/www.bellunopress.it\/fr\/wp-json\/wp\/v2\/posts\/5054\/revisions"}],"predecessor-version":[{"id":5062,"href":"https:\/\/www.bellunopress.it\/fr\/wp-json\/wp\/v2\/posts\/5054\/revisions\/5062"}],"wp:attachment":[{"href":"https:\/\/www.bellunopress.it\/fr\/wp-json\/wp\/v2\/media?parent=5054"}],"wp:term":[{"taxonomy":"category","embeddable":true,"href":"https:\/\/www.bellunopress.it\/fr\/wp-json\/wp\/v2\/categories?post=5054"},{"taxonomy":"post_tag","embeddable":true,"href":"https:\/\/www.bellunopress.it\/fr\/wp-json\/wp\/v2\/tags?post=5054"}],"curies":[{"name":"wp","href":"https:\/\/api.w.org\/{rel}","templated":true}]}}