{"id":5046,"date":"2009-06-17T18:46:24","date_gmt":"2009-06-17T17:46:24","guid":{"rendered":"http:\/\/www.bellunopress.it\/?p=5046"},"modified":"2009-06-17T18:46:24","modified_gmt":"2009-06-17T17:46:24","slug":"prosegue-ad-arsie-la-manifestazione-%e2%80%9cpaesi-aperti%e2%80%9d","status":"publish","type":"post","link":"https:\/\/www.bellunopress.it\/fr\/2009\/06\/17\/prosegue-ad-arsie-la-manifestazione-%e2%80%9cpaesi-aperti%e2%80%9d\/","title":{"rendered":"Prosegue ad Arsi\u00e8 la manifestazione \u201cPaesi Aperti\u201d"},"content":{"rendered":"<p>E\u2019ormai entrata nel vivo la manifestazione \u201cPaesi Aperti\u201d che coinvolge nel fine settimana le diverse frazioni del comune pontalpino. Domenica prossima, 21 giugno, tocca alla frazione di Arsi\u00e8 nell\u2019Oltrerai, con un programma che si snoda lungo tutta la giornata:<a href=\"http:\/\/www.bellunopress.it\/wp-content\/uploads\/2009\/06\/arsie-in-festa-leggera.jpg\"><img loading=\"lazy\" decoding=\"async\" class=\"alignright size-medium wp-image-5047\" title=\"arsie-in-festa-leggera\" src=\"http:\/\/www.bellunopress.it\/wp-content\/uploads\/2009\/06\/arsie-in-festa-leggera.jpg\" alt=\"\" width=\"270\" height=\"203\" \/><\/a><\/p>\n<p><strong>Alle ore 11.00 Corsa-girotondo sulla strada vicinale Neve-Colmian<\/strong><br \/>\n&gt; Alle ore 12.00\u00a0 Premiazione e di seguito Picnic sul prato con cestino per famiglie<br \/>\n&gt; Alle ore 15.00 Tiro della fune, Corsa nei sacchi, Ruba bandiera<br \/>\n&gt; Alle ore 17.00 DANIEL MAGIC SHOW: Giochi di prestigio e di trasformazione<br \/>\n&gt; Alle ore 18.00 Ci si sposta in centro ad Arsi\u00e8 per mercatini vari, visita dei cortili addobbati a festa, Il tavolo di Pollicino; DEBORAH CANTONI IN CONCERTO<br \/>\n&gt; Alle ore 19.00 Patate radici e formai<br \/>\n&gt; Alle ore 21.00 Ballo popolare in piazza<\/p>\n<p>\u201cPaesi Aperti\u201d, giunta ormai alla quinta edizione, \u00e8 una manifestazione organizzata dal Comune di Ponte nelle Alpi con la preziosa collaborazione dei Comitati frazionali e della Pro Loco<br \/>\nIl programma completo di Paesi Aperti \u00e8 consultabile sul sito www.comune.pontenellealpi.bl.it<\/p>","protected":false},"excerpt":{"rendered":"<p>E\u2019ormai entrata nel vivo la manifestazione \u201cPaesi Aperti\u201d che coinvolge nel fine settimana le diverse frazioni del comune pontalpino. Domenica prossima, 21 giugno, tocca alla frazione di Arsi\u00e8 nell\u2019Oltrerai, con un programma che si snoda lungo tutta la giornata: Alle ore 11.00 Corsa-girotondo sulla strada vicinale Neve-Colmian &gt; Alle ore 12.00\u00a0 Premiazione e di seguito [&hellip;]<\/p>\n","protected":false},"author":2,"featured_media":0,"comment_status":"closed","ping_status":"open","sticky":false,"template":"","format":"standard","meta":{"footnotes":""},"categories":[27,25],"tags":[139],"class_list":["post-5046","post","type-post","status-publish","format-standard","category-appuntamenti","category-pausa-caffe","tag-belluno"],"yoast_head":"<!-- This site is optimized with the Yoast SEO plugin v28.4 - https:\/\/yoast.com\/product\/yoast-seo-wordpress\/ -->\n<title>Prosegue ad Arsi\u00e8 la manifestazione \u201cPaesi Aperti\u201d - Bellunopress - Dolomiti<\/title>\n<meta name=\"robots\" content=\"index, follow, max-snippet:-1, max-image-preview:large, max-video-preview:-1\" \/>\n<link rel=\"canonical\" href=\"https:\/\/www.bellunopress.it\/fr\/2009\/06\/17\/prosegue-ad-arsie-la-manifestazione-\u201cpaesi-aperti\u201d\/\" \/>\n<meta property=\"og:locale\" content=\"fr_FR\" \/>\n<meta property=\"og:type\" content=\"article\" \/>\n<meta property=\"og:title\" content=\"Prosegue ad Arsi\u00e8 la manifestazione \u201cPaesi Aperti\u201d - Bellunopress - Dolomiti\" \/>\n<meta property=\"og:description\" content=\"E\u2019ormai entrata nel vivo la manifestazione \u201cPaesi Aperti\u201d che coinvolge nel fine settimana le diverse frazioni del comune pontalpino. Domenica prossima, 21 giugno, tocca alla frazione di Arsi\u00e8 nell\u2019Oltrerai, con un programma che si snoda lungo tutta la giornata: Alle ore 11.00 Corsa-girotondo sulla strada vicinale Neve-Colmian &gt; Alle ore 12.00\u00a0 Premiazione e di seguito [&hellip;]\" \/>\n<meta property=\"og:url\" content=\"https:\/\/www.bellunopress.it\/fr\/2009\/06\/17\/prosegue-ad-arsie-la-manifestazione-\u201cpaesi-aperti\u201d\/\" \/>\n<meta property=\"og:site_name\" content=\"Bellunopress - Dolomiti\" \/>\n<meta property=\"article:publisher\" content=\"https:\/\/www.facebook.com\/profile.php?id=100008943462799\" \/>\n<meta property=\"article:published_time\" content=\"2009-06-17T17:46:24+00:00\" \/>\n<meta property=\"og:image\" content=\"http:\/\/www.bellunopress.it\/wp-content\/uploads\/2009\/06\/arsie-in-festa-leggera.jpg\" \/>\n<meta name=\"author\" content=\"redazione\" \/>\n<meta name=\"twitter:card\" content=\"summary_large_image\" \/>\n<meta name=\"twitter:creator\" content=\"@bellunopress\" \/>\n<meta name=\"twitter:site\" content=\"@bellunopress\" \/>\n<meta name=\"twitter:label1\" content=\"\u00c9crit par\" \/>\n\t<meta name=\"twitter:data1\" content=\"redazione\" \/>\n\t<meta name=\"twitter:label2\" content=\"Dur\u00e9e de lecture estim\u00e9e\" \/>\n\t<meta name=\"twitter:data2\" content=\"1 minute\" \/>\n<script type=\"application\/ld+json\" class=\"yoast-schema-graph\">{\"@context\":\"https:\\\/\\\/schema.org\",\"@graph\":[{\"@type\":\"Article\",\"@id\":\"https:\\\/\\\/www.bellunopress.it\\\/2009\\\/06\\\/17\\\/prosegue-ad-arsie-la-manifestazione-%e2%80%9cpaesi-aperti%e2%80%9d\\\/#article\",\"isPartOf\":{\"@id\":\"https:\\\/\\\/www.bellunopress.it\\\/2009\\\/06\\\/17\\\/prosegue-ad-arsie-la-manifestazione-%e2%80%9cpaesi-aperti%e2%80%9d\\\/\"},\"author\":{\"name\":\"redazione\",\"@id\":\"https:\\\/\\\/www.bellunopress.it\\\/#\\\/schema\\\/person\\\/79bb06722b37ece1c03d3e94beb30d73\"},\"headline\":\"Prosegue ad Arsi\u00e8 la manifestazione \u201cPaesi Aperti\u201d\",\"datePublished\":\"2009-06-17T17:46:24+00:00\",\"mainEntityOfPage\":{\"@id\":\"https:\\\/\\\/www.bellunopress.it\\\/2009\\\/06\\\/17\\\/prosegue-ad-arsie-la-manifestazione-%e2%80%9cpaesi-aperti%e2%80%9d\\\/\"},\"wordCount\":173,\"publisher\":{\"@id\":\"https:\\\/\\\/www.bellunopress.it\\\/#organization\"},\"image\":{\"@id\":\"https:\\\/\\\/www.bellunopress.it\\\/2009\\\/06\\\/17\\\/prosegue-ad-arsie-la-manifestazione-%e2%80%9cpaesi-aperti%e2%80%9d\\\/#primaryimage\"},\"thumbnailUrl\":\"http:\\\/\\\/www.bellunopress.it\\\/wp-content\\\/uploads\\\/2009\\\/06\\\/arsie-in-festa-leggera.jpg\",\"keywords\":[\"Belluno\"],\"articleSection\":[\"Appuntamenti, Eventi\",\"Pausa Caff\u00e8\"],\"inLanguage\":\"fr-FR\"},{\"@type\":\"WebPage\",\"@id\":\"https:\\\/\\\/www.bellunopress.it\\\/2009\\\/06\\\/17\\\/prosegue-ad-arsie-la-manifestazione-%e2%80%9cpaesi-aperti%e2%80%9d\\\/\",\"url\":\"https:\\\/\\\/www.bellunopress.it\\\/2009\\\/06\\\/17\\\/prosegue-ad-arsie-la-manifestazione-%e2%80%9cpaesi-aperti%e2%80%9d\\\/\",\"name\":\"Prosegue ad Arsi\u00e8 la manifestazione \u201cPaesi Aperti\u201d - Bellunopress - Dolomiti\",\"isPartOf\":{\"@id\":\"https:\\\/\\\/www.bellunopress.it\\\/#website\"},\"primaryImageOfPage\":{\"@id\":\"https:\\\/\\\/www.bellunopress.it\\\/2009\\\/06\\\/17\\\/prosegue-ad-arsie-la-manifestazione-%e2%80%9cpaesi-aperti%e2%80%9d\\\/#primaryimage\"},\"image\":{\"@id\":\"https:\\\/\\\/www.bellunopress.it\\\/2009\\\/06\\\/17\\\/prosegue-ad-arsie-la-manifestazione-%e2%80%9cpaesi-aperti%e2%80%9d\\\/#primaryimage\"},\"thumbnailUrl\":\"http:\\\/\\\/www.bellunopress.it\\\/wp-content\\\/uploads\\\/2009\\\/06\\\/arsie-in-festa-leggera.jpg\",\"datePublished\":\"2009-06-17T17:46:24+00:00\",\"breadcrumb\":{\"@id\":\"https:\\\/\\\/www.bellunopress.it\\\/2009\\\/06\\\/17\\\/prosegue-ad-arsie-la-manifestazione-%e2%80%9cpaesi-aperti%e2%80%9d\\\/#breadcrumb\"},\"inLanguage\":\"fr-FR\",\"potentialAction\":[{\"@type\":\"ReadAction\",\"target\":[\"https:\\\/\\\/www.bellunopress.it\\\/2009\\\/06\\\/17\\\/prosegue-ad-arsie-la-manifestazione-%e2%80%9cpaesi-aperti%e2%80%9d\\\/\"]}]},{\"@type\":\"ImageObject\",\"inLanguage\":\"fr-FR\",\"@id\":\"https:\\\/\\\/www.bellunopress.it\\\/2009\\\/06\\\/17\\\/prosegue-ad-arsie-la-manifestazione-%e2%80%9cpaesi-aperti%e2%80%9d\\\/#primaryimage\",\"url\":\"http:\\\/\\\/www.bellunopress.it\\\/wp-content\\\/uploads\\\/2009\\\/06\\\/arsie-in-festa-leggera.jpg\",\"contentUrl\":\"http:\\\/\\\/www.bellunopress.it\\\/wp-content\\\/uploads\\\/2009\\\/06\\\/arsie-in-festa-leggera.jpg\"},{\"@type\":\"BreadcrumbList\",\"@id\":\"https:\\\/\\\/www.bellunopress.it\\\/2009\\\/06\\\/17\\\/prosegue-ad-arsie-la-manifestazione-%e2%80%9cpaesi-aperti%e2%80%9d\\\/#breadcrumb\",\"itemListElement\":[{\"@type\":\"ListItem\",\"position\":1,\"name\":\"Home\",\"item\":\"https:\\\/\\\/www.bellunopress.it\\\/\"},{\"@type\":\"ListItem\",\"position\":2,\"name\":\"Prosegue ad Arsi\u00e8 la manifestazione \u201cPaesi Aperti\u201d\"}]},{\"@type\":\"WebSite\",\"@id\":\"https:\\\/\\\/www.bellunopress.it\\\/#website\",\"url\":\"https:\\\/\\\/www.bellunopress.it\\\/\",\"name\":\"Bellunopress - Dolomiti\",\"description\":\"e-mail: redazione@bellunopress.it\",\"publisher\":{\"@id\":\"https:\\\/\\\/www.bellunopress.it\\\/#organization\"},\"potentialAction\":[{\"@type\":\"SearchAction\",\"target\":{\"@type\":\"EntryPoint\",\"urlTemplate\":\"https:\\\/\\\/www.bellunopress.it\\\/?s={search_term_string}\"},\"query-input\":{\"@type\":\"PropertyValueSpecification\",\"valueRequired\":true,\"valueName\":\"search_term_string\"}}],\"inLanguage\":\"fr-FR\"},{\"@type\":\"Organization\",\"@id\":\"https:\\\/\\\/www.bellunopress.it\\\/#organization\",\"name\":\"Bellunopress\",\"url\":\"https:\\\/\\\/www.bellunopress.it\\\/\",\"logo\":{\"@type\":\"ImageObject\",\"inLanguage\":\"fr-FR\",\"@id\":\"https:\\\/\\\/www.bellunopress.it\\\/#\\\/schema\\\/logo\\\/image\\\/\",\"url\":\"https:\\\/\\\/www.bellunopress.it\\\/wp-content\\\/uploads\\\/2011\\\/05\\\/cropped-logo-bellunopress-.jpg\",\"contentUrl\":\"https:\\\/\\\/www.bellunopress.it\\\/wp-content\\\/uploads\\\/2011\\\/05\\\/cropped-logo-bellunopress-.jpg\",\"width\":512,\"height\":512,\"caption\":\"Bellunopress\"},\"image\":{\"@id\":\"https:\\\/\\\/www.bellunopress.it\\\/#\\\/schema\\\/logo\\\/image\\\/\"},\"sameAs\":[\"https:\\\/\\\/www.facebook.com\\\/profile.php?id=100008943462799\",\"https:\\\/\\\/x.com\\\/bellunopress\",\"https:\\\/\\\/www.linkedin.com\\\/hp\\\/?dnr=JBzUWaJfMUw8vbXJJ2tVW5-I3jZKvC4wsoxE&amp;amp;amp;amp;amp;amp;trk=nav_responsive_tab_home\",\"https:\\\/\\\/www.youtube.com\\\/channel\\\/UCxL0wu1uN0_3_7hGG0306cw\"]},{\"@type\":\"Person\",\"@id\":\"https:\\\/\\\/www.bellunopress.it\\\/#\\\/schema\\\/person\\\/79bb06722b37ece1c03d3e94beb30d73\",\"name\":\"redazione\",\"image\":{\"@type\":\"ImageObject\",\"inLanguage\":\"fr-FR\",\"@id\":\"https:\\\/\\\/secure.gravatar.com\\\/avatar\\\/37d968a2e67a6fd04c169c4bdef102d0bc5d31b2546345219e348575eb80e9a0?s=96&d=mm&r=g\",\"url\":\"https:\\\/\\\/secure.gravatar.com\\\/avatar\\\/37d968a2e67a6fd04c169c4bdef102d0bc5d31b2546345219e348575eb80e9a0?s=96&d=mm&r=g\",\"contentUrl\":\"https:\\\/\\\/secure.gravatar.com\\\/avatar\\\/37d968a2e67a6fd04c169c4bdef102d0bc5d31b2546345219e348575eb80e9a0?s=96&d=mm&r=g\",\"caption\":\"redazione\"},\"sameAs\":[\"http:\\\/\\\/www.bellunopress.it\",\"https:\\\/\\\/x.com\\\/bellunopress\"],\"url\":\"https:\\\/\\\/www.bellunopress.it\\\/fr\\\/author\\\/redazione\\\/\"}]}<\/script>\n<!-- \/ Yoast SEO plugin. -->","yoast_head_json":{"title":"Prosegue ad Arsi\u00e8 la manifestazione \u201cPaesi Aperti\u201d - Bellunopress - Dolomiti","robots":{"index":"index","follow":"follow","max-snippet":"max-snippet:-1","max-image-preview":"max-image-preview:large","max-video-preview":"max-video-preview:-1"},"canonical":"https:\/\/www.bellunopress.it\/fr\/2009\/06\/17\/prosegue-ad-arsie-la-manifestazione-\u201cpaesi-aperti\u201d\/","og_locale":"fr_FR","og_type":"article","og_title":"Prosegue ad Arsi\u00e8 la manifestazione \u201cPaesi Aperti\u201d - Bellunopress - Dolomiti","og_description":"E\u2019ormai entrata nel vivo la manifestazione \u201cPaesi Aperti\u201d che coinvolge nel fine settimana le diverse frazioni del comune pontalpino. Domenica prossima, 21 giugno, tocca alla frazione di Arsi\u00e8 nell\u2019Oltrerai, con un programma che si snoda lungo tutta la giornata: Alle ore 11.00 Corsa-girotondo sulla strada vicinale Neve-Colmian &gt; Alle ore 12.00\u00a0 Premiazione e di seguito [&hellip;]","og_url":"https:\/\/www.bellunopress.it\/fr\/2009\/06\/17\/prosegue-ad-arsie-la-manifestazione-\u201cpaesi-aperti\u201d\/","og_site_name":"Bellunopress - Dolomiti","article_publisher":"https:\/\/www.facebook.com\/profile.php?id=100008943462799","article_published_time":"2009-06-17T17:46:24+00:00","og_image":[{"url":"http:\/\/www.bellunopress.it\/wp-content\/uploads\/2009\/06\/arsie-in-festa-leggera.jpg","type":"","width":"","height":""}],"author":"redazione","twitter_card":"summary_large_image","twitter_creator":"@bellunopress","twitter_site":"@bellunopress","twitter_misc":{"\u00c9crit par":"redazione","Dur\u00e9e de lecture estim\u00e9e":"1 minute"},"schema":{"@context":"https:\/\/schema.org","@graph":[{"@type":"Article","@id":"https:\/\/www.bellunopress.it\/2009\/06\/17\/prosegue-ad-arsie-la-manifestazione-%e2%80%9cpaesi-aperti%e2%80%9d\/#article","isPartOf":{"@id":"https:\/\/www.bellunopress.it\/2009\/06\/17\/prosegue-ad-arsie-la-manifestazione-%e2%80%9cpaesi-aperti%e2%80%9d\/"},"author":{"name":"redazione","@id":"https:\/\/www.bellunopress.it\/#\/schema\/person\/79bb06722b37ece1c03d3e94beb30d73"},"headline":"Prosegue ad Arsi\u00e8 la manifestazione \u201cPaesi Aperti\u201d","datePublished":"2009-06-17T17:46:24+00:00","mainEntityOfPage":{"@id":"https:\/\/www.bellunopress.it\/2009\/06\/17\/prosegue-ad-arsie-la-manifestazione-%e2%80%9cpaesi-aperti%e2%80%9d\/"},"wordCount":173,"publisher":{"@id":"https:\/\/www.bellunopress.it\/#organization"},"image":{"@id":"https:\/\/www.bellunopress.it\/2009\/06\/17\/prosegue-ad-arsie-la-manifestazione-%e2%80%9cpaesi-aperti%e2%80%9d\/#primaryimage"},"thumbnailUrl":"http:\/\/www.bellunopress.it\/wp-content\/uploads\/2009\/06\/arsie-in-festa-leggera.jpg","keywords":["Belluno"],"articleSection":["Appuntamenti, Eventi","Pausa Caff\u00e8"],"inLanguage":"fr-FR"},{"@type":"WebPage","@id":"https:\/\/www.bellunopress.it\/2009\/06\/17\/prosegue-ad-arsie-la-manifestazione-%e2%80%9cpaesi-aperti%e2%80%9d\/","url":"https:\/\/www.bellunopress.it\/2009\/06\/17\/prosegue-ad-arsie-la-manifestazione-%e2%80%9cpaesi-aperti%e2%80%9d\/","name":"Prosegue ad Arsi\u00e8 la manifestazione \u201cPaesi Aperti\u201d - Bellunopress - Dolomiti","isPartOf":{"@id":"https:\/\/www.bellunopress.it\/#website"},"primaryImageOfPage":{"@id":"https:\/\/www.bellunopress.it\/2009\/06\/17\/prosegue-ad-arsie-la-manifestazione-%e2%80%9cpaesi-aperti%e2%80%9d\/#primaryimage"},"image":{"@id":"https:\/\/www.bellunopress.it\/2009\/06\/17\/prosegue-ad-arsie-la-manifestazione-%e2%80%9cpaesi-aperti%e2%80%9d\/#primaryimage"},"thumbnailUrl":"http:\/\/www.bellunopress.it\/wp-content\/uploads\/2009\/06\/arsie-in-festa-leggera.jpg","datePublished":"2009-06-17T17:46:24+00:00","breadcrumb":{"@id":"https:\/\/www.bellunopress.it\/2009\/06\/17\/prosegue-ad-arsie-la-manifestazione-%e2%80%9cpaesi-aperti%e2%80%9d\/#breadcrumb"},"inLanguage":"fr-FR","potentialAction":[{"@type":"ReadAction","target":["https:\/\/www.bellunopress.it\/2009\/06\/17\/prosegue-ad-arsie-la-manifestazione-%e2%80%9cpaesi-aperti%e2%80%9d\/"]}]},{"@type":"ImageObject","inLanguage":"fr-FR","@id":"https:\/\/www.bellunopress.it\/2009\/06\/17\/prosegue-ad-arsie-la-manifestazione-%e2%80%9cpaesi-aperti%e2%80%9d\/#primaryimage","url":"http:\/\/www.bellunopress.it\/wp-content\/uploads\/2009\/06\/arsie-in-festa-leggera.jpg","contentUrl":"http:\/\/www.bellunopress.it\/wp-content\/uploads\/2009\/06\/arsie-in-festa-leggera.jpg"},{"@type":"BreadcrumbList","@id":"https:\/\/www.bellunopress.it\/2009\/06\/17\/prosegue-ad-arsie-la-manifestazione-%e2%80%9cpaesi-aperti%e2%80%9d\/#breadcrumb","itemListElement":[{"@type":"ListItem","position":1,"name":"Home","item":"https:\/\/www.bellunopress.it\/"},{"@type":"ListItem","position":2,"name":"Prosegue ad Arsi\u00e8 la manifestazione \u201cPaesi Aperti\u201d"}]},{"@type":"WebSite","@id":"https:\/\/www.bellunopress.it\/#website","url":"https:\/\/www.bellunopress.it\/","name":"Bellunopress - Dolomiti","description":"e-mail: redazione@bellunopress.it","publisher":{"@id":"https:\/\/www.bellunopress.it\/#organization"},"potentialAction":[{"@type":"SearchAction","target":{"@type":"EntryPoint","urlTemplate":"https:\/\/www.bellunopress.it\/?s={search_term_string}"},"query-input":{"@type":"PropertyValueSpecification","valueRequired":true,"valueName":"search_term_string"}}],"inLanguage":"fr-FR"},{"@type":"Organization","@id":"https:\/\/www.bellunopress.it\/#organization","name":"Bellunopress","url":"https:\/\/www.bellunopress.it\/","logo":{"@type":"ImageObject","inLanguage":"fr-FR","@id":"https:\/\/www.bellunopress.it\/#\/schema\/logo\/image\/","url":"https:\/\/www.bellunopress.it\/wp-content\/uploads\/2011\/05\/cropped-logo-bellunopress-.jpg","contentUrl":"https:\/\/www.bellunopress.it\/wp-content\/uploads\/2011\/05\/cropped-logo-bellunopress-.jpg","width":512,"height":512,"caption":"Bellunopress"},"image":{"@id":"https:\/\/www.bellunopress.it\/#\/schema\/logo\/image\/"},"sameAs":["https:\/\/www.facebook.com\/profile.php?id=100008943462799","https:\/\/x.com\/bellunopress","https:\/\/www.linkedin.com\/hp\/?dnr=JBzUWaJfMUw8vbXJJ2tVW5-I3jZKvC4wsoxE&amp;amp;amp;amp;amp;amp;trk=nav_responsive_tab_home","https:\/\/www.youtube.com\/channel\/UCxL0wu1uN0_3_7hGG0306cw"]},{"@type":"Person","@id":"https:\/\/www.bellunopress.it\/#\/schema\/person\/79bb06722b37ece1c03d3e94beb30d73","name":"r\u00e9daction","image":{"@type":"ImageObject","inLanguage":"fr-FR","@id":"https:\/\/secure.gravatar.com\/avatar\/37d968a2e67a6fd04c169c4bdef102d0bc5d31b2546345219e348575eb80e9a0?s=96&d=mm&r=g","url":"https:\/\/secure.gravatar.com\/avatar\/37d968a2e67a6fd04c169c4bdef102d0bc5d31b2546345219e348575eb80e9a0?s=96&d=mm&r=g","contentUrl":"https:\/\/secure.gravatar.com\/avatar\/37d968a2e67a6fd04c169c4bdef102d0bc5d31b2546345219e348575eb80e9a0?s=96&d=mm&r=g","caption":"redazione"},"sameAs":["http:\/\/www.bellunopress.it","https:\/\/x.com\/bellunopress"],"url":"https:\/\/www.bellunopress.it\/fr\/author\/redazione\/"}]}},"_links":{"self":[{"href":"https:\/\/www.bellunopress.it\/fr\/wp-json\/wp\/v2\/posts\/5046","targetHints":{"allow":["GET"]}}],"collection":[{"href":"https:\/\/www.bellunopress.it\/fr\/wp-json\/wp\/v2\/posts"}],"about":[{"href":"https:\/\/www.bellunopress.it\/fr\/wp-json\/wp\/v2\/types\/post"}],"author":[{"embeddable":true,"href":"https:\/\/www.bellunopress.it\/fr\/wp-json\/wp\/v2\/users\/2"}],"replies":[{"embeddable":true,"href":"https:\/\/www.bellunopress.it\/fr\/wp-json\/wp\/v2\/comments?post=5046"}],"version-history":[{"count":1,"href":"https:\/\/www.bellunopress.it\/fr\/wp-json\/wp\/v2\/posts\/5046\/revisions"}],"predecessor-version":[{"id":5048,"href":"https:\/\/www.bellunopress.it\/fr\/wp-json\/wp\/v2\/posts\/5046\/revisions\/5048"}],"wp:attachment":[{"href":"https:\/\/www.bellunopress.it\/fr\/wp-json\/wp\/v2\/media?parent=5046"}],"wp:term":[{"taxonomy":"category","embeddable":true,"href":"https:\/\/www.bellunopress.it\/fr\/wp-json\/wp\/v2\/categories?post=5046"},{"taxonomy":"post_tag","embeddable":true,"href":"https:\/\/www.bellunopress.it\/fr\/wp-json\/wp\/v2\/tags?post=5046"}],"curies":[{"name":"wp","href":"https:\/\/api.w.org\/{rel}","templated":true}]}}