{"id":5043,"date":"2009-06-17T18:33:10","date_gmt":"2009-06-17T17:33:10","guid":{"rendered":"http:\/\/www.bellunopress.it\/?p=5043"},"modified":"2009-06-17T18:33:56","modified_gmt":"2009-06-17T17:33:56","slug":"il-redentore-a-vele-spiegate-in-laguna-dal-17-al-19-luglio","status":"publish","type":"post","link":"https:\/\/www.bellunopress.it\/fr\/2009\/06\/17\/il-redentore-a-vele-spiegate-in-laguna-dal-17-al-19-luglio\/","title":{"rendered":"Il &#8220;Redentore&#8221; a vele spiegate in laguna, dal 17 al 19 luglio"},"content":{"rendered":"<p>Un modo unico e divertente per vivere la festa veneziana del Redentore by Elation. Elation, il marchio leader del mercato delle esperienze e delle attivit\u00e0 emozionali per il tempo libero presenta la nuova proposta regalo pensata per vivere in modo unico e originale la festa del Redentore che si terr\u00e0 come ogni anno nelle acque della laguna di Venezia dal 17 al 19 Luglio 2009. E\u2019 ormai da pi\u00f9 di 400 anni che questa festa caratterizza le acque, i campi e i campielli della Laguna con il suo \u201cponte di barche\u201d verso l\u2019isola della Giudecca, la storica Regata del Redentore e i meravigliosi fuochi d\u2019artificio della notte tra il sabato e la domenica di luglio in cui viene svolta. Grazie ad Elation oggi \u00e8 possibile vivere i colori e le emozioni di questo evento da un punto di osservazione particolare, una speciale barca a vela che navigher\u00e0 le acque di san Marco durante l\u2019intero week-end e permetter\u00e0 di conservare nella memoria un ricordo indimenticabile di una delle citt\u00e0 pi\u00f9 belle del mondo.\u00a0 L\u2019esperienza comprende: pernottamento di due notti in barca, suggestive cene in mare ed escursione per scoprire i luoghi pi\u00f9 affascinanti e suggestivi della Laguna veneta. In pi\u00f9 il pomeriggio del sabato uno skipper professionista seguir\u00e0 gli ospiti in un corso di vela in mare, adatto sia a coloro che approcciano per la prima volta\u00a0 questo sport stupendo, sia agli appassionati che desiderano migliorare la propria tecnica.<br \/>\n<strong>Tutti i dettagli<\/strong> su questa offerta alla pagina:\u00a0 http:\/\/www.elation.it\/il-redentore-a-venezia-week-end_xp3811.htm<\/p>","protected":false},"excerpt":{"rendered":"<p>Un modo unico e divertente per vivere la festa veneziana del Redentore by Elation. Elation, il marchio leader del mercato delle esperienze e delle attivit\u00e0 emozionali per il tempo libero presenta la nuova proposta regalo pensata per vivere in modo unico e originale la festa del Redentore che si terr\u00e0 come ogni anno nelle acque [&hellip;]<\/p>\n","protected":false},"author":2,"featured_media":0,"comment_status":"closed","ping_status":"open","sticky":false,"template":"","format":"standard","meta":{"footnotes":""},"categories":[27,38],"tags":[],"class_list":["post-5043","post","type-post","status-publish","format-standard","category-appuntamenti","category-natura-ambiente"],"yoast_head":"<!-- This site is optimized with the Yoast SEO plugin v28.4 - https:\/\/yoast.com\/product\/yoast-seo-wordpress\/ -->\n<title>Il &quot;Redentore&quot; a vele spiegate in laguna, dal 17 al 19 luglio - Bellunopress - Dolomiti<\/title>\n<meta name=\"robots\" content=\"index, follow, max-snippet:-1, max-image-preview:large, max-video-preview:-1\" \/>\n<link rel=\"canonical\" href=\"https:\/\/www.bellunopress.it\/fr\/2009\/06\/17\/il-redentore-a-vele-spiegate-in-laguna-dal-17-al-19-luglio\/\" \/>\n<meta property=\"og:locale\" content=\"fr_FR\" \/>\n<meta property=\"og:type\" content=\"article\" \/>\n<meta property=\"og:title\" content=\"Il &quot;Redentore&quot; a vele spiegate in laguna, dal 17 al 19 luglio - Bellunopress - Dolomiti\" \/>\n<meta property=\"og:description\" content=\"Un modo unico e divertente per vivere la festa veneziana del Redentore by Elation. Elation, il marchio leader del mercato delle esperienze e delle attivit\u00e0 emozionali per il tempo libero presenta la nuova proposta regalo pensata per vivere in modo unico e originale la festa del Redentore che si terr\u00e0 come ogni anno nelle acque [&hellip;]\" \/>\n<meta property=\"og:url\" content=\"https:\/\/www.bellunopress.it\/fr\/2009\/06\/17\/il-redentore-a-vele-spiegate-in-laguna-dal-17-al-19-luglio\/\" \/>\n<meta property=\"og:site_name\" content=\"Bellunopress - Dolomiti\" \/>\n<meta property=\"article:publisher\" content=\"https:\/\/www.facebook.com\/profile.php?id=100008943462799\" \/>\n<meta property=\"article:published_time\" content=\"2009-06-17T17:33:10+00:00\" \/>\n<meta property=\"article:modified_time\" content=\"2009-06-17T17:33:56+00:00\" \/>\n<meta property=\"og:image\" content=\"http:\/\/www.bellunopress.it\/wp-content\/uploads\/2012\/07\/logo-bellunopress-250x250-2012.jpg\" \/>\n<meta name=\"author\" content=\"redazione\" \/>\n<meta name=\"twitter:card\" content=\"summary_large_image\" \/>\n<meta name=\"twitter:creator\" content=\"@bellunopress\" \/>\n<meta name=\"twitter:site\" content=\"@bellunopress\" \/>\n<meta name=\"twitter:label1\" content=\"\u00c9crit par\" \/>\n\t<meta name=\"twitter:data1\" content=\"redazione\" \/>\n\t<meta name=\"twitter:label2\" content=\"Dur\u00e9e de lecture estim\u00e9e\" \/>\n\t<meta name=\"twitter:data2\" content=\"1 minute\" \/>\n<script type=\"application\/ld+json\" class=\"yoast-schema-graph\">{\"@context\":\"https:\\\/\\\/schema.org\",\"@graph\":[{\"@type\":\"Article\",\"@id\":\"https:\\\/\\\/www.bellunopress.it\\\/2009\\\/06\\\/17\\\/il-redentore-a-vele-spiegate-in-laguna-dal-17-al-19-luglio\\\/#article\",\"isPartOf\":{\"@id\":\"https:\\\/\\\/www.bellunopress.it\\\/2009\\\/06\\\/17\\\/il-redentore-a-vele-spiegate-in-laguna-dal-17-al-19-luglio\\\/\"},\"author\":{\"name\":\"redazione\",\"@id\":\"https:\\\/\\\/www.bellunopress.it\\\/#\\\/schema\\\/person\\\/79bb06722b37ece1c03d3e94beb30d73\"},\"headline\":\"Il &#8220;Redentore&#8221; a vele spiegate in laguna, dal 17 al 19 luglio\",\"datePublished\":\"2009-06-17T17:33:10+00:00\",\"dateModified\":\"2009-06-17T17:33:56+00:00\",\"mainEntityOfPage\":{\"@id\":\"https:\\\/\\\/www.bellunopress.it\\\/2009\\\/06\\\/17\\\/il-redentore-a-vele-spiegate-in-laguna-dal-17-al-19-luglio\\\/\"},\"wordCount\":262,\"publisher\":{\"@id\":\"https:\\\/\\\/www.bellunopress.it\\\/#organization\"},\"articleSection\":[\"Appuntamenti, Eventi\",\"Meteo, natura, ambiente, animali\"],\"inLanguage\":\"fr-FR\"},{\"@type\":\"WebPage\",\"@id\":\"https:\\\/\\\/www.bellunopress.it\\\/2009\\\/06\\\/17\\\/il-redentore-a-vele-spiegate-in-laguna-dal-17-al-19-luglio\\\/\",\"url\":\"https:\\\/\\\/www.bellunopress.it\\\/2009\\\/06\\\/17\\\/il-redentore-a-vele-spiegate-in-laguna-dal-17-al-19-luglio\\\/\",\"name\":\"Il \\\"Redentore\\\" a vele spiegate in laguna, dal 17 al 19 luglio - Bellunopress - Dolomiti\",\"isPartOf\":{\"@id\":\"https:\\\/\\\/www.bellunopress.it\\\/#website\"},\"datePublished\":\"2009-06-17T17:33:10+00:00\",\"dateModified\":\"2009-06-17T17:33:56+00:00\",\"breadcrumb\":{\"@id\":\"https:\\\/\\\/www.bellunopress.it\\\/2009\\\/06\\\/17\\\/il-redentore-a-vele-spiegate-in-laguna-dal-17-al-19-luglio\\\/#breadcrumb\"},\"inLanguage\":\"fr-FR\",\"potentialAction\":[{\"@type\":\"ReadAction\",\"target\":[\"https:\\\/\\\/www.bellunopress.it\\\/2009\\\/06\\\/17\\\/il-redentore-a-vele-spiegate-in-laguna-dal-17-al-19-luglio\\\/\"]}]},{\"@type\":\"BreadcrumbList\",\"@id\":\"https:\\\/\\\/www.bellunopress.it\\\/2009\\\/06\\\/17\\\/il-redentore-a-vele-spiegate-in-laguna-dal-17-al-19-luglio\\\/#breadcrumb\",\"itemListElement\":[{\"@type\":\"ListItem\",\"position\":1,\"name\":\"Home\",\"item\":\"https:\\\/\\\/www.bellunopress.it\\\/\"},{\"@type\":\"ListItem\",\"position\":2,\"name\":\"Il &#8220;Redentore&#8221; a vele spiegate in laguna, dal 17 al 19 luglio\"}]},{\"@type\":\"WebSite\",\"@id\":\"https:\\\/\\\/www.bellunopress.it\\\/#website\",\"url\":\"https:\\\/\\\/www.bellunopress.it\\\/\",\"name\":\"Bellunopress - Dolomiti\",\"description\":\"e-mail: redazione@bellunopress.it\",\"publisher\":{\"@id\":\"https:\\\/\\\/www.bellunopress.it\\\/#organization\"},\"potentialAction\":[{\"@type\":\"SearchAction\",\"target\":{\"@type\":\"EntryPoint\",\"urlTemplate\":\"https:\\\/\\\/www.bellunopress.it\\\/?s={search_term_string}\"},\"query-input\":{\"@type\":\"PropertyValueSpecification\",\"valueRequired\":true,\"valueName\":\"search_term_string\"}}],\"inLanguage\":\"fr-FR\"},{\"@type\":\"Organization\",\"@id\":\"https:\\\/\\\/www.bellunopress.it\\\/#organization\",\"name\":\"Bellunopress\",\"url\":\"https:\\\/\\\/www.bellunopress.it\\\/\",\"logo\":{\"@type\":\"ImageObject\",\"inLanguage\":\"fr-FR\",\"@id\":\"https:\\\/\\\/www.bellunopress.it\\\/#\\\/schema\\\/logo\\\/image\\\/\",\"url\":\"https:\\\/\\\/www.bellunopress.it\\\/wp-content\\\/uploads\\\/2011\\\/05\\\/cropped-logo-bellunopress-.jpg\",\"contentUrl\":\"https:\\\/\\\/www.bellunopress.it\\\/wp-content\\\/uploads\\\/2011\\\/05\\\/cropped-logo-bellunopress-.jpg\",\"width\":512,\"height\":512,\"caption\":\"Bellunopress\"},\"image\":{\"@id\":\"https:\\\/\\\/www.bellunopress.it\\\/#\\\/schema\\\/logo\\\/image\\\/\"},\"sameAs\":[\"https:\\\/\\\/www.facebook.com\\\/profile.php?id=100008943462799\",\"https:\\\/\\\/x.com\\\/bellunopress\",\"https:\\\/\\\/www.linkedin.com\\\/hp\\\/?dnr=JBzUWaJfMUw8vbXJJ2tVW5-I3jZKvC4wsoxE&amp;amp;amp;amp;amp;amp;trk=nav_responsive_tab_home\",\"https:\\\/\\\/www.youtube.com\\\/channel\\\/UCxL0wu1uN0_3_7hGG0306cw\"]},{\"@type\":\"Person\",\"@id\":\"https:\\\/\\\/www.bellunopress.it\\\/#\\\/schema\\\/person\\\/79bb06722b37ece1c03d3e94beb30d73\",\"name\":\"redazione\",\"image\":{\"@type\":\"ImageObject\",\"inLanguage\":\"fr-FR\",\"@id\":\"https:\\\/\\\/secure.gravatar.com\\\/avatar\\\/37d968a2e67a6fd04c169c4bdef102d0bc5d31b2546345219e348575eb80e9a0?s=96&d=mm&r=g\",\"url\":\"https:\\\/\\\/secure.gravatar.com\\\/avatar\\\/37d968a2e67a6fd04c169c4bdef102d0bc5d31b2546345219e348575eb80e9a0?s=96&d=mm&r=g\",\"contentUrl\":\"https:\\\/\\\/secure.gravatar.com\\\/avatar\\\/37d968a2e67a6fd04c169c4bdef102d0bc5d31b2546345219e348575eb80e9a0?s=96&d=mm&r=g\",\"caption\":\"redazione\"},\"sameAs\":[\"http:\\\/\\\/www.bellunopress.it\",\"https:\\\/\\\/x.com\\\/bellunopress\"],\"url\":\"https:\\\/\\\/www.bellunopress.it\\\/fr\\\/author\\\/redazione\\\/\"}]}<\/script>\n<!-- \/ Yoast SEO plugin. -->","yoast_head_json":{"title":"Il \"Redentore\" a vele spiegate in laguna, dal 17 al 19 luglio - Bellunopress - Dolomiti","robots":{"index":"index","follow":"follow","max-snippet":"max-snippet:-1","max-image-preview":"max-image-preview:large","max-video-preview":"max-video-preview:-1"},"canonical":"https:\/\/www.bellunopress.it\/fr\/2009\/06\/17\/il-redentore-a-vele-spiegate-in-laguna-dal-17-al-19-luglio\/","og_locale":"fr_FR","og_type":"article","og_title":"Il \"Redentore\" a vele spiegate in laguna, dal 17 al 19 luglio - Bellunopress - Dolomiti","og_description":"Un modo unico e divertente per vivere la festa veneziana del Redentore by Elation. Elation, il marchio leader del mercato delle esperienze e delle attivit\u00e0 emozionali per il tempo libero presenta la nuova proposta regalo pensata per vivere in modo unico e originale la festa del Redentore che si terr\u00e0 come ogni anno nelle acque [&hellip;]","og_url":"https:\/\/www.bellunopress.it\/fr\/2009\/06\/17\/il-redentore-a-vele-spiegate-in-laguna-dal-17-al-19-luglio\/","og_site_name":"Bellunopress - Dolomiti","article_publisher":"https:\/\/www.facebook.com\/profile.php?id=100008943462799","article_published_time":"2009-06-17T17:33:10+00:00","article_modified_time":"2009-06-17T17:33:56+00:00","og_image":[{"url":"http:\/\/www.bellunopress.it\/wp-content\/uploads\/2012\/07\/logo-bellunopress-250x250-2012.jpg","type":"","width":"","height":""}],"author":"redazione","twitter_card":"summary_large_image","twitter_creator":"@bellunopress","twitter_site":"@bellunopress","twitter_misc":{"\u00c9crit par":"redazione","Dur\u00e9e de lecture estim\u00e9e":"1 minute"},"schema":{"@context":"https:\/\/schema.org","@graph":[{"@type":"Article","@id":"https:\/\/www.bellunopress.it\/2009\/06\/17\/il-redentore-a-vele-spiegate-in-laguna-dal-17-al-19-luglio\/#article","isPartOf":{"@id":"https:\/\/www.bellunopress.it\/2009\/06\/17\/il-redentore-a-vele-spiegate-in-laguna-dal-17-al-19-luglio\/"},"author":{"name":"redazione","@id":"https:\/\/www.bellunopress.it\/#\/schema\/person\/79bb06722b37ece1c03d3e94beb30d73"},"headline":"Il &#8220;Redentore&#8221; a vele spiegate in laguna, dal 17 al 19 luglio","datePublished":"2009-06-17T17:33:10+00:00","dateModified":"2009-06-17T17:33:56+00:00","mainEntityOfPage":{"@id":"https:\/\/www.bellunopress.it\/2009\/06\/17\/il-redentore-a-vele-spiegate-in-laguna-dal-17-al-19-luglio\/"},"wordCount":262,"publisher":{"@id":"https:\/\/www.bellunopress.it\/#organization"},"articleSection":["Appuntamenti, Eventi","Meteo, natura, ambiente, animali"],"inLanguage":"fr-FR"},{"@type":"WebPage","@id":"https:\/\/www.bellunopress.it\/2009\/06\/17\/il-redentore-a-vele-spiegate-in-laguna-dal-17-al-19-luglio\/","url":"https:\/\/www.bellunopress.it\/2009\/06\/17\/il-redentore-a-vele-spiegate-in-laguna-dal-17-al-19-luglio\/","name":"Il \"Redentore\" a vele spiegate in laguna, dal 17 al 19 luglio - Bellunopress - Dolomiti","isPartOf":{"@id":"https:\/\/www.bellunopress.it\/#website"},"datePublished":"2009-06-17T17:33:10+00:00","dateModified":"2009-06-17T17:33:56+00:00","breadcrumb":{"@id":"https:\/\/www.bellunopress.it\/2009\/06\/17\/il-redentore-a-vele-spiegate-in-laguna-dal-17-al-19-luglio\/#breadcrumb"},"inLanguage":"fr-FR","potentialAction":[{"@type":"ReadAction","target":["https:\/\/www.bellunopress.it\/2009\/06\/17\/il-redentore-a-vele-spiegate-in-laguna-dal-17-al-19-luglio\/"]}]},{"@type":"BreadcrumbList","@id":"https:\/\/www.bellunopress.it\/2009\/06\/17\/il-redentore-a-vele-spiegate-in-laguna-dal-17-al-19-luglio\/#breadcrumb","itemListElement":[{"@type":"ListItem","position":1,"name":"Home","item":"https:\/\/www.bellunopress.it\/"},{"@type":"ListItem","position":2,"name":"Il &#8220;Redentore&#8221; a vele spiegate in laguna, dal 17 al 19 luglio"}]},{"@type":"WebSite","@id":"https:\/\/www.bellunopress.it\/#website","url":"https:\/\/www.bellunopress.it\/","name":"Bellunopress - Dolomiti","description":"e-mail: redazione@bellunopress.it","publisher":{"@id":"https:\/\/www.bellunopress.it\/#organization"},"potentialAction":[{"@type":"SearchAction","target":{"@type":"EntryPoint","urlTemplate":"https:\/\/www.bellunopress.it\/?s={search_term_string}"},"query-input":{"@type":"PropertyValueSpecification","valueRequired":true,"valueName":"search_term_string"}}],"inLanguage":"fr-FR"},{"@type":"Organization","@id":"https:\/\/www.bellunopress.it\/#organization","name":"Bellunopress","url":"https:\/\/www.bellunopress.it\/","logo":{"@type":"ImageObject","inLanguage":"fr-FR","@id":"https:\/\/www.bellunopress.it\/#\/schema\/logo\/image\/","url":"https:\/\/www.bellunopress.it\/wp-content\/uploads\/2011\/05\/cropped-logo-bellunopress-.jpg","contentUrl":"https:\/\/www.bellunopress.it\/wp-content\/uploads\/2011\/05\/cropped-logo-bellunopress-.jpg","width":512,"height":512,"caption":"Bellunopress"},"image":{"@id":"https:\/\/www.bellunopress.it\/#\/schema\/logo\/image\/"},"sameAs":["https:\/\/www.facebook.com\/profile.php?id=100008943462799","https:\/\/x.com\/bellunopress","https:\/\/www.linkedin.com\/hp\/?dnr=JBzUWaJfMUw8vbXJJ2tVW5-I3jZKvC4wsoxE&amp;amp;amp;amp;amp;amp;trk=nav_responsive_tab_home","https:\/\/www.youtube.com\/channel\/UCxL0wu1uN0_3_7hGG0306cw"]},{"@type":"Person","@id":"https:\/\/www.bellunopress.it\/#\/schema\/person\/79bb06722b37ece1c03d3e94beb30d73","name":"r\u00e9daction","image":{"@type":"ImageObject","inLanguage":"fr-FR","@id":"https:\/\/secure.gravatar.com\/avatar\/37d968a2e67a6fd04c169c4bdef102d0bc5d31b2546345219e348575eb80e9a0?s=96&d=mm&r=g","url":"https:\/\/secure.gravatar.com\/avatar\/37d968a2e67a6fd04c169c4bdef102d0bc5d31b2546345219e348575eb80e9a0?s=96&d=mm&r=g","contentUrl":"https:\/\/secure.gravatar.com\/avatar\/37d968a2e67a6fd04c169c4bdef102d0bc5d31b2546345219e348575eb80e9a0?s=96&d=mm&r=g","caption":"redazione"},"sameAs":["http:\/\/www.bellunopress.it","https:\/\/x.com\/bellunopress"],"url":"https:\/\/www.bellunopress.it\/fr\/author\/redazione\/"}]}},"_links":{"self":[{"href":"https:\/\/www.bellunopress.it\/fr\/wp-json\/wp\/v2\/posts\/5043","targetHints":{"allow":["GET"]}}],"collection":[{"href":"https:\/\/www.bellunopress.it\/fr\/wp-json\/wp\/v2\/posts"}],"about":[{"href":"https:\/\/www.bellunopress.it\/fr\/wp-json\/wp\/v2\/types\/post"}],"author":[{"embeddable":true,"href":"https:\/\/www.bellunopress.it\/fr\/wp-json\/wp\/v2\/users\/2"}],"replies":[{"embeddable":true,"href":"https:\/\/www.bellunopress.it\/fr\/wp-json\/wp\/v2\/comments?post=5043"}],"version-history":[{"count":2,"href":"https:\/\/www.bellunopress.it\/fr\/wp-json\/wp\/v2\/posts\/5043\/revisions"}],"predecessor-version":[{"id":5045,"href":"https:\/\/www.bellunopress.it\/fr\/wp-json\/wp\/v2\/posts\/5043\/revisions\/5045"}],"wp:attachment":[{"href":"https:\/\/www.bellunopress.it\/fr\/wp-json\/wp\/v2\/media?parent=5043"}],"wp:term":[{"taxonomy":"category","embeddable":true,"href":"https:\/\/www.bellunopress.it\/fr\/wp-json\/wp\/v2\/categories?post=5043"},{"taxonomy":"post_tag","embeddable":true,"href":"https:\/\/www.bellunopress.it\/fr\/wp-json\/wp\/v2\/tags?post=5043"}],"curies":[{"name":"wp","href":"https:\/\/api.w.org\/{rel}","templated":true}]}}