{"id":504,"date":"2009-02-11T17:59:19","date_gmt":"2009-02-11T16:59:19","guid":{"rendered":"http:\/\/www.bellunopress.it\/?p=504"},"modified":"2009-02-12T19:01:21","modified_gmt":"2009-02-12T18:01:21","slug":"emergenza-neve-da-dicembre-ad-oggi-oltre-200-mila-euro-dalla-provincia","status":"publish","type":"post","link":"https:\/\/www.bellunopress.it\/fr\/2009\/02\/11\/emergenza-neve-da-dicembre-ad-oggi-oltre-200-mila-euro-dalla-provincia\/","title":{"rendered":"Emergenza neve: da dicembre ad oggi oltre 200 mila euro dalla Provincia"},"content":{"rendered":"<p>F<a href=\"http:\/\/www.bellunopress.it\/wp-content\/uploads\/2009\/02\/piazza-martiri-neve-2.jpg\"><img loading=\"lazy\" decoding=\"async\" class=\"alignleft size-medium wp-image-505\" title=\"piazza-martiri-neve-2\" src=\"http:\/\/www.bellunopress.it\/wp-content\/uploads\/2009\/02\/piazza-martiri-neve-2.jpg\" alt=\"\" width=\"241\" height=\"181\" \/><\/a>ino a oggi Palazzo Piloni ha stanziato fondi straordinari per lo sgombero neve nei Comuni per oltre 200 mila euro. L\u2019intervento della Provincia \u00e8 tutt\u2019ora in corso. Solo nelle ultime due settimane la Provincia ha mobilitato 32 mezzi a favore di diciotto Comuni. Le operazioni sono coordinate dall\u2019ufficio provinciale protezione civile allertato e in stato di reperibilit\u00e0 24 ore su 24 ad ogni evento meteorologico. L\u2019ufficio lavora anche per inviare le squadre per lo sgombero neve dai tetti degli edifici. In dicembre gli uffici della Provincia hanno disposto l\u2019invio di oltre 50 mezzi e decine di uomini a sostegno dei Comuni, coordinato i soccorsi nelle frazioni isolate e garantito la tempestivit\u00e0 degli interventi, in particolare sulla viabilit\u00e0.<br \/>\nL&#8217;ha reso noto l&#8217;amministrazione provinciale a seguito di una mozione presentata oggi dal consigliere Toscani sull\u2019emergenza neve.<br \/>\nLa Provincia di Belluno, infatti, si \u00e8 mobilitata al fianco dei Comuni di propria iniziativa gi\u00e0 dai primi di dicembre 2008. La giunta provinciale ha deciso recentemente un secondo importante intervento per aiutare le amministrazioni locali del territorio, messe in gravi difficolt\u00e0 di bilancio a causa delle eccezionali nevicate di quest\u2019inverno.<\/p>","protected":false},"excerpt":{"rendered":"<p>Fino a oggi Palazzo Piloni ha stanziato fondi straordinari per lo sgombero neve nei Comuni per oltre 200 mila euro. L\u2019intervento della Provincia \u00e8 tutt\u2019ora in corso. Solo nelle ultime due settimane la Provincia ha mobilitato 32 mezzi a favore di diciotto Comuni. Le operazioni sono coordinate dall\u2019ufficio provinciale protezione civile allertato e in stato [&hellip;]<\/p>\n","protected":false},"author":2,"featured_media":0,"comment_status":"closed","ping_status":"open","sticky":false,"template":"","format":"standard","meta":{"footnotes":""},"categories":[26],"tags":[139],"class_list":["post-504","post","type-post","status-publish","format-standard","category-prima-pagina","tag-belluno"],"yoast_head":"<!-- This site is optimized with the Yoast SEO plugin v28.4 - https:\/\/yoast.com\/product\/yoast-seo-wordpress\/ -->\n<title>Emergenza neve: da dicembre ad oggi oltre 200 mila euro dalla Provincia - Bellunopress - Dolomiti<\/title>\n<meta name=\"robots\" content=\"index, follow, max-snippet:-1, max-image-preview:large, max-video-preview:-1\" \/>\n<link rel=\"canonical\" href=\"https:\/\/www.bellunopress.it\/fr\/2009\/02\/11\/emergenza-neve-da-dicembre-ad-oggi-oltre-200-mila-euro-dalla-provincia\/\" \/>\n<meta property=\"og:locale\" content=\"fr_FR\" \/>\n<meta property=\"og:type\" content=\"article\" \/>\n<meta property=\"og:title\" content=\"Emergenza neve: da dicembre ad oggi oltre 200 mila euro dalla Provincia - Bellunopress - Dolomiti\" \/>\n<meta property=\"og:description\" content=\"Fino a oggi Palazzo Piloni ha stanziato fondi straordinari per lo sgombero neve nei Comuni per oltre 200 mila euro. L\u2019intervento della Provincia \u00e8 tutt\u2019ora in corso. Solo nelle ultime due settimane la Provincia ha mobilitato 32 mezzi a favore di diciotto Comuni. Le operazioni sono coordinate dall\u2019ufficio provinciale protezione civile allertato e in stato [&hellip;]\" \/>\n<meta property=\"og:url\" content=\"https:\/\/www.bellunopress.it\/fr\/2009\/02\/11\/emergenza-neve-da-dicembre-ad-oggi-oltre-200-mila-euro-dalla-provincia\/\" \/>\n<meta property=\"og:site_name\" content=\"Bellunopress - Dolomiti\" \/>\n<meta property=\"article:publisher\" content=\"https:\/\/www.facebook.com\/profile.php?id=100008943462799\" \/>\n<meta property=\"article:published_time\" content=\"2009-02-11T16:59:19+00:00\" \/>\n<meta property=\"article:modified_time\" content=\"2009-02-12T18:01:21+00:00\" \/>\n<meta property=\"og:image\" content=\"http:\/\/www.bellunopress.it\/wp-content\/uploads\/2009\/02\/piazza-martiri-neve-2.jpg\" \/>\n<meta name=\"author\" content=\"redazione\" \/>\n<meta name=\"twitter:card\" content=\"summary_large_image\" \/>\n<meta name=\"twitter:creator\" content=\"@bellunopress\" \/>\n<meta name=\"twitter:site\" content=\"@bellunopress\" \/>\n<meta name=\"twitter:label1\" content=\"\u00c9crit par\" \/>\n\t<meta name=\"twitter:data1\" content=\"redazione\" \/>\n\t<meta name=\"twitter:label2\" content=\"Dur\u00e9e de lecture estim\u00e9e\" \/>\n\t<meta name=\"twitter:data2\" content=\"1 minute\" \/>\n<script type=\"application\/ld+json\" class=\"yoast-schema-graph\">{\"@context\":\"https:\\\/\\\/schema.org\",\"@graph\":[{\"@type\":\"Article\",\"@id\":\"https:\\\/\\\/www.bellunopress.it\\\/2009\\\/02\\\/11\\\/emergenza-neve-da-dicembre-ad-oggi-oltre-200-mila-euro-dalla-provincia\\\/#article\",\"isPartOf\":{\"@id\":\"https:\\\/\\\/www.bellunopress.it\\\/2009\\\/02\\\/11\\\/emergenza-neve-da-dicembre-ad-oggi-oltre-200-mila-euro-dalla-provincia\\\/\"},\"author\":{\"name\":\"redazione\",\"@id\":\"https:\\\/\\\/www.bellunopress.it\\\/#\\\/schema\\\/person\\\/79bb06722b37ece1c03d3e94beb30d73\"},\"headline\":\"Emergenza neve: da dicembre ad oggi oltre 200 mila euro dalla Provincia\",\"datePublished\":\"2009-02-11T16:59:19+00:00\",\"dateModified\":\"2009-02-12T18:01:21+00:00\",\"mainEntityOfPage\":{\"@id\":\"https:\\\/\\\/www.bellunopress.it\\\/2009\\\/02\\\/11\\\/emergenza-neve-da-dicembre-ad-oggi-oltre-200-mila-euro-dalla-provincia\\\/\"},\"wordCount\":198,\"publisher\":{\"@id\":\"https:\\\/\\\/www.bellunopress.it\\\/#organization\"},\"image\":{\"@id\":\"https:\\\/\\\/www.bellunopress.it\\\/2009\\\/02\\\/11\\\/emergenza-neve-da-dicembre-ad-oggi-oltre-200-mila-euro-dalla-provincia\\\/#primaryimage\"},\"thumbnailUrl\":\"http:\\\/\\\/www.bellunopress.it\\\/wp-content\\\/uploads\\\/2009\\\/02\\\/piazza-martiri-neve-2.jpg\",\"keywords\":[\"Belluno\"],\"articleSection\":[\"Prima Pagina\"],\"inLanguage\":\"fr-FR\"},{\"@type\":\"WebPage\",\"@id\":\"https:\\\/\\\/www.bellunopress.it\\\/2009\\\/02\\\/11\\\/emergenza-neve-da-dicembre-ad-oggi-oltre-200-mila-euro-dalla-provincia\\\/\",\"url\":\"https:\\\/\\\/www.bellunopress.it\\\/2009\\\/02\\\/11\\\/emergenza-neve-da-dicembre-ad-oggi-oltre-200-mila-euro-dalla-provincia\\\/\",\"name\":\"Emergenza neve: da dicembre ad oggi oltre 200 mila euro dalla Provincia - Bellunopress - Dolomiti\",\"isPartOf\":{\"@id\":\"https:\\\/\\\/www.bellunopress.it\\\/#website\"},\"primaryImageOfPage\":{\"@id\":\"https:\\\/\\\/www.bellunopress.it\\\/2009\\\/02\\\/11\\\/emergenza-neve-da-dicembre-ad-oggi-oltre-200-mila-euro-dalla-provincia\\\/#primaryimage\"},\"image\":{\"@id\":\"https:\\\/\\\/www.bellunopress.it\\\/2009\\\/02\\\/11\\\/emergenza-neve-da-dicembre-ad-oggi-oltre-200-mila-euro-dalla-provincia\\\/#primaryimage\"},\"thumbnailUrl\":\"http:\\\/\\\/www.bellunopress.it\\\/wp-content\\\/uploads\\\/2009\\\/02\\\/piazza-martiri-neve-2.jpg\",\"datePublished\":\"2009-02-11T16:59:19+00:00\",\"dateModified\":\"2009-02-12T18:01:21+00:00\",\"breadcrumb\":{\"@id\":\"https:\\\/\\\/www.bellunopress.it\\\/2009\\\/02\\\/11\\\/emergenza-neve-da-dicembre-ad-oggi-oltre-200-mila-euro-dalla-provincia\\\/#breadcrumb\"},\"inLanguage\":\"fr-FR\",\"potentialAction\":[{\"@type\":\"ReadAction\",\"target\":[\"https:\\\/\\\/www.bellunopress.it\\\/2009\\\/02\\\/11\\\/emergenza-neve-da-dicembre-ad-oggi-oltre-200-mila-euro-dalla-provincia\\\/\"]}]},{\"@type\":\"ImageObject\",\"inLanguage\":\"fr-FR\",\"@id\":\"https:\\\/\\\/www.bellunopress.it\\\/2009\\\/02\\\/11\\\/emergenza-neve-da-dicembre-ad-oggi-oltre-200-mila-euro-dalla-provincia\\\/#primaryimage\",\"url\":\"http:\\\/\\\/www.bellunopress.it\\\/wp-content\\\/uploads\\\/2009\\\/02\\\/piazza-martiri-neve-2.jpg\",\"contentUrl\":\"http:\\\/\\\/www.bellunopress.it\\\/wp-content\\\/uploads\\\/2009\\\/02\\\/piazza-martiri-neve-2.jpg\"},{\"@type\":\"BreadcrumbList\",\"@id\":\"https:\\\/\\\/www.bellunopress.it\\\/2009\\\/02\\\/11\\\/emergenza-neve-da-dicembre-ad-oggi-oltre-200-mila-euro-dalla-provincia\\\/#breadcrumb\",\"itemListElement\":[{\"@type\":\"ListItem\",\"position\":1,\"name\":\"Home\",\"item\":\"https:\\\/\\\/www.bellunopress.it\\\/\"},{\"@type\":\"ListItem\",\"position\":2,\"name\":\"Emergenza neve: da dicembre ad oggi oltre 200 mila euro dalla Provincia\"}]},{\"@type\":\"WebSite\",\"@id\":\"https:\\\/\\\/www.bellunopress.it\\\/#website\",\"url\":\"https:\\\/\\\/www.bellunopress.it\\\/\",\"name\":\"Bellunopress - Dolomiti\",\"description\":\"e-mail: redazione@bellunopress.it\",\"publisher\":{\"@id\":\"https:\\\/\\\/www.bellunopress.it\\\/#organization\"},\"potentialAction\":[{\"@type\":\"SearchAction\",\"target\":{\"@type\":\"EntryPoint\",\"urlTemplate\":\"https:\\\/\\\/www.bellunopress.it\\\/?s={search_term_string}\"},\"query-input\":{\"@type\":\"PropertyValueSpecification\",\"valueRequired\":true,\"valueName\":\"search_term_string\"}}],\"inLanguage\":\"fr-FR\"},{\"@type\":\"Organization\",\"@id\":\"https:\\\/\\\/www.bellunopress.it\\\/#organization\",\"name\":\"Bellunopress\",\"url\":\"https:\\\/\\\/www.bellunopress.it\\\/\",\"logo\":{\"@type\":\"ImageObject\",\"inLanguage\":\"fr-FR\",\"@id\":\"https:\\\/\\\/www.bellunopress.it\\\/#\\\/schema\\\/logo\\\/image\\\/\",\"url\":\"https:\\\/\\\/www.bellunopress.it\\\/wp-content\\\/uploads\\\/2011\\\/05\\\/cropped-logo-bellunopress-.jpg\",\"contentUrl\":\"https:\\\/\\\/www.bellunopress.it\\\/wp-content\\\/uploads\\\/2011\\\/05\\\/cropped-logo-bellunopress-.jpg\",\"width\":512,\"height\":512,\"caption\":\"Bellunopress\"},\"image\":{\"@id\":\"https:\\\/\\\/www.bellunopress.it\\\/#\\\/schema\\\/logo\\\/image\\\/\"},\"sameAs\":[\"https:\\\/\\\/www.facebook.com\\\/profile.php?id=100008943462799\",\"https:\\\/\\\/x.com\\\/bellunopress\",\"https:\\\/\\\/www.linkedin.com\\\/hp\\\/?dnr=JBzUWaJfMUw8vbXJJ2tVW5-I3jZKvC4wsoxE&amp;amp;amp;amp;amp;amp;trk=nav_responsive_tab_home\",\"https:\\\/\\\/www.youtube.com\\\/channel\\\/UCxL0wu1uN0_3_7hGG0306cw\"]},{\"@type\":\"Person\",\"@id\":\"https:\\\/\\\/www.bellunopress.it\\\/#\\\/schema\\\/person\\\/79bb06722b37ece1c03d3e94beb30d73\",\"name\":\"redazione\",\"image\":{\"@type\":\"ImageObject\",\"inLanguage\":\"fr-FR\",\"@id\":\"https:\\\/\\\/secure.gravatar.com\\\/avatar\\\/37d968a2e67a6fd04c169c4bdef102d0bc5d31b2546345219e348575eb80e9a0?s=96&d=mm&r=g\",\"url\":\"https:\\\/\\\/secure.gravatar.com\\\/avatar\\\/37d968a2e67a6fd04c169c4bdef102d0bc5d31b2546345219e348575eb80e9a0?s=96&d=mm&r=g\",\"contentUrl\":\"https:\\\/\\\/secure.gravatar.com\\\/avatar\\\/37d968a2e67a6fd04c169c4bdef102d0bc5d31b2546345219e348575eb80e9a0?s=96&d=mm&r=g\",\"caption\":\"redazione\"},\"sameAs\":[\"http:\\\/\\\/www.bellunopress.it\",\"https:\\\/\\\/x.com\\\/bellunopress\"],\"url\":\"https:\\\/\\\/www.bellunopress.it\\\/fr\\\/author\\\/redazione\\\/\"}]}<\/script>\n<!-- \/ Yoast SEO plugin. -->","yoast_head_json":{"title":"Emergenza neve: da dicembre ad oggi oltre 200 mila euro dalla Provincia - Bellunopress - Dolomiti","robots":{"index":"index","follow":"follow","max-snippet":"max-snippet:-1","max-image-preview":"max-image-preview:large","max-video-preview":"max-video-preview:-1"},"canonical":"https:\/\/www.bellunopress.it\/fr\/2009\/02\/11\/emergenza-neve-da-dicembre-ad-oggi-oltre-200-mila-euro-dalla-provincia\/","og_locale":"fr_FR","og_type":"article","og_title":"Emergenza neve: da dicembre ad oggi oltre 200 mila euro dalla Provincia - Bellunopress - Dolomiti","og_description":"Fino a oggi Palazzo Piloni ha stanziato fondi straordinari per lo sgombero neve nei Comuni per oltre 200 mila euro. L\u2019intervento della Provincia \u00e8 tutt\u2019ora in corso. Solo nelle ultime due settimane la Provincia ha mobilitato 32 mezzi a favore di diciotto Comuni. Le operazioni sono coordinate dall\u2019ufficio provinciale protezione civile allertato e in stato [&hellip;]","og_url":"https:\/\/www.bellunopress.it\/fr\/2009\/02\/11\/emergenza-neve-da-dicembre-ad-oggi-oltre-200-mila-euro-dalla-provincia\/","og_site_name":"Bellunopress - Dolomiti","article_publisher":"https:\/\/www.facebook.com\/profile.php?id=100008943462799","article_published_time":"2009-02-11T16:59:19+00:00","article_modified_time":"2009-02-12T18:01:21+00:00","og_image":[{"url":"http:\/\/www.bellunopress.it\/wp-content\/uploads\/2009\/02\/piazza-martiri-neve-2.jpg","type":"","width":"","height":""}],"author":"redazione","twitter_card":"summary_large_image","twitter_creator":"@bellunopress","twitter_site":"@bellunopress","twitter_misc":{"\u00c9crit par":"redazione","Dur\u00e9e de lecture estim\u00e9e":"1 minute"},"schema":{"@context":"https:\/\/schema.org","@graph":[{"@type":"Article","@id":"https:\/\/www.bellunopress.it\/2009\/02\/11\/emergenza-neve-da-dicembre-ad-oggi-oltre-200-mila-euro-dalla-provincia\/#article","isPartOf":{"@id":"https:\/\/www.bellunopress.it\/2009\/02\/11\/emergenza-neve-da-dicembre-ad-oggi-oltre-200-mila-euro-dalla-provincia\/"},"author":{"name":"redazione","@id":"https:\/\/www.bellunopress.it\/#\/schema\/person\/79bb06722b37ece1c03d3e94beb30d73"},"headline":"Emergenza neve: da dicembre ad oggi oltre 200 mila euro dalla Provincia","datePublished":"2009-02-11T16:59:19+00:00","dateModified":"2009-02-12T18:01:21+00:00","mainEntityOfPage":{"@id":"https:\/\/www.bellunopress.it\/2009\/02\/11\/emergenza-neve-da-dicembre-ad-oggi-oltre-200-mila-euro-dalla-provincia\/"},"wordCount":198,"publisher":{"@id":"https:\/\/www.bellunopress.it\/#organization"},"image":{"@id":"https:\/\/www.bellunopress.it\/2009\/02\/11\/emergenza-neve-da-dicembre-ad-oggi-oltre-200-mila-euro-dalla-provincia\/#primaryimage"},"thumbnailUrl":"http:\/\/www.bellunopress.it\/wp-content\/uploads\/2009\/02\/piazza-martiri-neve-2.jpg","keywords":["Belluno"],"articleSection":["Prima Pagina"],"inLanguage":"fr-FR"},{"@type":"WebPage","@id":"https:\/\/www.bellunopress.it\/2009\/02\/11\/emergenza-neve-da-dicembre-ad-oggi-oltre-200-mila-euro-dalla-provincia\/","url":"https:\/\/www.bellunopress.it\/2009\/02\/11\/emergenza-neve-da-dicembre-ad-oggi-oltre-200-mila-euro-dalla-provincia\/","name":"Emergenza neve: da dicembre ad oggi oltre 200 mila euro dalla Provincia - Bellunopress - Dolomiti","isPartOf":{"@id":"https:\/\/www.bellunopress.it\/#website"},"primaryImageOfPage":{"@id":"https:\/\/www.bellunopress.it\/2009\/02\/11\/emergenza-neve-da-dicembre-ad-oggi-oltre-200-mila-euro-dalla-provincia\/#primaryimage"},"image":{"@id":"https:\/\/www.bellunopress.it\/2009\/02\/11\/emergenza-neve-da-dicembre-ad-oggi-oltre-200-mila-euro-dalla-provincia\/#primaryimage"},"thumbnailUrl":"http:\/\/www.bellunopress.it\/wp-content\/uploads\/2009\/02\/piazza-martiri-neve-2.jpg","datePublished":"2009-02-11T16:59:19+00:00","dateModified":"2009-02-12T18:01:21+00:00","breadcrumb":{"@id":"https:\/\/www.bellunopress.it\/2009\/02\/11\/emergenza-neve-da-dicembre-ad-oggi-oltre-200-mila-euro-dalla-provincia\/#breadcrumb"},"inLanguage":"fr-FR","potentialAction":[{"@type":"ReadAction","target":["https:\/\/www.bellunopress.it\/2009\/02\/11\/emergenza-neve-da-dicembre-ad-oggi-oltre-200-mila-euro-dalla-provincia\/"]}]},{"@type":"ImageObject","inLanguage":"fr-FR","@id":"https:\/\/www.bellunopress.it\/2009\/02\/11\/emergenza-neve-da-dicembre-ad-oggi-oltre-200-mila-euro-dalla-provincia\/#primaryimage","url":"http:\/\/www.bellunopress.it\/wp-content\/uploads\/2009\/02\/piazza-martiri-neve-2.jpg","contentUrl":"http:\/\/www.bellunopress.it\/wp-content\/uploads\/2009\/02\/piazza-martiri-neve-2.jpg"},{"@type":"BreadcrumbList","@id":"https:\/\/www.bellunopress.it\/2009\/02\/11\/emergenza-neve-da-dicembre-ad-oggi-oltre-200-mila-euro-dalla-provincia\/#breadcrumb","itemListElement":[{"@type":"ListItem","position":1,"name":"Home","item":"https:\/\/www.bellunopress.it\/"},{"@type":"ListItem","position":2,"name":"Emergenza neve: da dicembre ad oggi oltre 200 mila euro dalla Provincia"}]},{"@type":"WebSite","@id":"https:\/\/www.bellunopress.it\/#website","url":"https:\/\/www.bellunopress.it\/","name":"Bellunopress - Dolomiti","description":"e-mail: redazione@bellunopress.it","publisher":{"@id":"https:\/\/www.bellunopress.it\/#organization"},"potentialAction":[{"@type":"SearchAction","target":{"@type":"EntryPoint","urlTemplate":"https:\/\/www.bellunopress.it\/?s={search_term_string}"},"query-input":{"@type":"PropertyValueSpecification","valueRequired":true,"valueName":"search_term_string"}}],"inLanguage":"fr-FR"},{"@type":"Organization","@id":"https:\/\/www.bellunopress.it\/#organization","name":"Bellunopress","url":"https:\/\/www.bellunopress.it\/","logo":{"@type":"ImageObject","inLanguage":"fr-FR","@id":"https:\/\/www.bellunopress.it\/#\/schema\/logo\/image\/","url":"https:\/\/www.bellunopress.it\/wp-content\/uploads\/2011\/05\/cropped-logo-bellunopress-.jpg","contentUrl":"https:\/\/www.bellunopress.it\/wp-content\/uploads\/2011\/05\/cropped-logo-bellunopress-.jpg","width":512,"height":512,"caption":"Bellunopress"},"image":{"@id":"https:\/\/www.bellunopress.it\/#\/schema\/logo\/image\/"},"sameAs":["https:\/\/www.facebook.com\/profile.php?id=100008943462799","https:\/\/x.com\/bellunopress","https:\/\/www.linkedin.com\/hp\/?dnr=JBzUWaJfMUw8vbXJJ2tVW5-I3jZKvC4wsoxE&amp;amp;amp;amp;amp;amp;trk=nav_responsive_tab_home","https:\/\/www.youtube.com\/channel\/UCxL0wu1uN0_3_7hGG0306cw"]},{"@type":"Person","@id":"https:\/\/www.bellunopress.it\/#\/schema\/person\/79bb06722b37ece1c03d3e94beb30d73","name":"r\u00e9daction","image":{"@type":"ImageObject","inLanguage":"fr-FR","@id":"https:\/\/secure.gravatar.com\/avatar\/37d968a2e67a6fd04c169c4bdef102d0bc5d31b2546345219e348575eb80e9a0?s=96&d=mm&r=g","url":"https:\/\/secure.gravatar.com\/avatar\/37d968a2e67a6fd04c169c4bdef102d0bc5d31b2546345219e348575eb80e9a0?s=96&d=mm&r=g","contentUrl":"https:\/\/secure.gravatar.com\/avatar\/37d968a2e67a6fd04c169c4bdef102d0bc5d31b2546345219e348575eb80e9a0?s=96&d=mm&r=g","caption":"redazione"},"sameAs":["http:\/\/www.bellunopress.it","https:\/\/x.com\/bellunopress"],"url":"https:\/\/www.bellunopress.it\/fr\/author\/redazione\/"}]}},"_links":{"self":[{"href":"https:\/\/www.bellunopress.it\/fr\/wp-json\/wp\/v2\/posts\/504","targetHints":{"allow":["GET"]}}],"collection":[{"href":"https:\/\/www.bellunopress.it\/fr\/wp-json\/wp\/v2\/posts"}],"about":[{"href":"https:\/\/www.bellunopress.it\/fr\/wp-json\/wp\/v2\/types\/post"}],"author":[{"embeddable":true,"href":"https:\/\/www.bellunopress.it\/fr\/wp-json\/wp\/v2\/users\/2"}],"replies":[{"embeddable":true,"href":"https:\/\/www.bellunopress.it\/fr\/wp-json\/wp\/v2\/comments?post=504"}],"version-history":[{"count":2,"href":"https:\/\/www.bellunopress.it\/fr\/wp-json\/wp\/v2\/posts\/504\/revisions"}],"predecessor-version":[{"id":545,"href":"https:\/\/www.bellunopress.it\/fr\/wp-json\/wp\/v2\/posts\/504\/revisions\/545"}],"wp:attachment":[{"href":"https:\/\/www.bellunopress.it\/fr\/wp-json\/wp\/v2\/media?parent=504"}],"wp:term":[{"taxonomy":"category","embeddable":true,"href":"https:\/\/www.bellunopress.it\/fr\/wp-json\/wp\/v2\/categories?post=504"},{"taxonomy":"post_tag","embeddable":true,"href":"https:\/\/www.bellunopress.it\/fr\/wp-json\/wp\/v2\/tags?post=504"}],"curies":[{"name":"wp","href":"https:\/\/api.w.org\/{rel}","templated":true}]}}