{"id":5024,"date":"2009-06-22T17:34:20","date_gmt":"2009-06-22T16:34:20","guid":{"rendered":"http:\/\/www.bellunopress.it\/?p=5024"},"modified":"2009-06-22T17:49:40","modified_gmt":"2009-06-22T16:49:40","slug":"da-x-factor-a-feltre-concerto-di-ambramarie-il-23-giugno-in-piazza-maggiore","status":"publish","type":"post","link":"https:\/\/www.bellunopress.it\/fr\/2009\/06\/22\/da-x-factor-a-feltre-concerto-di-ambramarie-il-23-giugno-in-piazza-maggiore\/","title":{"rendered":"Da &#8220;X Factor&#8221; a Feltre: concerto di &#8220;AmbraMarie&#8221; domani 23 giugno in Piazza Maggiore"},"content":{"rendered":"<p><a href=\"http:\/\/www.bellunopress.it\/wp-content\/uploads\/2009\/06\/foto-ambramarie6-leggera.jpg\"><img loading=\"lazy\" decoding=\"async\" class=\"alignleft size-medium wp-image-5025\" title=\"foto-ambramarie6-leggera\" src=\"http:\/\/www.bellunopress.it\/wp-content\/uploads\/2009\/06\/foto-ambramarie6-leggera.jpg\" alt=\"\" width=\"270\" height=\"168\" \/><\/a>L&#8217;appuntamento\u00a0 \u00e8 alle 21.00 in\u00a0 Piazza Maggiore\u00a0 e in caso di maltempo si ripiega al Palaghiaccio. Ad introdurre musicalmente la serata saranno i Planet Brain. Da \u201cX Factor\u201d a Feltre. Marted\u00ec 23 giugno, alle 21.00, torner\u00e0 la musica rock dal vivo in piazza Maggiore a Feltre! Il comune di Feltre, attraverso il Centro Giovani con il coordinamento del Consigliere delegato alle Politiche Giovanili Erica Zabot, e grazie al contributo di numerosi<br \/>\nsponsor e con la collaborazione dell\u2019Ispettorato Feltrino della Croce Rossa, del Radio Club Feltrino e di Security Feltre, ha infatti organizzato il concerto ad ingresso gratuito di AmbraMarie, la giovane rocker bergamasca che ha partecipato all\u2019ultima edizione di X-Factor, facendosi notare all\u2019interno del \u201ctalent show\u201d per la sua forte personalit\u00e0 e per la potenza vocale. Di particolare impatto il recente duetto con il celebre artista James Morrison sulle note della canzone \u201cBroken Strings\u201d. Sul palco, insieme a lei, ci sar\u00e0 la sua band di sempre formata da Raffaele D\u2019Ambrusco al basso, Mattia Degli Agosti alla batteria, Hristo Lepri alla chitarra e<br \/>\nMiguel Vanelli alla chitarra, professionisti che girano nell\u2019ambiente musicale da una decina d\u2019anni. Ad aprire la serata feltrina che, in caso di maltempo si terr\u00e0 al Palaghiaccio, saranno i Planet Brain, ottima band giovanile di Auronzo di Cadore. Ambra Marie \u00e8 nata a Treviglio l\u201911 giugno 1987 e studia canto dall\u2019et\u00e0 di 9 anni. E&#8217; venuta alla ribalta grazie alla sua partecipazione all\u2019ultima edizione di \u201cX Factor\u201d, dove \u00e8 entrata come solista, anche se per\u00f2 fin dal maggio 2004 fa parte del gruppo rock &#8220;AmbraMarie&#8221;, da lei fondato. Il rock scorre nelle vene di questo complesso, che ha all\u2019attivo 5 anni alla Warner Music, con 2 singoli e 2 videoclip (di cui uno girato a New York\u201d), prima di intraprendere la strada dei concerti dal vivo in Italia ed infine la favola di X-Factor. Quest\u2019ultima \u00e8 stata una grande esperienza che ha fatto salire l&#8217;entusiasmo della giovane bergamasca che ha evidenziato talento, classe e grinta, dimostrando di poter scatenare l&#8217;entusiasmo del grande pubblico con la sua voce potente ed aggressiva. Il repertorio live del gruppo ripercorre le tappe del rock dai Beatles, AC\/DC, Queen, Bon Jovy, Elisa, Skin, Madonna, Alanis Morisette ed altri rocker famosi, il tutto rivisto ed adattato alla spettacolare voce di AmbraMarie che dal vivo e&#8217; un vero e proprio animale da palco e non teme confronti con nessuno. I Planet Brain, che introdurranno la serata feltrina del 23 giugno, sono figli della generazione del post-rock, ma dotati di un sound viscerale e psischedelico, un misto di delicatezza e rabbia, sorprendente per maturit\u00e0 e compatto nella sua essenza fortemente omogenea. La band, composta da Marcello Batelli, voce e chitarra, Nicola Zangrando, basso, e Claudio Larese Casanova, batteria, si ispira al rock di matrice anglosassone o statunitense, nella sua accezione pi\u00f9 ampia. Il disco d\u2019esordio \u201cCompromises &amp; Carnivals\u201d (2007), pubblicato dalla londinese Function Records, li ha portati in giro per l\u2019Italia e l\u2019Inghilterra (tre mini-tour in Gran Bretagna all\u2019attivo) e ovunque il loro live-set ha riscosso consensi ed applausi convinti. Hanno suonato in numerosi eventi, tra i quali \u201cRitmi Globali Europei\u201d &#8211; Treviso, &#8220;Voci x la Libert\u00e0&#8221; di Amnesty International &#8211; Villadose (RO), &#8220;Territorio Musicale&#8221; &#8211; Urbino, &#8220;Festival per gruppi emergenti&#8221; &#8211; Azzano Decimo (PN), &#8220;Kosarock&#8221; &#8211; Montecosaro (MC), e inoltre &#8220;M.E.I.&#8221; &#8211; Faenza (RA) e &#8220;Laserfest&#8221; &#8211; Carloforte (CA) come rappresentanti di &#8220;Territorio Musicale&#8221;. Il brano &#8220;Innocence Is Over&#8221;, singolo estratto dal cd &#8220;Orange&#8221;, \u00e8 stato pi\u00f9 volte trasmesso dal programma &#8220;Demo&#8221; di Radio 1 Rai ed \u00e8 entrato nella &#8220;Demo&#8217;s Top 10&#8221;. Hanno ottenuto il 1\u00b0 posto al festival \u201cUniversound\u201d di Cosenza, il 3\u00b0 premio al concorso \u201cMonfalcone Pop Rock 2005\u201d e il 1\u00b0 premio come miglior gruppo della IX edizione di \u201cFanote\u201d &#8211; Fano (PU).Hanno pubblicato un nuovo CD quest\u2019anno, sempre con la Function Records. Si tratta di uno split album con una band inglese, i Lebatol, che sar\u00e0 presentato a breve in Gran Bretagna. Per aggiornamenti www.myspace.com\/planetbrain<br \/>\n<strong>Per altre notizie, dettagli sull\u2019evento o altre informazioni di servizio , contattare il Centro<br \/>\nGiovani (tel. 0439.885361<\/strong>, mail centrogiovani@comune.feltre.bl.it). Ieri mercoled\u00ec a Palazzo Bizzarini, sede del Servizio Cultura a Feltre, si \u00e8 svolta una conferenza stampa per presentare il concerto di &#8220;AmbraMarie Rock\u00a0 organizzato dal Centro Giovani del Comune di Feltre. Alla presentazione \u00e8 intervenutaoanche il Consigliere delegato alle Politiche Giovanili, Erica Zabot.<\/p>","protected":false},"excerpt":{"rendered":"<p>L&#8217;appuntamento\u00a0 \u00e8 alle 21.00 in\u00a0 Piazza Maggiore\u00a0 e in caso di maltempo si ripiega al Palaghiaccio. Ad introdurre musicalmente la serata saranno i Planet Brain. Da \u201cX Factor\u201d a Feltre. Marted\u00ec 23 giugno, alle 21.00, torner\u00e0 la musica rock dal vivo in piazza Maggiore a Feltre! Il comune di Feltre, attraverso il Centro Giovani con [&hellip;]<\/p>\n","protected":false},"author":2,"featured_media":0,"comment_status":"closed","ping_status":"open","sticky":false,"template":"","format":"standard","meta":{"footnotes":""},"categories":[27,3,25],"tags":[139,151,302,2261],"class_list":["post-5024","post","type-post","status-publish","format-standard","category-appuntamenti","category-arte-cultura-spettacoli-scienza-archivi","category-pausa-caffe","tag-belluno","tag-cadore","tag-feltre","tag-feltrino"],"yoast_head":"<!-- This site is optimized with the Yoast SEO plugin v28.4 - https:\/\/yoast.com\/product\/yoast-seo-wordpress\/ -->\n<title>Da &quot;X Factor&quot; a Feltre: concerto di &quot;AmbraMarie&quot; domani 23 giugno in Piazza Maggiore - Bellunopress - Dolomiti<\/title>\n<meta name=\"robots\" content=\"index, follow, max-snippet:-1, max-image-preview:large, max-video-preview:-1\" \/>\n<link rel=\"canonical\" href=\"https:\/\/www.bellunopress.it\/fr\/2009\/06\/22\/da-x-factor-a-feltre-concerto-di-ambramarie-il-23-giugno-in-piazza-maggiore\/\" \/>\n<meta property=\"og:locale\" content=\"fr_FR\" \/>\n<meta property=\"og:type\" content=\"article\" \/>\n<meta property=\"og:title\" content=\"Da &quot;X Factor&quot; a Feltre: concerto di &quot;AmbraMarie&quot; domani 23 giugno in Piazza Maggiore - Bellunopress - Dolomiti\" \/>\n<meta property=\"og:description\" content=\"L&#8217;appuntamento\u00a0 \u00e8 alle 21.00 in\u00a0 Piazza Maggiore\u00a0 e in caso di maltempo si ripiega al Palaghiaccio. Ad introdurre musicalmente la serata saranno i Planet Brain. Da \u201cX Factor\u201d a Feltre. Marted\u00ec 23 giugno, alle 21.00, torner\u00e0 la musica rock dal vivo in piazza Maggiore a Feltre! Il comune di Feltre, attraverso il Centro Giovani con [&hellip;]\" \/>\n<meta property=\"og:url\" content=\"https:\/\/www.bellunopress.it\/fr\/2009\/06\/22\/da-x-factor-a-feltre-concerto-di-ambramarie-il-23-giugno-in-piazza-maggiore\/\" \/>\n<meta property=\"og:site_name\" content=\"Bellunopress - Dolomiti\" \/>\n<meta property=\"article:publisher\" content=\"https:\/\/www.facebook.com\/profile.php?id=100008943462799\" \/>\n<meta property=\"article:published_time\" content=\"2009-06-22T16:34:20+00:00\" \/>\n<meta property=\"article:modified_time\" content=\"2009-06-22T16:49:40+00:00\" \/>\n<meta property=\"og:image\" content=\"http:\/\/www.bellunopress.it\/wp-content\/uploads\/2009\/06\/foto-ambramarie6-leggera.jpg\" \/>\n<meta name=\"author\" content=\"redazione\" \/>\n<meta name=\"twitter:card\" content=\"summary_large_image\" \/>\n<meta name=\"twitter:creator\" content=\"@bellunopress\" \/>\n<meta name=\"twitter:site\" content=\"@bellunopress\" \/>\n<meta name=\"twitter:label1\" content=\"Written by\" \/>\n\t<meta name=\"twitter:data1\" content=\"redazione\" \/>\n\t<meta name=\"twitter:label2\" content=\"Est. reading time\" \/>\n\t<meta name=\"twitter:data2\" content=\"4 minutes\" \/>\n<script type=\"application\/ld+json\" class=\"yoast-schema-graph\">{\"@context\":\"https:\\\/\\\/schema.org\",\"@graph\":[{\"@type\":\"Article\",\"@id\":\"https:\\\/\\\/www.bellunopress.it\\\/2009\\\/06\\\/22\\\/da-x-factor-a-feltre-concerto-di-ambramarie-il-23-giugno-in-piazza-maggiore\\\/#article\",\"isPartOf\":{\"@id\":\"https:\\\/\\\/www.bellunopress.it\\\/2009\\\/06\\\/22\\\/da-x-factor-a-feltre-concerto-di-ambramarie-il-23-giugno-in-piazza-maggiore\\\/\"},\"author\":{\"name\":\"redazione\",\"@id\":\"https:\\\/\\\/www.bellunopress.it\\\/#\\\/schema\\\/person\\\/79bb06722b37ece1c03d3e94beb30d73\"},\"headline\":\"Da &#8220;X Factor&#8221; a Feltre: concerto di &#8220;AmbraMarie&#8221; domani 23 giugno in Piazza Maggiore\",\"datePublished\":\"2009-06-22T16:34:20+00:00\",\"dateModified\":\"2009-06-22T16:49:40+00:00\",\"mainEntityOfPage\":{\"@id\":\"https:\\\/\\\/www.bellunopress.it\\\/2009\\\/06\\\/22\\\/da-x-factor-a-feltre-concerto-di-ambramarie-il-23-giugno-in-piazza-maggiore\\\/\"},\"wordCount\":735,\"publisher\":{\"@id\":\"https:\\\/\\\/www.bellunopress.it\\\/#organization\"},\"image\":{\"@id\":\"https:\\\/\\\/www.bellunopress.it\\\/2009\\\/06\\\/22\\\/da-x-factor-a-feltre-concerto-di-ambramarie-il-23-giugno-in-piazza-maggiore\\\/#primaryimage\"},\"thumbnailUrl\":\"http:\\\/\\\/www.bellunopress.it\\\/wp-content\\\/uploads\\\/2009\\\/06\\\/foto-ambramarie6-leggera.jpg\",\"keywords\":[\"Belluno\",\"Cadore\",\"Feltre\",\"feltrino\"],\"articleSection\":[\"Appuntamenti, Eventi\",\"Arte, Cultura, Spettacoli, Scienza\",\"Pausa Caff\u00e8\"],\"inLanguage\":\"fr-FR\"},{\"@type\":\"WebPage\",\"@id\":\"https:\\\/\\\/www.bellunopress.it\\\/2009\\\/06\\\/22\\\/da-x-factor-a-feltre-concerto-di-ambramarie-il-23-giugno-in-piazza-maggiore\\\/\",\"url\":\"https:\\\/\\\/www.bellunopress.it\\\/2009\\\/06\\\/22\\\/da-x-factor-a-feltre-concerto-di-ambramarie-il-23-giugno-in-piazza-maggiore\\\/\",\"name\":\"Da \\\"X Factor\\\" a Feltre: concerto di \\\"AmbraMarie\\\" domani 23 giugno in Piazza Maggiore - Bellunopress - Dolomiti\",\"isPartOf\":{\"@id\":\"https:\\\/\\\/www.bellunopress.it\\\/#website\"},\"primaryImageOfPage\":{\"@id\":\"https:\\\/\\\/www.bellunopress.it\\\/2009\\\/06\\\/22\\\/da-x-factor-a-feltre-concerto-di-ambramarie-il-23-giugno-in-piazza-maggiore\\\/#primaryimage\"},\"image\":{\"@id\":\"https:\\\/\\\/www.bellunopress.it\\\/2009\\\/06\\\/22\\\/da-x-factor-a-feltre-concerto-di-ambramarie-il-23-giugno-in-piazza-maggiore\\\/#primaryimage\"},\"thumbnailUrl\":\"http:\\\/\\\/www.bellunopress.it\\\/wp-content\\\/uploads\\\/2009\\\/06\\\/foto-ambramarie6-leggera.jpg\",\"datePublished\":\"2009-06-22T16:34:20+00:00\",\"dateModified\":\"2009-06-22T16:49:40+00:00\",\"breadcrumb\":{\"@id\":\"https:\\\/\\\/www.bellunopress.it\\\/2009\\\/06\\\/22\\\/da-x-factor-a-feltre-concerto-di-ambramarie-il-23-giugno-in-piazza-maggiore\\\/#breadcrumb\"},\"inLanguage\":\"fr-FR\",\"potentialAction\":[{\"@type\":\"ReadAction\",\"target\":[\"https:\\\/\\\/www.bellunopress.it\\\/2009\\\/06\\\/22\\\/da-x-factor-a-feltre-concerto-di-ambramarie-il-23-giugno-in-piazza-maggiore\\\/\"]}]},{\"@type\":\"ImageObject\",\"inLanguage\":\"fr-FR\",\"@id\":\"https:\\\/\\\/www.bellunopress.it\\\/2009\\\/06\\\/22\\\/da-x-factor-a-feltre-concerto-di-ambramarie-il-23-giugno-in-piazza-maggiore\\\/#primaryimage\",\"url\":\"http:\\\/\\\/www.bellunopress.it\\\/wp-content\\\/uploads\\\/2009\\\/06\\\/foto-ambramarie6-leggera.jpg\",\"contentUrl\":\"http:\\\/\\\/www.bellunopress.it\\\/wp-content\\\/uploads\\\/2009\\\/06\\\/foto-ambramarie6-leggera.jpg\"},{\"@type\":\"BreadcrumbList\",\"@id\":\"https:\\\/\\\/www.bellunopress.it\\\/2009\\\/06\\\/22\\\/da-x-factor-a-feltre-concerto-di-ambramarie-il-23-giugno-in-piazza-maggiore\\\/#breadcrumb\",\"itemListElement\":[{\"@type\":\"ListItem\",\"position\":1,\"name\":\"Home\",\"item\":\"https:\\\/\\\/www.bellunopress.it\\\/\"},{\"@type\":\"ListItem\",\"position\":2,\"name\":\"Da &#8220;X Factor&#8221; a Feltre: concerto di &#8220;AmbraMarie&#8221; domani 23 giugno in Piazza Maggiore\"}]},{\"@type\":\"WebSite\",\"@id\":\"https:\\\/\\\/www.bellunopress.it\\\/#website\",\"url\":\"https:\\\/\\\/www.bellunopress.it\\\/\",\"name\":\"Bellunopress - Dolomiti\",\"description\":\"e-mail: redazione@bellunopress.it\",\"publisher\":{\"@id\":\"https:\\\/\\\/www.bellunopress.it\\\/#organization\"},\"potentialAction\":[{\"@type\":\"SearchAction\",\"target\":{\"@type\":\"EntryPoint\",\"urlTemplate\":\"https:\\\/\\\/www.bellunopress.it\\\/?s={search_term_string}\"},\"query-input\":{\"@type\":\"PropertyValueSpecification\",\"valueRequired\":true,\"valueName\":\"search_term_string\"}}],\"inLanguage\":\"fr-FR\"},{\"@type\":\"Organization\",\"@id\":\"https:\\\/\\\/www.bellunopress.it\\\/#organization\",\"name\":\"Bellunopress\",\"url\":\"https:\\\/\\\/www.bellunopress.it\\\/\",\"logo\":{\"@type\":\"ImageObject\",\"inLanguage\":\"fr-FR\",\"@id\":\"https:\\\/\\\/www.bellunopress.it\\\/#\\\/schema\\\/logo\\\/image\\\/\",\"url\":\"https:\\\/\\\/www.bellunopress.it\\\/wp-content\\\/uploads\\\/2011\\\/05\\\/cropped-logo-bellunopress-.jpg\",\"contentUrl\":\"https:\\\/\\\/www.bellunopress.it\\\/wp-content\\\/uploads\\\/2011\\\/05\\\/cropped-logo-bellunopress-.jpg\",\"width\":512,\"height\":512,\"caption\":\"Bellunopress\"},\"image\":{\"@id\":\"https:\\\/\\\/www.bellunopress.it\\\/#\\\/schema\\\/logo\\\/image\\\/\"},\"sameAs\":[\"https:\\\/\\\/www.facebook.com\\\/profile.php?id=100008943462799\",\"https:\\\/\\\/x.com\\\/bellunopress\",\"https:\\\/\\\/www.linkedin.com\\\/hp\\\/?dnr=JBzUWaJfMUw8vbXJJ2tVW5-I3jZKvC4wsoxE&amp;amp;amp;amp;amp;amp;trk=nav_responsive_tab_home\",\"https:\\\/\\\/www.youtube.com\\\/channel\\\/UCxL0wu1uN0_3_7hGG0306cw\"]},{\"@type\":\"Person\",\"@id\":\"https:\\\/\\\/www.bellunopress.it\\\/#\\\/schema\\\/person\\\/79bb06722b37ece1c03d3e94beb30d73\",\"name\":\"redazione\",\"image\":{\"@type\":\"ImageObject\",\"inLanguage\":\"fr-FR\",\"@id\":\"https:\\\/\\\/secure.gravatar.com\\\/avatar\\\/37d968a2e67a6fd04c169c4bdef102d0bc5d31b2546345219e348575eb80e9a0?s=96&d=mm&r=g\",\"url\":\"https:\\\/\\\/secure.gravatar.com\\\/avatar\\\/37d968a2e67a6fd04c169c4bdef102d0bc5d31b2546345219e348575eb80e9a0?s=96&d=mm&r=g\",\"contentUrl\":\"https:\\\/\\\/secure.gravatar.com\\\/avatar\\\/37d968a2e67a6fd04c169c4bdef102d0bc5d31b2546345219e348575eb80e9a0?s=96&d=mm&r=g\",\"caption\":\"redazione\"},\"sameAs\":[\"http:\\\/\\\/www.bellunopress.it\",\"https:\\\/\\\/x.com\\\/bellunopress\"],\"url\":\"https:\\\/\\\/www.bellunopress.it\\\/fr\\\/author\\\/redazione\\\/\"}]}<\/script>\n<!-- \/ Yoast SEO plugin. -->","yoast_head_json":{"title":"Da \"X Factor\" a Feltre: concerto di \"AmbraMarie\" domani 23 giugno in Piazza Maggiore - Bellunopress - Dolomiti","robots":{"index":"index","follow":"follow","max-snippet":"max-snippet:-1","max-image-preview":"max-image-preview:large","max-video-preview":"max-video-preview:-1"},"canonical":"https:\/\/www.bellunopress.it\/fr\/2009\/06\/22\/da-x-factor-a-feltre-concerto-di-ambramarie-il-23-giugno-in-piazza-maggiore\/","og_locale":"fr_FR","og_type":"article","og_title":"Da \"X Factor\" a Feltre: concerto di \"AmbraMarie\" domani 23 giugno in Piazza Maggiore - Bellunopress - Dolomiti","og_description":"L&#8217;appuntamento\u00a0 \u00e8 alle 21.00 in\u00a0 Piazza Maggiore\u00a0 e in caso di maltempo si ripiega al Palaghiaccio. Ad introdurre musicalmente la serata saranno i Planet Brain. Da \u201cX Factor\u201d a Feltre. Marted\u00ec 23 giugno, alle 21.00, torner\u00e0 la musica rock dal vivo in piazza Maggiore a Feltre! Il comune di Feltre, attraverso il Centro Giovani con [&hellip;]","og_url":"https:\/\/www.bellunopress.it\/fr\/2009\/06\/22\/da-x-factor-a-feltre-concerto-di-ambramarie-il-23-giugno-in-piazza-maggiore\/","og_site_name":"Bellunopress - Dolomiti","article_publisher":"https:\/\/www.facebook.com\/profile.php?id=100008943462799","article_published_time":"2009-06-22T16:34:20+00:00","article_modified_time":"2009-06-22T16:49:40+00:00","og_image":[{"url":"http:\/\/www.bellunopress.it\/wp-content\/uploads\/2009\/06\/foto-ambramarie6-leggera.jpg","type":"","width":"","height":""}],"author":"redazione","twitter_card":"summary_large_image","twitter_creator":"@bellunopress","twitter_site":"@bellunopress","twitter_misc":{"Written by":"redazione","Est. reading time":"4 minutes"},"schema":{"@context":"https:\/\/schema.org","@graph":[{"@type":"Article","@id":"https:\/\/www.bellunopress.it\/2009\/06\/22\/da-x-factor-a-feltre-concerto-di-ambramarie-il-23-giugno-in-piazza-maggiore\/#article","isPartOf":{"@id":"https:\/\/www.bellunopress.it\/2009\/06\/22\/da-x-factor-a-feltre-concerto-di-ambramarie-il-23-giugno-in-piazza-maggiore\/"},"author":{"name":"redazione","@id":"https:\/\/www.bellunopress.it\/#\/schema\/person\/79bb06722b37ece1c03d3e94beb30d73"},"headline":"Da &#8220;X Factor&#8221; a Feltre: concerto di &#8220;AmbraMarie&#8221; domani 23 giugno in Piazza Maggiore","datePublished":"2009-06-22T16:34:20+00:00","dateModified":"2009-06-22T16:49:40+00:00","mainEntityOfPage":{"@id":"https:\/\/www.bellunopress.it\/2009\/06\/22\/da-x-factor-a-feltre-concerto-di-ambramarie-il-23-giugno-in-piazza-maggiore\/"},"wordCount":735,"publisher":{"@id":"https:\/\/www.bellunopress.it\/#organization"},"image":{"@id":"https:\/\/www.bellunopress.it\/2009\/06\/22\/da-x-factor-a-feltre-concerto-di-ambramarie-il-23-giugno-in-piazza-maggiore\/#primaryimage"},"thumbnailUrl":"http:\/\/www.bellunopress.it\/wp-content\/uploads\/2009\/06\/foto-ambramarie6-leggera.jpg","keywords":["Belluno","Cadore","Feltre","feltrino"],"articleSection":["Appuntamenti, Eventi","Arte, Cultura, Spettacoli, Scienza","Pausa Caff\u00e8"],"inLanguage":"fr-FR"},{"@type":"WebPage","@id":"https:\/\/www.bellunopress.it\/2009\/06\/22\/da-x-factor-a-feltre-concerto-di-ambramarie-il-23-giugno-in-piazza-maggiore\/","url":"https:\/\/www.bellunopress.it\/2009\/06\/22\/da-x-factor-a-feltre-concerto-di-ambramarie-il-23-giugno-in-piazza-maggiore\/","name":"Da \"X Factor\" a Feltre: concerto di \"AmbraMarie\" domani 23 giugno in Piazza Maggiore - Bellunopress - Dolomiti","isPartOf":{"@id":"https:\/\/www.bellunopress.it\/#website"},"primaryImageOfPage":{"@id":"https:\/\/www.bellunopress.it\/2009\/06\/22\/da-x-factor-a-feltre-concerto-di-ambramarie-il-23-giugno-in-piazza-maggiore\/#primaryimage"},"image":{"@id":"https:\/\/www.bellunopress.it\/2009\/06\/22\/da-x-factor-a-feltre-concerto-di-ambramarie-il-23-giugno-in-piazza-maggiore\/#primaryimage"},"thumbnailUrl":"http:\/\/www.bellunopress.it\/wp-content\/uploads\/2009\/06\/foto-ambramarie6-leggera.jpg","datePublished":"2009-06-22T16:34:20+00:00","dateModified":"2009-06-22T16:49:40+00:00","breadcrumb":{"@id":"https:\/\/www.bellunopress.it\/2009\/06\/22\/da-x-factor-a-feltre-concerto-di-ambramarie-il-23-giugno-in-piazza-maggiore\/#breadcrumb"},"inLanguage":"fr-FR","potentialAction":[{"@type":"ReadAction","target":["https:\/\/www.bellunopress.it\/2009\/06\/22\/da-x-factor-a-feltre-concerto-di-ambramarie-il-23-giugno-in-piazza-maggiore\/"]}]},{"@type":"ImageObject","inLanguage":"fr-FR","@id":"https:\/\/www.bellunopress.it\/2009\/06\/22\/da-x-factor-a-feltre-concerto-di-ambramarie-il-23-giugno-in-piazza-maggiore\/#primaryimage","url":"http:\/\/www.bellunopress.it\/wp-content\/uploads\/2009\/06\/foto-ambramarie6-leggera.jpg","contentUrl":"http:\/\/www.bellunopress.it\/wp-content\/uploads\/2009\/06\/foto-ambramarie6-leggera.jpg"},{"@type":"BreadcrumbList","@id":"https:\/\/www.bellunopress.it\/2009\/06\/22\/da-x-factor-a-feltre-concerto-di-ambramarie-il-23-giugno-in-piazza-maggiore\/#breadcrumb","itemListElement":[{"@type":"ListItem","position":1,"name":"Home","item":"https:\/\/www.bellunopress.it\/"},{"@type":"ListItem","position":2,"name":"Da &#8220;X Factor&#8221; a Feltre: concerto di &#8220;AmbraMarie&#8221; domani 23 giugno in Piazza Maggiore"}]},{"@type":"WebSite","@id":"https:\/\/www.bellunopress.it\/#website","url":"https:\/\/www.bellunopress.it\/","name":"Bellunopress - Dolomiti","description":"e-mail: redazione@bellunopress.it","publisher":{"@id":"https:\/\/www.bellunopress.it\/#organization"},"potentialAction":[{"@type":"SearchAction","target":{"@type":"EntryPoint","urlTemplate":"https:\/\/www.bellunopress.it\/?s={search_term_string}"},"query-input":{"@type":"PropertyValueSpecification","valueRequired":true,"valueName":"search_term_string"}}],"inLanguage":"fr-FR"},{"@type":"Organization","@id":"https:\/\/www.bellunopress.it\/#organization","name":"Bellunopress","url":"https:\/\/www.bellunopress.it\/","logo":{"@type":"ImageObject","inLanguage":"fr-FR","@id":"https:\/\/www.bellunopress.it\/#\/schema\/logo\/image\/","url":"https:\/\/www.bellunopress.it\/wp-content\/uploads\/2011\/05\/cropped-logo-bellunopress-.jpg","contentUrl":"https:\/\/www.bellunopress.it\/wp-content\/uploads\/2011\/05\/cropped-logo-bellunopress-.jpg","width":512,"height":512,"caption":"Bellunopress"},"image":{"@id":"https:\/\/www.bellunopress.it\/#\/schema\/logo\/image\/"},"sameAs":["https:\/\/www.facebook.com\/profile.php?id=100008943462799","https:\/\/x.com\/bellunopress","https:\/\/www.linkedin.com\/hp\/?dnr=JBzUWaJfMUw8vbXJJ2tVW5-I3jZKvC4wsoxE&amp;amp;amp;amp;amp;amp;trk=nav_responsive_tab_home","https:\/\/www.youtube.com\/channel\/UCxL0wu1uN0_3_7hGG0306cw"]},{"@type":"Person","@id":"https:\/\/www.bellunopress.it\/#\/schema\/person\/79bb06722b37ece1c03d3e94beb30d73","name":"r\u00e9daction","image":{"@type":"ImageObject","inLanguage":"fr-FR","@id":"https:\/\/secure.gravatar.com\/avatar\/37d968a2e67a6fd04c169c4bdef102d0bc5d31b2546345219e348575eb80e9a0?s=96&d=mm&r=g","url":"https:\/\/secure.gravatar.com\/avatar\/37d968a2e67a6fd04c169c4bdef102d0bc5d31b2546345219e348575eb80e9a0?s=96&d=mm&r=g","contentUrl":"https:\/\/secure.gravatar.com\/avatar\/37d968a2e67a6fd04c169c4bdef102d0bc5d31b2546345219e348575eb80e9a0?s=96&d=mm&r=g","caption":"redazione"},"sameAs":["http:\/\/www.bellunopress.it","https:\/\/x.com\/bellunopress"],"url":"https:\/\/www.bellunopress.it\/fr\/author\/redazione\/"}]}},"_links":{"self":[{"href":"https:\/\/www.bellunopress.it\/fr\/wp-json\/wp\/v2\/posts\/5024","targetHints":{"allow":["GET"]}}],"collection":[{"href":"https:\/\/www.bellunopress.it\/fr\/wp-json\/wp\/v2\/posts"}],"about":[{"href":"https:\/\/www.bellunopress.it\/fr\/wp-json\/wp\/v2\/types\/post"}],"author":[{"embeddable":true,"href":"https:\/\/www.bellunopress.it\/fr\/wp-json\/wp\/v2\/users\/2"}],"replies":[{"embeddable":true,"href":"https:\/\/www.bellunopress.it\/fr\/wp-json\/wp\/v2\/comments?post=5024"}],"version-history":[{"count":3,"href":"https:\/\/www.bellunopress.it\/fr\/wp-json\/wp\/v2\/posts\/5024\/revisions"}],"predecessor-version":[{"id":5247,"href":"https:\/\/www.bellunopress.it\/fr\/wp-json\/wp\/v2\/posts\/5024\/revisions\/5247"}],"wp:attachment":[{"href":"https:\/\/www.bellunopress.it\/fr\/wp-json\/wp\/v2\/media?parent=5024"}],"wp:term":[{"taxonomy":"category","embeddable":true,"href":"https:\/\/www.bellunopress.it\/fr\/wp-json\/wp\/v2\/categories?post=5024"},{"taxonomy":"post_tag","embeddable":true,"href":"https:\/\/www.bellunopress.it\/fr\/wp-json\/wp\/v2\/tags?post=5024"}],"curies":[{"name":"wp","href":"https:\/\/api.w.org\/{rel}","templated":true}]}}