{"id":5017,"date":"2009-06-17T17:18:38","date_gmt":"2009-06-17T16:18:38","guid":{"rendered":"http:\/\/www.bellunopress.it\/?p=5017"},"modified":"2009-06-17T17:26:48","modified_gmt":"2009-06-17T16:26:48","slug":"attenzione-alle-uscite-in-montagna-il-soccorso-alpino-mette-in-guardia-gli-escursionisti","status":"publish","type":"post","link":"https:\/\/www.bellunopress.it\/fr\/2009\/06\/17\/attenzione-alle-uscite-in-montagna-il-soccorso-alpino-mette-in-guardia-gli-escursionisti\/","title":{"rendered":"&#8220;Attenzione alle uscite in montagna&#8221;, il Soccorso Alpino mette in guardia gli escursionisti"},"content":{"rendered":"<p><a href=\"http:\/\/www.bellunopress.it\/wp-content\/uploads\/2009\/06\/ferrate1-leggera.jpg\"><img loading=\"lazy\" decoding=\"async\" class=\"alignleft size-medium wp-image-5019\" title=\"ferrate1-leggera\" src=\"http:\/\/www.bellunopress.it\/wp-content\/uploads\/2009\/06\/ferrate1-leggera.jpg\" alt=\"\" width=\"270\" height=\"203\" \/><\/a>Dopo gli ultimi incidenti gravi occorsi in montagna il Soccorso Alpino ricorda alcune precauzioni fondamentali per non correre inutili rischi. In seguito alle eccezionali precipitazioni nevose dei mesi scorsi, accumuli di neve infatti persistono in modo importante su gran parte delle Dolomiti, alle quote pi\u00f9 alte ma, in talune esposizioni, anche alle quote medie. &#8220;Per chi si accinge ad effettuare salite alpinistiche oppure a percorrere vie ferrate, sentieri attrezzati o qualsiasi sentiero di qualsivoglia difficolt\u00e0, si consiglia di informarsi preventivamente e in modo serio sullo stato di percorribilit\u00e0 dei tracciati, nonch\u00e9 degli accessi e delle vie di ritorno, dotandosi dell\u2019attrezzatura adeguata a percorrere in sicurezza gli itinerari scelti &#8211; premette il vicedelegato del Soccorso alpino bellunese Gianni Mezzomo &#8211; riguardo ai sentieri in genere, in molte situazioni, anche per lunghi tratti, segnavia e segnaletica varia ancora nascosti dalla spessa coltre nevosa possono rappresentare una difficolt\u00e0 nell\u2019individuare la giusta direzione da seguire o comunque dilatare i tempi di percorrenza&#8221;. Sulle vie ferrate e sui sentieri attrezzati inoltre a essere ancora sommersi possono essere proprio le funi, i pioli, i fittoni, il che pu\u00f2 rendere difficoltosa l\u2019autoassicurazione alle attrezzature di sicurezza. &#8220;All\u2019uscita delle vie di arrampicata c\u2019\u00e8 da prestare particolare attenzione al molto materiale detritico reso instabile dal movimento della neve e dall\u2019azione di gelo e disgelo &#8211; continua Mezzomo &#8211;\u00a0 per lo stesso motivo occorre evitare di sostare a lungo alla base di pareti rocciose e all\u2019interno di canaloni. Per l\u2019attraversamento di canali e pendii innevati poi, anche se per brevi tratti, \u00e8 necessario mettere in atto le opportune manovre di sicurezza per proteggersi da scivolate accidentali&#8221;. Quindi corda, piccozza e ramponi, dovrebbero completare l\u2019attrezzatura di quanti nelle prossime settimane vorranno frequentare le Dolomiti autonomamente o eventualmente scegliendo di farsi accompagnare dalle Guide alpine. &#8220;Vale poi sempre il buon senso e la scelta del &#8216;tornare indietro&#8217; e rinunciare di fronte all\u2019imprevisto e comunque prima di mettersi in situazioni pericolose, prestando particolare attenzione a non superare i propri e gli altrui limiti, tenendo conto dell\u2019ambiente circostante e di tutte le variabili che lo compongono&#8221;, conclude Gianni Mezzomo.<\/p>","protected":false},"excerpt":{"rendered":"<p>Dopo gli ultimi incidenti gravi occorsi in montagna il Soccorso Alpino ricorda alcune precauzioni fondamentali per non correre inutili rischi. In seguito alle eccezionali precipitazioni nevose dei mesi scorsi, accumuli di neve infatti persistono in modo importante su gran parte delle Dolomiti, alle quote pi\u00f9 alte ma, in talune esposizioni, anche alle quote medie. &#8220;Per [&hellip;]<\/p>\n","protected":false},"author":2,"featured_media":0,"comment_status":"closed","ping_status":"open","sticky":false,"template":"","format":"standard","meta":{"footnotes":""},"categories":[5,26],"tags":[23],"class_list":["post-5017","post","type-post","status-publish","format-standard","category-cronaca","category-prima-pagina","tag-salp"],"yoast_head":"<!-- This site is optimized with the Yoast SEO plugin v28.4 - https:\/\/yoast.com\/product\/yoast-seo-wordpress\/ -->\n<title>&quot;Attenzione alle uscite in montagna&quot;, il Soccorso Alpino mette in guardia gli escursionisti - Bellunopress - Dolomiti<\/title>\n<meta name=\"robots\" content=\"index, follow, max-snippet:-1, max-image-preview:large, max-video-preview:-1\" \/>\n<link rel=\"canonical\" href=\"https:\/\/www.bellunopress.it\/fr\/2009\/06\/17\/attenzione-alle-uscite-in-montagna-il-soccorso-alpino-mette-in-guardia-gli-escursionisti\/\" \/>\n<meta property=\"og:locale\" content=\"fr_FR\" \/>\n<meta property=\"og:type\" content=\"article\" \/>\n<meta property=\"og:title\" content=\"&quot;Attenzione alle uscite in montagna&quot;, il Soccorso Alpino mette in guardia gli escursionisti - Bellunopress - Dolomiti\" \/>\n<meta property=\"og:description\" content=\"Dopo gli ultimi incidenti gravi occorsi in montagna il Soccorso Alpino ricorda alcune precauzioni fondamentali per non correre inutili rischi. In seguito alle eccezionali precipitazioni nevose dei mesi scorsi, accumuli di neve infatti persistono in modo importante su gran parte delle Dolomiti, alle quote pi\u00f9 alte ma, in talune esposizioni, anche alle quote medie. &#8220;Per [&hellip;]\" \/>\n<meta property=\"og:url\" content=\"https:\/\/www.bellunopress.it\/fr\/2009\/06\/17\/attenzione-alle-uscite-in-montagna-il-soccorso-alpino-mette-in-guardia-gli-escursionisti\/\" \/>\n<meta property=\"og:site_name\" content=\"Bellunopress - Dolomiti\" \/>\n<meta property=\"article:publisher\" content=\"https:\/\/www.facebook.com\/profile.php?id=100008943462799\" \/>\n<meta property=\"article:published_time\" content=\"2009-06-17T16:18:38+00:00\" \/>\n<meta property=\"article:modified_time\" content=\"2009-06-17T16:26:48+00:00\" \/>\n<meta property=\"og:image\" content=\"http:\/\/www.bellunopress.it\/wp-content\/uploads\/2009\/06\/ferrate1-leggera.jpg\" \/>\n<meta name=\"author\" content=\"redazione\" \/>\n<meta name=\"twitter:card\" content=\"summary_large_image\" \/>\n<meta name=\"twitter:creator\" content=\"@bellunopress\" \/>\n<meta name=\"twitter:site\" content=\"@bellunopress\" \/>\n<meta name=\"twitter:label1\" content=\"\u00c9crit par\" \/>\n\t<meta name=\"twitter:data1\" content=\"redazione\" \/>\n\t<meta name=\"twitter:label2\" content=\"Dur\u00e9e de lecture estim\u00e9e\" \/>\n\t<meta name=\"twitter:data2\" content=\"2 minutes\" \/>\n<script type=\"application\/ld+json\" class=\"yoast-schema-graph\">{\"@context\":\"https:\\\/\\\/schema.org\",\"@graph\":[{\"@type\":\"Article\",\"@id\":\"https:\\\/\\\/www.bellunopress.it\\\/2009\\\/06\\\/17\\\/attenzione-alle-uscite-in-montagna-il-soccorso-alpino-mette-in-guardia-gli-escursionisti\\\/#article\",\"isPartOf\":{\"@id\":\"https:\\\/\\\/www.bellunopress.it\\\/2009\\\/06\\\/17\\\/attenzione-alle-uscite-in-montagna-il-soccorso-alpino-mette-in-guardia-gli-escursionisti\\\/\"},\"author\":{\"name\":\"redazione\",\"@id\":\"https:\\\/\\\/www.bellunopress.it\\\/#\\\/schema\\\/person\\\/79bb06722b37ece1c03d3e94beb30d73\"},\"headline\":\"&#8220;Attenzione alle uscite in montagna&#8221;, il Soccorso Alpino mette in guardia gli escursionisti\",\"datePublished\":\"2009-06-17T16:18:38+00:00\",\"dateModified\":\"2009-06-17T16:26:48+00:00\",\"mainEntityOfPage\":{\"@id\":\"https:\\\/\\\/www.bellunopress.it\\\/2009\\\/06\\\/17\\\/attenzione-alle-uscite-in-montagna-il-soccorso-alpino-mette-in-guardia-gli-escursionisti\\\/\"},\"wordCount\":367,\"publisher\":{\"@id\":\"https:\\\/\\\/www.bellunopress.it\\\/#organization\"},\"image\":{\"@id\":\"https:\\\/\\\/www.bellunopress.it\\\/2009\\\/06\\\/17\\\/attenzione-alle-uscite-in-montagna-il-soccorso-alpino-mette-in-guardia-gli-escursionisti\\\/#primaryimage\"},\"thumbnailUrl\":\"http:\\\/\\\/www.bellunopress.it\\\/wp-content\\\/uploads\\\/2009\\\/06\\\/ferrate1-leggera.jpg\",\"keywords\":[\"Soccorso Alpino\"],\"articleSection\":[\"Cronaca\\\/Politica\",\"Prima Pagina\"],\"inLanguage\":\"fr-FR\"},{\"@type\":\"WebPage\",\"@id\":\"https:\\\/\\\/www.bellunopress.it\\\/2009\\\/06\\\/17\\\/attenzione-alle-uscite-in-montagna-il-soccorso-alpino-mette-in-guardia-gli-escursionisti\\\/\",\"url\":\"https:\\\/\\\/www.bellunopress.it\\\/2009\\\/06\\\/17\\\/attenzione-alle-uscite-in-montagna-il-soccorso-alpino-mette-in-guardia-gli-escursionisti\\\/\",\"name\":\"\\\"Attenzione alle uscite in montagna\\\", il Soccorso Alpino mette in guardia gli escursionisti - Bellunopress - Dolomiti\",\"isPartOf\":{\"@id\":\"https:\\\/\\\/www.bellunopress.it\\\/#website\"},\"primaryImageOfPage\":{\"@id\":\"https:\\\/\\\/www.bellunopress.it\\\/2009\\\/06\\\/17\\\/attenzione-alle-uscite-in-montagna-il-soccorso-alpino-mette-in-guardia-gli-escursionisti\\\/#primaryimage\"},\"image\":{\"@id\":\"https:\\\/\\\/www.bellunopress.it\\\/2009\\\/06\\\/17\\\/attenzione-alle-uscite-in-montagna-il-soccorso-alpino-mette-in-guardia-gli-escursionisti\\\/#primaryimage\"},\"thumbnailUrl\":\"http:\\\/\\\/www.bellunopress.it\\\/wp-content\\\/uploads\\\/2009\\\/06\\\/ferrate1-leggera.jpg\",\"datePublished\":\"2009-06-17T16:18:38+00:00\",\"dateModified\":\"2009-06-17T16:26:48+00:00\",\"breadcrumb\":{\"@id\":\"https:\\\/\\\/www.bellunopress.it\\\/2009\\\/06\\\/17\\\/attenzione-alle-uscite-in-montagna-il-soccorso-alpino-mette-in-guardia-gli-escursionisti\\\/#breadcrumb\"},\"inLanguage\":\"fr-FR\",\"potentialAction\":[{\"@type\":\"ReadAction\",\"target\":[\"https:\\\/\\\/www.bellunopress.it\\\/2009\\\/06\\\/17\\\/attenzione-alle-uscite-in-montagna-il-soccorso-alpino-mette-in-guardia-gli-escursionisti\\\/\"]}]},{\"@type\":\"ImageObject\",\"inLanguage\":\"fr-FR\",\"@id\":\"https:\\\/\\\/www.bellunopress.it\\\/2009\\\/06\\\/17\\\/attenzione-alle-uscite-in-montagna-il-soccorso-alpino-mette-in-guardia-gli-escursionisti\\\/#primaryimage\",\"url\":\"http:\\\/\\\/www.bellunopress.it\\\/wp-content\\\/uploads\\\/2009\\\/06\\\/ferrate1-leggera.jpg\",\"contentUrl\":\"http:\\\/\\\/www.bellunopress.it\\\/wp-content\\\/uploads\\\/2009\\\/06\\\/ferrate1-leggera.jpg\"},{\"@type\":\"BreadcrumbList\",\"@id\":\"https:\\\/\\\/www.bellunopress.it\\\/2009\\\/06\\\/17\\\/attenzione-alle-uscite-in-montagna-il-soccorso-alpino-mette-in-guardia-gli-escursionisti\\\/#breadcrumb\",\"itemListElement\":[{\"@type\":\"ListItem\",\"position\":1,\"name\":\"Home\",\"item\":\"https:\\\/\\\/www.bellunopress.it\\\/\"},{\"@type\":\"ListItem\",\"position\":2,\"name\":\"&#8220;Attenzione alle uscite in montagna&#8221;, il Soccorso Alpino mette in guardia gli escursionisti\"}]},{\"@type\":\"WebSite\",\"@id\":\"https:\\\/\\\/www.bellunopress.it\\\/#website\",\"url\":\"https:\\\/\\\/www.bellunopress.it\\\/\",\"name\":\"Bellunopress - Dolomiti\",\"description\":\"e-mail: redazione@bellunopress.it\",\"publisher\":{\"@id\":\"https:\\\/\\\/www.bellunopress.it\\\/#organization\"},\"potentialAction\":[{\"@type\":\"SearchAction\",\"target\":{\"@type\":\"EntryPoint\",\"urlTemplate\":\"https:\\\/\\\/www.bellunopress.it\\\/?s={search_term_string}\"},\"query-input\":{\"@type\":\"PropertyValueSpecification\",\"valueRequired\":true,\"valueName\":\"search_term_string\"}}],\"inLanguage\":\"fr-FR\"},{\"@type\":\"Organization\",\"@id\":\"https:\\\/\\\/www.bellunopress.it\\\/#organization\",\"name\":\"Bellunopress\",\"url\":\"https:\\\/\\\/www.bellunopress.it\\\/\",\"logo\":{\"@type\":\"ImageObject\",\"inLanguage\":\"fr-FR\",\"@id\":\"https:\\\/\\\/www.bellunopress.it\\\/#\\\/schema\\\/logo\\\/image\\\/\",\"url\":\"https:\\\/\\\/www.bellunopress.it\\\/wp-content\\\/uploads\\\/2011\\\/05\\\/cropped-logo-bellunopress-.jpg\",\"contentUrl\":\"https:\\\/\\\/www.bellunopress.it\\\/wp-content\\\/uploads\\\/2011\\\/05\\\/cropped-logo-bellunopress-.jpg\",\"width\":512,\"height\":512,\"caption\":\"Bellunopress\"},\"image\":{\"@id\":\"https:\\\/\\\/www.bellunopress.it\\\/#\\\/schema\\\/logo\\\/image\\\/\"},\"sameAs\":[\"https:\\\/\\\/www.facebook.com\\\/profile.php?id=100008943462799\",\"https:\\\/\\\/x.com\\\/bellunopress\",\"https:\\\/\\\/www.linkedin.com\\\/hp\\\/?dnr=JBzUWaJfMUw8vbXJJ2tVW5-I3jZKvC4wsoxE&amp;amp;amp;amp;amp;amp;trk=nav_responsive_tab_home\",\"https:\\\/\\\/www.youtube.com\\\/channel\\\/UCxL0wu1uN0_3_7hGG0306cw\"]},{\"@type\":\"Person\",\"@id\":\"https:\\\/\\\/www.bellunopress.it\\\/#\\\/schema\\\/person\\\/79bb06722b37ece1c03d3e94beb30d73\",\"name\":\"redazione\",\"image\":{\"@type\":\"ImageObject\",\"inLanguage\":\"fr-FR\",\"@id\":\"https:\\\/\\\/secure.gravatar.com\\\/avatar\\\/37d968a2e67a6fd04c169c4bdef102d0bc5d31b2546345219e348575eb80e9a0?s=96&d=mm&r=g\",\"url\":\"https:\\\/\\\/secure.gravatar.com\\\/avatar\\\/37d968a2e67a6fd04c169c4bdef102d0bc5d31b2546345219e348575eb80e9a0?s=96&d=mm&r=g\",\"contentUrl\":\"https:\\\/\\\/secure.gravatar.com\\\/avatar\\\/37d968a2e67a6fd04c169c4bdef102d0bc5d31b2546345219e348575eb80e9a0?s=96&d=mm&r=g\",\"caption\":\"redazione\"},\"sameAs\":[\"http:\\\/\\\/www.bellunopress.it\",\"https:\\\/\\\/x.com\\\/bellunopress\"],\"url\":\"https:\\\/\\\/www.bellunopress.it\\\/fr\\\/author\\\/redazione\\\/\"}]}<\/script>\n<!-- \/ Yoast SEO plugin. -->","yoast_head_json":{"title":"\"Attenzione alle uscite in montagna\", il Soccorso Alpino mette in guardia gli escursionisti - Bellunopress - Dolomiti","robots":{"index":"index","follow":"follow","max-snippet":"max-snippet:-1","max-image-preview":"max-image-preview:large","max-video-preview":"max-video-preview:-1"},"canonical":"https:\/\/www.bellunopress.it\/fr\/2009\/06\/17\/attenzione-alle-uscite-in-montagna-il-soccorso-alpino-mette-in-guardia-gli-escursionisti\/","og_locale":"fr_FR","og_type":"article","og_title":"\"Attenzione alle uscite in montagna\", il Soccorso Alpino mette in guardia gli escursionisti - Bellunopress - Dolomiti","og_description":"Dopo gli ultimi incidenti gravi occorsi in montagna il Soccorso Alpino ricorda alcune precauzioni fondamentali per non correre inutili rischi. In seguito alle eccezionali precipitazioni nevose dei mesi scorsi, accumuli di neve infatti persistono in modo importante su gran parte delle Dolomiti, alle quote pi\u00f9 alte ma, in talune esposizioni, anche alle quote medie. &#8220;Per [&hellip;]","og_url":"https:\/\/www.bellunopress.it\/fr\/2009\/06\/17\/attenzione-alle-uscite-in-montagna-il-soccorso-alpino-mette-in-guardia-gli-escursionisti\/","og_site_name":"Bellunopress - Dolomiti","article_publisher":"https:\/\/www.facebook.com\/profile.php?id=100008943462799","article_published_time":"2009-06-17T16:18:38+00:00","article_modified_time":"2009-06-17T16:26:48+00:00","og_image":[{"url":"http:\/\/www.bellunopress.it\/wp-content\/uploads\/2009\/06\/ferrate1-leggera.jpg","type":"","width":"","height":""}],"author":"redazione","twitter_card":"summary_large_image","twitter_creator":"@bellunopress","twitter_site":"@bellunopress","twitter_misc":{"\u00c9crit par":"redazione","Dur\u00e9e de lecture estim\u00e9e":"2 minutes"},"schema":{"@context":"https:\/\/schema.org","@graph":[{"@type":"Article","@id":"https:\/\/www.bellunopress.it\/2009\/06\/17\/attenzione-alle-uscite-in-montagna-il-soccorso-alpino-mette-in-guardia-gli-escursionisti\/#article","isPartOf":{"@id":"https:\/\/www.bellunopress.it\/2009\/06\/17\/attenzione-alle-uscite-in-montagna-il-soccorso-alpino-mette-in-guardia-gli-escursionisti\/"},"author":{"name":"redazione","@id":"https:\/\/www.bellunopress.it\/#\/schema\/person\/79bb06722b37ece1c03d3e94beb30d73"},"headline":"&#8220;Attenzione alle uscite in montagna&#8221;, il Soccorso Alpino mette in guardia gli escursionisti","datePublished":"2009-06-17T16:18:38+00:00","dateModified":"2009-06-17T16:26:48+00:00","mainEntityOfPage":{"@id":"https:\/\/www.bellunopress.it\/2009\/06\/17\/attenzione-alle-uscite-in-montagna-il-soccorso-alpino-mette-in-guardia-gli-escursionisti\/"},"wordCount":367,"publisher":{"@id":"https:\/\/www.bellunopress.it\/#organization"},"image":{"@id":"https:\/\/www.bellunopress.it\/2009\/06\/17\/attenzione-alle-uscite-in-montagna-il-soccorso-alpino-mette-in-guardia-gli-escursionisti\/#primaryimage"},"thumbnailUrl":"http:\/\/www.bellunopress.it\/wp-content\/uploads\/2009\/06\/ferrate1-leggera.jpg","keywords":["Soccorso Alpino"],"articleSection":["Cronaca\/Politica","Prima Pagina"],"inLanguage":"fr-FR"},{"@type":"WebPage","@id":"https:\/\/www.bellunopress.it\/2009\/06\/17\/attenzione-alle-uscite-in-montagna-il-soccorso-alpino-mette-in-guardia-gli-escursionisti\/","url":"https:\/\/www.bellunopress.it\/2009\/06\/17\/attenzione-alle-uscite-in-montagna-il-soccorso-alpino-mette-in-guardia-gli-escursionisti\/","name":"\"Attenzione alle uscite in montagna\", il Soccorso Alpino mette in guardia gli escursionisti - Bellunopress - Dolomiti","isPartOf":{"@id":"https:\/\/www.bellunopress.it\/#website"},"primaryImageOfPage":{"@id":"https:\/\/www.bellunopress.it\/2009\/06\/17\/attenzione-alle-uscite-in-montagna-il-soccorso-alpino-mette-in-guardia-gli-escursionisti\/#primaryimage"},"image":{"@id":"https:\/\/www.bellunopress.it\/2009\/06\/17\/attenzione-alle-uscite-in-montagna-il-soccorso-alpino-mette-in-guardia-gli-escursionisti\/#primaryimage"},"thumbnailUrl":"http:\/\/www.bellunopress.it\/wp-content\/uploads\/2009\/06\/ferrate1-leggera.jpg","datePublished":"2009-06-17T16:18:38+00:00","dateModified":"2009-06-17T16:26:48+00:00","breadcrumb":{"@id":"https:\/\/www.bellunopress.it\/2009\/06\/17\/attenzione-alle-uscite-in-montagna-il-soccorso-alpino-mette-in-guardia-gli-escursionisti\/#breadcrumb"},"inLanguage":"fr-FR","potentialAction":[{"@type":"ReadAction","target":["https:\/\/www.bellunopress.it\/2009\/06\/17\/attenzione-alle-uscite-in-montagna-il-soccorso-alpino-mette-in-guardia-gli-escursionisti\/"]}]},{"@type":"ImageObject","inLanguage":"fr-FR","@id":"https:\/\/www.bellunopress.it\/2009\/06\/17\/attenzione-alle-uscite-in-montagna-il-soccorso-alpino-mette-in-guardia-gli-escursionisti\/#primaryimage","url":"http:\/\/www.bellunopress.it\/wp-content\/uploads\/2009\/06\/ferrate1-leggera.jpg","contentUrl":"http:\/\/www.bellunopress.it\/wp-content\/uploads\/2009\/06\/ferrate1-leggera.jpg"},{"@type":"BreadcrumbList","@id":"https:\/\/www.bellunopress.it\/2009\/06\/17\/attenzione-alle-uscite-in-montagna-il-soccorso-alpino-mette-in-guardia-gli-escursionisti\/#breadcrumb","itemListElement":[{"@type":"ListItem","position":1,"name":"Home","item":"https:\/\/www.bellunopress.it\/"},{"@type":"ListItem","position":2,"name":"&#8220;Attenzione alle uscite in montagna&#8221;, il Soccorso Alpino mette in guardia gli escursionisti"}]},{"@type":"WebSite","@id":"https:\/\/www.bellunopress.it\/#website","url":"https:\/\/www.bellunopress.it\/","name":"Bellunopress - Dolomiti","description":"e-mail: redazione@bellunopress.it","publisher":{"@id":"https:\/\/www.bellunopress.it\/#organization"},"potentialAction":[{"@type":"SearchAction","target":{"@type":"EntryPoint","urlTemplate":"https:\/\/www.bellunopress.it\/?s={search_term_string}"},"query-input":{"@type":"PropertyValueSpecification","valueRequired":true,"valueName":"search_term_string"}}],"inLanguage":"fr-FR"},{"@type":"Organization","@id":"https:\/\/www.bellunopress.it\/#organization","name":"Bellunopress","url":"https:\/\/www.bellunopress.it\/","logo":{"@type":"ImageObject","inLanguage":"fr-FR","@id":"https:\/\/www.bellunopress.it\/#\/schema\/logo\/image\/","url":"https:\/\/www.bellunopress.it\/wp-content\/uploads\/2011\/05\/cropped-logo-bellunopress-.jpg","contentUrl":"https:\/\/www.bellunopress.it\/wp-content\/uploads\/2011\/05\/cropped-logo-bellunopress-.jpg","width":512,"height":512,"caption":"Bellunopress"},"image":{"@id":"https:\/\/www.bellunopress.it\/#\/schema\/logo\/image\/"},"sameAs":["https:\/\/www.facebook.com\/profile.php?id=100008943462799","https:\/\/x.com\/bellunopress","https:\/\/www.linkedin.com\/hp\/?dnr=JBzUWaJfMUw8vbXJJ2tVW5-I3jZKvC4wsoxE&amp;amp;amp;amp;amp;amp;trk=nav_responsive_tab_home","https:\/\/www.youtube.com\/channel\/UCxL0wu1uN0_3_7hGG0306cw"]},{"@type":"Person","@id":"https:\/\/www.bellunopress.it\/#\/schema\/person\/79bb06722b37ece1c03d3e94beb30d73","name":"r\u00e9daction","image":{"@type":"ImageObject","inLanguage":"fr-FR","@id":"https:\/\/secure.gravatar.com\/avatar\/37d968a2e67a6fd04c169c4bdef102d0bc5d31b2546345219e348575eb80e9a0?s=96&d=mm&r=g","url":"https:\/\/secure.gravatar.com\/avatar\/37d968a2e67a6fd04c169c4bdef102d0bc5d31b2546345219e348575eb80e9a0?s=96&d=mm&r=g","contentUrl":"https:\/\/secure.gravatar.com\/avatar\/37d968a2e67a6fd04c169c4bdef102d0bc5d31b2546345219e348575eb80e9a0?s=96&d=mm&r=g","caption":"redazione"},"sameAs":["http:\/\/www.bellunopress.it","https:\/\/x.com\/bellunopress"],"url":"https:\/\/www.bellunopress.it\/fr\/author\/redazione\/"}]}},"_links":{"self":[{"href":"https:\/\/www.bellunopress.it\/fr\/wp-json\/wp\/v2\/posts\/5017","targetHints":{"allow":["GET"]}}],"collection":[{"href":"https:\/\/www.bellunopress.it\/fr\/wp-json\/wp\/v2\/posts"}],"about":[{"href":"https:\/\/www.bellunopress.it\/fr\/wp-json\/wp\/v2\/types\/post"}],"author":[{"embeddable":true,"href":"https:\/\/www.bellunopress.it\/fr\/wp-json\/wp\/v2\/users\/2"}],"replies":[{"embeddable":true,"href":"https:\/\/www.bellunopress.it\/fr\/wp-json\/wp\/v2\/comments?post=5017"}],"version-history":[{"count":4,"href":"https:\/\/www.bellunopress.it\/fr\/wp-json\/wp\/v2\/posts\/5017\/revisions"}],"predecessor-version":[{"id":5022,"href":"https:\/\/www.bellunopress.it\/fr\/wp-json\/wp\/v2\/posts\/5017\/revisions\/5022"}],"wp:attachment":[{"href":"https:\/\/www.bellunopress.it\/fr\/wp-json\/wp\/v2\/media?parent=5017"}],"wp:term":[{"taxonomy":"category","embeddable":true,"href":"https:\/\/www.bellunopress.it\/fr\/wp-json\/wp\/v2\/categories?post=5017"},{"taxonomy":"post_tag","embeddable":true,"href":"https:\/\/www.bellunopress.it\/fr\/wp-json\/wp\/v2\/tags?post=5017"}],"curies":[{"name":"wp","href":"https:\/\/api.w.org\/{rel}","templated":true}]}}