{"id":5013,"date":"2009-06-17T17:09:03","date_gmt":"2009-06-17T16:09:03","guid":{"rendered":"http:\/\/www.bellunopress.it\/?p=5013"},"modified":"2009-06-17T17:09:03","modified_gmt":"2009-06-17T16:09:03","slug":"vent-respiri-due-appuntamenti-sul-tema-della-sofferenza-psichica-organizzati-dallaitsam","status":"publish","type":"post","link":"https:\/\/www.bellunopress.it\/fr\/2009\/06\/17\/vent-respiri-due-appuntamenti-sul-tema-della-sofferenza-psichica-organizzati-dallaitsam\/","title":{"rendered":"Vent-Respiri: due appuntamenti sul tema della sofferenza psichica organizzati dall&#8217;Aitsam"},"content":{"rendered":"<p>Il Gruppo \u201cIl Gabbiano\u201d di Belluno ha organizzato una due giorni sui temi della salute mentale. Venerd\u00ec 19 giugno alle 20.30 al Centro diocesano Giovani XXIII di Belluno il gruppo che annovera tra i componenti anche persone con disagio psichico, metter\u00e0 in scena la rappresentazione \u201cVent-Respiri\u201d, per la regia di Loredana Manfr\u00e8, mentre il giorno successivo, sabato 20 giugno, sempre al Centro diocesano bellunese alle 20.30, una serata intitolata \u201cIl bisogno di condividere vince la voglia di riservatezza\u201d, con lo spettacolo \u201cLe ultime lune\u201d per la regia di Mimmo Magnano, seguita da una conversazione tra i presenti che conter\u00e0 sulla partecipazione di Bruno Forti, responsabile del Dipartimento di salute mentale di Belluno. Un appuntamento annuale, quello de \u201cIl Gabbiano\u201d, gruppo nato su sollecitazione dell\u2019Aitsam, Associazione per la tutela della salute mentale presieduta in provincia di Belluno da Vittorio De Battista, che mira a far meglio conoscere al pubblico le tematiche della salute mentale e sciogliere i pregiudizi su una sofferenza che fa ancora troppa paura. La rappresentazione quest\u2019anno riguarda in particolare la relazione interpersonale. Attraverso la musica, la danza, le parole e la poesia, la trama dello spettacolo porta alla luce i rapporti tra un padre e una figlia nel ricordo della moglie morta. Uno spettacolo delicato e foriero di emozioni, quello messo in scena dal gruppo Il Gabbiano e dalla compagnia \u201cDeposito bagagli-Teatro citt\u00e0\u201d.\u00a0 Alle due serate \u00e8 invitata la popolazione, chiamata a condividere esperienze e sensazioni<\/p>","protected":false},"excerpt":{"rendered":"<p>Il Gruppo \u201cIl Gabbiano\u201d di Belluno ha organizzato una due giorni sui temi della salute mentale. Venerd\u00ec 19 giugno alle 20.30 al Centro diocesano Giovani XXIII di Belluno il gruppo che annovera tra i componenti anche persone con disagio psichico, metter\u00e0 in scena la rappresentazione \u201cVent-Respiri\u201d, per la regia di Loredana Manfr\u00e8, mentre il giorno [&hellip;]<\/p>\n","protected":false},"author":2,"featured_media":0,"comment_status":"closed","ping_status":"open","sticky":false,"template":"","format":"standard","meta":{"footnotes":""},"categories":[17],"tags":[3050],"class_list":["post-5013","post","type-post","status-publish","format-standard","category-sanita","tag-sanita"],"yoast_head":"<!-- This site is optimized with the Yoast SEO plugin v28.4 - https:\/\/yoast.com\/product\/yoast-seo-wordpress\/ -->\n<title>Vent-Respiri: due appuntamenti sul tema della sofferenza psichica organizzati dall&#039;Aitsam - Bellunopress - Dolomiti<\/title>\n<meta name=\"robots\" content=\"index, follow, max-snippet:-1, max-image-preview:large, max-video-preview:-1\" \/>\n<link rel=\"canonical\" href=\"https:\/\/www.bellunopress.it\/fr\/2009\/06\/17\/vent-respiri-due-appuntamenti-sul-tema-della-sofferenza-psichica-organizzati-dallaitsam\/\" \/>\n<meta property=\"og:locale\" content=\"fr_FR\" \/>\n<meta property=\"og:type\" content=\"article\" \/>\n<meta property=\"og:title\" content=\"Vent-Respiri: due appuntamenti sul tema della sofferenza psichica organizzati dall&#039;Aitsam - Bellunopress - Dolomiti\" \/>\n<meta property=\"og:description\" content=\"Il Gruppo \u201cIl Gabbiano\u201d di Belluno ha organizzato una due giorni sui temi della salute mentale. Venerd\u00ec 19 giugno alle 20.30 al Centro diocesano Giovani XXIII di Belluno il gruppo che annovera tra i componenti anche persone con disagio psichico, metter\u00e0 in scena la rappresentazione \u201cVent-Respiri\u201d, per la regia di Loredana Manfr\u00e8, mentre il giorno [&hellip;]\" \/>\n<meta property=\"og:url\" content=\"https:\/\/www.bellunopress.it\/fr\/2009\/06\/17\/vent-respiri-due-appuntamenti-sul-tema-della-sofferenza-psichica-organizzati-dallaitsam\/\" \/>\n<meta property=\"og:site_name\" content=\"Bellunopress - Dolomiti\" \/>\n<meta property=\"article:publisher\" content=\"https:\/\/www.facebook.com\/profile.php?id=100008943462799\" \/>\n<meta property=\"article:published_time\" content=\"2009-06-17T16:09:03+00:00\" \/>\n<meta property=\"og:image\" content=\"http:\/\/www.bellunopress.it\/wp-content\/uploads\/2012\/07\/logo-bellunopress-250x250-2012.jpg\" \/>\n<meta name=\"author\" content=\"redazione\" \/>\n<meta name=\"twitter:card\" content=\"summary_large_image\" \/>\n<meta name=\"twitter:creator\" content=\"@bellunopress\" \/>\n<meta name=\"twitter:site\" content=\"@bellunopress\" \/>\n<meta name=\"twitter:label1\" content=\"\u00c9crit par\" \/>\n\t<meta name=\"twitter:data1\" content=\"redazione\" \/>\n\t<meta name=\"twitter:label2\" content=\"Dur\u00e9e de lecture estim\u00e9e\" \/>\n\t<meta name=\"twitter:data2\" content=\"1 minute\" \/>\n<script type=\"application\/ld+json\" class=\"yoast-schema-graph\">{\"@context\":\"https:\\\/\\\/schema.org\",\"@graph\":[{\"@type\":\"Article\",\"@id\":\"https:\\\/\\\/www.bellunopress.it\\\/2009\\\/06\\\/17\\\/vent-respiri-due-appuntamenti-sul-tema-della-sofferenza-psichica-organizzati-dallaitsam\\\/#article\",\"isPartOf\":{\"@id\":\"https:\\\/\\\/www.bellunopress.it\\\/2009\\\/06\\\/17\\\/vent-respiri-due-appuntamenti-sul-tema-della-sofferenza-psichica-organizzati-dallaitsam\\\/\"},\"author\":{\"name\":\"redazione\",\"@id\":\"https:\\\/\\\/www.bellunopress.it\\\/#\\\/schema\\\/person\\\/79bb06722b37ece1c03d3e94beb30d73\"},\"headline\":\"Vent-Respiri: due appuntamenti sul tema della sofferenza psichica organizzati dall&#8217;Aitsam\",\"datePublished\":\"2009-06-17T16:09:03+00:00\",\"mainEntityOfPage\":{\"@id\":\"https:\\\/\\\/www.bellunopress.it\\\/2009\\\/06\\\/17\\\/vent-respiri-due-appuntamenti-sul-tema-della-sofferenza-psichica-organizzati-dallaitsam\\\/\"},\"wordCount\":246,\"publisher\":{\"@id\":\"https:\\\/\\\/www.bellunopress.it\\\/#organization\"},\"keywords\":[\"Sanit\u00e0\"],\"articleSection\":[\"Sanit\u00e0 Medicina\"],\"inLanguage\":\"fr-FR\"},{\"@type\":\"WebPage\",\"@id\":\"https:\\\/\\\/www.bellunopress.it\\\/2009\\\/06\\\/17\\\/vent-respiri-due-appuntamenti-sul-tema-della-sofferenza-psichica-organizzati-dallaitsam\\\/\",\"url\":\"https:\\\/\\\/www.bellunopress.it\\\/2009\\\/06\\\/17\\\/vent-respiri-due-appuntamenti-sul-tema-della-sofferenza-psichica-organizzati-dallaitsam\\\/\",\"name\":\"Vent-Respiri: due appuntamenti sul tema della sofferenza psichica organizzati dall'Aitsam - Bellunopress - Dolomiti\",\"isPartOf\":{\"@id\":\"https:\\\/\\\/www.bellunopress.it\\\/#website\"},\"datePublished\":\"2009-06-17T16:09:03+00:00\",\"breadcrumb\":{\"@id\":\"https:\\\/\\\/www.bellunopress.it\\\/2009\\\/06\\\/17\\\/vent-respiri-due-appuntamenti-sul-tema-della-sofferenza-psichica-organizzati-dallaitsam\\\/#breadcrumb\"},\"inLanguage\":\"fr-FR\",\"potentialAction\":[{\"@type\":\"ReadAction\",\"target\":[\"https:\\\/\\\/www.bellunopress.it\\\/2009\\\/06\\\/17\\\/vent-respiri-due-appuntamenti-sul-tema-della-sofferenza-psichica-organizzati-dallaitsam\\\/\"]}]},{\"@type\":\"BreadcrumbList\",\"@id\":\"https:\\\/\\\/www.bellunopress.it\\\/2009\\\/06\\\/17\\\/vent-respiri-due-appuntamenti-sul-tema-della-sofferenza-psichica-organizzati-dallaitsam\\\/#breadcrumb\",\"itemListElement\":[{\"@type\":\"ListItem\",\"position\":1,\"name\":\"Home\",\"item\":\"https:\\\/\\\/www.bellunopress.it\\\/\"},{\"@type\":\"ListItem\",\"position\":2,\"name\":\"Vent-Respiri: due appuntamenti sul tema della sofferenza psichica organizzati dall&#8217;Aitsam\"}]},{\"@type\":\"WebSite\",\"@id\":\"https:\\\/\\\/www.bellunopress.it\\\/#website\",\"url\":\"https:\\\/\\\/www.bellunopress.it\\\/\",\"name\":\"Bellunopress - Dolomiti\",\"description\":\"e-mail: redazione@bellunopress.it\",\"publisher\":{\"@id\":\"https:\\\/\\\/www.bellunopress.it\\\/#organization\"},\"potentialAction\":[{\"@type\":\"SearchAction\",\"target\":{\"@type\":\"EntryPoint\",\"urlTemplate\":\"https:\\\/\\\/www.bellunopress.it\\\/?s={search_term_string}\"},\"query-input\":{\"@type\":\"PropertyValueSpecification\",\"valueRequired\":true,\"valueName\":\"search_term_string\"}}],\"inLanguage\":\"fr-FR\"},{\"@type\":\"Organization\",\"@id\":\"https:\\\/\\\/www.bellunopress.it\\\/#organization\",\"name\":\"Bellunopress\",\"url\":\"https:\\\/\\\/www.bellunopress.it\\\/\",\"logo\":{\"@type\":\"ImageObject\",\"inLanguage\":\"fr-FR\",\"@id\":\"https:\\\/\\\/www.bellunopress.it\\\/#\\\/schema\\\/logo\\\/image\\\/\",\"url\":\"https:\\\/\\\/www.bellunopress.it\\\/wp-content\\\/uploads\\\/2011\\\/05\\\/cropped-logo-bellunopress-.jpg\",\"contentUrl\":\"https:\\\/\\\/www.bellunopress.it\\\/wp-content\\\/uploads\\\/2011\\\/05\\\/cropped-logo-bellunopress-.jpg\",\"width\":512,\"height\":512,\"caption\":\"Bellunopress\"},\"image\":{\"@id\":\"https:\\\/\\\/www.bellunopress.it\\\/#\\\/schema\\\/logo\\\/image\\\/\"},\"sameAs\":[\"https:\\\/\\\/www.facebook.com\\\/profile.php?id=100008943462799\",\"https:\\\/\\\/x.com\\\/bellunopress\",\"https:\\\/\\\/www.linkedin.com\\\/hp\\\/?dnr=JBzUWaJfMUw8vbXJJ2tVW5-I3jZKvC4wsoxE&amp;amp;amp;amp;amp;amp;trk=nav_responsive_tab_home\",\"https:\\\/\\\/www.youtube.com\\\/channel\\\/UCxL0wu1uN0_3_7hGG0306cw\"]},{\"@type\":\"Person\",\"@id\":\"https:\\\/\\\/www.bellunopress.it\\\/#\\\/schema\\\/person\\\/79bb06722b37ece1c03d3e94beb30d73\",\"name\":\"redazione\",\"image\":{\"@type\":\"ImageObject\",\"inLanguage\":\"fr-FR\",\"@id\":\"https:\\\/\\\/secure.gravatar.com\\\/avatar\\\/37d968a2e67a6fd04c169c4bdef102d0bc5d31b2546345219e348575eb80e9a0?s=96&d=mm&r=g\",\"url\":\"https:\\\/\\\/secure.gravatar.com\\\/avatar\\\/37d968a2e67a6fd04c169c4bdef102d0bc5d31b2546345219e348575eb80e9a0?s=96&d=mm&r=g\",\"contentUrl\":\"https:\\\/\\\/secure.gravatar.com\\\/avatar\\\/37d968a2e67a6fd04c169c4bdef102d0bc5d31b2546345219e348575eb80e9a0?s=96&d=mm&r=g\",\"caption\":\"redazione\"},\"sameAs\":[\"http:\\\/\\\/www.bellunopress.it\",\"https:\\\/\\\/x.com\\\/bellunopress\"],\"url\":\"https:\\\/\\\/www.bellunopress.it\\\/fr\\\/author\\\/redazione\\\/\"}]}<\/script>\n<!-- \/ Yoast SEO plugin. -->","yoast_head_json":{"title":"Vent-Respiri: due appuntamenti sul tema della sofferenza psichica organizzati dall'Aitsam - Bellunopress - Dolomiti","robots":{"index":"index","follow":"follow","max-snippet":"max-snippet:-1","max-image-preview":"max-image-preview:large","max-video-preview":"max-video-preview:-1"},"canonical":"https:\/\/www.bellunopress.it\/fr\/2009\/06\/17\/vent-respiri-due-appuntamenti-sul-tema-della-sofferenza-psichica-organizzati-dallaitsam\/","og_locale":"fr_FR","og_type":"article","og_title":"Vent-Respiri: due appuntamenti sul tema della sofferenza psichica organizzati dall'Aitsam - Bellunopress - Dolomiti","og_description":"Il Gruppo \u201cIl Gabbiano\u201d di Belluno ha organizzato una due giorni sui temi della salute mentale. Venerd\u00ec 19 giugno alle 20.30 al Centro diocesano Giovani XXIII di Belluno il gruppo che annovera tra i componenti anche persone con disagio psichico, metter\u00e0 in scena la rappresentazione \u201cVent-Respiri\u201d, per la regia di Loredana Manfr\u00e8, mentre il giorno [&hellip;]","og_url":"https:\/\/www.bellunopress.it\/fr\/2009\/06\/17\/vent-respiri-due-appuntamenti-sul-tema-della-sofferenza-psichica-organizzati-dallaitsam\/","og_site_name":"Bellunopress - Dolomiti","article_publisher":"https:\/\/www.facebook.com\/profile.php?id=100008943462799","article_published_time":"2009-06-17T16:09:03+00:00","og_image":[{"url":"http:\/\/www.bellunopress.it\/wp-content\/uploads\/2012\/07\/logo-bellunopress-250x250-2012.jpg","type":"","width":"","height":""}],"author":"redazione","twitter_card":"summary_large_image","twitter_creator":"@bellunopress","twitter_site":"@bellunopress","twitter_misc":{"\u00c9crit par":"redazione","Dur\u00e9e de lecture estim\u00e9e":"1 minute"},"schema":{"@context":"https:\/\/schema.org","@graph":[{"@type":"Article","@id":"https:\/\/www.bellunopress.it\/2009\/06\/17\/vent-respiri-due-appuntamenti-sul-tema-della-sofferenza-psichica-organizzati-dallaitsam\/#article","isPartOf":{"@id":"https:\/\/www.bellunopress.it\/2009\/06\/17\/vent-respiri-due-appuntamenti-sul-tema-della-sofferenza-psichica-organizzati-dallaitsam\/"},"author":{"name":"redazione","@id":"https:\/\/www.bellunopress.it\/#\/schema\/person\/79bb06722b37ece1c03d3e94beb30d73"},"headline":"Vent-Respiri: due appuntamenti sul tema della sofferenza psichica organizzati dall&#8217;Aitsam","datePublished":"2009-06-17T16:09:03+00:00","mainEntityOfPage":{"@id":"https:\/\/www.bellunopress.it\/2009\/06\/17\/vent-respiri-due-appuntamenti-sul-tema-della-sofferenza-psichica-organizzati-dallaitsam\/"},"wordCount":246,"publisher":{"@id":"https:\/\/www.bellunopress.it\/#organization"},"keywords":["Sanit\u00e0"],"articleSection":["Sanit\u00e0 Medicina"],"inLanguage":"fr-FR"},{"@type":"WebPage","@id":"https:\/\/www.bellunopress.it\/2009\/06\/17\/vent-respiri-due-appuntamenti-sul-tema-della-sofferenza-psichica-organizzati-dallaitsam\/","url":"https:\/\/www.bellunopress.it\/2009\/06\/17\/vent-respiri-due-appuntamenti-sul-tema-della-sofferenza-psichica-organizzati-dallaitsam\/","name":"Vent-Respiri: due appuntamenti sul tema della sofferenza psichica organizzati dall'Aitsam - Bellunopress - Dolomiti","isPartOf":{"@id":"https:\/\/www.bellunopress.it\/#website"},"datePublished":"2009-06-17T16:09:03+00:00","breadcrumb":{"@id":"https:\/\/www.bellunopress.it\/2009\/06\/17\/vent-respiri-due-appuntamenti-sul-tema-della-sofferenza-psichica-organizzati-dallaitsam\/#breadcrumb"},"inLanguage":"fr-FR","potentialAction":[{"@type":"ReadAction","target":["https:\/\/www.bellunopress.it\/2009\/06\/17\/vent-respiri-due-appuntamenti-sul-tema-della-sofferenza-psichica-organizzati-dallaitsam\/"]}]},{"@type":"BreadcrumbList","@id":"https:\/\/www.bellunopress.it\/2009\/06\/17\/vent-respiri-due-appuntamenti-sul-tema-della-sofferenza-psichica-organizzati-dallaitsam\/#breadcrumb","itemListElement":[{"@type":"ListItem","position":1,"name":"Home","item":"https:\/\/www.bellunopress.it\/"},{"@type":"ListItem","position":2,"name":"Vent-Respiri: due appuntamenti sul tema della sofferenza psichica organizzati dall&#8217;Aitsam"}]},{"@type":"WebSite","@id":"https:\/\/www.bellunopress.it\/#website","url":"https:\/\/www.bellunopress.it\/","name":"Bellunopress - Dolomiti","description":"e-mail: redazione@bellunopress.it","publisher":{"@id":"https:\/\/www.bellunopress.it\/#organization"},"potentialAction":[{"@type":"SearchAction","target":{"@type":"EntryPoint","urlTemplate":"https:\/\/www.bellunopress.it\/?s={search_term_string}"},"query-input":{"@type":"PropertyValueSpecification","valueRequired":true,"valueName":"search_term_string"}}],"inLanguage":"fr-FR"},{"@type":"Organization","@id":"https:\/\/www.bellunopress.it\/#organization","name":"Bellunopress","url":"https:\/\/www.bellunopress.it\/","logo":{"@type":"ImageObject","inLanguage":"fr-FR","@id":"https:\/\/www.bellunopress.it\/#\/schema\/logo\/image\/","url":"https:\/\/www.bellunopress.it\/wp-content\/uploads\/2011\/05\/cropped-logo-bellunopress-.jpg","contentUrl":"https:\/\/www.bellunopress.it\/wp-content\/uploads\/2011\/05\/cropped-logo-bellunopress-.jpg","width":512,"height":512,"caption":"Bellunopress"},"image":{"@id":"https:\/\/www.bellunopress.it\/#\/schema\/logo\/image\/"},"sameAs":["https:\/\/www.facebook.com\/profile.php?id=100008943462799","https:\/\/x.com\/bellunopress","https:\/\/www.linkedin.com\/hp\/?dnr=JBzUWaJfMUw8vbXJJ2tVW5-I3jZKvC4wsoxE&amp;amp;amp;amp;amp;amp;trk=nav_responsive_tab_home","https:\/\/www.youtube.com\/channel\/UCxL0wu1uN0_3_7hGG0306cw"]},{"@type":"Person","@id":"https:\/\/www.bellunopress.it\/#\/schema\/person\/79bb06722b37ece1c03d3e94beb30d73","name":"r\u00e9daction","image":{"@type":"ImageObject","inLanguage":"fr-FR","@id":"https:\/\/secure.gravatar.com\/avatar\/37d968a2e67a6fd04c169c4bdef102d0bc5d31b2546345219e348575eb80e9a0?s=96&d=mm&r=g","url":"https:\/\/secure.gravatar.com\/avatar\/37d968a2e67a6fd04c169c4bdef102d0bc5d31b2546345219e348575eb80e9a0?s=96&d=mm&r=g","contentUrl":"https:\/\/secure.gravatar.com\/avatar\/37d968a2e67a6fd04c169c4bdef102d0bc5d31b2546345219e348575eb80e9a0?s=96&d=mm&r=g","caption":"redazione"},"sameAs":["http:\/\/www.bellunopress.it","https:\/\/x.com\/bellunopress"],"url":"https:\/\/www.bellunopress.it\/fr\/author\/redazione\/"}]}},"_links":{"self":[{"href":"https:\/\/www.bellunopress.it\/fr\/wp-json\/wp\/v2\/posts\/5013","targetHints":{"allow":["GET"]}}],"collection":[{"href":"https:\/\/www.bellunopress.it\/fr\/wp-json\/wp\/v2\/posts"}],"about":[{"href":"https:\/\/www.bellunopress.it\/fr\/wp-json\/wp\/v2\/types\/post"}],"author":[{"embeddable":true,"href":"https:\/\/www.bellunopress.it\/fr\/wp-json\/wp\/v2\/users\/2"}],"replies":[{"embeddable":true,"href":"https:\/\/www.bellunopress.it\/fr\/wp-json\/wp\/v2\/comments?post=5013"}],"version-history":[{"count":1,"href":"https:\/\/www.bellunopress.it\/fr\/wp-json\/wp\/v2\/posts\/5013\/revisions"}],"predecessor-version":[{"id":5014,"href":"https:\/\/www.bellunopress.it\/fr\/wp-json\/wp\/v2\/posts\/5013\/revisions\/5014"}],"wp:attachment":[{"href":"https:\/\/www.bellunopress.it\/fr\/wp-json\/wp\/v2\/media?parent=5013"}],"wp:term":[{"taxonomy":"category","embeddable":true,"href":"https:\/\/www.bellunopress.it\/fr\/wp-json\/wp\/v2\/categories?post=5013"},{"taxonomy":"post_tag","embeddable":true,"href":"https:\/\/www.bellunopress.it\/fr\/wp-json\/wp\/v2\/tags?post=5013"}],"curies":[{"name":"wp","href":"https:\/\/api.w.org\/{rel}","templated":true}]}}