{"id":50042,"date":"2013-06-12T19:34:40","date_gmt":"2013-06-12T18:34:40","guid":{"rendered":"http:\/\/www.bellunopress.it\/?p=50042"},"modified":"2014-06-21T09:04:07","modified_gmt":"2014-06-21T08:04:07","slug":"mar-baltico-e-mare-del-nord-tra-le-nuove-affascinanti-mete-del-turismo-tedesco","status":"publish","type":"post","link":"https:\/\/www.bellunopress.it\/fr\/2013\/06\/12\/mar-baltico-e-mare-del-nord-tra-le-nuove-affascinanti-mete-del-turismo-tedesco\/","title":{"rendered":"Mar Baltico e Mare del Nord tra le nuove affascinanti mete del turismo tedesco"},"content":{"rendered":"<p><a href=\"http:\/\/www.bellunopress.it\/wp-content\/uploads\/2013\/06\/7a770aedbdbe99683ef76fc4d93d6705.jpeg\"><img loading=\"lazy\" decoding=\"async\" class=\"alignleft size-full wp-image-50043\" src=\"http:\/\/www.bellunopress.it\/wp-content\/uploads\/2013\/06\/7a770aedbdbe99683ef76fc4d93d6705.jpeg\" alt=\"7a770aedbdbe99683ef76fc4d93d6705\" width=\"275\" height=\"190\" \/><\/a>Cresce con ill flusso turistico verso la Germania anche l\u2019interesse per nuove affascinanti mete &#8211; come la regione del Mar Baltico e del Mare del Nord ! Tra il fiordo di Flensburg e il corso del fiume Weser , tra l\u2019isola di Usedom e il Wattenmeer \u2013 patrimonio naturale dell\u2019umanit\u00e0 tutelato dall\u2019UNESCO \u2013 si estende uno dei paesaggi pi\u00f9 ricchi in Europa. In questo territorio bagnato da due mari si possono visitare anche vivaci metropoli, citt\u00e0 storiche e antichi borghi portuali che rispecchiano ancora oggi la vita di marinai e ricchi commercianti anseatici e che offrono contemporaneamente un ambiente moderno e aperto con momenti di svago, cultura ed eventi. Anche l\u2019origine del tipico \u201cStrandkorb\u201d che costella le spiagge tedesche \u00e8 alquanto curiosa. In questo speciale vi proponiamo un piccolo assaggio del fascino del nord \u2013 la Germania da scoprire!<br \/>\n<strong>Reeperbahn<\/strong><br \/>\nAmburgo non sarebbe la stessa senza la famosa Reeperbahn , il &#8220;miglio peccaminoso&#8221;, quartiere a luci rosse ma anche di divertimento variopinto della capitale anseatica. E proprio qui, dal 25 al 28 settembre 2013, si svolge \u00ecl Reeperbahn Festival con 200 band e artisti a suonare rock per strada e nei numerosi club, bar e teatri che si susseguono lungo entrambi i lati del vialone. Anni fa anche i Beatles avevano mosso i primi passi proprio qui, regalando i primi grandi successi. Ora \u00e8 il Reeperbahn Festival ad offrire la possibilit\u00e0 a giovani musicisti di farsi conoscere da un vasto pubblico proprio nel luogo che per molti fu l`inizio di una grande carriera.<br \/>\n<strong>Travem\u00fcnde<\/strong><br \/>\nRed carpet dall`11 al 13 ottobre 2013 per &#8220;Travem\u00fcnde TANZT &#8221; nell`omonima cittadina adagiata sul Mar Baltico in prossimit\u00e0 di Lubecca. Tre giorni di danze e spettacoli con tanto di glamour e per i visitatori la possibilit\u00e0 di muovere qualche passo sotto la guida di famosi ballerini in cinquanta workshop organizzati durante il festival della danza. Soprattutto ritmi latinoamericani, salsa e tango in primis, ma anche walzer, cha cha, jive e discofox scalderanno le anime nei locali e sulle spiagge con spettacoli da non perdere come la &#8220;Grande notte del ballo sul mare&#8221; del 12 ottobre, quando suoner\u00e0 la band &#8220;Moonlight Affair&#8221; e si esibiranno le star Isabel Edvardsson, Motsi Mabuse e Emile Moise.<a href=\"http:\/\/www.bellunopress.it\/wp-content\/uploads\/2013\/06\/Motsi_gold_2-leggera.jpg\"><img loading=\"lazy\" decoding=\"async\" class=\"alignright size-full wp-image-50045\" src=\"http:\/\/www.bellunopress.it\/wp-content\/uploads\/2013\/06\/Motsi_gold_2-leggera.jpg\" alt=\"Motsi_gold_2 leggera\" width=\"280\" height=\"234\" \/><\/a><br \/>\n<strong>Brema: felicit\u00e0, gioia e allegria<\/strong><br \/>\nPer oltre due settimane, dal 18 ottobre al 3 novembre 2013, la citt\u00e0-stato di Brema vive un momento eccezionale di nome Freimarkt.\u00a0 Da ben 978 anni va di scena la pi\u00f9 antica festa popolare della Germania, terza per importanza. Quattro milioni di persone si recano nella citt\u00e0 anseatica sul fiume Weser per godersi le 320 attrazioni su 100.000 m\u00b2: stand gastronomici, band e tanta musica, giostre di ogni tipo, folklore e artigianato, divertimento non-stop. La parola d`ordine \u00e8 &#8220;Ischa Freimaak&#8221;, vivete e godete in allegria!<br \/>\n<strong>Contact<\/strong><br \/>\nGerman National Tourist Office Milan (Italy)<br \/>\nE-Mail: office-italy@germany.travel; www.germany.travel<\/p>","protected":false},"excerpt":{"rendered":"<p>Cresce con ill flusso turistico verso la Germania anche l\u2019interesse per nuove affascinanti mete &#8211; come la regione del Mar Baltico e del Mare del Nord ! Tra il fiordo di Flensburg e il corso del fiume Weser , tra l\u2019isola di Usedom e il Wattenmeer \u2013 patrimonio naturale dell\u2019umanit\u00e0 tutelato dall\u2019UNESCO \u2013 si estende [&hellip;]<\/p>\n","protected":false},"author":2,"featured_media":0,"comment_status":"closed","ping_status":"open","sticky":false,"template":"","format":"standard","meta":{"footnotes":""},"categories":[27,25,50],"tags":[],"class_list":["post-50042","post","type-post","status-publish","format-standard","category-appuntamenti","category-pausa-caffe","category-pubbliredazionali"],"yoast_head":"<!-- This site is optimized with the Yoast SEO plugin v28.4 - https:\/\/yoast.com\/product\/yoast-seo-wordpress\/ -->\n<title>Mar Baltico e Mare del Nord tra le nuove affascinanti mete del turismo tedesco - Bellunopress - Dolomiti<\/title>\n<meta name=\"robots\" content=\"index, follow, max-snippet:-1, max-image-preview:large, max-video-preview:-1\" \/>\n<link rel=\"canonical\" href=\"https:\/\/www.bellunopress.it\/fr\/2013\/06\/12\/mar-baltico-e-mare-del-nord-tra-le-nuove-affascinanti-mete-del-turismo-tedesco\/\" \/>\n<meta property=\"og:locale\" content=\"fr_FR\" \/>\n<meta property=\"og:type\" content=\"article\" \/>\n<meta property=\"og:title\" content=\"Mar Baltico e Mare del Nord tra le nuove affascinanti mete del turismo tedesco - Bellunopress - Dolomiti\" \/>\n<meta property=\"og:description\" content=\"Cresce con ill flusso turistico verso la Germania anche l\u2019interesse per nuove affascinanti mete &#8211; come la regione del Mar Baltico e del Mare del Nord ! Tra il fiordo di Flensburg e il corso del fiume Weser , tra l\u2019isola di Usedom e il Wattenmeer \u2013 patrimonio naturale dell\u2019umanit\u00e0 tutelato dall\u2019UNESCO \u2013 si estende [&hellip;]\" \/>\n<meta property=\"og:url\" content=\"https:\/\/www.bellunopress.it\/fr\/2013\/06\/12\/mar-baltico-e-mare-del-nord-tra-le-nuove-affascinanti-mete-del-turismo-tedesco\/\" \/>\n<meta property=\"og:site_name\" content=\"Bellunopress - Dolomiti\" \/>\n<meta property=\"article:publisher\" content=\"https:\/\/www.facebook.com\/profile.php?id=100008943462799\" \/>\n<meta property=\"article:published_time\" content=\"2013-06-12T18:34:40+00:00\" \/>\n<meta property=\"article:modified_time\" content=\"2014-06-21T08:04:07+00:00\" \/>\n<meta property=\"og:image\" content=\"http:\/\/www.bellunopress.it\/wp-content\/uploads\/2013\/06\/7a770aedbdbe99683ef76fc4d93d6705.jpeg\" \/>\n<meta name=\"author\" content=\"redazione\" \/>\n<meta name=\"twitter:card\" content=\"summary_large_image\" \/>\n<meta name=\"twitter:creator\" content=\"@bellunopress\" \/>\n<meta name=\"twitter:site\" content=\"@bellunopress\" \/>\n<meta name=\"twitter:label1\" content=\"\u00c9crit par\" \/>\n\t<meta name=\"twitter:data1\" content=\"redazione\" \/>\n\t<meta name=\"twitter:label2\" content=\"Dur\u00e9e de lecture estim\u00e9e\" \/>\n\t<meta name=\"twitter:data2\" content=\"2 minutes\" \/>\n<script type=\"application\/ld+json\" class=\"yoast-schema-graph\">{\"@context\":\"https:\\\/\\\/schema.org\",\"@graph\":[{\"@type\":\"Article\",\"@id\":\"https:\\\/\\\/www.bellunopress.it\\\/2013\\\/06\\\/12\\\/mar-baltico-e-mare-del-nord-tra-le-nuove-affascinanti-mete-del-turismo-tedesco\\\/#article\",\"isPartOf\":{\"@id\":\"https:\\\/\\\/www.bellunopress.it\\\/2013\\\/06\\\/12\\\/mar-baltico-e-mare-del-nord-tra-le-nuove-affascinanti-mete-del-turismo-tedesco\\\/\"},\"author\":{\"name\":\"redazione\",\"@id\":\"https:\\\/\\\/www.bellunopress.it\\\/#\\\/schema\\\/person\\\/79bb06722b37ece1c03d3e94beb30d73\"},\"headline\":\"Mar Baltico e Mare del Nord tra le nuove affascinanti mete del turismo tedesco\",\"datePublished\":\"2013-06-12T18:34:40+00:00\",\"dateModified\":\"2014-06-21T08:04:07+00:00\",\"mainEntityOfPage\":{\"@id\":\"https:\\\/\\\/www.bellunopress.it\\\/2013\\\/06\\\/12\\\/mar-baltico-e-mare-del-nord-tra-le-nuove-affascinanti-mete-del-turismo-tedesco\\\/\"},\"wordCount\":474,\"publisher\":{\"@id\":\"https:\\\/\\\/www.bellunopress.it\\\/#organization\"},\"image\":{\"@id\":\"https:\\\/\\\/www.bellunopress.it\\\/2013\\\/06\\\/12\\\/mar-baltico-e-mare-del-nord-tra-le-nuove-affascinanti-mete-del-turismo-tedesco\\\/#primaryimage\"},\"thumbnailUrl\":\"http:\\\/\\\/www.bellunopress.it\\\/wp-content\\\/uploads\\\/2013\\\/06\\\/7a770aedbdbe99683ef76fc4d93d6705.jpeg\",\"articleSection\":[\"Appuntamenti, Eventi\",\"Pausa Caff\u00e8\",\"Pubbliredazionali\"],\"inLanguage\":\"fr-FR\"},{\"@type\":\"WebPage\",\"@id\":\"https:\\\/\\\/www.bellunopress.it\\\/2013\\\/06\\\/12\\\/mar-baltico-e-mare-del-nord-tra-le-nuove-affascinanti-mete-del-turismo-tedesco\\\/\",\"url\":\"https:\\\/\\\/www.bellunopress.it\\\/2013\\\/06\\\/12\\\/mar-baltico-e-mare-del-nord-tra-le-nuove-affascinanti-mete-del-turismo-tedesco\\\/\",\"name\":\"Mar Baltico e Mare del Nord tra le nuove affascinanti mete del turismo tedesco - Bellunopress - Dolomiti\",\"isPartOf\":{\"@id\":\"https:\\\/\\\/www.bellunopress.it\\\/#website\"},\"primaryImageOfPage\":{\"@id\":\"https:\\\/\\\/www.bellunopress.it\\\/2013\\\/06\\\/12\\\/mar-baltico-e-mare-del-nord-tra-le-nuove-affascinanti-mete-del-turismo-tedesco\\\/#primaryimage\"},\"image\":{\"@id\":\"https:\\\/\\\/www.bellunopress.it\\\/2013\\\/06\\\/12\\\/mar-baltico-e-mare-del-nord-tra-le-nuove-affascinanti-mete-del-turismo-tedesco\\\/#primaryimage\"},\"thumbnailUrl\":\"http:\\\/\\\/www.bellunopress.it\\\/wp-content\\\/uploads\\\/2013\\\/06\\\/7a770aedbdbe99683ef76fc4d93d6705.jpeg\",\"datePublished\":\"2013-06-12T18:34:40+00:00\",\"dateModified\":\"2014-06-21T08:04:07+00:00\",\"breadcrumb\":{\"@id\":\"https:\\\/\\\/www.bellunopress.it\\\/2013\\\/06\\\/12\\\/mar-baltico-e-mare-del-nord-tra-le-nuove-affascinanti-mete-del-turismo-tedesco\\\/#breadcrumb\"},\"inLanguage\":\"fr-FR\",\"potentialAction\":[{\"@type\":\"ReadAction\",\"target\":[\"https:\\\/\\\/www.bellunopress.it\\\/2013\\\/06\\\/12\\\/mar-baltico-e-mare-del-nord-tra-le-nuove-affascinanti-mete-del-turismo-tedesco\\\/\"]}]},{\"@type\":\"ImageObject\",\"inLanguage\":\"fr-FR\",\"@id\":\"https:\\\/\\\/www.bellunopress.it\\\/2013\\\/06\\\/12\\\/mar-baltico-e-mare-del-nord-tra-le-nuove-affascinanti-mete-del-turismo-tedesco\\\/#primaryimage\",\"url\":\"http:\\\/\\\/www.bellunopress.it\\\/wp-content\\\/uploads\\\/2013\\\/06\\\/7a770aedbdbe99683ef76fc4d93d6705.jpeg\",\"contentUrl\":\"http:\\\/\\\/www.bellunopress.it\\\/wp-content\\\/uploads\\\/2013\\\/06\\\/7a770aedbdbe99683ef76fc4d93d6705.jpeg\"},{\"@type\":\"BreadcrumbList\",\"@id\":\"https:\\\/\\\/www.bellunopress.it\\\/2013\\\/06\\\/12\\\/mar-baltico-e-mare-del-nord-tra-le-nuove-affascinanti-mete-del-turismo-tedesco\\\/#breadcrumb\",\"itemListElement\":[{\"@type\":\"ListItem\",\"position\":1,\"name\":\"Home\",\"item\":\"https:\\\/\\\/www.bellunopress.it\\\/\"},{\"@type\":\"ListItem\",\"position\":2,\"name\":\"Mar Baltico e Mare del Nord tra le nuove affascinanti mete del turismo tedesco\"}]},{\"@type\":\"WebSite\",\"@id\":\"https:\\\/\\\/www.bellunopress.it\\\/#website\",\"url\":\"https:\\\/\\\/www.bellunopress.it\\\/\",\"name\":\"Bellunopress - Dolomiti\",\"description\":\"e-mail: redazione@bellunopress.it\",\"publisher\":{\"@id\":\"https:\\\/\\\/www.bellunopress.it\\\/#organization\"},\"potentialAction\":[{\"@type\":\"SearchAction\",\"target\":{\"@type\":\"EntryPoint\",\"urlTemplate\":\"https:\\\/\\\/www.bellunopress.it\\\/?s={search_term_string}\"},\"query-input\":{\"@type\":\"PropertyValueSpecification\",\"valueRequired\":true,\"valueName\":\"search_term_string\"}}],\"inLanguage\":\"fr-FR\"},{\"@type\":\"Organization\",\"@id\":\"https:\\\/\\\/www.bellunopress.it\\\/#organization\",\"name\":\"Bellunopress\",\"url\":\"https:\\\/\\\/www.bellunopress.it\\\/\",\"logo\":{\"@type\":\"ImageObject\",\"inLanguage\":\"fr-FR\",\"@id\":\"https:\\\/\\\/www.bellunopress.it\\\/#\\\/schema\\\/logo\\\/image\\\/\",\"url\":\"https:\\\/\\\/www.bellunopress.it\\\/wp-content\\\/uploads\\\/2011\\\/05\\\/cropped-logo-bellunopress-.jpg\",\"contentUrl\":\"https:\\\/\\\/www.bellunopress.it\\\/wp-content\\\/uploads\\\/2011\\\/05\\\/cropped-logo-bellunopress-.jpg\",\"width\":512,\"height\":512,\"caption\":\"Bellunopress\"},\"image\":{\"@id\":\"https:\\\/\\\/www.bellunopress.it\\\/#\\\/schema\\\/logo\\\/image\\\/\"},\"sameAs\":[\"https:\\\/\\\/www.facebook.com\\\/profile.php?id=100008943462799\",\"https:\\\/\\\/x.com\\\/bellunopress\",\"https:\\\/\\\/www.linkedin.com\\\/hp\\\/?dnr=JBzUWaJfMUw8vbXJJ2tVW5-I3jZKvC4wsoxE&amp;amp;amp;amp;amp;amp;trk=nav_responsive_tab_home\",\"https:\\\/\\\/www.youtube.com\\\/channel\\\/UCxL0wu1uN0_3_7hGG0306cw\"]},{\"@type\":\"Person\",\"@id\":\"https:\\\/\\\/www.bellunopress.it\\\/#\\\/schema\\\/person\\\/79bb06722b37ece1c03d3e94beb30d73\",\"name\":\"redazione\",\"image\":{\"@type\":\"ImageObject\",\"inLanguage\":\"fr-FR\",\"@id\":\"https:\\\/\\\/secure.gravatar.com\\\/avatar\\\/37d968a2e67a6fd04c169c4bdef102d0bc5d31b2546345219e348575eb80e9a0?s=96&d=mm&r=g\",\"url\":\"https:\\\/\\\/secure.gravatar.com\\\/avatar\\\/37d968a2e67a6fd04c169c4bdef102d0bc5d31b2546345219e348575eb80e9a0?s=96&d=mm&r=g\",\"contentUrl\":\"https:\\\/\\\/secure.gravatar.com\\\/avatar\\\/37d968a2e67a6fd04c169c4bdef102d0bc5d31b2546345219e348575eb80e9a0?s=96&d=mm&r=g\",\"caption\":\"redazione\"},\"sameAs\":[\"http:\\\/\\\/www.bellunopress.it\",\"https:\\\/\\\/x.com\\\/bellunopress\"],\"url\":\"https:\\\/\\\/www.bellunopress.it\\\/fr\\\/author\\\/redazione\\\/\"}]}<\/script>\n<!-- \/ Yoast SEO plugin. -->","yoast_head_json":{"title":"Mar Baltico e Mare del Nord tra le nuove affascinanti mete del turismo tedesco - Bellunopress - Dolomiti","robots":{"index":"index","follow":"follow","max-snippet":"max-snippet:-1","max-image-preview":"max-image-preview:large","max-video-preview":"max-video-preview:-1"},"canonical":"https:\/\/www.bellunopress.it\/fr\/2013\/06\/12\/mar-baltico-e-mare-del-nord-tra-le-nuove-affascinanti-mete-del-turismo-tedesco\/","og_locale":"fr_FR","og_type":"article","og_title":"Mar Baltico e Mare del Nord tra le nuove affascinanti mete del turismo tedesco - Bellunopress - Dolomiti","og_description":"Cresce con ill flusso turistico verso la Germania anche l\u2019interesse per nuove affascinanti mete &#8211; come la regione del Mar Baltico e del Mare del Nord ! Tra il fiordo di Flensburg e il corso del fiume Weser , tra l\u2019isola di Usedom e il Wattenmeer \u2013 patrimonio naturale dell\u2019umanit\u00e0 tutelato dall\u2019UNESCO \u2013 si estende [&hellip;]","og_url":"https:\/\/www.bellunopress.it\/fr\/2013\/06\/12\/mar-baltico-e-mare-del-nord-tra-le-nuove-affascinanti-mete-del-turismo-tedesco\/","og_site_name":"Bellunopress - Dolomiti","article_publisher":"https:\/\/www.facebook.com\/profile.php?id=100008943462799","article_published_time":"2013-06-12T18:34:40+00:00","article_modified_time":"2014-06-21T08:04:07+00:00","og_image":[{"url":"http:\/\/www.bellunopress.it\/wp-content\/uploads\/2013\/06\/7a770aedbdbe99683ef76fc4d93d6705.jpeg","type":"","width":"","height":""}],"author":"redazione","twitter_card":"summary_large_image","twitter_creator":"@bellunopress","twitter_site":"@bellunopress","twitter_misc":{"\u00c9crit par":"redazione","Dur\u00e9e de lecture estim\u00e9e":"2 minutes"},"schema":{"@context":"https:\/\/schema.org","@graph":[{"@type":"Article","@id":"https:\/\/www.bellunopress.it\/2013\/06\/12\/mar-baltico-e-mare-del-nord-tra-le-nuove-affascinanti-mete-del-turismo-tedesco\/#article","isPartOf":{"@id":"https:\/\/www.bellunopress.it\/2013\/06\/12\/mar-baltico-e-mare-del-nord-tra-le-nuove-affascinanti-mete-del-turismo-tedesco\/"},"author":{"name":"redazione","@id":"https:\/\/www.bellunopress.it\/#\/schema\/person\/79bb06722b37ece1c03d3e94beb30d73"},"headline":"Mar Baltico e Mare del Nord tra le nuove affascinanti mete del turismo tedesco","datePublished":"2013-06-12T18:34:40+00:00","dateModified":"2014-06-21T08:04:07+00:00","mainEntityOfPage":{"@id":"https:\/\/www.bellunopress.it\/2013\/06\/12\/mar-baltico-e-mare-del-nord-tra-le-nuove-affascinanti-mete-del-turismo-tedesco\/"},"wordCount":474,"publisher":{"@id":"https:\/\/www.bellunopress.it\/#organization"},"image":{"@id":"https:\/\/www.bellunopress.it\/2013\/06\/12\/mar-baltico-e-mare-del-nord-tra-le-nuove-affascinanti-mete-del-turismo-tedesco\/#primaryimage"},"thumbnailUrl":"http:\/\/www.bellunopress.it\/wp-content\/uploads\/2013\/06\/7a770aedbdbe99683ef76fc4d93d6705.jpeg","articleSection":["Appuntamenti, Eventi","Pausa Caff\u00e8","Pubbliredazionali"],"inLanguage":"fr-FR"},{"@type":"WebPage","@id":"https:\/\/www.bellunopress.it\/2013\/06\/12\/mar-baltico-e-mare-del-nord-tra-le-nuove-affascinanti-mete-del-turismo-tedesco\/","url":"https:\/\/www.bellunopress.it\/2013\/06\/12\/mar-baltico-e-mare-del-nord-tra-le-nuove-affascinanti-mete-del-turismo-tedesco\/","name":"Mar Baltico e Mare del Nord tra le nuove affascinanti mete del turismo tedesco - Bellunopress - Dolomiti","isPartOf":{"@id":"https:\/\/www.bellunopress.it\/#website"},"primaryImageOfPage":{"@id":"https:\/\/www.bellunopress.it\/2013\/06\/12\/mar-baltico-e-mare-del-nord-tra-le-nuove-affascinanti-mete-del-turismo-tedesco\/#primaryimage"},"image":{"@id":"https:\/\/www.bellunopress.it\/2013\/06\/12\/mar-baltico-e-mare-del-nord-tra-le-nuove-affascinanti-mete-del-turismo-tedesco\/#primaryimage"},"thumbnailUrl":"http:\/\/www.bellunopress.it\/wp-content\/uploads\/2013\/06\/7a770aedbdbe99683ef76fc4d93d6705.jpeg","datePublished":"2013-06-12T18:34:40+00:00","dateModified":"2014-06-21T08:04:07+00:00","breadcrumb":{"@id":"https:\/\/www.bellunopress.it\/2013\/06\/12\/mar-baltico-e-mare-del-nord-tra-le-nuove-affascinanti-mete-del-turismo-tedesco\/#breadcrumb"},"inLanguage":"fr-FR","potentialAction":[{"@type":"ReadAction","target":["https:\/\/www.bellunopress.it\/2013\/06\/12\/mar-baltico-e-mare-del-nord-tra-le-nuove-affascinanti-mete-del-turismo-tedesco\/"]}]},{"@type":"ImageObject","inLanguage":"fr-FR","@id":"https:\/\/www.bellunopress.it\/2013\/06\/12\/mar-baltico-e-mare-del-nord-tra-le-nuove-affascinanti-mete-del-turismo-tedesco\/#primaryimage","url":"http:\/\/www.bellunopress.it\/wp-content\/uploads\/2013\/06\/7a770aedbdbe99683ef76fc4d93d6705.jpeg","contentUrl":"http:\/\/www.bellunopress.it\/wp-content\/uploads\/2013\/06\/7a770aedbdbe99683ef76fc4d93d6705.jpeg"},{"@type":"BreadcrumbList","@id":"https:\/\/www.bellunopress.it\/2013\/06\/12\/mar-baltico-e-mare-del-nord-tra-le-nuove-affascinanti-mete-del-turismo-tedesco\/#breadcrumb","itemListElement":[{"@type":"ListItem","position":1,"name":"Home","item":"https:\/\/www.bellunopress.it\/"},{"@type":"ListItem","position":2,"name":"Mar Baltico e Mare del Nord tra le nuove affascinanti mete del turismo tedesco"}]},{"@type":"WebSite","@id":"https:\/\/www.bellunopress.it\/#website","url":"https:\/\/www.bellunopress.it\/","name":"Bellunopress - Dolomiti","description":"e-mail: redazione@bellunopress.it","publisher":{"@id":"https:\/\/www.bellunopress.it\/#organization"},"potentialAction":[{"@type":"SearchAction","target":{"@type":"EntryPoint","urlTemplate":"https:\/\/www.bellunopress.it\/?s={search_term_string}"},"query-input":{"@type":"PropertyValueSpecification","valueRequired":true,"valueName":"search_term_string"}}],"inLanguage":"fr-FR"},{"@type":"Organization","@id":"https:\/\/www.bellunopress.it\/#organization","name":"Bellunopress","url":"https:\/\/www.bellunopress.it\/","logo":{"@type":"ImageObject","inLanguage":"fr-FR","@id":"https:\/\/www.bellunopress.it\/#\/schema\/logo\/image\/","url":"https:\/\/www.bellunopress.it\/wp-content\/uploads\/2011\/05\/cropped-logo-bellunopress-.jpg","contentUrl":"https:\/\/www.bellunopress.it\/wp-content\/uploads\/2011\/05\/cropped-logo-bellunopress-.jpg","width":512,"height":512,"caption":"Bellunopress"},"image":{"@id":"https:\/\/www.bellunopress.it\/#\/schema\/logo\/image\/"},"sameAs":["https:\/\/www.facebook.com\/profile.php?id=100008943462799","https:\/\/x.com\/bellunopress","https:\/\/www.linkedin.com\/hp\/?dnr=JBzUWaJfMUw8vbXJJ2tVW5-I3jZKvC4wsoxE&amp;amp;amp;amp;amp;amp;trk=nav_responsive_tab_home","https:\/\/www.youtube.com\/channel\/UCxL0wu1uN0_3_7hGG0306cw"]},{"@type":"Person","@id":"https:\/\/www.bellunopress.it\/#\/schema\/person\/79bb06722b37ece1c03d3e94beb30d73","name":"r\u00e9daction","image":{"@type":"ImageObject","inLanguage":"fr-FR","@id":"https:\/\/secure.gravatar.com\/avatar\/37d968a2e67a6fd04c169c4bdef102d0bc5d31b2546345219e348575eb80e9a0?s=96&d=mm&r=g","url":"https:\/\/secure.gravatar.com\/avatar\/37d968a2e67a6fd04c169c4bdef102d0bc5d31b2546345219e348575eb80e9a0?s=96&d=mm&r=g","contentUrl":"https:\/\/secure.gravatar.com\/avatar\/37d968a2e67a6fd04c169c4bdef102d0bc5d31b2546345219e348575eb80e9a0?s=96&d=mm&r=g","caption":"redazione"},"sameAs":["http:\/\/www.bellunopress.it","https:\/\/x.com\/bellunopress"],"url":"https:\/\/www.bellunopress.it\/fr\/author\/redazione\/"}]}},"_links":{"self":[{"href":"https:\/\/www.bellunopress.it\/fr\/wp-json\/wp\/v2\/posts\/50042","targetHints":{"allow":["GET"]}}],"collection":[{"href":"https:\/\/www.bellunopress.it\/fr\/wp-json\/wp\/v2\/posts"}],"about":[{"href":"https:\/\/www.bellunopress.it\/fr\/wp-json\/wp\/v2\/types\/post"}],"author":[{"embeddable":true,"href":"https:\/\/www.bellunopress.it\/fr\/wp-json\/wp\/v2\/users\/2"}],"replies":[{"embeddable":true,"href":"https:\/\/www.bellunopress.it\/fr\/wp-json\/wp\/v2\/comments?post=50042"}],"version-history":[{"count":2,"href":"https:\/\/www.bellunopress.it\/fr\/wp-json\/wp\/v2\/posts\/50042\/revisions"}],"predecessor-version":[{"id":59801,"href":"https:\/\/www.bellunopress.it\/fr\/wp-json\/wp\/v2\/posts\/50042\/revisions\/59801"}],"wp:attachment":[{"href":"https:\/\/www.bellunopress.it\/fr\/wp-json\/wp\/v2\/media?parent=50042"}],"wp:term":[{"taxonomy":"category","embeddable":true,"href":"https:\/\/www.bellunopress.it\/fr\/wp-json\/wp\/v2\/categories?post=50042"},{"taxonomy":"post_tag","embeddable":true,"href":"https:\/\/www.bellunopress.it\/fr\/wp-json\/wp\/v2\/tags?post=50042"}],"curies":[{"name":"wp","href":"https:\/\/api.w.org\/{rel}","templated":true}]}}