{"id":5004,"date":"2009-06-17T16:56:01","date_gmt":"2009-06-17T15:56:01","guid":{"rendered":"http:\/\/www.bellunopress.it\/?p=5004"},"modified":"2009-06-17T16:59:35","modified_gmt":"2009-06-17T15:59:35","slug":"cordoglio-per-la-morte-di-tullio-bettiol-presidente-dellisbrec","status":"publish","type":"post","link":"https:\/\/www.bellunopress.it\/fr\/2009\/06\/17\/cordoglio-per-la-morte-di-tullio-bettiol-presidente-dellisbrec\/","title":{"rendered":"Cordoglio per la morte di Tullio Bettiol, presidente dell&#8217;Isbrec"},"content":{"rendered":"<p><a href=\"http:\/\/www.bellunopress.it\/wp-content\/uploads\/2009\/06\/tullio-bettiol-001.jpg\"><img loading=\"lazy\" decoding=\"async\" class=\"alignleft size-medium wp-image-5005\" title=\"tullio-bettiol-001\" src=\"http:\/\/www.bellunopress.it\/wp-content\/uploads\/2009\/06\/tullio-bettiol-001.jpg\" alt=\"\" width=\"226\" height=\"181\" \/><\/a>Cordoglio anche nel mondo delle Istituzioni per la scomparsa di Tullio Bettiol, presidente dell\u2019Isbrec, l\u2019istituto storico bellunese di ricerche sulla Resistenza e l\u2019Et\u00e0 contemporanea. Il presidente della Provincia, Sergio Reolon, l\u2019assessore regionale Oscar De Bona e il sindaco Antonio Prade ne ricordano cos\u00ec la figura: \u00abLa comunit\u00e0 perde un uomo che ha fatto della libert\u00e0 una scelta di vita\u00bb, scrive <strong>Reolon<\/strong>, \u201cla nostra comunit\u00e0 perde una delle figure pi\u00f9 rappresentative della propria storia recente. Le qualit\u00e0 umane, culturali, politiche e civili di Tullio Bettiol si sono manifestate in tutto l\u2019arco della sua lunga e feconda esistenza, pubblica e privata. La terribile esperienza della deportazione a soli 17 anni nel lager nazista di Bolzano hanno interrotto la sua giovinezza. Tullio per\u00f2 ne ha tratto l\u2019energia per edificare una vita al servizio dei valori pi\u00f9 alti: libert\u00e0, dedizione alla famiglia, democrazia, dignit\u00e0, lavoro e bene comune. Con Tullio abbiamo condiviso un percorso pubblico e istituzionale. Ricordo la collaborazione nel periodo in cui \u00e8 stato vice sindaco di Belluno, la stretta relazione quando Tullio, da consigliere regionale e presidente della seconda commissione consiliare, contribu\u00ec ad approvare la legge per il recupero e la riqualificazione dei centri storici. Era il periodo tra il 1975 e il 1980, ma il tema oggi \u00e8 pi\u00f9 attuale che mai e tanto \u00e8 sufficiente a illustrare la sua lungimiranza. Ricordo ancora il suo impegno per la costituzione del Parco nazionale delle Dolomiti bellunesi. Con il suo libro autobiografico \u201cUn ragazzo nel lager\u201d, Tullio ha voluto lasciarci un ultimo grande insegnamento. Il valore della memoria e il suo esercizio attivo deve fecondare ogni progetto di vita. In questo momento di profondo dolore esprimo alla famiglia il mio cordoglio personale e quello di tutta l\u2019amministrazione provinciale e sono vicino alla moglie Ilda e ai figli Rossella, Paola, Anna, Claudia, Silvia e Stefano\u201d. L\u2019assessore<strong> De Bona<\/strong>: \u201cprofondamente colpito dalla ferale notizia della scomparsa di Tullio Bettiol, esprimo le mie pi\u00f9 sentite condoglianze alla moglie e ai figli. Conoscevo l\u2019ingegner Tullio da tanti decenni e di lui conserver\u00f2 il ricordo di una persona rigorosa nei principi, capace nella professione, illuminata nella politica, seria nella vita. Con lui se n\u2019\u00e8 andata una delle figure pi\u00f9 significative e attive del Bellunese. Il mio rapporto con Bettiol si era accentuato gi\u00e0 ai tempi in cui svolgevo l\u2019incarico di vice presidente e poi di presidente della Provincia di Belluno. Oltre ad aver fatto parte per un periodo del consiglio di Palazzo Piloni in qualit\u00e0 di amministratore pubblico fortemente motivato dagli ideali del suo partito, Tullio Bettiol \u00e8 stato anche un apprezzato tecnico progettista. Ho avuto modo di rapportarmi con lui anche sul piano professionale avendo egli svolto egregiamente incarichi assegnatigli dall\u2019ente che presiedevo. Forte di una tradizione di famiglia, Tullio l\u2019ha coltivata impegnandosi attivamente nella politica attiva nella sua citt\u00e0 e nella sua provincia fino al consiglio regionale, passione che ha trasmesso ai figli. Dalla militanza nella Resistenza, passando attraverso la deportazione nei lager nazisti, fino all\u2019attivismo politico e sociale, la vita di Tullio Bettiol \u00e8 stata un susseguirsi di testimonianza e di partecipazione civile fino al suo ultimo impegno di esponente dell\u2019Istituto bellunese di ricerche sociali e culturali che come sempre aveva assunto con passione. A Tullio Bettiol abbiamo l\u2019obbligo essere grati per averci trasmesso l\u2019esempio di come ognuno di noi, qualsiasi credo professi, dovrebbe essere parte attiva nella societ\u00e0 in cui viviamo\u201d. Il sindaco<strong> Prade<\/strong>: \u201ctutta la Citt\u00e0 di Belluno, l&#8217;amministrazione comunale e io personalmente, insieme, ricordiamo la figura di Tullio Bettiol, un uomo che, con il suo lavoro e la sua dedizione per il bene comune, ha saputo essere di esempio. In questo momento di dolore, siamo vicini alla sua famiglia e alle persone che lo hanno conosciuto. Mi piace ricordarlo come presidente dell&#8217;Isbrec, dedito non a custodire una memoria personale, ma una parte della nostra storia\u201d.<\/p>","protected":false},"excerpt":{"rendered":"<p>Cordoglio anche nel mondo delle Istituzioni per la scomparsa di Tullio Bettiol, presidente dell\u2019Isbrec, l\u2019istituto storico bellunese di ricerche sulla Resistenza e l\u2019Et\u00e0 contemporanea. Il presidente della Provincia, Sergio Reolon, l\u2019assessore regionale Oscar De Bona e il sindaco Antonio Prade ne ricordano cos\u00ec la figura: \u00abLa comunit\u00e0 perde un uomo che ha fatto della libert\u00e0 [&hellip;]<\/p>\n","protected":false},"author":2,"featured_media":0,"comment_status":"closed","ping_status":"open","sticky":false,"template":"","format":"standard","meta":{"footnotes":""},"categories":[5,26],"tags":[139,63],"class_list":["post-5004","post","type-post","status-publish","format-standard","category-cronaca","category-prima-pagina","tag-belluno","tag-dolomiti"],"yoast_head":"<!-- This site is optimized with the Yoast SEO plugin v28.4 - https:\/\/yoast.com\/product\/yoast-seo-wordpress\/ -->\n<title>Cordoglio per la morte di Tullio Bettiol, presidente dell&#039;Isbrec - Bellunopress - Dolomiti<\/title>\n<meta name=\"robots\" content=\"index, follow, max-snippet:-1, max-image-preview:large, max-video-preview:-1\" \/>\n<link rel=\"canonical\" href=\"https:\/\/www.bellunopress.it\/fr\/2009\/06\/17\/cordoglio-per-la-morte-di-tullio-bettiol-presidente-dellisbrec\/\" \/>\n<meta property=\"og:locale\" content=\"fr_FR\" \/>\n<meta property=\"og:type\" content=\"article\" \/>\n<meta property=\"og:title\" content=\"Cordoglio per la morte di Tullio Bettiol, presidente dell&#039;Isbrec - Bellunopress - Dolomiti\" \/>\n<meta property=\"og:description\" content=\"Cordoglio anche nel mondo delle Istituzioni per la scomparsa di Tullio Bettiol, presidente dell\u2019Isbrec, l\u2019istituto storico bellunese di ricerche sulla Resistenza e l\u2019Et\u00e0 contemporanea. Il presidente della Provincia, Sergio Reolon, l\u2019assessore regionale Oscar De Bona e il sindaco Antonio Prade ne ricordano cos\u00ec la figura: \u00abLa comunit\u00e0 perde un uomo che ha fatto della libert\u00e0 [&hellip;]\" \/>\n<meta property=\"og:url\" content=\"https:\/\/www.bellunopress.it\/fr\/2009\/06\/17\/cordoglio-per-la-morte-di-tullio-bettiol-presidente-dellisbrec\/\" \/>\n<meta property=\"og:site_name\" content=\"Bellunopress - Dolomiti\" \/>\n<meta property=\"article:publisher\" content=\"https:\/\/www.facebook.com\/profile.php?id=100008943462799\" \/>\n<meta property=\"article:published_time\" content=\"2009-06-17T15:56:01+00:00\" \/>\n<meta property=\"article:modified_time\" content=\"2009-06-17T15:59:35+00:00\" \/>\n<meta property=\"og:image\" content=\"http:\/\/www.bellunopress.it\/wp-content\/uploads\/2009\/06\/tullio-bettiol-001.jpg\" \/>\n<meta name=\"author\" content=\"redazione\" \/>\n<meta name=\"twitter:card\" content=\"summary_large_image\" \/>\n<meta name=\"twitter:creator\" content=\"@bellunopress\" \/>\n<meta name=\"twitter:site\" content=\"@bellunopress\" \/>\n<meta name=\"twitter:label1\" content=\"\u00c9crit par\" \/>\n\t<meta name=\"twitter:data1\" content=\"redazione\" \/>\n\t<meta name=\"twitter:label2\" content=\"Dur\u00e9e de lecture estim\u00e9e\" \/>\n\t<meta name=\"twitter:data2\" content=\"3 minutes\" \/>\n<script type=\"application\/ld+json\" class=\"yoast-schema-graph\">{\"@context\":\"https:\\\/\\\/schema.org\",\"@graph\":[{\"@type\":\"Article\",\"@id\":\"https:\\\/\\\/www.bellunopress.it\\\/2009\\\/06\\\/17\\\/cordoglio-per-la-morte-di-tullio-bettiol-presidente-dellisbrec\\\/#article\",\"isPartOf\":{\"@id\":\"https:\\\/\\\/www.bellunopress.it\\\/2009\\\/06\\\/17\\\/cordoglio-per-la-morte-di-tullio-bettiol-presidente-dellisbrec\\\/\"},\"author\":{\"name\":\"redazione\",\"@id\":\"https:\\\/\\\/www.bellunopress.it\\\/#\\\/schema\\\/person\\\/79bb06722b37ece1c03d3e94beb30d73\"},\"headline\":\"Cordoglio per la morte di Tullio Bettiol, presidente dell&#8217;Isbrec\",\"datePublished\":\"2009-06-17T15:56:01+00:00\",\"dateModified\":\"2009-06-17T15:59:35+00:00\",\"mainEntityOfPage\":{\"@id\":\"https:\\\/\\\/www.bellunopress.it\\\/2009\\\/06\\\/17\\\/cordoglio-per-la-morte-di-tullio-bettiol-presidente-dellisbrec\\\/\"},\"wordCount\":654,\"publisher\":{\"@id\":\"https:\\\/\\\/www.bellunopress.it\\\/#organization\"},\"image\":{\"@id\":\"https:\\\/\\\/www.bellunopress.it\\\/2009\\\/06\\\/17\\\/cordoglio-per-la-morte-di-tullio-bettiol-presidente-dellisbrec\\\/#primaryimage\"},\"thumbnailUrl\":\"http:\\\/\\\/www.bellunopress.it\\\/wp-content\\\/uploads\\\/2009\\\/06\\\/tullio-bettiol-001.jpg\",\"keywords\":[\"Belluno\",\"Dolomiti\"],\"articleSection\":[\"Cronaca\\\/Politica\",\"Prima Pagina\"],\"inLanguage\":\"fr-FR\"},{\"@type\":\"WebPage\",\"@id\":\"https:\\\/\\\/www.bellunopress.it\\\/2009\\\/06\\\/17\\\/cordoglio-per-la-morte-di-tullio-bettiol-presidente-dellisbrec\\\/\",\"url\":\"https:\\\/\\\/www.bellunopress.it\\\/2009\\\/06\\\/17\\\/cordoglio-per-la-morte-di-tullio-bettiol-presidente-dellisbrec\\\/\",\"name\":\"Cordoglio per la morte di Tullio Bettiol, presidente dell'Isbrec - Bellunopress - Dolomiti\",\"isPartOf\":{\"@id\":\"https:\\\/\\\/www.bellunopress.it\\\/#website\"},\"primaryImageOfPage\":{\"@id\":\"https:\\\/\\\/www.bellunopress.it\\\/2009\\\/06\\\/17\\\/cordoglio-per-la-morte-di-tullio-bettiol-presidente-dellisbrec\\\/#primaryimage\"},\"image\":{\"@id\":\"https:\\\/\\\/www.bellunopress.it\\\/2009\\\/06\\\/17\\\/cordoglio-per-la-morte-di-tullio-bettiol-presidente-dellisbrec\\\/#primaryimage\"},\"thumbnailUrl\":\"http:\\\/\\\/www.bellunopress.it\\\/wp-content\\\/uploads\\\/2009\\\/06\\\/tullio-bettiol-001.jpg\",\"datePublished\":\"2009-06-17T15:56:01+00:00\",\"dateModified\":\"2009-06-17T15:59:35+00:00\",\"breadcrumb\":{\"@id\":\"https:\\\/\\\/www.bellunopress.it\\\/2009\\\/06\\\/17\\\/cordoglio-per-la-morte-di-tullio-bettiol-presidente-dellisbrec\\\/#breadcrumb\"},\"inLanguage\":\"fr-FR\",\"potentialAction\":[{\"@type\":\"ReadAction\",\"target\":[\"https:\\\/\\\/www.bellunopress.it\\\/2009\\\/06\\\/17\\\/cordoglio-per-la-morte-di-tullio-bettiol-presidente-dellisbrec\\\/\"]}]},{\"@type\":\"ImageObject\",\"inLanguage\":\"fr-FR\",\"@id\":\"https:\\\/\\\/www.bellunopress.it\\\/2009\\\/06\\\/17\\\/cordoglio-per-la-morte-di-tullio-bettiol-presidente-dellisbrec\\\/#primaryimage\",\"url\":\"http:\\\/\\\/www.bellunopress.it\\\/wp-content\\\/uploads\\\/2009\\\/06\\\/tullio-bettiol-001.jpg\",\"contentUrl\":\"http:\\\/\\\/www.bellunopress.it\\\/wp-content\\\/uploads\\\/2009\\\/06\\\/tullio-bettiol-001.jpg\"},{\"@type\":\"BreadcrumbList\",\"@id\":\"https:\\\/\\\/www.bellunopress.it\\\/2009\\\/06\\\/17\\\/cordoglio-per-la-morte-di-tullio-bettiol-presidente-dellisbrec\\\/#breadcrumb\",\"itemListElement\":[{\"@type\":\"ListItem\",\"position\":1,\"name\":\"Home\",\"item\":\"https:\\\/\\\/www.bellunopress.it\\\/\"},{\"@type\":\"ListItem\",\"position\":2,\"name\":\"Cordoglio per la morte di Tullio Bettiol, presidente dell&#8217;Isbrec\"}]},{\"@type\":\"WebSite\",\"@id\":\"https:\\\/\\\/www.bellunopress.it\\\/#website\",\"url\":\"https:\\\/\\\/www.bellunopress.it\\\/\",\"name\":\"Bellunopress - Dolomiti\",\"description\":\"e-mail: redazione@bellunopress.it\",\"publisher\":{\"@id\":\"https:\\\/\\\/www.bellunopress.it\\\/#organization\"},\"potentialAction\":[{\"@type\":\"SearchAction\",\"target\":{\"@type\":\"EntryPoint\",\"urlTemplate\":\"https:\\\/\\\/www.bellunopress.it\\\/?s={search_term_string}\"},\"query-input\":{\"@type\":\"PropertyValueSpecification\",\"valueRequired\":true,\"valueName\":\"search_term_string\"}}],\"inLanguage\":\"fr-FR\"},{\"@type\":\"Organization\",\"@id\":\"https:\\\/\\\/www.bellunopress.it\\\/#organization\",\"name\":\"Bellunopress\",\"url\":\"https:\\\/\\\/www.bellunopress.it\\\/\",\"logo\":{\"@type\":\"ImageObject\",\"inLanguage\":\"fr-FR\",\"@id\":\"https:\\\/\\\/www.bellunopress.it\\\/#\\\/schema\\\/logo\\\/image\\\/\",\"url\":\"https:\\\/\\\/www.bellunopress.it\\\/wp-content\\\/uploads\\\/2011\\\/05\\\/cropped-logo-bellunopress-.jpg\",\"contentUrl\":\"https:\\\/\\\/www.bellunopress.it\\\/wp-content\\\/uploads\\\/2011\\\/05\\\/cropped-logo-bellunopress-.jpg\",\"width\":512,\"height\":512,\"caption\":\"Bellunopress\"},\"image\":{\"@id\":\"https:\\\/\\\/www.bellunopress.it\\\/#\\\/schema\\\/logo\\\/image\\\/\"},\"sameAs\":[\"https:\\\/\\\/www.facebook.com\\\/profile.php?id=100008943462799\",\"https:\\\/\\\/x.com\\\/bellunopress\",\"https:\\\/\\\/www.linkedin.com\\\/hp\\\/?dnr=JBzUWaJfMUw8vbXJJ2tVW5-I3jZKvC4wsoxE&amp;amp;amp;amp;amp;amp;trk=nav_responsive_tab_home\",\"https:\\\/\\\/www.youtube.com\\\/channel\\\/UCxL0wu1uN0_3_7hGG0306cw\"]},{\"@type\":\"Person\",\"@id\":\"https:\\\/\\\/www.bellunopress.it\\\/#\\\/schema\\\/person\\\/79bb06722b37ece1c03d3e94beb30d73\",\"name\":\"redazione\",\"image\":{\"@type\":\"ImageObject\",\"inLanguage\":\"fr-FR\",\"@id\":\"https:\\\/\\\/secure.gravatar.com\\\/avatar\\\/37d968a2e67a6fd04c169c4bdef102d0bc5d31b2546345219e348575eb80e9a0?s=96&d=mm&r=g\",\"url\":\"https:\\\/\\\/secure.gravatar.com\\\/avatar\\\/37d968a2e67a6fd04c169c4bdef102d0bc5d31b2546345219e348575eb80e9a0?s=96&d=mm&r=g\",\"contentUrl\":\"https:\\\/\\\/secure.gravatar.com\\\/avatar\\\/37d968a2e67a6fd04c169c4bdef102d0bc5d31b2546345219e348575eb80e9a0?s=96&d=mm&r=g\",\"caption\":\"redazione\"},\"sameAs\":[\"http:\\\/\\\/www.bellunopress.it\",\"https:\\\/\\\/x.com\\\/bellunopress\"],\"url\":\"https:\\\/\\\/www.bellunopress.it\\\/fr\\\/author\\\/redazione\\\/\"}]}<\/script>\n<!-- \/ Yoast SEO plugin. -->","yoast_head_json":{"title":"Cordoglio per la morte di Tullio Bettiol, presidente dell'Isbrec - Bellunopress - Dolomiti","robots":{"index":"index","follow":"follow","max-snippet":"max-snippet:-1","max-image-preview":"max-image-preview:large","max-video-preview":"max-video-preview:-1"},"canonical":"https:\/\/www.bellunopress.it\/fr\/2009\/06\/17\/cordoglio-per-la-morte-di-tullio-bettiol-presidente-dellisbrec\/","og_locale":"fr_FR","og_type":"article","og_title":"Cordoglio per la morte di Tullio Bettiol, presidente dell'Isbrec - Bellunopress - Dolomiti","og_description":"Cordoglio anche nel mondo delle Istituzioni per la scomparsa di Tullio Bettiol, presidente dell\u2019Isbrec, l\u2019istituto storico bellunese di ricerche sulla Resistenza e l\u2019Et\u00e0 contemporanea. Il presidente della Provincia, Sergio Reolon, l\u2019assessore regionale Oscar De Bona e il sindaco Antonio Prade ne ricordano cos\u00ec la figura: \u00abLa comunit\u00e0 perde un uomo che ha fatto della libert\u00e0 [&hellip;]","og_url":"https:\/\/www.bellunopress.it\/fr\/2009\/06\/17\/cordoglio-per-la-morte-di-tullio-bettiol-presidente-dellisbrec\/","og_site_name":"Bellunopress - Dolomiti","article_publisher":"https:\/\/www.facebook.com\/profile.php?id=100008943462799","article_published_time":"2009-06-17T15:56:01+00:00","article_modified_time":"2009-06-17T15:59:35+00:00","og_image":[{"url":"http:\/\/www.bellunopress.it\/wp-content\/uploads\/2009\/06\/tullio-bettiol-001.jpg","type":"","width":"","height":""}],"author":"redazione","twitter_card":"summary_large_image","twitter_creator":"@bellunopress","twitter_site":"@bellunopress","twitter_misc":{"\u00c9crit par":"redazione","Dur\u00e9e de lecture estim\u00e9e":"3 minutes"},"schema":{"@context":"https:\/\/schema.org","@graph":[{"@type":"Article","@id":"https:\/\/www.bellunopress.it\/2009\/06\/17\/cordoglio-per-la-morte-di-tullio-bettiol-presidente-dellisbrec\/#article","isPartOf":{"@id":"https:\/\/www.bellunopress.it\/2009\/06\/17\/cordoglio-per-la-morte-di-tullio-bettiol-presidente-dellisbrec\/"},"author":{"name":"redazione","@id":"https:\/\/www.bellunopress.it\/#\/schema\/person\/79bb06722b37ece1c03d3e94beb30d73"},"headline":"Cordoglio per la morte di Tullio Bettiol, presidente dell&#8217;Isbrec","datePublished":"2009-06-17T15:56:01+00:00","dateModified":"2009-06-17T15:59:35+00:00","mainEntityOfPage":{"@id":"https:\/\/www.bellunopress.it\/2009\/06\/17\/cordoglio-per-la-morte-di-tullio-bettiol-presidente-dellisbrec\/"},"wordCount":654,"publisher":{"@id":"https:\/\/www.bellunopress.it\/#organization"},"image":{"@id":"https:\/\/www.bellunopress.it\/2009\/06\/17\/cordoglio-per-la-morte-di-tullio-bettiol-presidente-dellisbrec\/#primaryimage"},"thumbnailUrl":"http:\/\/www.bellunopress.it\/wp-content\/uploads\/2009\/06\/tullio-bettiol-001.jpg","keywords":["Belluno","Dolomiti"],"articleSection":["Cronaca\/Politica","Prima Pagina"],"inLanguage":"fr-FR"},{"@type":"WebPage","@id":"https:\/\/www.bellunopress.it\/2009\/06\/17\/cordoglio-per-la-morte-di-tullio-bettiol-presidente-dellisbrec\/","url":"https:\/\/www.bellunopress.it\/2009\/06\/17\/cordoglio-per-la-morte-di-tullio-bettiol-presidente-dellisbrec\/","name":"Cordoglio per la morte di Tullio Bettiol, presidente dell'Isbrec - Bellunopress - Dolomiti","isPartOf":{"@id":"https:\/\/www.bellunopress.it\/#website"},"primaryImageOfPage":{"@id":"https:\/\/www.bellunopress.it\/2009\/06\/17\/cordoglio-per-la-morte-di-tullio-bettiol-presidente-dellisbrec\/#primaryimage"},"image":{"@id":"https:\/\/www.bellunopress.it\/2009\/06\/17\/cordoglio-per-la-morte-di-tullio-bettiol-presidente-dellisbrec\/#primaryimage"},"thumbnailUrl":"http:\/\/www.bellunopress.it\/wp-content\/uploads\/2009\/06\/tullio-bettiol-001.jpg","datePublished":"2009-06-17T15:56:01+00:00","dateModified":"2009-06-17T15:59:35+00:00","breadcrumb":{"@id":"https:\/\/www.bellunopress.it\/2009\/06\/17\/cordoglio-per-la-morte-di-tullio-bettiol-presidente-dellisbrec\/#breadcrumb"},"inLanguage":"fr-FR","potentialAction":[{"@type":"ReadAction","target":["https:\/\/www.bellunopress.it\/2009\/06\/17\/cordoglio-per-la-morte-di-tullio-bettiol-presidente-dellisbrec\/"]}]},{"@type":"ImageObject","inLanguage":"fr-FR","@id":"https:\/\/www.bellunopress.it\/2009\/06\/17\/cordoglio-per-la-morte-di-tullio-bettiol-presidente-dellisbrec\/#primaryimage","url":"http:\/\/www.bellunopress.it\/wp-content\/uploads\/2009\/06\/tullio-bettiol-001.jpg","contentUrl":"http:\/\/www.bellunopress.it\/wp-content\/uploads\/2009\/06\/tullio-bettiol-001.jpg"},{"@type":"BreadcrumbList","@id":"https:\/\/www.bellunopress.it\/2009\/06\/17\/cordoglio-per-la-morte-di-tullio-bettiol-presidente-dellisbrec\/#breadcrumb","itemListElement":[{"@type":"ListItem","position":1,"name":"Home","item":"https:\/\/www.bellunopress.it\/"},{"@type":"ListItem","position":2,"name":"Cordoglio per la morte di Tullio Bettiol, presidente dell&#8217;Isbrec"}]},{"@type":"WebSite","@id":"https:\/\/www.bellunopress.it\/#website","url":"https:\/\/www.bellunopress.it\/","name":"Bellunopress - Dolomiti","description":"e-mail: redazione@bellunopress.it","publisher":{"@id":"https:\/\/www.bellunopress.it\/#organization"},"potentialAction":[{"@type":"SearchAction","target":{"@type":"EntryPoint","urlTemplate":"https:\/\/www.bellunopress.it\/?s={search_term_string}"},"query-input":{"@type":"PropertyValueSpecification","valueRequired":true,"valueName":"search_term_string"}}],"inLanguage":"fr-FR"},{"@type":"Organization","@id":"https:\/\/www.bellunopress.it\/#organization","name":"Bellunopress","url":"https:\/\/www.bellunopress.it\/","logo":{"@type":"ImageObject","inLanguage":"fr-FR","@id":"https:\/\/www.bellunopress.it\/#\/schema\/logo\/image\/","url":"https:\/\/www.bellunopress.it\/wp-content\/uploads\/2011\/05\/cropped-logo-bellunopress-.jpg","contentUrl":"https:\/\/www.bellunopress.it\/wp-content\/uploads\/2011\/05\/cropped-logo-bellunopress-.jpg","width":512,"height":512,"caption":"Bellunopress"},"image":{"@id":"https:\/\/www.bellunopress.it\/#\/schema\/logo\/image\/"},"sameAs":["https:\/\/www.facebook.com\/profile.php?id=100008943462799","https:\/\/x.com\/bellunopress","https:\/\/www.linkedin.com\/hp\/?dnr=JBzUWaJfMUw8vbXJJ2tVW5-I3jZKvC4wsoxE&amp;amp;amp;amp;amp;amp;trk=nav_responsive_tab_home","https:\/\/www.youtube.com\/channel\/UCxL0wu1uN0_3_7hGG0306cw"]},{"@type":"Person","@id":"https:\/\/www.bellunopress.it\/#\/schema\/person\/79bb06722b37ece1c03d3e94beb30d73","name":"r\u00e9daction","image":{"@type":"ImageObject","inLanguage":"fr-FR","@id":"https:\/\/secure.gravatar.com\/avatar\/37d968a2e67a6fd04c169c4bdef102d0bc5d31b2546345219e348575eb80e9a0?s=96&d=mm&r=g","url":"https:\/\/secure.gravatar.com\/avatar\/37d968a2e67a6fd04c169c4bdef102d0bc5d31b2546345219e348575eb80e9a0?s=96&d=mm&r=g","contentUrl":"https:\/\/secure.gravatar.com\/avatar\/37d968a2e67a6fd04c169c4bdef102d0bc5d31b2546345219e348575eb80e9a0?s=96&d=mm&r=g","caption":"redazione"},"sameAs":["http:\/\/www.bellunopress.it","https:\/\/x.com\/bellunopress"],"url":"https:\/\/www.bellunopress.it\/fr\/author\/redazione\/"}]}},"_links":{"self":[{"href":"https:\/\/www.bellunopress.it\/fr\/wp-json\/wp\/v2\/posts\/5004","targetHints":{"allow":["GET"]}}],"collection":[{"href":"https:\/\/www.bellunopress.it\/fr\/wp-json\/wp\/v2\/posts"}],"about":[{"href":"https:\/\/www.bellunopress.it\/fr\/wp-json\/wp\/v2\/types\/post"}],"author":[{"embeddable":true,"href":"https:\/\/www.bellunopress.it\/fr\/wp-json\/wp\/v2\/users\/2"}],"replies":[{"embeddable":true,"href":"https:\/\/www.bellunopress.it\/fr\/wp-json\/wp\/v2\/comments?post=5004"}],"version-history":[{"count":4,"href":"https:\/\/www.bellunopress.it\/fr\/wp-json\/wp\/v2\/posts\/5004\/revisions"}],"predecessor-version":[{"id":5009,"href":"https:\/\/www.bellunopress.it\/fr\/wp-json\/wp\/v2\/posts\/5004\/revisions\/5009"}],"wp:attachment":[{"href":"https:\/\/www.bellunopress.it\/fr\/wp-json\/wp\/v2\/media?parent=5004"}],"wp:term":[{"taxonomy":"category","embeddable":true,"href":"https:\/\/www.bellunopress.it\/fr\/wp-json\/wp\/v2\/categories?post=5004"},{"taxonomy":"post_tag","embeddable":true,"href":"https:\/\/www.bellunopress.it\/fr\/wp-json\/wp\/v2\/tags?post=5004"}],"curies":[{"name":"wp","href":"https:\/\/api.w.org\/{rel}","templated":true}]}}