{"id":50037,"date":"2013-06-12T19:02:14","date_gmt":"2013-06-12T18:02:14","guid":{"rendered":"http:\/\/www.bellunopress.it\/?p=50037"},"modified":"2013-06-12T19:02:14","modified_gmt":"2013-06-12T18:02:14","slug":"il-bard-si-affida-al-senatore-franco-panizza-eletto-nel-collegio-di-trento-che-presenta-un-disegno-di-legge-per-andare-subito-al-voto-dellorganismo-provinciale","status":"publish","type":"post","link":"https:\/\/www.bellunopress.it\/fr\/2013\/06\/12\/il-bard-si-affida-al-senatore-franco-panizza-eletto-nel-collegio-di-trento-che-presenta-un-disegno-di-legge-per-andare-subito-al-voto-dellorganismo-provinciale\/","title":{"rendered":"Il Bard si affida al senatore Franco Panizza, eletto nel collegio di Trento, che presenta un disegno di legge per andare subito al voto dell&#8217;organismo provinciale"},"content":{"rendered":"<p><span style=\"font-size: 13px; line-height: 19px;\"><a href=\"http:\/\/www.bellunopress.it\/wp-content\/uploads\/2010\/10\/belluno-provincia-autonoma.jpg\"><img loading=\"lazy\" decoding=\"async\" class=\"alignleft size-full wp-image-20159\" alt=\"belluno-provincia-autonoma\" src=\"http:\/\/www.bellunopress.it\/wp-content\/uploads\/2010\/10\/belluno-provincia-autonoma.jpg\" width=\"280\" height=\"199\" \/><\/a>Il Movimento BARD (Belluno autonoma Regione Dolomiti) ha incontrato luned\u00ec scorso il senatore Franco Panizza (segretario del PATT Partito autonomista trentino tirolese, al governo con SVPM PD, UPT trentini) per un incontro politico. In tale sede gli esponenti bellunesi hanno descritto il grave problema del commissariamento della provincia e della mancanza di governo del territorio che sta peggiorando i gi\u00e0 pesanti problemi economici.<\/span><\/p>\n<p>&nbsp;<\/p>\n<figure id=\"attachment_50038\" aria-describedby=\"caption-attachment-50038\" style=\"width: 124px\" class=\"wp-caption alignleft\"><a href=\"http:\/\/www.bellunopress.it\/wp-content\/uploads\/2013\/06\/franco-panizza-senatore.jpg\"><img loading=\"lazy\" decoding=\"async\" class=\"size-full wp-image-50038\" alt=\"Franco Panizza, senatore\" src=\"http:\/\/www.bellunopress.it\/wp-content\/uploads\/2013\/06\/franco-panizza-senatore.jpg\" width=\"124\" height=\"153\" \/><\/a><figcaption id=\"caption-attachment-50038\" class=\"wp-caption-text\">Franco Panizza, senatore<\/figcaption><\/figure>\n<p>Il senatore Panizza ha immediatamente compreso e fatto suo il problema: ha presentato infatti oggi 12 giugno, un disegno di legge scritto da Daniele Trabucco al fine di permettere l&#8217;immediato voto dell&#8217;organismo provinciale per Belluno e le province montane, in quanto tutelate dalla costituzione (art. 44).<\/p>\n<p>Si far\u00e0 inoltre carico di coinvolgere gli altri senatori e parlamentari bellunesi.<\/p>\n<p>Panizza ha inoltre dichiarato che ritiene doveroso che Belluno resti elettiva e sia autonoma in modo da dare governo alle genti delle Dolomiti e permettere collaborazioni profonde con Trento e Bolzano su energia, trasporti e promozione delle Dolomiti.<\/p>\n<p>Di fatto dare avvio al governo della regione alpina, come gi\u00e0 fa il Trentino con Bolzano e Tirolo.<\/p>\n<p>Il BARD ringrazia quindi Panizza ed il PATT per tale fondamentale attivit\u00e0 politica in favore del governo in sinergia dei popoli e territori alpini.<\/p>\n<p>&nbsp;<\/p>\n<figure id=\"attachment_39795\" aria-describedby=\"caption-attachment-39795\" style=\"width: 136px\" class=\"wp-caption alignleft\"><a href=\"http:\/\/www.bellunopress.it\/wp-content\/uploads\/2012\/07\/daniele-trabucco-150.jpg\"><img loading=\"lazy\" decoding=\"async\" class=\"size-full wp-image-39795\" alt=\"Daniele Trabucco - Universit\u00e0 di Padova\" src=\"http:\/\/www.bellunopress.it\/wp-content\/uploads\/2012\/07\/daniele-trabucco-150.jpg\" width=\"136\" height=\"150\" \/><\/a><figcaption id=\"caption-attachment-39795\" class=\"wp-caption-text\">Daniele Trabucco &#8211; Universit\u00e0 di Padova<\/figcaption><\/figure>\n<p><strong>DISEGNO DI LEGGE RECANTE DISPOSIZIONI NORMATIVE PER L\u2019ELEZIONE DIRETTA DEI PRESIDENTI DELLE PROVINCE E DEI CONSIGLI PROVINCIALI DELLE PROVINCE INTERAMENTE MONTANE<\/strong><\/p>\n<p>Art. 1 Deroga per le Province montane<\/p>\n<p>In base all\u2019art. 44, comma 2, della Costituzione, alle Province interamente montane situate in Regioni ordinarie, da individuarsi con Decreto del Presidente del Consiglio dei Ministri su proposta del Ministro dell\u2019Interno di concerto con il Ministro per gli Affari regionali e le autonomie, sentito il parere della Conferenza Unificata, non si applicano le disposizioni di cui all\u2019art. 23, commi da 14 a 20, del decreto-legge 06 dicembre 2011, n. 201 convertito, con modificazioni dalla legge 22 dicembre 2011, n. 214, le disposizioni di cui all\u2019art. 17 del decreto-legge 06 luglio 2012, n. 95 convertito, con modificazioni, dalla legge 07 agosto 2012, n. 135 e le disposizioni di cui all\u2019art. 1, comma 115, della legge 24 dicembre 2012, n. 228.<\/p>\n<p>Art. 2 Organi delle Province montane e funzioni<\/p>\n<p>Gli organi delle Province montane, individuate ai sensi dell\u2019art. 1, sono il Presidente della Provincia, la Giunta provinciale e il Consiglio provinciale. Per la loro composizione, si applicano le disposizioni di cui al Titolo III, Capo I, del d.lgs. n. 267\/2000.<\/p>\n<p>Le Province montane esercitano le funzioni proprie e conferite con legge statale e regionale.<\/p>\n<p>Lo Stato e le Regioni, in ragioni della peculiarit\u00e0 morfologica del territorio, potranno conferire ulteriori funzioni amministrative nel rispetto dei principi di sussidiariet\u00e0, differenziazione e adeguatezza.<\/p>\n<p>Art. 3 Elezione del Presidente della Provincia e dei Consigli provinciali<\/p>\n<p>Il Presidente delle Province montane e il rispettivo Consiglio sono eletti a suffraggio universale e diretto secondo le disposizioni normative della legge 25 marzo 1993, n. 81.<\/p>\n<p>Per le Province gi\u00e0 commissariate o in scadenza entro il 31 dicembre 2013, si procede alla elezione del Presidente e del Consiglio nel primo turno elettorale utile previsto dalla legge ai sensi dell\u2019art. 141 del d.lgs. n. 267\/2000. Nelle more del rinnovo, i commissari straordinari e gli organi delle Province in scadenza rimangono in carica per la gestione ordinaria dell\u2019ente.<\/p>\n<p>Art. 4 Abrogazioni<\/p>\n<p>Le norme incompatibili con la presente legge si intendono abrogate<\/p>","protected":false},"excerpt":{"rendered":"<p>Il Movimento BARD (Belluno autonoma Regione Dolomiti) ha incontrato luned\u00ec scorso il senatore Franco Panizza (segretario del PATT Partito autonomista trentino tirolese, al governo con SVPM PD, UPT trentini) per un incontro politico. In tale sede gli esponenti bellunesi hanno descritto il grave problema del commissariamento della provincia e della mancanza di governo del territorio [&hellip;]<\/p>\n","protected":false},"author":2,"featured_media":0,"comment_status":"closed","ping_status":"open","sticky":false,"template":"","format":"standard","meta":{"footnotes":""},"categories":[1],"tags":[],"class_list":["post-50037","post","type-post","status-publish","format-standard","category-leo"],"yoast_head":"<!-- This site is optimized with the Yoast SEO plugin v28.4 - https:\/\/yoast.com\/product\/yoast-seo-wordpress\/ -->\n<title>Il Bard si affida al senatore Franco Panizza, eletto nel collegio di Trento, che presenta un disegno di legge per andare subito al voto dell&#039;organismo provinciale  - Bellunopress - Dolomiti<\/title>\n<meta name=\"robots\" content=\"index, follow, max-snippet:-1, max-image-preview:large, max-video-preview:-1\" \/>\n<link rel=\"canonical\" href=\"https:\/\/www.bellunopress.it\/fr\/2013\/06\/12\/il-bard-si-affida-al-senatore-franco-panizza-eletto-nel-collegio-di-trento-che-presenta-un-disegno-di-legge-per-andare-subito-al-voto-dellorganismo-provinciale\/\" \/>\n<meta property=\"og:locale\" content=\"fr_FR\" \/>\n<meta property=\"og:type\" content=\"article\" \/>\n<meta property=\"og:title\" content=\"Il Bard si affida al senatore Franco Panizza, eletto nel collegio di Trento, che presenta un disegno di legge per andare subito al voto dell&#039;organismo provinciale  - Bellunopress - Dolomiti\" \/>\n<meta property=\"og:description\" content=\"Il Movimento BARD (Belluno autonoma Regione Dolomiti) ha incontrato luned\u00ec scorso il senatore Franco Panizza (segretario del PATT Partito autonomista trentino tirolese, al governo con SVPM PD, UPT trentini) per un incontro politico. In tale sede gli esponenti bellunesi hanno descritto il grave problema del commissariamento della provincia e della mancanza di governo del territorio [&hellip;]\" \/>\n<meta property=\"og:url\" content=\"https:\/\/www.bellunopress.it\/fr\/2013\/06\/12\/il-bard-si-affida-al-senatore-franco-panizza-eletto-nel-collegio-di-trento-che-presenta-un-disegno-di-legge-per-andare-subito-al-voto-dellorganismo-provinciale\/\" \/>\n<meta property=\"og:site_name\" content=\"Bellunopress - Dolomiti\" \/>\n<meta property=\"article:publisher\" content=\"https:\/\/www.facebook.com\/profile.php?id=100008943462799\" \/>\n<meta property=\"article:published_time\" content=\"2013-06-12T18:02:14+00:00\" \/>\n<meta property=\"og:image\" content=\"http:\/\/www.bellunopress.it\/wp-content\/uploads\/2010\/10\/belluno-provincia-autonoma.jpg\" \/>\n<meta name=\"author\" content=\"redazione\" \/>\n<meta name=\"twitter:card\" content=\"summary_large_image\" \/>\n<meta name=\"twitter:creator\" content=\"@bellunopress\" \/>\n<meta name=\"twitter:site\" content=\"@bellunopress\" \/>\n<meta name=\"twitter:label1\" content=\"\u00c9crit par\" \/>\n\t<meta name=\"twitter:data1\" content=\"redazione\" \/>\n\t<meta name=\"twitter:label2\" content=\"Dur\u00e9e de lecture estim\u00e9e\" \/>\n\t<meta name=\"twitter:data2\" content=\"3 minutes\" \/>\n<script type=\"application\/ld+json\" class=\"yoast-schema-graph\">{\"@context\":\"https:\\\/\\\/schema.org\",\"@graph\":[{\"@type\":\"Article\",\"@id\":\"https:\\\/\\\/www.bellunopress.it\\\/2013\\\/06\\\/12\\\/il-bard-si-affida-al-senatore-franco-panizza-eletto-nel-collegio-di-trento-che-presenta-un-disegno-di-legge-per-andare-subito-al-voto-dellorganismo-provinciale\\\/#article\",\"isPartOf\":{\"@id\":\"https:\\\/\\\/www.bellunopress.it\\\/2013\\\/06\\\/12\\\/il-bard-si-affida-al-senatore-franco-panizza-eletto-nel-collegio-di-trento-che-presenta-un-disegno-di-legge-per-andare-subito-al-voto-dellorganismo-provinciale\\\/\"},\"author\":{\"name\":\"redazione\",\"@id\":\"https:\\\/\\\/www.bellunopress.it\\\/#\\\/schema\\\/person\\\/79bb06722b37ece1c03d3e94beb30d73\"},\"headline\":\"Il Bard si affida al senatore Franco Panizza, eletto nel collegio di Trento, che presenta un disegno di legge per andare subito al voto dell&#8217;organismo provinciale\",\"datePublished\":\"2013-06-12T18:02:14+00:00\",\"mainEntityOfPage\":{\"@id\":\"https:\\\/\\\/www.bellunopress.it\\\/2013\\\/06\\\/12\\\/il-bard-si-affida-al-senatore-franco-panizza-eletto-nel-collegio-di-trento-che-presenta-un-disegno-di-legge-per-andare-subito-al-voto-dellorganismo-provinciale\\\/\"},\"wordCount\":575,\"publisher\":{\"@id\":\"https:\\\/\\\/www.bellunopress.it\\\/#organization\"},\"image\":{\"@id\":\"https:\\\/\\\/www.bellunopress.it\\\/2013\\\/06\\\/12\\\/il-bard-si-affida-al-senatore-franco-panizza-eletto-nel-collegio-di-trento-che-presenta-un-disegno-di-legge-per-andare-subito-al-voto-dellorganismo-provinciale\\\/#primaryimage\"},\"thumbnailUrl\":\"http:\\\/\\\/www.bellunopress.it\\\/wp-content\\\/uploads\\\/2010\\\/10\\\/belluno-provincia-autonoma.jpg\",\"articleSection\":[\"Lettere Opinioni\"],\"inLanguage\":\"fr-FR\"},{\"@type\":\"WebPage\",\"@id\":\"https:\\\/\\\/www.bellunopress.it\\\/2013\\\/06\\\/12\\\/il-bard-si-affida-al-senatore-franco-panizza-eletto-nel-collegio-di-trento-che-presenta-un-disegno-di-legge-per-andare-subito-al-voto-dellorganismo-provinciale\\\/\",\"url\":\"https:\\\/\\\/www.bellunopress.it\\\/2013\\\/06\\\/12\\\/il-bard-si-affida-al-senatore-franco-panizza-eletto-nel-collegio-di-trento-che-presenta-un-disegno-di-legge-per-andare-subito-al-voto-dellorganismo-provinciale\\\/\",\"name\":\"Il Bard si affida al senatore Franco Panizza, eletto nel collegio di Trento, che presenta un disegno di legge per andare subito al voto dell'organismo provinciale - Bellunopress - Dolomiti\",\"isPartOf\":{\"@id\":\"https:\\\/\\\/www.bellunopress.it\\\/#website\"},\"primaryImageOfPage\":{\"@id\":\"https:\\\/\\\/www.bellunopress.it\\\/2013\\\/06\\\/12\\\/il-bard-si-affida-al-senatore-franco-panizza-eletto-nel-collegio-di-trento-che-presenta-un-disegno-di-legge-per-andare-subito-al-voto-dellorganismo-provinciale\\\/#primaryimage\"},\"image\":{\"@id\":\"https:\\\/\\\/www.bellunopress.it\\\/2013\\\/06\\\/12\\\/il-bard-si-affida-al-senatore-franco-panizza-eletto-nel-collegio-di-trento-che-presenta-un-disegno-di-legge-per-andare-subito-al-voto-dellorganismo-provinciale\\\/#primaryimage\"},\"thumbnailUrl\":\"http:\\\/\\\/www.bellunopress.it\\\/wp-content\\\/uploads\\\/2010\\\/10\\\/belluno-provincia-autonoma.jpg\",\"datePublished\":\"2013-06-12T18:02:14+00:00\",\"breadcrumb\":{\"@id\":\"https:\\\/\\\/www.bellunopress.it\\\/2013\\\/06\\\/12\\\/il-bard-si-affida-al-senatore-franco-panizza-eletto-nel-collegio-di-trento-che-presenta-un-disegno-di-legge-per-andare-subito-al-voto-dellorganismo-provinciale\\\/#breadcrumb\"},\"inLanguage\":\"fr-FR\",\"potentialAction\":[{\"@type\":\"ReadAction\",\"target\":[\"https:\\\/\\\/www.bellunopress.it\\\/2013\\\/06\\\/12\\\/il-bard-si-affida-al-senatore-franco-panizza-eletto-nel-collegio-di-trento-che-presenta-un-disegno-di-legge-per-andare-subito-al-voto-dellorganismo-provinciale\\\/\"]}]},{\"@type\":\"ImageObject\",\"inLanguage\":\"fr-FR\",\"@id\":\"https:\\\/\\\/www.bellunopress.it\\\/2013\\\/06\\\/12\\\/il-bard-si-affida-al-senatore-franco-panizza-eletto-nel-collegio-di-trento-che-presenta-un-disegno-di-legge-per-andare-subito-al-voto-dellorganismo-provinciale\\\/#primaryimage\",\"url\":\"http:\\\/\\\/www.bellunopress.it\\\/wp-content\\\/uploads\\\/2010\\\/10\\\/belluno-provincia-autonoma.jpg\",\"contentUrl\":\"http:\\\/\\\/www.bellunopress.it\\\/wp-content\\\/uploads\\\/2010\\\/10\\\/belluno-provincia-autonoma.jpg\"},{\"@type\":\"BreadcrumbList\",\"@id\":\"https:\\\/\\\/www.bellunopress.it\\\/2013\\\/06\\\/12\\\/il-bard-si-affida-al-senatore-franco-panizza-eletto-nel-collegio-di-trento-che-presenta-un-disegno-di-legge-per-andare-subito-al-voto-dellorganismo-provinciale\\\/#breadcrumb\",\"itemListElement\":[{\"@type\":\"ListItem\",\"position\":1,\"name\":\"Home\",\"item\":\"https:\\\/\\\/www.bellunopress.it\\\/\"},{\"@type\":\"ListItem\",\"position\":2,\"name\":\"Il Bard si affida al senatore Franco Panizza, eletto nel collegio di Trento, che presenta un disegno di legge per andare subito al voto dell&#8217;organismo provinciale\"}]},{\"@type\":\"WebSite\",\"@id\":\"https:\\\/\\\/www.bellunopress.it\\\/#website\",\"url\":\"https:\\\/\\\/www.bellunopress.it\\\/\",\"name\":\"Bellunopress - Dolomiti\",\"description\":\"e-mail: redazione@bellunopress.it\",\"publisher\":{\"@id\":\"https:\\\/\\\/www.bellunopress.it\\\/#organization\"},\"potentialAction\":[{\"@type\":\"SearchAction\",\"target\":{\"@type\":\"EntryPoint\",\"urlTemplate\":\"https:\\\/\\\/www.bellunopress.it\\\/?s={search_term_string}\"},\"query-input\":{\"@type\":\"PropertyValueSpecification\",\"valueRequired\":true,\"valueName\":\"search_term_string\"}}],\"inLanguage\":\"fr-FR\"},{\"@type\":\"Organization\",\"@id\":\"https:\\\/\\\/www.bellunopress.it\\\/#organization\",\"name\":\"Bellunopress\",\"url\":\"https:\\\/\\\/www.bellunopress.it\\\/\",\"logo\":{\"@type\":\"ImageObject\",\"inLanguage\":\"fr-FR\",\"@id\":\"https:\\\/\\\/www.bellunopress.it\\\/#\\\/schema\\\/logo\\\/image\\\/\",\"url\":\"https:\\\/\\\/www.bellunopress.it\\\/wp-content\\\/uploads\\\/2011\\\/05\\\/cropped-logo-bellunopress-.jpg\",\"contentUrl\":\"https:\\\/\\\/www.bellunopress.it\\\/wp-content\\\/uploads\\\/2011\\\/05\\\/cropped-logo-bellunopress-.jpg\",\"width\":512,\"height\":512,\"caption\":\"Bellunopress\"},\"image\":{\"@id\":\"https:\\\/\\\/www.bellunopress.it\\\/#\\\/schema\\\/logo\\\/image\\\/\"},\"sameAs\":[\"https:\\\/\\\/www.facebook.com\\\/profile.php?id=100008943462799\",\"https:\\\/\\\/x.com\\\/bellunopress\",\"https:\\\/\\\/www.linkedin.com\\\/hp\\\/?dnr=JBzUWaJfMUw8vbXJJ2tVW5-I3jZKvC4wsoxE&amp;amp;amp;amp;amp;amp;trk=nav_responsive_tab_home\",\"https:\\\/\\\/www.youtube.com\\\/channel\\\/UCxL0wu1uN0_3_7hGG0306cw\"]},{\"@type\":\"Person\",\"@id\":\"https:\\\/\\\/www.bellunopress.it\\\/#\\\/schema\\\/person\\\/79bb06722b37ece1c03d3e94beb30d73\",\"name\":\"redazione\",\"image\":{\"@type\":\"ImageObject\",\"inLanguage\":\"fr-FR\",\"@id\":\"https:\\\/\\\/secure.gravatar.com\\\/avatar\\\/37d968a2e67a6fd04c169c4bdef102d0bc5d31b2546345219e348575eb80e9a0?s=96&d=mm&r=g\",\"url\":\"https:\\\/\\\/secure.gravatar.com\\\/avatar\\\/37d968a2e67a6fd04c169c4bdef102d0bc5d31b2546345219e348575eb80e9a0?s=96&d=mm&r=g\",\"contentUrl\":\"https:\\\/\\\/secure.gravatar.com\\\/avatar\\\/37d968a2e67a6fd04c169c4bdef102d0bc5d31b2546345219e348575eb80e9a0?s=96&d=mm&r=g\",\"caption\":\"redazione\"},\"sameAs\":[\"http:\\\/\\\/www.bellunopress.it\",\"https:\\\/\\\/x.com\\\/bellunopress\"],\"url\":\"https:\\\/\\\/www.bellunopress.it\\\/fr\\\/author\\\/redazione\\\/\"}]}<\/script>\n<!-- \/ Yoast SEO plugin. -->","yoast_head_json":{"title":"Il Bard si affida al senatore Franco Panizza, eletto nel collegio di Trento, che presenta un disegno di legge per andare subito al voto dell'organismo provinciale  - Bellunopress - Dolomiti","robots":{"index":"index","follow":"follow","max-snippet":"max-snippet:-1","max-image-preview":"max-image-preview:large","max-video-preview":"max-video-preview:-1"},"canonical":"https:\/\/www.bellunopress.it\/fr\/2013\/06\/12\/il-bard-si-affida-al-senatore-franco-panizza-eletto-nel-collegio-di-trento-che-presenta-un-disegno-di-legge-per-andare-subito-al-voto-dellorganismo-provinciale\/","og_locale":"fr_FR","og_type":"article","og_title":"Il Bard si affida al senatore Franco Panizza, eletto nel collegio di Trento, che presenta un disegno di legge per andare subito al voto dell'organismo provinciale  - Bellunopress - Dolomiti","og_description":"Il Movimento BARD (Belluno autonoma Regione Dolomiti) ha incontrato luned\u00ec scorso il senatore Franco Panizza (segretario del PATT Partito autonomista trentino tirolese, al governo con SVPM PD, UPT trentini) per un incontro politico. In tale sede gli esponenti bellunesi hanno descritto il grave problema del commissariamento della provincia e della mancanza di governo del territorio [&hellip;]","og_url":"https:\/\/www.bellunopress.it\/fr\/2013\/06\/12\/il-bard-si-affida-al-senatore-franco-panizza-eletto-nel-collegio-di-trento-che-presenta-un-disegno-di-legge-per-andare-subito-al-voto-dellorganismo-provinciale\/","og_site_name":"Bellunopress - Dolomiti","article_publisher":"https:\/\/www.facebook.com\/profile.php?id=100008943462799","article_published_time":"2013-06-12T18:02:14+00:00","og_image":[{"url":"http:\/\/www.bellunopress.it\/wp-content\/uploads\/2010\/10\/belluno-provincia-autonoma.jpg","type":"","width":"","height":""}],"author":"redazione","twitter_card":"summary_large_image","twitter_creator":"@bellunopress","twitter_site":"@bellunopress","twitter_misc":{"\u00c9crit par":"redazione","Dur\u00e9e de lecture estim\u00e9e":"3 minutes"},"schema":{"@context":"https:\/\/schema.org","@graph":[{"@type":"Article","@id":"https:\/\/www.bellunopress.it\/2013\/06\/12\/il-bard-si-affida-al-senatore-franco-panizza-eletto-nel-collegio-di-trento-che-presenta-un-disegno-di-legge-per-andare-subito-al-voto-dellorganismo-provinciale\/#article","isPartOf":{"@id":"https:\/\/www.bellunopress.it\/2013\/06\/12\/il-bard-si-affida-al-senatore-franco-panizza-eletto-nel-collegio-di-trento-che-presenta-un-disegno-di-legge-per-andare-subito-al-voto-dellorganismo-provinciale\/"},"author":{"name":"redazione","@id":"https:\/\/www.bellunopress.it\/#\/schema\/person\/79bb06722b37ece1c03d3e94beb30d73"},"headline":"Il Bard si affida al senatore Franco Panizza, eletto nel collegio di Trento, che presenta un disegno di legge per andare subito al voto dell&#8217;organismo provinciale","datePublished":"2013-06-12T18:02:14+00:00","mainEntityOfPage":{"@id":"https:\/\/www.bellunopress.it\/2013\/06\/12\/il-bard-si-affida-al-senatore-franco-panizza-eletto-nel-collegio-di-trento-che-presenta-un-disegno-di-legge-per-andare-subito-al-voto-dellorganismo-provinciale\/"},"wordCount":575,"publisher":{"@id":"https:\/\/www.bellunopress.it\/#organization"},"image":{"@id":"https:\/\/www.bellunopress.it\/2013\/06\/12\/il-bard-si-affida-al-senatore-franco-panizza-eletto-nel-collegio-di-trento-che-presenta-un-disegno-di-legge-per-andare-subito-al-voto-dellorganismo-provinciale\/#primaryimage"},"thumbnailUrl":"http:\/\/www.bellunopress.it\/wp-content\/uploads\/2010\/10\/belluno-provincia-autonoma.jpg","articleSection":["Lettere Opinioni"],"inLanguage":"fr-FR"},{"@type":"WebPage","@id":"https:\/\/www.bellunopress.it\/2013\/06\/12\/il-bard-si-affida-al-senatore-franco-panizza-eletto-nel-collegio-di-trento-che-presenta-un-disegno-di-legge-per-andare-subito-al-voto-dellorganismo-provinciale\/","url":"https:\/\/www.bellunopress.it\/2013\/06\/12\/il-bard-si-affida-al-senatore-franco-panizza-eletto-nel-collegio-di-trento-che-presenta-un-disegno-di-legge-per-andare-subito-al-voto-dellorganismo-provinciale\/","name":"Il Bard si affida al senatore Franco Panizza, eletto nel collegio di Trento, che presenta un disegno di legge per andare subito al voto dell'organismo provinciale - Bellunopress - Dolomiti","isPartOf":{"@id":"https:\/\/www.bellunopress.it\/#website"},"primaryImageOfPage":{"@id":"https:\/\/www.bellunopress.it\/2013\/06\/12\/il-bard-si-affida-al-senatore-franco-panizza-eletto-nel-collegio-di-trento-che-presenta-un-disegno-di-legge-per-andare-subito-al-voto-dellorganismo-provinciale\/#primaryimage"},"image":{"@id":"https:\/\/www.bellunopress.it\/2013\/06\/12\/il-bard-si-affida-al-senatore-franco-panizza-eletto-nel-collegio-di-trento-che-presenta-un-disegno-di-legge-per-andare-subito-al-voto-dellorganismo-provinciale\/#primaryimage"},"thumbnailUrl":"http:\/\/www.bellunopress.it\/wp-content\/uploads\/2010\/10\/belluno-provincia-autonoma.jpg","datePublished":"2013-06-12T18:02:14+00:00","breadcrumb":{"@id":"https:\/\/www.bellunopress.it\/2013\/06\/12\/il-bard-si-affida-al-senatore-franco-panizza-eletto-nel-collegio-di-trento-che-presenta-un-disegno-di-legge-per-andare-subito-al-voto-dellorganismo-provinciale\/#breadcrumb"},"inLanguage":"fr-FR","potentialAction":[{"@type":"ReadAction","target":["https:\/\/www.bellunopress.it\/2013\/06\/12\/il-bard-si-affida-al-senatore-franco-panizza-eletto-nel-collegio-di-trento-che-presenta-un-disegno-di-legge-per-andare-subito-al-voto-dellorganismo-provinciale\/"]}]},{"@type":"ImageObject","inLanguage":"fr-FR","@id":"https:\/\/www.bellunopress.it\/2013\/06\/12\/il-bard-si-affida-al-senatore-franco-panizza-eletto-nel-collegio-di-trento-che-presenta-un-disegno-di-legge-per-andare-subito-al-voto-dellorganismo-provinciale\/#primaryimage","url":"http:\/\/www.bellunopress.it\/wp-content\/uploads\/2010\/10\/belluno-provincia-autonoma.jpg","contentUrl":"http:\/\/www.bellunopress.it\/wp-content\/uploads\/2010\/10\/belluno-provincia-autonoma.jpg"},{"@type":"BreadcrumbList","@id":"https:\/\/www.bellunopress.it\/2013\/06\/12\/il-bard-si-affida-al-senatore-franco-panizza-eletto-nel-collegio-di-trento-che-presenta-un-disegno-di-legge-per-andare-subito-al-voto-dellorganismo-provinciale\/#breadcrumb","itemListElement":[{"@type":"ListItem","position":1,"name":"Home","item":"https:\/\/www.bellunopress.it\/"},{"@type":"ListItem","position":2,"name":"Il Bard si affida al senatore Franco Panizza, eletto nel collegio di Trento, che presenta un disegno di legge per andare subito al voto dell&#8217;organismo provinciale"}]},{"@type":"WebSite","@id":"https:\/\/www.bellunopress.it\/#website","url":"https:\/\/www.bellunopress.it\/","name":"Bellunopress - Dolomiti","description":"e-mail: redazione@bellunopress.it","publisher":{"@id":"https:\/\/www.bellunopress.it\/#organization"},"potentialAction":[{"@type":"SearchAction","target":{"@type":"EntryPoint","urlTemplate":"https:\/\/www.bellunopress.it\/?s={search_term_string}"},"query-input":{"@type":"PropertyValueSpecification","valueRequired":true,"valueName":"search_term_string"}}],"inLanguage":"fr-FR"},{"@type":"Organization","@id":"https:\/\/www.bellunopress.it\/#organization","name":"Bellunopress","url":"https:\/\/www.bellunopress.it\/","logo":{"@type":"ImageObject","inLanguage":"fr-FR","@id":"https:\/\/www.bellunopress.it\/#\/schema\/logo\/image\/","url":"https:\/\/www.bellunopress.it\/wp-content\/uploads\/2011\/05\/cropped-logo-bellunopress-.jpg","contentUrl":"https:\/\/www.bellunopress.it\/wp-content\/uploads\/2011\/05\/cropped-logo-bellunopress-.jpg","width":512,"height":512,"caption":"Bellunopress"},"image":{"@id":"https:\/\/www.bellunopress.it\/#\/schema\/logo\/image\/"},"sameAs":["https:\/\/www.facebook.com\/profile.php?id=100008943462799","https:\/\/x.com\/bellunopress","https:\/\/www.linkedin.com\/hp\/?dnr=JBzUWaJfMUw8vbXJJ2tVW5-I3jZKvC4wsoxE&amp;amp;amp;amp;amp;amp;trk=nav_responsive_tab_home","https:\/\/www.youtube.com\/channel\/UCxL0wu1uN0_3_7hGG0306cw"]},{"@type":"Person","@id":"https:\/\/www.bellunopress.it\/#\/schema\/person\/79bb06722b37ece1c03d3e94beb30d73","name":"r\u00e9daction","image":{"@type":"ImageObject","inLanguage":"fr-FR","@id":"https:\/\/secure.gravatar.com\/avatar\/37d968a2e67a6fd04c169c4bdef102d0bc5d31b2546345219e348575eb80e9a0?s=96&d=mm&r=g","url":"https:\/\/secure.gravatar.com\/avatar\/37d968a2e67a6fd04c169c4bdef102d0bc5d31b2546345219e348575eb80e9a0?s=96&d=mm&r=g","contentUrl":"https:\/\/secure.gravatar.com\/avatar\/37d968a2e67a6fd04c169c4bdef102d0bc5d31b2546345219e348575eb80e9a0?s=96&d=mm&r=g","caption":"redazione"},"sameAs":["http:\/\/www.bellunopress.it","https:\/\/x.com\/bellunopress"],"url":"https:\/\/www.bellunopress.it\/fr\/author\/redazione\/"}]}},"_links":{"self":[{"href":"https:\/\/www.bellunopress.it\/fr\/wp-json\/wp\/v2\/posts\/50037","targetHints":{"allow":["GET"]}}],"collection":[{"href":"https:\/\/www.bellunopress.it\/fr\/wp-json\/wp\/v2\/posts"}],"about":[{"href":"https:\/\/www.bellunopress.it\/fr\/wp-json\/wp\/v2\/types\/post"}],"author":[{"embeddable":true,"href":"https:\/\/www.bellunopress.it\/fr\/wp-json\/wp\/v2\/users\/2"}],"replies":[{"embeddable":true,"href":"https:\/\/www.bellunopress.it\/fr\/wp-json\/wp\/v2\/comments?post=50037"}],"version-history":[{"count":1,"href":"https:\/\/www.bellunopress.it\/fr\/wp-json\/wp\/v2\/posts\/50037\/revisions"}],"predecessor-version":[{"id":50039,"href":"https:\/\/www.bellunopress.it\/fr\/wp-json\/wp\/v2\/posts\/50037\/revisions\/50039"}],"wp:attachment":[{"href":"https:\/\/www.bellunopress.it\/fr\/wp-json\/wp\/v2\/media?parent=50037"}],"wp:term":[{"taxonomy":"category","embeddable":true,"href":"https:\/\/www.bellunopress.it\/fr\/wp-json\/wp\/v2\/categories?post=50037"},{"taxonomy":"post_tag","embeddable":true,"href":"https:\/\/www.bellunopress.it\/fr\/wp-json\/wp\/v2\/tags?post=50037"}],"curies":[{"name":"wp","href":"https:\/\/api.w.org\/{rel}","templated":true}]}}