{"id":5002,"date":"2009-06-17T16:41:05","date_gmt":"2009-06-17T15:41:05","guid":{"rendered":"http:\/\/www.bellunopress.it\/?p=5002"},"modified":"2009-06-17T18:03:32","modified_gmt":"2009-06-17T17:03:32","slug":"accordo-pdl-lega-giovanni-piccoli-alla-vicepresidenza-della-provincia-in-caso-di-vittoria-del-centrodestra","status":"publish","type":"post","link":"https:\/\/www.bellunopress.it\/fr\/2009\/06\/17\/accordo-pdl-lega-giovanni-piccoli-alla-vicepresidenza-della-provincia-in-caso-di-vittoria-del-centrodestra\/","title":{"rendered":"Accordo Pdl-Lega: Giovanni Piccoli alla vicepresidenza della Provincia in caso di vittoria del centrodestra"},"content":{"rendered":"<p>Pace fatta tra Pdl e Lega: Giovanni Piccoli alla vicepresidenza della Provincia in caso di vittoria di Gianpaolo Bottacin e del centrodestra su Sergio Reolon. Sono questi gli accordi raggiunti tra i vertici provinciali della Lega e del Pdl e che hanno l\u2019intento di ricomporre le questioni sorte tra gli alleati del centrodestra, con Maurizio Paniz (Pdl) critico sul candidato leghista e Gianvittore Vaccari (Lega) che richiama la coalizione all\u2019unit\u00e0 in vista dell\u2019imminente ballottaggio alle provinciali (si vota domenica e luned\u00ec anche per il referendum). Oggetto del contendere: 10.000 voti in meno incassati da Bottacin al primo turno rispetto alle europee, targati Pdl. Giovanni Piccoli, gi\u00e0 presidente del Bim e sindaco riconfermato di Sedico, siederebbe quindi alla destra di Bottacin in caso di vittoria del centrodestra contro Reolon. Per lui quella della vicepresidenza\u00a0 a Palazzo Piloni sarebbe la terza poltrona collezionata, ma non sarebbe certo l\u2019unico tra amministratori e politici di casa a dover decidere su quale sedersi (almeno una alla volta). Evidentemente il Bellunese offre scelte piuttosto ristrette anche in politica.<\/p>","protected":false},"excerpt":{"rendered":"<p>Pace fatta tra Pdl e Lega: Giovanni Piccoli alla vicepresidenza della Provincia in caso di vittoria di Gianpaolo Bottacin e del centrodestra su Sergio Reolon. Sono questi gli accordi raggiunti tra i vertici provinciali della Lega e del Pdl e che hanno l\u2019intento di ricomporre le questioni sorte tra gli alleati del centrodestra, con Maurizio [&hellip;]<\/p>\n","protected":false},"author":2,"featured_media":0,"comment_status":"closed","ping_status":"open","sticky":false,"template":"","format":"standard","meta":{"footnotes":""},"categories":[5],"tags":[],"class_list":["post-5002","post","type-post","status-publish","format-standard","category-cronaca"],"yoast_head":"<!-- This site is optimized with the Yoast SEO plugin v28.4 - https:\/\/yoast.com\/product\/yoast-seo-wordpress\/ -->\n<title>Accordo Pdl-Lega: Giovanni Piccoli alla vicepresidenza della Provincia in caso di vittoria del centrodestra - Bellunopress - Dolomiti<\/title>\n<meta name=\"robots\" content=\"index, follow, max-snippet:-1, max-image-preview:large, max-video-preview:-1\" \/>\n<link rel=\"canonical\" href=\"https:\/\/www.bellunopress.it\/fr\/2009\/06\/17\/accordo-pdl-lega-giovanni-piccoli-alla-vicepresidenza-della-provincia-in-caso-di-vittoria-del-centrodestra\/\" \/>\n<meta property=\"og:locale\" content=\"fr_FR\" \/>\n<meta property=\"og:type\" content=\"article\" \/>\n<meta property=\"og:title\" content=\"Accordo Pdl-Lega: Giovanni Piccoli alla vicepresidenza della Provincia in caso di vittoria del centrodestra - Bellunopress - Dolomiti\" \/>\n<meta property=\"og:description\" content=\"Pace fatta tra Pdl e Lega: Giovanni Piccoli alla vicepresidenza della Provincia in caso di vittoria di Gianpaolo Bottacin e del centrodestra su Sergio Reolon. Sono questi gli accordi raggiunti tra i vertici provinciali della Lega e del Pdl e che hanno l\u2019intento di ricomporre le questioni sorte tra gli alleati del centrodestra, con Maurizio [&hellip;]\" \/>\n<meta property=\"og:url\" content=\"https:\/\/www.bellunopress.it\/fr\/2009\/06\/17\/accordo-pdl-lega-giovanni-piccoli-alla-vicepresidenza-della-provincia-in-caso-di-vittoria-del-centrodestra\/\" \/>\n<meta property=\"og:site_name\" content=\"Bellunopress - Dolomiti\" \/>\n<meta property=\"article:publisher\" content=\"https:\/\/www.facebook.com\/profile.php?id=100008943462799\" \/>\n<meta property=\"article:published_time\" content=\"2009-06-17T15:41:05+00:00\" \/>\n<meta property=\"article:modified_time\" content=\"2009-06-17T17:03:32+00:00\" \/>\n<meta property=\"og:image\" content=\"http:\/\/www.bellunopress.it\/wp-content\/uploads\/2012\/07\/logo-bellunopress-250x250-2012.jpg\" \/>\n<meta name=\"author\" content=\"redazione\" \/>\n<meta name=\"twitter:card\" content=\"summary_large_image\" \/>\n<meta name=\"twitter:creator\" content=\"@bellunopress\" \/>\n<meta name=\"twitter:site\" content=\"@bellunopress\" \/>\n<meta name=\"twitter:label1\" content=\"\u00c9crit par\" \/>\n\t<meta name=\"twitter:data1\" content=\"redazione\" \/>\n\t<meta name=\"twitter:label2\" content=\"Dur\u00e9e de lecture estim\u00e9e\" \/>\n\t<meta name=\"twitter:data2\" content=\"1 minute\" \/>\n<script type=\"application\/ld+json\" class=\"yoast-schema-graph\">{\"@context\":\"https:\\\/\\\/schema.org\",\"@graph\":[{\"@type\":\"Article\",\"@id\":\"https:\\\/\\\/www.bellunopress.it\\\/2009\\\/06\\\/17\\\/accordo-pdl-lega-giovanni-piccoli-alla-vicepresidenza-della-provincia-in-caso-di-vittoria-del-centrodestra\\\/#article\",\"isPartOf\":{\"@id\":\"https:\\\/\\\/www.bellunopress.it\\\/2009\\\/06\\\/17\\\/accordo-pdl-lega-giovanni-piccoli-alla-vicepresidenza-della-provincia-in-caso-di-vittoria-del-centrodestra\\\/\"},\"author\":{\"name\":\"redazione\",\"@id\":\"https:\\\/\\\/www.bellunopress.it\\\/#\\\/schema\\\/person\\\/79bb06722b37ece1c03d3e94beb30d73\"},\"headline\":\"Accordo Pdl-Lega: Giovanni Piccoli alla vicepresidenza della Provincia in caso di vittoria del centrodestra\",\"datePublished\":\"2009-06-17T15:41:05+00:00\",\"dateModified\":\"2009-06-17T17:03:32+00:00\",\"mainEntityOfPage\":{\"@id\":\"https:\\\/\\\/www.bellunopress.it\\\/2009\\\/06\\\/17\\\/accordo-pdl-lega-giovanni-piccoli-alla-vicepresidenza-della-provincia-in-caso-di-vittoria-del-centrodestra\\\/\"},\"wordCount\":189,\"publisher\":{\"@id\":\"https:\\\/\\\/www.bellunopress.it\\\/#organization\"},\"articleSection\":[\"Cronaca\\\/Politica\"],\"inLanguage\":\"fr-FR\"},{\"@type\":\"WebPage\",\"@id\":\"https:\\\/\\\/www.bellunopress.it\\\/2009\\\/06\\\/17\\\/accordo-pdl-lega-giovanni-piccoli-alla-vicepresidenza-della-provincia-in-caso-di-vittoria-del-centrodestra\\\/\",\"url\":\"https:\\\/\\\/www.bellunopress.it\\\/2009\\\/06\\\/17\\\/accordo-pdl-lega-giovanni-piccoli-alla-vicepresidenza-della-provincia-in-caso-di-vittoria-del-centrodestra\\\/\",\"name\":\"Accordo Pdl-Lega: Giovanni Piccoli alla vicepresidenza della Provincia in caso di vittoria del centrodestra - Bellunopress - Dolomiti\",\"isPartOf\":{\"@id\":\"https:\\\/\\\/www.bellunopress.it\\\/#website\"},\"datePublished\":\"2009-06-17T15:41:05+00:00\",\"dateModified\":\"2009-06-17T17:03:32+00:00\",\"breadcrumb\":{\"@id\":\"https:\\\/\\\/www.bellunopress.it\\\/2009\\\/06\\\/17\\\/accordo-pdl-lega-giovanni-piccoli-alla-vicepresidenza-della-provincia-in-caso-di-vittoria-del-centrodestra\\\/#breadcrumb\"},\"inLanguage\":\"fr-FR\",\"potentialAction\":[{\"@type\":\"ReadAction\",\"target\":[\"https:\\\/\\\/www.bellunopress.it\\\/2009\\\/06\\\/17\\\/accordo-pdl-lega-giovanni-piccoli-alla-vicepresidenza-della-provincia-in-caso-di-vittoria-del-centrodestra\\\/\"]}]},{\"@type\":\"BreadcrumbList\",\"@id\":\"https:\\\/\\\/www.bellunopress.it\\\/2009\\\/06\\\/17\\\/accordo-pdl-lega-giovanni-piccoli-alla-vicepresidenza-della-provincia-in-caso-di-vittoria-del-centrodestra\\\/#breadcrumb\",\"itemListElement\":[{\"@type\":\"ListItem\",\"position\":1,\"name\":\"Home\",\"item\":\"https:\\\/\\\/www.bellunopress.it\\\/\"},{\"@type\":\"ListItem\",\"position\":2,\"name\":\"Accordo Pdl-Lega: Giovanni Piccoli alla vicepresidenza della Provincia in caso di vittoria del centrodestra\"}]},{\"@type\":\"WebSite\",\"@id\":\"https:\\\/\\\/www.bellunopress.it\\\/#website\",\"url\":\"https:\\\/\\\/www.bellunopress.it\\\/\",\"name\":\"Bellunopress - Dolomiti\",\"description\":\"e-mail: redazione@bellunopress.it\",\"publisher\":{\"@id\":\"https:\\\/\\\/www.bellunopress.it\\\/#organization\"},\"potentialAction\":[{\"@type\":\"SearchAction\",\"target\":{\"@type\":\"EntryPoint\",\"urlTemplate\":\"https:\\\/\\\/www.bellunopress.it\\\/?s={search_term_string}\"},\"query-input\":{\"@type\":\"PropertyValueSpecification\",\"valueRequired\":true,\"valueName\":\"search_term_string\"}}],\"inLanguage\":\"fr-FR\"},{\"@type\":\"Organization\",\"@id\":\"https:\\\/\\\/www.bellunopress.it\\\/#organization\",\"name\":\"Bellunopress\",\"url\":\"https:\\\/\\\/www.bellunopress.it\\\/\",\"logo\":{\"@type\":\"ImageObject\",\"inLanguage\":\"fr-FR\",\"@id\":\"https:\\\/\\\/www.bellunopress.it\\\/#\\\/schema\\\/logo\\\/image\\\/\",\"url\":\"https:\\\/\\\/www.bellunopress.it\\\/wp-content\\\/uploads\\\/2011\\\/05\\\/cropped-logo-bellunopress-.jpg\",\"contentUrl\":\"https:\\\/\\\/www.bellunopress.it\\\/wp-content\\\/uploads\\\/2011\\\/05\\\/cropped-logo-bellunopress-.jpg\",\"width\":512,\"height\":512,\"caption\":\"Bellunopress\"},\"image\":{\"@id\":\"https:\\\/\\\/www.bellunopress.it\\\/#\\\/schema\\\/logo\\\/image\\\/\"},\"sameAs\":[\"https:\\\/\\\/www.facebook.com\\\/profile.php?id=100008943462799\",\"https:\\\/\\\/x.com\\\/bellunopress\",\"https:\\\/\\\/www.linkedin.com\\\/hp\\\/?dnr=JBzUWaJfMUw8vbXJJ2tVW5-I3jZKvC4wsoxE&amp;amp;amp;amp;amp;amp;trk=nav_responsive_tab_home\",\"https:\\\/\\\/www.youtube.com\\\/channel\\\/UCxL0wu1uN0_3_7hGG0306cw\"]},{\"@type\":\"Person\",\"@id\":\"https:\\\/\\\/www.bellunopress.it\\\/#\\\/schema\\\/person\\\/79bb06722b37ece1c03d3e94beb30d73\",\"name\":\"redazione\",\"image\":{\"@type\":\"ImageObject\",\"inLanguage\":\"fr-FR\",\"@id\":\"https:\\\/\\\/secure.gravatar.com\\\/avatar\\\/37d968a2e67a6fd04c169c4bdef102d0bc5d31b2546345219e348575eb80e9a0?s=96&d=mm&r=g\",\"url\":\"https:\\\/\\\/secure.gravatar.com\\\/avatar\\\/37d968a2e67a6fd04c169c4bdef102d0bc5d31b2546345219e348575eb80e9a0?s=96&d=mm&r=g\",\"contentUrl\":\"https:\\\/\\\/secure.gravatar.com\\\/avatar\\\/37d968a2e67a6fd04c169c4bdef102d0bc5d31b2546345219e348575eb80e9a0?s=96&d=mm&r=g\",\"caption\":\"redazione\"},\"sameAs\":[\"http:\\\/\\\/www.bellunopress.it\",\"https:\\\/\\\/x.com\\\/bellunopress\"],\"url\":\"https:\\\/\\\/www.bellunopress.it\\\/fr\\\/author\\\/redazione\\\/\"}]}<\/script>\n<!-- \/ Yoast SEO plugin. -->","yoast_head_json":{"title":"Accordo Pdl-Lega: Giovanni Piccoli alla vicepresidenza della Provincia in caso di vittoria del centrodestra - Bellunopress - Dolomiti","robots":{"index":"index","follow":"follow","max-snippet":"max-snippet:-1","max-image-preview":"max-image-preview:large","max-video-preview":"max-video-preview:-1"},"canonical":"https:\/\/www.bellunopress.it\/fr\/2009\/06\/17\/accordo-pdl-lega-giovanni-piccoli-alla-vicepresidenza-della-provincia-in-caso-di-vittoria-del-centrodestra\/","og_locale":"fr_FR","og_type":"article","og_title":"Accordo Pdl-Lega: Giovanni Piccoli alla vicepresidenza della Provincia in caso di vittoria del centrodestra - Bellunopress - Dolomiti","og_description":"Pace fatta tra Pdl e Lega: Giovanni Piccoli alla vicepresidenza della Provincia in caso di vittoria di Gianpaolo Bottacin e del centrodestra su Sergio Reolon. Sono questi gli accordi raggiunti tra i vertici provinciali della Lega e del Pdl e che hanno l\u2019intento di ricomporre le questioni sorte tra gli alleati del centrodestra, con Maurizio [&hellip;]","og_url":"https:\/\/www.bellunopress.it\/fr\/2009\/06\/17\/accordo-pdl-lega-giovanni-piccoli-alla-vicepresidenza-della-provincia-in-caso-di-vittoria-del-centrodestra\/","og_site_name":"Bellunopress - Dolomiti","article_publisher":"https:\/\/www.facebook.com\/profile.php?id=100008943462799","article_published_time":"2009-06-17T15:41:05+00:00","article_modified_time":"2009-06-17T17:03:32+00:00","og_image":[{"url":"http:\/\/www.bellunopress.it\/wp-content\/uploads\/2012\/07\/logo-bellunopress-250x250-2012.jpg","type":"","width":"","height":""}],"author":"redazione","twitter_card":"summary_large_image","twitter_creator":"@bellunopress","twitter_site":"@bellunopress","twitter_misc":{"\u00c9crit par":"redazione","Dur\u00e9e de lecture estim\u00e9e":"1 minute"},"schema":{"@context":"https:\/\/schema.org","@graph":[{"@type":"Article","@id":"https:\/\/www.bellunopress.it\/2009\/06\/17\/accordo-pdl-lega-giovanni-piccoli-alla-vicepresidenza-della-provincia-in-caso-di-vittoria-del-centrodestra\/#article","isPartOf":{"@id":"https:\/\/www.bellunopress.it\/2009\/06\/17\/accordo-pdl-lega-giovanni-piccoli-alla-vicepresidenza-della-provincia-in-caso-di-vittoria-del-centrodestra\/"},"author":{"name":"redazione","@id":"https:\/\/www.bellunopress.it\/#\/schema\/person\/79bb06722b37ece1c03d3e94beb30d73"},"headline":"Accordo Pdl-Lega: Giovanni Piccoli alla vicepresidenza della Provincia in caso di vittoria del centrodestra","datePublished":"2009-06-17T15:41:05+00:00","dateModified":"2009-06-17T17:03:32+00:00","mainEntityOfPage":{"@id":"https:\/\/www.bellunopress.it\/2009\/06\/17\/accordo-pdl-lega-giovanni-piccoli-alla-vicepresidenza-della-provincia-in-caso-di-vittoria-del-centrodestra\/"},"wordCount":189,"publisher":{"@id":"https:\/\/www.bellunopress.it\/#organization"},"articleSection":["Cronaca\/Politica"],"inLanguage":"fr-FR"},{"@type":"WebPage","@id":"https:\/\/www.bellunopress.it\/2009\/06\/17\/accordo-pdl-lega-giovanni-piccoli-alla-vicepresidenza-della-provincia-in-caso-di-vittoria-del-centrodestra\/","url":"https:\/\/www.bellunopress.it\/2009\/06\/17\/accordo-pdl-lega-giovanni-piccoli-alla-vicepresidenza-della-provincia-in-caso-di-vittoria-del-centrodestra\/","name":"Accordo Pdl-Lega: Giovanni Piccoli alla vicepresidenza della Provincia in caso di vittoria del centrodestra - Bellunopress - Dolomiti","isPartOf":{"@id":"https:\/\/www.bellunopress.it\/#website"},"datePublished":"2009-06-17T15:41:05+00:00","dateModified":"2009-06-17T17:03:32+00:00","breadcrumb":{"@id":"https:\/\/www.bellunopress.it\/2009\/06\/17\/accordo-pdl-lega-giovanni-piccoli-alla-vicepresidenza-della-provincia-in-caso-di-vittoria-del-centrodestra\/#breadcrumb"},"inLanguage":"fr-FR","potentialAction":[{"@type":"ReadAction","target":["https:\/\/www.bellunopress.it\/2009\/06\/17\/accordo-pdl-lega-giovanni-piccoli-alla-vicepresidenza-della-provincia-in-caso-di-vittoria-del-centrodestra\/"]}]},{"@type":"BreadcrumbList","@id":"https:\/\/www.bellunopress.it\/2009\/06\/17\/accordo-pdl-lega-giovanni-piccoli-alla-vicepresidenza-della-provincia-in-caso-di-vittoria-del-centrodestra\/#breadcrumb","itemListElement":[{"@type":"ListItem","position":1,"name":"Home","item":"https:\/\/www.bellunopress.it\/"},{"@type":"ListItem","position":2,"name":"Accordo Pdl-Lega: Giovanni Piccoli alla vicepresidenza della Provincia in caso di vittoria del centrodestra"}]},{"@type":"WebSite","@id":"https:\/\/www.bellunopress.it\/#website","url":"https:\/\/www.bellunopress.it\/","name":"Bellunopress - Dolomiti","description":"e-mail: redazione@bellunopress.it","publisher":{"@id":"https:\/\/www.bellunopress.it\/#organization"},"potentialAction":[{"@type":"SearchAction","target":{"@type":"EntryPoint","urlTemplate":"https:\/\/www.bellunopress.it\/?s={search_term_string}"},"query-input":{"@type":"PropertyValueSpecification","valueRequired":true,"valueName":"search_term_string"}}],"inLanguage":"fr-FR"},{"@type":"Organization","@id":"https:\/\/www.bellunopress.it\/#organization","name":"Bellunopress","url":"https:\/\/www.bellunopress.it\/","logo":{"@type":"ImageObject","inLanguage":"fr-FR","@id":"https:\/\/www.bellunopress.it\/#\/schema\/logo\/image\/","url":"https:\/\/www.bellunopress.it\/wp-content\/uploads\/2011\/05\/cropped-logo-bellunopress-.jpg","contentUrl":"https:\/\/www.bellunopress.it\/wp-content\/uploads\/2011\/05\/cropped-logo-bellunopress-.jpg","width":512,"height":512,"caption":"Bellunopress"},"image":{"@id":"https:\/\/www.bellunopress.it\/#\/schema\/logo\/image\/"},"sameAs":["https:\/\/www.facebook.com\/profile.php?id=100008943462799","https:\/\/x.com\/bellunopress","https:\/\/www.linkedin.com\/hp\/?dnr=JBzUWaJfMUw8vbXJJ2tVW5-I3jZKvC4wsoxE&amp;amp;amp;amp;amp;amp;trk=nav_responsive_tab_home","https:\/\/www.youtube.com\/channel\/UCxL0wu1uN0_3_7hGG0306cw"]},{"@type":"Person","@id":"https:\/\/www.bellunopress.it\/#\/schema\/person\/79bb06722b37ece1c03d3e94beb30d73","name":"r\u00e9daction","image":{"@type":"ImageObject","inLanguage":"fr-FR","@id":"https:\/\/secure.gravatar.com\/avatar\/37d968a2e67a6fd04c169c4bdef102d0bc5d31b2546345219e348575eb80e9a0?s=96&d=mm&r=g","url":"https:\/\/secure.gravatar.com\/avatar\/37d968a2e67a6fd04c169c4bdef102d0bc5d31b2546345219e348575eb80e9a0?s=96&d=mm&r=g","contentUrl":"https:\/\/secure.gravatar.com\/avatar\/37d968a2e67a6fd04c169c4bdef102d0bc5d31b2546345219e348575eb80e9a0?s=96&d=mm&r=g","caption":"redazione"},"sameAs":["http:\/\/www.bellunopress.it","https:\/\/x.com\/bellunopress"],"url":"https:\/\/www.bellunopress.it\/fr\/author\/redazione\/"}]}},"_links":{"self":[{"href":"https:\/\/www.bellunopress.it\/fr\/wp-json\/wp\/v2\/posts\/5002","targetHints":{"allow":["GET"]}}],"collection":[{"href":"https:\/\/www.bellunopress.it\/fr\/wp-json\/wp\/v2\/posts"}],"about":[{"href":"https:\/\/www.bellunopress.it\/fr\/wp-json\/wp\/v2\/types\/post"}],"author":[{"embeddable":true,"href":"https:\/\/www.bellunopress.it\/fr\/wp-json\/wp\/v2\/users\/2"}],"replies":[{"embeddable":true,"href":"https:\/\/www.bellunopress.it\/fr\/wp-json\/wp\/v2\/comments?post=5002"}],"version-history":[{"count":2,"href":"https:\/\/www.bellunopress.it\/fr\/wp-json\/wp\/v2\/posts\/5002\/revisions"}],"predecessor-version":[{"id":5034,"href":"https:\/\/www.bellunopress.it\/fr\/wp-json\/wp\/v2\/posts\/5002\/revisions\/5034"}],"wp:attachment":[{"href":"https:\/\/www.bellunopress.it\/fr\/wp-json\/wp\/v2\/media?parent=5002"}],"wp:term":[{"taxonomy":"category","embeddable":true,"href":"https:\/\/www.bellunopress.it\/fr\/wp-json\/wp\/v2\/categories?post=5002"},{"taxonomy":"post_tag","embeddable":true,"href":"https:\/\/www.bellunopress.it\/fr\/wp-json\/wp\/v2\/tags?post=5002"}],"curies":[{"name":"wp","href":"https:\/\/api.w.org\/{rel}","templated":true}]}}