{"id":4997,"date":"2009-06-16T20:54:53","date_gmt":"2009-06-16T19:54:53","guid":{"rendered":"http:\/\/www.bellunopress.it\/?p=4997"},"modified":"2009-06-16T20:56:18","modified_gmt":"2009-06-16T19:56:18","slug":"andrea-dallo-segretario-provinciale-per-belluno-della-liga-veneta-repubblica-interviene-per-dichiarare-la-solidarieta-sua-e-del-partito-a-roberto-dal-pan","status":"publish","type":"post","link":"https:\/\/www.bellunopress.it\/fr\/2009\/06\/16\/andrea-dallo-segretario-provinciale-per-belluno-della-liga-veneta-repubblica-interviene-per-dichiarare-la-solidarieta-sua-e-del-partito-a-roberto-dal-pan\/","title":{"rendered":"Andrea Dall&#8217;O, segretario provinciale della Liga Veneta Repubblica dichiara la solidariet\u00e0 sua e del partito a Roberto Dal Pan"},"content":{"rendered":"<p><a href=\"http:\/\/www.bellunopress.it\/wp-content\/uploads\/2009\/06\/liga-fronte-veneto-leggerissima.jpg\"><img loading=\"lazy\" decoding=\"async\" class=\"alignleft size-medium wp-image-4999\" title=\"liga-fronte-veneto-leggerissima\" src=\"http:\/\/www.bellunopress.it\/wp-content\/uploads\/2009\/06\/liga-fronte-veneto-leggerissima.jpg\" alt=\"\" width=\"90\" height=\"90\" \/><\/a>\u201cQuale segretario provinciale della &#8220;Liga Veneta Repubblica&#8221; e responsabile della lista &#8220;Autonomisti, Liga Veneta Repubblica\u00a0&#8211; Lega Pensionati&#8221; presente alle elezioni per il rinnovo del Consiglio Provinciale di Belluno e del Consiglio Comunale di Mel (BL), intendo ringraziare tutti gli elettori che, pur nelle difficolt\u00e0, hanno dato il loro voto alle liste con il Leone di San Marco a sostegno dell&#8217;unica, vera e concreta proposta di autonomia speciale per i nostri paesi sul modello di Trento e Bolzano. Tutti i candidati della lista si sono posti a disposizione dei cittadini per puro spirito di servizio, consci delle difficolt\u00e0 che avrebbero incontrato di fronte ad apparati partitici ben pi\u00f9 allenati e di tutt&#8217;altra proporzione in quanto a dimensioni e capacit\u00e0 economiche. I risultati raggiunti sono quindi, in quest&#8217;ottica, soddisfacenti ma non sufficienti a mitigare lo sconcerto per quanto accaduto al candidato consigliere Roberto Dal Pan, presentatosi nel collegio elettorale di Agordo, il quale essendo appartenente all&#8217;Arma dei Carabinieri in servizio ad un reparto sito in Provincia di Belluno, \u00e8 stato trasferito d&#8217;ufficio in altra sede di servizio in Provincia di Vicenza distante circa 200 kilometri dalla sua abitazione, anche se la normativa prevede in questi casi che l&#8217;incompatibilit\u00e0 ad esercitare le funzioni di polizia si estenda solo all&#8217;ambito del collegio di candidatura. Nell&#8217;attesa che la Giustizia Amministrativa si pronunci per sanare questa evidente interpretazione distorta delle regole, tale che per pura ipotesi un candidato alle elezioni europee (il comandante del RIS di Parma, il colonnello Luciano Garofano) dovrebbe essere trasferito in un altro continente, desidero far giungere al candidato consigliere Roberto Dal Pan la solidariet\u00e0 di tutti i componenti della lista &#8220;Autonomisti, Liga Veneta Repubblica\u00a0 &#8211; Lega Pensionati&#8221;, e sicuramente di tutti i cittadini che ci hanno sostenuto con il voto\u201d.<\/p>\n<p>Andrea Dall&#8217;O, segretario provinciale per Belluno della Liga Veneta Repubblica<\/p>","protected":false},"excerpt":{"rendered":"<p>\u201cQuale segretario provinciale della &#8220;Liga Veneta Repubblica&#8221; e responsabile della lista &#8220;Autonomisti, Liga Veneta Repubblica\u00a0&#8211; Lega Pensionati&#8221; presente alle elezioni per il rinnovo del Consiglio Provinciale di Belluno e del Consiglio Comunale di Mel (BL), intendo ringraziare tutti gli elettori che, pur nelle difficolt\u00e0, hanno dato il loro voto alle liste con il Leone di [&hellip;]<\/p>\n","protected":false},"author":2,"featured_media":0,"comment_status":"closed","ping_status":"open","sticky":false,"template":"","format":"standard","meta":{"footnotes":""},"categories":[5],"tags":[139],"class_list":["post-4997","post","type-post","status-publish","format-standard","category-cronaca","tag-belluno"],"yoast_head":"<!-- This site is optimized with the Yoast SEO plugin v28.4 - https:\/\/yoast.com\/product\/yoast-seo-wordpress\/ -->\n<title>Andrea Dall&#039;O, segretario provinciale della Liga Veneta Repubblica dichiara la solidariet\u00e0 sua e del partito a Roberto Dal Pan - Bellunopress - Dolomiti<\/title>\n<meta name=\"robots\" content=\"index, follow, max-snippet:-1, max-image-preview:large, max-video-preview:-1\" \/>\n<link rel=\"canonical\" href=\"https:\/\/www.bellunopress.it\/fr\/2009\/06\/16\/andrea-dallo-segretario-provinciale-per-belluno-della-liga-veneta-repubblica-interviene-per-dichiarare-la-solidarieta-sua-e-del-partito-a-roberto-dal-pan\/\" \/>\n<meta property=\"og:locale\" content=\"fr_FR\" \/>\n<meta property=\"og:type\" content=\"article\" \/>\n<meta property=\"og:title\" content=\"Andrea Dall&#039;O, segretario provinciale della Liga Veneta Repubblica dichiara la solidariet\u00e0 sua e del partito a Roberto Dal Pan - Bellunopress - Dolomiti\" \/>\n<meta property=\"og:description\" content=\"\u201cQuale segretario provinciale della &#8220;Liga Veneta Repubblica&#8221; e responsabile della lista &#8220;Autonomisti, Liga Veneta Repubblica\u00a0&#8211; Lega Pensionati&#8221; presente alle elezioni per il rinnovo del Consiglio Provinciale di Belluno e del Consiglio Comunale di Mel (BL), intendo ringraziare tutti gli elettori che, pur nelle difficolt\u00e0, hanno dato il loro voto alle liste con il Leone di [&hellip;]\" \/>\n<meta property=\"og:url\" content=\"https:\/\/www.bellunopress.it\/fr\/2009\/06\/16\/andrea-dallo-segretario-provinciale-per-belluno-della-liga-veneta-repubblica-interviene-per-dichiarare-la-solidarieta-sua-e-del-partito-a-roberto-dal-pan\/\" \/>\n<meta property=\"og:site_name\" content=\"Bellunopress - Dolomiti\" \/>\n<meta property=\"article:publisher\" content=\"https:\/\/www.facebook.com\/profile.php?id=100008943462799\" \/>\n<meta property=\"article:published_time\" content=\"2009-06-16T19:54:53+00:00\" \/>\n<meta property=\"article:modified_time\" content=\"2009-06-16T19:56:18+00:00\" \/>\n<meta property=\"og:image\" content=\"http:\/\/www.bellunopress.it\/wp-content\/uploads\/2009\/06\/liga-fronte-veneto-leggerissima.jpg\" \/>\n<meta name=\"author\" content=\"redazione\" \/>\n<meta name=\"twitter:card\" content=\"summary_large_image\" \/>\n<meta name=\"twitter:creator\" content=\"@bellunopress\" \/>\n<meta name=\"twitter:site\" content=\"@bellunopress\" \/>\n<meta name=\"twitter:label1\" content=\"\u00c9crit par\" \/>\n\t<meta name=\"twitter:data1\" content=\"redazione\" \/>\n\t<meta name=\"twitter:label2\" content=\"Dur\u00e9e de lecture estim\u00e9e\" \/>\n\t<meta name=\"twitter:data2\" content=\"1 minute\" \/>\n<script type=\"application\/ld+json\" class=\"yoast-schema-graph\">{\"@context\":\"https:\\\/\\\/schema.org\",\"@graph\":[{\"@type\":\"Article\",\"@id\":\"https:\\\/\\\/www.bellunopress.it\\\/2009\\\/06\\\/16\\\/andrea-dallo-segretario-provinciale-per-belluno-della-liga-veneta-repubblica-interviene-per-dichiarare-la-solidarieta-sua-e-del-partito-a-roberto-dal-pan\\\/#article\",\"isPartOf\":{\"@id\":\"https:\\\/\\\/www.bellunopress.it\\\/2009\\\/06\\\/16\\\/andrea-dallo-segretario-provinciale-per-belluno-della-liga-veneta-repubblica-interviene-per-dichiarare-la-solidarieta-sua-e-del-partito-a-roberto-dal-pan\\\/\"},\"author\":{\"name\":\"redazione\",\"@id\":\"https:\\\/\\\/www.bellunopress.it\\\/#\\\/schema\\\/person\\\/79bb06722b37ece1c03d3e94beb30d73\"},\"headline\":\"Andrea Dall&#8217;O, segretario provinciale della Liga Veneta Repubblica dichiara la solidariet\u00e0 sua e del partito a Roberto Dal Pan\",\"datePublished\":\"2009-06-16T19:54:53+00:00\",\"dateModified\":\"2009-06-16T19:56:18+00:00\",\"mainEntityOfPage\":{\"@id\":\"https:\\\/\\\/www.bellunopress.it\\\/2009\\\/06\\\/16\\\/andrea-dallo-segretario-provinciale-per-belluno-della-liga-veneta-repubblica-interviene-per-dichiarare-la-solidarieta-sua-e-del-partito-a-roberto-dal-pan\\\/\"},\"wordCount\":327,\"publisher\":{\"@id\":\"https:\\\/\\\/www.bellunopress.it\\\/#organization\"},\"image\":{\"@id\":\"https:\\\/\\\/www.bellunopress.it\\\/2009\\\/06\\\/16\\\/andrea-dallo-segretario-provinciale-per-belluno-della-liga-veneta-repubblica-interviene-per-dichiarare-la-solidarieta-sua-e-del-partito-a-roberto-dal-pan\\\/#primaryimage\"},\"thumbnailUrl\":\"http:\\\/\\\/www.bellunopress.it\\\/wp-content\\\/uploads\\\/2009\\\/06\\\/liga-fronte-veneto-leggerissima.jpg\",\"keywords\":[\"Belluno\"],\"articleSection\":[\"Cronaca\\\/Politica\"],\"inLanguage\":\"fr-FR\"},{\"@type\":\"WebPage\",\"@id\":\"https:\\\/\\\/www.bellunopress.it\\\/2009\\\/06\\\/16\\\/andrea-dallo-segretario-provinciale-per-belluno-della-liga-veneta-repubblica-interviene-per-dichiarare-la-solidarieta-sua-e-del-partito-a-roberto-dal-pan\\\/\",\"url\":\"https:\\\/\\\/www.bellunopress.it\\\/2009\\\/06\\\/16\\\/andrea-dallo-segretario-provinciale-per-belluno-della-liga-veneta-repubblica-interviene-per-dichiarare-la-solidarieta-sua-e-del-partito-a-roberto-dal-pan\\\/\",\"name\":\"Andrea Dall'O, segretario provinciale della Liga Veneta Repubblica dichiara la solidariet\u00e0 sua e del partito a Roberto Dal Pan - Bellunopress - Dolomiti\",\"isPartOf\":{\"@id\":\"https:\\\/\\\/www.bellunopress.it\\\/#website\"},\"primaryImageOfPage\":{\"@id\":\"https:\\\/\\\/www.bellunopress.it\\\/2009\\\/06\\\/16\\\/andrea-dallo-segretario-provinciale-per-belluno-della-liga-veneta-repubblica-interviene-per-dichiarare-la-solidarieta-sua-e-del-partito-a-roberto-dal-pan\\\/#primaryimage\"},\"image\":{\"@id\":\"https:\\\/\\\/www.bellunopress.it\\\/2009\\\/06\\\/16\\\/andrea-dallo-segretario-provinciale-per-belluno-della-liga-veneta-repubblica-interviene-per-dichiarare-la-solidarieta-sua-e-del-partito-a-roberto-dal-pan\\\/#primaryimage\"},\"thumbnailUrl\":\"http:\\\/\\\/www.bellunopress.it\\\/wp-content\\\/uploads\\\/2009\\\/06\\\/liga-fronte-veneto-leggerissima.jpg\",\"datePublished\":\"2009-06-16T19:54:53+00:00\",\"dateModified\":\"2009-06-16T19:56:18+00:00\",\"breadcrumb\":{\"@id\":\"https:\\\/\\\/www.bellunopress.it\\\/2009\\\/06\\\/16\\\/andrea-dallo-segretario-provinciale-per-belluno-della-liga-veneta-repubblica-interviene-per-dichiarare-la-solidarieta-sua-e-del-partito-a-roberto-dal-pan\\\/#breadcrumb\"},\"inLanguage\":\"fr-FR\",\"potentialAction\":[{\"@type\":\"ReadAction\",\"target\":[\"https:\\\/\\\/www.bellunopress.it\\\/2009\\\/06\\\/16\\\/andrea-dallo-segretario-provinciale-per-belluno-della-liga-veneta-repubblica-interviene-per-dichiarare-la-solidarieta-sua-e-del-partito-a-roberto-dal-pan\\\/\"]}]},{\"@type\":\"ImageObject\",\"inLanguage\":\"fr-FR\",\"@id\":\"https:\\\/\\\/www.bellunopress.it\\\/2009\\\/06\\\/16\\\/andrea-dallo-segretario-provinciale-per-belluno-della-liga-veneta-repubblica-interviene-per-dichiarare-la-solidarieta-sua-e-del-partito-a-roberto-dal-pan\\\/#primaryimage\",\"url\":\"http:\\\/\\\/www.bellunopress.it\\\/wp-content\\\/uploads\\\/2009\\\/06\\\/liga-fronte-veneto-leggerissima.jpg\",\"contentUrl\":\"http:\\\/\\\/www.bellunopress.it\\\/wp-content\\\/uploads\\\/2009\\\/06\\\/liga-fronte-veneto-leggerissima.jpg\"},{\"@type\":\"BreadcrumbList\",\"@id\":\"https:\\\/\\\/www.bellunopress.it\\\/2009\\\/06\\\/16\\\/andrea-dallo-segretario-provinciale-per-belluno-della-liga-veneta-repubblica-interviene-per-dichiarare-la-solidarieta-sua-e-del-partito-a-roberto-dal-pan\\\/#breadcrumb\",\"itemListElement\":[{\"@type\":\"ListItem\",\"position\":1,\"name\":\"Home\",\"item\":\"https:\\\/\\\/www.bellunopress.it\\\/\"},{\"@type\":\"ListItem\",\"position\":2,\"name\":\"Andrea Dall&#8217;O, segretario provinciale della Liga Veneta Repubblica dichiara la solidariet\u00e0 sua e del partito a Roberto Dal Pan\"}]},{\"@type\":\"WebSite\",\"@id\":\"https:\\\/\\\/www.bellunopress.it\\\/#website\",\"url\":\"https:\\\/\\\/www.bellunopress.it\\\/\",\"name\":\"Bellunopress - Dolomiti\",\"description\":\"e-mail: redazione@bellunopress.it\",\"publisher\":{\"@id\":\"https:\\\/\\\/www.bellunopress.it\\\/#organization\"},\"potentialAction\":[{\"@type\":\"SearchAction\",\"target\":{\"@type\":\"EntryPoint\",\"urlTemplate\":\"https:\\\/\\\/www.bellunopress.it\\\/?s={search_term_string}\"},\"query-input\":{\"@type\":\"PropertyValueSpecification\",\"valueRequired\":true,\"valueName\":\"search_term_string\"}}],\"inLanguage\":\"fr-FR\"},{\"@type\":\"Organization\",\"@id\":\"https:\\\/\\\/www.bellunopress.it\\\/#organization\",\"name\":\"Bellunopress\",\"url\":\"https:\\\/\\\/www.bellunopress.it\\\/\",\"logo\":{\"@type\":\"ImageObject\",\"inLanguage\":\"fr-FR\",\"@id\":\"https:\\\/\\\/www.bellunopress.it\\\/#\\\/schema\\\/logo\\\/image\\\/\",\"url\":\"https:\\\/\\\/www.bellunopress.it\\\/wp-content\\\/uploads\\\/2011\\\/05\\\/cropped-logo-bellunopress-.jpg\",\"contentUrl\":\"https:\\\/\\\/www.bellunopress.it\\\/wp-content\\\/uploads\\\/2011\\\/05\\\/cropped-logo-bellunopress-.jpg\",\"width\":512,\"height\":512,\"caption\":\"Bellunopress\"},\"image\":{\"@id\":\"https:\\\/\\\/www.bellunopress.it\\\/#\\\/schema\\\/logo\\\/image\\\/\"},\"sameAs\":[\"https:\\\/\\\/www.facebook.com\\\/profile.php?id=100008943462799\",\"https:\\\/\\\/x.com\\\/bellunopress\",\"https:\\\/\\\/www.linkedin.com\\\/hp\\\/?dnr=JBzUWaJfMUw8vbXJJ2tVW5-I3jZKvC4wsoxE&amp;amp;amp;amp;amp;amp;trk=nav_responsive_tab_home\",\"https:\\\/\\\/www.youtube.com\\\/channel\\\/UCxL0wu1uN0_3_7hGG0306cw\"]},{\"@type\":\"Person\",\"@id\":\"https:\\\/\\\/www.bellunopress.it\\\/#\\\/schema\\\/person\\\/79bb06722b37ece1c03d3e94beb30d73\",\"name\":\"redazione\",\"image\":{\"@type\":\"ImageObject\",\"inLanguage\":\"fr-FR\",\"@id\":\"https:\\\/\\\/secure.gravatar.com\\\/avatar\\\/37d968a2e67a6fd04c169c4bdef102d0bc5d31b2546345219e348575eb80e9a0?s=96&d=mm&r=g\",\"url\":\"https:\\\/\\\/secure.gravatar.com\\\/avatar\\\/37d968a2e67a6fd04c169c4bdef102d0bc5d31b2546345219e348575eb80e9a0?s=96&d=mm&r=g\",\"contentUrl\":\"https:\\\/\\\/secure.gravatar.com\\\/avatar\\\/37d968a2e67a6fd04c169c4bdef102d0bc5d31b2546345219e348575eb80e9a0?s=96&d=mm&r=g\",\"caption\":\"redazione\"},\"sameAs\":[\"http:\\\/\\\/www.bellunopress.it\",\"https:\\\/\\\/x.com\\\/bellunopress\"],\"url\":\"https:\\\/\\\/www.bellunopress.it\\\/fr\\\/author\\\/redazione\\\/\"}]}<\/script>\n<!-- \/ Yoast SEO plugin. -->","yoast_head_json":{"title":"Andrea Dall'O, segretario provinciale della Liga Veneta Repubblica dichiara la solidariet\u00e0 sua e del partito a Roberto Dal Pan - Bellunopress - Dolomiti","robots":{"index":"index","follow":"follow","max-snippet":"max-snippet:-1","max-image-preview":"max-image-preview:large","max-video-preview":"max-video-preview:-1"},"canonical":"https:\/\/www.bellunopress.it\/fr\/2009\/06\/16\/andrea-dallo-segretario-provinciale-per-belluno-della-liga-veneta-repubblica-interviene-per-dichiarare-la-solidarieta-sua-e-del-partito-a-roberto-dal-pan\/","og_locale":"fr_FR","og_type":"article","og_title":"Andrea Dall'O, segretario provinciale della Liga Veneta Repubblica dichiara la solidariet\u00e0 sua e del partito a Roberto Dal Pan - Bellunopress - Dolomiti","og_description":"\u201cQuale segretario provinciale della &#8220;Liga Veneta Repubblica&#8221; e responsabile della lista &#8220;Autonomisti, Liga Veneta Repubblica\u00a0&#8211; Lega Pensionati&#8221; presente alle elezioni per il rinnovo del Consiglio Provinciale di Belluno e del Consiglio Comunale di Mel (BL), intendo ringraziare tutti gli elettori che, pur nelle difficolt\u00e0, hanno dato il loro voto alle liste con il Leone di [&hellip;]","og_url":"https:\/\/www.bellunopress.it\/fr\/2009\/06\/16\/andrea-dallo-segretario-provinciale-per-belluno-della-liga-veneta-repubblica-interviene-per-dichiarare-la-solidarieta-sua-e-del-partito-a-roberto-dal-pan\/","og_site_name":"Bellunopress - Dolomiti","article_publisher":"https:\/\/www.facebook.com\/profile.php?id=100008943462799","article_published_time":"2009-06-16T19:54:53+00:00","article_modified_time":"2009-06-16T19:56:18+00:00","og_image":[{"url":"http:\/\/www.bellunopress.it\/wp-content\/uploads\/2009\/06\/liga-fronte-veneto-leggerissima.jpg","type":"","width":"","height":""}],"author":"redazione","twitter_card":"summary_large_image","twitter_creator":"@bellunopress","twitter_site":"@bellunopress","twitter_misc":{"\u00c9crit par":"redazione","Dur\u00e9e de lecture estim\u00e9e":"1 minute"},"schema":{"@context":"https:\/\/schema.org","@graph":[{"@type":"Article","@id":"https:\/\/www.bellunopress.it\/2009\/06\/16\/andrea-dallo-segretario-provinciale-per-belluno-della-liga-veneta-repubblica-interviene-per-dichiarare-la-solidarieta-sua-e-del-partito-a-roberto-dal-pan\/#article","isPartOf":{"@id":"https:\/\/www.bellunopress.it\/2009\/06\/16\/andrea-dallo-segretario-provinciale-per-belluno-della-liga-veneta-repubblica-interviene-per-dichiarare-la-solidarieta-sua-e-del-partito-a-roberto-dal-pan\/"},"author":{"name":"redazione","@id":"https:\/\/www.bellunopress.it\/#\/schema\/person\/79bb06722b37ece1c03d3e94beb30d73"},"headline":"Andrea Dall&#8217;O, segretario provinciale della Liga Veneta Repubblica dichiara la solidariet\u00e0 sua e del partito a Roberto Dal Pan","datePublished":"2009-06-16T19:54:53+00:00","dateModified":"2009-06-16T19:56:18+00:00","mainEntityOfPage":{"@id":"https:\/\/www.bellunopress.it\/2009\/06\/16\/andrea-dallo-segretario-provinciale-per-belluno-della-liga-veneta-repubblica-interviene-per-dichiarare-la-solidarieta-sua-e-del-partito-a-roberto-dal-pan\/"},"wordCount":327,"publisher":{"@id":"https:\/\/www.bellunopress.it\/#organization"},"image":{"@id":"https:\/\/www.bellunopress.it\/2009\/06\/16\/andrea-dallo-segretario-provinciale-per-belluno-della-liga-veneta-repubblica-interviene-per-dichiarare-la-solidarieta-sua-e-del-partito-a-roberto-dal-pan\/#primaryimage"},"thumbnailUrl":"http:\/\/www.bellunopress.it\/wp-content\/uploads\/2009\/06\/liga-fronte-veneto-leggerissima.jpg","keywords":["Belluno"],"articleSection":["Cronaca\/Politica"],"inLanguage":"fr-FR"},{"@type":"WebPage","@id":"https:\/\/www.bellunopress.it\/2009\/06\/16\/andrea-dallo-segretario-provinciale-per-belluno-della-liga-veneta-repubblica-interviene-per-dichiarare-la-solidarieta-sua-e-del-partito-a-roberto-dal-pan\/","url":"https:\/\/www.bellunopress.it\/2009\/06\/16\/andrea-dallo-segretario-provinciale-per-belluno-della-liga-veneta-repubblica-interviene-per-dichiarare-la-solidarieta-sua-e-del-partito-a-roberto-dal-pan\/","name":"Andrea Dall'O, segretario provinciale della Liga Veneta Repubblica dichiara la solidariet\u00e0 sua e del partito a Roberto Dal Pan - Bellunopress - Dolomiti","isPartOf":{"@id":"https:\/\/www.bellunopress.it\/#website"},"primaryImageOfPage":{"@id":"https:\/\/www.bellunopress.it\/2009\/06\/16\/andrea-dallo-segretario-provinciale-per-belluno-della-liga-veneta-repubblica-interviene-per-dichiarare-la-solidarieta-sua-e-del-partito-a-roberto-dal-pan\/#primaryimage"},"image":{"@id":"https:\/\/www.bellunopress.it\/2009\/06\/16\/andrea-dallo-segretario-provinciale-per-belluno-della-liga-veneta-repubblica-interviene-per-dichiarare-la-solidarieta-sua-e-del-partito-a-roberto-dal-pan\/#primaryimage"},"thumbnailUrl":"http:\/\/www.bellunopress.it\/wp-content\/uploads\/2009\/06\/liga-fronte-veneto-leggerissima.jpg","datePublished":"2009-06-16T19:54:53+00:00","dateModified":"2009-06-16T19:56:18+00:00","breadcrumb":{"@id":"https:\/\/www.bellunopress.it\/2009\/06\/16\/andrea-dallo-segretario-provinciale-per-belluno-della-liga-veneta-repubblica-interviene-per-dichiarare-la-solidarieta-sua-e-del-partito-a-roberto-dal-pan\/#breadcrumb"},"inLanguage":"fr-FR","potentialAction":[{"@type":"ReadAction","target":["https:\/\/www.bellunopress.it\/2009\/06\/16\/andrea-dallo-segretario-provinciale-per-belluno-della-liga-veneta-repubblica-interviene-per-dichiarare-la-solidarieta-sua-e-del-partito-a-roberto-dal-pan\/"]}]},{"@type":"ImageObject","inLanguage":"fr-FR","@id":"https:\/\/www.bellunopress.it\/2009\/06\/16\/andrea-dallo-segretario-provinciale-per-belluno-della-liga-veneta-repubblica-interviene-per-dichiarare-la-solidarieta-sua-e-del-partito-a-roberto-dal-pan\/#primaryimage","url":"http:\/\/www.bellunopress.it\/wp-content\/uploads\/2009\/06\/liga-fronte-veneto-leggerissima.jpg","contentUrl":"http:\/\/www.bellunopress.it\/wp-content\/uploads\/2009\/06\/liga-fronte-veneto-leggerissima.jpg"},{"@type":"BreadcrumbList","@id":"https:\/\/www.bellunopress.it\/2009\/06\/16\/andrea-dallo-segretario-provinciale-per-belluno-della-liga-veneta-repubblica-interviene-per-dichiarare-la-solidarieta-sua-e-del-partito-a-roberto-dal-pan\/#breadcrumb","itemListElement":[{"@type":"ListItem","position":1,"name":"Home","item":"https:\/\/www.bellunopress.it\/"},{"@type":"ListItem","position":2,"name":"Andrea Dall&#8217;O, segretario provinciale della Liga Veneta Repubblica dichiara la solidariet\u00e0 sua e del partito a Roberto Dal Pan"}]},{"@type":"WebSite","@id":"https:\/\/www.bellunopress.it\/#website","url":"https:\/\/www.bellunopress.it\/","name":"Bellunopress - Dolomiti","description":"e-mail: redazione@bellunopress.it","publisher":{"@id":"https:\/\/www.bellunopress.it\/#organization"},"potentialAction":[{"@type":"SearchAction","target":{"@type":"EntryPoint","urlTemplate":"https:\/\/www.bellunopress.it\/?s={search_term_string}"},"query-input":{"@type":"PropertyValueSpecification","valueRequired":true,"valueName":"search_term_string"}}],"inLanguage":"fr-FR"},{"@type":"Organization","@id":"https:\/\/www.bellunopress.it\/#organization","name":"Bellunopress","url":"https:\/\/www.bellunopress.it\/","logo":{"@type":"ImageObject","inLanguage":"fr-FR","@id":"https:\/\/www.bellunopress.it\/#\/schema\/logo\/image\/","url":"https:\/\/www.bellunopress.it\/wp-content\/uploads\/2011\/05\/cropped-logo-bellunopress-.jpg","contentUrl":"https:\/\/www.bellunopress.it\/wp-content\/uploads\/2011\/05\/cropped-logo-bellunopress-.jpg","width":512,"height":512,"caption":"Bellunopress"},"image":{"@id":"https:\/\/www.bellunopress.it\/#\/schema\/logo\/image\/"},"sameAs":["https:\/\/www.facebook.com\/profile.php?id=100008943462799","https:\/\/x.com\/bellunopress","https:\/\/www.linkedin.com\/hp\/?dnr=JBzUWaJfMUw8vbXJJ2tVW5-I3jZKvC4wsoxE&amp;amp;amp;amp;amp;amp;trk=nav_responsive_tab_home","https:\/\/www.youtube.com\/channel\/UCxL0wu1uN0_3_7hGG0306cw"]},{"@type":"Person","@id":"https:\/\/www.bellunopress.it\/#\/schema\/person\/79bb06722b37ece1c03d3e94beb30d73","name":"r\u00e9daction","image":{"@type":"ImageObject","inLanguage":"fr-FR","@id":"https:\/\/secure.gravatar.com\/avatar\/37d968a2e67a6fd04c169c4bdef102d0bc5d31b2546345219e348575eb80e9a0?s=96&d=mm&r=g","url":"https:\/\/secure.gravatar.com\/avatar\/37d968a2e67a6fd04c169c4bdef102d0bc5d31b2546345219e348575eb80e9a0?s=96&d=mm&r=g","contentUrl":"https:\/\/secure.gravatar.com\/avatar\/37d968a2e67a6fd04c169c4bdef102d0bc5d31b2546345219e348575eb80e9a0?s=96&d=mm&r=g","caption":"redazione"},"sameAs":["http:\/\/www.bellunopress.it","https:\/\/x.com\/bellunopress"],"url":"https:\/\/www.bellunopress.it\/fr\/author\/redazione\/"}]}},"_links":{"self":[{"href":"https:\/\/www.bellunopress.it\/fr\/wp-json\/wp\/v2\/posts\/4997","targetHints":{"allow":["GET"]}}],"collection":[{"href":"https:\/\/www.bellunopress.it\/fr\/wp-json\/wp\/v2\/posts"}],"about":[{"href":"https:\/\/www.bellunopress.it\/fr\/wp-json\/wp\/v2\/types\/post"}],"author":[{"embeddable":true,"href":"https:\/\/www.bellunopress.it\/fr\/wp-json\/wp\/v2\/users\/2"}],"replies":[{"embeddable":true,"href":"https:\/\/www.bellunopress.it\/fr\/wp-json\/wp\/v2\/comments?post=4997"}],"version-history":[{"count":3,"href":"https:\/\/www.bellunopress.it\/fr\/wp-json\/wp\/v2\/posts\/4997\/revisions"}],"predecessor-version":[{"id":5001,"href":"https:\/\/www.bellunopress.it\/fr\/wp-json\/wp\/v2\/posts\/4997\/revisions\/5001"}],"wp:attachment":[{"href":"https:\/\/www.bellunopress.it\/fr\/wp-json\/wp\/v2\/media?parent=4997"}],"wp:term":[{"taxonomy":"category","embeddable":true,"href":"https:\/\/www.bellunopress.it\/fr\/wp-json\/wp\/v2\/categories?post=4997"},{"taxonomy":"post_tag","embeddable":true,"href":"https:\/\/www.bellunopress.it\/fr\/wp-json\/wp\/v2\/tags?post=4997"}],"curies":[{"name":"wp","href":"https:\/\/api.w.org\/{rel}","templated":true}]}}