{"id":4989,"date":"2009-06-16T20:39:02","date_gmt":"2009-06-16T19:39:02","guid":{"rendered":"http:\/\/www.bellunopress.it\/?p=4989"},"modified":"2009-06-16T20:40:02","modified_gmt":"2009-06-16T19:40:02","slug":"lunione-di-centro-bellunese-ha-deciso-liberta-di-voto-alle-provinciali","status":"publish","type":"post","link":"https:\/\/www.bellunopress.it\/fr\/2009\/06\/16\/lunione-di-centro-bellunese-ha-deciso-liberta-di-voto-alle-provinciali\/","title":{"rendered":"L&#8217;Unione di Centro bellunese ha deciso: &#8220;libert\u00e0 di voto alle provinciali&#8221;"},"content":{"rendered":"<p>Dopo il confronto con i candidati della lista e dopo\u00a0la riunione della direzione provinciale\u00a0l&#8217;Unione di Centro della Provincia di Belluno decide per lasciare libert\u00e0 di voto ai propri elettori. &#8220;Abbiamo riflettuto a lungo, ma crediamo che questo in conclusione sia l&#8217;atteggiamento pi\u00f9 corretto verso i quasi 10.000 bellunesi che hanno creduto nel nostro progetto politico. Con quest&#8217;atto dimostriamo definitivamente, se ci fossero stati dei dubbi, che il nostro interesse non \u00e8 per le poltrone ma per salvaguardare quel progetto di sviluppo della provincia che abbiamo costruito con e per i bellunesi, e per il quale ci batteremo nei prossimi anni con i nostri consiglieri all&#8217;interno dell&#8217;ente provincia.&#8221; Questa la dichiarazione del segretario provinciale Marco Da Rin Zanco, il quale esprime un grosso ringraziamento a Pierluigi De Cesero: &#8220;Pierluigi ha accettato la sfida di rappresentarci alle elezioni provinciali come candidato presidente, ha elevato la qualit\u00e0 del dibattito politico in questa campagna elettorale altrimenti piuttosto noiosa, ed ha riportato uno straordinario successo, anche personale. Lo ringrazio doppiamente, perch\u00e8 forte di questo risultato avrebbe potuto contrattare posizioni di governo per se stesso, ed invece \u00e8 stato il primo a rifiutarle puntando l&#8217;accento sulle idee e sui contenuti&#8221;.\u00a0Quanto al ballottaggio, come preannunciato, la segreteria UDC ha prodotto una sintesi programmatica contenente alcune proposte alle quali gli elettori UDC si sono dimostrati particolarmente sensibili. &#8220;I nostri elettori sono grandi e vaccinati&#8221; &#8211; ha concluso Da Rin &#8211; &#8220;non credo abbiano bisogno di un&#8217;indicazione da parte nostra su chi votare. In base alle risposte che i due candidati alla presidenza daranno sapranno come comportarsi&#8221;.<\/p>\n<p>Ecco le proposte formulate dall&#8217;UDC:<\/p>\n<p>* RUOLO DELL&#8217;ENTE PROVINCIA<br \/>\n* L&#8217;ente Provincia ha il ruolo prioritario di coordinare le esigenze del territorio, a partire dai Comuni, e di tutelare queste esigenze presso le sedi Regionali e Nazionali, con le quali deve ricercare un rapporto corretto e non costruire contrapposizioni di chiara marcatura ideologica o politica;<br \/>\n* Al di fuori di questo impegno, l&#8217;ente provincia non deve investire in attivit\u00e0 e servizi che non siano di propria competenza.<br \/>\n* INFRASTRUTTURE<br \/>\n* Il prolungamento verso nord dell&#8217;Autostrada e l&#8217;ottimizzazione dello scorrimento veloce sull&#8217;asse Feltre\u00a0 &#8211; Belluno;<br \/>\n* La metropolitana di superficie tra le aree industrializzate della provincia:<br \/>\n* FAMIGLIA e SERVIZI ALLA PERSONA<br \/>\n* Attenzione, in tutte le politiche attuate, alla famiglia come cellula basilare della societ\u00e0, e come nucleo di sussidariet\u00e0 necessario per la realizzazione di correte politiche nell&#8217;ambito dell&#8217;assistenza agli anziani, dell&#8217;educazione, dei disabili;<br \/>\n* Promozione di politiche di sollievo economico per le famiglie in difficolt\u00e0 e per le famiglie numerose, anche con apposite politiche tariffarie;<br \/>\n* PICCOLI CENTRI e FRAZIONI<br \/>\n* Tutela dei piccoli centri montani e delle frazioni come patrimonio del nostro tessuto montano, e conseguenti politiche di difesa in particolare dei presidi istituzionali, scolastici e a garanzia dei servizi alla persona;<br \/>\n* TURISMO<br \/>\n* Azioni coordinate per la messa in rete dell&#8217;offerta turistica della Provincia di Belluno, partendo da un reale confronto con gli operatori;<br \/>\n* Azioni per il rifinanziamento dell&#8217;impiantistica sportiva;<br \/>\n* Sostenere concretamente gli uffici turistici decentrati;<br \/>\n* PTCP<br \/>\n* Revisione del PTCP perch\u00e9 sia strumento di indirizzo, come la sua natura imporrebbe, e non di nuovi vincoli per il territorio.<br \/>\n* SPECIFICITA&#8217; E AUTONOMIA DELLA PROVINCIA DI BELLUNO<br \/>\n* La Provincia di Belluno non ha bisogno di un federalismo spot senza risorse. Chi guida l&#8217;Ente Provincia deve impegnarsi a sostegno di azioni che portino nel bellunese le risorse economiche e l&#8217;autonomia regolamentativa necessarie per la crescita e lo sviluppo dei nostri territori.<\/p>","protected":false},"excerpt":{"rendered":"<p>Dopo il confronto con i candidati della lista e dopo\u00a0la riunione della direzione provinciale\u00a0l&#8217;Unione di Centro della Provincia di Belluno decide per lasciare libert\u00e0 di voto ai propri elettori. &#8220;Abbiamo riflettuto a lungo, ma crediamo che questo in conclusione sia l&#8217;atteggiamento pi\u00f9 corretto verso i quasi 10.000 bellunesi che hanno creduto nel nostro progetto politico. [&hellip;]<\/p>\n","protected":false},"author":2,"featured_media":0,"comment_status":"closed","ping_status":"open","sticky":false,"template":"","format":"standard","meta":{"footnotes":""},"categories":[5],"tags":[139,302],"class_list":["post-4989","post","type-post","status-publish","format-standard","category-cronaca","tag-belluno","tag-feltre"],"yoast_head":"<!-- This site is optimized with the Yoast SEO plugin v28.4 - https:\/\/yoast.com\/product\/yoast-seo-wordpress\/ -->\n<title>L&#039;Unione di Centro bellunese ha deciso: &quot;libert\u00e0 di voto alle provinciali&quot; - Bellunopress - Dolomiti<\/title>\n<meta name=\"robots\" content=\"index, follow, max-snippet:-1, max-image-preview:large, max-video-preview:-1\" \/>\n<link rel=\"canonical\" href=\"https:\/\/www.bellunopress.it\/fr\/2009\/06\/16\/lunione-di-centro-bellunese-ha-deciso-liberta-di-voto-alle-provinciali\/\" \/>\n<meta property=\"og:locale\" content=\"fr_FR\" \/>\n<meta property=\"og:type\" content=\"article\" \/>\n<meta property=\"og:title\" content=\"L&#039;Unione di Centro bellunese ha deciso: &quot;libert\u00e0 di voto alle provinciali&quot; - Bellunopress - Dolomiti\" \/>\n<meta property=\"og:description\" content=\"Dopo il confronto con i candidati della lista e dopo\u00a0la riunione della direzione provinciale\u00a0l&#8217;Unione di Centro della Provincia di Belluno decide per lasciare libert\u00e0 di voto ai propri elettori. &#8220;Abbiamo riflettuto a lungo, ma crediamo che questo in conclusione sia l&#8217;atteggiamento pi\u00f9 corretto verso i quasi 10.000 bellunesi che hanno creduto nel nostro progetto politico. [&hellip;]\" \/>\n<meta property=\"og:url\" content=\"https:\/\/www.bellunopress.it\/fr\/2009\/06\/16\/lunione-di-centro-bellunese-ha-deciso-liberta-di-voto-alle-provinciali\/\" \/>\n<meta property=\"og:site_name\" content=\"Bellunopress - Dolomiti\" \/>\n<meta property=\"article:publisher\" content=\"https:\/\/www.facebook.com\/profile.php?id=100008943462799\" \/>\n<meta property=\"article:published_time\" content=\"2009-06-16T19:39:02+00:00\" \/>\n<meta property=\"article:modified_time\" content=\"2009-06-16T19:40:02+00:00\" \/>\n<meta property=\"og:image\" content=\"http:\/\/www.bellunopress.it\/wp-content\/uploads\/2012\/07\/logo-bellunopress-250x250-2012.jpg\" \/>\n<meta name=\"author\" content=\"redazione\" \/>\n<meta name=\"twitter:card\" content=\"summary_large_image\" \/>\n<meta name=\"twitter:creator\" content=\"@bellunopress\" \/>\n<meta name=\"twitter:site\" content=\"@bellunopress\" \/>\n<meta name=\"twitter:label1\" content=\"\u00c9crit par\" \/>\n\t<meta name=\"twitter:data1\" content=\"redazione\" \/>\n\t<meta name=\"twitter:label2\" content=\"Dur\u00e9e de lecture estim\u00e9e\" \/>\n\t<meta name=\"twitter:data2\" content=\"3 minutes\" \/>\n<script type=\"application\/ld+json\" class=\"yoast-schema-graph\">{\"@context\":\"https:\\\/\\\/schema.org\",\"@graph\":[{\"@type\":\"Article\",\"@id\":\"https:\\\/\\\/www.bellunopress.it\\\/2009\\\/06\\\/16\\\/lunione-di-centro-bellunese-ha-deciso-liberta-di-voto-alle-provinciali\\\/#article\",\"isPartOf\":{\"@id\":\"https:\\\/\\\/www.bellunopress.it\\\/2009\\\/06\\\/16\\\/lunione-di-centro-bellunese-ha-deciso-liberta-di-voto-alle-provinciali\\\/\"},\"author\":{\"name\":\"redazione\",\"@id\":\"https:\\\/\\\/www.bellunopress.it\\\/#\\\/schema\\\/person\\\/79bb06722b37ece1c03d3e94beb30d73\"},\"headline\":\"L&#8217;Unione di Centro bellunese ha deciso: &#8220;libert\u00e0 di voto alle provinciali&#8221;\",\"datePublished\":\"2009-06-16T19:39:02+00:00\",\"dateModified\":\"2009-06-16T19:40:02+00:00\",\"mainEntityOfPage\":{\"@id\":\"https:\\\/\\\/www.bellunopress.it\\\/2009\\\/06\\\/16\\\/lunione-di-centro-bellunese-ha-deciso-liberta-di-voto-alle-provinciali\\\/\"},\"wordCount\":590,\"publisher\":{\"@id\":\"https:\\\/\\\/www.bellunopress.it\\\/#organization\"},\"keywords\":[\"Belluno\",\"Feltre\"],\"articleSection\":[\"Cronaca\\\/Politica\"],\"inLanguage\":\"fr-FR\"},{\"@type\":\"WebPage\",\"@id\":\"https:\\\/\\\/www.bellunopress.it\\\/2009\\\/06\\\/16\\\/lunione-di-centro-bellunese-ha-deciso-liberta-di-voto-alle-provinciali\\\/\",\"url\":\"https:\\\/\\\/www.bellunopress.it\\\/2009\\\/06\\\/16\\\/lunione-di-centro-bellunese-ha-deciso-liberta-di-voto-alle-provinciali\\\/\",\"name\":\"L'Unione di Centro bellunese ha deciso: \\\"libert\u00e0 di voto alle provinciali\\\" - Bellunopress - Dolomiti\",\"isPartOf\":{\"@id\":\"https:\\\/\\\/www.bellunopress.it\\\/#website\"},\"datePublished\":\"2009-06-16T19:39:02+00:00\",\"dateModified\":\"2009-06-16T19:40:02+00:00\",\"breadcrumb\":{\"@id\":\"https:\\\/\\\/www.bellunopress.it\\\/2009\\\/06\\\/16\\\/lunione-di-centro-bellunese-ha-deciso-liberta-di-voto-alle-provinciali\\\/#breadcrumb\"},\"inLanguage\":\"fr-FR\",\"potentialAction\":[{\"@type\":\"ReadAction\",\"target\":[\"https:\\\/\\\/www.bellunopress.it\\\/2009\\\/06\\\/16\\\/lunione-di-centro-bellunese-ha-deciso-liberta-di-voto-alle-provinciali\\\/\"]}]},{\"@type\":\"BreadcrumbList\",\"@id\":\"https:\\\/\\\/www.bellunopress.it\\\/2009\\\/06\\\/16\\\/lunione-di-centro-bellunese-ha-deciso-liberta-di-voto-alle-provinciali\\\/#breadcrumb\",\"itemListElement\":[{\"@type\":\"ListItem\",\"position\":1,\"name\":\"Home\",\"item\":\"https:\\\/\\\/www.bellunopress.it\\\/\"},{\"@type\":\"ListItem\",\"position\":2,\"name\":\"L&#8217;Unione di Centro bellunese ha deciso: &#8220;libert\u00e0 di voto alle provinciali&#8221;\"}]},{\"@type\":\"WebSite\",\"@id\":\"https:\\\/\\\/www.bellunopress.it\\\/#website\",\"url\":\"https:\\\/\\\/www.bellunopress.it\\\/\",\"name\":\"Bellunopress - Dolomiti\",\"description\":\"e-mail: redazione@bellunopress.it\",\"publisher\":{\"@id\":\"https:\\\/\\\/www.bellunopress.it\\\/#organization\"},\"potentialAction\":[{\"@type\":\"SearchAction\",\"target\":{\"@type\":\"EntryPoint\",\"urlTemplate\":\"https:\\\/\\\/www.bellunopress.it\\\/?s={search_term_string}\"},\"query-input\":{\"@type\":\"PropertyValueSpecification\",\"valueRequired\":true,\"valueName\":\"search_term_string\"}}],\"inLanguage\":\"fr-FR\"},{\"@type\":\"Organization\",\"@id\":\"https:\\\/\\\/www.bellunopress.it\\\/#organization\",\"name\":\"Bellunopress\",\"url\":\"https:\\\/\\\/www.bellunopress.it\\\/\",\"logo\":{\"@type\":\"ImageObject\",\"inLanguage\":\"fr-FR\",\"@id\":\"https:\\\/\\\/www.bellunopress.it\\\/#\\\/schema\\\/logo\\\/image\\\/\",\"url\":\"https:\\\/\\\/www.bellunopress.it\\\/wp-content\\\/uploads\\\/2011\\\/05\\\/cropped-logo-bellunopress-.jpg\",\"contentUrl\":\"https:\\\/\\\/www.bellunopress.it\\\/wp-content\\\/uploads\\\/2011\\\/05\\\/cropped-logo-bellunopress-.jpg\",\"width\":512,\"height\":512,\"caption\":\"Bellunopress\"},\"image\":{\"@id\":\"https:\\\/\\\/www.bellunopress.it\\\/#\\\/schema\\\/logo\\\/image\\\/\"},\"sameAs\":[\"https:\\\/\\\/www.facebook.com\\\/profile.php?id=100008943462799\",\"https:\\\/\\\/x.com\\\/bellunopress\",\"https:\\\/\\\/www.linkedin.com\\\/hp\\\/?dnr=JBzUWaJfMUw8vbXJJ2tVW5-I3jZKvC4wsoxE&amp;amp;amp;amp;amp;amp;trk=nav_responsive_tab_home\",\"https:\\\/\\\/www.youtube.com\\\/channel\\\/UCxL0wu1uN0_3_7hGG0306cw\"]},{\"@type\":\"Person\",\"@id\":\"https:\\\/\\\/www.bellunopress.it\\\/#\\\/schema\\\/person\\\/79bb06722b37ece1c03d3e94beb30d73\",\"name\":\"redazione\",\"image\":{\"@type\":\"ImageObject\",\"inLanguage\":\"fr-FR\",\"@id\":\"https:\\\/\\\/secure.gravatar.com\\\/avatar\\\/37d968a2e67a6fd04c169c4bdef102d0bc5d31b2546345219e348575eb80e9a0?s=96&d=mm&r=g\",\"url\":\"https:\\\/\\\/secure.gravatar.com\\\/avatar\\\/37d968a2e67a6fd04c169c4bdef102d0bc5d31b2546345219e348575eb80e9a0?s=96&d=mm&r=g\",\"contentUrl\":\"https:\\\/\\\/secure.gravatar.com\\\/avatar\\\/37d968a2e67a6fd04c169c4bdef102d0bc5d31b2546345219e348575eb80e9a0?s=96&d=mm&r=g\",\"caption\":\"redazione\"},\"sameAs\":[\"http:\\\/\\\/www.bellunopress.it\",\"https:\\\/\\\/x.com\\\/bellunopress\"],\"url\":\"https:\\\/\\\/www.bellunopress.it\\\/fr\\\/author\\\/redazione\\\/\"}]}<\/script>\n<!-- \/ Yoast SEO plugin. -->","yoast_head_json":{"title":"L'Unione di Centro bellunese ha deciso: \"libert\u00e0 di voto alle provinciali\" - Bellunopress - Dolomiti","robots":{"index":"index","follow":"follow","max-snippet":"max-snippet:-1","max-image-preview":"max-image-preview:large","max-video-preview":"max-video-preview:-1"},"canonical":"https:\/\/www.bellunopress.it\/fr\/2009\/06\/16\/lunione-di-centro-bellunese-ha-deciso-liberta-di-voto-alle-provinciali\/","og_locale":"fr_FR","og_type":"article","og_title":"L'Unione di Centro bellunese ha deciso: \"libert\u00e0 di voto alle provinciali\" - Bellunopress - Dolomiti","og_description":"Dopo il confronto con i candidati della lista e dopo\u00a0la riunione della direzione provinciale\u00a0l&#8217;Unione di Centro della Provincia di Belluno decide per lasciare libert\u00e0 di voto ai propri elettori. &#8220;Abbiamo riflettuto a lungo, ma crediamo che questo in conclusione sia l&#8217;atteggiamento pi\u00f9 corretto verso i quasi 10.000 bellunesi che hanno creduto nel nostro progetto politico. [&hellip;]","og_url":"https:\/\/www.bellunopress.it\/fr\/2009\/06\/16\/lunione-di-centro-bellunese-ha-deciso-liberta-di-voto-alle-provinciali\/","og_site_name":"Bellunopress - Dolomiti","article_publisher":"https:\/\/www.facebook.com\/profile.php?id=100008943462799","article_published_time":"2009-06-16T19:39:02+00:00","article_modified_time":"2009-06-16T19:40:02+00:00","og_image":[{"url":"http:\/\/www.bellunopress.it\/wp-content\/uploads\/2012\/07\/logo-bellunopress-250x250-2012.jpg","type":"","width":"","height":""}],"author":"redazione","twitter_card":"summary_large_image","twitter_creator":"@bellunopress","twitter_site":"@bellunopress","twitter_misc":{"\u00c9crit par":"redazione","Dur\u00e9e de lecture estim\u00e9e":"3 minutes"},"schema":{"@context":"https:\/\/schema.org","@graph":[{"@type":"Article","@id":"https:\/\/www.bellunopress.it\/2009\/06\/16\/lunione-di-centro-bellunese-ha-deciso-liberta-di-voto-alle-provinciali\/#article","isPartOf":{"@id":"https:\/\/www.bellunopress.it\/2009\/06\/16\/lunione-di-centro-bellunese-ha-deciso-liberta-di-voto-alle-provinciali\/"},"author":{"name":"redazione","@id":"https:\/\/www.bellunopress.it\/#\/schema\/person\/79bb06722b37ece1c03d3e94beb30d73"},"headline":"L&#8217;Unione di Centro bellunese ha deciso: &#8220;libert\u00e0 di voto alle provinciali&#8221;","datePublished":"2009-06-16T19:39:02+00:00","dateModified":"2009-06-16T19:40:02+00:00","mainEntityOfPage":{"@id":"https:\/\/www.bellunopress.it\/2009\/06\/16\/lunione-di-centro-bellunese-ha-deciso-liberta-di-voto-alle-provinciali\/"},"wordCount":590,"publisher":{"@id":"https:\/\/www.bellunopress.it\/#organization"},"keywords":["Belluno","Feltre"],"articleSection":["Cronaca\/Politica"],"inLanguage":"fr-FR"},{"@type":"WebPage","@id":"https:\/\/www.bellunopress.it\/2009\/06\/16\/lunione-di-centro-bellunese-ha-deciso-liberta-di-voto-alle-provinciali\/","url":"https:\/\/www.bellunopress.it\/2009\/06\/16\/lunione-di-centro-bellunese-ha-deciso-liberta-di-voto-alle-provinciali\/","name":"L'Unione di Centro bellunese ha deciso: \"libert\u00e0 di voto alle provinciali\" - Bellunopress - Dolomiti","isPartOf":{"@id":"https:\/\/www.bellunopress.it\/#website"},"datePublished":"2009-06-16T19:39:02+00:00","dateModified":"2009-06-16T19:40:02+00:00","breadcrumb":{"@id":"https:\/\/www.bellunopress.it\/2009\/06\/16\/lunione-di-centro-bellunese-ha-deciso-liberta-di-voto-alle-provinciali\/#breadcrumb"},"inLanguage":"fr-FR","potentialAction":[{"@type":"ReadAction","target":["https:\/\/www.bellunopress.it\/2009\/06\/16\/lunione-di-centro-bellunese-ha-deciso-liberta-di-voto-alle-provinciali\/"]}]},{"@type":"BreadcrumbList","@id":"https:\/\/www.bellunopress.it\/2009\/06\/16\/lunione-di-centro-bellunese-ha-deciso-liberta-di-voto-alle-provinciali\/#breadcrumb","itemListElement":[{"@type":"ListItem","position":1,"name":"Home","item":"https:\/\/www.bellunopress.it\/"},{"@type":"ListItem","position":2,"name":"L&#8217;Unione di Centro bellunese ha deciso: &#8220;libert\u00e0 di voto alle provinciali&#8221;"}]},{"@type":"WebSite","@id":"https:\/\/www.bellunopress.it\/#website","url":"https:\/\/www.bellunopress.it\/","name":"Bellunopress - Dolomiti","description":"e-mail: redazione@bellunopress.it","publisher":{"@id":"https:\/\/www.bellunopress.it\/#organization"},"potentialAction":[{"@type":"SearchAction","target":{"@type":"EntryPoint","urlTemplate":"https:\/\/www.bellunopress.it\/?s={search_term_string}"},"query-input":{"@type":"PropertyValueSpecification","valueRequired":true,"valueName":"search_term_string"}}],"inLanguage":"fr-FR"},{"@type":"Organization","@id":"https:\/\/www.bellunopress.it\/#organization","name":"Bellunopress","url":"https:\/\/www.bellunopress.it\/","logo":{"@type":"ImageObject","inLanguage":"fr-FR","@id":"https:\/\/www.bellunopress.it\/#\/schema\/logo\/image\/","url":"https:\/\/www.bellunopress.it\/wp-content\/uploads\/2011\/05\/cropped-logo-bellunopress-.jpg","contentUrl":"https:\/\/www.bellunopress.it\/wp-content\/uploads\/2011\/05\/cropped-logo-bellunopress-.jpg","width":512,"height":512,"caption":"Bellunopress"},"image":{"@id":"https:\/\/www.bellunopress.it\/#\/schema\/logo\/image\/"},"sameAs":["https:\/\/www.facebook.com\/profile.php?id=100008943462799","https:\/\/x.com\/bellunopress","https:\/\/www.linkedin.com\/hp\/?dnr=JBzUWaJfMUw8vbXJJ2tVW5-I3jZKvC4wsoxE&amp;amp;amp;amp;amp;amp;trk=nav_responsive_tab_home","https:\/\/www.youtube.com\/channel\/UCxL0wu1uN0_3_7hGG0306cw"]},{"@type":"Person","@id":"https:\/\/www.bellunopress.it\/#\/schema\/person\/79bb06722b37ece1c03d3e94beb30d73","name":"r\u00e9daction","image":{"@type":"ImageObject","inLanguage":"fr-FR","@id":"https:\/\/secure.gravatar.com\/avatar\/37d968a2e67a6fd04c169c4bdef102d0bc5d31b2546345219e348575eb80e9a0?s=96&d=mm&r=g","url":"https:\/\/secure.gravatar.com\/avatar\/37d968a2e67a6fd04c169c4bdef102d0bc5d31b2546345219e348575eb80e9a0?s=96&d=mm&r=g","contentUrl":"https:\/\/secure.gravatar.com\/avatar\/37d968a2e67a6fd04c169c4bdef102d0bc5d31b2546345219e348575eb80e9a0?s=96&d=mm&r=g","caption":"redazione"},"sameAs":["http:\/\/www.bellunopress.it","https:\/\/x.com\/bellunopress"],"url":"https:\/\/www.bellunopress.it\/fr\/author\/redazione\/"}]}},"_links":{"self":[{"href":"https:\/\/www.bellunopress.it\/fr\/wp-json\/wp\/v2\/posts\/4989","targetHints":{"allow":["GET"]}}],"collection":[{"href":"https:\/\/www.bellunopress.it\/fr\/wp-json\/wp\/v2\/posts"}],"about":[{"href":"https:\/\/www.bellunopress.it\/fr\/wp-json\/wp\/v2\/types\/post"}],"author":[{"embeddable":true,"href":"https:\/\/www.bellunopress.it\/fr\/wp-json\/wp\/v2\/users\/2"}],"replies":[{"embeddable":true,"href":"https:\/\/www.bellunopress.it\/fr\/wp-json\/wp\/v2\/comments?post=4989"}],"version-history":[{"count":2,"href":"https:\/\/www.bellunopress.it\/fr\/wp-json\/wp\/v2\/posts\/4989\/revisions"}],"predecessor-version":[{"id":4991,"href":"https:\/\/www.bellunopress.it\/fr\/wp-json\/wp\/v2\/posts\/4989\/revisions\/4991"}],"wp:attachment":[{"href":"https:\/\/www.bellunopress.it\/fr\/wp-json\/wp\/v2\/media?parent=4989"}],"wp:term":[{"taxonomy":"category","embeddable":true,"href":"https:\/\/www.bellunopress.it\/fr\/wp-json\/wp\/v2\/categories?post=4989"},{"taxonomy":"post_tag","embeddable":true,"href":"https:\/\/www.bellunopress.it\/fr\/wp-json\/wp\/v2\/tags?post=4989"}],"curies":[{"name":"wp","href":"https:\/\/api.w.org\/{rel}","templated":true}]}}