{"id":4984,"date":"2009-06-16T17:18:13","date_gmt":"2009-06-16T16:18:13","guid":{"rendered":"http:\/\/www.bellunopress.it\/?p=4984"},"modified":"2009-06-16T17:18:13","modified_gmt":"2009-06-16T16:18:13","slug":"brindisi-corfu-solidarieta-a-vele-spiegate","status":"publish","type":"post","link":"https:\/\/www.bellunopress.it\/fr\/2009\/06\/16\/brindisi-corfu-solidarieta-a-vele-spiegate\/","title":{"rendered":"Brindisi-Corf\u00f9: solidariet\u00e0 a vele spiegate"},"content":{"rendered":"<p><a href=\"http:\/\/www.bellunopress.it\/wp-content\/uploads\/2009\/06\/enzo2009-230-leggera.jpg\"><img loading=\"lazy\" decoding=\"async\" class=\"alignleft size-medium wp-image-4985\" title=\"enzo2009-230-leggera\" src=\"http:\/\/www.bellunopress.it\/wp-content\/uploads\/2009\/06\/enzo2009-230-leggera.jpg\" alt=\"\" width=\"271\" height=\"180\" \/><\/a>Grande prestazione del team Wave On, portabandiera del Programma Alimentare Mondiale, nella regata del Mediterraneo. Un risultato di tutto rispetto, quello che il team vicentino Wave On ha conquistato nella regata Brindisi Corf\u00f9. Un secondo posto assoluto conquistato grazie alla passione e alla competenza di tutto l&#8217;equipaggio, per l&#8217;occasione portacolori del PAM &#8211; Programma Alimentare Mondiale delle Nazioni Unite,\u00a0 arrivato a Corf\u00f9 con soli 7 minuti di distacco dal primo classificato. <strong>L&#8217;imbarcazione Amer Sport Too<\/strong>, di propriet\u00e0 della famiglia Gualandi (la stessa propriet\u00e0 dell&#8217;Hotel Cristallo di Cortina d\u2019Ampezzo ) e gestita da Wave On, ha infatti percorso le 104 miglia del percorso in sole 5 ore e 35 minuti, complice una condizione meteo quasi perfetta ed una strategia di gara impeccabile: Amer Sport Too, insieme alla prima classificata Moonshine,\u00a0 ha scelto di rimanere sotto la costa italiana fino ad Otranto e di tagliare solo a quell&#8217;altezza verso Corf\u00f9, mentre le altre imbarcazioni si sono portate subito sulla costa albanese, una manovra che forse \u00e8 costata loro qualche posizione. Grande la soddisfazione per tutto l&#8217;equipaggio di Amer Sport Too:\u00a0 \u201cE&#8217; un secondo posto che\u00a0 accogliamo con gioia\u201d dice Alberto Leghissa \u201cun risultato che ci rende orgogliosi, soprattutto per l&#8217;importanza che riveste per il PAM e per il suo messaggio: la malnutrizione nel mondo si pu\u00f2 combattere e vincere anche attraverso le manifestazioni sportive. Aver portato sul podio la bandiera del PAM \u00e8 certamente il risultato che ci onora di pi\u00f9. Da skipper devo inoltre ringraziare tutto l&#8217;equipaggio che, soprattutto nei momenti decisivi della gara,\u00a0 si \u00e8 comportato come una squadra di veri professionisti\u201d.<br \/>\n<strong>Con circa 120 imbarcazioni europee in gara, la Brindisi &#8211; Corf\u00f9 <\/strong>\u00e8 oramai considerata la pi\u00f9 importante regata d&#8217;altura dell&#8217;Adriatico, sia per numero di partecipanti che per difficolt\u00e0 tecniche. E\u00a0 proprio sul campo di regata l&#8217;equipaggio di Amer Sport Too ha saputo dimostrare la propria competenza tecnica: il team \u00e8 infatti composto dai soci di Wave On, societ\u00e0 specializzata nell\u2019organizzazione di eventi sportivi (gare di sci, competizioni veliche e golfistiche, etc..) di cui fanno parte Lorenzo, Augusto e Francesco Zanotto, Massimo Perer e lo stesso Alberto Leghissa. \u201cQuando ci hanno informato che avremmo rappresentato le Nazioni Unite in questa regata ci siamo sentiti investiti di un ruolo davvero importante\u201d\u00a0 racconta\u00a0 Lorenzo Zanotto, portavoce di Wave On \u201cci entusiasmava l&#8217;idea che la nostra vela fosse un simbolo di incontro e\u00a0 collaborazione fra diverse culture che si affacciano sul Mediterraneo, e che il nostro impegno fosse a favore di uno scopo cos\u00ec nobile come quello che si prefigge il\u00a0 PAM. A questa valenza simbolica il nostro equipaggio ha saputo unire anche un importante valore sportivo&#8230; non potevamo augurarci di pi\u00f9!\u201d Soddisfazione espressa anche\u00a0 da Enzo Pirato, Presidente Regionale del Comitato Italiano\u00a0 per il Programma Alimentare Mondiale delle Nazioni Unite \u201cVogliamo e dobbiamo ringraziare Wave One per la disponibilit\u00e0 nei nostri confronti e per lo spirito di solidariet\u00e0 dimostrato nell&#8217;accettare questa sfida. Questo giovane team ha saputo interpretare al meglio il vero spirito del velista: essere solidale con tutti.\u00a0 Lo stesso spirito che anima noi del PAM, come recita anche il nostro messaggio contro la fame, con ogni mezzo, si pu\u00f2\u201d. Messaggio che Wave On ha saputo far proprio, portando la solidariet\u00e0 sulle vele di Amer Sport Too.<\/p>\n<p><strong>Risultati ufficiali della Brindisi Corf\u00f9:<\/strong><br \/>\nXXIV REGATA INTERNAZIONALE BRINDISI CORFU<br \/>\nClassifica ORC MAXI<br \/>\nMiglia:104,00\u00a0\u00a0\u00a0\u00a0 Partenza:10\/06\/09\u00a0\u00a0\u00a0\u00a0\u00a0 Ora:13:10:0<\/p>\n<p>Pos.<br \/>\nN. velico<br \/>\nBarca<br \/>\nArmatore<br \/>\nCircolo<br \/>\nRating<br \/>\nT.Reale \u00a0 T.corretto<\/p>\n<p>1<br \/>\nITA 12411<br \/>\nMOONSHINE<br \/>\nEDO ZICCARELLI<br \/>\nLNI PESARO<br \/>\n483,7<br \/>\n18:38:49 &#8211; 04:40:24<\/p>\n<p>2<br \/>\nEUR-2<br \/>\nAMER SPORT TOO<br \/>\nHOTEL CRISTALLO<br \/>\nYC HANNIBAL<br \/>\n462<br \/>\n18:45:57 &#8211; 05:25:09<\/p>\n<p>3<br \/>\nITA 14654<br \/>\nIDRUSA<br \/>\nMONTEFUSCO SAILING PROJECT<br \/>\nCV BRINDISI<br \/>\n417,3<br \/>\n18:10:28 &#8211; 06:07:09<\/p>\n<p>4<br \/>\nITA4004<br \/>\nFETCH IV<br \/>\nSCIANATICO MICHELE<br \/>\nLNI BARI<br \/>\n437,9<br \/>\n19:31:15 &#8211; 06:52:13<\/p>\n<p>5<br \/>\nITA 2929<br \/>\nIDEA<br \/>\nA.S.D. NORTH STAR SAILING TEAM<br \/>\nVELA CLUB VENEZIA<br \/>\n414,2<br \/>\n19:10:21 &#8211; 07:12:24<\/p>\n<p>6<br \/>\nITA-CAPER<br \/>\nCAPERCAILLIE<br \/>\nREPLICA MANUFACTURERS<br \/>\nLNI TARANTO<br \/>\n490,9<br \/>\n24:24:50 &#8211; 10:13:56<\/p>\n<p><strong>Con il primo successo ottenuto da Amer Sport Too,<\/strong> si conferma e si rafforza lo speciale rapporto tra l\u2019Hotel Cristallo di Cortina e il mondo della vela. L&#8217;hotel infatti \u00e8 sede dello Yacht Club Cortina d\u2019Ampezzo, primo circolo velico in Italia a nascere in una localit\u00e0 di montagna. Scopo del Club \u00e8 unire gli amanti della vela e della montagna in una serie di incontri per cercare di sviluppare la pratica degli sport nautici e la diffusione dell\u2019attivit\u00e0 sportiva e ricreativa nel campo nautico, portando &#8211; attraverso i suoi eventi e la partecipazione dei suoi soci alle regate &#8211; il nome di Cortina nel mondo.<\/p>","protected":false},"excerpt":{"rendered":"<p>Grande prestazione del team Wave On, portabandiera del Programma Alimentare Mondiale, nella regata del Mediterraneo. Un risultato di tutto rispetto, quello che il team vicentino Wave On ha conquistato nella regata Brindisi Corf\u00f9. Un secondo posto assoluto conquistato grazie alla passione e alla competenza di tutto l&#8217;equipaggio, per l&#8217;occasione portacolori del PAM &#8211; Programma Alimentare [&hellip;]<\/p>\n","protected":false},"author":2,"featured_media":0,"comment_status":"closed","ping_status":"open","sticky":false,"template":"","format":"standard","meta":{"footnotes":""},"categories":[4],"tags":[139],"class_list":["post-4984","post","type-post","status-publish","format-standard","category-sport","tag-belluno"],"yoast_head":"<!-- This site is optimized with the Yoast SEO plugin v28.4 - https:\/\/yoast.com\/product\/yoast-seo-wordpress\/ -->\n<title>Brindisi-Corf\u00f9: solidariet\u00e0 a vele spiegate - Bellunopress - Dolomiti<\/title>\n<meta name=\"robots\" content=\"index, follow, max-snippet:-1, max-image-preview:large, max-video-preview:-1\" \/>\n<link rel=\"canonical\" href=\"https:\/\/www.bellunopress.it\/fr\/2009\/06\/16\/brindisi-corfu-solidarieta-a-vele-spiegate\/\" \/>\n<meta property=\"og:locale\" content=\"fr_FR\" \/>\n<meta property=\"og:type\" content=\"article\" \/>\n<meta property=\"og:title\" content=\"Brindisi-Corf\u00f9: solidariet\u00e0 a vele spiegate - Bellunopress - Dolomiti\" \/>\n<meta property=\"og:description\" content=\"Grande prestazione del team Wave On, portabandiera del Programma Alimentare Mondiale, nella regata del Mediterraneo. Un risultato di tutto rispetto, quello che il team vicentino Wave On ha conquistato nella regata Brindisi Corf\u00f9. Un secondo posto assoluto conquistato grazie alla passione e alla competenza di tutto l&#8217;equipaggio, per l&#8217;occasione portacolori del PAM &#8211; Programma Alimentare [&hellip;]\" \/>\n<meta property=\"og:url\" content=\"https:\/\/www.bellunopress.it\/fr\/2009\/06\/16\/brindisi-corfu-solidarieta-a-vele-spiegate\/\" \/>\n<meta property=\"og:site_name\" content=\"Bellunopress - Dolomiti\" \/>\n<meta property=\"article:publisher\" content=\"https:\/\/www.facebook.com\/profile.php?id=100008943462799\" \/>\n<meta property=\"article:published_time\" content=\"2009-06-16T16:18:13+00:00\" \/>\n<meta property=\"og:image\" content=\"http:\/\/www.bellunopress.it\/wp-content\/uploads\/2009\/06\/enzo2009-230-leggera.jpg\" \/>\n<meta name=\"author\" content=\"redazione\" \/>\n<meta name=\"twitter:card\" content=\"summary_large_image\" \/>\n<meta name=\"twitter:creator\" content=\"@bellunopress\" \/>\n<meta name=\"twitter:site\" content=\"@bellunopress\" \/>\n<meta name=\"twitter:label1\" content=\"\u00c9crit par\" \/>\n\t<meta name=\"twitter:data1\" content=\"redazione\" \/>\n\t<meta name=\"twitter:label2\" content=\"Dur\u00e9e de lecture estim\u00e9e\" \/>\n\t<meta name=\"twitter:data2\" content=\"4 minutes\" \/>\n<script type=\"application\/ld+json\" class=\"yoast-schema-graph\">{\"@context\":\"https:\\\/\\\/schema.org\",\"@graph\":[{\"@type\":\"Article\",\"@id\":\"https:\\\/\\\/www.bellunopress.it\\\/2009\\\/06\\\/16\\\/brindisi-corfu-solidarieta-a-vele-spiegate\\\/#article\",\"isPartOf\":{\"@id\":\"https:\\\/\\\/www.bellunopress.it\\\/2009\\\/06\\\/16\\\/brindisi-corfu-solidarieta-a-vele-spiegate\\\/\"},\"author\":{\"name\":\"redazione\",\"@id\":\"https:\\\/\\\/www.bellunopress.it\\\/#\\\/schema\\\/person\\\/79bb06722b37ece1c03d3e94beb30d73\"},\"headline\":\"Brindisi-Corf\u00f9: solidariet\u00e0 a vele spiegate\",\"datePublished\":\"2009-06-16T16:18:13+00:00\",\"mainEntityOfPage\":{\"@id\":\"https:\\\/\\\/www.bellunopress.it\\\/2009\\\/06\\\/16\\\/brindisi-corfu-solidarieta-a-vele-spiegate\\\/\"},\"wordCount\":732,\"publisher\":{\"@id\":\"https:\\\/\\\/www.bellunopress.it\\\/#organization\"},\"image\":{\"@id\":\"https:\\\/\\\/www.bellunopress.it\\\/2009\\\/06\\\/16\\\/brindisi-corfu-solidarieta-a-vele-spiegate\\\/#primaryimage\"},\"thumbnailUrl\":\"http:\\\/\\\/www.bellunopress.it\\\/wp-content\\\/uploads\\\/2009\\\/06\\\/enzo2009-230-leggera.jpg\",\"keywords\":[\"Belluno\"],\"articleSection\":[\"Sport, tempo libero\"],\"inLanguage\":\"fr-FR\"},{\"@type\":\"WebPage\",\"@id\":\"https:\\\/\\\/www.bellunopress.it\\\/2009\\\/06\\\/16\\\/brindisi-corfu-solidarieta-a-vele-spiegate\\\/\",\"url\":\"https:\\\/\\\/www.bellunopress.it\\\/2009\\\/06\\\/16\\\/brindisi-corfu-solidarieta-a-vele-spiegate\\\/\",\"name\":\"Brindisi-Corf\u00f9: solidariet\u00e0 a vele spiegate - Bellunopress - Dolomiti\",\"isPartOf\":{\"@id\":\"https:\\\/\\\/www.bellunopress.it\\\/#website\"},\"primaryImageOfPage\":{\"@id\":\"https:\\\/\\\/www.bellunopress.it\\\/2009\\\/06\\\/16\\\/brindisi-corfu-solidarieta-a-vele-spiegate\\\/#primaryimage\"},\"image\":{\"@id\":\"https:\\\/\\\/www.bellunopress.it\\\/2009\\\/06\\\/16\\\/brindisi-corfu-solidarieta-a-vele-spiegate\\\/#primaryimage\"},\"thumbnailUrl\":\"http:\\\/\\\/www.bellunopress.it\\\/wp-content\\\/uploads\\\/2009\\\/06\\\/enzo2009-230-leggera.jpg\",\"datePublished\":\"2009-06-16T16:18:13+00:00\",\"breadcrumb\":{\"@id\":\"https:\\\/\\\/www.bellunopress.it\\\/2009\\\/06\\\/16\\\/brindisi-corfu-solidarieta-a-vele-spiegate\\\/#breadcrumb\"},\"inLanguage\":\"fr-FR\",\"potentialAction\":[{\"@type\":\"ReadAction\",\"target\":[\"https:\\\/\\\/www.bellunopress.it\\\/2009\\\/06\\\/16\\\/brindisi-corfu-solidarieta-a-vele-spiegate\\\/\"]}]},{\"@type\":\"ImageObject\",\"inLanguage\":\"fr-FR\",\"@id\":\"https:\\\/\\\/www.bellunopress.it\\\/2009\\\/06\\\/16\\\/brindisi-corfu-solidarieta-a-vele-spiegate\\\/#primaryimage\",\"url\":\"http:\\\/\\\/www.bellunopress.it\\\/wp-content\\\/uploads\\\/2009\\\/06\\\/enzo2009-230-leggera.jpg\",\"contentUrl\":\"http:\\\/\\\/www.bellunopress.it\\\/wp-content\\\/uploads\\\/2009\\\/06\\\/enzo2009-230-leggera.jpg\"},{\"@type\":\"BreadcrumbList\",\"@id\":\"https:\\\/\\\/www.bellunopress.it\\\/2009\\\/06\\\/16\\\/brindisi-corfu-solidarieta-a-vele-spiegate\\\/#breadcrumb\",\"itemListElement\":[{\"@type\":\"ListItem\",\"position\":1,\"name\":\"Home\",\"item\":\"https:\\\/\\\/www.bellunopress.it\\\/\"},{\"@type\":\"ListItem\",\"position\":2,\"name\":\"Brindisi-Corf\u00f9: solidariet\u00e0 a vele spiegate\"}]},{\"@type\":\"WebSite\",\"@id\":\"https:\\\/\\\/www.bellunopress.it\\\/#website\",\"url\":\"https:\\\/\\\/www.bellunopress.it\\\/\",\"name\":\"Bellunopress - Dolomiti\",\"description\":\"e-mail: redazione@bellunopress.it\",\"publisher\":{\"@id\":\"https:\\\/\\\/www.bellunopress.it\\\/#organization\"},\"potentialAction\":[{\"@type\":\"SearchAction\",\"target\":{\"@type\":\"EntryPoint\",\"urlTemplate\":\"https:\\\/\\\/www.bellunopress.it\\\/?s={search_term_string}\"},\"query-input\":{\"@type\":\"PropertyValueSpecification\",\"valueRequired\":true,\"valueName\":\"search_term_string\"}}],\"inLanguage\":\"fr-FR\"},{\"@type\":\"Organization\",\"@id\":\"https:\\\/\\\/www.bellunopress.it\\\/#organization\",\"name\":\"Bellunopress\",\"url\":\"https:\\\/\\\/www.bellunopress.it\\\/\",\"logo\":{\"@type\":\"ImageObject\",\"inLanguage\":\"fr-FR\",\"@id\":\"https:\\\/\\\/www.bellunopress.it\\\/#\\\/schema\\\/logo\\\/image\\\/\",\"url\":\"https:\\\/\\\/www.bellunopress.it\\\/wp-content\\\/uploads\\\/2011\\\/05\\\/cropped-logo-bellunopress-.jpg\",\"contentUrl\":\"https:\\\/\\\/www.bellunopress.it\\\/wp-content\\\/uploads\\\/2011\\\/05\\\/cropped-logo-bellunopress-.jpg\",\"width\":512,\"height\":512,\"caption\":\"Bellunopress\"},\"image\":{\"@id\":\"https:\\\/\\\/www.bellunopress.it\\\/#\\\/schema\\\/logo\\\/image\\\/\"},\"sameAs\":[\"https:\\\/\\\/www.facebook.com\\\/profile.php?id=100008943462799\",\"https:\\\/\\\/x.com\\\/bellunopress\",\"https:\\\/\\\/www.linkedin.com\\\/hp\\\/?dnr=JBzUWaJfMUw8vbXJJ2tVW5-I3jZKvC4wsoxE&amp;amp;amp;amp;amp;amp;trk=nav_responsive_tab_home\",\"https:\\\/\\\/www.youtube.com\\\/channel\\\/UCxL0wu1uN0_3_7hGG0306cw\"]},{\"@type\":\"Person\",\"@id\":\"https:\\\/\\\/www.bellunopress.it\\\/#\\\/schema\\\/person\\\/79bb06722b37ece1c03d3e94beb30d73\",\"name\":\"redazione\",\"image\":{\"@type\":\"ImageObject\",\"inLanguage\":\"fr-FR\",\"@id\":\"https:\\\/\\\/secure.gravatar.com\\\/avatar\\\/37d968a2e67a6fd04c169c4bdef102d0bc5d31b2546345219e348575eb80e9a0?s=96&d=mm&r=g\",\"url\":\"https:\\\/\\\/secure.gravatar.com\\\/avatar\\\/37d968a2e67a6fd04c169c4bdef102d0bc5d31b2546345219e348575eb80e9a0?s=96&d=mm&r=g\",\"contentUrl\":\"https:\\\/\\\/secure.gravatar.com\\\/avatar\\\/37d968a2e67a6fd04c169c4bdef102d0bc5d31b2546345219e348575eb80e9a0?s=96&d=mm&r=g\",\"caption\":\"redazione\"},\"sameAs\":[\"http:\\\/\\\/www.bellunopress.it\",\"https:\\\/\\\/x.com\\\/bellunopress\"],\"url\":\"https:\\\/\\\/www.bellunopress.it\\\/fr\\\/author\\\/redazione\\\/\"}]}<\/script>\n<!-- \/ Yoast SEO plugin. -->","yoast_head_json":{"title":"Brindisi-Corf\u00f9: solidariet\u00e0 a vele spiegate - Bellunopress - Dolomiti","robots":{"index":"index","follow":"follow","max-snippet":"max-snippet:-1","max-image-preview":"max-image-preview:large","max-video-preview":"max-video-preview:-1"},"canonical":"https:\/\/www.bellunopress.it\/fr\/2009\/06\/16\/brindisi-corfu-solidarieta-a-vele-spiegate\/","og_locale":"fr_FR","og_type":"article","og_title":"Brindisi-Corf\u00f9: solidariet\u00e0 a vele spiegate - Bellunopress - Dolomiti","og_description":"Grande prestazione del team Wave On, portabandiera del Programma Alimentare Mondiale, nella regata del Mediterraneo. Un risultato di tutto rispetto, quello che il team vicentino Wave On ha conquistato nella regata Brindisi Corf\u00f9. Un secondo posto assoluto conquistato grazie alla passione e alla competenza di tutto l&#8217;equipaggio, per l&#8217;occasione portacolori del PAM &#8211; Programma Alimentare [&hellip;]","og_url":"https:\/\/www.bellunopress.it\/fr\/2009\/06\/16\/brindisi-corfu-solidarieta-a-vele-spiegate\/","og_site_name":"Bellunopress - Dolomiti","article_publisher":"https:\/\/www.facebook.com\/profile.php?id=100008943462799","article_published_time":"2009-06-16T16:18:13+00:00","og_image":[{"url":"http:\/\/www.bellunopress.it\/wp-content\/uploads\/2009\/06\/enzo2009-230-leggera.jpg","type":"","width":"","height":""}],"author":"redazione","twitter_card":"summary_large_image","twitter_creator":"@bellunopress","twitter_site":"@bellunopress","twitter_misc":{"\u00c9crit par":"redazione","Dur\u00e9e de lecture estim\u00e9e":"4 minutes"},"schema":{"@context":"https:\/\/schema.org","@graph":[{"@type":"Article","@id":"https:\/\/www.bellunopress.it\/2009\/06\/16\/brindisi-corfu-solidarieta-a-vele-spiegate\/#article","isPartOf":{"@id":"https:\/\/www.bellunopress.it\/2009\/06\/16\/brindisi-corfu-solidarieta-a-vele-spiegate\/"},"author":{"name":"redazione","@id":"https:\/\/www.bellunopress.it\/#\/schema\/person\/79bb06722b37ece1c03d3e94beb30d73"},"headline":"Brindisi-Corf\u00f9: solidariet\u00e0 a vele spiegate","datePublished":"2009-06-16T16:18:13+00:00","mainEntityOfPage":{"@id":"https:\/\/www.bellunopress.it\/2009\/06\/16\/brindisi-corfu-solidarieta-a-vele-spiegate\/"},"wordCount":732,"publisher":{"@id":"https:\/\/www.bellunopress.it\/#organization"},"image":{"@id":"https:\/\/www.bellunopress.it\/2009\/06\/16\/brindisi-corfu-solidarieta-a-vele-spiegate\/#primaryimage"},"thumbnailUrl":"http:\/\/www.bellunopress.it\/wp-content\/uploads\/2009\/06\/enzo2009-230-leggera.jpg","keywords":["Belluno"],"articleSection":["Sport, tempo libero"],"inLanguage":"fr-FR"},{"@type":"WebPage","@id":"https:\/\/www.bellunopress.it\/2009\/06\/16\/brindisi-corfu-solidarieta-a-vele-spiegate\/","url":"https:\/\/www.bellunopress.it\/2009\/06\/16\/brindisi-corfu-solidarieta-a-vele-spiegate\/","name":"Brindisi-Corf\u00f9: solidariet\u00e0 a vele spiegate - Bellunopress - Dolomiti","isPartOf":{"@id":"https:\/\/www.bellunopress.it\/#website"},"primaryImageOfPage":{"@id":"https:\/\/www.bellunopress.it\/2009\/06\/16\/brindisi-corfu-solidarieta-a-vele-spiegate\/#primaryimage"},"image":{"@id":"https:\/\/www.bellunopress.it\/2009\/06\/16\/brindisi-corfu-solidarieta-a-vele-spiegate\/#primaryimage"},"thumbnailUrl":"http:\/\/www.bellunopress.it\/wp-content\/uploads\/2009\/06\/enzo2009-230-leggera.jpg","datePublished":"2009-06-16T16:18:13+00:00","breadcrumb":{"@id":"https:\/\/www.bellunopress.it\/2009\/06\/16\/brindisi-corfu-solidarieta-a-vele-spiegate\/#breadcrumb"},"inLanguage":"fr-FR","potentialAction":[{"@type":"ReadAction","target":["https:\/\/www.bellunopress.it\/2009\/06\/16\/brindisi-corfu-solidarieta-a-vele-spiegate\/"]}]},{"@type":"ImageObject","inLanguage":"fr-FR","@id":"https:\/\/www.bellunopress.it\/2009\/06\/16\/brindisi-corfu-solidarieta-a-vele-spiegate\/#primaryimage","url":"http:\/\/www.bellunopress.it\/wp-content\/uploads\/2009\/06\/enzo2009-230-leggera.jpg","contentUrl":"http:\/\/www.bellunopress.it\/wp-content\/uploads\/2009\/06\/enzo2009-230-leggera.jpg"},{"@type":"BreadcrumbList","@id":"https:\/\/www.bellunopress.it\/2009\/06\/16\/brindisi-corfu-solidarieta-a-vele-spiegate\/#breadcrumb","itemListElement":[{"@type":"ListItem","position":1,"name":"Home","item":"https:\/\/www.bellunopress.it\/"},{"@type":"ListItem","position":2,"name":"Brindisi-Corf\u00f9: solidariet\u00e0 a vele spiegate"}]},{"@type":"WebSite","@id":"https:\/\/www.bellunopress.it\/#website","url":"https:\/\/www.bellunopress.it\/","name":"Bellunopress - Dolomiti","description":"e-mail: redazione@bellunopress.it","publisher":{"@id":"https:\/\/www.bellunopress.it\/#organization"},"potentialAction":[{"@type":"SearchAction","target":{"@type":"EntryPoint","urlTemplate":"https:\/\/www.bellunopress.it\/?s={search_term_string}"},"query-input":{"@type":"PropertyValueSpecification","valueRequired":true,"valueName":"search_term_string"}}],"inLanguage":"fr-FR"},{"@type":"Organization","@id":"https:\/\/www.bellunopress.it\/#organization","name":"Bellunopress","url":"https:\/\/www.bellunopress.it\/","logo":{"@type":"ImageObject","inLanguage":"fr-FR","@id":"https:\/\/www.bellunopress.it\/#\/schema\/logo\/image\/","url":"https:\/\/www.bellunopress.it\/wp-content\/uploads\/2011\/05\/cropped-logo-bellunopress-.jpg","contentUrl":"https:\/\/www.bellunopress.it\/wp-content\/uploads\/2011\/05\/cropped-logo-bellunopress-.jpg","width":512,"height":512,"caption":"Bellunopress"},"image":{"@id":"https:\/\/www.bellunopress.it\/#\/schema\/logo\/image\/"},"sameAs":["https:\/\/www.facebook.com\/profile.php?id=100008943462799","https:\/\/x.com\/bellunopress","https:\/\/www.linkedin.com\/hp\/?dnr=JBzUWaJfMUw8vbXJJ2tVW5-I3jZKvC4wsoxE&amp;amp;amp;amp;amp;amp;trk=nav_responsive_tab_home","https:\/\/www.youtube.com\/channel\/UCxL0wu1uN0_3_7hGG0306cw"]},{"@type":"Person","@id":"https:\/\/www.bellunopress.it\/#\/schema\/person\/79bb06722b37ece1c03d3e94beb30d73","name":"r\u00e9daction","image":{"@type":"ImageObject","inLanguage":"fr-FR","@id":"https:\/\/secure.gravatar.com\/avatar\/37d968a2e67a6fd04c169c4bdef102d0bc5d31b2546345219e348575eb80e9a0?s=96&d=mm&r=g","url":"https:\/\/secure.gravatar.com\/avatar\/37d968a2e67a6fd04c169c4bdef102d0bc5d31b2546345219e348575eb80e9a0?s=96&d=mm&r=g","contentUrl":"https:\/\/secure.gravatar.com\/avatar\/37d968a2e67a6fd04c169c4bdef102d0bc5d31b2546345219e348575eb80e9a0?s=96&d=mm&r=g","caption":"redazione"},"sameAs":["http:\/\/www.bellunopress.it","https:\/\/x.com\/bellunopress"],"url":"https:\/\/www.bellunopress.it\/fr\/author\/redazione\/"}]}},"_links":{"self":[{"href":"https:\/\/www.bellunopress.it\/fr\/wp-json\/wp\/v2\/posts\/4984","targetHints":{"allow":["GET"]}}],"collection":[{"href":"https:\/\/www.bellunopress.it\/fr\/wp-json\/wp\/v2\/posts"}],"about":[{"href":"https:\/\/www.bellunopress.it\/fr\/wp-json\/wp\/v2\/types\/post"}],"author":[{"embeddable":true,"href":"https:\/\/www.bellunopress.it\/fr\/wp-json\/wp\/v2\/users\/2"}],"replies":[{"embeddable":true,"href":"https:\/\/www.bellunopress.it\/fr\/wp-json\/wp\/v2\/comments?post=4984"}],"version-history":[{"count":1,"href":"https:\/\/www.bellunopress.it\/fr\/wp-json\/wp\/v2\/posts\/4984\/revisions"}],"predecessor-version":[{"id":4986,"href":"https:\/\/www.bellunopress.it\/fr\/wp-json\/wp\/v2\/posts\/4984\/revisions\/4986"}],"wp:attachment":[{"href":"https:\/\/www.bellunopress.it\/fr\/wp-json\/wp\/v2\/media?parent=4984"}],"wp:term":[{"taxonomy":"category","embeddable":true,"href":"https:\/\/www.bellunopress.it\/fr\/wp-json\/wp\/v2\/categories?post=4984"},{"taxonomy":"post_tag","embeddable":true,"href":"https:\/\/www.bellunopress.it\/fr\/wp-json\/wp\/v2\/tags?post=4984"}],"curies":[{"name":"wp","href":"https:\/\/api.w.org\/{rel}","templated":true}]}}