{"id":4977,"date":"2009-06-16T16:52:06","date_gmt":"2009-06-16T15:52:06","guid":{"rendered":"http:\/\/www.bellunopress.it\/?p=4977"},"modified":"2009-06-16T16:52:25","modified_gmt":"2009-06-16T15:52:25","slug":"contrari-a-cave-e-miniere-reolon-ribadisce-al-comitato-col-de-roro-la-posizione","status":"publish","type":"post","link":"https:\/\/www.bellunopress.it\/fr\/2009\/06\/16\/contrari-a-cave-e-miniere-reolon-ribadisce-al-comitato-col-de-roro-la-posizione\/","title":{"rendered":"&#8220;Contrari a cave e miniere&#8221;, Reolon ribadisce al Comitato Col de Roro la posizione"},"content":{"rendered":"<p>\u201cCon noi le cave e le miniere si chiudono. La nostra posizione rispetto allo sfruttamento del territorio \u00e8 sempre stata di netta contrariet\u00e0. Sono contento che ci sia l&#8217;opportunit\u00e0 di ribadirla oggi, su sollecitazione del Comitato Col de Roro\u201d. Sergio Reolon ricorda il coinvolgimento della Provincia di Belluno nella battaglia intrapresa dai cittadini del Basso Feltrino contro i progetti di escavazione delle miniere di Campo in comune di Alano di Piave e nella valle di Schievenin, in comune di Quero. \u201cIn Commissione Via (Valutazione impatto ambientale) ci siamo espressi contro i due progetti e continueremo su questa posizione. Perch\u00e9 per noi il territorio deve essere valorizzato nelle sue peculiarit\u00e0 a favore dei cittadini residenti e non sfruttato o, peggio, colonizzato per interessi esterni al Bellunese\u201d. Sergio Reolon ricorda infine l&#8217;atto della sua amministrazione relativo alla miniera di Scalon: \u201cIl 28 ottobre 2008 la mia giunta ha chiesto ufficialmente alla Regione Veneto di revocare la ditta Telve Rigo Srl la concessione per lo sfruttamento della miniera di Scalon, un sito dimostratosi pericoloso oltre che un vero e proprio scempio ambientale\u201d.<\/p>","protected":false},"excerpt":{"rendered":"<p>\u201cCon noi le cave e le miniere si chiudono. La nostra posizione rispetto allo sfruttamento del territorio \u00e8 sempre stata di netta contrariet\u00e0. Sono contento che ci sia l&#8217;opportunit\u00e0 di ribadirla oggi, su sollecitazione del Comitato Col de Roro\u201d. Sergio Reolon ricorda il coinvolgimento della Provincia di Belluno nella battaglia intrapresa dai cittadini del Basso [&hellip;]<\/p>\n","protected":false},"author":2,"featured_media":0,"comment_status":"closed","ping_status":"open","sticky":false,"template":"","format":"standard","meta":{"footnotes":""},"categories":[5],"tags":[139,2261],"class_list":["post-4977","post","type-post","status-publish","format-standard","category-cronaca","tag-belluno","tag-feltrino"],"yoast_head":"<!-- This site is optimized with the Yoast SEO plugin v28.4 - https:\/\/yoast.com\/product\/yoast-seo-wordpress\/ -->\n<title>&quot;Contrari a cave e miniere&quot;, Reolon ribadisce al Comitato Col de Roro la posizione - Bellunopress - Dolomiti<\/title>\n<meta name=\"robots\" content=\"index, follow, max-snippet:-1, max-image-preview:large, max-video-preview:-1\" \/>\n<link rel=\"canonical\" href=\"https:\/\/www.bellunopress.it\/fr\/2009\/06\/16\/contrari-a-cave-e-miniere-reolon-ribadisce-al-comitato-col-de-roro-la-posizione\/\" \/>\n<meta property=\"og:locale\" content=\"fr_FR\" \/>\n<meta property=\"og:type\" content=\"article\" \/>\n<meta property=\"og:title\" content=\"&quot;Contrari a cave e miniere&quot;, Reolon ribadisce al Comitato Col de Roro la posizione - Bellunopress - Dolomiti\" \/>\n<meta property=\"og:description\" content=\"\u201cCon noi le cave e le miniere si chiudono. La nostra posizione rispetto allo sfruttamento del territorio \u00e8 sempre stata di netta contrariet\u00e0. Sono contento che ci sia l&#8217;opportunit\u00e0 di ribadirla oggi, su sollecitazione del Comitato Col de Roro\u201d. Sergio Reolon ricorda il coinvolgimento della Provincia di Belluno nella battaglia intrapresa dai cittadini del Basso [&hellip;]\" \/>\n<meta property=\"og:url\" content=\"https:\/\/www.bellunopress.it\/fr\/2009\/06\/16\/contrari-a-cave-e-miniere-reolon-ribadisce-al-comitato-col-de-roro-la-posizione\/\" \/>\n<meta property=\"og:site_name\" content=\"Bellunopress - Dolomiti\" \/>\n<meta property=\"article:publisher\" content=\"https:\/\/www.facebook.com\/profile.php?id=100008943462799\" \/>\n<meta property=\"article:published_time\" content=\"2009-06-16T15:52:06+00:00\" \/>\n<meta property=\"article:modified_time\" content=\"2009-06-16T15:52:25+00:00\" \/>\n<meta property=\"og:image\" content=\"http:\/\/www.bellunopress.it\/wp-content\/uploads\/2012\/07\/logo-bellunopress-250x250-2012.jpg\" \/>\n<meta name=\"author\" content=\"redazione\" \/>\n<meta name=\"twitter:card\" content=\"summary_large_image\" \/>\n<meta name=\"twitter:creator\" content=\"@bellunopress\" \/>\n<meta name=\"twitter:site\" content=\"@bellunopress\" \/>\n<meta name=\"twitter:label1\" content=\"\u00c9crit par\" \/>\n\t<meta name=\"twitter:data1\" content=\"redazione\" \/>\n\t<meta name=\"twitter:label2\" content=\"Dur\u00e9e de lecture estim\u00e9e\" \/>\n\t<meta name=\"twitter:data2\" content=\"1 minute\" \/>\n<script type=\"application\/ld+json\" class=\"yoast-schema-graph\">{\"@context\":\"https:\\\/\\\/schema.org\",\"@graph\":[{\"@type\":\"Article\",\"@id\":\"https:\\\/\\\/www.bellunopress.it\\\/2009\\\/06\\\/16\\\/contrari-a-cave-e-miniere-reolon-ribadisce-al-comitato-col-de-roro-la-posizione\\\/#article\",\"isPartOf\":{\"@id\":\"https:\\\/\\\/www.bellunopress.it\\\/2009\\\/06\\\/16\\\/contrari-a-cave-e-miniere-reolon-ribadisce-al-comitato-col-de-roro-la-posizione\\\/\"},\"author\":{\"name\":\"redazione\",\"@id\":\"https:\\\/\\\/www.bellunopress.it\\\/#\\\/schema\\\/person\\\/79bb06722b37ece1c03d3e94beb30d73\"},\"headline\":\"&#8220;Contrari a cave e miniere&#8221;, Reolon ribadisce al Comitato Col de Roro la posizione\",\"datePublished\":\"2009-06-16T15:52:06+00:00\",\"dateModified\":\"2009-06-16T15:52:25+00:00\",\"mainEntityOfPage\":{\"@id\":\"https:\\\/\\\/www.bellunopress.it\\\/2009\\\/06\\\/16\\\/contrari-a-cave-e-miniere-reolon-ribadisce-al-comitato-col-de-roro-la-posizione\\\/\"},\"wordCount\":192,\"publisher\":{\"@id\":\"https:\\\/\\\/www.bellunopress.it\\\/#organization\"},\"keywords\":[\"Belluno\",\"feltrino\"],\"articleSection\":[\"Cronaca\\\/Politica\"],\"inLanguage\":\"fr-FR\"},{\"@type\":\"WebPage\",\"@id\":\"https:\\\/\\\/www.bellunopress.it\\\/2009\\\/06\\\/16\\\/contrari-a-cave-e-miniere-reolon-ribadisce-al-comitato-col-de-roro-la-posizione\\\/\",\"url\":\"https:\\\/\\\/www.bellunopress.it\\\/2009\\\/06\\\/16\\\/contrari-a-cave-e-miniere-reolon-ribadisce-al-comitato-col-de-roro-la-posizione\\\/\",\"name\":\"\\\"Contrari a cave e miniere\\\", Reolon ribadisce al Comitato Col de Roro la posizione - Bellunopress - Dolomiti\",\"isPartOf\":{\"@id\":\"https:\\\/\\\/www.bellunopress.it\\\/#website\"},\"datePublished\":\"2009-06-16T15:52:06+00:00\",\"dateModified\":\"2009-06-16T15:52:25+00:00\",\"breadcrumb\":{\"@id\":\"https:\\\/\\\/www.bellunopress.it\\\/2009\\\/06\\\/16\\\/contrari-a-cave-e-miniere-reolon-ribadisce-al-comitato-col-de-roro-la-posizione\\\/#breadcrumb\"},\"inLanguage\":\"fr-FR\",\"potentialAction\":[{\"@type\":\"ReadAction\",\"target\":[\"https:\\\/\\\/www.bellunopress.it\\\/2009\\\/06\\\/16\\\/contrari-a-cave-e-miniere-reolon-ribadisce-al-comitato-col-de-roro-la-posizione\\\/\"]}]},{\"@type\":\"BreadcrumbList\",\"@id\":\"https:\\\/\\\/www.bellunopress.it\\\/2009\\\/06\\\/16\\\/contrari-a-cave-e-miniere-reolon-ribadisce-al-comitato-col-de-roro-la-posizione\\\/#breadcrumb\",\"itemListElement\":[{\"@type\":\"ListItem\",\"position\":1,\"name\":\"Home\",\"item\":\"https:\\\/\\\/www.bellunopress.it\\\/\"},{\"@type\":\"ListItem\",\"position\":2,\"name\":\"&#8220;Contrari a cave e miniere&#8221;, Reolon ribadisce al Comitato Col de Roro la posizione\"}]},{\"@type\":\"WebSite\",\"@id\":\"https:\\\/\\\/www.bellunopress.it\\\/#website\",\"url\":\"https:\\\/\\\/www.bellunopress.it\\\/\",\"name\":\"Bellunopress - Dolomiti\",\"description\":\"e-mail: redazione@bellunopress.it\",\"publisher\":{\"@id\":\"https:\\\/\\\/www.bellunopress.it\\\/#organization\"},\"potentialAction\":[{\"@type\":\"SearchAction\",\"target\":{\"@type\":\"EntryPoint\",\"urlTemplate\":\"https:\\\/\\\/www.bellunopress.it\\\/?s={search_term_string}\"},\"query-input\":{\"@type\":\"PropertyValueSpecification\",\"valueRequired\":true,\"valueName\":\"search_term_string\"}}],\"inLanguage\":\"fr-FR\"},{\"@type\":\"Organization\",\"@id\":\"https:\\\/\\\/www.bellunopress.it\\\/#organization\",\"name\":\"Bellunopress\",\"url\":\"https:\\\/\\\/www.bellunopress.it\\\/\",\"logo\":{\"@type\":\"ImageObject\",\"inLanguage\":\"fr-FR\",\"@id\":\"https:\\\/\\\/www.bellunopress.it\\\/#\\\/schema\\\/logo\\\/image\\\/\",\"url\":\"https:\\\/\\\/www.bellunopress.it\\\/wp-content\\\/uploads\\\/2011\\\/05\\\/cropped-logo-bellunopress-.jpg\",\"contentUrl\":\"https:\\\/\\\/www.bellunopress.it\\\/wp-content\\\/uploads\\\/2011\\\/05\\\/cropped-logo-bellunopress-.jpg\",\"width\":512,\"height\":512,\"caption\":\"Bellunopress\"},\"image\":{\"@id\":\"https:\\\/\\\/www.bellunopress.it\\\/#\\\/schema\\\/logo\\\/image\\\/\"},\"sameAs\":[\"https:\\\/\\\/www.facebook.com\\\/profile.php?id=100008943462799\",\"https:\\\/\\\/x.com\\\/bellunopress\",\"https:\\\/\\\/www.linkedin.com\\\/hp\\\/?dnr=JBzUWaJfMUw8vbXJJ2tVW5-I3jZKvC4wsoxE&amp;amp;amp;amp;amp;amp;trk=nav_responsive_tab_home\",\"https:\\\/\\\/www.youtube.com\\\/channel\\\/UCxL0wu1uN0_3_7hGG0306cw\"]},{\"@type\":\"Person\",\"@id\":\"https:\\\/\\\/www.bellunopress.it\\\/#\\\/schema\\\/person\\\/79bb06722b37ece1c03d3e94beb30d73\",\"name\":\"redazione\",\"image\":{\"@type\":\"ImageObject\",\"inLanguage\":\"fr-FR\",\"@id\":\"https:\\\/\\\/secure.gravatar.com\\\/avatar\\\/37d968a2e67a6fd04c169c4bdef102d0bc5d31b2546345219e348575eb80e9a0?s=96&d=mm&r=g\",\"url\":\"https:\\\/\\\/secure.gravatar.com\\\/avatar\\\/37d968a2e67a6fd04c169c4bdef102d0bc5d31b2546345219e348575eb80e9a0?s=96&d=mm&r=g\",\"contentUrl\":\"https:\\\/\\\/secure.gravatar.com\\\/avatar\\\/37d968a2e67a6fd04c169c4bdef102d0bc5d31b2546345219e348575eb80e9a0?s=96&d=mm&r=g\",\"caption\":\"redazione\"},\"sameAs\":[\"http:\\\/\\\/www.bellunopress.it\",\"https:\\\/\\\/x.com\\\/bellunopress\"],\"url\":\"https:\\\/\\\/www.bellunopress.it\\\/fr\\\/author\\\/redazione\\\/\"}]}<\/script>\n<!-- \/ Yoast SEO plugin. -->","yoast_head_json":{"title":"\"Contrari a cave e miniere\", Reolon ribadisce al Comitato Col de Roro la posizione - Bellunopress - Dolomiti","robots":{"index":"index","follow":"follow","max-snippet":"max-snippet:-1","max-image-preview":"max-image-preview:large","max-video-preview":"max-video-preview:-1"},"canonical":"https:\/\/www.bellunopress.it\/fr\/2009\/06\/16\/contrari-a-cave-e-miniere-reolon-ribadisce-al-comitato-col-de-roro-la-posizione\/","og_locale":"fr_FR","og_type":"article","og_title":"\"Contrari a cave e miniere\", Reolon ribadisce al Comitato Col de Roro la posizione - Bellunopress - Dolomiti","og_description":"\u201cCon noi le cave e le miniere si chiudono. La nostra posizione rispetto allo sfruttamento del territorio \u00e8 sempre stata di netta contrariet\u00e0. Sono contento che ci sia l&#8217;opportunit\u00e0 di ribadirla oggi, su sollecitazione del Comitato Col de Roro\u201d. Sergio Reolon ricorda il coinvolgimento della Provincia di Belluno nella battaglia intrapresa dai cittadini del Basso [&hellip;]","og_url":"https:\/\/www.bellunopress.it\/fr\/2009\/06\/16\/contrari-a-cave-e-miniere-reolon-ribadisce-al-comitato-col-de-roro-la-posizione\/","og_site_name":"Bellunopress - Dolomiti","article_publisher":"https:\/\/www.facebook.com\/profile.php?id=100008943462799","article_published_time":"2009-06-16T15:52:06+00:00","article_modified_time":"2009-06-16T15:52:25+00:00","og_image":[{"url":"http:\/\/www.bellunopress.it\/wp-content\/uploads\/2012\/07\/logo-bellunopress-250x250-2012.jpg","type":"","width":"","height":""}],"author":"redazione","twitter_card":"summary_large_image","twitter_creator":"@bellunopress","twitter_site":"@bellunopress","twitter_misc":{"\u00c9crit par":"redazione","Dur\u00e9e de lecture estim\u00e9e":"1 minute"},"schema":{"@context":"https:\/\/schema.org","@graph":[{"@type":"Article","@id":"https:\/\/www.bellunopress.it\/2009\/06\/16\/contrari-a-cave-e-miniere-reolon-ribadisce-al-comitato-col-de-roro-la-posizione\/#article","isPartOf":{"@id":"https:\/\/www.bellunopress.it\/2009\/06\/16\/contrari-a-cave-e-miniere-reolon-ribadisce-al-comitato-col-de-roro-la-posizione\/"},"author":{"name":"redazione","@id":"https:\/\/www.bellunopress.it\/#\/schema\/person\/79bb06722b37ece1c03d3e94beb30d73"},"headline":"&#8220;Contrari a cave e miniere&#8221;, Reolon ribadisce al Comitato Col de Roro la posizione","datePublished":"2009-06-16T15:52:06+00:00","dateModified":"2009-06-16T15:52:25+00:00","mainEntityOfPage":{"@id":"https:\/\/www.bellunopress.it\/2009\/06\/16\/contrari-a-cave-e-miniere-reolon-ribadisce-al-comitato-col-de-roro-la-posizione\/"},"wordCount":192,"publisher":{"@id":"https:\/\/www.bellunopress.it\/#organization"},"keywords":["Belluno","feltrino"],"articleSection":["Cronaca\/Politica"],"inLanguage":"fr-FR"},{"@type":"WebPage","@id":"https:\/\/www.bellunopress.it\/2009\/06\/16\/contrari-a-cave-e-miniere-reolon-ribadisce-al-comitato-col-de-roro-la-posizione\/","url":"https:\/\/www.bellunopress.it\/2009\/06\/16\/contrari-a-cave-e-miniere-reolon-ribadisce-al-comitato-col-de-roro-la-posizione\/","name":"\"Contrari a cave e miniere\", Reolon ribadisce al Comitato Col de Roro la posizione - Bellunopress - Dolomiti","isPartOf":{"@id":"https:\/\/www.bellunopress.it\/#website"},"datePublished":"2009-06-16T15:52:06+00:00","dateModified":"2009-06-16T15:52:25+00:00","breadcrumb":{"@id":"https:\/\/www.bellunopress.it\/2009\/06\/16\/contrari-a-cave-e-miniere-reolon-ribadisce-al-comitato-col-de-roro-la-posizione\/#breadcrumb"},"inLanguage":"fr-FR","potentialAction":[{"@type":"ReadAction","target":["https:\/\/www.bellunopress.it\/2009\/06\/16\/contrari-a-cave-e-miniere-reolon-ribadisce-al-comitato-col-de-roro-la-posizione\/"]}]},{"@type":"BreadcrumbList","@id":"https:\/\/www.bellunopress.it\/2009\/06\/16\/contrari-a-cave-e-miniere-reolon-ribadisce-al-comitato-col-de-roro-la-posizione\/#breadcrumb","itemListElement":[{"@type":"ListItem","position":1,"name":"Home","item":"https:\/\/www.bellunopress.it\/"},{"@type":"ListItem","position":2,"name":"&#8220;Contrari a cave e miniere&#8221;, Reolon ribadisce al Comitato Col de Roro la posizione"}]},{"@type":"WebSite","@id":"https:\/\/www.bellunopress.it\/#website","url":"https:\/\/www.bellunopress.it\/","name":"Bellunopress - Dolomiti","description":"e-mail: redazione@bellunopress.it","publisher":{"@id":"https:\/\/www.bellunopress.it\/#organization"},"potentialAction":[{"@type":"SearchAction","target":{"@type":"EntryPoint","urlTemplate":"https:\/\/www.bellunopress.it\/?s={search_term_string}"},"query-input":{"@type":"PropertyValueSpecification","valueRequired":true,"valueName":"search_term_string"}}],"inLanguage":"fr-FR"},{"@type":"Organization","@id":"https:\/\/www.bellunopress.it\/#organization","name":"Bellunopress","url":"https:\/\/www.bellunopress.it\/","logo":{"@type":"ImageObject","inLanguage":"fr-FR","@id":"https:\/\/www.bellunopress.it\/#\/schema\/logo\/image\/","url":"https:\/\/www.bellunopress.it\/wp-content\/uploads\/2011\/05\/cropped-logo-bellunopress-.jpg","contentUrl":"https:\/\/www.bellunopress.it\/wp-content\/uploads\/2011\/05\/cropped-logo-bellunopress-.jpg","width":512,"height":512,"caption":"Bellunopress"},"image":{"@id":"https:\/\/www.bellunopress.it\/#\/schema\/logo\/image\/"},"sameAs":["https:\/\/www.facebook.com\/profile.php?id=100008943462799","https:\/\/x.com\/bellunopress","https:\/\/www.linkedin.com\/hp\/?dnr=JBzUWaJfMUw8vbXJJ2tVW5-I3jZKvC4wsoxE&amp;amp;amp;amp;amp;amp;trk=nav_responsive_tab_home","https:\/\/www.youtube.com\/channel\/UCxL0wu1uN0_3_7hGG0306cw"]},{"@type":"Person","@id":"https:\/\/www.bellunopress.it\/#\/schema\/person\/79bb06722b37ece1c03d3e94beb30d73","name":"r\u00e9daction","image":{"@type":"ImageObject","inLanguage":"fr-FR","@id":"https:\/\/secure.gravatar.com\/avatar\/37d968a2e67a6fd04c169c4bdef102d0bc5d31b2546345219e348575eb80e9a0?s=96&d=mm&r=g","url":"https:\/\/secure.gravatar.com\/avatar\/37d968a2e67a6fd04c169c4bdef102d0bc5d31b2546345219e348575eb80e9a0?s=96&d=mm&r=g","contentUrl":"https:\/\/secure.gravatar.com\/avatar\/37d968a2e67a6fd04c169c4bdef102d0bc5d31b2546345219e348575eb80e9a0?s=96&d=mm&r=g","caption":"redazione"},"sameAs":["http:\/\/www.bellunopress.it","https:\/\/x.com\/bellunopress"],"url":"https:\/\/www.bellunopress.it\/fr\/author\/redazione\/"}]}},"_links":{"self":[{"href":"https:\/\/www.bellunopress.it\/fr\/wp-json\/wp\/v2\/posts\/4977","targetHints":{"allow":["GET"]}}],"collection":[{"href":"https:\/\/www.bellunopress.it\/fr\/wp-json\/wp\/v2\/posts"}],"about":[{"href":"https:\/\/www.bellunopress.it\/fr\/wp-json\/wp\/v2\/types\/post"}],"author":[{"embeddable":true,"href":"https:\/\/www.bellunopress.it\/fr\/wp-json\/wp\/v2\/users\/2"}],"replies":[{"embeddable":true,"href":"https:\/\/www.bellunopress.it\/fr\/wp-json\/wp\/v2\/comments?post=4977"}],"version-history":[{"count":2,"href":"https:\/\/www.bellunopress.it\/fr\/wp-json\/wp\/v2\/posts\/4977\/revisions"}],"predecessor-version":[{"id":4979,"href":"https:\/\/www.bellunopress.it\/fr\/wp-json\/wp\/v2\/posts\/4977\/revisions\/4979"}],"wp:attachment":[{"href":"https:\/\/www.bellunopress.it\/fr\/wp-json\/wp\/v2\/media?parent=4977"}],"wp:term":[{"taxonomy":"category","embeddable":true,"href":"https:\/\/www.bellunopress.it\/fr\/wp-json\/wp\/v2\/categories?post=4977"},{"taxonomy":"post_tag","embeddable":true,"href":"https:\/\/www.bellunopress.it\/fr\/wp-json\/wp\/v2\/tags?post=4977"}],"curies":[{"name":"wp","href":"https:\/\/api.w.org\/{rel}","templated":true}]}}