{"id":4975,"date":"2009-06-16T16:30:56","date_gmt":"2009-06-16T15:30:56","guid":{"rendered":"http:\/\/www.bellunopress.it\/?p=4975"},"modified":"2009-06-16T16:30:56","modified_gmt":"2009-06-16T15:30:56","slug":"un-milione-e-mezzo-dalla-regione-per-la-sicurezza-dell%e2%80%99iti-segato","status":"publish","type":"post","link":"https:\/\/www.bellunopress.it\/fr\/2009\/06\/16\/un-milione-e-mezzo-dalla-regione-per-la-sicurezza-dell%e2%80%99iti-segato\/","title":{"rendered":"Un milione e mezzo dalla Regione per la sicurezza dell\u2019Iti Segato"},"content":{"rendered":"<p><a href=\"http:\/\/www.bellunopress.it\/wp-content\/uploads\/2009\/04\/istituto-tecnico-segato-001.jpg\"><img loading=\"lazy\" decoding=\"async\" class=\"alignleft size-medium wp-image-2645\" title=\"istituto-tecnico-segato-001\" src=\"http:\/\/www.bellunopress.it\/wp-content\/uploads\/2009\/04\/istituto-tecnico-segato-001.jpg\" alt=\"\" width=\"241\" height=\"181\" \/><\/a>Con l\u2019assegnazione del contributo di oltre un milione e mezzo di euro la Giunta regionale del Veneto ha approvato un provvedimento, riferito al biennio 2009 \u2013 2010, per eseguire i lavori di adeguamento alle normative di prevenzione incendi e antinfortunistica nell\u2019istituto tecnico industriale \u201cSegato\u201d di Belluno.\u00a0 \u00abIl tema della sicurezza degli edifici scolastici\u00a0 \u2013 spiega l\u2019assessore veneto Oscar De Bona &#8211; costituisce una delle priorit\u00e0 di questa giunta regionale. Cos\u00ec il collega assessore ai Lavori pubblici, Massimo Giorgetti, ha proposto alla giunta \u2013 che ha dato il parere favorevole &#8211; di\u00a0 destinare contributi alle Province del Veneto da investire nelle strutture scolastiche di loro competenza. Per quanto riguarda Belluno negli anni 2007 e 2008 erano stati assegnati 751.131,38 euro. Mentre per il biennio successivo\u00a0 il contributo, riferito all\u2019Iti Segato, aumenta esattamente a 1.521.821,84 euro\u00bb.<br \/>\n<strong>S\u00ec alla variante parziale al Prg di Cortina<\/strong><br \/>\nL\u2019assessore Oscar De Bona riferisce con soddisfazione che la Giunta regionale, su relazione dell\u2019assessore alle politiche del Territorio, Renzo Marangon, ha approvato con modifiche d\u2019ufficio la variante al Piano regolatore generale di Cortina d\u2019Ampezzo.\u00a0 \u00abSia la valutazione tecnica e sia il parere del Comitato regionale \u2013 illustra De Bona \u2013 concordano nel dare il proprio consenso alla realizzazione della variante, dato che il Comune ha scelto di creare un mercato delle abitazioni parallelo a quello privato che ormai \u00e8 caratterizzato da prezzi alti, tali da rendere impossibile l\u2019acquisto di abitazioni da parte di una larghissima fascia di popolazione locale. Il Comune, a partire gi\u00e0 dagli anni \u201980, ha individuato una serie di terreni di sua propriet\u00e0 o della Regola da mettere a disposizione delle famiglie locali per l\u2019edificazione in diritto di superficie\u00bb.<br \/>\nPotr\u00e0 essere inoltre realizzato dal Comune un certo numero di alloggi da assegnare in affitto sulla base del calcolo dei fabbisogni abitativi. L\u2019edilizia residenziale pubblica dovr\u00e0 essere rivolta ai nuclei familiari meno abbienti, agli anziani e nelle altre situazioni evidenziate nei bandi di assegnazione.<br \/>\nL\u2019iniziativa, come si evince dalla\u00a0 relazione del Comitato regionale, si avvale anche del fatto che negli ultimi tempi \u00e8 in atto una\u00a0 inversione di tendenza del trend demografico dopo 25 anni di andamento negativo. Ci\u00f2 \u00e8 da attribuire alla una nuova politica abitativa a livello comunale, che con la realizzazione d\u2019edilizia residenziale pubblica e mettendo a disposizione terreni per l\u2019edificazione in diritto di superficie, ha consentito alla popolazione locale di trovare nuovi spazi abitativi.<br \/>\n<strong>Cinquemila euro all\u2019Ana Comelico<\/strong><br \/>\nL\u2019assessore De Bona comunica che il governo del Veneto, su iniziativa dell\u2019assessore Elena Donazzan,\u00a0 si \u00e8 dichiarato favorevole alla richiesta della squadra di Protezione civile degli alpini della zona Comelico di ottenere\u00a0 un contributo straordinario per la realizzazione di una maglia radio dato che spesso si verificano in montagna situazioni\u00a0 di emergenza. \u00abNe sono di esempio \u2013 ha commentato De Bona &#8211; le eccezionali nevicate dell\u2019inverno scorso che hanno evidenziato la fragilit\u00e0 dei collegamenti in area montana, sia per quanto riguarda la viabilit\u00e0 e sia per quanto attiene agli aspetti legati alle telecomunicazioni. La Giunta pertanto ha destinato a questo organismo la somma di 5 mila euro\u00bb<\/p>","protected":false},"excerpt":{"rendered":"<p>Con l\u2019assegnazione del contributo di oltre un milione e mezzo di euro la Giunta regionale del Veneto ha approvato un provvedimento, riferito al biennio 2009 \u2013 2010, per eseguire i lavori di adeguamento alle normative di prevenzione incendi e antinfortunistica nell\u2019istituto tecnico industriale \u201cSegato\u201d di Belluno.\u00a0 \u00abIl tema della sicurezza degli edifici scolastici\u00a0 \u2013 spiega [&hellip;]<\/p>\n","protected":false},"author":2,"featured_media":0,"comment_status":"closed","ping_status":"open","sticky":false,"template":"","format":"standard","meta":{"footnotes":""},"categories":[5],"tags":[139],"class_list":["post-4975","post","type-post","status-publish","format-standard","category-cronaca","tag-belluno"],"yoast_head":"<!-- This site is optimized with the Yoast SEO plugin v28.4 - https:\/\/yoast.com\/product\/yoast-seo-wordpress\/ -->\n<title>Un milione e mezzo dalla Regione per la sicurezza dell\u2019Iti Segato - Bellunopress - Dolomiti<\/title>\n<meta name=\"robots\" content=\"index, follow, max-snippet:-1, max-image-preview:large, max-video-preview:-1\" \/>\n<link rel=\"canonical\" href=\"https:\/\/www.bellunopress.it\/fr\/2009\/06\/16\/un-milione-e-mezzo-dalla-regione-per-la-sicurezza-dell\u2019iti-segato\/\" \/>\n<meta property=\"og:locale\" content=\"fr_FR\" \/>\n<meta property=\"og:type\" content=\"article\" \/>\n<meta property=\"og:title\" content=\"Un milione e mezzo dalla Regione per la sicurezza dell\u2019Iti Segato - Bellunopress - Dolomiti\" \/>\n<meta property=\"og:description\" content=\"Con l\u2019assegnazione del contributo di oltre un milione e mezzo di euro la Giunta regionale del Veneto ha approvato un provvedimento, riferito al biennio 2009 \u2013 2010, per eseguire i lavori di adeguamento alle normative di prevenzione incendi e antinfortunistica nell\u2019istituto tecnico industriale \u201cSegato\u201d di Belluno.\u00a0 \u00abIl tema della sicurezza degli edifici scolastici\u00a0 \u2013 spiega [&hellip;]\" \/>\n<meta property=\"og:url\" content=\"https:\/\/www.bellunopress.it\/fr\/2009\/06\/16\/un-milione-e-mezzo-dalla-regione-per-la-sicurezza-dell\u2019iti-segato\/\" \/>\n<meta property=\"og:site_name\" content=\"Bellunopress - Dolomiti\" \/>\n<meta property=\"article:publisher\" content=\"https:\/\/www.facebook.com\/profile.php?id=100008943462799\" \/>\n<meta property=\"article:published_time\" content=\"2009-06-16T15:30:56+00:00\" \/>\n<meta property=\"og:image\" content=\"http:\/\/www.bellunopress.it\/wp-content\/uploads\/2009\/04\/istituto-tecnico-segato-001.jpg\" \/>\n<meta name=\"author\" content=\"redazione\" \/>\n<meta name=\"twitter:card\" content=\"summary_large_image\" \/>\n<meta name=\"twitter:creator\" content=\"@bellunopress\" \/>\n<meta name=\"twitter:site\" content=\"@bellunopress\" \/>\n<meta name=\"twitter:label1\" content=\"\u00c9crit par\" \/>\n\t<meta name=\"twitter:data1\" content=\"redazione\" \/>\n\t<meta name=\"twitter:label2\" content=\"Dur\u00e9e de lecture estim\u00e9e\" \/>\n\t<meta name=\"twitter:data2\" content=\"3 minutes\" \/>\n<script type=\"application\/ld+json\" class=\"yoast-schema-graph\">{\"@context\":\"https:\\\/\\\/schema.org\",\"@graph\":[{\"@type\":\"Article\",\"@id\":\"https:\\\/\\\/www.bellunopress.it\\\/2009\\\/06\\\/16\\\/un-milione-e-mezzo-dalla-regione-per-la-sicurezza-dell%e2%80%99iti-segato\\\/#article\",\"isPartOf\":{\"@id\":\"https:\\\/\\\/www.bellunopress.it\\\/2009\\\/06\\\/16\\\/un-milione-e-mezzo-dalla-regione-per-la-sicurezza-dell%e2%80%99iti-segato\\\/\"},\"author\":{\"name\":\"redazione\",\"@id\":\"https:\\\/\\\/www.bellunopress.it\\\/#\\\/schema\\\/person\\\/79bb06722b37ece1c03d3e94beb30d73\"},\"headline\":\"Un milione e mezzo dalla Regione per la sicurezza dell\u2019Iti Segato\",\"datePublished\":\"2009-06-16T15:30:56+00:00\",\"mainEntityOfPage\":{\"@id\":\"https:\\\/\\\/www.bellunopress.it\\\/2009\\\/06\\\/16\\\/un-milione-e-mezzo-dalla-regione-per-la-sicurezza-dell%e2%80%99iti-segato\\\/\"},\"wordCount\":514,\"publisher\":{\"@id\":\"https:\\\/\\\/www.bellunopress.it\\\/#organization\"},\"image\":{\"@id\":\"https:\\\/\\\/www.bellunopress.it\\\/2009\\\/06\\\/16\\\/un-milione-e-mezzo-dalla-regione-per-la-sicurezza-dell%e2%80%99iti-segato\\\/#primaryimage\"},\"thumbnailUrl\":\"http:\\\/\\\/www.bellunopress.it\\\/wp-content\\\/uploads\\\/2009\\\/04\\\/istituto-tecnico-segato-001.jpg\",\"keywords\":[\"Belluno\"],\"articleSection\":[\"Cronaca\\\/Politica\"],\"inLanguage\":\"fr-FR\"},{\"@type\":\"WebPage\",\"@id\":\"https:\\\/\\\/www.bellunopress.it\\\/2009\\\/06\\\/16\\\/un-milione-e-mezzo-dalla-regione-per-la-sicurezza-dell%e2%80%99iti-segato\\\/\",\"url\":\"https:\\\/\\\/www.bellunopress.it\\\/2009\\\/06\\\/16\\\/un-milione-e-mezzo-dalla-regione-per-la-sicurezza-dell%e2%80%99iti-segato\\\/\",\"name\":\"Un milione e mezzo dalla Regione per la sicurezza dell\u2019Iti Segato - Bellunopress - Dolomiti\",\"isPartOf\":{\"@id\":\"https:\\\/\\\/www.bellunopress.it\\\/#website\"},\"primaryImageOfPage\":{\"@id\":\"https:\\\/\\\/www.bellunopress.it\\\/2009\\\/06\\\/16\\\/un-milione-e-mezzo-dalla-regione-per-la-sicurezza-dell%e2%80%99iti-segato\\\/#primaryimage\"},\"image\":{\"@id\":\"https:\\\/\\\/www.bellunopress.it\\\/2009\\\/06\\\/16\\\/un-milione-e-mezzo-dalla-regione-per-la-sicurezza-dell%e2%80%99iti-segato\\\/#primaryimage\"},\"thumbnailUrl\":\"http:\\\/\\\/www.bellunopress.it\\\/wp-content\\\/uploads\\\/2009\\\/04\\\/istituto-tecnico-segato-001.jpg\",\"datePublished\":\"2009-06-16T15:30:56+00:00\",\"breadcrumb\":{\"@id\":\"https:\\\/\\\/www.bellunopress.it\\\/2009\\\/06\\\/16\\\/un-milione-e-mezzo-dalla-regione-per-la-sicurezza-dell%e2%80%99iti-segato\\\/#breadcrumb\"},\"inLanguage\":\"fr-FR\",\"potentialAction\":[{\"@type\":\"ReadAction\",\"target\":[\"https:\\\/\\\/www.bellunopress.it\\\/2009\\\/06\\\/16\\\/un-milione-e-mezzo-dalla-regione-per-la-sicurezza-dell%e2%80%99iti-segato\\\/\"]}]},{\"@type\":\"ImageObject\",\"inLanguage\":\"fr-FR\",\"@id\":\"https:\\\/\\\/www.bellunopress.it\\\/2009\\\/06\\\/16\\\/un-milione-e-mezzo-dalla-regione-per-la-sicurezza-dell%e2%80%99iti-segato\\\/#primaryimage\",\"url\":\"http:\\\/\\\/www.bellunopress.it\\\/wp-content\\\/uploads\\\/2009\\\/04\\\/istituto-tecnico-segato-001.jpg\",\"contentUrl\":\"http:\\\/\\\/www.bellunopress.it\\\/wp-content\\\/uploads\\\/2009\\\/04\\\/istituto-tecnico-segato-001.jpg\"},{\"@type\":\"BreadcrumbList\",\"@id\":\"https:\\\/\\\/www.bellunopress.it\\\/2009\\\/06\\\/16\\\/un-milione-e-mezzo-dalla-regione-per-la-sicurezza-dell%e2%80%99iti-segato\\\/#breadcrumb\",\"itemListElement\":[{\"@type\":\"ListItem\",\"position\":1,\"name\":\"Home\",\"item\":\"https:\\\/\\\/www.bellunopress.it\\\/\"},{\"@type\":\"ListItem\",\"position\":2,\"name\":\"Un milione e mezzo dalla Regione per la sicurezza dell\u2019Iti Segato\"}]},{\"@type\":\"WebSite\",\"@id\":\"https:\\\/\\\/www.bellunopress.it\\\/#website\",\"url\":\"https:\\\/\\\/www.bellunopress.it\\\/\",\"name\":\"Bellunopress - Dolomiti\",\"description\":\"e-mail: redazione@bellunopress.it\",\"publisher\":{\"@id\":\"https:\\\/\\\/www.bellunopress.it\\\/#organization\"},\"potentialAction\":[{\"@type\":\"SearchAction\",\"target\":{\"@type\":\"EntryPoint\",\"urlTemplate\":\"https:\\\/\\\/www.bellunopress.it\\\/?s={search_term_string}\"},\"query-input\":{\"@type\":\"PropertyValueSpecification\",\"valueRequired\":true,\"valueName\":\"search_term_string\"}}],\"inLanguage\":\"fr-FR\"},{\"@type\":\"Organization\",\"@id\":\"https:\\\/\\\/www.bellunopress.it\\\/#organization\",\"name\":\"Bellunopress\",\"url\":\"https:\\\/\\\/www.bellunopress.it\\\/\",\"logo\":{\"@type\":\"ImageObject\",\"inLanguage\":\"fr-FR\",\"@id\":\"https:\\\/\\\/www.bellunopress.it\\\/#\\\/schema\\\/logo\\\/image\\\/\",\"url\":\"https:\\\/\\\/www.bellunopress.it\\\/wp-content\\\/uploads\\\/2011\\\/05\\\/cropped-logo-bellunopress-.jpg\",\"contentUrl\":\"https:\\\/\\\/www.bellunopress.it\\\/wp-content\\\/uploads\\\/2011\\\/05\\\/cropped-logo-bellunopress-.jpg\",\"width\":512,\"height\":512,\"caption\":\"Bellunopress\"},\"image\":{\"@id\":\"https:\\\/\\\/www.bellunopress.it\\\/#\\\/schema\\\/logo\\\/image\\\/\"},\"sameAs\":[\"https:\\\/\\\/www.facebook.com\\\/profile.php?id=100008943462799\",\"https:\\\/\\\/x.com\\\/bellunopress\",\"https:\\\/\\\/www.linkedin.com\\\/hp\\\/?dnr=JBzUWaJfMUw8vbXJJ2tVW5-I3jZKvC4wsoxE&amp;amp;amp;amp;amp;amp;trk=nav_responsive_tab_home\",\"https:\\\/\\\/www.youtube.com\\\/channel\\\/UCxL0wu1uN0_3_7hGG0306cw\"]},{\"@type\":\"Person\",\"@id\":\"https:\\\/\\\/www.bellunopress.it\\\/#\\\/schema\\\/person\\\/79bb06722b37ece1c03d3e94beb30d73\",\"name\":\"redazione\",\"image\":{\"@type\":\"ImageObject\",\"inLanguage\":\"fr-FR\",\"@id\":\"https:\\\/\\\/secure.gravatar.com\\\/avatar\\\/37d968a2e67a6fd04c169c4bdef102d0bc5d31b2546345219e348575eb80e9a0?s=96&d=mm&r=g\",\"url\":\"https:\\\/\\\/secure.gravatar.com\\\/avatar\\\/37d968a2e67a6fd04c169c4bdef102d0bc5d31b2546345219e348575eb80e9a0?s=96&d=mm&r=g\",\"contentUrl\":\"https:\\\/\\\/secure.gravatar.com\\\/avatar\\\/37d968a2e67a6fd04c169c4bdef102d0bc5d31b2546345219e348575eb80e9a0?s=96&d=mm&r=g\",\"caption\":\"redazione\"},\"sameAs\":[\"http:\\\/\\\/www.bellunopress.it\",\"https:\\\/\\\/x.com\\\/bellunopress\"],\"url\":\"https:\\\/\\\/www.bellunopress.it\\\/fr\\\/author\\\/redazione\\\/\"}]}<\/script>\n<!-- \/ Yoast SEO plugin. -->","yoast_head_json":{"title":"Un milione e mezzo dalla Regione per la sicurezza dell\u2019Iti Segato - Bellunopress - Dolomiti","robots":{"index":"index","follow":"follow","max-snippet":"max-snippet:-1","max-image-preview":"max-image-preview:large","max-video-preview":"max-video-preview:-1"},"canonical":"https:\/\/www.bellunopress.it\/fr\/2009\/06\/16\/un-milione-e-mezzo-dalla-regione-per-la-sicurezza-dell\u2019iti-segato\/","og_locale":"fr_FR","og_type":"article","og_title":"Un milione e mezzo dalla Regione per la sicurezza dell\u2019Iti Segato - Bellunopress - Dolomiti","og_description":"Con l\u2019assegnazione del contributo di oltre un milione e mezzo di euro la Giunta regionale del Veneto ha approvato un provvedimento, riferito al biennio 2009 \u2013 2010, per eseguire i lavori di adeguamento alle normative di prevenzione incendi e antinfortunistica nell\u2019istituto tecnico industriale \u201cSegato\u201d di Belluno.\u00a0 \u00abIl tema della sicurezza degli edifici scolastici\u00a0 \u2013 spiega [&hellip;]","og_url":"https:\/\/www.bellunopress.it\/fr\/2009\/06\/16\/un-milione-e-mezzo-dalla-regione-per-la-sicurezza-dell\u2019iti-segato\/","og_site_name":"Bellunopress - Dolomiti","article_publisher":"https:\/\/www.facebook.com\/profile.php?id=100008943462799","article_published_time":"2009-06-16T15:30:56+00:00","og_image":[{"url":"http:\/\/www.bellunopress.it\/wp-content\/uploads\/2009\/04\/istituto-tecnico-segato-001.jpg","type":"","width":"","height":""}],"author":"redazione","twitter_card":"summary_large_image","twitter_creator":"@bellunopress","twitter_site":"@bellunopress","twitter_misc":{"\u00c9crit par":"redazione","Dur\u00e9e de lecture estim\u00e9e":"3 minutes"},"schema":{"@context":"https:\/\/schema.org","@graph":[{"@type":"Article","@id":"https:\/\/www.bellunopress.it\/2009\/06\/16\/un-milione-e-mezzo-dalla-regione-per-la-sicurezza-dell%e2%80%99iti-segato\/#article","isPartOf":{"@id":"https:\/\/www.bellunopress.it\/2009\/06\/16\/un-milione-e-mezzo-dalla-regione-per-la-sicurezza-dell%e2%80%99iti-segato\/"},"author":{"name":"redazione","@id":"https:\/\/www.bellunopress.it\/#\/schema\/person\/79bb06722b37ece1c03d3e94beb30d73"},"headline":"Un milione e mezzo dalla Regione per la sicurezza dell\u2019Iti Segato","datePublished":"2009-06-16T15:30:56+00:00","mainEntityOfPage":{"@id":"https:\/\/www.bellunopress.it\/2009\/06\/16\/un-milione-e-mezzo-dalla-regione-per-la-sicurezza-dell%e2%80%99iti-segato\/"},"wordCount":514,"publisher":{"@id":"https:\/\/www.bellunopress.it\/#organization"},"image":{"@id":"https:\/\/www.bellunopress.it\/2009\/06\/16\/un-milione-e-mezzo-dalla-regione-per-la-sicurezza-dell%e2%80%99iti-segato\/#primaryimage"},"thumbnailUrl":"http:\/\/www.bellunopress.it\/wp-content\/uploads\/2009\/04\/istituto-tecnico-segato-001.jpg","keywords":["Belluno"],"articleSection":["Cronaca\/Politica"],"inLanguage":"fr-FR"},{"@type":"WebPage","@id":"https:\/\/www.bellunopress.it\/2009\/06\/16\/un-milione-e-mezzo-dalla-regione-per-la-sicurezza-dell%e2%80%99iti-segato\/","url":"https:\/\/www.bellunopress.it\/2009\/06\/16\/un-milione-e-mezzo-dalla-regione-per-la-sicurezza-dell%e2%80%99iti-segato\/","name":"Un milione e mezzo dalla Regione per la sicurezza dell\u2019Iti Segato - Bellunopress - Dolomiti","isPartOf":{"@id":"https:\/\/www.bellunopress.it\/#website"},"primaryImageOfPage":{"@id":"https:\/\/www.bellunopress.it\/2009\/06\/16\/un-milione-e-mezzo-dalla-regione-per-la-sicurezza-dell%e2%80%99iti-segato\/#primaryimage"},"image":{"@id":"https:\/\/www.bellunopress.it\/2009\/06\/16\/un-milione-e-mezzo-dalla-regione-per-la-sicurezza-dell%e2%80%99iti-segato\/#primaryimage"},"thumbnailUrl":"http:\/\/www.bellunopress.it\/wp-content\/uploads\/2009\/04\/istituto-tecnico-segato-001.jpg","datePublished":"2009-06-16T15:30:56+00:00","breadcrumb":{"@id":"https:\/\/www.bellunopress.it\/2009\/06\/16\/un-milione-e-mezzo-dalla-regione-per-la-sicurezza-dell%e2%80%99iti-segato\/#breadcrumb"},"inLanguage":"fr-FR","potentialAction":[{"@type":"ReadAction","target":["https:\/\/www.bellunopress.it\/2009\/06\/16\/un-milione-e-mezzo-dalla-regione-per-la-sicurezza-dell%e2%80%99iti-segato\/"]}]},{"@type":"ImageObject","inLanguage":"fr-FR","@id":"https:\/\/www.bellunopress.it\/2009\/06\/16\/un-milione-e-mezzo-dalla-regione-per-la-sicurezza-dell%e2%80%99iti-segato\/#primaryimage","url":"http:\/\/www.bellunopress.it\/wp-content\/uploads\/2009\/04\/istituto-tecnico-segato-001.jpg","contentUrl":"http:\/\/www.bellunopress.it\/wp-content\/uploads\/2009\/04\/istituto-tecnico-segato-001.jpg"},{"@type":"BreadcrumbList","@id":"https:\/\/www.bellunopress.it\/2009\/06\/16\/un-milione-e-mezzo-dalla-regione-per-la-sicurezza-dell%e2%80%99iti-segato\/#breadcrumb","itemListElement":[{"@type":"ListItem","position":1,"name":"Home","item":"https:\/\/www.bellunopress.it\/"},{"@type":"ListItem","position":2,"name":"Un milione e mezzo dalla Regione per la sicurezza dell\u2019Iti Segato"}]},{"@type":"WebSite","@id":"https:\/\/www.bellunopress.it\/#website","url":"https:\/\/www.bellunopress.it\/","name":"Bellunopress - Dolomiti","description":"e-mail: redazione@bellunopress.it","publisher":{"@id":"https:\/\/www.bellunopress.it\/#organization"},"potentialAction":[{"@type":"SearchAction","target":{"@type":"EntryPoint","urlTemplate":"https:\/\/www.bellunopress.it\/?s={search_term_string}"},"query-input":{"@type":"PropertyValueSpecification","valueRequired":true,"valueName":"search_term_string"}}],"inLanguage":"fr-FR"},{"@type":"Organization","@id":"https:\/\/www.bellunopress.it\/#organization","name":"Bellunopress","url":"https:\/\/www.bellunopress.it\/","logo":{"@type":"ImageObject","inLanguage":"fr-FR","@id":"https:\/\/www.bellunopress.it\/#\/schema\/logo\/image\/","url":"https:\/\/www.bellunopress.it\/wp-content\/uploads\/2011\/05\/cropped-logo-bellunopress-.jpg","contentUrl":"https:\/\/www.bellunopress.it\/wp-content\/uploads\/2011\/05\/cropped-logo-bellunopress-.jpg","width":512,"height":512,"caption":"Bellunopress"},"image":{"@id":"https:\/\/www.bellunopress.it\/#\/schema\/logo\/image\/"},"sameAs":["https:\/\/www.facebook.com\/profile.php?id=100008943462799","https:\/\/x.com\/bellunopress","https:\/\/www.linkedin.com\/hp\/?dnr=JBzUWaJfMUw8vbXJJ2tVW5-I3jZKvC4wsoxE&amp;amp;amp;amp;amp;amp;trk=nav_responsive_tab_home","https:\/\/www.youtube.com\/channel\/UCxL0wu1uN0_3_7hGG0306cw"]},{"@type":"Person","@id":"https:\/\/www.bellunopress.it\/#\/schema\/person\/79bb06722b37ece1c03d3e94beb30d73","name":"r\u00e9daction","image":{"@type":"ImageObject","inLanguage":"fr-FR","@id":"https:\/\/secure.gravatar.com\/avatar\/37d968a2e67a6fd04c169c4bdef102d0bc5d31b2546345219e348575eb80e9a0?s=96&d=mm&r=g","url":"https:\/\/secure.gravatar.com\/avatar\/37d968a2e67a6fd04c169c4bdef102d0bc5d31b2546345219e348575eb80e9a0?s=96&d=mm&r=g","contentUrl":"https:\/\/secure.gravatar.com\/avatar\/37d968a2e67a6fd04c169c4bdef102d0bc5d31b2546345219e348575eb80e9a0?s=96&d=mm&r=g","caption":"redazione"},"sameAs":["http:\/\/www.bellunopress.it","https:\/\/x.com\/bellunopress"],"url":"https:\/\/www.bellunopress.it\/fr\/author\/redazione\/"}]}},"_links":{"self":[{"href":"https:\/\/www.bellunopress.it\/fr\/wp-json\/wp\/v2\/posts\/4975","targetHints":{"allow":["GET"]}}],"collection":[{"href":"https:\/\/www.bellunopress.it\/fr\/wp-json\/wp\/v2\/posts"}],"about":[{"href":"https:\/\/www.bellunopress.it\/fr\/wp-json\/wp\/v2\/types\/post"}],"author":[{"embeddable":true,"href":"https:\/\/www.bellunopress.it\/fr\/wp-json\/wp\/v2\/users\/2"}],"replies":[{"embeddable":true,"href":"https:\/\/www.bellunopress.it\/fr\/wp-json\/wp\/v2\/comments?post=4975"}],"version-history":[{"count":1,"href":"https:\/\/www.bellunopress.it\/fr\/wp-json\/wp\/v2\/posts\/4975\/revisions"}],"predecessor-version":[{"id":4976,"href":"https:\/\/www.bellunopress.it\/fr\/wp-json\/wp\/v2\/posts\/4975\/revisions\/4976"}],"wp:attachment":[{"href":"https:\/\/www.bellunopress.it\/fr\/wp-json\/wp\/v2\/media?parent=4975"}],"wp:term":[{"taxonomy":"category","embeddable":true,"href":"https:\/\/www.bellunopress.it\/fr\/wp-json\/wp\/v2\/categories?post=4975"},{"taxonomy":"post_tag","embeddable":true,"href":"https:\/\/www.bellunopress.it\/fr\/wp-json\/wp\/v2\/tags?post=4975"}],"curies":[{"name":"wp","href":"https:\/\/api.w.org\/{rel}","templated":true}]}}