{"id":4969,"date":"2009-06-16T16:21:47","date_gmt":"2009-06-16T15:21:47","guid":{"rendered":"http:\/\/www.bellunopress.it\/?p=4969"},"modified":"2009-06-16T16:21:47","modified_gmt":"2009-06-16T15:21:47","slug":"elezioni-del-21-e-22-giugno-i-servizi-ai-disabili","status":"publish","type":"post","link":"https:\/\/www.bellunopress.it\/fr\/2009\/06\/16\/elezioni-del-21-e-22-giugno-i-servizi-ai-disabili\/","title":{"rendered":"Elezioni del 21 e 22 giugno, i servizi ai disabili"},"content":{"rendered":"<p>Il Comune di Belluno, all\u2019interno del proprio territorio, ha organizzato, con la collaborazione del Comitato d\u2019Intesa tra le Associazioni Volontaristiche della Provincia di Belluno, il servizio di trasporto delle persone non deambulanti per le operazioni di voto.<br \/>\nPer concordare le modalit\u00e0 di accesso ai seggi chiunque ne avesse interesse pu\u00f2 telefonare, fino alle ore 12,00 di venerd\u00ec 19 giugno 2009 e nella giornata di luned\u00ec 22 giugno 2009 fino alle ore 12,00, al numero del Comitato d\u2019Intesa 0437\/25775.<br \/>\nNelle giornate di sabato 20 giugno e domenica 21 giugno 2009 sar\u00e0 possibile contattare l\u2019Ufficio Elettorale ai seguenti numeri 0437\/913473 \u2013 913474.<br \/>\nIl servizio sar\u00e0 svolto nella giornata di luned\u00ec 22 giugno 2009 dalle ore 9,00 alle ore 14,00<\/p>\n<p>Inoltre si rammenta che i seggi abilitati per l\u2019accesso ai disabili sono:<\/p>\n<p>COLLEGIO DI BELLUNO 4\u00a0\u00a0\u00a0 BELLUNO I<br \/>\nAuditorium \u2013 Piazza Duomo\u00a0\u00a0\u00a0 \u00a0\u00a0\u00a0 (seggio n. 1)<br \/>\nMussoi \u2013 Sc.Elementare\u00a0\u00a0\u00a0 \u00a0\u00a0\u00a0 \u00a0\u00a0\u00a0 (seggio n. 4)<\/p>\n<p>COLLEGIO DI BELLUNO 5\u00a0\u00a0\u00a0 BELLUNO II<br \/>\nBorgo Piave \u2013 Sc.Elementare\u00a0\u00a0\u00a0 \u00a0\u00a0\u00a0 (seggio n. 13)<br \/>\nNogar\u00e8 \u2013 Sc.Elementare\u00a0\u00a0\u00a0 \u00a0\u00a0\u00a0 \u00a0\u00a0\u00a0 (seggio n. 29)<\/p>\n<p>COLLEGIO DI BELLUNO 6\u00a0\u00a0\u00a0 BELLUNO III<br \/>\nBolzano \u2013 Sc.Elementare\u00a0\u00a0\u00a0 \u00a0\u00a0\u00a0 \u00a0\u00a0\u00a0 (seggio n. 6)<br \/>\nFiammoi \u2013 Sc.Elementare\u00a0\u00a0\u00a0 \u00a0\u00a0\u00a0 \u00a0\u00a0\u00a0 (seggi nn. 21 \u2013 22)<br \/>\nMur di Cadola \u2013 Sc.Elementare\u00a0\u00a0\u00a0 \u00a0\u00a0\u00a0 (seggio n. 23)<\/p>\n<p>COLLEGIO DI BELLUNO 7\u00a0\u00a0\u00a0 BELLUNO IV<br \/>\nChiesurazza \u2013 Sc.Elementare\u00a0\u00a0\u00a0 \u00a0\u00a0\u00a0 (seggio n. 8)<br \/>\nGiamosa \u2013 Sc.Elementare\u00a0\u00a0\u00a0 \u00a0\u00a0\u00a0 \u00a0\u00a0\u00a0 (seggio n. 10)<br \/>\nVisome \u2013 Sc.Materna\u00a0\u00a0\u00a0 \u00a0\u00a0\u00a0 \u00a0\u00a0\u00a0 (seggio n. 14)<br \/>\nCastion \u2013 Sc.Elementare\u00a0\u00a0\u00a0 \u00a0\u00a0\u00a0 \u00a0\u00a0\u00a0 (seggio n. 15)<br \/>\nBadilet \u2013 Sc.Elementare\u00a0\u00a0\u00a0 \u00a0\u00a0\u00a0 \u00a0\u00a0\u00a0 (seggio n. 18)<br \/>\nLevego \u2013 Sc.Elementare\u00a0\u00a0\u00a0 \u00a0\u00a0\u00a0 \u00a0\u00a0\u00a0 (seggio n. 20)<\/p>\n<p>Si raccomanda di accompagnare i richiedenti ad un seggio elettorale che rispetti l\u2019assegnazione\u00a0 al collegio provinciale indicato nella tessera elettorale del cittadino<\/p>","protected":false},"excerpt":{"rendered":"<p>Il Comune di Belluno, all\u2019interno del proprio territorio, ha organizzato, con la collaborazione del Comitato d\u2019Intesa tra le Associazioni Volontaristiche della Provincia di Belluno, il servizio di trasporto delle persone non deambulanti per le operazioni di voto. Per concordare le modalit\u00e0 di accesso ai seggi chiunque ne avesse interesse pu\u00f2 telefonare, fino alle ore 12,00 [&hellip;]<\/p>\n","protected":false},"author":2,"featured_media":0,"comment_status":"closed","ping_status":"open","sticky":false,"template":"","format":"standard","meta":{"footnotes":""},"categories":[5],"tags":[139],"class_list":["post-4969","post","type-post","status-publish","format-standard","category-cronaca","tag-belluno"],"yoast_head":"<!-- This site is optimized with the Yoast SEO plugin v28.4 - https:\/\/yoast.com\/product\/yoast-seo-wordpress\/ -->\n<title>Elezioni del 21 e 22 giugno, i servizi ai disabili - Bellunopress - Dolomiti<\/title>\n<meta name=\"robots\" content=\"index, follow, max-snippet:-1, max-image-preview:large, max-video-preview:-1\" \/>\n<link rel=\"canonical\" href=\"https:\/\/www.bellunopress.it\/fr\/2009\/06\/16\/elezioni-del-21-e-22-giugno-i-servizi-ai-disabili\/\" \/>\n<meta property=\"og:locale\" content=\"fr_FR\" \/>\n<meta property=\"og:type\" content=\"article\" \/>\n<meta property=\"og:title\" content=\"Elezioni del 21 e 22 giugno, i servizi ai disabili - Bellunopress - Dolomiti\" \/>\n<meta property=\"og:description\" content=\"Il Comune di Belluno, all\u2019interno del proprio territorio, ha organizzato, con la collaborazione del Comitato d\u2019Intesa tra le Associazioni Volontaristiche della Provincia di Belluno, il servizio di trasporto delle persone non deambulanti per le operazioni di voto. Per concordare le modalit\u00e0 di accesso ai seggi chiunque ne avesse interesse pu\u00f2 telefonare, fino alle ore 12,00 [&hellip;]\" \/>\n<meta property=\"og:url\" content=\"https:\/\/www.bellunopress.it\/fr\/2009\/06\/16\/elezioni-del-21-e-22-giugno-i-servizi-ai-disabili\/\" \/>\n<meta property=\"og:site_name\" content=\"Bellunopress - Dolomiti\" \/>\n<meta property=\"article:publisher\" content=\"https:\/\/www.facebook.com\/profile.php?id=100008943462799\" \/>\n<meta property=\"article:published_time\" content=\"2009-06-16T15:21:47+00:00\" \/>\n<meta property=\"og:image\" content=\"http:\/\/www.bellunopress.it\/wp-content\/uploads\/2012\/07\/logo-bellunopress-250x250-2012.jpg\" \/>\n<meta name=\"author\" content=\"redazione\" \/>\n<meta name=\"twitter:card\" content=\"summary_large_image\" \/>\n<meta name=\"twitter:creator\" content=\"@bellunopress\" \/>\n<meta name=\"twitter:site\" content=\"@bellunopress\" \/>\n<meta name=\"twitter:label1\" content=\"\u00c9crit par\" \/>\n\t<meta name=\"twitter:data1\" content=\"redazione\" \/>\n\t<meta name=\"twitter:label2\" content=\"Dur\u00e9e de lecture estim\u00e9e\" \/>\n\t<meta name=\"twitter:data2\" content=\"1 minute\" \/>\n<script type=\"application\/ld+json\" class=\"yoast-schema-graph\">{\"@context\":\"https:\\\/\\\/schema.org\",\"@graph\":[{\"@type\":\"Article\",\"@id\":\"https:\\\/\\\/www.bellunopress.it\\\/2009\\\/06\\\/16\\\/elezioni-del-21-e-22-giugno-i-servizi-ai-disabili\\\/#article\",\"isPartOf\":{\"@id\":\"https:\\\/\\\/www.bellunopress.it\\\/2009\\\/06\\\/16\\\/elezioni-del-21-e-22-giugno-i-servizi-ai-disabili\\\/\"},\"author\":{\"name\":\"redazione\",\"@id\":\"https:\\\/\\\/www.bellunopress.it\\\/#\\\/schema\\\/person\\\/79bb06722b37ece1c03d3e94beb30d73\"},\"headline\":\"Elezioni del 21 e 22 giugno, i servizi ai disabili\",\"datePublished\":\"2009-06-16T15:21:47+00:00\",\"mainEntityOfPage\":{\"@id\":\"https:\\\/\\\/www.bellunopress.it\\\/2009\\\/06\\\/16\\\/elezioni-del-21-e-22-giugno-i-servizi-ai-disabili\\\/\"},\"wordCount\":236,\"publisher\":{\"@id\":\"https:\\\/\\\/www.bellunopress.it\\\/#organization\"},\"keywords\":[\"Belluno\"],\"articleSection\":[\"Cronaca\\\/Politica\"],\"inLanguage\":\"fr-FR\"},{\"@type\":\"WebPage\",\"@id\":\"https:\\\/\\\/www.bellunopress.it\\\/2009\\\/06\\\/16\\\/elezioni-del-21-e-22-giugno-i-servizi-ai-disabili\\\/\",\"url\":\"https:\\\/\\\/www.bellunopress.it\\\/2009\\\/06\\\/16\\\/elezioni-del-21-e-22-giugno-i-servizi-ai-disabili\\\/\",\"name\":\"Elezioni del 21 e 22 giugno, i servizi ai disabili - Bellunopress - Dolomiti\",\"isPartOf\":{\"@id\":\"https:\\\/\\\/www.bellunopress.it\\\/#website\"},\"datePublished\":\"2009-06-16T15:21:47+00:00\",\"breadcrumb\":{\"@id\":\"https:\\\/\\\/www.bellunopress.it\\\/2009\\\/06\\\/16\\\/elezioni-del-21-e-22-giugno-i-servizi-ai-disabili\\\/#breadcrumb\"},\"inLanguage\":\"fr-FR\",\"potentialAction\":[{\"@type\":\"ReadAction\",\"target\":[\"https:\\\/\\\/www.bellunopress.it\\\/2009\\\/06\\\/16\\\/elezioni-del-21-e-22-giugno-i-servizi-ai-disabili\\\/\"]}]},{\"@type\":\"BreadcrumbList\",\"@id\":\"https:\\\/\\\/www.bellunopress.it\\\/2009\\\/06\\\/16\\\/elezioni-del-21-e-22-giugno-i-servizi-ai-disabili\\\/#breadcrumb\",\"itemListElement\":[{\"@type\":\"ListItem\",\"position\":1,\"name\":\"Home\",\"item\":\"https:\\\/\\\/www.bellunopress.it\\\/\"},{\"@type\":\"ListItem\",\"position\":2,\"name\":\"Elezioni del 21 e 22 giugno, i servizi ai disabili\"}]},{\"@type\":\"WebSite\",\"@id\":\"https:\\\/\\\/www.bellunopress.it\\\/#website\",\"url\":\"https:\\\/\\\/www.bellunopress.it\\\/\",\"name\":\"Bellunopress - Dolomiti\",\"description\":\"e-mail: redazione@bellunopress.it\",\"publisher\":{\"@id\":\"https:\\\/\\\/www.bellunopress.it\\\/#organization\"},\"potentialAction\":[{\"@type\":\"SearchAction\",\"target\":{\"@type\":\"EntryPoint\",\"urlTemplate\":\"https:\\\/\\\/www.bellunopress.it\\\/?s={search_term_string}\"},\"query-input\":{\"@type\":\"PropertyValueSpecification\",\"valueRequired\":true,\"valueName\":\"search_term_string\"}}],\"inLanguage\":\"fr-FR\"},{\"@type\":\"Organization\",\"@id\":\"https:\\\/\\\/www.bellunopress.it\\\/#organization\",\"name\":\"Bellunopress\",\"url\":\"https:\\\/\\\/www.bellunopress.it\\\/\",\"logo\":{\"@type\":\"ImageObject\",\"inLanguage\":\"fr-FR\",\"@id\":\"https:\\\/\\\/www.bellunopress.it\\\/#\\\/schema\\\/logo\\\/image\\\/\",\"url\":\"https:\\\/\\\/www.bellunopress.it\\\/wp-content\\\/uploads\\\/2011\\\/05\\\/cropped-logo-bellunopress-.jpg\",\"contentUrl\":\"https:\\\/\\\/www.bellunopress.it\\\/wp-content\\\/uploads\\\/2011\\\/05\\\/cropped-logo-bellunopress-.jpg\",\"width\":512,\"height\":512,\"caption\":\"Bellunopress\"},\"image\":{\"@id\":\"https:\\\/\\\/www.bellunopress.it\\\/#\\\/schema\\\/logo\\\/image\\\/\"},\"sameAs\":[\"https:\\\/\\\/www.facebook.com\\\/profile.php?id=100008943462799\",\"https:\\\/\\\/x.com\\\/bellunopress\",\"https:\\\/\\\/www.linkedin.com\\\/hp\\\/?dnr=JBzUWaJfMUw8vbXJJ2tVW5-I3jZKvC4wsoxE&amp;amp;amp;amp;amp;amp;trk=nav_responsive_tab_home\",\"https:\\\/\\\/www.youtube.com\\\/channel\\\/UCxL0wu1uN0_3_7hGG0306cw\"]},{\"@type\":\"Person\",\"@id\":\"https:\\\/\\\/www.bellunopress.it\\\/#\\\/schema\\\/person\\\/79bb06722b37ece1c03d3e94beb30d73\",\"name\":\"redazione\",\"image\":{\"@type\":\"ImageObject\",\"inLanguage\":\"fr-FR\",\"@id\":\"https:\\\/\\\/secure.gravatar.com\\\/avatar\\\/37d968a2e67a6fd04c169c4bdef102d0bc5d31b2546345219e348575eb80e9a0?s=96&d=mm&r=g\",\"url\":\"https:\\\/\\\/secure.gravatar.com\\\/avatar\\\/37d968a2e67a6fd04c169c4bdef102d0bc5d31b2546345219e348575eb80e9a0?s=96&d=mm&r=g\",\"contentUrl\":\"https:\\\/\\\/secure.gravatar.com\\\/avatar\\\/37d968a2e67a6fd04c169c4bdef102d0bc5d31b2546345219e348575eb80e9a0?s=96&d=mm&r=g\",\"caption\":\"redazione\"},\"sameAs\":[\"http:\\\/\\\/www.bellunopress.it\",\"https:\\\/\\\/x.com\\\/bellunopress\"],\"url\":\"https:\\\/\\\/www.bellunopress.it\\\/fr\\\/author\\\/redazione\\\/\"}]}<\/script>\n<!-- \/ Yoast SEO plugin. -->","yoast_head_json":{"title":"Elezioni del 21 e 22 giugno, i servizi ai disabili - Bellunopress - Dolomiti","robots":{"index":"index","follow":"follow","max-snippet":"max-snippet:-1","max-image-preview":"max-image-preview:large","max-video-preview":"max-video-preview:-1"},"canonical":"https:\/\/www.bellunopress.it\/fr\/2009\/06\/16\/elezioni-del-21-e-22-giugno-i-servizi-ai-disabili\/","og_locale":"fr_FR","og_type":"article","og_title":"Elezioni del 21 e 22 giugno, i servizi ai disabili - Bellunopress - Dolomiti","og_description":"Il Comune di Belluno, all\u2019interno del proprio territorio, ha organizzato, con la collaborazione del Comitato d\u2019Intesa tra le Associazioni Volontaristiche della Provincia di Belluno, il servizio di trasporto delle persone non deambulanti per le operazioni di voto. Per concordare le modalit\u00e0 di accesso ai seggi chiunque ne avesse interesse pu\u00f2 telefonare, fino alle ore 12,00 [&hellip;]","og_url":"https:\/\/www.bellunopress.it\/fr\/2009\/06\/16\/elezioni-del-21-e-22-giugno-i-servizi-ai-disabili\/","og_site_name":"Bellunopress - Dolomiti","article_publisher":"https:\/\/www.facebook.com\/profile.php?id=100008943462799","article_published_time":"2009-06-16T15:21:47+00:00","og_image":[{"url":"http:\/\/www.bellunopress.it\/wp-content\/uploads\/2012\/07\/logo-bellunopress-250x250-2012.jpg","type":"","width":"","height":""}],"author":"redazione","twitter_card":"summary_large_image","twitter_creator":"@bellunopress","twitter_site":"@bellunopress","twitter_misc":{"\u00c9crit par":"redazione","Dur\u00e9e de lecture estim\u00e9e":"1 minute"},"schema":{"@context":"https:\/\/schema.org","@graph":[{"@type":"Article","@id":"https:\/\/www.bellunopress.it\/2009\/06\/16\/elezioni-del-21-e-22-giugno-i-servizi-ai-disabili\/#article","isPartOf":{"@id":"https:\/\/www.bellunopress.it\/2009\/06\/16\/elezioni-del-21-e-22-giugno-i-servizi-ai-disabili\/"},"author":{"name":"redazione","@id":"https:\/\/www.bellunopress.it\/#\/schema\/person\/79bb06722b37ece1c03d3e94beb30d73"},"headline":"Elezioni del 21 e 22 giugno, i servizi ai disabili","datePublished":"2009-06-16T15:21:47+00:00","mainEntityOfPage":{"@id":"https:\/\/www.bellunopress.it\/2009\/06\/16\/elezioni-del-21-e-22-giugno-i-servizi-ai-disabili\/"},"wordCount":236,"publisher":{"@id":"https:\/\/www.bellunopress.it\/#organization"},"keywords":["Belluno"],"articleSection":["Cronaca\/Politica"],"inLanguage":"fr-FR"},{"@type":"WebPage","@id":"https:\/\/www.bellunopress.it\/2009\/06\/16\/elezioni-del-21-e-22-giugno-i-servizi-ai-disabili\/","url":"https:\/\/www.bellunopress.it\/2009\/06\/16\/elezioni-del-21-e-22-giugno-i-servizi-ai-disabili\/","name":"Elezioni del 21 e 22 giugno, i servizi ai disabili - Bellunopress - Dolomiti","isPartOf":{"@id":"https:\/\/www.bellunopress.it\/#website"},"datePublished":"2009-06-16T15:21:47+00:00","breadcrumb":{"@id":"https:\/\/www.bellunopress.it\/2009\/06\/16\/elezioni-del-21-e-22-giugno-i-servizi-ai-disabili\/#breadcrumb"},"inLanguage":"fr-FR","potentialAction":[{"@type":"ReadAction","target":["https:\/\/www.bellunopress.it\/2009\/06\/16\/elezioni-del-21-e-22-giugno-i-servizi-ai-disabili\/"]}]},{"@type":"BreadcrumbList","@id":"https:\/\/www.bellunopress.it\/2009\/06\/16\/elezioni-del-21-e-22-giugno-i-servizi-ai-disabili\/#breadcrumb","itemListElement":[{"@type":"ListItem","position":1,"name":"Home","item":"https:\/\/www.bellunopress.it\/"},{"@type":"ListItem","position":2,"name":"Elezioni del 21 e 22 giugno, i servizi ai disabili"}]},{"@type":"WebSite","@id":"https:\/\/www.bellunopress.it\/#website","url":"https:\/\/www.bellunopress.it\/","name":"Bellunopress - Dolomiti","description":"e-mail: redazione@bellunopress.it","publisher":{"@id":"https:\/\/www.bellunopress.it\/#organization"},"potentialAction":[{"@type":"SearchAction","target":{"@type":"EntryPoint","urlTemplate":"https:\/\/www.bellunopress.it\/?s={search_term_string}"},"query-input":{"@type":"PropertyValueSpecification","valueRequired":true,"valueName":"search_term_string"}}],"inLanguage":"fr-FR"},{"@type":"Organization","@id":"https:\/\/www.bellunopress.it\/#organization","name":"Bellunopress","url":"https:\/\/www.bellunopress.it\/","logo":{"@type":"ImageObject","inLanguage":"fr-FR","@id":"https:\/\/www.bellunopress.it\/#\/schema\/logo\/image\/","url":"https:\/\/www.bellunopress.it\/wp-content\/uploads\/2011\/05\/cropped-logo-bellunopress-.jpg","contentUrl":"https:\/\/www.bellunopress.it\/wp-content\/uploads\/2011\/05\/cropped-logo-bellunopress-.jpg","width":512,"height":512,"caption":"Bellunopress"},"image":{"@id":"https:\/\/www.bellunopress.it\/#\/schema\/logo\/image\/"},"sameAs":["https:\/\/www.facebook.com\/profile.php?id=100008943462799","https:\/\/x.com\/bellunopress","https:\/\/www.linkedin.com\/hp\/?dnr=JBzUWaJfMUw8vbXJJ2tVW5-I3jZKvC4wsoxE&amp;amp;amp;amp;amp;amp;trk=nav_responsive_tab_home","https:\/\/www.youtube.com\/channel\/UCxL0wu1uN0_3_7hGG0306cw"]},{"@type":"Person","@id":"https:\/\/www.bellunopress.it\/#\/schema\/person\/79bb06722b37ece1c03d3e94beb30d73","name":"r\u00e9daction","image":{"@type":"ImageObject","inLanguage":"fr-FR","@id":"https:\/\/secure.gravatar.com\/avatar\/37d968a2e67a6fd04c169c4bdef102d0bc5d31b2546345219e348575eb80e9a0?s=96&d=mm&r=g","url":"https:\/\/secure.gravatar.com\/avatar\/37d968a2e67a6fd04c169c4bdef102d0bc5d31b2546345219e348575eb80e9a0?s=96&d=mm&r=g","contentUrl":"https:\/\/secure.gravatar.com\/avatar\/37d968a2e67a6fd04c169c4bdef102d0bc5d31b2546345219e348575eb80e9a0?s=96&d=mm&r=g","caption":"redazione"},"sameAs":["http:\/\/www.bellunopress.it","https:\/\/x.com\/bellunopress"],"url":"https:\/\/www.bellunopress.it\/fr\/author\/redazione\/"}]}},"_links":{"self":[{"href":"https:\/\/www.bellunopress.it\/fr\/wp-json\/wp\/v2\/posts\/4969","targetHints":{"allow":["GET"]}}],"collection":[{"href":"https:\/\/www.bellunopress.it\/fr\/wp-json\/wp\/v2\/posts"}],"about":[{"href":"https:\/\/www.bellunopress.it\/fr\/wp-json\/wp\/v2\/types\/post"}],"author":[{"embeddable":true,"href":"https:\/\/www.bellunopress.it\/fr\/wp-json\/wp\/v2\/users\/2"}],"replies":[{"embeddable":true,"href":"https:\/\/www.bellunopress.it\/fr\/wp-json\/wp\/v2\/comments?post=4969"}],"version-history":[{"count":1,"href":"https:\/\/www.bellunopress.it\/fr\/wp-json\/wp\/v2\/posts\/4969\/revisions"}],"predecessor-version":[{"id":4970,"href":"https:\/\/www.bellunopress.it\/fr\/wp-json\/wp\/v2\/posts\/4969\/revisions\/4970"}],"wp:attachment":[{"href":"https:\/\/www.bellunopress.it\/fr\/wp-json\/wp\/v2\/media?parent=4969"}],"wp:term":[{"taxonomy":"category","embeddable":true,"href":"https:\/\/www.bellunopress.it\/fr\/wp-json\/wp\/v2\/categories?post=4969"},{"taxonomy":"post_tag","embeddable":true,"href":"https:\/\/www.bellunopress.it\/fr\/wp-json\/wp\/v2\/tags?post=4969"}],"curies":[{"name":"wp","href":"https:\/\/api.w.org\/{rel}","templated":true}]}}