{"id":49659,"date":"2013-05-27T23:28:39","date_gmt":"2013-05-27T22:28:39","guid":{"rendered":"http:\/\/www.bellunopress.it\/?p=49659"},"modified":"2013-05-30T16:29:32","modified_gmt":"2013-05-30T15:29:32","slug":"a-cinema-dautore-lista-dattesa-giovedi-30-maggio-alle-21-in-sala-bianchi","status":"publish","type":"post","link":"https:\/\/www.bellunopress.it\/fr\/2013\/05\/27\/a-cinema-dautore-lista-dattesa-giovedi-30-maggio-alle-21-in-sala-bianchi\/","title":{"rendered":"A Cinema d\u2019Autore \u201cLista d\u2019attesa\u201d Gioved\u00ec 30 maggio, alle 21, in Sala Bianchi"},"content":{"rendered":"<p><span style=\"font-size: 13px;\">Gioved\u00ec 30 maggio, alle ore 21.00, nella Sala \u201cBianchi\u201d di Belluno, si svolger\u00e0 il secondo appuntamento della rassegna Autori e voci dall\u2019America Latina, con il film Lista d\u2019attesa del regista cubano Juan Carlos Tabio.<\/span><\/p>\n<p>Commedia corale e surreale Lista d\u2019attesa racconta la lunga attesa di un gruppo di persone bloccate, per alcuni giorni, in una vecchia stazione degli autobus di una cittadina costiera poco fuori Cuba. Dopo il caos iniziale, il gruppo di passeggeri prima si guarda diffidente poi solidarizza e si ingegna trasformando la fermata in una sorta di comune.<\/p>\n<p>Ambientata nei primi anni novanta Lista d\u2019attesa \u00e8 la metafora di un paese capace, attraverso la solidariet\u00e0, lo spirito di comunit\u00e0 e una dose di utopia \u2013qualit\u00e0 rare nel mondo occidentale &#8211; di affrontare le difficolt\u00e0 della vita per guardare al futuro perch\u00e9, suggerisce Tabio, \u201cper sopravvivere, forse, occorre crede ancora nell\u2019Utopia\u201d.<\/p>\n<p>La rassegna, promossa dalla Biblioteca civica di Belluno e curata da Silvia Zanna, \u00e8 a ingresso libero e gratuito.<\/p>\n<p>Info: telefono 0437 948093, email: biblioteca@comune.belluno.it<\/p>","protected":false},"excerpt":{"rendered":"<p>Gioved\u00ec 30 maggio, alle ore 21.00, nella Sala \u201cBianchi\u201d di Belluno, si svolger\u00e0 il secondo appuntamento della rassegna Autori e voci dall\u2019America Latina, con il film Lista d\u2019attesa del regista cubano Juan Carlos Tabio. Commedia corale e surreale Lista d\u2019attesa racconta la lunga attesa di un gruppo di persone bloccate, per alcuni giorni, in una [&hellip;]<\/p>\n","protected":false},"author":2,"featured_media":0,"comment_status":"closed","ping_status":"open","sticky":false,"template":"","format":"standard","meta":{"footnotes":""},"categories":[27,3,25],"tags":[],"class_list":["post-49659","post","type-post","status-publish","format-standard","category-appuntamenti","category-arte-cultura-spettacoli-scienza-archivi","category-pausa-caffe"],"yoast_head":"<!-- This site is optimized with the Yoast SEO plugin v28.4 - https:\/\/yoast.com\/product\/yoast-seo-wordpress\/ -->\n<title>A Cinema d\u2019Autore \u201cLista d\u2019attesa\u201d Gioved\u00ec 30 maggio, alle 21, in Sala Bianchi - Bellunopress - Dolomiti<\/title>\n<meta name=\"robots\" content=\"index, follow, max-snippet:-1, max-image-preview:large, max-video-preview:-1\" \/>\n<link rel=\"canonical\" href=\"https:\/\/www.bellunopress.it\/fr\/2013\/05\/27\/a-cinema-dautore-lista-dattesa-giovedi-30-maggio-alle-21-in-sala-bianchi\/\" \/>\n<meta property=\"og:locale\" content=\"fr_FR\" \/>\n<meta property=\"og:type\" content=\"article\" \/>\n<meta property=\"og:title\" content=\"A Cinema d\u2019Autore \u201cLista d\u2019attesa\u201d Gioved\u00ec 30 maggio, alle 21, in Sala Bianchi - Bellunopress - Dolomiti\" \/>\n<meta property=\"og:description\" content=\"Gioved\u00ec 30 maggio, alle ore 21.00, nella Sala \u201cBianchi\u201d di Belluno, si svolger\u00e0 il secondo appuntamento della rassegna Autori e voci dall\u2019America Latina, con il film Lista d\u2019attesa del regista cubano Juan Carlos Tabio. Commedia corale e surreale Lista d\u2019attesa racconta la lunga attesa di un gruppo di persone bloccate, per alcuni giorni, in una [&hellip;]\" \/>\n<meta property=\"og:url\" content=\"https:\/\/www.bellunopress.it\/fr\/2013\/05\/27\/a-cinema-dautore-lista-dattesa-giovedi-30-maggio-alle-21-in-sala-bianchi\/\" \/>\n<meta property=\"og:site_name\" content=\"Bellunopress - Dolomiti\" \/>\n<meta property=\"article:publisher\" content=\"https:\/\/www.facebook.com\/profile.php?id=100008943462799\" \/>\n<meta property=\"article:published_time\" content=\"2013-05-27T22:28:39+00:00\" \/>\n<meta property=\"article:modified_time\" content=\"2013-05-30T15:29:32+00:00\" \/>\n<meta property=\"og:image\" content=\"http:\/\/www.bellunopress.it\/wp-content\/uploads\/2012\/07\/logo-bellunopress-250x250-2012.jpg\" \/>\n<meta name=\"author\" content=\"redazione\" \/>\n<meta name=\"twitter:card\" content=\"summary_large_image\" \/>\n<meta name=\"twitter:creator\" content=\"@bellunopress\" \/>\n<meta name=\"twitter:site\" content=\"@bellunopress\" \/>\n<meta name=\"twitter:label1\" content=\"\u00c9crit par\" \/>\n\t<meta name=\"twitter:data1\" content=\"redazione\" \/>\n\t<meta name=\"twitter:label2\" content=\"Dur\u00e9e de lecture estim\u00e9e\" \/>\n\t<meta name=\"twitter:data2\" content=\"1 minute\" \/>\n<script type=\"application\/ld+json\" class=\"yoast-schema-graph\">{\"@context\":\"https:\\\/\\\/schema.org\",\"@graph\":[{\"@type\":\"Article\",\"@id\":\"https:\\\/\\\/www.bellunopress.it\\\/2013\\\/05\\\/27\\\/a-cinema-dautore-lista-dattesa-giovedi-30-maggio-alle-21-in-sala-bianchi\\\/#article\",\"isPartOf\":{\"@id\":\"https:\\\/\\\/www.bellunopress.it\\\/2013\\\/05\\\/27\\\/a-cinema-dautore-lista-dattesa-giovedi-30-maggio-alle-21-in-sala-bianchi\\\/\"},\"author\":{\"name\":\"redazione\",\"@id\":\"https:\\\/\\\/www.bellunopress.it\\\/#\\\/schema\\\/person\\\/79bb06722b37ece1c03d3e94beb30d73\"},\"headline\":\"A Cinema d\u2019Autore \u201cLista d\u2019attesa\u201d Gioved\u00ec 30 maggio, alle 21, in Sala Bianchi\",\"datePublished\":\"2013-05-27T22:28:39+00:00\",\"dateModified\":\"2013-05-30T15:29:32+00:00\",\"mainEntityOfPage\":{\"@id\":\"https:\\\/\\\/www.bellunopress.it\\\/2013\\\/05\\\/27\\\/a-cinema-dautore-lista-dattesa-giovedi-30-maggio-alle-21-in-sala-bianchi\\\/\"},\"wordCount\":183,\"publisher\":{\"@id\":\"https:\\\/\\\/www.bellunopress.it\\\/#organization\"},\"articleSection\":[\"Appuntamenti, Eventi\",\"Arte, Cultura, Spettacoli, Scienza\",\"Pausa Caff\u00e8\"],\"inLanguage\":\"fr-FR\"},{\"@type\":\"WebPage\",\"@id\":\"https:\\\/\\\/www.bellunopress.it\\\/2013\\\/05\\\/27\\\/a-cinema-dautore-lista-dattesa-giovedi-30-maggio-alle-21-in-sala-bianchi\\\/\",\"url\":\"https:\\\/\\\/www.bellunopress.it\\\/2013\\\/05\\\/27\\\/a-cinema-dautore-lista-dattesa-giovedi-30-maggio-alle-21-in-sala-bianchi\\\/\",\"name\":\"A Cinema d\u2019Autore \u201cLista d\u2019attesa\u201d Gioved\u00ec 30 maggio, alle 21, in Sala Bianchi - Bellunopress - Dolomiti\",\"isPartOf\":{\"@id\":\"https:\\\/\\\/www.bellunopress.it\\\/#website\"},\"datePublished\":\"2013-05-27T22:28:39+00:00\",\"dateModified\":\"2013-05-30T15:29:32+00:00\",\"breadcrumb\":{\"@id\":\"https:\\\/\\\/www.bellunopress.it\\\/2013\\\/05\\\/27\\\/a-cinema-dautore-lista-dattesa-giovedi-30-maggio-alle-21-in-sala-bianchi\\\/#breadcrumb\"},\"inLanguage\":\"fr-FR\",\"potentialAction\":[{\"@type\":\"ReadAction\",\"target\":[\"https:\\\/\\\/www.bellunopress.it\\\/2013\\\/05\\\/27\\\/a-cinema-dautore-lista-dattesa-giovedi-30-maggio-alle-21-in-sala-bianchi\\\/\"]}]},{\"@type\":\"BreadcrumbList\",\"@id\":\"https:\\\/\\\/www.bellunopress.it\\\/2013\\\/05\\\/27\\\/a-cinema-dautore-lista-dattesa-giovedi-30-maggio-alle-21-in-sala-bianchi\\\/#breadcrumb\",\"itemListElement\":[{\"@type\":\"ListItem\",\"position\":1,\"name\":\"Home\",\"item\":\"https:\\\/\\\/www.bellunopress.it\\\/\"},{\"@type\":\"ListItem\",\"position\":2,\"name\":\"A Cinema d\u2019Autore \u201cLista d\u2019attesa\u201d Gioved\u00ec 30 maggio, alle 21, in Sala Bianchi\"}]},{\"@type\":\"WebSite\",\"@id\":\"https:\\\/\\\/www.bellunopress.it\\\/#website\",\"url\":\"https:\\\/\\\/www.bellunopress.it\\\/\",\"name\":\"Bellunopress - Dolomiti\",\"description\":\"e-mail: redazione@bellunopress.it\",\"publisher\":{\"@id\":\"https:\\\/\\\/www.bellunopress.it\\\/#organization\"},\"potentialAction\":[{\"@type\":\"SearchAction\",\"target\":{\"@type\":\"EntryPoint\",\"urlTemplate\":\"https:\\\/\\\/www.bellunopress.it\\\/?s={search_term_string}\"},\"query-input\":{\"@type\":\"PropertyValueSpecification\",\"valueRequired\":true,\"valueName\":\"search_term_string\"}}],\"inLanguage\":\"fr-FR\"},{\"@type\":\"Organization\",\"@id\":\"https:\\\/\\\/www.bellunopress.it\\\/#organization\",\"name\":\"Bellunopress\",\"url\":\"https:\\\/\\\/www.bellunopress.it\\\/\",\"logo\":{\"@type\":\"ImageObject\",\"inLanguage\":\"fr-FR\",\"@id\":\"https:\\\/\\\/www.bellunopress.it\\\/#\\\/schema\\\/logo\\\/image\\\/\",\"url\":\"https:\\\/\\\/www.bellunopress.it\\\/wp-content\\\/uploads\\\/2011\\\/05\\\/cropped-logo-bellunopress-.jpg\",\"contentUrl\":\"https:\\\/\\\/www.bellunopress.it\\\/wp-content\\\/uploads\\\/2011\\\/05\\\/cropped-logo-bellunopress-.jpg\",\"width\":512,\"height\":512,\"caption\":\"Bellunopress\"},\"image\":{\"@id\":\"https:\\\/\\\/www.bellunopress.it\\\/#\\\/schema\\\/logo\\\/image\\\/\"},\"sameAs\":[\"https:\\\/\\\/www.facebook.com\\\/profile.php?id=100008943462799\",\"https:\\\/\\\/x.com\\\/bellunopress\",\"https:\\\/\\\/www.linkedin.com\\\/hp\\\/?dnr=JBzUWaJfMUw8vbXJJ2tVW5-I3jZKvC4wsoxE&amp;amp;amp;amp;amp;amp;trk=nav_responsive_tab_home\",\"https:\\\/\\\/www.youtube.com\\\/channel\\\/UCxL0wu1uN0_3_7hGG0306cw\"]},{\"@type\":\"Person\",\"@id\":\"https:\\\/\\\/www.bellunopress.it\\\/#\\\/schema\\\/person\\\/79bb06722b37ece1c03d3e94beb30d73\",\"name\":\"redazione\",\"image\":{\"@type\":\"ImageObject\",\"inLanguage\":\"fr-FR\",\"@id\":\"https:\\\/\\\/secure.gravatar.com\\\/avatar\\\/37d968a2e67a6fd04c169c4bdef102d0bc5d31b2546345219e348575eb80e9a0?s=96&d=mm&r=g\",\"url\":\"https:\\\/\\\/secure.gravatar.com\\\/avatar\\\/37d968a2e67a6fd04c169c4bdef102d0bc5d31b2546345219e348575eb80e9a0?s=96&d=mm&r=g\",\"contentUrl\":\"https:\\\/\\\/secure.gravatar.com\\\/avatar\\\/37d968a2e67a6fd04c169c4bdef102d0bc5d31b2546345219e348575eb80e9a0?s=96&d=mm&r=g\",\"caption\":\"redazione\"},\"sameAs\":[\"http:\\\/\\\/www.bellunopress.it\",\"https:\\\/\\\/x.com\\\/bellunopress\"],\"url\":\"https:\\\/\\\/www.bellunopress.it\\\/fr\\\/author\\\/redazione\\\/\"}]}<\/script>\n<!-- \/ Yoast SEO plugin. -->","yoast_head_json":{"title":"A Cinema d\u2019Autore \u201cLista d\u2019attesa\u201d Gioved\u00ec 30 maggio, alle 21, in Sala Bianchi - Bellunopress - Dolomiti","robots":{"index":"index","follow":"follow","max-snippet":"max-snippet:-1","max-image-preview":"max-image-preview:large","max-video-preview":"max-video-preview:-1"},"canonical":"https:\/\/www.bellunopress.it\/fr\/2013\/05\/27\/a-cinema-dautore-lista-dattesa-giovedi-30-maggio-alle-21-in-sala-bianchi\/","og_locale":"fr_FR","og_type":"article","og_title":"A Cinema d\u2019Autore \u201cLista d\u2019attesa\u201d Gioved\u00ec 30 maggio, alle 21, in Sala Bianchi - Bellunopress - Dolomiti","og_description":"Gioved\u00ec 30 maggio, alle ore 21.00, nella Sala \u201cBianchi\u201d di Belluno, si svolger\u00e0 il secondo appuntamento della rassegna Autori e voci dall\u2019America Latina, con il film Lista d\u2019attesa del regista cubano Juan Carlos Tabio. Commedia corale e surreale Lista d\u2019attesa racconta la lunga attesa di un gruppo di persone bloccate, per alcuni giorni, in una [&hellip;]","og_url":"https:\/\/www.bellunopress.it\/fr\/2013\/05\/27\/a-cinema-dautore-lista-dattesa-giovedi-30-maggio-alle-21-in-sala-bianchi\/","og_site_name":"Bellunopress - Dolomiti","article_publisher":"https:\/\/www.facebook.com\/profile.php?id=100008943462799","article_published_time":"2013-05-27T22:28:39+00:00","article_modified_time":"2013-05-30T15:29:32+00:00","og_image":[{"url":"http:\/\/www.bellunopress.it\/wp-content\/uploads\/2012\/07\/logo-bellunopress-250x250-2012.jpg","type":"","width":"","height":""}],"author":"redazione","twitter_card":"summary_large_image","twitter_creator":"@bellunopress","twitter_site":"@bellunopress","twitter_misc":{"\u00c9crit par":"redazione","Dur\u00e9e de lecture estim\u00e9e":"1 minute"},"schema":{"@context":"https:\/\/schema.org","@graph":[{"@type":"Article","@id":"https:\/\/www.bellunopress.it\/2013\/05\/27\/a-cinema-dautore-lista-dattesa-giovedi-30-maggio-alle-21-in-sala-bianchi\/#article","isPartOf":{"@id":"https:\/\/www.bellunopress.it\/2013\/05\/27\/a-cinema-dautore-lista-dattesa-giovedi-30-maggio-alle-21-in-sala-bianchi\/"},"author":{"name":"redazione","@id":"https:\/\/www.bellunopress.it\/#\/schema\/person\/79bb06722b37ece1c03d3e94beb30d73"},"headline":"A Cinema d\u2019Autore \u201cLista d\u2019attesa\u201d Gioved\u00ec 30 maggio, alle 21, in Sala Bianchi","datePublished":"2013-05-27T22:28:39+00:00","dateModified":"2013-05-30T15:29:32+00:00","mainEntityOfPage":{"@id":"https:\/\/www.bellunopress.it\/2013\/05\/27\/a-cinema-dautore-lista-dattesa-giovedi-30-maggio-alle-21-in-sala-bianchi\/"},"wordCount":183,"publisher":{"@id":"https:\/\/www.bellunopress.it\/#organization"},"articleSection":["Appuntamenti, Eventi","Arte, Cultura, Spettacoli, Scienza","Pausa Caff\u00e8"],"inLanguage":"fr-FR"},{"@type":"WebPage","@id":"https:\/\/www.bellunopress.it\/2013\/05\/27\/a-cinema-dautore-lista-dattesa-giovedi-30-maggio-alle-21-in-sala-bianchi\/","url":"https:\/\/www.bellunopress.it\/2013\/05\/27\/a-cinema-dautore-lista-dattesa-giovedi-30-maggio-alle-21-in-sala-bianchi\/","name":"A Cinema d\u2019Autore \u201cLista d\u2019attesa\u201d Gioved\u00ec 30 maggio, alle 21, in Sala Bianchi - Bellunopress - Dolomiti","isPartOf":{"@id":"https:\/\/www.bellunopress.it\/#website"},"datePublished":"2013-05-27T22:28:39+00:00","dateModified":"2013-05-30T15:29:32+00:00","breadcrumb":{"@id":"https:\/\/www.bellunopress.it\/2013\/05\/27\/a-cinema-dautore-lista-dattesa-giovedi-30-maggio-alle-21-in-sala-bianchi\/#breadcrumb"},"inLanguage":"fr-FR","potentialAction":[{"@type":"ReadAction","target":["https:\/\/www.bellunopress.it\/2013\/05\/27\/a-cinema-dautore-lista-dattesa-giovedi-30-maggio-alle-21-in-sala-bianchi\/"]}]},{"@type":"BreadcrumbList","@id":"https:\/\/www.bellunopress.it\/2013\/05\/27\/a-cinema-dautore-lista-dattesa-giovedi-30-maggio-alle-21-in-sala-bianchi\/#breadcrumb","itemListElement":[{"@type":"ListItem","position":1,"name":"Home","item":"https:\/\/www.bellunopress.it\/"},{"@type":"ListItem","position":2,"name":"A Cinema d\u2019Autore \u201cLista d\u2019attesa\u201d Gioved\u00ec 30 maggio, alle 21, in Sala Bianchi"}]},{"@type":"WebSite","@id":"https:\/\/www.bellunopress.it\/#website","url":"https:\/\/www.bellunopress.it\/","name":"Bellunopress - Dolomiti","description":"e-mail: redazione@bellunopress.it","publisher":{"@id":"https:\/\/www.bellunopress.it\/#organization"},"potentialAction":[{"@type":"SearchAction","target":{"@type":"EntryPoint","urlTemplate":"https:\/\/www.bellunopress.it\/?s={search_term_string}"},"query-input":{"@type":"PropertyValueSpecification","valueRequired":true,"valueName":"search_term_string"}}],"inLanguage":"fr-FR"},{"@type":"Organization","@id":"https:\/\/www.bellunopress.it\/#organization","name":"Bellunopress","url":"https:\/\/www.bellunopress.it\/","logo":{"@type":"ImageObject","inLanguage":"fr-FR","@id":"https:\/\/www.bellunopress.it\/#\/schema\/logo\/image\/","url":"https:\/\/www.bellunopress.it\/wp-content\/uploads\/2011\/05\/cropped-logo-bellunopress-.jpg","contentUrl":"https:\/\/www.bellunopress.it\/wp-content\/uploads\/2011\/05\/cropped-logo-bellunopress-.jpg","width":512,"height":512,"caption":"Bellunopress"},"image":{"@id":"https:\/\/www.bellunopress.it\/#\/schema\/logo\/image\/"},"sameAs":["https:\/\/www.facebook.com\/profile.php?id=100008943462799","https:\/\/x.com\/bellunopress","https:\/\/www.linkedin.com\/hp\/?dnr=JBzUWaJfMUw8vbXJJ2tVW5-I3jZKvC4wsoxE&amp;amp;amp;amp;amp;amp;trk=nav_responsive_tab_home","https:\/\/www.youtube.com\/channel\/UCxL0wu1uN0_3_7hGG0306cw"]},{"@type":"Person","@id":"https:\/\/www.bellunopress.it\/#\/schema\/person\/79bb06722b37ece1c03d3e94beb30d73","name":"r\u00e9daction","image":{"@type":"ImageObject","inLanguage":"fr-FR","@id":"https:\/\/secure.gravatar.com\/avatar\/37d968a2e67a6fd04c169c4bdef102d0bc5d31b2546345219e348575eb80e9a0?s=96&d=mm&r=g","url":"https:\/\/secure.gravatar.com\/avatar\/37d968a2e67a6fd04c169c4bdef102d0bc5d31b2546345219e348575eb80e9a0?s=96&d=mm&r=g","contentUrl":"https:\/\/secure.gravatar.com\/avatar\/37d968a2e67a6fd04c169c4bdef102d0bc5d31b2546345219e348575eb80e9a0?s=96&d=mm&r=g","caption":"redazione"},"sameAs":["http:\/\/www.bellunopress.it","https:\/\/x.com\/bellunopress"],"url":"https:\/\/www.bellunopress.it\/fr\/author\/redazione\/"}]}},"_links":{"self":[{"href":"https:\/\/www.bellunopress.it\/fr\/wp-json\/wp\/v2\/posts\/49659","targetHints":{"allow":["GET"]}}],"collection":[{"href":"https:\/\/www.bellunopress.it\/fr\/wp-json\/wp\/v2\/posts"}],"about":[{"href":"https:\/\/www.bellunopress.it\/fr\/wp-json\/wp\/v2\/types\/post"}],"author":[{"embeddable":true,"href":"https:\/\/www.bellunopress.it\/fr\/wp-json\/wp\/v2\/users\/2"}],"replies":[{"embeddable":true,"href":"https:\/\/www.bellunopress.it\/fr\/wp-json\/wp\/v2\/comments?post=49659"}],"version-history":[{"count":1,"href":"https:\/\/www.bellunopress.it\/fr\/wp-json\/wp\/v2\/posts\/49659\/revisions"}],"predecessor-version":[{"id":49660,"href":"https:\/\/www.bellunopress.it\/fr\/wp-json\/wp\/v2\/posts\/49659\/revisions\/49660"}],"wp:attachment":[{"href":"https:\/\/www.bellunopress.it\/fr\/wp-json\/wp\/v2\/media?parent=49659"}],"wp:term":[{"taxonomy":"category","embeddable":true,"href":"https:\/\/www.bellunopress.it\/fr\/wp-json\/wp\/v2\/categories?post=49659"},{"taxonomy":"post_tag","embeddable":true,"href":"https:\/\/www.bellunopress.it\/fr\/wp-json\/wp\/v2\/tags?post=49659"}],"curies":[{"name":"wp","href":"https:\/\/api.w.org\/{rel}","templated":true}]}}