{"id":49614,"date":"2013-05-28T12:29:48","date_gmt":"2013-05-28T11:29:48","guid":{"rendered":"http:\/\/www.bellunopress.it\/?p=49614"},"modified":"2013-05-28T21:32:10","modified_gmt":"2013-05-28T20:32:10","slug":"referendum-di-bologna-la-vittoria-conferma-e-da-forza-alla-volonta-di-cambiare-pagina","status":"publish","type":"post","link":"https:\/\/www.bellunopress.it\/fr\/2013\/05\/28\/referendum-di-bologna-la-vittoria-conferma-e-da-forza-alla-volonta-di-cambiare-pagina\/","title":{"rendered":"Referendum di Bologna: la vittoria conferma e d\u00e0 forza alla volont\u00e0 di cambiare pagina"},"content":{"rendered":"<p><span style=\"font-size: 13px;\"><a href=\"http:\/\/www.bellunopress.it\/wp-content\/uploads\/2012\/01\/usb.jpg\"><img loading=\"lazy\" decoding=\"async\" class=\"alignleft size-full wp-image-34276\" alt=\"usb\" src=\"http:\/\/www.bellunopress.it\/wp-content\/uploads\/2012\/01\/usb.jpg\" width=\"150\" height=\"150\" \/><\/a>Il risultato di Bologna si aggiunge alla vittoria nel referendum sull&#8217;acqua di 2 anni fa e alla sonora bocciatura, alle elezioni di febbraio, delle politiche dei tagli, dell&#8217;austerit\u00e0 e delle privatizzazioni.<\/span><\/p>\n<p>Se 86.000 cittadini si sono recati alle urne in un referendum comunale e hanno disobbedito agli \u0093ordini di scuderia\u0094 dei partiti delle larghe intese, dei poteri economici, dei riferimenti religiosi e sindacali, non lo hanno fatto solo su un tema specifico, seppur centrale, come quello del diritto all&#8217;istruzione pubblica. Occorre cogliere la volont\u00e0 popolare di voltare pagina rispetto alle fallimentari politiche di tagli e privatizzazioni. Solo un anno fa tutti parlavano della necessit\u00e0 delle politiche di austerit\u00e0 per rispettare i vincoli europei; oggi si mettono in discussione i diktat della BCE e la stessa permanenza nell&#8217;Euro, se questi si traducono nel dover rinunciare alla scuola per i propri figli.<\/p>\n<p>Ora bisogna trasformare la vittoria di Bologna in una base per riconquistare il nostro Stato Sociale, a partire dal diritto alla scuola pubblica per tutti. Questo risultato deve mettere la parola fine al progetto degli ultimi 20 anni, che partendo dall&#8217;autonomia scolastica, mirava ad un modello d&#8217;istruzione sempre pi\u00f9 escludente; un modello in cui i figli dei lavoratori hanno trovato sempre meno spazio, come ci dicono i dati sul crollo delle iscrizioni all&#8217;universit\u00e0.<\/p>\n<p>La scuola deve tornare ad essere quel luogo in cui si promuove il progresso culturale e sociale dei figli del mondo del lavoro.<\/p>\n<p>In mesi di campagna elettorale i militanti dell&#8217;USB, tra i fondatori del Comitato referendario Art. 33, sono stati protagonisti di centinaia di volantinaggi, assemblee sui posti di lavoro, dibattiti e manifestazioni e in ogni luogo hanno percepito come il ragionamento che esprimiamo da anni \u00e8 ormai quello percepito dal buon senso della stragrande maggioranza dei ceti popolari.<\/p>\n<p>La giunta di Bologna, i poteri politici ed economici, cisl, uil e cgil che in questi mesi si sono contrapposti ai cittadini bolognesi, sostenendo le ragioni dei finanziamenti alla scuola privata, devono prendere atto del fatto che non rappresentano la volont\u00e0 popolare e devono fermare tutte le manovre di privatizzazione e esternalizzazione dei servizi, di chiusura degli spazi democratici e sindacali.<\/p>\n<p>Il risultato del referendum chiaramente \u00e8 solo un inizio, seppur importantissimo. Sappiamo che per dare gambe e alla volont\u00e0 popolare sar\u00e0 fondamentale proseguire la lotta ed il conflitto, a Bologna come nel resto del paese.<\/p>\n<p>USB Unione Sindacale di Base<\/p>\n<p>&nbsp;<\/p>","protected":false},"excerpt":{"rendered":"<p>Il risultato di Bologna si aggiunge alla vittoria nel referendum sull&#8217;acqua di 2 anni fa e alla sonora bocciatura, alle elezioni di febbraio, delle politiche dei tagli, dell&#8217;austerit\u00e0 e delle privatizzazioni. Se 86.000 cittadini si sono recati alle urne in un referendum comunale e hanno disobbedito agli \u0093ordini di scuderia\u0094 dei partiti delle larghe intese, [&hellip;]<\/p>\n","protected":false},"author":2,"featured_media":0,"comment_status":"closed","ping_status":"open","sticky":false,"template":"","format":"standard","meta":{"footnotes":""},"categories":[26,15,8],"tags":[],"class_list":["post-49614","post","type-post","status-publish","format-standard","category-prima-pagina","category-scuola","category-societa-istituzioni"],"yoast_head":"<!-- This site is optimized with the Yoast SEO plugin v28.4 - https:\/\/yoast.com\/product\/yoast-seo-wordpress\/ -->\n<title>Referendum di Bologna: la vittoria conferma e d\u00e0 forza alla volont\u00e0 di cambiare pagina - Bellunopress - Dolomiti<\/title>\n<meta name=\"robots\" content=\"index, follow, max-snippet:-1, max-image-preview:large, max-video-preview:-1\" \/>\n<link rel=\"canonical\" href=\"https:\/\/www.bellunopress.it\/fr\/2013\/05\/28\/referendum-di-bologna-la-vittoria-conferma-e-da-forza-alla-volonta-di-cambiare-pagina\/\" \/>\n<meta property=\"og:locale\" content=\"fr_FR\" \/>\n<meta property=\"og:type\" content=\"article\" \/>\n<meta property=\"og:title\" content=\"Referendum di Bologna: la vittoria conferma e d\u00e0 forza alla volont\u00e0 di cambiare pagina - Bellunopress - Dolomiti\" \/>\n<meta property=\"og:description\" content=\"Il risultato di Bologna si aggiunge alla vittoria nel referendum sull&#8217;acqua di 2 anni fa e alla sonora bocciatura, alle elezioni di febbraio, delle politiche dei tagli, dell&#8217;austerit\u00e0 e delle privatizzazioni. Se 86.000 cittadini si sono recati alle urne in un referendum comunale e hanno disobbedito agli \u0093ordini di scuderia\u0094 dei partiti delle larghe intese, [&hellip;]\" \/>\n<meta property=\"og:url\" content=\"https:\/\/www.bellunopress.it\/fr\/2013\/05\/28\/referendum-di-bologna-la-vittoria-conferma-e-da-forza-alla-volonta-di-cambiare-pagina\/\" \/>\n<meta property=\"og:site_name\" content=\"Bellunopress - Dolomiti\" \/>\n<meta property=\"article:publisher\" content=\"https:\/\/www.facebook.com\/profile.php?id=100008943462799\" \/>\n<meta property=\"article:published_time\" content=\"2013-05-28T11:29:48+00:00\" \/>\n<meta property=\"article:modified_time\" content=\"2013-05-28T20:32:10+00:00\" \/>\n<meta property=\"og:image\" content=\"http:\/\/www.bellunopress.it\/wp-content\/uploads\/2012\/01\/usb.jpg\" \/>\n<meta name=\"author\" content=\"redazione\" \/>\n<meta name=\"twitter:card\" content=\"summary_large_image\" \/>\n<meta name=\"twitter:creator\" content=\"@bellunopress\" \/>\n<meta name=\"twitter:site\" content=\"@bellunopress\" \/>\n<meta name=\"twitter:label1\" content=\"\u00c9crit par\" \/>\n\t<meta name=\"twitter:data1\" content=\"redazione\" \/>\n\t<meta name=\"twitter:label2\" content=\"Dur\u00e9e de lecture estim\u00e9e\" \/>\n\t<meta name=\"twitter:data2\" content=\"2 minutes\" \/>\n<script type=\"application\/ld+json\" class=\"yoast-schema-graph\">{\"@context\":\"https:\\\/\\\/schema.org\",\"@graph\":[{\"@type\":\"Article\",\"@id\":\"https:\\\/\\\/www.bellunopress.it\\\/2013\\\/05\\\/28\\\/referendum-di-bologna-la-vittoria-conferma-e-da-forza-alla-volonta-di-cambiare-pagina\\\/#article\",\"isPartOf\":{\"@id\":\"https:\\\/\\\/www.bellunopress.it\\\/2013\\\/05\\\/28\\\/referendum-di-bologna-la-vittoria-conferma-e-da-forza-alla-volonta-di-cambiare-pagina\\\/\"},\"author\":{\"name\":\"redazione\",\"@id\":\"https:\\\/\\\/www.bellunopress.it\\\/#\\\/schema\\\/person\\\/79bb06722b37ece1c03d3e94beb30d73\"},\"headline\":\"Referendum di Bologna: la vittoria conferma e d\u00e0 forza alla volont\u00e0 di cambiare pagina\",\"datePublished\":\"2013-05-28T11:29:48+00:00\",\"dateModified\":\"2013-05-28T20:32:10+00:00\",\"mainEntityOfPage\":{\"@id\":\"https:\\\/\\\/www.bellunopress.it\\\/2013\\\/05\\\/28\\\/referendum-di-bologna-la-vittoria-conferma-e-da-forza-alla-volonta-di-cambiare-pagina\\\/\"},\"wordCount\":411,\"publisher\":{\"@id\":\"https:\\\/\\\/www.bellunopress.it\\\/#organization\"},\"image\":{\"@id\":\"https:\\\/\\\/www.bellunopress.it\\\/2013\\\/05\\\/28\\\/referendum-di-bologna-la-vittoria-conferma-e-da-forza-alla-volonta-di-cambiare-pagina\\\/#primaryimage\"},\"thumbnailUrl\":\"http:\\\/\\\/www.bellunopress.it\\\/wp-content\\\/uploads\\\/2012\\\/01\\\/usb.jpg\",\"articleSection\":[\"Prima Pagina\",\"Scuola\",\"Societ\u00e0, Associazioni, Istituzioni\"],\"inLanguage\":\"fr-FR\"},{\"@type\":\"WebPage\",\"@id\":\"https:\\\/\\\/www.bellunopress.it\\\/2013\\\/05\\\/28\\\/referendum-di-bologna-la-vittoria-conferma-e-da-forza-alla-volonta-di-cambiare-pagina\\\/\",\"url\":\"https:\\\/\\\/www.bellunopress.it\\\/2013\\\/05\\\/28\\\/referendum-di-bologna-la-vittoria-conferma-e-da-forza-alla-volonta-di-cambiare-pagina\\\/\",\"name\":\"Referendum di Bologna: la vittoria conferma e d\u00e0 forza alla volont\u00e0 di cambiare pagina - Bellunopress - Dolomiti\",\"isPartOf\":{\"@id\":\"https:\\\/\\\/www.bellunopress.it\\\/#website\"},\"primaryImageOfPage\":{\"@id\":\"https:\\\/\\\/www.bellunopress.it\\\/2013\\\/05\\\/28\\\/referendum-di-bologna-la-vittoria-conferma-e-da-forza-alla-volonta-di-cambiare-pagina\\\/#primaryimage\"},\"image\":{\"@id\":\"https:\\\/\\\/www.bellunopress.it\\\/2013\\\/05\\\/28\\\/referendum-di-bologna-la-vittoria-conferma-e-da-forza-alla-volonta-di-cambiare-pagina\\\/#primaryimage\"},\"thumbnailUrl\":\"http:\\\/\\\/www.bellunopress.it\\\/wp-content\\\/uploads\\\/2012\\\/01\\\/usb.jpg\",\"datePublished\":\"2013-05-28T11:29:48+00:00\",\"dateModified\":\"2013-05-28T20:32:10+00:00\",\"breadcrumb\":{\"@id\":\"https:\\\/\\\/www.bellunopress.it\\\/2013\\\/05\\\/28\\\/referendum-di-bologna-la-vittoria-conferma-e-da-forza-alla-volonta-di-cambiare-pagina\\\/#breadcrumb\"},\"inLanguage\":\"fr-FR\",\"potentialAction\":[{\"@type\":\"ReadAction\",\"target\":[\"https:\\\/\\\/www.bellunopress.it\\\/2013\\\/05\\\/28\\\/referendum-di-bologna-la-vittoria-conferma-e-da-forza-alla-volonta-di-cambiare-pagina\\\/\"]}]},{\"@type\":\"ImageObject\",\"inLanguage\":\"fr-FR\",\"@id\":\"https:\\\/\\\/www.bellunopress.it\\\/2013\\\/05\\\/28\\\/referendum-di-bologna-la-vittoria-conferma-e-da-forza-alla-volonta-di-cambiare-pagina\\\/#primaryimage\",\"url\":\"http:\\\/\\\/www.bellunopress.it\\\/wp-content\\\/uploads\\\/2012\\\/01\\\/usb.jpg\",\"contentUrl\":\"http:\\\/\\\/www.bellunopress.it\\\/wp-content\\\/uploads\\\/2012\\\/01\\\/usb.jpg\"},{\"@type\":\"BreadcrumbList\",\"@id\":\"https:\\\/\\\/www.bellunopress.it\\\/2013\\\/05\\\/28\\\/referendum-di-bologna-la-vittoria-conferma-e-da-forza-alla-volonta-di-cambiare-pagina\\\/#breadcrumb\",\"itemListElement\":[{\"@type\":\"ListItem\",\"position\":1,\"name\":\"Home\",\"item\":\"https:\\\/\\\/www.bellunopress.it\\\/\"},{\"@type\":\"ListItem\",\"position\":2,\"name\":\"Referendum di Bologna: la vittoria conferma e d\u00e0 forza alla volont\u00e0 di cambiare pagina\"}]},{\"@type\":\"WebSite\",\"@id\":\"https:\\\/\\\/www.bellunopress.it\\\/#website\",\"url\":\"https:\\\/\\\/www.bellunopress.it\\\/\",\"name\":\"Bellunopress - Dolomiti\",\"description\":\"e-mail: redazione@bellunopress.it\",\"publisher\":{\"@id\":\"https:\\\/\\\/www.bellunopress.it\\\/#organization\"},\"potentialAction\":[{\"@type\":\"SearchAction\",\"target\":{\"@type\":\"EntryPoint\",\"urlTemplate\":\"https:\\\/\\\/www.bellunopress.it\\\/?s={search_term_string}\"},\"query-input\":{\"@type\":\"PropertyValueSpecification\",\"valueRequired\":true,\"valueName\":\"search_term_string\"}}],\"inLanguage\":\"fr-FR\"},{\"@type\":\"Organization\",\"@id\":\"https:\\\/\\\/www.bellunopress.it\\\/#organization\",\"name\":\"Bellunopress\",\"url\":\"https:\\\/\\\/www.bellunopress.it\\\/\",\"logo\":{\"@type\":\"ImageObject\",\"inLanguage\":\"fr-FR\",\"@id\":\"https:\\\/\\\/www.bellunopress.it\\\/#\\\/schema\\\/logo\\\/image\\\/\",\"url\":\"https:\\\/\\\/www.bellunopress.it\\\/wp-content\\\/uploads\\\/2011\\\/05\\\/cropped-logo-bellunopress-.jpg\",\"contentUrl\":\"https:\\\/\\\/www.bellunopress.it\\\/wp-content\\\/uploads\\\/2011\\\/05\\\/cropped-logo-bellunopress-.jpg\",\"width\":512,\"height\":512,\"caption\":\"Bellunopress\"},\"image\":{\"@id\":\"https:\\\/\\\/www.bellunopress.it\\\/#\\\/schema\\\/logo\\\/image\\\/\"},\"sameAs\":[\"https:\\\/\\\/www.facebook.com\\\/profile.php?id=100008943462799\",\"https:\\\/\\\/x.com\\\/bellunopress\",\"https:\\\/\\\/www.linkedin.com\\\/hp\\\/?dnr=JBzUWaJfMUw8vbXJJ2tVW5-I3jZKvC4wsoxE&amp;amp;amp;amp;amp;amp;trk=nav_responsive_tab_home\",\"https:\\\/\\\/www.youtube.com\\\/channel\\\/UCxL0wu1uN0_3_7hGG0306cw\"]},{\"@type\":\"Person\",\"@id\":\"https:\\\/\\\/www.bellunopress.it\\\/#\\\/schema\\\/person\\\/79bb06722b37ece1c03d3e94beb30d73\",\"name\":\"redazione\",\"image\":{\"@type\":\"ImageObject\",\"inLanguage\":\"fr-FR\",\"@id\":\"https:\\\/\\\/secure.gravatar.com\\\/avatar\\\/37d968a2e67a6fd04c169c4bdef102d0bc5d31b2546345219e348575eb80e9a0?s=96&d=mm&r=g\",\"url\":\"https:\\\/\\\/secure.gravatar.com\\\/avatar\\\/37d968a2e67a6fd04c169c4bdef102d0bc5d31b2546345219e348575eb80e9a0?s=96&d=mm&r=g\",\"contentUrl\":\"https:\\\/\\\/secure.gravatar.com\\\/avatar\\\/37d968a2e67a6fd04c169c4bdef102d0bc5d31b2546345219e348575eb80e9a0?s=96&d=mm&r=g\",\"caption\":\"redazione\"},\"sameAs\":[\"http:\\\/\\\/www.bellunopress.it\",\"https:\\\/\\\/x.com\\\/bellunopress\"],\"url\":\"https:\\\/\\\/www.bellunopress.it\\\/fr\\\/author\\\/redazione\\\/\"}]}<\/script>\n<!-- \/ Yoast SEO plugin. -->","yoast_head_json":{"title":"Referendum di Bologna: la vittoria conferma e d\u00e0 forza alla volont\u00e0 di cambiare pagina - Bellunopress - Dolomiti","robots":{"index":"index","follow":"follow","max-snippet":"max-snippet:-1","max-image-preview":"max-image-preview:large","max-video-preview":"max-video-preview:-1"},"canonical":"https:\/\/www.bellunopress.it\/fr\/2013\/05\/28\/referendum-di-bologna-la-vittoria-conferma-e-da-forza-alla-volonta-di-cambiare-pagina\/","og_locale":"fr_FR","og_type":"article","og_title":"Referendum di Bologna: la vittoria conferma e d\u00e0 forza alla volont\u00e0 di cambiare pagina - Bellunopress - Dolomiti","og_description":"Il risultato di Bologna si aggiunge alla vittoria nel referendum sull&#8217;acqua di 2 anni fa e alla sonora bocciatura, alle elezioni di febbraio, delle politiche dei tagli, dell&#8217;austerit\u00e0 e delle privatizzazioni. Se 86.000 cittadini si sono recati alle urne in un referendum comunale e hanno disobbedito agli \u0093ordini di scuderia\u0094 dei partiti delle larghe intese, [&hellip;]","og_url":"https:\/\/www.bellunopress.it\/fr\/2013\/05\/28\/referendum-di-bologna-la-vittoria-conferma-e-da-forza-alla-volonta-di-cambiare-pagina\/","og_site_name":"Bellunopress - Dolomiti","article_publisher":"https:\/\/www.facebook.com\/profile.php?id=100008943462799","article_published_time":"2013-05-28T11:29:48+00:00","article_modified_time":"2013-05-28T20:32:10+00:00","og_image":[{"url":"http:\/\/www.bellunopress.it\/wp-content\/uploads\/2012\/01\/usb.jpg","type":"","width":"","height":""}],"author":"redazione","twitter_card":"summary_large_image","twitter_creator":"@bellunopress","twitter_site":"@bellunopress","twitter_misc":{"\u00c9crit par":"redazione","Dur\u00e9e de lecture estim\u00e9e":"2 minutes"},"schema":{"@context":"https:\/\/schema.org","@graph":[{"@type":"Article","@id":"https:\/\/www.bellunopress.it\/2013\/05\/28\/referendum-di-bologna-la-vittoria-conferma-e-da-forza-alla-volonta-di-cambiare-pagina\/#article","isPartOf":{"@id":"https:\/\/www.bellunopress.it\/2013\/05\/28\/referendum-di-bologna-la-vittoria-conferma-e-da-forza-alla-volonta-di-cambiare-pagina\/"},"author":{"name":"redazione","@id":"https:\/\/www.bellunopress.it\/#\/schema\/person\/79bb06722b37ece1c03d3e94beb30d73"},"headline":"Referendum di Bologna: la vittoria conferma e d\u00e0 forza alla volont\u00e0 di cambiare pagina","datePublished":"2013-05-28T11:29:48+00:00","dateModified":"2013-05-28T20:32:10+00:00","mainEntityOfPage":{"@id":"https:\/\/www.bellunopress.it\/2013\/05\/28\/referendum-di-bologna-la-vittoria-conferma-e-da-forza-alla-volonta-di-cambiare-pagina\/"},"wordCount":411,"publisher":{"@id":"https:\/\/www.bellunopress.it\/#organization"},"image":{"@id":"https:\/\/www.bellunopress.it\/2013\/05\/28\/referendum-di-bologna-la-vittoria-conferma-e-da-forza-alla-volonta-di-cambiare-pagina\/#primaryimage"},"thumbnailUrl":"http:\/\/www.bellunopress.it\/wp-content\/uploads\/2012\/01\/usb.jpg","articleSection":["Prima Pagina","Scuola","Societ\u00e0, Associazioni, Istituzioni"],"inLanguage":"fr-FR"},{"@type":"WebPage","@id":"https:\/\/www.bellunopress.it\/2013\/05\/28\/referendum-di-bologna-la-vittoria-conferma-e-da-forza-alla-volonta-di-cambiare-pagina\/","url":"https:\/\/www.bellunopress.it\/2013\/05\/28\/referendum-di-bologna-la-vittoria-conferma-e-da-forza-alla-volonta-di-cambiare-pagina\/","name":"Referendum di Bologna: la vittoria conferma e d\u00e0 forza alla volont\u00e0 di cambiare pagina - Bellunopress - Dolomiti","isPartOf":{"@id":"https:\/\/www.bellunopress.it\/#website"},"primaryImageOfPage":{"@id":"https:\/\/www.bellunopress.it\/2013\/05\/28\/referendum-di-bologna-la-vittoria-conferma-e-da-forza-alla-volonta-di-cambiare-pagina\/#primaryimage"},"image":{"@id":"https:\/\/www.bellunopress.it\/2013\/05\/28\/referendum-di-bologna-la-vittoria-conferma-e-da-forza-alla-volonta-di-cambiare-pagina\/#primaryimage"},"thumbnailUrl":"http:\/\/www.bellunopress.it\/wp-content\/uploads\/2012\/01\/usb.jpg","datePublished":"2013-05-28T11:29:48+00:00","dateModified":"2013-05-28T20:32:10+00:00","breadcrumb":{"@id":"https:\/\/www.bellunopress.it\/2013\/05\/28\/referendum-di-bologna-la-vittoria-conferma-e-da-forza-alla-volonta-di-cambiare-pagina\/#breadcrumb"},"inLanguage":"fr-FR","potentialAction":[{"@type":"ReadAction","target":["https:\/\/www.bellunopress.it\/2013\/05\/28\/referendum-di-bologna-la-vittoria-conferma-e-da-forza-alla-volonta-di-cambiare-pagina\/"]}]},{"@type":"ImageObject","inLanguage":"fr-FR","@id":"https:\/\/www.bellunopress.it\/2013\/05\/28\/referendum-di-bologna-la-vittoria-conferma-e-da-forza-alla-volonta-di-cambiare-pagina\/#primaryimage","url":"http:\/\/www.bellunopress.it\/wp-content\/uploads\/2012\/01\/usb.jpg","contentUrl":"http:\/\/www.bellunopress.it\/wp-content\/uploads\/2012\/01\/usb.jpg"},{"@type":"BreadcrumbList","@id":"https:\/\/www.bellunopress.it\/2013\/05\/28\/referendum-di-bologna-la-vittoria-conferma-e-da-forza-alla-volonta-di-cambiare-pagina\/#breadcrumb","itemListElement":[{"@type":"ListItem","position":1,"name":"Home","item":"https:\/\/www.bellunopress.it\/"},{"@type":"ListItem","position":2,"name":"Referendum di Bologna: la vittoria conferma e d\u00e0 forza alla volont\u00e0 di cambiare pagina"}]},{"@type":"WebSite","@id":"https:\/\/www.bellunopress.it\/#website","url":"https:\/\/www.bellunopress.it\/","name":"Bellunopress - Dolomiti","description":"e-mail: redazione@bellunopress.it","publisher":{"@id":"https:\/\/www.bellunopress.it\/#organization"},"potentialAction":[{"@type":"SearchAction","target":{"@type":"EntryPoint","urlTemplate":"https:\/\/www.bellunopress.it\/?s={search_term_string}"},"query-input":{"@type":"PropertyValueSpecification","valueRequired":true,"valueName":"search_term_string"}}],"inLanguage":"fr-FR"},{"@type":"Organization","@id":"https:\/\/www.bellunopress.it\/#organization","name":"Bellunopress","url":"https:\/\/www.bellunopress.it\/","logo":{"@type":"ImageObject","inLanguage":"fr-FR","@id":"https:\/\/www.bellunopress.it\/#\/schema\/logo\/image\/","url":"https:\/\/www.bellunopress.it\/wp-content\/uploads\/2011\/05\/cropped-logo-bellunopress-.jpg","contentUrl":"https:\/\/www.bellunopress.it\/wp-content\/uploads\/2011\/05\/cropped-logo-bellunopress-.jpg","width":512,"height":512,"caption":"Bellunopress"},"image":{"@id":"https:\/\/www.bellunopress.it\/#\/schema\/logo\/image\/"},"sameAs":["https:\/\/www.facebook.com\/profile.php?id=100008943462799","https:\/\/x.com\/bellunopress","https:\/\/www.linkedin.com\/hp\/?dnr=JBzUWaJfMUw8vbXJJ2tVW5-I3jZKvC4wsoxE&amp;amp;amp;amp;amp;amp;trk=nav_responsive_tab_home","https:\/\/www.youtube.com\/channel\/UCxL0wu1uN0_3_7hGG0306cw"]},{"@type":"Person","@id":"https:\/\/www.bellunopress.it\/#\/schema\/person\/79bb06722b37ece1c03d3e94beb30d73","name":"r\u00e9daction","image":{"@type":"ImageObject","inLanguage":"fr-FR","@id":"https:\/\/secure.gravatar.com\/avatar\/37d968a2e67a6fd04c169c4bdef102d0bc5d31b2546345219e348575eb80e9a0?s=96&d=mm&r=g","url":"https:\/\/secure.gravatar.com\/avatar\/37d968a2e67a6fd04c169c4bdef102d0bc5d31b2546345219e348575eb80e9a0?s=96&d=mm&r=g","contentUrl":"https:\/\/secure.gravatar.com\/avatar\/37d968a2e67a6fd04c169c4bdef102d0bc5d31b2546345219e348575eb80e9a0?s=96&d=mm&r=g","caption":"redazione"},"sameAs":["http:\/\/www.bellunopress.it","https:\/\/x.com\/bellunopress"],"url":"https:\/\/www.bellunopress.it\/fr\/author\/redazione\/"}]}},"_links":{"self":[{"href":"https:\/\/www.bellunopress.it\/fr\/wp-json\/wp\/v2\/posts\/49614","targetHints":{"allow":["GET"]}}],"collection":[{"href":"https:\/\/www.bellunopress.it\/fr\/wp-json\/wp\/v2\/posts"}],"about":[{"href":"https:\/\/www.bellunopress.it\/fr\/wp-json\/wp\/v2\/types\/post"}],"author":[{"embeddable":true,"href":"https:\/\/www.bellunopress.it\/fr\/wp-json\/wp\/v2\/users\/2"}],"replies":[{"embeddable":true,"href":"https:\/\/www.bellunopress.it\/fr\/wp-json\/wp\/v2\/comments?post=49614"}],"version-history":[{"count":1,"href":"https:\/\/www.bellunopress.it\/fr\/wp-json\/wp\/v2\/posts\/49614\/revisions"}],"predecessor-version":[{"id":49615,"href":"https:\/\/www.bellunopress.it\/fr\/wp-json\/wp\/v2\/posts\/49614\/revisions\/49615"}],"wp:attachment":[{"href":"https:\/\/www.bellunopress.it\/fr\/wp-json\/wp\/v2\/media?parent=49614"}],"wp:term":[{"taxonomy":"category","embeddable":true,"href":"https:\/\/www.bellunopress.it\/fr\/wp-json\/wp\/v2\/categories?post=49614"},{"taxonomy":"post_tag","embeddable":true,"href":"https:\/\/www.bellunopress.it\/fr\/wp-json\/wp\/v2\/tags?post=49614"}],"curies":[{"name":"wp","href":"https:\/\/api.w.org\/{rel}","templated":true}]}}