{"id":49595,"date":"2013-05-28T14:40:48","date_gmt":"2013-05-28T13:40:48","guid":{"rendered":"http:\/\/www.bellunopress.it\/?p=49595"},"modified":"2013-05-28T14:40:48","modified_gmt":"2013-05-28T13:40:48","slug":"sabato-a-feltre-veneti-fair-di-e-con-marta-dalla-via-inizia-la-ii-parte-della-rassegna-far-sena-par-sisto","status":"publish","type":"post","link":"https:\/\/www.bellunopress.it\/fr\/2013\/05\/28\/sabato-a-feltre-veneti-fair-di-e-con-marta-dalla-via-inizia-la-ii-parte-della-rassegna-far-sena-par-sisto\/","title":{"rendered":"Sabato a Feltre: Veneti Fair di e con Marta Dalla Via inizia la II parte della rassegna &#8220;Far Sena par Sisto&#8221;"},"content":{"rendered":"<p><a href=\"http:\/\/www.bellunopress.it\/wp-content\/uploads\/2009\/08\/teatro-la-sena-feltre.jpg\"><img loading=\"lazy\" decoding=\"async\" class=\"alignleft size-full wp-image-7091\" alt=\"teatro-la-sena-feltre\" src=\"http:\/\/www.bellunopress.it\/wp-content\/uploads\/2009\/08\/teatro-la-sena-feltre.jpg\" width=\"270\" height=\"216\" \/><\/a>Inizia sabato 1^ giugno, alle ore 21, con Marta Dalla Via la seconda parte della rassegna Far Sena Par Sisto, rassegna teatrale in ricordo di Sisto Dalla Palma, sostenuta dalla Regione del Veneto.<\/p>\n<p>Lo spettacolo \u201cVeneti Fair\u201d, scritto dalla stessa attrice per la regia di Angela Malfitano, \u00e8 un monologo divertente e ironico che con affetto, ma anche senza piet\u00e0, mette alla berlina stereotipi e clich\u00e9 di un nordest pieno di contraddizioni. Sul palco, il volto e la voce di Marta Dalla Via si trasformano e danno corpo a tanti personaggi grotteschi. Miss Polenta, il Morto di Biancosarti, la Pettegola Bigotta, il Professore Emigrato&#8230;. Una fiera della &#8220;venetit\u00e0&#8221; comica e tragica al tempo stesso, popolata di maschere che l&#8217;attrice-autrice mostra di amare &#8211; pur detestandone l&#8217;ideologia &#8211; e che dichiara di aver costruito partendo da persone realmente esistenti, che ha incontrato e continua ad incontrare. Nei loro tic e smorfie di clown irresistibilmente ridicoli ma reali scorgiamo i paradossi di una terra ricchissima di risorse, di possibilit\u00e0 di lavoro e di benessere materiale, che rischia per\u00f2 di ammalarsi di egoismo e disumanit\u00e0. E in questo specchio vediamo le contraddizioni dell&#8217;Italia intera.<\/p>\n<p>Marta Dalla Via \u00e8 una giovane attrice e performer veneta laureata nel 2003 al DAMS di Bologna. Dopo un periodo di studio sulla commedia dell&#8217;arte con Carlo Boso a Parigi, dal 2002 ha lavorato con la compagnia Pantakin di Venezia con la quale ha vinto il Leone d&#8217;oro alla Biennale di teatro nel 2006 e il premio della critica nel 2008. Dal 2006 \u00e8 autrice dei suoi allestimenti dove mescola tecniche di maschera e clown alla nuova drammaturgia. Nel 2008 ha vinto il primo premio del concorso Menab\u00f2 con la performance \u201cLa Olga 1958\u201d. Nel 2010 ha vinto il Carlino d&#8217;oro come comico pi\u00f9 originale e il premio Kantor con il progetto \u201cPiccolo mondo alpino\u201d. Il testo di \u201cPiccolo mondo alpino\u201d, scritto insieme al fratello, ha ricevuto anche la menzione speciale della giuria al concorso drammaturgico \u201cCTAS oltrelaparola 2010\u201d ed \u00e8 stato presentato sul palco de la Sena lo scorso m ese di ottobre.<\/p>\n<p>I biglietti, al costo di \u20ac 8,00, sono da prenotare e ritirare presso il negozio L&#8217;Alchimista di Borgo Ruga, 2 (tel. 3270917670) oppure presso il Center Shop Music Club (Tony Dischi) di via Montelungo 4 (tel. 0439\/302007).<\/p>","protected":false},"excerpt":{"rendered":"<p>Inizia sabato 1^ giugno, alle ore 21, con Marta Dalla Via la seconda parte della rassegna Far Sena Par Sisto, rassegna teatrale in ricordo di Sisto Dalla Palma, sostenuta dalla Regione del Veneto. Lo spettacolo \u201cVeneti Fair\u201d, scritto dalla stessa attrice per la regia di Angela Malfitano, \u00e8 un monologo divertente e ironico che con [&hellip;]<\/p>\n","protected":false},"author":2,"featured_media":0,"comment_status":"closed","ping_status":"open","sticky":false,"template":"","format":"standard","meta":{"footnotes":""},"categories":[27,3,26],"tags":[],"class_list":["post-49595","post","type-post","status-publish","format-standard","category-appuntamenti","category-arte-cultura-spettacoli-scienza-archivi","category-prima-pagina"],"yoast_head":"<!-- This site is optimized with the Yoast SEO plugin v28.4 - https:\/\/yoast.com\/product\/yoast-seo-wordpress\/ -->\n<title>Sabato a Feltre: Veneti Fair di e con Marta Dalla Via inizia la II parte della rassegna &quot;Far Sena par Sisto&quot; - Bellunopress - Dolomiti<\/title>\n<meta name=\"robots\" content=\"index, follow, max-snippet:-1, max-image-preview:large, max-video-preview:-1\" \/>\n<link rel=\"canonical\" href=\"https:\/\/www.bellunopress.it\/fr\/2013\/05\/28\/sabato-a-feltre-veneti-fair-di-e-con-marta-dalla-via-inizia-la-ii-parte-della-rassegna-far-sena-par-sisto\/\" \/>\n<meta property=\"og:locale\" content=\"fr_FR\" \/>\n<meta property=\"og:type\" content=\"article\" \/>\n<meta property=\"og:title\" content=\"Sabato a Feltre: Veneti Fair di e con Marta Dalla Via inizia la II parte della rassegna &quot;Far Sena par Sisto&quot; - Bellunopress - Dolomiti\" \/>\n<meta property=\"og:description\" content=\"Inizia sabato 1^ giugno, alle ore 21, con Marta Dalla Via la seconda parte della rassegna Far Sena Par Sisto, rassegna teatrale in ricordo di Sisto Dalla Palma, sostenuta dalla Regione del Veneto. Lo spettacolo \u201cVeneti Fair\u201d, scritto dalla stessa attrice per la regia di Angela Malfitano, \u00e8 un monologo divertente e ironico che con [&hellip;]\" \/>\n<meta property=\"og:url\" content=\"https:\/\/www.bellunopress.it\/fr\/2013\/05\/28\/sabato-a-feltre-veneti-fair-di-e-con-marta-dalla-via-inizia-la-ii-parte-della-rassegna-far-sena-par-sisto\/\" \/>\n<meta property=\"og:site_name\" content=\"Bellunopress - Dolomiti\" \/>\n<meta property=\"article:publisher\" content=\"https:\/\/www.facebook.com\/profile.php?id=100008943462799\" \/>\n<meta property=\"article:published_time\" content=\"2013-05-28T13:40:48+00:00\" \/>\n<meta property=\"og:image\" content=\"http:\/\/www.bellunopress.it\/wp-content\/uploads\/2009\/08\/teatro-la-sena-feltre.jpg\" \/>\n<meta name=\"author\" content=\"redazione\" \/>\n<meta name=\"twitter:card\" content=\"summary_large_image\" \/>\n<meta name=\"twitter:creator\" content=\"@bellunopress\" \/>\n<meta name=\"twitter:site\" content=\"@bellunopress\" \/>\n<meta name=\"twitter:label1\" content=\"\u00c9crit par\" \/>\n\t<meta name=\"twitter:data1\" content=\"redazione\" \/>\n\t<meta name=\"twitter:label2\" content=\"Dur\u00e9e de lecture estim\u00e9e\" \/>\n\t<meta name=\"twitter:data2\" content=\"2 minutes\" \/>\n<script type=\"application\/ld+json\" class=\"yoast-schema-graph\">{\"@context\":\"https:\\\/\\\/schema.org\",\"@graph\":[{\"@type\":\"Article\",\"@id\":\"https:\\\/\\\/www.bellunopress.it\\\/2013\\\/05\\\/28\\\/sabato-a-feltre-veneti-fair-di-e-con-marta-dalla-via-inizia-la-ii-parte-della-rassegna-far-sena-par-sisto\\\/#article\",\"isPartOf\":{\"@id\":\"https:\\\/\\\/www.bellunopress.it\\\/2013\\\/05\\\/28\\\/sabato-a-feltre-veneti-fair-di-e-con-marta-dalla-via-inizia-la-ii-parte-della-rassegna-far-sena-par-sisto\\\/\"},\"author\":{\"name\":\"redazione\",\"@id\":\"https:\\\/\\\/www.bellunopress.it\\\/#\\\/schema\\\/person\\\/79bb06722b37ece1c03d3e94beb30d73\"},\"headline\":\"Sabato a Feltre: Veneti Fair di e con Marta Dalla Via inizia la II parte della rassegna &#8220;Far Sena par Sisto&#8221;\",\"datePublished\":\"2013-05-28T13:40:48+00:00\",\"mainEntityOfPage\":{\"@id\":\"https:\\\/\\\/www.bellunopress.it\\\/2013\\\/05\\\/28\\\/sabato-a-feltre-veneti-fair-di-e-con-marta-dalla-via-inizia-la-ii-parte-della-rassegna-far-sena-par-sisto\\\/\"},\"wordCount\":389,\"publisher\":{\"@id\":\"https:\\\/\\\/www.bellunopress.it\\\/#organization\"},\"image\":{\"@id\":\"https:\\\/\\\/www.bellunopress.it\\\/2013\\\/05\\\/28\\\/sabato-a-feltre-veneti-fair-di-e-con-marta-dalla-via-inizia-la-ii-parte-della-rassegna-far-sena-par-sisto\\\/#primaryimage\"},\"thumbnailUrl\":\"http:\\\/\\\/www.bellunopress.it\\\/wp-content\\\/uploads\\\/2009\\\/08\\\/teatro-la-sena-feltre.jpg\",\"articleSection\":[\"Appuntamenti, Eventi\",\"Arte, Cultura, Spettacoli, Scienza\",\"Prima Pagina\"],\"inLanguage\":\"fr-FR\"},{\"@type\":\"WebPage\",\"@id\":\"https:\\\/\\\/www.bellunopress.it\\\/2013\\\/05\\\/28\\\/sabato-a-feltre-veneti-fair-di-e-con-marta-dalla-via-inizia-la-ii-parte-della-rassegna-far-sena-par-sisto\\\/\",\"url\":\"https:\\\/\\\/www.bellunopress.it\\\/2013\\\/05\\\/28\\\/sabato-a-feltre-veneti-fair-di-e-con-marta-dalla-via-inizia-la-ii-parte-della-rassegna-far-sena-par-sisto\\\/\",\"name\":\"Sabato a Feltre: Veneti Fair di e con Marta Dalla Via inizia la II parte della rassegna \\\"Far Sena par Sisto\\\" - Bellunopress - Dolomiti\",\"isPartOf\":{\"@id\":\"https:\\\/\\\/www.bellunopress.it\\\/#website\"},\"primaryImageOfPage\":{\"@id\":\"https:\\\/\\\/www.bellunopress.it\\\/2013\\\/05\\\/28\\\/sabato-a-feltre-veneti-fair-di-e-con-marta-dalla-via-inizia-la-ii-parte-della-rassegna-far-sena-par-sisto\\\/#primaryimage\"},\"image\":{\"@id\":\"https:\\\/\\\/www.bellunopress.it\\\/2013\\\/05\\\/28\\\/sabato-a-feltre-veneti-fair-di-e-con-marta-dalla-via-inizia-la-ii-parte-della-rassegna-far-sena-par-sisto\\\/#primaryimage\"},\"thumbnailUrl\":\"http:\\\/\\\/www.bellunopress.it\\\/wp-content\\\/uploads\\\/2009\\\/08\\\/teatro-la-sena-feltre.jpg\",\"datePublished\":\"2013-05-28T13:40:48+00:00\",\"breadcrumb\":{\"@id\":\"https:\\\/\\\/www.bellunopress.it\\\/2013\\\/05\\\/28\\\/sabato-a-feltre-veneti-fair-di-e-con-marta-dalla-via-inizia-la-ii-parte-della-rassegna-far-sena-par-sisto\\\/#breadcrumb\"},\"inLanguage\":\"fr-FR\",\"potentialAction\":[{\"@type\":\"ReadAction\",\"target\":[\"https:\\\/\\\/www.bellunopress.it\\\/2013\\\/05\\\/28\\\/sabato-a-feltre-veneti-fair-di-e-con-marta-dalla-via-inizia-la-ii-parte-della-rassegna-far-sena-par-sisto\\\/\"]}]},{\"@type\":\"ImageObject\",\"inLanguage\":\"fr-FR\",\"@id\":\"https:\\\/\\\/www.bellunopress.it\\\/2013\\\/05\\\/28\\\/sabato-a-feltre-veneti-fair-di-e-con-marta-dalla-via-inizia-la-ii-parte-della-rassegna-far-sena-par-sisto\\\/#primaryimage\",\"url\":\"http:\\\/\\\/www.bellunopress.it\\\/wp-content\\\/uploads\\\/2009\\\/08\\\/teatro-la-sena-feltre.jpg\",\"contentUrl\":\"http:\\\/\\\/www.bellunopress.it\\\/wp-content\\\/uploads\\\/2009\\\/08\\\/teatro-la-sena-feltre.jpg\"},{\"@type\":\"BreadcrumbList\",\"@id\":\"https:\\\/\\\/www.bellunopress.it\\\/2013\\\/05\\\/28\\\/sabato-a-feltre-veneti-fair-di-e-con-marta-dalla-via-inizia-la-ii-parte-della-rassegna-far-sena-par-sisto\\\/#breadcrumb\",\"itemListElement\":[{\"@type\":\"ListItem\",\"position\":1,\"name\":\"Home\",\"item\":\"https:\\\/\\\/www.bellunopress.it\\\/\"},{\"@type\":\"ListItem\",\"position\":2,\"name\":\"Sabato a Feltre: Veneti Fair di e con Marta Dalla Via inizia la II parte della rassegna &#8220;Far Sena par Sisto&#8221;\"}]},{\"@type\":\"WebSite\",\"@id\":\"https:\\\/\\\/www.bellunopress.it\\\/#website\",\"url\":\"https:\\\/\\\/www.bellunopress.it\\\/\",\"name\":\"Bellunopress - Dolomiti\",\"description\":\"e-mail: redazione@bellunopress.it\",\"publisher\":{\"@id\":\"https:\\\/\\\/www.bellunopress.it\\\/#organization\"},\"potentialAction\":[{\"@type\":\"SearchAction\",\"target\":{\"@type\":\"EntryPoint\",\"urlTemplate\":\"https:\\\/\\\/www.bellunopress.it\\\/?s={search_term_string}\"},\"query-input\":{\"@type\":\"PropertyValueSpecification\",\"valueRequired\":true,\"valueName\":\"search_term_string\"}}],\"inLanguage\":\"fr-FR\"},{\"@type\":\"Organization\",\"@id\":\"https:\\\/\\\/www.bellunopress.it\\\/#organization\",\"name\":\"Bellunopress\",\"url\":\"https:\\\/\\\/www.bellunopress.it\\\/\",\"logo\":{\"@type\":\"ImageObject\",\"inLanguage\":\"fr-FR\",\"@id\":\"https:\\\/\\\/www.bellunopress.it\\\/#\\\/schema\\\/logo\\\/image\\\/\",\"url\":\"https:\\\/\\\/www.bellunopress.it\\\/wp-content\\\/uploads\\\/2011\\\/05\\\/cropped-logo-bellunopress-.jpg\",\"contentUrl\":\"https:\\\/\\\/www.bellunopress.it\\\/wp-content\\\/uploads\\\/2011\\\/05\\\/cropped-logo-bellunopress-.jpg\",\"width\":512,\"height\":512,\"caption\":\"Bellunopress\"},\"image\":{\"@id\":\"https:\\\/\\\/www.bellunopress.it\\\/#\\\/schema\\\/logo\\\/image\\\/\"},\"sameAs\":[\"https:\\\/\\\/www.facebook.com\\\/profile.php?id=100008943462799\",\"https:\\\/\\\/x.com\\\/bellunopress\",\"https:\\\/\\\/www.linkedin.com\\\/hp\\\/?dnr=JBzUWaJfMUw8vbXJJ2tVW5-I3jZKvC4wsoxE&amp;amp;amp;amp;amp;amp;trk=nav_responsive_tab_home\",\"https:\\\/\\\/www.youtube.com\\\/channel\\\/UCxL0wu1uN0_3_7hGG0306cw\"]},{\"@type\":\"Person\",\"@id\":\"https:\\\/\\\/www.bellunopress.it\\\/#\\\/schema\\\/person\\\/79bb06722b37ece1c03d3e94beb30d73\",\"name\":\"redazione\",\"image\":{\"@type\":\"ImageObject\",\"inLanguage\":\"fr-FR\",\"@id\":\"https:\\\/\\\/secure.gravatar.com\\\/avatar\\\/37d968a2e67a6fd04c169c4bdef102d0bc5d31b2546345219e348575eb80e9a0?s=96&d=mm&r=g\",\"url\":\"https:\\\/\\\/secure.gravatar.com\\\/avatar\\\/37d968a2e67a6fd04c169c4bdef102d0bc5d31b2546345219e348575eb80e9a0?s=96&d=mm&r=g\",\"contentUrl\":\"https:\\\/\\\/secure.gravatar.com\\\/avatar\\\/37d968a2e67a6fd04c169c4bdef102d0bc5d31b2546345219e348575eb80e9a0?s=96&d=mm&r=g\",\"caption\":\"redazione\"},\"sameAs\":[\"http:\\\/\\\/www.bellunopress.it\",\"https:\\\/\\\/x.com\\\/bellunopress\"],\"url\":\"https:\\\/\\\/www.bellunopress.it\\\/fr\\\/author\\\/redazione\\\/\"}]}<\/script>\n<!-- \/ Yoast SEO plugin. -->","yoast_head_json":{"title":"Sabato a Feltre: Veneti Fair di e con Marta Dalla Via inizia la II parte della rassegna \"Far Sena par Sisto\" - Bellunopress - Dolomiti","robots":{"index":"index","follow":"follow","max-snippet":"max-snippet:-1","max-image-preview":"max-image-preview:large","max-video-preview":"max-video-preview:-1"},"canonical":"https:\/\/www.bellunopress.it\/fr\/2013\/05\/28\/sabato-a-feltre-veneti-fair-di-e-con-marta-dalla-via-inizia-la-ii-parte-della-rassegna-far-sena-par-sisto\/","og_locale":"fr_FR","og_type":"article","og_title":"Sabato a Feltre: Veneti Fair di e con Marta Dalla Via inizia la II parte della rassegna \"Far Sena par Sisto\" - Bellunopress - Dolomiti","og_description":"Inizia sabato 1^ giugno, alle ore 21, con Marta Dalla Via la seconda parte della rassegna Far Sena Par Sisto, rassegna teatrale in ricordo di Sisto Dalla Palma, sostenuta dalla Regione del Veneto. Lo spettacolo \u201cVeneti Fair\u201d, scritto dalla stessa attrice per la regia di Angela Malfitano, \u00e8 un monologo divertente e ironico che con [&hellip;]","og_url":"https:\/\/www.bellunopress.it\/fr\/2013\/05\/28\/sabato-a-feltre-veneti-fair-di-e-con-marta-dalla-via-inizia-la-ii-parte-della-rassegna-far-sena-par-sisto\/","og_site_name":"Bellunopress - Dolomiti","article_publisher":"https:\/\/www.facebook.com\/profile.php?id=100008943462799","article_published_time":"2013-05-28T13:40:48+00:00","og_image":[{"url":"http:\/\/www.bellunopress.it\/wp-content\/uploads\/2009\/08\/teatro-la-sena-feltre.jpg","type":"","width":"","height":""}],"author":"redazione","twitter_card":"summary_large_image","twitter_creator":"@bellunopress","twitter_site":"@bellunopress","twitter_misc":{"\u00c9crit par":"redazione","Dur\u00e9e de lecture estim\u00e9e":"2 minutes"},"schema":{"@context":"https:\/\/schema.org","@graph":[{"@type":"Article","@id":"https:\/\/www.bellunopress.it\/2013\/05\/28\/sabato-a-feltre-veneti-fair-di-e-con-marta-dalla-via-inizia-la-ii-parte-della-rassegna-far-sena-par-sisto\/#article","isPartOf":{"@id":"https:\/\/www.bellunopress.it\/2013\/05\/28\/sabato-a-feltre-veneti-fair-di-e-con-marta-dalla-via-inizia-la-ii-parte-della-rassegna-far-sena-par-sisto\/"},"author":{"name":"redazione","@id":"https:\/\/www.bellunopress.it\/#\/schema\/person\/79bb06722b37ece1c03d3e94beb30d73"},"headline":"Sabato a Feltre: Veneti Fair di e con Marta Dalla Via inizia la II parte della rassegna &#8220;Far Sena par Sisto&#8221;","datePublished":"2013-05-28T13:40:48+00:00","mainEntityOfPage":{"@id":"https:\/\/www.bellunopress.it\/2013\/05\/28\/sabato-a-feltre-veneti-fair-di-e-con-marta-dalla-via-inizia-la-ii-parte-della-rassegna-far-sena-par-sisto\/"},"wordCount":389,"publisher":{"@id":"https:\/\/www.bellunopress.it\/#organization"},"image":{"@id":"https:\/\/www.bellunopress.it\/2013\/05\/28\/sabato-a-feltre-veneti-fair-di-e-con-marta-dalla-via-inizia-la-ii-parte-della-rassegna-far-sena-par-sisto\/#primaryimage"},"thumbnailUrl":"http:\/\/www.bellunopress.it\/wp-content\/uploads\/2009\/08\/teatro-la-sena-feltre.jpg","articleSection":["Appuntamenti, Eventi","Arte, Cultura, Spettacoli, Scienza","Prima Pagina"],"inLanguage":"fr-FR"},{"@type":"WebPage","@id":"https:\/\/www.bellunopress.it\/2013\/05\/28\/sabato-a-feltre-veneti-fair-di-e-con-marta-dalla-via-inizia-la-ii-parte-della-rassegna-far-sena-par-sisto\/","url":"https:\/\/www.bellunopress.it\/2013\/05\/28\/sabato-a-feltre-veneti-fair-di-e-con-marta-dalla-via-inizia-la-ii-parte-della-rassegna-far-sena-par-sisto\/","name":"Sabato a Feltre: Veneti Fair di e con Marta Dalla Via inizia la II parte della rassegna \"Far Sena par Sisto\" - Bellunopress - Dolomiti","isPartOf":{"@id":"https:\/\/www.bellunopress.it\/#website"},"primaryImageOfPage":{"@id":"https:\/\/www.bellunopress.it\/2013\/05\/28\/sabato-a-feltre-veneti-fair-di-e-con-marta-dalla-via-inizia-la-ii-parte-della-rassegna-far-sena-par-sisto\/#primaryimage"},"image":{"@id":"https:\/\/www.bellunopress.it\/2013\/05\/28\/sabato-a-feltre-veneti-fair-di-e-con-marta-dalla-via-inizia-la-ii-parte-della-rassegna-far-sena-par-sisto\/#primaryimage"},"thumbnailUrl":"http:\/\/www.bellunopress.it\/wp-content\/uploads\/2009\/08\/teatro-la-sena-feltre.jpg","datePublished":"2013-05-28T13:40:48+00:00","breadcrumb":{"@id":"https:\/\/www.bellunopress.it\/2013\/05\/28\/sabato-a-feltre-veneti-fair-di-e-con-marta-dalla-via-inizia-la-ii-parte-della-rassegna-far-sena-par-sisto\/#breadcrumb"},"inLanguage":"fr-FR","potentialAction":[{"@type":"ReadAction","target":["https:\/\/www.bellunopress.it\/2013\/05\/28\/sabato-a-feltre-veneti-fair-di-e-con-marta-dalla-via-inizia-la-ii-parte-della-rassegna-far-sena-par-sisto\/"]}]},{"@type":"ImageObject","inLanguage":"fr-FR","@id":"https:\/\/www.bellunopress.it\/2013\/05\/28\/sabato-a-feltre-veneti-fair-di-e-con-marta-dalla-via-inizia-la-ii-parte-della-rassegna-far-sena-par-sisto\/#primaryimage","url":"http:\/\/www.bellunopress.it\/wp-content\/uploads\/2009\/08\/teatro-la-sena-feltre.jpg","contentUrl":"http:\/\/www.bellunopress.it\/wp-content\/uploads\/2009\/08\/teatro-la-sena-feltre.jpg"},{"@type":"BreadcrumbList","@id":"https:\/\/www.bellunopress.it\/2013\/05\/28\/sabato-a-feltre-veneti-fair-di-e-con-marta-dalla-via-inizia-la-ii-parte-della-rassegna-far-sena-par-sisto\/#breadcrumb","itemListElement":[{"@type":"ListItem","position":1,"name":"Home","item":"https:\/\/www.bellunopress.it\/"},{"@type":"ListItem","position":2,"name":"Sabato a Feltre: Veneti Fair di e con Marta Dalla Via inizia la II parte della rassegna &#8220;Far Sena par Sisto&#8221;"}]},{"@type":"WebSite","@id":"https:\/\/www.bellunopress.it\/#website","url":"https:\/\/www.bellunopress.it\/","name":"Bellunopress - Dolomiti","description":"e-mail: redazione@bellunopress.it","publisher":{"@id":"https:\/\/www.bellunopress.it\/#organization"},"potentialAction":[{"@type":"SearchAction","target":{"@type":"EntryPoint","urlTemplate":"https:\/\/www.bellunopress.it\/?s={search_term_string}"},"query-input":{"@type":"PropertyValueSpecification","valueRequired":true,"valueName":"search_term_string"}}],"inLanguage":"fr-FR"},{"@type":"Organization","@id":"https:\/\/www.bellunopress.it\/#organization","name":"Bellunopress","url":"https:\/\/www.bellunopress.it\/","logo":{"@type":"ImageObject","inLanguage":"fr-FR","@id":"https:\/\/www.bellunopress.it\/#\/schema\/logo\/image\/","url":"https:\/\/www.bellunopress.it\/wp-content\/uploads\/2011\/05\/cropped-logo-bellunopress-.jpg","contentUrl":"https:\/\/www.bellunopress.it\/wp-content\/uploads\/2011\/05\/cropped-logo-bellunopress-.jpg","width":512,"height":512,"caption":"Bellunopress"},"image":{"@id":"https:\/\/www.bellunopress.it\/#\/schema\/logo\/image\/"},"sameAs":["https:\/\/www.facebook.com\/profile.php?id=100008943462799","https:\/\/x.com\/bellunopress","https:\/\/www.linkedin.com\/hp\/?dnr=JBzUWaJfMUw8vbXJJ2tVW5-I3jZKvC4wsoxE&amp;amp;amp;amp;amp;amp;trk=nav_responsive_tab_home","https:\/\/www.youtube.com\/channel\/UCxL0wu1uN0_3_7hGG0306cw"]},{"@type":"Person","@id":"https:\/\/www.bellunopress.it\/#\/schema\/person\/79bb06722b37ece1c03d3e94beb30d73","name":"r\u00e9daction","image":{"@type":"ImageObject","inLanguage":"fr-FR","@id":"https:\/\/secure.gravatar.com\/avatar\/37d968a2e67a6fd04c169c4bdef102d0bc5d31b2546345219e348575eb80e9a0?s=96&d=mm&r=g","url":"https:\/\/secure.gravatar.com\/avatar\/37d968a2e67a6fd04c169c4bdef102d0bc5d31b2546345219e348575eb80e9a0?s=96&d=mm&r=g","contentUrl":"https:\/\/secure.gravatar.com\/avatar\/37d968a2e67a6fd04c169c4bdef102d0bc5d31b2546345219e348575eb80e9a0?s=96&d=mm&r=g","caption":"redazione"},"sameAs":["http:\/\/www.bellunopress.it","https:\/\/x.com\/bellunopress"],"url":"https:\/\/www.bellunopress.it\/fr\/author\/redazione\/"}]}},"_links":{"self":[{"href":"https:\/\/www.bellunopress.it\/fr\/wp-json\/wp\/v2\/posts\/49595","targetHints":{"allow":["GET"]}}],"collection":[{"href":"https:\/\/www.bellunopress.it\/fr\/wp-json\/wp\/v2\/posts"}],"about":[{"href":"https:\/\/www.bellunopress.it\/fr\/wp-json\/wp\/v2\/types\/post"}],"author":[{"embeddable":true,"href":"https:\/\/www.bellunopress.it\/fr\/wp-json\/wp\/v2\/users\/2"}],"replies":[{"embeddable":true,"href":"https:\/\/www.bellunopress.it\/fr\/wp-json\/wp\/v2\/comments?post=49595"}],"version-history":[{"count":2,"href":"https:\/\/www.bellunopress.it\/fr\/wp-json\/wp\/v2\/posts\/49595\/revisions"}],"predecessor-version":[{"id":49597,"href":"https:\/\/www.bellunopress.it\/fr\/wp-json\/wp\/v2\/posts\/49595\/revisions\/49597"}],"wp:attachment":[{"href":"https:\/\/www.bellunopress.it\/fr\/wp-json\/wp\/v2\/media?parent=49595"}],"wp:term":[{"taxonomy":"category","embeddable":true,"href":"https:\/\/www.bellunopress.it\/fr\/wp-json\/wp\/v2\/categories?post=49595"},{"taxonomy":"post_tag","embeddable":true,"href":"https:\/\/www.bellunopress.it\/fr\/wp-json\/wp\/v2\/tags?post=49595"}],"curies":[{"name":"wp","href":"https:\/\/api.w.org\/{rel}","templated":true}]}}