{"id":49593,"date":"2013-05-28T14:07:32","date_gmt":"2013-05-28T13:07:32","guid":{"rendered":"http:\/\/www.bellunopress.it\/?p=49593"},"modified":"2014-06-21T09:04:56","modified_gmt":"2014-06-21T08:04:56","slug":"come-viaggiano-gli-italiani-in-germania-tutti-i-maggiori-eventi-dellestate-tedesca","status":"publish","type":"post","link":"https:\/\/www.bellunopress.it\/fr\/2013\/05\/28\/come-viaggiano-gli-italiani-in-germania-tutti-i-maggiori-eventi-dellestate-tedesca\/","title":{"rendered":"Come viaggiano gli italiani in Germania. Tutti i maggiori eventi dell&#8217;estate tedesca"},"content":{"rendered":"<p>Gli italiani che scelgono la Germania come meta di viaggi e vacanze continuano ad aumentare. Lo confermano i dati dello European Travel Monitor pubblicati dalla societ\u00e0 di ricerche tedesca IPK International. Nel 2012 i viaggi degli italiani in Germania con almeno un pernottamento sono stati 2.112.000, 3,8 % in pi\u00f9 rispetto al 2011. Con un totale di circa 7.400.000 pernottamenti, la Germania si colloca al terzo posto tra le mete estere degli italiani dietro a Spagna e Francia; i numeri dicono che il 10 % degli italiani che si recano all&#8217;estero sceglie la Germania come destinazione. Qualche curiosit\u00e0: in 75 % dei casi si tratta di viaggi di piacere, nel restante 25 % di viaggi d&#8217;affari. Circa il 70 % dei viaggiatori diretti in Germania si informa e prenota su internet, il 76 % ci va per interessi culturali. Gli ospiti italiani arrivano perlopi\u00f9 in aereo (51 %) o con l&#8217;automobile (33 %), dormono in hotel (74 %) e si fermano mediamente da 1 a 3 notti (68 %). \u00bb Ulteriori informazioni sui nuovi record .<br \/>\n<strong>Il bosco delle fiabe all&#8217;Europa-Park di Rust<\/strong><br \/>\nAnche l`Europa-Park di Rust, ai margini della Foresta Nera, nel 2013 partecipa ai festeggiamenti per il 200\u00b0 anniversario delle fiabe dei fratelli Grimm . Il famoso parco di divertimenti, divenuto negli anni il pi\u00f9 grande d&#8217;Europa con una superficie totale di 94 ettari, per l&#8217;occasione ha ampliato il suo bosco delle fiabe (M\u00e4rchenwald) con nuovi personaggi e nuove attrazioni. Alla magia dei racconti per i pi\u00f9 piccoli \u00e8 ora dedicato uno spazio di 5.500 metri quadrati dove i bambini trovano il castello della Bella Addormentata nel Bosco, il Paese della Cuccagna, un carillon magico e figure fantasiose come l&#8217;asino che sputa monete d&#8217;oro, la capretta parlante e il Dottor Satutto. Tra le altre novit\u00e0 estive del parco vi sono la giostra storica &#8220;Eden Palladium&#8221; e il rinnovato Magic Cinema in 4D, mentre per i pap\u00e0 c&#8217;\u00e8 il richiamo di una nuova mostra dedicata alle auto e alle velocit\u00e0 nella Mercedes-Benz Hall. \u00bb Ulteriori informazioni sull`Europa-Park.<br \/>\n<strong>A Lipsia sui campi di battaglia<\/strong><br \/>\nNel 2013 la citt\u00e0 sassone di Lipsia ricorda con varie iniziative il 200\u00b0 anniversario della Battaglia delle Nazioni che dal 16 al 19 ottobre 1813 vide impegnate le truppe napoleoniche contro quelle russe, prussiane, austriache e svedesi. Alla cruenta V\u00f6lkerschlacht, che termin\u00f2 con la sconfitta dei francesi e impegn\u00f2 circa 600.000 soldati, \u00e8 dedicato un imponente monumento ai margini di Lipsia. A ottobre di quest&#8217;anno (dal 17 al 21) proprio qui verranno rievocate con centinaia di comparse in costume le varie fasi della battaglia. Gi\u00e0 dal 3 agosto si potr\u00e0 invece ammirare una ricostruzione panoramica della battaglia curata dell&#8217;artista Yadegar Asisi e intitolata &#8220;Leipzig 1813&#8221;. Come in tutte le sue installazioni, l&#8217;artista di origine austro-iraniana riprodurr\u00e0 in un gigantesco cilindro d&#8217;acciaio gli scenari della battaglia con un impressionante contorno di luci e suoni. \u00bb Ulteriori informazioni su Lipsia.<br \/>\n<strong>Una miniera di info sulle citt\u00e0 tedesche<\/strong><br \/>\nSi arricchisce di contenuti il sito dell&#8217;Ente Nazionale Germanico per il Turismo . La sezione dedicata alle citt\u00e0 tedesche offre ora all&#8217;utente esaurienti schede arricchite da approfondimenti, gallerie fotografiche, video e link con luoghi e temi citati nel testo. Sulla cartina interattiva a fianco di ogni scheda viene segnalata la posizione della citt\u00e0; basta un click per ingrandire la mappa e ottenere informazioni sulle vie d&#8217;accesso, mentre la rubrica Highlights illustra con foto e ampie didascalie i luoghi e gli aspetti pi\u00f9 caratteristici delle citt\u00e0. Un&#8217;altra novit\u00e0 del sito dell&#8217;ENGT sono le testimonianze dei viaggiatori postate su Tripadvisor. Tra le schede pi\u00f9 ricche di informazioni e curiosit\u00e0 spiccano quelle di Berlino , Amburgo , Francoforte e Monaco di Baviera . \u00bb Ulteriori informazioni sulle citt\u00e0 tedesche.<\/p>\n<p><strong>E quest&#8217;anno l&#8217;estate tedesca \u00e8 all&#8217;insegna della grande musica<\/strong>. A risuonare ovunque saranno le note di Richard Wagner, di cui il 22 maggio si \u00e8 celebrato il 200\u00b0 anniversario della nascita. I festeggiamenti sono gi\u00e0 iniziati e prevedono mostre, concerti, rappresentazioni delle sue leggendarie opere e molte altre iniziative che coinvolgono Lipsia, la sua citt\u00e0 natale, Bayreuth (trattata in questo notiziario) e altri luoghi sparsi in tutta la Germania. Nel nostro sito www.germany.travel potete trovare un&#8217;intera sezione dedicata al grande compositore e agli eventi dell&#8217;anniversario, inclusa una mappa dei luoghi dove Wagner visse e lavor\u00f2.<br \/>\n<strong>Con Wagner a Bayreuth<\/strong><br \/>\nPer gli amanti delle opere di Richard Wagner l&#8217;annuale Festival di Bayreuth dal 25 luglio al 28 agosto \u00e8 un appuntamento da non perdere. Ma nel 2013, anno in cui si celebra il 200\u00b0 anniversario della nascita del maestro, la citt\u00e0 barocca di Bayreuth fino a novembre dedica a Wagner un fitto programma di mostre, concerti e iniziative. Tra gli eventi maggiori, oltre al festival c&#8217;\u00e8 la Sommernachtsfest (Festa di una notte d&#8217;estate) del 3 agosto nello splendido Parco dell&#8217;Ermitage. Come citt\u00e0 wagneriana per antonomasia, Bayreuth \u00e8 ricca di tesori culturali legati alla musica e al compositore. Da vedere, tra l&#8217;altro, la preziosa Opera dei Margravi tutelata dall&#8217;UNESCO e l&#8217; Haus Wahnfried dove Wagner visse con la famiglia. Per una pausa relax c&#8217;\u00e8 invece la Lohengrin Therme , un complesso di piscine termali con saune e centro benessere.<br \/>\n\u00bb Ulteriori informazioni su Bayreuth.<br \/>\n<strong>Travem\u00fcnde a vele spiegate<\/strong><br \/>\nLa passione per la vela e le tradizioni marinare della Germania settentrionale sono al centro della Travem\u00fcnder Woche , la grande festa che ogni estate richiama pi\u00f9 di un milione di visitatori sulla costa del Baltico. A ospitarla \u00e8 Travem\u00fcnde , l&#8217;avamposto marino di Lubecca citato nel romanzo &#8220;I Buddenbrook&#8221; di Thomas Mann. Dal 19 al 28 luglio prossimi la &#8220;Settimana di Travem\u00fcnde&#8221; offrir\u00e0 un ricco programma di regate veliche con 270 gare e pi\u00f9 di 1.500 velisti. A curare ogni dettaglio dell&#8217;evento \u00e8 un team di giovani organizzatori che allestir\u00e0 il villaggio dei velisti. Il porto di Travem\u00fcnde ospita il Passat , uno storico veliero di 115 metri che \u00e8 il simbolo della citt\u00e0.<br \/>\n\u00bb Ulteriori informazioni su Travem\u00fcnde.<br \/>\n<strong>Un&#8217;oasi naturale nel Saarland<\/strong><br \/>\nMeno conosciuto di altre regioni tedesche, il Saarland ai confini con Francia e Lussemburgo \u00e8 ricco di verde e corsi d&#8217;acqua, ideale da perlustrare in bicicletta o con lo zaino in spalla. Pochi anni fa l&#8217;UNESCO ha concesso il suo marchio di tutela alla Riserva della Biosfera di Bliesgau , situata a est del capoluogo regionale Saarbr\u00fccken . La riserva \u00e8 composta da 360 kmq di campi coltivati, boschi e praterie pressoch\u00e9 intatte dove vivono specie vegetali e animali ormai rare in altre parti della Germania, tra cui vari tipi di orchidee, castori, cicogne, ghiri e gatti selvatici. L&#8217;area offre numerose attivit\u00e0 all&#8217;aria aperta come nordic walking, passeggiate a tema ed escursioni in carrozze tirate da cavalli.<br \/>\n\u00bb Ulteriori informazioni sulla regione della Saar.<br \/>\n<strong>Le luci di Colonia<\/strong><br \/>\nIl prossimo 13 luglio il cielo notturno di Colonia si accender\u00e0 di migliaia di luci colorate. Come ogni anno, alle 23.30 andr\u00e0 in scena un gigantesco spettacolo pirotecnico sul Reno chiamato K\u00f6lner Lichter , nel tratto del fiume tra il ponte Hohenzollernbr\u00fccke e la Bastei. I posti migliori per osservarlo sono quelli sui battelli che incroceranno sul Reno per l&#8217;occasione; ottima vista anche dalla cabinovia che attraversa il fiume e dalle tribune lungo le banchine. A fare da contorno ci saranno feste in vari alberghi e location come il nuovo Rheinloft Cologne e la torre di vetro K\u00f6lnerSky che svetta a poca distanza dal celebre Duomo di Colonia . Gli spettacoli pirotecnici sul Reno vantano una lunga consuetudine; il programma Rhein in Flammen ne propone cinque in varie localit\u00e0 tra maggio e settembre.<br \/>\n\u00bb Ulteriori informazioni Colonia.<br \/>\n<strong>In Germania con il treno<\/strong><br \/>\nSpostarsi in auto diventa sempre pi\u00f9 costoso, e cresce la schiera dei viaggiatori che scelgono il treno: un mezzo comodo, conveniente ed ecosostenibile che permette di risparmiare tempo prezioso viaggiando di notte. Per raggiungere la Germania dall&#8217;Italia ci si pu\u00f2 avvalere dei collegamenti delle Ferrovie Tedesche che insieme alle Ferrovie Austriache ha istituito propri treni Eurocity da Verona, Bologna e Venezia per Monaco di Baviera , in coincidenza con le linee di Trenitalia. Per chi non vuole rinunciare del tutto alla macchina c&#8217;\u00e8 il servizio treno+auto che collega Verona, Bolzano, Alessandria e Trieste con Berlino , Amburgo , D\u00fcsseldorf e Hildesheim . I biglietti ferroviari DB si acquistano online sul sito megliointreno.it , oppure presso le biglietterie Trenitalia o agenzie di viaggi autorizzate.<br \/>\n\u00bb Ulteriori informazioni sulle Ferrovie Tedesche. Info complete su www.germany.travel<\/p>","protected":false},"excerpt":{"rendered":"<p>Gli italiani che scelgono la Germania come meta di viaggi e vacanze continuano ad aumentare. Lo confermano i dati dello European Travel Monitor pubblicati dalla societ\u00e0 di ricerche tedesca IPK International. Nel 2012 i viaggi degli italiani in Germania con almeno un pernottamento sono stati 2.112.000, 3,8 % in pi\u00f9 rispetto al 2011. Con un [&hellip;]<\/p>\n","protected":false},"author":2,"featured_media":0,"comment_status":"closed","ping_status":"open","sticky":false,"template":"","format":"standard","meta":{"footnotes":""},"categories":[27,25,50],"tags":[],"class_list":["post-49593","post","type-post","status-publish","format-standard","category-appuntamenti","category-pausa-caffe","category-pubbliredazionali"],"yoast_head":"<!-- This site is optimized with the Yoast SEO plugin v28.4 - https:\/\/yoast.com\/product\/yoast-seo-wordpress\/ -->\n<title>Come viaggiano gli italiani in Germania. Tutti i maggiori eventi dell&#039;estate tedesca - Bellunopress - Dolomiti<\/title>\n<meta name=\"robots\" content=\"index, follow, max-snippet:-1, max-image-preview:large, max-video-preview:-1\" \/>\n<link rel=\"canonical\" href=\"https:\/\/www.bellunopress.it\/fr\/2013\/05\/28\/come-viaggiano-gli-italiani-in-germania-tutti-i-maggiori-eventi-dellestate-tedesca\/\" \/>\n<meta property=\"og:locale\" content=\"fr_FR\" \/>\n<meta property=\"og:type\" content=\"article\" \/>\n<meta property=\"og:title\" content=\"Come viaggiano gli italiani in Germania. Tutti i maggiori eventi dell&#039;estate tedesca - Bellunopress - Dolomiti\" \/>\n<meta property=\"og:description\" content=\"Gli italiani che scelgono la Germania come meta di viaggi e vacanze continuano ad aumentare. Lo confermano i dati dello European Travel Monitor pubblicati dalla societ\u00e0 di ricerche tedesca IPK International. Nel 2012 i viaggi degli italiani in Germania con almeno un pernottamento sono stati 2.112.000, 3,8 % in pi\u00f9 rispetto al 2011. Con un [&hellip;]\" \/>\n<meta property=\"og:url\" content=\"https:\/\/www.bellunopress.it\/fr\/2013\/05\/28\/come-viaggiano-gli-italiani-in-germania-tutti-i-maggiori-eventi-dellestate-tedesca\/\" \/>\n<meta property=\"og:site_name\" content=\"Bellunopress - Dolomiti\" \/>\n<meta property=\"article:publisher\" content=\"https:\/\/www.facebook.com\/profile.php?id=100008943462799\" \/>\n<meta property=\"article:published_time\" content=\"2013-05-28T13:07:32+00:00\" \/>\n<meta property=\"article:modified_time\" content=\"2014-06-21T08:04:56+00:00\" \/>\n<meta property=\"og:image\" content=\"http:\/\/www.bellunopress.it\/wp-content\/uploads\/2012\/07\/logo-bellunopress-250x250-2012.jpg\" \/>\n<meta name=\"author\" content=\"redazione\" \/>\n<meta name=\"twitter:card\" content=\"summary_large_image\" \/>\n<meta name=\"twitter:creator\" content=\"@bellunopress\" \/>\n<meta name=\"twitter:site\" content=\"@bellunopress\" \/>\n<meta name=\"twitter:label1\" content=\"\u00c9crit par\" \/>\n\t<meta name=\"twitter:data1\" content=\"redazione\" \/>\n\t<meta name=\"twitter:label2\" content=\"Dur\u00e9e de lecture estim\u00e9e\" \/>\n\t<meta name=\"twitter:data2\" content=\"7 minutes\" \/>\n<script type=\"application\/ld+json\" class=\"yoast-schema-graph\">{\"@context\":\"https:\\\/\\\/schema.org\",\"@graph\":[{\"@type\":\"Article\",\"@id\":\"https:\\\/\\\/www.bellunopress.it\\\/2013\\\/05\\\/28\\\/come-viaggiano-gli-italiani-in-germania-tutti-i-maggiori-eventi-dellestate-tedesca\\\/#article\",\"isPartOf\":{\"@id\":\"https:\\\/\\\/www.bellunopress.it\\\/2013\\\/05\\\/28\\\/come-viaggiano-gli-italiani-in-germania-tutti-i-maggiori-eventi-dellestate-tedesca\\\/\"},\"author\":{\"name\":\"redazione\",\"@id\":\"https:\\\/\\\/www.bellunopress.it\\\/#\\\/schema\\\/person\\\/79bb06722b37ece1c03d3e94beb30d73\"},\"headline\":\"Come viaggiano gli italiani in Germania. Tutti i maggiori eventi dell&#8217;estate tedesca\",\"datePublished\":\"2013-05-28T13:07:32+00:00\",\"dateModified\":\"2014-06-21T08:04:56+00:00\",\"mainEntityOfPage\":{\"@id\":\"https:\\\/\\\/www.bellunopress.it\\\/2013\\\/05\\\/28\\\/come-viaggiano-gli-italiani-in-germania-tutti-i-maggiori-eventi-dellestate-tedesca\\\/\"},\"wordCount\":1364,\"publisher\":{\"@id\":\"https:\\\/\\\/www.bellunopress.it\\\/#organization\"},\"articleSection\":[\"Appuntamenti, Eventi\",\"Pausa Caff\u00e8\",\"Pubbliredazionali\"],\"inLanguage\":\"fr-FR\"},{\"@type\":\"WebPage\",\"@id\":\"https:\\\/\\\/www.bellunopress.it\\\/2013\\\/05\\\/28\\\/come-viaggiano-gli-italiani-in-germania-tutti-i-maggiori-eventi-dellestate-tedesca\\\/\",\"url\":\"https:\\\/\\\/www.bellunopress.it\\\/2013\\\/05\\\/28\\\/come-viaggiano-gli-italiani-in-germania-tutti-i-maggiori-eventi-dellestate-tedesca\\\/\",\"name\":\"Come viaggiano gli italiani in Germania. Tutti i maggiori eventi dell'estate tedesca - Bellunopress - Dolomiti\",\"isPartOf\":{\"@id\":\"https:\\\/\\\/www.bellunopress.it\\\/#website\"},\"datePublished\":\"2013-05-28T13:07:32+00:00\",\"dateModified\":\"2014-06-21T08:04:56+00:00\",\"breadcrumb\":{\"@id\":\"https:\\\/\\\/www.bellunopress.it\\\/2013\\\/05\\\/28\\\/come-viaggiano-gli-italiani-in-germania-tutti-i-maggiori-eventi-dellestate-tedesca\\\/#breadcrumb\"},\"inLanguage\":\"fr-FR\",\"potentialAction\":[{\"@type\":\"ReadAction\",\"target\":[\"https:\\\/\\\/www.bellunopress.it\\\/2013\\\/05\\\/28\\\/come-viaggiano-gli-italiani-in-germania-tutti-i-maggiori-eventi-dellestate-tedesca\\\/\"]}]},{\"@type\":\"BreadcrumbList\",\"@id\":\"https:\\\/\\\/www.bellunopress.it\\\/2013\\\/05\\\/28\\\/come-viaggiano-gli-italiani-in-germania-tutti-i-maggiori-eventi-dellestate-tedesca\\\/#breadcrumb\",\"itemListElement\":[{\"@type\":\"ListItem\",\"position\":1,\"name\":\"Home\",\"item\":\"https:\\\/\\\/www.bellunopress.it\\\/\"},{\"@type\":\"ListItem\",\"position\":2,\"name\":\"Come viaggiano gli italiani in Germania. Tutti i maggiori eventi dell&#8217;estate tedesca\"}]},{\"@type\":\"WebSite\",\"@id\":\"https:\\\/\\\/www.bellunopress.it\\\/#website\",\"url\":\"https:\\\/\\\/www.bellunopress.it\\\/\",\"name\":\"Bellunopress - Dolomiti\",\"description\":\"e-mail: redazione@bellunopress.it\",\"publisher\":{\"@id\":\"https:\\\/\\\/www.bellunopress.it\\\/#organization\"},\"potentialAction\":[{\"@type\":\"SearchAction\",\"target\":{\"@type\":\"EntryPoint\",\"urlTemplate\":\"https:\\\/\\\/www.bellunopress.it\\\/?s={search_term_string}\"},\"query-input\":{\"@type\":\"PropertyValueSpecification\",\"valueRequired\":true,\"valueName\":\"search_term_string\"}}],\"inLanguage\":\"fr-FR\"},{\"@type\":\"Organization\",\"@id\":\"https:\\\/\\\/www.bellunopress.it\\\/#organization\",\"name\":\"Bellunopress\",\"url\":\"https:\\\/\\\/www.bellunopress.it\\\/\",\"logo\":{\"@type\":\"ImageObject\",\"inLanguage\":\"fr-FR\",\"@id\":\"https:\\\/\\\/www.bellunopress.it\\\/#\\\/schema\\\/logo\\\/image\\\/\",\"url\":\"https:\\\/\\\/www.bellunopress.it\\\/wp-content\\\/uploads\\\/2011\\\/05\\\/cropped-logo-bellunopress-.jpg\",\"contentUrl\":\"https:\\\/\\\/www.bellunopress.it\\\/wp-content\\\/uploads\\\/2011\\\/05\\\/cropped-logo-bellunopress-.jpg\",\"width\":512,\"height\":512,\"caption\":\"Bellunopress\"},\"image\":{\"@id\":\"https:\\\/\\\/www.bellunopress.it\\\/#\\\/schema\\\/logo\\\/image\\\/\"},\"sameAs\":[\"https:\\\/\\\/www.facebook.com\\\/profile.php?id=100008943462799\",\"https:\\\/\\\/x.com\\\/bellunopress\",\"https:\\\/\\\/www.linkedin.com\\\/hp\\\/?dnr=JBzUWaJfMUw8vbXJJ2tVW5-I3jZKvC4wsoxE&amp;amp;amp;amp;amp;amp;trk=nav_responsive_tab_home\",\"https:\\\/\\\/www.youtube.com\\\/channel\\\/UCxL0wu1uN0_3_7hGG0306cw\"]},{\"@type\":\"Person\",\"@id\":\"https:\\\/\\\/www.bellunopress.it\\\/#\\\/schema\\\/person\\\/79bb06722b37ece1c03d3e94beb30d73\",\"name\":\"redazione\",\"image\":{\"@type\":\"ImageObject\",\"inLanguage\":\"fr-FR\",\"@id\":\"https:\\\/\\\/secure.gravatar.com\\\/avatar\\\/37d968a2e67a6fd04c169c4bdef102d0bc5d31b2546345219e348575eb80e9a0?s=96&d=mm&r=g\",\"url\":\"https:\\\/\\\/secure.gravatar.com\\\/avatar\\\/37d968a2e67a6fd04c169c4bdef102d0bc5d31b2546345219e348575eb80e9a0?s=96&d=mm&r=g\",\"contentUrl\":\"https:\\\/\\\/secure.gravatar.com\\\/avatar\\\/37d968a2e67a6fd04c169c4bdef102d0bc5d31b2546345219e348575eb80e9a0?s=96&d=mm&r=g\",\"caption\":\"redazione\"},\"sameAs\":[\"http:\\\/\\\/www.bellunopress.it\",\"https:\\\/\\\/x.com\\\/bellunopress\"],\"url\":\"https:\\\/\\\/www.bellunopress.it\\\/fr\\\/author\\\/redazione\\\/\"}]}<\/script>\n<!-- \/ Yoast SEO plugin. -->","yoast_head_json":{"title":"Come viaggiano gli italiani in Germania. Tutti i maggiori eventi dell'estate tedesca - Bellunopress - Dolomiti","robots":{"index":"index","follow":"follow","max-snippet":"max-snippet:-1","max-image-preview":"max-image-preview:large","max-video-preview":"max-video-preview:-1"},"canonical":"https:\/\/www.bellunopress.it\/fr\/2013\/05\/28\/come-viaggiano-gli-italiani-in-germania-tutti-i-maggiori-eventi-dellestate-tedesca\/","og_locale":"fr_FR","og_type":"article","og_title":"Come viaggiano gli italiani in Germania. Tutti i maggiori eventi dell'estate tedesca - Bellunopress - Dolomiti","og_description":"Gli italiani che scelgono la Germania come meta di viaggi e vacanze continuano ad aumentare. Lo confermano i dati dello European Travel Monitor pubblicati dalla societ\u00e0 di ricerche tedesca IPK International. Nel 2012 i viaggi degli italiani in Germania con almeno un pernottamento sono stati 2.112.000, 3,8 % in pi\u00f9 rispetto al 2011. Con un [&hellip;]","og_url":"https:\/\/www.bellunopress.it\/fr\/2013\/05\/28\/come-viaggiano-gli-italiani-in-germania-tutti-i-maggiori-eventi-dellestate-tedesca\/","og_site_name":"Bellunopress - Dolomiti","article_publisher":"https:\/\/www.facebook.com\/profile.php?id=100008943462799","article_published_time":"2013-05-28T13:07:32+00:00","article_modified_time":"2014-06-21T08:04:56+00:00","og_image":[{"url":"http:\/\/www.bellunopress.it\/wp-content\/uploads\/2012\/07\/logo-bellunopress-250x250-2012.jpg","type":"","width":"","height":""}],"author":"redazione","twitter_card":"summary_large_image","twitter_creator":"@bellunopress","twitter_site":"@bellunopress","twitter_misc":{"\u00c9crit par":"redazione","Dur\u00e9e de lecture estim\u00e9e":"7 minutes"},"schema":{"@context":"https:\/\/schema.org","@graph":[{"@type":"Article","@id":"https:\/\/www.bellunopress.it\/2013\/05\/28\/come-viaggiano-gli-italiani-in-germania-tutti-i-maggiori-eventi-dellestate-tedesca\/#article","isPartOf":{"@id":"https:\/\/www.bellunopress.it\/2013\/05\/28\/come-viaggiano-gli-italiani-in-germania-tutti-i-maggiori-eventi-dellestate-tedesca\/"},"author":{"name":"redazione","@id":"https:\/\/www.bellunopress.it\/#\/schema\/person\/79bb06722b37ece1c03d3e94beb30d73"},"headline":"Come viaggiano gli italiani in Germania. Tutti i maggiori eventi dell&#8217;estate tedesca","datePublished":"2013-05-28T13:07:32+00:00","dateModified":"2014-06-21T08:04:56+00:00","mainEntityOfPage":{"@id":"https:\/\/www.bellunopress.it\/2013\/05\/28\/come-viaggiano-gli-italiani-in-germania-tutti-i-maggiori-eventi-dellestate-tedesca\/"},"wordCount":1364,"publisher":{"@id":"https:\/\/www.bellunopress.it\/#organization"},"articleSection":["Appuntamenti, Eventi","Pausa Caff\u00e8","Pubbliredazionali"],"inLanguage":"fr-FR"},{"@type":"WebPage","@id":"https:\/\/www.bellunopress.it\/2013\/05\/28\/come-viaggiano-gli-italiani-in-germania-tutti-i-maggiori-eventi-dellestate-tedesca\/","url":"https:\/\/www.bellunopress.it\/2013\/05\/28\/come-viaggiano-gli-italiani-in-germania-tutti-i-maggiori-eventi-dellestate-tedesca\/","name":"Come viaggiano gli italiani in Germania. Tutti i maggiori eventi dell'estate tedesca - Bellunopress - Dolomiti","isPartOf":{"@id":"https:\/\/www.bellunopress.it\/#website"},"datePublished":"2013-05-28T13:07:32+00:00","dateModified":"2014-06-21T08:04:56+00:00","breadcrumb":{"@id":"https:\/\/www.bellunopress.it\/2013\/05\/28\/come-viaggiano-gli-italiani-in-germania-tutti-i-maggiori-eventi-dellestate-tedesca\/#breadcrumb"},"inLanguage":"fr-FR","potentialAction":[{"@type":"ReadAction","target":["https:\/\/www.bellunopress.it\/2013\/05\/28\/come-viaggiano-gli-italiani-in-germania-tutti-i-maggiori-eventi-dellestate-tedesca\/"]}]},{"@type":"BreadcrumbList","@id":"https:\/\/www.bellunopress.it\/2013\/05\/28\/come-viaggiano-gli-italiani-in-germania-tutti-i-maggiori-eventi-dellestate-tedesca\/#breadcrumb","itemListElement":[{"@type":"ListItem","position":1,"name":"Home","item":"https:\/\/www.bellunopress.it\/"},{"@type":"ListItem","position":2,"name":"Come viaggiano gli italiani in Germania. Tutti i maggiori eventi dell&#8217;estate tedesca"}]},{"@type":"WebSite","@id":"https:\/\/www.bellunopress.it\/#website","url":"https:\/\/www.bellunopress.it\/","name":"Bellunopress - Dolomiti","description":"e-mail: redazione@bellunopress.it","publisher":{"@id":"https:\/\/www.bellunopress.it\/#organization"},"potentialAction":[{"@type":"SearchAction","target":{"@type":"EntryPoint","urlTemplate":"https:\/\/www.bellunopress.it\/?s={search_term_string}"},"query-input":{"@type":"PropertyValueSpecification","valueRequired":true,"valueName":"search_term_string"}}],"inLanguage":"fr-FR"},{"@type":"Organization","@id":"https:\/\/www.bellunopress.it\/#organization","name":"Bellunopress","url":"https:\/\/www.bellunopress.it\/","logo":{"@type":"ImageObject","inLanguage":"fr-FR","@id":"https:\/\/www.bellunopress.it\/#\/schema\/logo\/image\/","url":"https:\/\/www.bellunopress.it\/wp-content\/uploads\/2011\/05\/cropped-logo-bellunopress-.jpg","contentUrl":"https:\/\/www.bellunopress.it\/wp-content\/uploads\/2011\/05\/cropped-logo-bellunopress-.jpg","width":512,"height":512,"caption":"Bellunopress"},"image":{"@id":"https:\/\/www.bellunopress.it\/#\/schema\/logo\/image\/"},"sameAs":["https:\/\/www.facebook.com\/profile.php?id=100008943462799","https:\/\/x.com\/bellunopress","https:\/\/www.linkedin.com\/hp\/?dnr=JBzUWaJfMUw8vbXJJ2tVW5-I3jZKvC4wsoxE&amp;amp;amp;amp;amp;amp;trk=nav_responsive_tab_home","https:\/\/www.youtube.com\/channel\/UCxL0wu1uN0_3_7hGG0306cw"]},{"@type":"Person","@id":"https:\/\/www.bellunopress.it\/#\/schema\/person\/79bb06722b37ece1c03d3e94beb30d73","name":"r\u00e9daction","image":{"@type":"ImageObject","inLanguage":"fr-FR","@id":"https:\/\/secure.gravatar.com\/avatar\/37d968a2e67a6fd04c169c4bdef102d0bc5d31b2546345219e348575eb80e9a0?s=96&d=mm&r=g","url":"https:\/\/secure.gravatar.com\/avatar\/37d968a2e67a6fd04c169c4bdef102d0bc5d31b2546345219e348575eb80e9a0?s=96&d=mm&r=g","contentUrl":"https:\/\/secure.gravatar.com\/avatar\/37d968a2e67a6fd04c169c4bdef102d0bc5d31b2546345219e348575eb80e9a0?s=96&d=mm&r=g","caption":"redazione"},"sameAs":["http:\/\/www.bellunopress.it","https:\/\/x.com\/bellunopress"],"url":"https:\/\/www.bellunopress.it\/fr\/author\/redazione\/"}]}},"_links":{"self":[{"href":"https:\/\/www.bellunopress.it\/fr\/wp-json\/wp\/v2\/posts\/49593","targetHints":{"allow":["GET"]}}],"collection":[{"href":"https:\/\/www.bellunopress.it\/fr\/wp-json\/wp\/v2\/posts"}],"about":[{"href":"https:\/\/www.bellunopress.it\/fr\/wp-json\/wp\/v2\/types\/post"}],"author":[{"embeddable":true,"href":"https:\/\/www.bellunopress.it\/fr\/wp-json\/wp\/v2\/users\/2"}],"replies":[{"embeddable":true,"href":"https:\/\/www.bellunopress.it\/fr\/wp-json\/wp\/v2\/comments?post=49593"}],"version-history":[{"count":1,"href":"https:\/\/www.bellunopress.it\/fr\/wp-json\/wp\/v2\/posts\/49593\/revisions"}],"predecessor-version":[{"id":49594,"href":"https:\/\/www.bellunopress.it\/fr\/wp-json\/wp\/v2\/posts\/49593\/revisions\/49594"}],"wp:attachment":[{"href":"https:\/\/www.bellunopress.it\/fr\/wp-json\/wp\/v2\/media?parent=49593"}],"wp:term":[{"taxonomy":"category","embeddable":true,"href":"https:\/\/www.bellunopress.it\/fr\/wp-json\/wp\/v2\/categories?post=49593"},{"taxonomy":"post_tag","embeddable":true,"href":"https:\/\/www.bellunopress.it\/fr\/wp-json\/wp\/v2\/tags?post=49593"}],"curies":[{"name":"wp","href":"https:\/\/api.w.org\/{rel}","templated":true}]}}