{"id":49591,"date":"2013-05-28T07:26:37","date_gmt":"2013-05-28T06:26:37","guid":{"rendered":"http:\/\/www.bellunopress.it\/?p=49591"},"modified":"2013-05-28T07:26:37","modified_gmt":"2013-05-28T06:26:37","slug":"il-caso-grillo-ed-i-sospiri-di-sollievo","status":"publish","type":"post","link":"https:\/\/www.bellunopress.it\/fr\/2013\/05\/28\/il-caso-grillo-ed-i-sospiri-di-sollievo\/","title":{"rendered":"Il caso Grillo ed i sospiri di sollievo"},"content":{"rendered":"<p>Illustri commentatori della stampa nazionale rivelano che il premier Letta ha tirato un sospiro di sollievo nell&#8217;apprendere che il Movimento 5 Stelle si \u00e8 fermato al 15% bench\u00e9 alle politiche avesse raggiunto il 25%. Gl&#8217;italiani, dunque, hanno gi\u00e0 digerito il governissimo.<br \/>\nMa un sospiro di sollievo, sia pur segretissimo ed in privato, io credo l&#8217;abbia tirato anche Grillo. Perch\u00e9 un conto \u00e8 alimentare il sogno del 50% di consensi ed infiammare le piazze come solo lui sa fare. Un altro \u00e8 la responsabilit\u00e0 di governo per la quale, evidentemente, n\u00e9 lo stato maggiore n\u00e9 i quadri non sono ancora pronti.<\/p>\n<p>E allora la via d&#8217;uscita \u00e8 l&#8217;opposizione. Una sacrosanta opposizione, intendiamoci, volta a sanare i guasti di una politica incacrenita, sprecona e truffaldina, fatta di personaggi ambigui che si appropriano tranquillamente di migliaia di euro dei partiti, senza fare un giorno di galera.<br \/>\nMa non \u00e8 facile convincere gli elettori che il primo partito d&#8217;Italia, ovvero il Movimento 5 Stelle, con il suo 25% di consensi perseguir\u00e0 il suo progetto rimanendo all&#8217;opposizione, senza scendere a comporomessi con nessuno, lasciando fare agli altri.<br \/>\nUna strategia che avrebbe certamente funzionato se 5 Stelle si fosse attestato su 10% al massimo 15%. Ma che diventa problematica se, come \u00e8 capitato, il partito schizza al 25% e dunque le aspettative dell&#8217;elettorato nei suoi confronti aumentano.<br \/>\nEbbene, il sospiro di sollievo di Grillo sta appunto nelle percentuali.<\/p>\n<p>Ora, con il 15% raccolto alle amministrative, Grillo potr\u00e0 agevolmente proseguire la sua politica di opposizione senza dover rendere conto a tutti anche dello scontrino del cappuccino. Con grandi sospiri di sollievo da destra, da sinistra e dal centro.<\/p>\n<p>Roberto De Nart<\/p>","protected":false},"excerpt":{"rendered":"<p>Illustri commentatori della stampa nazionale rivelano che il premier Letta ha tirato un sospiro di sollievo nell&#8217;apprendere che il Movimento 5 Stelle si \u00e8 fermato al 15% bench\u00e9 alle politiche avesse raggiunto il 25%. Gl&#8217;italiani, dunque, hanno gi\u00e0 digerito il governissimo. Ma un sospiro di sollievo, sia pur segretissimo ed in privato, io credo l&#8217;abbia [&hellip;]<\/p>\n","protected":false},"author":2,"featured_media":0,"comment_status":"closed","ping_status":"open","sticky":false,"template":"","format":"standard","meta":{"footnotes":""},"categories":[5,26],"tags":[],"class_list":["post-49591","post","type-post","status-publish","format-standard","category-cronaca","category-prima-pagina"],"yoast_head":"<!-- This site is optimized with the Yoast SEO plugin v28.4 - https:\/\/yoast.com\/product\/yoast-seo-wordpress\/ -->\n<title>Il caso Grillo ed i sospiri di sollievo - Bellunopress - Dolomiti<\/title>\n<meta name=\"robots\" content=\"index, follow, max-snippet:-1, max-image-preview:large, max-video-preview:-1\" \/>\n<link rel=\"canonical\" href=\"https:\/\/www.bellunopress.it\/fr\/2013\/05\/28\/il-caso-grillo-ed-i-sospiri-di-sollievo\/\" \/>\n<meta property=\"og:locale\" content=\"fr_FR\" \/>\n<meta property=\"og:type\" content=\"article\" \/>\n<meta property=\"og:title\" content=\"Il caso Grillo ed i sospiri di sollievo - Bellunopress - Dolomiti\" \/>\n<meta property=\"og:description\" content=\"Illustri commentatori della stampa nazionale rivelano che il premier Letta ha tirato un sospiro di sollievo nell&#8217;apprendere che il Movimento 5 Stelle si \u00e8 fermato al 15% bench\u00e9 alle politiche avesse raggiunto il 25%. Gl&#8217;italiani, dunque, hanno gi\u00e0 digerito il governissimo. Ma un sospiro di sollievo, sia pur segretissimo ed in privato, io credo l&#8217;abbia [&hellip;]\" \/>\n<meta property=\"og:url\" content=\"https:\/\/www.bellunopress.it\/fr\/2013\/05\/28\/il-caso-grillo-ed-i-sospiri-di-sollievo\/\" \/>\n<meta property=\"og:site_name\" content=\"Bellunopress - Dolomiti\" \/>\n<meta property=\"article:publisher\" content=\"https:\/\/www.facebook.com\/profile.php?id=100008943462799\" \/>\n<meta property=\"article:published_time\" content=\"2013-05-28T06:26:37+00:00\" \/>\n<meta property=\"og:image\" content=\"http:\/\/www.bellunopress.it\/wp-content\/uploads\/2012\/07\/logo-bellunopress-250x250-2012.jpg\" \/>\n<meta name=\"author\" content=\"redazione\" \/>\n<meta name=\"twitter:card\" content=\"summary_large_image\" \/>\n<meta name=\"twitter:creator\" content=\"@bellunopress\" \/>\n<meta name=\"twitter:site\" content=\"@bellunopress\" \/>\n<meta name=\"twitter:label1\" content=\"\u00c9crit par\" \/>\n\t<meta name=\"twitter:data1\" content=\"redazione\" \/>\n\t<meta name=\"twitter:label2\" content=\"Dur\u00e9e de lecture estim\u00e9e\" \/>\n\t<meta name=\"twitter:data2\" content=\"1 minute\" \/>\n<script type=\"application\/ld+json\" class=\"yoast-schema-graph\">{\"@context\":\"https:\\\/\\\/schema.org\",\"@graph\":[{\"@type\":\"Article\",\"@id\":\"https:\\\/\\\/www.bellunopress.it\\\/2013\\\/05\\\/28\\\/il-caso-grillo-ed-i-sospiri-di-sollievo\\\/#article\",\"isPartOf\":{\"@id\":\"https:\\\/\\\/www.bellunopress.it\\\/2013\\\/05\\\/28\\\/il-caso-grillo-ed-i-sospiri-di-sollievo\\\/\"},\"author\":{\"name\":\"redazione\",\"@id\":\"https:\\\/\\\/www.bellunopress.it\\\/#\\\/schema\\\/person\\\/79bb06722b37ece1c03d3e94beb30d73\"},\"headline\":\"Il caso Grillo ed i sospiri di sollievo\",\"datePublished\":\"2013-05-28T06:26:37+00:00\",\"mainEntityOfPage\":{\"@id\":\"https:\\\/\\\/www.bellunopress.it\\\/2013\\\/05\\\/28\\\/il-caso-grillo-ed-i-sospiri-di-sollievo\\\/\"},\"wordCount\":273,\"publisher\":{\"@id\":\"https:\\\/\\\/www.bellunopress.it\\\/#organization\"},\"articleSection\":[\"Cronaca\\\/Politica\",\"Prima Pagina\"],\"inLanguage\":\"fr-FR\"},{\"@type\":\"WebPage\",\"@id\":\"https:\\\/\\\/www.bellunopress.it\\\/2013\\\/05\\\/28\\\/il-caso-grillo-ed-i-sospiri-di-sollievo\\\/\",\"url\":\"https:\\\/\\\/www.bellunopress.it\\\/2013\\\/05\\\/28\\\/il-caso-grillo-ed-i-sospiri-di-sollievo\\\/\",\"name\":\"Il caso Grillo ed i sospiri di sollievo - Bellunopress - Dolomiti\",\"isPartOf\":{\"@id\":\"https:\\\/\\\/www.bellunopress.it\\\/#website\"},\"datePublished\":\"2013-05-28T06:26:37+00:00\",\"breadcrumb\":{\"@id\":\"https:\\\/\\\/www.bellunopress.it\\\/2013\\\/05\\\/28\\\/il-caso-grillo-ed-i-sospiri-di-sollievo\\\/#breadcrumb\"},\"inLanguage\":\"fr-FR\",\"potentialAction\":[{\"@type\":\"ReadAction\",\"target\":[\"https:\\\/\\\/www.bellunopress.it\\\/2013\\\/05\\\/28\\\/il-caso-grillo-ed-i-sospiri-di-sollievo\\\/\"]}]},{\"@type\":\"BreadcrumbList\",\"@id\":\"https:\\\/\\\/www.bellunopress.it\\\/2013\\\/05\\\/28\\\/il-caso-grillo-ed-i-sospiri-di-sollievo\\\/#breadcrumb\",\"itemListElement\":[{\"@type\":\"ListItem\",\"position\":1,\"name\":\"Home\",\"item\":\"https:\\\/\\\/www.bellunopress.it\\\/\"},{\"@type\":\"ListItem\",\"position\":2,\"name\":\"Il caso Grillo ed i sospiri di sollievo\"}]},{\"@type\":\"WebSite\",\"@id\":\"https:\\\/\\\/www.bellunopress.it\\\/#website\",\"url\":\"https:\\\/\\\/www.bellunopress.it\\\/\",\"name\":\"Bellunopress - Dolomiti\",\"description\":\"e-mail: redazione@bellunopress.it\",\"publisher\":{\"@id\":\"https:\\\/\\\/www.bellunopress.it\\\/#organization\"},\"potentialAction\":[{\"@type\":\"SearchAction\",\"target\":{\"@type\":\"EntryPoint\",\"urlTemplate\":\"https:\\\/\\\/www.bellunopress.it\\\/?s={search_term_string}\"},\"query-input\":{\"@type\":\"PropertyValueSpecification\",\"valueRequired\":true,\"valueName\":\"search_term_string\"}}],\"inLanguage\":\"fr-FR\"},{\"@type\":\"Organization\",\"@id\":\"https:\\\/\\\/www.bellunopress.it\\\/#organization\",\"name\":\"Bellunopress\",\"url\":\"https:\\\/\\\/www.bellunopress.it\\\/\",\"logo\":{\"@type\":\"ImageObject\",\"inLanguage\":\"fr-FR\",\"@id\":\"https:\\\/\\\/www.bellunopress.it\\\/#\\\/schema\\\/logo\\\/image\\\/\",\"url\":\"https:\\\/\\\/www.bellunopress.it\\\/wp-content\\\/uploads\\\/2011\\\/05\\\/cropped-logo-bellunopress-.jpg\",\"contentUrl\":\"https:\\\/\\\/www.bellunopress.it\\\/wp-content\\\/uploads\\\/2011\\\/05\\\/cropped-logo-bellunopress-.jpg\",\"width\":512,\"height\":512,\"caption\":\"Bellunopress\"},\"image\":{\"@id\":\"https:\\\/\\\/www.bellunopress.it\\\/#\\\/schema\\\/logo\\\/image\\\/\"},\"sameAs\":[\"https:\\\/\\\/www.facebook.com\\\/profile.php?id=100008943462799\",\"https:\\\/\\\/x.com\\\/bellunopress\",\"https:\\\/\\\/www.linkedin.com\\\/hp\\\/?dnr=JBzUWaJfMUw8vbXJJ2tVW5-I3jZKvC4wsoxE&amp;amp;amp;amp;amp;amp;trk=nav_responsive_tab_home\",\"https:\\\/\\\/www.youtube.com\\\/channel\\\/UCxL0wu1uN0_3_7hGG0306cw\"]},{\"@type\":\"Person\",\"@id\":\"https:\\\/\\\/www.bellunopress.it\\\/#\\\/schema\\\/person\\\/79bb06722b37ece1c03d3e94beb30d73\",\"name\":\"redazione\",\"image\":{\"@type\":\"ImageObject\",\"inLanguage\":\"fr-FR\",\"@id\":\"https:\\\/\\\/secure.gravatar.com\\\/avatar\\\/37d968a2e67a6fd04c169c4bdef102d0bc5d31b2546345219e348575eb80e9a0?s=96&d=mm&r=g\",\"url\":\"https:\\\/\\\/secure.gravatar.com\\\/avatar\\\/37d968a2e67a6fd04c169c4bdef102d0bc5d31b2546345219e348575eb80e9a0?s=96&d=mm&r=g\",\"contentUrl\":\"https:\\\/\\\/secure.gravatar.com\\\/avatar\\\/37d968a2e67a6fd04c169c4bdef102d0bc5d31b2546345219e348575eb80e9a0?s=96&d=mm&r=g\",\"caption\":\"redazione\"},\"sameAs\":[\"http:\\\/\\\/www.bellunopress.it\",\"https:\\\/\\\/x.com\\\/bellunopress\"],\"url\":\"https:\\\/\\\/www.bellunopress.it\\\/fr\\\/author\\\/redazione\\\/\"}]}<\/script>\n<!-- \/ Yoast SEO plugin. -->","yoast_head_json":{"title":"Il caso Grillo ed i sospiri di sollievo - Bellunopress - Dolomiti","robots":{"index":"index","follow":"follow","max-snippet":"max-snippet:-1","max-image-preview":"max-image-preview:large","max-video-preview":"max-video-preview:-1"},"canonical":"https:\/\/www.bellunopress.it\/fr\/2013\/05\/28\/il-caso-grillo-ed-i-sospiri-di-sollievo\/","og_locale":"fr_FR","og_type":"article","og_title":"Il caso Grillo ed i sospiri di sollievo - Bellunopress - Dolomiti","og_description":"Illustri commentatori della stampa nazionale rivelano che il premier Letta ha tirato un sospiro di sollievo nell&#8217;apprendere che il Movimento 5 Stelle si \u00e8 fermato al 15% bench\u00e9 alle politiche avesse raggiunto il 25%. Gl&#8217;italiani, dunque, hanno gi\u00e0 digerito il governissimo. Ma un sospiro di sollievo, sia pur segretissimo ed in privato, io credo l&#8217;abbia [&hellip;]","og_url":"https:\/\/www.bellunopress.it\/fr\/2013\/05\/28\/il-caso-grillo-ed-i-sospiri-di-sollievo\/","og_site_name":"Bellunopress - Dolomiti","article_publisher":"https:\/\/www.facebook.com\/profile.php?id=100008943462799","article_published_time":"2013-05-28T06:26:37+00:00","og_image":[{"url":"http:\/\/www.bellunopress.it\/wp-content\/uploads\/2012\/07\/logo-bellunopress-250x250-2012.jpg","type":"","width":"","height":""}],"author":"redazione","twitter_card":"summary_large_image","twitter_creator":"@bellunopress","twitter_site":"@bellunopress","twitter_misc":{"\u00c9crit par":"redazione","Dur\u00e9e de lecture estim\u00e9e":"1 minute"},"schema":{"@context":"https:\/\/schema.org","@graph":[{"@type":"Article","@id":"https:\/\/www.bellunopress.it\/2013\/05\/28\/il-caso-grillo-ed-i-sospiri-di-sollievo\/#article","isPartOf":{"@id":"https:\/\/www.bellunopress.it\/2013\/05\/28\/il-caso-grillo-ed-i-sospiri-di-sollievo\/"},"author":{"name":"redazione","@id":"https:\/\/www.bellunopress.it\/#\/schema\/person\/79bb06722b37ece1c03d3e94beb30d73"},"headline":"Il caso Grillo ed i sospiri di sollievo","datePublished":"2013-05-28T06:26:37+00:00","mainEntityOfPage":{"@id":"https:\/\/www.bellunopress.it\/2013\/05\/28\/il-caso-grillo-ed-i-sospiri-di-sollievo\/"},"wordCount":273,"publisher":{"@id":"https:\/\/www.bellunopress.it\/#organization"},"articleSection":["Cronaca\/Politica","Prima Pagina"],"inLanguage":"fr-FR"},{"@type":"WebPage","@id":"https:\/\/www.bellunopress.it\/2013\/05\/28\/il-caso-grillo-ed-i-sospiri-di-sollievo\/","url":"https:\/\/www.bellunopress.it\/2013\/05\/28\/il-caso-grillo-ed-i-sospiri-di-sollievo\/","name":"Il caso Grillo ed i sospiri di sollievo - Bellunopress - Dolomiti","isPartOf":{"@id":"https:\/\/www.bellunopress.it\/#website"},"datePublished":"2013-05-28T06:26:37+00:00","breadcrumb":{"@id":"https:\/\/www.bellunopress.it\/2013\/05\/28\/il-caso-grillo-ed-i-sospiri-di-sollievo\/#breadcrumb"},"inLanguage":"fr-FR","potentialAction":[{"@type":"ReadAction","target":["https:\/\/www.bellunopress.it\/2013\/05\/28\/il-caso-grillo-ed-i-sospiri-di-sollievo\/"]}]},{"@type":"BreadcrumbList","@id":"https:\/\/www.bellunopress.it\/2013\/05\/28\/il-caso-grillo-ed-i-sospiri-di-sollievo\/#breadcrumb","itemListElement":[{"@type":"ListItem","position":1,"name":"Home","item":"https:\/\/www.bellunopress.it\/"},{"@type":"ListItem","position":2,"name":"Il caso Grillo ed i sospiri di sollievo"}]},{"@type":"WebSite","@id":"https:\/\/www.bellunopress.it\/#website","url":"https:\/\/www.bellunopress.it\/","name":"Bellunopress - Dolomiti","description":"e-mail: redazione@bellunopress.it","publisher":{"@id":"https:\/\/www.bellunopress.it\/#organization"},"potentialAction":[{"@type":"SearchAction","target":{"@type":"EntryPoint","urlTemplate":"https:\/\/www.bellunopress.it\/?s={search_term_string}"},"query-input":{"@type":"PropertyValueSpecification","valueRequired":true,"valueName":"search_term_string"}}],"inLanguage":"fr-FR"},{"@type":"Organization","@id":"https:\/\/www.bellunopress.it\/#organization","name":"Bellunopress","url":"https:\/\/www.bellunopress.it\/","logo":{"@type":"ImageObject","inLanguage":"fr-FR","@id":"https:\/\/www.bellunopress.it\/#\/schema\/logo\/image\/","url":"https:\/\/www.bellunopress.it\/wp-content\/uploads\/2011\/05\/cropped-logo-bellunopress-.jpg","contentUrl":"https:\/\/www.bellunopress.it\/wp-content\/uploads\/2011\/05\/cropped-logo-bellunopress-.jpg","width":512,"height":512,"caption":"Bellunopress"},"image":{"@id":"https:\/\/www.bellunopress.it\/#\/schema\/logo\/image\/"},"sameAs":["https:\/\/www.facebook.com\/profile.php?id=100008943462799","https:\/\/x.com\/bellunopress","https:\/\/www.linkedin.com\/hp\/?dnr=JBzUWaJfMUw8vbXJJ2tVW5-I3jZKvC4wsoxE&amp;amp;amp;amp;amp;amp;trk=nav_responsive_tab_home","https:\/\/www.youtube.com\/channel\/UCxL0wu1uN0_3_7hGG0306cw"]},{"@type":"Person","@id":"https:\/\/www.bellunopress.it\/#\/schema\/person\/79bb06722b37ece1c03d3e94beb30d73","name":"r\u00e9daction","image":{"@type":"ImageObject","inLanguage":"fr-FR","@id":"https:\/\/secure.gravatar.com\/avatar\/37d968a2e67a6fd04c169c4bdef102d0bc5d31b2546345219e348575eb80e9a0?s=96&d=mm&r=g","url":"https:\/\/secure.gravatar.com\/avatar\/37d968a2e67a6fd04c169c4bdef102d0bc5d31b2546345219e348575eb80e9a0?s=96&d=mm&r=g","contentUrl":"https:\/\/secure.gravatar.com\/avatar\/37d968a2e67a6fd04c169c4bdef102d0bc5d31b2546345219e348575eb80e9a0?s=96&d=mm&r=g","caption":"redazione"},"sameAs":["http:\/\/www.bellunopress.it","https:\/\/x.com\/bellunopress"],"url":"https:\/\/www.bellunopress.it\/fr\/author\/redazione\/"}]}},"_links":{"self":[{"href":"https:\/\/www.bellunopress.it\/fr\/wp-json\/wp\/v2\/posts\/49591","targetHints":{"allow":["GET"]}}],"collection":[{"href":"https:\/\/www.bellunopress.it\/fr\/wp-json\/wp\/v2\/posts"}],"about":[{"href":"https:\/\/www.bellunopress.it\/fr\/wp-json\/wp\/v2\/types\/post"}],"author":[{"embeddable":true,"href":"https:\/\/www.bellunopress.it\/fr\/wp-json\/wp\/v2\/users\/2"}],"replies":[{"embeddable":true,"href":"https:\/\/www.bellunopress.it\/fr\/wp-json\/wp\/v2\/comments?post=49591"}],"version-history":[{"count":1,"href":"https:\/\/www.bellunopress.it\/fr\/wp-json\/wp\/v2\/posts\/49591\/revisions"}],"predecessor-version":[{"id":49592,"href":"https:\/\/www.bellunopress.it\/fr\/wp-json\/wp\/v2\/posts\/49591\/revisions\/49592"}],"wp:attachment":[{"href":"https:\/\/www.bellunopress.it\/fr\/wp-json\/wp\/v2\/media?parent=49591"}],"wp:term":[{"taxonomy":"category","embeddable":true,"href":"https:\/\/www.bellunopress.it\/fr\/wp-json\/wp\/v2\/categories?post=49591"},{"taxonomy":"post_tag","embeddable":true,"href":"https:\/\/www.bellunopress.it\/fr\/wp-json\/wp\/v2\/tags?post=49591"}],"curies":[{"name":"wp","href":"https:\/\/api.w.org\/{rel}","templated":true}]}}