{"id":4955,"date":"2009-06-16T15:41:05","date_gmt":"2009-06-16T14:41:05","guid":{"rendered":"http:\/\/www.bellunopress.it\/?p=4955"},"modified":"2009-06-16T15:42:36","modified_gmt":"2009-06-16T14:42:36","slug":"la-traversata-sostenibile-dellarco-alpino-alla-scoperta-dell%e2%80%99acqua-nelle-alpi","status":"publish","type":"post","link":"https:\/\/www.bellunopress.it\/fr\/2009\/06\/16\/la-traversata-sostenibile-dellarco-alpino-alla-scoperta-dell%e2%80%99acqua-nelle-alpi\/","title":{"rendered":"La traversata sostenibile dell&#8217;arco alpino alla scoperta dell\u2019acqua nelle Alpi"},"content":{"rendered":"<p>SuperAlp fa tappa a Belluno. La Convenzione delle Alpi organizza dal 19 al 28 giugno la terza edizione di SuperAlp!, traversata sostenibile delle Alpi. La terza edizione della traversata sostenibile delle Alpi domenica prossima, 21 giugno, arriver\u00e0 a Belluno. L&#8217;edizione 2009 di SuperAlp \u00e8 dedicata all&#8217;acqua, l&#8217;oro bianco delle Alpi. Per dieci giorni un gruppo di giornalisti appartenenti a testate di spicco a livello mondiale attraverser\u00e0 l\u2019arco alpino utilizzando i mezzi di trasporto sostenibili, sperimentando i vari anelli che compongono la catena della mobilit\u00e0 alternativa all\u2019auto privata. Il gruppo percorrer\u00e0 pi\u00f9 di 1600 km tra Slovenia, Austria, Germania, Liechtenstein, Svizzera e Italia in treno, bicicletta, bicicletta elettrica, autobus e a piedi. L\u2019obiettivo \u00e8 dimostrare che \u00e8 possibile muoversi nelle Alpi e sulle Alpi con mezzi sostenibili regolarmente disponibili. Un messaggio che oggi riveste un ruolo particolarmente importante di fronte ai mutamenti climatici.<\/p>\n<figure id=\"attachment_4956\" aria-describedby=\"caption-attachment-4956\" style=\"width: 270px\" class=\"wp-caption alignright\"><a href=\"http:\/\/www.bellunopress.it\/wp-content\/uploads\/2009\/06\/superalp_monte_rite-leggera.jpg\"><img loading=\"lazy\" decoding=\"async\" class=\"size-medium wp-image-4956\" title=\"superalp_monte_rite-leggera\" src=\"http:\/\/www.bellunopress.it\/wp-content\/uploads\/2009\/06\/superalp_monte_rite-leggera.jpg\" alt=\"Superalp sul monte Rite\" width=\"270\" height=\"180\" \/><\/a><figcaption id=\"caption-attachment-4956\" class=\"wp-caption-text\">Superalp sul monte Rite<\/figcaption><\/figure>\n<p>Il progetto intende inoltre comunicare la Convenzione delle Alpi, insieme di strumenti per lo sviluppo sostenibile di un unico territorio diviso fra otto Stati, caratterizzato da peculiarit\u00e0 culturali, caratteristiche, opportunit\u00e0 e problematiche comuni. Ancor di pi\u00f9 di un viaggio nello spazio alpino, l\u2019edizione 2009 si propone come viaggio alla scoperta dell\u2019acqua nelle sue diverse forme: ghiacciai, laghi, fiumi, sorgenti, canali; ed in relazione ai diversi utilizzi: acqua ai fini energetici, agricoli, ricreativi, di trasporto e numerosi altri.<\/p>","protected":false},"excerpt":{"rendered":"<p>SuperAlp fa tappa a Belluno. La Convenzione delle Alpi organizza dal 19 al 28 giugno la terza edizione di SuperAlp!, traversata sostenibile delle Alpi. La terza edizione della traversata sostenibile delle Alpi domenica prossima, 21 giugno, arriver\u00e0 a Belluno. L&#8217;edizione 2009 di SuperAlp \u00e8 dedicata all&#8217;acqua, l&#8217;oro bianco delle Alpi. Per dieci giorni un gruppo [&hellip;]<\/p>\n","protected":false},"author":2,"featured_media":0,"comment_status":"closed","ping_status":"open","sticky":false,"template":"","format":"standard","meta":{"footnotes":""},"categories":[38,25],"tags":[139],"class_list":["post-4955","post","type-post","status-publish","format-standard","category-natura-ambiente","category-pausa-caffe","tag-belluno"],"yoast_head":"<!-- This site is optimized with the Yoast SEO plugin v28.4 - https:\/\/yoast.com\/product\/yoast-seo-wordpress\/ -->\n<title>La traversata sostenibile dell&#039;arco alpino alla scoperta dell\u2019acqua nelle Alpi - Bellunopress - Dolomiti<\/title>\n<meta name=\"robots\" content=\"index, follow, max-snippet:-1, max-image-preview:large, max-video-preview:-1\" \/>\n<link rel=\"canonical\" href=\"https:\/\/www.bellunopress.it\/fr\/2009\/06\/16\/la-traversata-sostenibile-dellarco-alpino-alla-scoperta-dell\u2019acqua-nelle-alpi\/\" \/>\n<meta property=\"og:locale\" content=\"fr_FR\" \/>\n<meta property=\"og:type\" content=\"article\" \/>\n<meta property=\"og:title\" content=\"La traversata sostenibile dell&#039;arco alpino alla scoperta dell\u2019acqua nelle Alpi - Bellunopress - Dolomiti\" \/>\n<meta property=\"og:description\" content=\"SuperAlp fa tappa a Belluno. La Convenzione delle Alpi organizza dal 19 al 28 giugno la terza edizione di SuperAlp!, traversata sostenibile delle Alpi. La terza edizione della traversata sostenibile delle Alpi domenica prossima, 21 giugno, arriver\u00e0 a Belluno. L&#8217;edizione 2009 di SuperAlp \u00e8 dedicata all&#8217;acqua, l&#8217;oro bianco delle Alpi. Per dieci giorni un gruppo [&hellip;]\" \/>\n<meta property=\"og:url\" content=\"https:\/\/www.bellunopress.it\/fr\/2009\/06\/16\/la-traversata-sostenibile-dellarco-alpino-alla-scoperta-dell\u2019acqua-nelle-alpi\/\" \/>\n<meta property=\"og:site_name\" content=\"Bellunopress - Dolomiti\" \/>\n<meta property=\"article:publisher\" content=\"https:\/\/www.facebook.com\/profile.php?id=100008943462799\" \/>\n<meta property=\"article:published_time\" content=\"2009-06-16T14:41:05+00:00\" \/>\n<meta property=\"article:modified_time\" content=\"2009-06-16T14:42:36+00:00\" \/>\n<meta property=\"og:image\" content=\"http:\/\/www.bellunopress.it\/wp-content\/uploads\/2009\/06\/superalp_monte_rite-leggera.jpg\" \/>\n<meta name=\"author\" content=\"redazione\" \/>\n<meta name=\"twitter:card\" content=\"summary_large_image\" \/>\n<meta name=\"twitter:creator\" content=\"@bellunopress\" \/>\n<meta name=\"twitter:site\" content=\"@bellunopress\" \/>\n<meta name=\"twitter:label1\" content=\"\u00c9crit par\" \/>\n\t<meta name=\"twitter:data1\" content=\"redazione\" \/>\n\t<meta name=\"twitter:label2\" content=\"Dur\u00e9e de lecture estim\u00e9e\" \/>\n\t<meta name=\"twitter:data2\" content=\"1 minute\" \/>\n<script type=\"application\/ld+json\" class=\"yoast-schema-graph\">{\"@context\":\"https:\\\/\\\/schema.org\",\"@graph\":[{\"@type\":\"Article\",\"@id\":\"https:\\\/\\\/www.bellunopress.it\\\/2009\\\/06\\\/16\\\/la-traversata-sostenibile-dellarco-alpino-alla-scoperta-dell%e2%80%99acqua-nelle-alpi\\\/#article\",\"isPartOf\":{\"@id\":\"https:\\\/\\\/www.bellunopress.it\\\/2009\\\/06\\\/16\\\/la-traversata-sostenibile-dellarco-alpino-alla-scoperta-dell%e2%80%99acqua-nelle-alpi\\\/\"},\"author\":{\"name\":\"redazione\",\"@id\":\"https:\\\/\\\/www.bellunopress.it\\\/#\\\/schema\\\/person\\\/79bb06722b37ece1c03d3e94beb30d73\"},\"headline\":\"La traversata sostenibile dell&#8217;arco alpino alla scoperta dell\u2019acqua nelle Alpi\",\"datePublished\":\"2009-06-16T14:41:05+00:00\",\"dateModified\":\"2009-06-16T14:42:36+00:00\",\"mainEntityOfPage\":{\"@id\":\"https:\\\/\\\/www.bellunopress.it\\\/2009\\\/06\\\/16\\\/la-traversata-sostenibile-dellarco-alpino-alla-scoperta-dell%e2%80%99acqua-nelle-alpi\\\/\"},\"wordCount\":242,\"publisher\":{\"@id\":\"https:\\\/\\\/www.bellunopress.it\\\/#organization\"},\"image\":{\"@id\":\"https:\\\/\\\/www.bellunopress.it\\\/2009\\\/06\\\/16\\\/la-traversata-sostenibile-dellarco-alpino-alla-scoperta-dell%e2%80%99acqua-nelle-alpi\\\/#primaryimage\"},\"thumbnailUrl\":\"http:\\\/\\\/www.bellunopress.it\\\/wp-content\\\/uploads\\\/2009\\\/06\\\/superalp_monte_rite-leggera.jpg\",\"keywords\":[\"Belluno\"],\"articleSection\":[\"Meteo, natura, ambiente, animali\",\"Pausa Caff\u00e8\"],\"inLanguage\":\"fr-FR\"},{\"@type\":\"WebPage\",\"@id\":\"https:\\\/\\\/www.bellunopress.it\\\/2009\\\/06\\\/16\\\/la-traversata-sostenibile-dellarco-alpino-alla-scoperta-dell%e2%80%99acqua-nelle-alpi\\\/\",\"url\":\"https:\\\/\\\/www.bellunopress.it\\\/2009\\\/06\\\/16\\\/la-traversata-sostenibile-dellarco-alpino-alla-scoperta-dell%e2%80%99acqua-nelle-alpi\\\/\",\"name\":\"La traversata sostenibile dell'arco alpino alla scoperta dell\u2019acqua nelle Alpi - Bellunopress - Dolomiti\",\"isPartOf\":{\"@id\":\"https:\\\/\\\/www.bellunopress.it\\\/#website\"},\"primaryImageOfPage\":{\"@id\":\"https:\\\/\\\/www.bellunopress.it\\\/2009\\\/06\\\/16\\\/la-traversata-sostenibile-dellarco-alpino-alla-scoperta-dell%e2%80%99acqua-nelle-alpi\\\/#primaryimage\"},\"image\":{\"@id\":\"https:\\\/\\\/www.bellunopress.it\\\/2009\\\/06\\\/16\\\/la-traversata-sostenibile-dellarco-alpino-alla-scoperta-dell%e2%80%99acqua-nelle-alpi\\\/#primaryimage\"},\"thumbnailUrl\":\"http:\\\/\\\/www.bellunopress.it\\\/wp-content\\\/uploads\\\/2009\\\/06\\\/superalp_monte_rite-leggera.jpg\",\"datePublished\":\"2009-06-16T14:41:05+00:00\",\"dateModified\":\"2009-06-16T14:42:36+00:00\",\"breadcrumb\":{\"@id\":\"https:\\\/\\\/www.bellunopress.it\\\/2009\\\/06\\\/16\\\/la-traversata-sostenibile-dellarco-alpino-alla-scoperta-dell%e2%80%99acqua-nelle-alpi\\\/#breadcrumb\"},\"inLanguage\":\"fr-FR\",\"potentialAction\":[{\"@type\":\"ReadAction\",\"target\":[\"https:\\\/\\\/www.bellunopress.it\\\/2009\\\/06\\\/16\\\/la-traversata-sostenibile-dellarco-alpino-alla-scoperta-dell%e2%80%99acqua-nelle-alpi\\\/\"]}]},{\"@type\":\"ImageObject\",\"inLanguage\":\"fr-FR\",\"@id\":\"https:\\\/\\\/www.bellunopress.it\\\/2009\\\/06\\\/16\\\/la-traversata-sostenibile-dellarco-alpino-alla-scoperta-dell%e2%80%99acqua-nelle-alpi\\\/#primaryimage\",\"url\":\"http:\\\/\\\/www.bellunopress.it\\\/wp-content\\\/uploads\\\/2009\\\/06\\\/superalp_monte_rite-leggera.jpg\",\"contentUrl\":\"http:\\\/\\\/www.bellunopress.it\\\/wp-content\\\/uploads\\\/2009\\\/06\\\/superalp_monte_rite-leggera.jpg\"},{\"@type\":\"BreadcrumbList\",\"@id\":\"https:\\\/\\\/www.bellunopress.it\\\/2009\\\/06\\\/16\\\/la-traversata-sostenibile-dellarco-alpino-alla-scoperta-dell%e2%80%99acqua-nelle-alpi\\\/#breadcrumb\",\"itemListElement\":[{\"@type\":\"ListItem\",\"position\":1,\"name\":\"Home\",\"item\":\"https:\\\/\\\/www.bellunopress.it\\\/\"},{\"@type\":\"ListItem\",\"position\":2,\"name\":\"La traversata sostenibile dell&#8217;arco alpino alla scoperta dell\u2019acqua nelle Alpi\"}]},{\"@type\":\"WebSite\",\"@id\":\"https:\\\/\\\/www.bellunopress.it\\\/#website\",\"url\":\"https:\\\/\\\/www.bellunopress.it\\\/\",\"name\":\"Bellunopress - Dolomiti\",\"description\":\"e-mail: redazione@bellunopress.it\",\"publisher\":{\"@id\":\"https:\\\/\\\/www.bellunopress.it\\\/#organization\"},\"potentialAction\":[{\"@type\":\"SearchAction\",\"target\":{\"@type\":\"EntryPoint\",\"urlTemplate\":\"https:\\\/\\\/www.bellunopress.it\\\/?s={search_term_string}\"},\"query-input\":{\"@type\":\"PropertyValueSpecification\",\"valueRequired\":true,\"valueName\":\"search_term_string\"}}],\"inLanguage\":\"fr-FR\"},{\"@type\":\"Organization\",\"@id\":\"https:\\\/\\\/www.bellunopress.it\\\/#organization\",\"name\":\"Bellunopress\",\"url\":\"https:\\\/\\\/www.bellunopress.it\\\/\",\"logo\":{\"@type\":\"ImageObject\",\"inLanguage\":\"fr-FR\",\"@id\":\"https:\\\/\\\/www.bellunopress.it\\\/#\\\/schema\\\/logo\\\/image\\\/\",\"url\":\"https:\\\/\\\/www.bellunopress.it\\\/wp-content\\\/uploads\\\/2011\\\/05\\\/cropped-logo-bellunopress-.jpg\",\"contentUrl\":\"https:\\\/\\\/www.bellunopress.it\\\/wp-content\\\/uploads\\\/2011\\\/05\\\/cropped-logo-bellunopress-.jpg\",\"width\":512,\"height\":512,\"caption\":\"Bellunopress\"},\"image\":{\"@id\":\"https:\\\/\\\/www.bellunopress.it\\\/#\\\/schema\\\/logo\\\/image\\\/\"},\"sameAs\":[\"https:\\\/\\\/www.facebook.com\\\/profile.php?id=100008943462799\",\"https:\\\/\\\/x.com\\\/bellunopress\",\"https:\\\/\\\/www.linkedin.com\\\/hp\\\/?dnr=JBzUWaJfMUw8vbXJJ2tVW5-I3jZKvC4wsoxE&amp;amp;amp;amp;amp;amp;trk=nav_responsive_tab_home\",\"https:\\\/\\\/www.youtube.com\\\/channel\\\/UCxL0wu1uN0_3_7hGG0306cw\"]},{\"@type\":\"Person\",\"@id\":\"https:\\\/\\\/www.bellunopress.it\\\/#\\\/schema\\\/person\\\/79bb06722b37ece1c03d3e94beb30d73\",\"name\":\"redazione\",\"image\":{\"@type\":\"ImageObject\",\"inLanguage\":\"fr-FR\",\"@id\":\"https:\\\/\\\/secure.gravatar.com\\\/avatar\\\/37d968a2e67a6fd04c169c4bdef102d0bc5d31b2546345219e348575eb80e9a0?s=96&d=mm&r=g\",\"url\":\"https:\\\/\\\/secure.gravatar.com\\\/avatar\\\/37d968a2e67a6fd04c169c4bdef102d0bc5d31b2546345219e348575eb80e9a0?s=96&d=mm&r=g\",\"contentUrl\":\"https:\\\/\\\/secure.gravatar.com\\\/avatar\\\/37d968a2e67a6fd04c169c4bdef102d0bc5d31b2546345219e348575eb80e9a0?s=96&d=mm&r=g\",\"caption\":\"redazione\"},\"sameAs\":[\"http:\\\/\\\/www.bellunopress.it\",\"https:\\\/\\\/x.com\\\/bellunopress\"],\"url\":\"https:\\\/\\\/www.bellunopress.it\\\/fr\\\/author\\\/redazione\\\/\"}]}<\/script>\n<!-- \/ Yoast SEO plugin. -->","yoast_head_json":{"title":"La traversata sostenibile dell'arco alpino alla scoperta dell\u2019acqua nelle Alpi - Bellunopress - Dolomiti","robots":{"index":"index","follow":"follow","max-snippet":"max-snippet:-1","max-image-preview":"max-image-preview:large","max-video-preview":"max-video-preview:-1"},"canonical":"https:\/\/www.bellunopress.it\/fr\/2009\/06\/16\/la-traversata-sostenibile-dellarco-alpino-alla-scoperta-dell\u2019acqua-nelle-alpi\/","og_locale":"fr_FR","og_type":"article","og_title":"La traversata sostenibile dell'arco alpino alla scoperta dell\u2019acqua nelle Alpi - Bellunopress - Dolomiti","og_description":"SuperAlp fa tappa a Belluno. La Convenzione delle Alpi organizza dal 19 al 28 giugno la terza edizione di SuperAlp!, traversata sostenibile delle Alpi. La terza edizione della traversata sostenibile delle Alpi domenica prossima, 21 giugno, arriver\u00e0 a Belluno. L&#8217;edizione 2009 di SuperAlp \u00e8 dedicata all&#8217;acqua, l&#8217;oro bianco delle Alpi. Per dieci giorni un gruppo [&hellip;]","og_url":"https:\/\/www.bellunopress.it\/fr\/2009\/06\/16\/la-traversata-sostenibile-dellarco-alpino-alla-scoperta-dell\u2019acqua-nelle-alpi\/","og_site_name":"Bellunopress - Dolomiti","article_publisher":"https:\/\/www.facebook.com\/profile.php?id=100008943462799","article_published_time":"2009-06-16T14:41:05+00:00","article_modified_time":"2009-06-16T14:42:36+00:00","og_image":[{"url":"http:\/\/www.bellunopress.it\/wp-content\/uploads\/2009\/06\/superalp_monte_rite-leggera.jpg","type":"","width":"","height":""}],"author":"redazione","twitter_card":"summary_large_image","twitter_creator":"@bellunopress","twitter_site":"@bellunopress","twitter_misc":{"\u00c9crit par":"redazione","Dur\u00e9e de lecture estim\u00e9e":"1 minute"},"schema":{"@context":"https:\/\/schema.org","@graph":[{"@type":"Article","@id":"https:\/\/www.bellunopress.it\/2009\/06\/16\/la-traversata-sostenibile-dellarco-alpino-alla-scoperta-dell%e2%80%99acqua-nelle-alpi\/#article","isPartOf":{"@id":"https:\/\/www.bellunopress.it\/2009\/06\/16\/la-traversata-sostenibile-dellarco-alpino-alla-scoperta-dell%e2%80%99acqua-nelle-alpi\/"},"author":{"name":"redazione","@id":"https:\/\/www.bellunopress.it\/#\/schema\/person\/79bb06722b37ece1c03d3e94beb30d73"},"headline":"La traversata sostenibile dell&#8217;arco alpino alla scoperta dell\u2019acqua nelle Alpi","datePublished":"2009-06-16T14:41:05+00:00","dateModified":"2009-06-16T14:42:36+00:00","mainEntityOfPage":{"@id":"https:\/\/www.bellunopress.it\/2009\/06\/16\/la-traversata-sostenibile-dellarco-alpino-alla-scoperta-dell%e2%80%99acqua-nelle-alpi\/"},"wordCount":242,"publisher":{"@id":"https:\/\/www.bellunopress.it\/#organization"},"image":{"@id":"https:\/\/www.bellunopress.it\/2009\/06\/16\/la-traversata-sostenibile-dellarco-alpino-alla-scoperta-dell%e2%80%99acqua-nelle-alpi\/#primaryimage"},"thumbnailUrl":"http:\/\/www.bellunopress.it\/wp-content\/uploads\/2009\/06\/superalp_monte_rite-leggera.jpg","keywords":["Belluno"],"articleSection":["Meteo, natura, ambiente, animali","Pausa Caff\u00e8"],"inLanguage":"fr-FR"},{"@type":"WebPage","@id":"https:\/\/www.bellunopress.it\/2009\/06\/16\/la-traversata-sostenibile-dellarco-alpino-alla-scoperta-dell%e2%80%99acqua-nelle-alpi\/","url":"https:\/\/www.bellunopress.it\/2009\/06\/16\/la-traversata-sostenibile-dellarco-alpino-alla-scoperta-dell%e2%80%99acqua-nelle-alpi\/","name":"La traversata sostenibile dell'arco alpino alla scoperta dell\u2019acqua nelle Alpi - Bellunopress - Dolomiti","isPartOf":{"@id":"https:\/\/www.bellunopress.it\/#website"},"primaryImageOfPage":{"@id":"https:\/\/www.bellunopress.it\/2009\/06\/16\/la-traversata-sostenibile-dellarco-alpino-alla-scoperta-dell%e2%80%99acqua-nelle-alpi\/#primaryimage"},"image":{"@id":"https:\/\/www.bellunopress.it\/2009\/06\/16\/la-traversata-sostenibile-dellarco-alpino-alla-scoperta-dell%e2%80%99acqua-nelle-alpi\/#primaryimage"},"thumbnailUrl":"http:\/\/www.bellunopress.it\/wp-content\/uploads\/2009\/06\/superalp_monte_rite-leggera.jpg","datePublished":"2009-06-16T14:41:05+00:00","dateModified":"2009-06-16T14:42:36+00:00","breadcrumb":{"@id":"https:\/\/www.bellunopress.it\/2009\/06\/16\/la-traversata-sostenibile-dellarco-alpino-alla-scoperta-dell%e2%80%99acqua-nelle-alpi\/#breadcrumb"},"inLanguage":"fr-FR","potentialAction":[{"@type":"ReadAction","target":["https:\/\/www.bellunopress.it\/2009\/06\/16\/la-traversata-sostenibile-dellarco-alpino-alla-scoperta-dell%e2%80%99acqua-nelle-alpi\/"]}]},{"@type":"ImageObject","inLanguage":"fr-FR","@id":"https:\/\/www.bellunopress.it\/2009\/06\/16\/la-traversata-sostenibile-dellarco-alpino-alla-scoperta-dell%e2%80%99acqua-nelle-alpi\/#primaryimage","url":"http:\/\/www.bellunopress.it\/wp-content\/uploads\/2009\/06\/superalp_monte_rite-leggera.jpg","contentUrl":"http:\/\/www.bellunopress.it\/wp-content\/uploads\/2009\/06\/superalp_monte_rite-leggera.jpg"},{"@type":"BreadcrumbList","@id":"https:\/\/www.bellunopress.it\/2009\/06\/16\/la-traversata-sostenibile-dellarco-alpino-alla-scoperta-dell%e2%80%99acqua-nelle-alpi\/#breadcrumb","itemListElement":[{"@type":"ListItem","position":1,"name":"Home","item":"https:\/\/www.bellunopress.it\/"},{"@type":"ListItem","position":2,"name":"La traversata sostenibile dell&#8217;arco alpino alla scoperta dell\u2019acqua nelle Alpi"}]},{"@type":"WebSite","@id":"https:\/\/www.bellunopress.it\/#website","url":"https:\/\/www.bellunopress.it\/","name":"Bellunopress - Dolomiti","description":"e-mail: redazione@bellunopress.it","publisher":{"@id":"https:\/\/www.bellunopress.it\/#organization"},"potentialAction":[{"@type":"SearchAction","target":{"@type":"EntryPoint","urlTemplate":"https:\/\/www.bellunopress.it\/?s={search_term_string}"},"query-input":{"@type":"PropertyValueSpecification","valueRequired":true,"valueName":"search_term_string"}}],"inLanguage":"fr-FR"},{"@type":"Organization","@id":"https:\/\/www.bellunopress.it\/#organization","name":"Bellunopress","url":"https:\/\/www.bellunopress.it\/","logo":{"@type":"ImageObject","inLanguage":"fr-FR","@id":"https:\/\/www.bellunopress.it\/#\/schema\/logo\/image\/","url":"https:\/\/www.bellunopress.it\/wp-content\/uploads\/2011\/05\/cropped-logo-bellunopress-.jpg","contentUrl":"https:\/\/www.bellunopress.it\/wp-content\/uploads\/2011\/05\/cropped-logo-bellunopress-.jpg","width":512,"height":512,"caption":"Bellunopress"},"image":{"@id":"https:\/\/www.bellunopress.it\/#\/schema\/logo\/image\/"},"sameAs":["https:\/\/www.facebook.com\/profile.php?id=100008943462799","https:\/\/x.com\/bellunopress","https:\/\/www.linkedin.com\/hp\/?dnr=JBzUWaJfMUw8vbXJJ2tVW5-I3jZKvC4wsoxE&amp;amp;amp;amp;amp;amp;trk=nav_responsive_tab_home","https:\/\/www.youtube.com\/channel\/UCxL0wu1uN0_3_7hGG0306cw"]},{"@type":"Person","@id":"https:\/\/www.bellunopress.it\/#\/schema\/person\/79bb06722b37ece1c03d3e94beb30d73","name":"r\u00e9daction","image":{"@type":"ImageObject","inLanguage":"fr-FR","@id":"https:\/\/secure.gravatar.com\/avatar\/37d968a2e67a6fd04c169c4bdef102d0bc5d31b2546345219e348575eb80e9a0?s=96&d=mm&r=g","url":"https:\/\/secure.gravatar.com\/avatar\/37d968a2e67a6fd04c169c4bdef102d0bc5d31b2546345219e348575eb80e9a0?s=96&d=mm&r=g","contentUrl":"https:\/\/secure.gravatar.com\/avatar\/37d968a2e67a6fd04c169c4bdef102d0bc5d31b2546345219e348575eb80e9a0?s=96&d=mm&r=g","caption":"redazione"},"sameAs":["http:\/\/www.bellunopress.it","https:\/\/x.com\/bellunopress"],"url":"https:\/\/www.bellunopress.it\/fr\/author\/redazione\/"}]}},"_links":{"self":[{"href":"https:\/\/www.bellunopress.it\/fr\/wp-json\/wp\/v2\/posts\/4955","targetHints":{"allow":["GET"]}}],"collection":[{"href":"https:\/\/www.bellunopress.it\/fr\/wp-json\/wp\/v2\/posts"}],"about":[{"href":"https:\/\/www.bellunopress.it\/fr\/wp-json\/wp\/v2\/types\/post"}],"author":[{"embeddable":true,"href":"https:\/\/www.bellunopress.it\/fr\/wp-json\/wp\/v2\/users\/2"}],"replies":[{"embeddable":true,"href":"https:\/\/www.bellunopress.it\/fr\/wp-json\/wp\/v2\/comments?post=4955"}],"version-history":[{"count":3,"href":"https:\/\/www.bellunopress.it\/fr\/wp-json\/wp\/v2\/posts\/4955\/revisions"}],"predecessor-version":[{"id":4958,"href":"https:\/\/www.bellunopress.it\/fr\/wp-json\/wp\/v2\/posts\/4955\/revisions\/4958"}],"wp:attachment":[{"href":"https:\/\/www.bellunopress.it\/fr\/wp-json\/wp\/v2\/media?parent=4955"}],"wp:term":[{"taxonomy":"category","embeddable":true,"href":"https:\/\/www.bellunopress.it\/fr\/wp-json\/wp\/v2\/categories?post=4955"},{"taxonomy":"post_tag","embeddable":true,"href":"https:\/\/www.bellunopress.it\/fr\/wp-json\/wp\/v2\/tags?post=4955"}],"curies":[{"name":"wp","href":"https:\/\/api.w.org\/{rel}","templated":true}]}}