{"id":4937,"date":"2009-06-16T10:58:20","date_gmt":"2009-06-16T09:58:20","guid":{"rendered":"http:\/\/www.bellunopress.it\/?p=4937"},"modified":"2009-06-16T11:00:57","modified_gmt":"2009-06-16T10:00:57","slug":"bottacin-dalla-lid-%e2%80%9cla-mia-campagna-fatta-su-dati-concreti-e-cose-vere%e2%80%9d","status":"publish","type":"post","link":"https:\/\/www.bellunopress.it\/fr\/2009\/06\/16\/bottacin-dalla-lid-%e2%80%9cla-mia-campagna-fatta-su-dati-concreti-e-cose-vere%e2%80%9d\/","title":{"rendered":"Bottacin dalla Lid: \u201cla mia campagna fatta su dati concreti e cose vere\u201d"},"content":{"rendered":"<p>Gianpaolo Bottacin \u00e8 ritornato dalla Lid su invito dell\u2019assessore regionale Oscar De Bona.<\/p>\n<figure id=\"attachment_4941\" aria-describedby=\"caption-attachment-4941\" style=\"width: 270px\" class=\"wp-caption alignright\"><a href=\"http:\/\/www.bellunopress.it\/wp-content\/uploads\/2009\/06\/bottacin-de-bona-leggera1.jpg\"><img loading=\"lazy\" decoding=\"async\" class=\"size-medium wp-image-4941\" title=\"bottacin-de-bona-leggera1\" src=\"http:\/\/www.bellunopress.it\/wp-content\/uploads\/2009\/06\/bottacin-de-bona-leggera1.jpg\" alt=\"da sx Bottacin e De Bona\" width=\"270\" height=\"179\" \/><\/a><figcaption id=\"caption-attachment-4941\" class=\"wp-caption-text\">da sx Bottacin e De Bona<\/figcaption><\/figure>\n<p>Ad attenderlo nella sede di Porta Dojona c\u2019erano un centinaio di persone aderenti al movimento L\u2019Intesa Bellunese, compresi i nuovi eletti nei vari consigli comunali della provincia. De Bona innanzitutto ha sottolineato l\u2019importanza di votare compatti al ballottaggio per la presidenza della Provincia in modo da riconfermare il consistente vantaggio elettorale acquisito da Bottacin alla prima tornata; quindi voltare pagina, cambiare linea d\u2019azione e riallacciare rapporti. \u00abE\u2019 importante \u2013 ha fatto eco il candidato presidente \u2013 che si crei quel trait d\u2019union tra Comuni, Provincia e Regione che oggi \u00e8 spezzato a livello di Palazzo Piloni. Sicuramente esistono dei distinguo nella coalizione del centrodestra, altrimenti non si chiamerebbe coalizione. Ma sui temi che interessano in primo luogo il cittadino noi siamo coesi\u00bb. Numerosi sono stati gli interventi dei presenti, soprattutto riguardo ai temi che hanno scaldato la campagna elettorale. Dopo aver risposto esaurientemente alle domande e accolto le considerazioni dei presenti, Gianpaolo Bottacin ha invitato tutti, esortandoli al passa parola, a seguire i confronti con l\u2019altro candidato che verranno trasmessi in questi ultimi giorni dalle varie televisioni e ad andare a rileggersi quelli da poco pubblicati sulla stampa locale. \u00abL\u00e0 \u2013 ha precisato \u2013 capirete come stanno le cose in questa provincia e potrete cogliere pi\u00f9 di un imbarazzo da parte del mio concorrente quando le mie argomentazioni sono supportate da dati certi e da documenti istituzionali\u00bb.<\/p>","protected":false},"excerpt":{"rendered":"<p>Gianpaolo Bottacin \u00e8 ritornato dalla Lid su invito dell\u2019assessore regionale Oscar De Bona. Ad attenderlo nella sede di Porta Dojona c\u2019erano un centinaio di persone aderenti al movimento L\u2019Intesa Bellunese, compresi i nuovi eletti nei vari consigli comunali della provincia. De Bona innanzitutto ha sottolineato l\u2019importanza di votare compatti al ballottaggio per la presidenza della [&hellip;]<\/p>\n","protected":false},"author":2,"featured_media":0,"comment_status":"closed","ping_status":"open","sticky":false,"template":"","format":"standard","meta":{"footnotes":""},"categories":[5,26],"tags":[139],"class_list":["post-4937","post","type-post","status-publish","format-standard","category-cronaca","category-prima-pagina","tag-belluno"],"yoast_head":"<!-- This site is optimized with the Yoast SEO plugin v28.4 - https:\/\/yoast.com\/product\/yoast-seo-wordpress\/ -->\n<title>Bottacin dalla Lid: \u201cla mia campagna fatta su dati concreti e cose vere\u201d - Bellunopress - Dolomiti<\/title>\n<meta name=\"robots\" content=\"index, follow, max-snippet:-1, max-image-preview:large, max-video-preview:-1\" \/>\n<link rel=\"canonical\" href=\"https:\/\/www.bellunopress.it\/fr\/2009\/06\/16\/bottacin-dalla-lid-\u201cla-mia-campagna-fatta-su-dati-concreti-e-cose-vere\u201d\/\" \/>\n<meta property=\"og:locale\" content=\"fr_FR\" \/>\n<meta property=\"og:type\" content=\"article\" \/>\n<meta property=\"og:title\" content=\"Bottacin dalla Lid: \u201cla mia campagna fatta su dati concreti e cose vere\u201d - Bellunopress - Dolomiti\" \/>\n<meta property=\"og:description\" content=\"Gianpaolo Bottacin \u00e8 ritornato dalla Lid su invito dell\u2019assessore regionale Oscar De Bona. Ad attenderlo nella sede di Porta Dojona c\u2019erano un centinaio di persone aderenti al movimento L\u2019Intesa Bellunese, compresi i nuovi eletti nei vari consigli comunali della provincia. De Bona innanzitutto ha sottolineato l\u2019importanza di votare compatti al ballottaggio per la presidenza della [&hellip;]\" \/>\n<meta property=\"og:url\" content=\"https:\/\/www.bellunopress.it\/fr\/2009\/06\/16\/bottacin-dalla-lid-\u201cla-mia-campagna-fatta-su-dati-concreti-e-cose-vere\u201d\/\" \/>\n<meta property=\"og:site_name\" content=\"Bellunopress - Dolomiti\" \/>\n<meta property=\"article:publisher\" content=\"https:\/\/www.facebook.com\/profile.php?id=100008943462799\" \/>\n<meta property=\"article:published_time\" content=\"2009-06-16T09:58:20+00:00\" \/>\n<meta property=\"article:modified_time\" content=\"2009-06-16T10:00:57+00:00\" \/>\n<meta property=\"og:image\" content=\"http:\/\/www.bellunopress.it\/wp-content\/uploads\/2009\/06\/bottacin-de-bona-leggera1.jpg\" \/>\n<meta name=\"author\" content=\"redazione\" \/>\n<meta name=\"twitter:card\" content=\"summary_large_image\" \/>\n<meta name=\"twitter:creator\" content=\"@bellunopress\" \/>\n<meta name=\"twitter:site\" content=\"@bellunopress\" \/>\n<meta name=\"twitter:label1\" content=\"\u00c9crit par\" \/>\n\t<meta name=\"twitter:data1\" content=\"redazione\" \/>\n\t<meta name=\"twitter:label2\" content=\"Dur\u00e9e de lecture estim\u00e9e\" \/>\n\t<meta name=\"twitter:data2\" content=\"1 minute\" \/>\n<script type=\"application\/ld+json\" class=\"yoast-schema-graph\">{\"@context\":\"https:\\\/\\\/schema.org\",\"@graph\":[{\"@type\":\"Article\",\"@id\":\"https:\\\/\\\/www.bellunopress.it\\\/2009\\\/06\\\/16\\\/bottacin-dalla-lid-%e2%80%9cla-mia-campagna-fatta-su-dati-concreti-e-cose-vere%e2%80%9d\\\/#article\",\"isPartOf\":{\"@id\":\"https:\\\/\\\/www.bellunopress.it\\\/2009\\\/06\\\/16\\\/bottacin-dalla-lid-%e2%80%9cla-mia-campagna-fatta-su-dati-concreti-e-cose-vere%e2%80%9d\\\/\"},\"author\":{\"name\":\"redazione\",\"@id\":\"https:\\\/\\\/www.bellunopress.it\\\/#\\\/schema\\\/person\\\/79bb06722b37ece1c03d3e94beb30d73\"},\"headline\":\"Bottacin dalla Lid: \u201cla mia campagna fatta su dati concreti e cose vere\u201d\",\"datePublished\":\"2009-06-16T09:58:20+00:00\",\"dateModified\":\"2009-06-16T10:00:57+00:00\",\"mainEntityOfPage\":{\"@id\":\"https:\\\/\\\/www.bellunopress.it\\\/2009\\\/06\\\/16\\\/bottacin-dalla-lid-%e2%80%9cla-mia-campagna-fatta-su-dati-concreti-e-cose-vere%e2%80%9d\\\/\"},\"wordCount\":268,\"publisher\":{\"@id\":\"https:\\\/\\\/www.bellunopress.it\\\/#organization\"},\"image\":{\"@id\":\"https:\\\/\\\/www.bellunopress.it\\\/2009\\\/06\\\/16\\\/bottacin-dalla-lid-%e2%80%9cla-mia-campagna-fatta-su-dati-concreti-e-cose-vere%e2%80%9d\\\/#primaryimage\"},\"thumbnailUrl\":\"http:\\\/\\\/www.bellunopress.it\\\/wp-content\\\/uploads\\\/2009\\\/06\\\/bottacin-de-bona-leggera1.jpg\",\"keywords\":[\"Belluno\"],\"articleSection\":[\"Cronaca\\\/Politica\",\"Prima Pagina\"],\"inLanguage\":\"fr-FR\"},{\"@type\":\"WebPage\",\"@id\":\"https:\\\/\\\/www.bellunopress.it\\\/2009\\\/06\\\/16\\\/bottacin-dalla-lid-%e2%80%9cla-mia-campagna-fatta-su-dati-concreti-e-cose-vere%e2%80%9d\\\/\",\"url\":\"https:\\\/\\\/www.bellunopress.it\\\/2009\\\/06\\\/16\\\/bottacin-dalla-lid-%e2%80%9cla-mia-campagna-fatta-su-dati-concreti-e-cose-vere%e2%80%9d\\\/\",\"name\":\"Bottacin dalla Lid: \u201cla mia campagna fatta su dati concreti e cose vere\u201d - Bellunopress - Dolomiti\",\"isPartOf\":{\"@id\":\"https:\\\/\\\/www.bellunopress.it\\\/#website\"},\"primaryImageOfPage\":{\"@id\":\"https:\\\/\\\/www.bellunopress.it\\\/2009\\\/06\\\/16\\\/bottacin-dalla-lid-%e2%80%9cla-mia-campagna-fatta-su-dati-concreti-e-cose-vere%e2%80%9d\\\/#primaryimage\"},\"image\":{\"@id\":\"https:\\\/\\\/www.bellunopress.it\\\/2009\\\/06\\\/16\\\/bottacin-dalla-lid-%e2%80%9cla-mia-campagna-fatta-su-dati-concreti-e-cose-vere%e2%80%9d\\\/#primaryimage\"},\"thumbnailUrl\":\"http:\\\/\\\/www.bellunopress.it\\\/wp-content\\\/uploads\\\/2009\\\/06\\\/bottacin-de-bona-leggera1.jpg\",\"datePublished\":\"2009-06-16T09:58:20+00:00\",\"dateModified\":\"2009-06-16T10:00:57+00:00\",\"breadcrumb\":{\"@id\":\"https:\\\/\\\/www.bellunopress.it\\\/2009\\\/06\\\/16\\\/bottacin-dalla-lid-%e2%80%9cla-mia-campagna-fatta-su-dati-concreti-e-cose-vere%e2%80%9d\\\/#breadcrumb\"},\"inLanguage\":\"fr-FR\",\"potentialAction\":[{\"@type\":\"ReadAction\",\"target\":[\"https:\\\/\\\/www.bellunopress.it\\\/2009\\\/06\\\/16\\\/bottacin-dalla-lid-%e2%80%9cla-mia-campagna-fatta-su-dati-concreti-e-cose-vere%e2%80%9d\\\/\"]}]},{\"@type\":\"ImageObject\",\"inLanguage\":\"fr-FR\",\"@id\":\"https:\\\/\\\/www.bellunopress.it\\\/2009\\\/06\\\/16\\\/bottacin-dalla-lid-%e2%80%9cla-mia-campagna-fatta-su-dati-concreti-e-cose-vere%e2%80%9d\\\/#primaryimage\",\"url\":\"http:\\\/\\\/www.bellunopress.it\\\/wp-content\\\/uploads\\\/2009\\\/06\\\/bottacin-de-bona-leggera1.jpg\",\"contentUrl\":\"http:\\\/\\\/www.bellunopress.it\\\/wp-content\\\/uploads\\\/2009\\\/06\\\/bottacin-de-bona-leggera1.jpg\"},{\"@type\":\"BreadcrumbList\",\"@id\":\"https:\\\/\\\/www.bellunopress.it\\\/2009\\\/06\\\/16\\\/bottacin-dalla-lid-%e2%80%9cla-mia-campagna-fatta-su-dati-concreti-e-cose-vere%e2%80%9d\\\/#breadcrumb\",\"itemListElement\":[{\"@type\":\"ListItem\",\"position\":1,\"name\":\"Home\",\"item\":\"https:\\\/\\\/www.bellunopress.it\\\/\"},{\"@type\":\"ListItem\",\"position\":2,\"name\":\"Bottacin dalla Lid: \u201cla mia campagna fatta su dati concreti e cose vere\u201d\"}]},{\"@type\":\"WebSite\",\"@id\":\"https:\\\/\\\/www.bellunopress.it\\\/#website\",\"url\":\"https:\\\/\\\/www.bellunopress.it\\\/\",\"name\":\"Bellunopress - Dolomiti\",\"description\":\"e-mail: redazione@bellunopress.it\",\"publisher\":{\"@id\":\"https:\\\/\\\/www.bellunopress.it\\\/#organization\"},\"potentialAction\":[{\"@type\":\"SearchAction\",\"target\":{\"@type\":\"EntryPoint\",\"urlTemplate\":\"https:\\\/\\\/www.bellunopress.it\\\/?s={search_term_string}\"},\"query-input\":{\"@type\":\"PropertyValueSpecification\",\"valueRequired\":true,\"valueName\":\"search_term_string\"}}],\"inLanguage\":\"fr-FR\"},{\"@type\":\"Organization\",\"@id\":\"https:\\\/\\\/www.bellunopress.it\\\/#organization\",\"name\":\"Bellunopress\",\"url\":\"https:\\\/\\\/www.bellunopress.it\\\/\",\"logo\":{\"@type\":\"ImageObject\",\"inLanguage\":\"fr-FR\",\"@id\":\"https:\\\/\\\/www.bellunopress.it\\\/#\\\/schema\\\/logo\\\/image\\\/\",\"url\":\"https:\\\/\\\/www.bellunopress.it\\\/wp-content\\\/uploads\\\/2011\\\/05\\\/cropped-logo-bellunopress-.jpg\",\"contentUrl\":\"https:\\\/\\\/www.bellunopress.it\\\/wp-content\\\/uploads\\\/2011\\\/05\\\/cropped-logo-bellunopress-.jpg\",\"width\":512,\"height\":512,\"caption\":\"Bellunopress\"},\"image\":{\"@id\":\"https:\\\/\\\/www.bellunopress.it\\\/#\\\/schema\\\/logo\\\/image\\\/\"},\"sameAs\":[\"https:\\\/\\\/www.facebook.com\\\/profile.php?id=100008943462799\",\"https:\\\/\\\/x.com\\\/bellunopress\",\"https:\\\/\\\/www.linkedin.com\\\/hp\\\/?dnr=JBzUWaJfMUw8vbXJJ2tVW5-I3jZKvC4wsoxE&amp;amp;amp;amp;amp;amp;trk=nav_responsive_tab_home\",\"https:\\\/\\\/www.youtube.com\\\/channel\\\/UCxL0wu1uN0_3_7hGG0306cw\"]},{\"@type\":\"Person\",\"@id\":\"https:\\\/\\\/www.bellunopress.it\\\/#\\\/schema\\\/person\\\/79bb06722b37ece1c03d3e94beb30d73\",\"name\":\"redazione\",\"image\":{\"@type\":\"ImageObject\",\"inLanguage\":\"fr-FR\",\"@id\":\"https:\\\/\\\/secure.gravatar.com\\\/avatar\\\/37d968a2e67a6fd04c169c4bdef102d0bc5d31b2546345219e348575eb80e9a0?s=96&d=mm&r=g\",\"url\":\"https:\\\/\\\/secure.gravatar.com\\\/avatar\\\/37d968a2e67a6fd04c169c4bdef102d0bc5d31b2546345219e348575eb80e9a0?s=96&d=mm&r=g\",\"contentUrl\":\"https:\\\/\\\/secure.gravatar.com\\\/avatar\\\/37d968a2e67a6fd04c169c4bdef102d0bc5d31b2546345219e348575eb80e9a0?s=96&d=mm&r=g\",\"caption\":\"redazione\"},\"sameAs\":[\"http:\\\/\\\/www.bellunopress.it\",\"https:\\\/\\\/x.com\\\/bellunopress\"],\"url\":\"https:\\\/\\\/www.bellunopress.it\\\/fr\\\/author\\\/redazione\\\/\"}]}<\/script>\n<!-- \/ Yoast SEO plugin. -->","yoast_head_json":{"title":"Bottacin dalla Lid: \u201cla mia campagna fatta su dati concreti e cose vere\u201d - Bellunopress - Dolomiti","robots":{"index":"index","follow":"follow","max-snippet":"max-snippet:-1","max-image-preview":"max-image-preview:large","max-video-preview":"max-video-preview:-1"},"canonical":"https:\/\/www.bellunopress.it\/fr\/2009\/06\/16\/bottacin-dalla-lid-\u201cla-mia-campagna-fatta-su-dati-concreti-e-cose-vere\u201d\/","og_locale":"fr_FR","og_type":"article","og_title":"Bottacin dalla Lid: \u201cla mia campagna fatta su dati concreti e cose vere\u201d - Bellunopress - Dolomiti","og_description":"Gianpaolo Bottacin \u00e8 ritornato dalla Lid su invito dell\u2019assessore regionale Oscar De Bona. Ad attenderlo nella sede di Porta Dojona c\u2019erano un centinaio di persone aderenti al movimento L\u2019Intesa Bellunese, compresi i nuovi eletti nei vari consigli comunali della provincia. De Bona innanzitutto ha sottolineato l\u2019importanza di votare compatti al ballottaggio per la presidenza della [&hellip;]","og_url":"https:\/\/www.bellunopress.it\/fr\/2009\/06\/16\/bottacin-dalla-lid-\u201cla-mia-campagna-fatta-su-dati-concreti-e-cose-vere\u201d\/","og_site_name":"Bellunopress - Dolomiti","article_publisher":"https:\/\/www.facebook.com\/profile.php?id=100008943462799","article_published_time":"2009-06-16T09:58:20+00:00","article_modified_time":"2009-06-16T10:00:57+00:00","og_image":[{"url":"http:\/\/www.bellunopress.it\/wp-content\/uploads\/2009\/06\/bottacin-de-bona-leggera1.jpg","type":"","width":"","height":""}],"author":"redazione","twitter_card":"summary_large_image","twitter_creator":"@bellunopress","twitter_site":"@bellunopress","twitter_misc":{"\u00c9crit par":"redazione","Dur\u00e9e de lecture estim\u00e9e":"1 minute"},"schema":{"@context":"https:\/\/schema.org","@graph":[{"@type":"Article","@id":"https:\/\/www.bellunopress.it\/2009\/06\/16\/bottacin-dalla-lid-%e2%80%9cla-mia-campagna-fatta-su-dati-concreti-e-cose-vere%e2%80%9d\/#article","isPartOf":{"@id":"https:\/\/www.bellunopress.it\/2009\/06\/16\/bottacin-dalla-lid-%e2%80%9cla-mia-campagna-fatta-su-dati-concreti-e-cose-vere%e2%80%9d\/"},"author":{"name":"redazione","@id":"https:\/\/www.bellunopress.it\/#\/schema\/person\/79bb06722b37ece1c03d3e94beb30d73"},"headline":"Bottacin dalla Lid: \u201cla mia campagna fatta su dati concreti e cose vere\u201d","datePublished":"2009-06-16T09:58:20+00:00","dateModified":"2009-06-16T10:00:57+00:00","mainEntityOfPage":{"@id":"https:\/\/www.bellunopress.it\/2009\/06\/16\/bottacin-dalla-lid-%e2%80%9cla-mia-campagna-fatta-su-dati-concreti-e-cose-vere%e2%80%9d\/"},"wordCount":268,"publisher":{"@id":"https:\/\/www.bellunopress.it\/#organization"},"image":{"@id":"https:\/\/www.bellunopress.it\/2009\/06\/16\/bottacin-dalla-lid-%e2%80%9cla-mia-campagna-fatta-su-dati-concreti-e-cose-vere%e2%80%9d\/#primaryimage"},"thumbnailUrl":"http:\/\/www.bellunopress.it\/wp-content\/uploads\/2009\/06\/bottacin-de-bona-leggera1.jpg","keywords":["Belluno"],"articleSection":["Cronaca\/Politica","Prima Pagina"],"inLanguage":"fr-FR"},{"@type":"WebPage","@id":"https:\/\/www.bellunopress.it\/2009\/06\/16\/bottacin-dalla-lid-%e2%80%9cla-mia-campagna-fatta-su-dati-concreti-e-cose-vere%e2%80%9d\/","url":"https:\/\/www.bellunopress.it\/2009\/06\/16\/bottacin-dalla-lid-%e2%80%9cla-mia-campagna-fatta-su-dati-concreti-e-cose-vere%e2%80%9d\/","name":"Bottacin dalla Lid: \u201cla mia campagna fatta su dati concreti e cose vere\u201d - Bellunopress - Dolomiti","isPartOf":{"@id":"https:\/\/www.bellunopress.it\/#website"},"primaryImageOfPage":{"@id":"https:\/\/www.bellunopress.it\/2009\/06\/16\/bottacin-dalla-lid-%e2%80%9cla-mia-campagna-fatta-su-dati-concreti-e-cose-vere%e2%80%9d\/#primaryimage"},"image":{"@id":"https:\/\/www.bellunopress.it\/2009\/06\/16\/bottacin-dalla-lid-%e2%80%9cla-mia-campagna-fatta-su-dati-concreti-e-cose-vere%e2%80%9d\/#primaryimage"},"thumbnailUrl":"http:\/\/www.bellunopress.it\/wp-content\/uploads\/2009\/06\/bottacin-de-bona-leggera1.jpg","datePublished":"2009-06-16T09:58:20+00:00","dateModified":"2009-06-16T10:00:57+00:00","breadcrumb":{"@id":"https:\/\/www.bellunopress.it\/2009\/06\/16\/bottacin-dalla-lid-%e2%80%9cla-mia-campagna-fatta-su-dati-concreti-e-cose-vere%e2%80%9d\/#breadcrumb"},"inLanguage":"fr-FR","potentialAction":[{"@type":"ReadAction","target":["https:\/\/www.bellunopress.it\/2009\/06\/16\/bottacin-dalla-lid-%e2%80%9cla-mia-campagna-fatta-su-dati-concreti-e-cose-vere%e2%80%9d\/"]}]},{"@type":"ImageObject","inLanguage":"fr-FR","@id":"https:\/\/www.bellunopress.it\/2009\/06\/16\/bottacin-dalla-lid-%e2%80%9cla-mia-campagna-fatta-su-dati-concreti-e-cose-vere%e2%80%9d\/#primaryimage","url":"http:\/\/www.bellunopress.it\/wp-content\/uploads\/2009\/06\/bottacin-de-bona-leggera1.jpg","contentUrl":"http:\/\/www.bellunopress.it\/wp-content\/uploads\/2009\/06\/bottacin-de-bona-leggera1.jpg"},{"@type":"BreadcrumbList","@id":"https:\/\/www.bellunopress.it\/2009\/06\/16\/bottacin-dalla-lid-%e2%80%9cla-mia-campagna-fatta-su-dati-concreti-e-cose-vere%e2%80%9d\/#breadcrumb","itemListElement":[{"@type":"ListItem","position":1,"name":"Home","item":"https:\/\/www.bellunopress.it\/"},{"@type":"ListItem","position":2,"name":"Bottacin dalla Lid: \u201cla mia campagna fatta su dati concreti e cose vere\u201d"}]},{"@type":"WebSite","@id":"https:\/\/www.bellunopress.it\/#website","url":"https:\/\/www.bellunopress.it\/","name":"Bellunopress - Dolomiti","description":"e-mail: redazione@bellunopress.it","publisher":{"@id":"https:\/\/www.bellunopress.it\/#organization"},"potentialAction":[{"@type":"SearchAction","target":{"@type":"EntryPoint","urlTemplate":"https:\/\/www.bellunopress.it\/?s={search_term_string}"},"query-input":{"@type":"PropertyValueSpecification","valueRequired":true,"valueName":"search_term_string"}}],"inLanguage":"fr-FR"},{"@type":"Organization","@id":"https:\/\/www.bellunopress.it\/#organization","name":"Bellunopress","url":"https:\/\/www.bellunopress.it\/","logo":{"@type":"ImageObject","inLanguage":"fr-FR","@id":"https:\/\/www.bellunopress.it\/#\/schema\/logo\/image\/","url":"https:\/\/www.bellunopress.it\/wp-content\/uploads\/2011\/05\/cropped-logo-bellunopress-.jpg","contentUrl":"https:\/\/www.bellunopress.it\/wp-content\/uploads\/2011\/05\/cropped-logo-bellunopress-.jpg","width":512,"height":512,"caption":"Bellunopress"},"image":{"@id":"https:\/\/www.bellunopress.it\/#\/schema\/logo\/image\/"},"sameAs":["https:\/\/www.facebook.com\/profile.php?id=100008943462799","https:\/\/x.com\/bellunopress","https:\/\/www.linkedin.com\/hp\/?dnr=JBzUWaJfMUw8vbXJJ2tVW5-I3jZKvC4wsoxE&amp;amp;amp;amp;amp;amp;trk=nav_responsive_tab_home","https:\/\/www.youtube.com\/channel\/UCxL0wu1uN0_3_7hGG0306cw"]},{"@type":"Person","@id":"https:\/\/www.bellunopress.it\/#\/schema\/person\/79bb06722b37ece1c03d3e94beb30d73","name":"r\u00e9daction","image":{"@type":"ImageObject","inLanguage":"fr-FR","@id":"https:\/\/secure.gravatar.com\/avatar\/37d968a2e67a6fd04c169c4bdef102d0bc5d31b2546345219e348575eb80e9a0?s=96&d=mm&r=g","url":"https:\/\/secure.gravatar.com\/avatar\/37d968a2e67a6fd04c169c4bdef102d0bc5d31b2546345219e348575eb80e9a0?s=96&d=mm&r=g","contentUrl":"https:\/\/secure.gravatar.com\/avatar\/37d968a2e67a6fd04c169c4bdef102d0bc5d31b2546345219e348575eb80e9a0?s=96&d=mm&r=g","caption":"redazione"},"sameAs":["http:\/\/www.bellunopress.it","https:\/\/x.com\/bellunopress"],"url":"https:\/\/www.bellunopress.it\/fr\/author\/redazione\/"}]}},"_links":{"self":[{"href":"https:\/\/www.bellunopress.it\/fr\/wp-json\/wp\/v2\/posts\/4937","targetHints":{"allow":["GET"]}}],"collection":[{"href":"https:\/\/www.bellunopress.it\/fr\/wp-json\/wp\/v2\/posts"}],"about":[{"href":"https:\/\/www.bellunopress.it\/fr\/wp-json\/wp\/v2\/types\/post"}],"author":[{"embeddable":true,"href":"https:\/\/www.bellunopress.it\/fr\/wp-json\/wp\/v2\/users\/2"}],"replies":[{"embeddable":true,"href":"https:\/\/www.bellunopress.it\/fr\/wp-json\/wp\/v2\/comments?post=4937"}],"version-history":[{"count":2,"href":"https:\/\/www.bellunopress.it\/fr\/wp-json\/wp\/v2\/posts\/4937\/revisions"}],"predecessor-version":[{"id":4942,"href":"https:\/\/www.bellunopress.it\/fr\/wp-json\/wp\/v2\/posts\/4937\/revisions\/4942"}],"wp:attachment":[{"href":"https:\/\/www.bellunopress.it\/fr\/wp-json\/wp\/v2\/media?parent=4937"}],"wp:term":[{"taxonomy":"category","embeddable":true,"href":"https:\/\/www.bellunopress.it\/fr\/wp-json\/wp\/v2\/categories?post=4937"},{"taxonomy":"post_tag","embeddable":true,"href":"https:\/\/www.bellunopress.it\/fr\/wp-json\/wp\/v2\/tags?post=4937"}],"curies":[{"name":"wp","href":"https:\/\/api.w.org\/{rel}","templated":true}]}}