{"id":4933,"date":"2009-06-16T10:17:35","date_gmt":"2009-06-16T09:17:35","guid":{"rendered":"http:\/\/www.bellunopress.it\/?p=4933"},"modified":"2009-06-16T10:17:35","modified_gmt":"2009-06-16T09:17:35","slug":"15-anni-di-vita-del-parco-delle-dolomiti-sabato-a-feltre-la-presentazione-di-un-libro-che-ne-ripercorre-la-storia","status":"publish","type":"post","link":"https:\/\/www.bellunopress.it\/fr\/2009\/06\/16\/15-anni-di-vita-del-parco-delle-dolomiti-sabato-a-feltre-la-presentazione-di-un-libro-che-ne-ripercorre-la-storia\/","title":{"rendered":"15 anni di vita del Parco delle Dolomiti: sabato a Feltre la presentazione di un libro che ne ripercorre la storia"},"content":{"rendered":"<p><a href=\"http:\/\/www.bellunopress.it\/wp-content\/uploads\/2009\/06\/fiori-leggera.jpg\"><img loading=\"lazy\" decoding=\"async\" class=\"alignleft size-medium wp-image-4934\" title=\"fiori-leggera\" src=\"http:\/\/www.bellunopress.it\/wp-content\/uploads\/2009\/06\/fiori-leggera.jpg\" alt=\"\" width=\"270\" height=\"180\" \/><\/a>Sabato 20 giugno, alle 18,\u00a0 nella Sala degli Stemmi, a Feltre, verr\u00e0 presentato il volume: \u201c1993-2008. Abbiamo 15 anni, il bello viene ora!\u201d. Il libro ripercorre, con brevi testi e un ricco apparato fotografico, i primi 15 anni di vita del Parco Nazionale Dolomiti Bellunesi, illustrando le attivit\u00e0 realizzate nei diversi ambiti di competenza dell\u2019Ente. Sono previsti gli interventi del Presidente del Parco, prof. Guido De Zordo, e del Sindaco di Feltre, senatore Gianvittore Vaccari. Alla presentazione del volume seguir\u00e0 l\u2019inaugurazione della mostra fotografica, che riprende i contenuti del volume, ospitata presso la galleria Via Claudia Augusta, in Piazza Maggiore, nel cuore del centro storico di Feltre. L\u2019esposizione, composta da una quarantina di grandi pannelli a colori, \u00e8 divisa in sezioni. Si parte con la sezione \u201ci protagonisti\u201d, dedicata agli amministratori del Parco e ai tantissimi cittadini di tutte le et\u00e0, studiosi e ricercatori, scuole ed universit\u00e0, associazioni e volontari, esperti e professionisti, cooperative e artigiani, produttori agricoli, ristoratori e operatori turistici che sono l\u2019anima del Parco. Tutti coloro che hanno dato idee, gambe e braccia per far funzionare il parco, per renderlo \u201crealt\u00e0 viva\u201d, come scriveva oltre trent\u2019anni fa Piero Rossi, uno dei padri fondatori dell\u2019area protetta. La mostra illustra poi gli \u201cstrumenti\u201d di gestione del territorio: il Piano del Parco e il Piano Pluriennale Economico e Sociale. Senza conoscenze precise non \u00e8 possibile n\u00e9 pianificare n\u00e9 intervenire correttamente. Per questo il Parco ha investito e continua ad investire molte risorse nelle attivit\u00e0 di ricerca, che consentono di conoscere con esattezza le caratteristiche del patrimonio naturale che \u00e8 chiamato a difendere. Alle ricerche condotte in questi anni sulla flora, la vegetazione, la fauna, la geologia, ma anche sugli aspetti socio-economici e storico-culturali, \u00e8 dedicata la terza sezione della mostra. La quarta parte illustra gli interventi sul territorio conclusi in questi anni. Si spazia dal recupero delle malghe alla sistemazione dei rifugi; dalla realizzazione dei centri visita alla ristrutturazione di vecchie casere, trasformate in bivacchi per gli escursionisti; dall\u2019allestimento delle aree picnic a quello della fitta rete di sentieri escursionistici e didattici realizzati dal Parco, spesso recuperando percorsi anticamente sfruttati per lo spostamento degli uomini e delle merci, per le tradizionali attivit\u00e0 silvo-pastorali, a scopo militare o religioso.<\/p>","protected":false},"excerpt":{"rendered":"<p>Sabato 20 giugno, alle 18,\u00a0 nella Sala degli Stemmi, a Feltre, verr\u00e0 presentato il volume: \u201c1993-2008. Abbiamo 15 anni, il bello viene ora!\u201d. Il libro ripercorre, con brevi testi e un ricco apparato fotografico, i primi 15 anni di vita del Parco Nazionale Dolomiti Bellunesi, illustrando le attivit\u00e0 realizzate nei diversi ambiti di competenza dell\u2019Ente. [&hellip;]<\/p>\n","protected":false},"author":2,"featured_media":0,"comment_status":"closed","ping_status":"open","sticky":false,"template":"","format":"standard","meta":{"footnotes":""},"categories":[3,38,25],"tags":[139,63,302],"class_list":["post-4933","post","type-post","status-publish","format-standard","category-arte-cultura-spettacoli-scienza-archivi","category-natura-ambiente","category-pausa-caffe","tag-belluno","tag-dolomiti","tag-feltre"],"yoast_head":"<!-- This site is optimized with the Yoast SEO plugin v28.4 - https:\/\/yoast.com\/product\/yoast-seo-wordpress\/ -->\n<title>15 anni di vita del Parco delle Dolomiti: sabato a Feltre la presentazione di un libro che ne ripercorre la storia - Bellunopress - Dolomiti<\/title>\n<meta name=\"robots\" content=\"index, follow, max-snippet:-1, max-image-preview:large, max-video-preview:-1\" \/>\n<link rel=\"canonical\" href=\"https:\/\/www.bellunopress.it\/fr\/2009\/06\/16\/15-anni-di-vita-del-parco-delle-dolomiti-sabato-a-feltre-la-presentazione-di-un-libro-che-ne-ripercorre-la-storia\/\" \/>\n<meta property=\"og:locale\" content=\"fr_FR\" \/>\n<meta property=\"og:type\" content=\"article\" \/>\n<meta property=\"og:title\" content=\"15 anni di vita del Parco delle Dolomiti: sabato a Feltre la presentazione di un libro che ne ripercorre la storia - Bellunopress - Dolomiti\" \/>\n<meta property=\"og:description\" content=\"Sabato 20 giugno, alle 18,\u00a0 nella Sala degli Stemmi, a Feltre, verr\u00e0 presentato il volume: \u201c1993-2008. Abbiamo 15 anni, il bello viene ora!\u201d. Il libro ripercorre, con brevi testi e un ricco apparato fotografico, i primi 15 anni di vita del Parco Nazionale Dolomiti Bellunesi, illustrando le attivit\u00e0 realizzate nei diversi ambiti di competenza dell\u2019Ente. [&hellip;]\" \/>\n<meta property=\"og:url\" content=\"https:\/\/www.bellunopress.it\/fr\/2009\/06\/16\/15-anni-di-vita-del-parco-delle-dolomiti-sabato-a-feltre-la-presentazione-di-un-libro-che-ne-ripercorre-la-storia\/\" \/>\n<meta property=\"og:site_name\" content=\"Bellunopress - Dolomiti\" \/>\n<meta property=\"article:publisher\" content=\"https:\/\/www.facebook.com\/profile.php?id=100008943462799\" \/>\n<meta property=\"article:published_time\" content=\"2009-06-16T09:17:35+00:00\" \/>\n<meta property=\"og:image\" content=\"http:\/\/www.bellunopress.it\/wp-content\/uploads\/2009\/06\/fiori-leggera.jpg\" \/>\n<meta name=\"author\" content=\"redazione\" \/>\n<meta name=\"twitter:card\" content=\"summary_large_image\" \/>\n<meta name=\"twitter:creator\" content=\"@bellunopress\" \/>\n<meta name=\"twitter:site\" content=\"@bellunopress\" \/>\n<meta name=\"twitter:label1\" content=\"Written by\" \/>\n\t<meta name=\"twitter:data1\" content=\"redazione\" \/>\n\t<meta name=\"twitter:label2\" content=\"Est. reading time\" \/>\n\t<meta name=\"twitter:data2\" content=\"2 minutes\" \/>\n<script type=\"application\/ld+json\" class=\"yoast-schema-graph\">{\"@context\":\"https:\\\/\\\/schema.org\",\"@graph\":[{\"@type\":\"Article\",\"@id\":\"https:\\\/\\\/www.bellunopress.it\\\/2009\\\/06\\\/16\\\/15-anni-di-vita-del-parco-delle-dolomiti-sabato-a-feltre-la-presentazione-di-un-libro-che-ne-ripercorre-la-storia\\\/#article\",\"isPartOf\":{\"@id\":\"https:\\\/\\\/www.bellunopress.it\\\/2009\\\/06\\\/16\\\/15-anni-di-vita-del-parco-delle-dolomiti-sabato-a-feltre-la-presentazione-di-un-libro-che-ne-ripercorre-la-storia\\\/\"},\"author\":{\"name\":\"redazione\",\"@id\":\"https:\\\/\\\/www.bellunopress.it\\\/#\\\/schema\\\/person\\\/79bb06722b37ece1c03d3e94beb30d73\"},\"headline\":\"15 anni di vita del Parco delle Dolomiti: sabato a Feltre la presentazione di un libro che ne ripercorre la storia\",\"datePublished\":\"2009-06-16T09:17:35+00:00\",\"mainEntityOfPage\":{\"@id\":\"https:\\\/\\\/www.bellunopress.it\\\/2009\\\/06\\\/16\\\/15-anni-di-vita-del-parco-delle-dolomiti-sabato-a-feltre-la-presentazione-di-un-libro-che-ne-ripercorre-la-storia\\\/\"},\"wordCount\":387,\"publisher\":{\"@id\":\"https:\\\/\\\/www.bellunopress.it\\\/#organization\"},\"image\":{\"@id\":\"https:\\\/\\\/www.bellunopress.it\\\/2009\\\/06\\\/16\\\/15-anni-di-vita-del-parco-delle-dolomiti-sabato-a-feltre-la-presentazione-di-un-libro-che-ne-ripercorre-la-storia\\\/#primaryimage\"},\"thumbnailUrl\":\"http:\\\/\\\/www.bellunopress.it\\\/wp-content\\\/uploads\\\/2009\\\/06\\\/fiori-leggera.jpg\",\"keywords\":[\"Belluno\",\"Dolomiti\",\"Feltre\"],\"articleSection\":[\"Arte, Cultura, Spettacoli, Scienza\",\"Meteo, natura, ambiente, animali\",\"Pausa Caff\u00e8\"],\"inLanguage\":\"fr-FR\"},{\"@type\":\"WebPage\",\"@id\":\"https:\\\/\\\/www.bellunopress.it\\\/2009\\\/06\\\/16\\\/15-anni-di-vita-del-parco-delle-dolomiti-sabato-a-feltre-la-presentazione-di-un-libro-che-ne-ripercorre-la-storia\\\/\",\"url\":\"https:\\\/\\\/www.bellunopress.it\\\/2009\\\/06\\\/16\\\/15-anni-di-vita-del-parco-delle-dolomiti-sabato-a-feltre-la-presentazione-di-un-libro-che-ne-ripercorre-la-storia\\\/\",\"name\":\"15 anni di vita del Parco delle Dolomiti: sabato a Feltre la presentazione di un libro che ne ripercorre la storia - Bellunopress - Dolomiti\",\"isPartOf\":{\"@id\":\"https:\\\/\\\/www.bellunopress.it\\\/#website\"},\"primaryImageOfPage\":{\"@id\":\"https:\\\/\\\/www.bellunopress.it\\\/2009\\\/06\\\/16\\\/15-anni-di-vita-del-parco-delle-dolomiti-sabato-a-feltre-la-presentazione-di-un-libro-che-ne-ripercorre-la-storia\\\/#primaryimage\"},\"image\":{\"@id\":\"https:\\\/\\\/www.bellunopress.it\\\/2009\\\/06\\\/16\\\/15-anni-di-vita-del-parco-delle-dolomiti-sabato-a-feltre-la-presentazione-di-un-libro-che-ne-ripercorre-la-storia\\\/#primaryimage\"},\"thumbnailUrl\":\"http:\\\/\\\/www.bellunopress.it\\\/wp-content\\\/uploads\\\/2009\\\/06\\\/fiori-leggera.jpg\",\"datePublished\":\"2009-06-16T09:17:35+00:00\",\"breadcrumb\":{\"@id\":\"https:\\\/\\\/www.bellunopress.it\\\/2009\\\/06\\\/16\\\/15-anni-di-vita-del-parco-delle-dolomiti-sabato-a-feltre-la-presentazione-di-un-libro-che-ne-ripercorre-la-storia\\\/#breadcrumb\"},\"inLanguage\":\"fr-FR\",\"potentialAction\":[{\"@type\":\"ReadAction\",\"target\":[\"https:\\\/\\\/www.bellunopress.it\\\/2009\\\/06\\\/16\\\/15-anni-di-vita-del-parco-delle-dolomiti-sabato-a-feltre-la-presentazione-di-un-libro-che-ne-ripercorre-la-storia\\\/\"]}]},{\"@type\":\"ImageObject\",\"inLanguage\":\"fr-FR\",\"@id\":\"https:\\\/\\\/www.bellunopress.it\\\/2009\\\/06\\\/16\\\/15-anni-di-vita-del-parco-delle-dolomiti-sabato-a-feltre-la-presentazione-di-un-libro-che-ne-ripercorre-la-storia\\\/#primaryimage\",\"url\":\"http:\\\/\\\/www.bellunopress.it\\\/wp-content\\\/uploads\\\/2009\\\/06\\\/fiori-leggera.jpg\",\"contentUrl\":\"http:\\\/\\\/www.bellunopress.it\\\/wp-content\\\/uploads\\\/2009\\\/06\\\/fiori-leggera.jpg\"},{\"@type\":\"BreadcrumbList\",\"@id\":\"https:\\\/\\\/www.bellunopress.it\\\/2009\\\/06\\\/16\\\/15-anni-di-vita-del-parco-delle-dolomiti-sabato-a-feltre-la-presentazione-di-un-libro-che-ne-ripercorre-la-storia\\\/#breadcrumb\",\"itemListElement\":[{\"@type\":\"ListItem\",\"position\":1,\"name\":\"Home\",\"item\":\"https:\\\/\\\/www.bellunopress.it\\\/\"},{\"@type\":\"ListItem\",\"position\":2,\"name\":\"15 anni di vita del Parco delle Dolomiti: sabato a Feltre la presentazione di un libro che ne ripercorre la storia\"}]},{\"@type\":\"WebSite\",\"@id\":\"https:\\\/\\\/www.bellunopress.it\\\/#website\",\"url\":\"https:\\\/\\\/www.bellunopress.it\\\/\",\"name\":\"Bellunopress - Dolomiti\",\"description\":\"e-mail: redazione@bellunopress.it\",\"publisher\":{\"@id\":\"https:\\\/\\\/www.bellunopress.it\\\/#organization\"},\"potentialAction\":[{\"@type\":\"SearchAction\",\"target\":{\"@type\":\"EntryPoint\",\"urlTemplate\":\"https:\\\/\\\/www.bellunopress.it\\\/?s={search_term_string}\"},\"query-input\":{\"@type\":\"PropertyValueSpecification\",\"valueRequired\":true,\"valueName\":\"search_term_string\"}}],\"inLanguage\":\"fr-FR\"},{\"@type\":\"Organization\",\"@id\":\"https:\\\/\\\/www.bellunopress.it\\\/#organization\",\"name\":\"Bellunopress\",\"url\":\"https:\\\/\\\/www.bellunopress.it\\\/\",\"logo\":{\"@type\":\"ImageObject\",\"inLanguage\":\"fr-FR\",\"@id\":\"https:\\\/\\\/www.bellunopress.it\\\/#\\\/schema\\\/logo\\\/image\\\/\",\"url\":\"https:\\\/\\\/www.bellunopress.it\\\/wp-content\\\/uploads\\\/2011\\\/05\\\/cropped-logo-bellunopress-.jpg\",\"contentUrl\":\"https:\\\/\\\/www.bellunopress.it\\\/wp-content\\\/uploads\\\/2011\\\/05\\\/cropped-logo-bellunopress-.jpg\",\"width\":512,\"height\":512,\"caption\":\"Bellunopress\"},\"image\":{\"@id\":\"https:\\\/\\\/www.bellunopress.it\\\/#\\\/schema\\\/logo\\\/image\\\/\"},\"sameAs\":[\"https:\\\/\\\/www.facebook.com\\\/profile.php?id=100008943462799\",\"https:\\\/\\\/x.com\\\/bellunopress\",\"https:\\\/\\\/www.linkedin.com\\\/hp\\\/?dnr=JBzUWaJfMUw8vbXJJ2tVW5-I3jZKvC4wsoxE&amp;amp;amp;amp;amp;amp;trk=nav_responsive_tab_home\",\"https:\\\/\\\/www.youtube.com\\\/channel\\\/UCxL0wu1uN0_3_7hGG0306cw\"]},{\"@type\":\"Person\",\"@id\":\"https:\\\/\\\/www.bellunopress.it\\\/#\\\/schema\\\/person\\\/79bb06722b37ece1c03d3e94beb30d73\",\"name\":\"redazione\",\"image\":{\"@type\":\"ImageObject\",\"inLanguage\":\"fr-FR\",\"@id\":\"https:\\\/\\\/secure.gravatar.com\\\/avatar\\\/37d968a2e67a6fd04c169c4bdef102d0bc5d31b2546345219e348575eb80e9a0?s=96&d=mm&r=g\",\"url\":\"https:\\\/\\\/secure.gravatar.com\\\/avatar\\\/37d968a2e67a6fd04c169c4bdef102d0bc5d31b2546345219e348575eb80e9a0?s=96&d=mm&r=g\",\"contentUrl\":\"https:\\\/\\\/secure.gravatar.com\\\/avatar\\\/37d968a2e67a6fd04c169c4bdef102d0bc5d31b2546345219e348575eb80e9a0?s=96&d=mm&r=g\",\"caption\":\"redazione\"},\"sameAs\":[\"http:\\\/\\\/www.bellunopress.it\",\"https:\\\/\\\/x.com\\\/bellunopress\"],\"url\":\"https:\\\/\\\/www.bellunopress.it\\\/fr\\\/author\\\/redazione\\\/\"}]}<\/script>\n<!-- \/ Yoast SEO plugin. -->","yoast_head_json":{"title":"15 anni di vita del Parco delle Dolomiti: sabato a Feltre la presentazione di un libro che ne ripercorre la storia - Bellunopress - Dolomiti","robots":{"index":"index","follow":"follow","max-snippet":"max-snippet:-1","max-image-preview":"max-image-preview:large","max-video-preview":"max-video-preview:-1"},"canonical":"https:\/\/www.bellunopress.it\/fr\/2009\/06\/16\/15-anni-di-vita-del-parco-delle-dolomiti-sabato-a-feltre-la-presentazione-di-un-libro-che-ne-ripercorre-la-storia\/","og_locale":"fr_FR","og_type":"article","og_title":"15 anni di vita del Parco delle Dolomiti: sabato a Feltre la presentazione di un libro che ne ripercorre la storia - Bellunopress - Dolomiti","og_description":"Sabato 20 giugno, alle 18,\u00a0 nella Sala degli Stemmi, a Feltre, verr\u00e0 presentato il volume: \u201c1993-2008. Abbiamo 15 anni, il bello viene ora!\u201d. Il libro ripercorre, con brevi testi e un ricco apparato fotografico, i primi 15 anni di vita del Parco Nazionale Dolomiti Bellunesi, illustrando le attivit\u00e0 realizzate nei diversi ambiti di competenza dell\u2019Ente. [&hellip;]","og_url":"https:\/\/www.bellunopress.it\/fr\/2009\/06\/16\/15-anni-di-vita-del-parco-delle-dolomiti-sabato-a-feltre-la-presentazione-di-un-libro-che-ne-ripercorre-la-storia\/","og_site_name":"Bellunopress - Dolomiti","article_publisher":"https:\/\/www.facebook.com\/profile.php?id=100008943462799","article_published_time":"2009-06-16T09:17:35+00:00","og_image":[{"url":"http:\/\/www.bellunopress.it\/wp-content\/uploads\/2009\/06\/fiori-leggera.jpg","type":"","width":"","height":""}],"author":"redazione","twitter_card":"summary_large_image","twitter_creator":"@bellunopress","twitter_site":"@bellunopress","twitter_misc":{"Written by":"redazione","Est. reading time":"2 minutes"},"schema":{"@context":"https:\/\/schema.org","@graph":[{"@type":"Article","@id":"https:\/\/www.bellunopress.it\/2009\/06\/16\/15-anni-di-vita-del-parco-delle-dolomiti-sabato-a-feltre-la-presentazione-di-un-libro-che-ne-ripercorre-la-storia\/#article","isPartOf":{"@id":"https:\/\/www.bellunopress.it\/2009\/06\/16\/15-anni-di-vita-del-parco-delle-dolomiti-sabato-a-feltre-la-presentazione-di-un-libro-che-ne-ripercorre-la-storia\/"},"author":{"name":"redazione","@id":"https:\/\/www.bellunopress.it\/#\/schema\/person\/79bb06722b37ece1c03d3e94beb30d73"},"headline":"15 anni di vita del Parco delle Dolomiti: sabato a Feltre la presentazione di un libro che ne ripercorre la storia","datePublished":"2009-06-16T09:17:35+00:00","mainEntityOfPage":{"@id":"https:\/\/www.bellunopress.it\/2009\/06\/16\/15-anni-di-vita-del-parco-delle-dolomiti-sabato-a-feltre-la-presentazione-di-un-libro-che-ne-ripercorre-la-storia\/"},"wordCount":387,"publisher":{"@id":"https:\/\/www.bellunopress.it\/#organization"},"image":{"@id":"https:\/\/www.bellunopress.it\/2009\/06\/16\/15-anni-di-vita-del-parco-delle-dolomiti-sabato-a-feltre-la-presentazione-di-un-libro-che-ne-ripercorre-la-storia\/#primaryimage"},"thumbnailUrl":"http:\/\/www.bellunopress.it\/wp-content\/uploads\/2009\/06\/fiori-leggera.jpg","keywords":["Belluno","Dolomiti","Feltre"],"articleSection":["Arte, Cultura, Spettacoli, Scienza","Meteo, natura, ambiente, animali","Pausa Caff\u00e8"],"inLanguage":"fr-FR"},{"@type":"WebPage","@id":"https:\/\/www.bellunopress.it\/2009\/06\/16\/15-anni-di-vita-del-parco-delle-dolomiti-sabato-a-feltre-la-presentazione-di-un-libro-che-ne-ripercorre-la-storia\/","url":"https:\/\/www.bellunopress.it\/2009\/06\/16\/15-anni-di-vita-del-parco-delle-dolomiti-sabato-a-feltre-la-presentazione-di-un-libro-che-ne-ripercorre-la-storia\/","name":"15 anni di vita del Parco delle Dolomiti: sabato a Feltre la presentazione di un libro che ne ripercorre la storia - Bellunopress - Dolomiti","isPartOf":{"@id":"https:\/\/www.bellunopress.it\/#website"},"primaryImageOfPage":{"@id":"https:\/\/www.bellunopress.it\/2009\/06\/16\/15-anni-di-vita-del-parco-delle-dolomiti-sabato-a-feltre-la-presentazione-di-un-libro-che-ne-ripercorre-la-storia\/#primaryimage"},"image":{"@id":"https:\/\/www.bellunopress.it\/2009\/06\/16\/15-anni-di-vita-del-parco-delle-dolomiti-sabato-a-feltre-la-presentazione-di-un-libro-che-ne-ripercorre-la-storia\/#primaryimage"},"thumbnailUrl":"http:\/\/www.bellunopress.it\/wp-content\/uploads\/2009\/06\/fiori-leggera.jpg","datePublished":"2009-06-16T09:17:35+00:00","breadcrumb":{"@id":"https:\/\/www.bellunopress.it\/2009\/06\/16\/15-anni-di-vita-del-parco-delle-dolomiti-sabato-a-feltre-la-presentazione-di-un-libro-che-ne-ripercorre-la-storia\/#breadcrumb"},"inLanguage":"fr-FR","potentialAction":[{"@type":"ReadAction","target":["https:\/\/www.bellunopress.it\/2009\/06\/16\/15-anni-di-vita-del-parco-delle-dolomiti-sabato-a-feltre-la-presentazione-di-un-libro-che-ne-ripercorre-la-storia\/"]}]},{"@type":"ImageObject","inLanguage":"fr-FR","@id":"https:\/\/www.bellunopress.it\/2009\/06\/16\/15-anni-di-vita-del-parco-delle-dolomiti-sabato-a-feltre-la-presentazione-di-un-libro-che-ne-ripercorre-la-storia\/#primaryimage","url":"http:\/\/www.bellunopress.it\/wp-content\/uploads\/2009\/06\/fiori-leggera.jpg","contentUrl":"http:\/\/www.bellunopress.it\/wp-content\/uploads\/2009\/06\/fiori-leggera.jpg"},{"@type":"BreadcrumbList","@id":"https:\/\/www.bellunopress.it\/2009\/06\/16\/15-anni-di-vita-del-parco-delle-dolomiti-sabato-a-feltre-la-presentazione-di-un-libro-che-ne-ripercorre-la-storia\/#breadcrumb","itemListElement":[{"@type":"ListItem","position":1,"name":"Home","item":"https:\/\/www.bellunopress.it\/"},{"@type":"ListItem","position":2,"name":"15 anni di vita del Parco delle Dolomiti: sabato a Feltre la presentazione di un libro che ne ripercorre la storia"}]},{"@type":"WebSite","@id":"https:\/\/www.bellunopress.it\/#website","url":"https:\/\/www.bellunopress.it\/","name":"Bellunopress - Dolomiti","description":"e-mail: redazione@bellunopress.it","publisher":{"@id":"https:\/\/www.bellunopress.it\/#organization"},"potentialAction":[{"@type":"SearchAction","target":{"@type":"EntryPoint","urlTemplate":"https:\/\/www.bellunopress.it\/?s={search_term_string}"},"query-input":{"@type":"PropertyValueSpecification","valueRequired":true,"valueName":"search_term_string"}}],"inLanguage":"fr-FR"},{"@type":"Organization","@id":"https:\/\/www.bellunopress.it\/#organization","name":"Bellunopress","url":"https:\/\/www.bellunopress.it\/","logo":{"@type":"ImageObject","inLanguage":"fr-FR","@id":"https:\/\/www.bellunopress.it\/#\/schema\/logo\/image\/","url":"https:\/\/www.bellunopress.it\/wp-content\/uploads\/2011\/05\/cropped-logo-bellunopress-.jpg","contentUrl":"https:\/\/www.bellunopress.it\/wp-content\/uploads\/2011\/05\/cropped-logo-bellunopress-.jpg","width":512,"height":512,"caption":"Bellunopress"},"image":{"@id":"https:\/\/www.bellunopress.it\/#\/schema\/logo\/image\/"},"sameAs":["https:\/\/www.facebook.com\/profile.php?id=100008943462799","https:\/\/x.com\/bellunopress","https:\/\/www.linkedin.com\/hp\/?dnr=JBzUWaJfMUw8vbXJJ2tVW5-I3jZKvC4wsoxE&amp;amp;amp;amp;amp;amp;trk=nav_responsive_tab_home","https:\/\/www.youtube.com\/channel\/UCxL0wu1uN0_3_7hGG0306cw"]},{"@type":"Person","@id":"https:\/\/www.bellunopress.it\/#\/schema\/person\/79bb06722b37ece1c03d3e94beb30d73","name":"r\u00e9daction","image":{"@type":"ImageObject","inLanguage":"fr-FR","@id":"https:\/\/secure.gravatar.com\/avatar\/37d968a2e67a6fd04c169c4bdef102d0bc5d31b2546345219e348575eb80e9a0?s=96&d=mm&r=g","url":"https:\/\/secure.gravatar.com\/avatar\/37d968a2e67a6fd04c169c4bdef102d0bc5d31b2546345219e348575eb80e9a0?s=96&d=mm&r=g","contentUrl":"https:\/\/secure.gravatar.com\/avatar\/37d968a2e67a6fd04c169c4bdef102d0bc5d31b2546345219e348575eb80e9a0?s=96&d=mm&r=g","caption":"redazione"},"sameAs":["http:\/\/www.bellunopress.it","https:\/\/x.com\/bellunopress"],"url":"https:\/\/www.bellunopress.it\/fr\/author\/redazione\/"}]}},"_links":{"self":[{"href":"https:\/\/www.bellunopress.it\/fr\/wp-json\/wp\/v2\/posts\/4933","targetHints":{"allow":["GET"]}}],"collection":[{"href":"https:\/\/www.bellunopress.it\/fr\/wp-json\/wp\/v2\/posts"}],"about":[{"href":"https:\/\/www.bellunopress.it\/fr\/wp-json\/wp\/v2\/types\/post"}],"author":[{"embeddable":true,"href":"https:\/\/www.bellunopress.it\/fr\/wp-json\/wp\/v2\/users\/2"}],"replies":[{"embeddable":true,"href":"https:\/\/www.bellunopress.it\/fr\/wp-json\/wp\/v2\/comments?post=4933"}],"version-history":[{"count":1,"href":"https:\/\/www.bellunopress.it\/fr\/wp-json\/wp\/v2\/posts\/4933\/revisions"}],"predecessor-version":[{"id":4935,"href":"https:\/\/www.bellunopress.it\/fr\/wp-json\/wp\/v2\/posts\/4933\/revisions\/4935"}],"wp:attachment":[{"href":"https:\/\/www.bellunopress.it\/fr\/wp-json\/wp\/v2\/media?parent=4933"}],"wp:term":[{"taxonomy":"category","embeddable":true,"href":"https:\/\/www.bellunopress.it\/fr\/wp-json\/wp\/v2\/categories?post=4933"},{"taxonomy":"post_tag","embeddable":true,"href":"https:\/\/www.bellunopress.it\/fr\/wp-json\/wp\/v2\/tags?post=4933"}],"curies":[{"name":"wp","href":"https:\/\/api.w.org\/{rel}","templated":true}]}}