{"id":4927,"date":"2009-06-16T09:59:57","date_gmt":"2009-06-16T08:59:57","guid":{"rendered":"http:\/\/www.bellunopress.it\/?p=4927"},"modified":"2009-06-16T10:05:55","modified_gmt":"2009-06-16T09:05:55","slug":"in-farmacia-informazioni-alle-donne-per-prevenire-le-violenze-dentro-e-fuori-la-famiglia","status":"publish","type":"post","link":"https:\/\/www.bellunopress.it\/fr\/2009\/06\/16\/in-farmacia-informazioni-alle-donne-per-prevenire-le-violenze-dentro-e-fuori-la-famiglia\/","title":{"rendered":"In farmacia informazioni alle donne per prevenire le violenze dentro e fuori la famiglia"},"content":{"rendered":"<p><a href=\"http:\/\/www.bellunopress.it\/wp-content\/uploads\/2009\/03\/violenza-donne-leggera.jpg\"><img loading=\"lazy\" decoding=\"async\" class=\"alignleft size-medium wp-image-1969\" title=\"violenza-donne-leggera\" src=\"http:\/\/www.bellunopress.it\/wp-content\/uploads\/2009\/03\/violenza-donne-leggera.jpg\" alt=\"\" width=\"290\" height=\"212\" \/><\/a>Le farmacie venete sono veicolo della campagna di prevenzione \u201cGuarda avanti con sicurezza. Chiedi rispetto.\u201d E&#8217; il messaggio che lancia alle donne l&#8217;assessorato regionale a Diritti Umani e Pari Opportunit\u00e0 attraverso la rete delle farmacie venete, diffuse capillarmente nel territorio e punti di riferimento sia per i cittadini che per le istituzioni. La campagna di informazione e sensibilizzazione parte in questi giorni. \u201cAbbiamo colto subito l&#8217;opportunit\u00e0 di trasmettere alle donne informazioni e consigli sul come prevenire o reagire ai maltrattamenti \u2013 afferma Annamaria Brusadini, presidente di Federfarma Veneto, l&#8217;unione regionale dei titolari di farmacia \u2013 perch\u00e9 spesso la loro difficolt\u00e0 \u00e8 proprio quella di riconoscere le vere situazioni di pericolo, sapere a chi rivolgersi in caso di necessit\u00e0, con chi confidarsi, come comportarsi con i figli. Le farmacie, forti del binomio formato dal radicamento nel territorio e dalla professionalit\u00e0 dei farmacisti, hanno gi\u00e0 collaborato l&#8217;anno scorso con la Giunta Regionale e l&#8217;Osservatorio Nazionale sulla Violenza Domestica di Verona su questo tema, proponento alle donne venete dei questionari molto utili per chi studia questo fenomeno. Con questa campagna proseguiamo il nostro impegno a favore delle donne\u201d. Destinatarie dell&#8217;iniziativa sono proprio le donne: la violenza domestica \u00e8 un fenomeno grave\u00a0 che non accenna a diminuire. \u201cFortunatamente, per\u00f2 \u2013 ha commentato l&#8217;assessore regionale Marialuisa Coppola presentando l&#8217;iniziativa &#8211; \u00e8 anche un tema a cui le istituzioni e la societ\u00e0 civile, a livello internazionale, comunitario e nazionale, stanno dedicando una crescente attenzione. Nel mio ruolo di Assessore ai Diritti Umani e alle Pari Opportunit\u00e0 della Regione del Veneto intendo continuare a sostenere la sensibilizzazione su questo fenomeno, attraverso progetti concreti di sostegno alla cultura delle pari opportunit\u00e0, in sinergia con le diverse istituzioni impegnate su questi fronti, per creare una vera rete di informazione e di servizi adeguati.\u201d \u201cPrevenzione e contrasto al fenomeno della violenza contro le donne e in famiglia\u201d \u00e8 il nome dell&#8217;iniziativa, attivata in partenariato con la Commissione Regionale per le Pari opportunit\u00e0 tra uomo e donna e finalizzata alla realizzazione e alla diffusione di materiale informativo contenente consigli alle donne per la prevenzione e l\u2019individuazione di situazioni di pericolo e completa di indicazioni utili in caso di violenza. E&#8217; stata realizzata con il supporto scientifico dell\u2019Osservatorio Nazionale sulla Violenza Domestica con sede a Verona. Pieghevoli e locandine sono i materiali attraverso i quali passeranno i messaggi della campagna. Tra i tanti suggerimenti utili ci sono quelli inerenti il rapporto con i sanitari e il Pronto Soccorso, con le forze dell&#8217;ordine. Si spiegano i rischi di accuse quali \u201csottrazione\u201d o \u201cabbandono\u201d di minore. Si invita a \u201cnon sottovalutare il primo episodio perlopi\u00f9 di violenza psicologica\u201d. Insomma, partecipando attivamente alla campagna i farmacisti del Veneto danno voce e attenzione a un fenomeno reale che spesso fonda il proprio effetto dannoso proprio sul silenzio o l&#8217;incapacit\u00e0 di ascolto.<\/p>","protected":false},"excerpt":{"rendered":"<p>Le farmacie venete sono veicolo della campagna di prevenzione \u201cGuarda avanti con sicurezza. Chiedi rispetto.\u201d E&#8217; il messaggio che lancia alle donne l&#8217;assessorato regionale a Diritti Umani e Pari Opportunit\u00e0 attraverso la rete delle farmacie venete, diffuse capillarmente nel territorio e punti di riferimento sia per i cittadini che per le istituzioni. La campagna di [&hellip;]<\/p>\n","protected":false},"author":2,"featured_media":0,"comment_status":"closed","ping_status":"open","sticky":false,"template":"","format":"standard","meta":{"footnotes":""},"categories":[26,17,8],"tags":[3050],"class_list":["post-4927","post","type-post","status-publish","format-standard","category-prima-pagina","category-sanita","category-societa-istituzioni","tag-sanita"],"yoast_head":"<!-- This site is optimized with the Yoast SEO plugin v28.4 - https:\/\/yoast.com\/product\/yoast-seo-wordpress\/ -->\n<title>In farmacia informazioni alle donne per prevenire le violenze dentro e fuori la famiglia - Bellunopress - Dolomiti<\/title>\n<meta name=\"robots\" content=\"index, follow, max-snippet:-1, max-image-preview:large, max-video-preview:-1\" \/>\n<link rel=\"canonical\" href=\"https:\/\/www.bellunopress.it\/fr\/2009\/06\/16\/in-farmacia-informazioni-alle-donne-per-prevenire-le-violenze-dentro-e-fuori-la-famiglia\/\" \/>\n<meta property=\"og:locale\" content=\"fr_FR\" \/>\n<meta property=\"og:type\" content=\"article\" \/>\n<meta property=\"og:title\" content=\"In farmacia informazioni alle donne per prevenire le violenze dentro e fuori la famiglia - Bellunopress - Dolomiti\" \/>\n<meta property=\"og:description\" content=\"Le farmacie venete sono veicolo della campagna di prevenzione \u201cGuarda avanti con sicurezza. Chiedi rispetto.\u201d E&#8217; il messaggio che lancia alle donne l&#8217;assessorato regionale a Diritti Umani e Pari Opportunit\u00e0 attraverso la rete delle farmacie venete, diffuse capillarmente nel territorio e punti di riferimento sia per i cittadini che per le istituzioni. La campagna di [&hellip;]\" \/>\n<meta property=\"og:url\" content=\"https:\/\/www.bellunopress.it\/fr\/2009\/06\/16\/in-farmacia-informazioni-alle-donne-per-prevenire-le-violenze-dentro-e-fuori-la-famiglia\/\" \/>\n<meta property=\"og:site_name\" content=\"Bellunopress - Dolomiti\" \/>\n<meta property=\"article:publisher\" content=\"https:\/\/www.facebook.com\/profile.php?id=100008943462799\" \/>\n<meta property=\"article:published_time\" content=\"2009-06-16T08:59:57+00:00\" \/>\n<meta property=\"article:modified_time\" content=\"2009-06-16T09:05:55+00:00\" \/>\n<meta property=\"og:image\" content=\"http:\/\/www.bellunopress.it\/wp-content\/uploads\/2009\/03\/violenza-donne-leggera.jpg\" \/>\n<meta name=\"author\" content=\"redazione\" \/>\n<meta name=\"twitter:card\" content=\"summary_large_image\" \/>\n<meta name=\"twitter:creator\" content=\"@bellunopress\" \/>\n<meta name=\"twitter:site\" content=\"@bellunopress\" \/>\n<meta name=\"twitter:label1\" content=\"\u00c9crit par\" \/>\n\t<meta name=\"twitter:data1\" content=\"redazione\" \/>\n\t<meta name=\"twitter:label2\" content=\"Dur\u00e9e de lecture estim\u00e9e\" \/>\n\t<meta name=\"twitter:data2\" content=\"2 minutes\" \/>\n<script type=\"application\/ld+json\" class=\"yoast-schema-graph\">{\"@context\":\"https:\\\/\\\/schema.org\",\"@graph\":[{\"@type\":\"Article\",\"@id\":\"https:\\\/\\\/www.bellunopress.it\\\/2009\\\/06\\\/16\\\/in-farmacia-informazioni-alle-donne-per-prevenire-le-violenze-dentro-e-fuori-la-famiglia\\\/#article\",\"isPartOf\":{\"@id\":\"https:\\\/\\\/www.bellunopress.it\\\/2009\\\/06\\\/16\\\/in-farmacia-informazioni-alle-donne-per-prevenire-le-violenze-dentro-e-fuori-la-famiglia\\\/\"},\"author\":{\"name\":\"redazione\",\"@id\":\"https:\\\/\\\/www.bellunopress.it\\\/#\\\/schema\\\/person\\\/79bb06722b37ece1c03d3e94beb30d73\"},\"headline\":\"In farmacia informazioni alle donne per prevenire le violenze dentro e fuori la famiglia\",\"datePublished\":\"2009-06-16T08:59:57+00:00\",\"dateModified\":\"2009-06-16T09:05:55+00:00\",\"mainEntityOfPage\":{\"@id\":\"https:\\\/\\\/www.bellunopress.it\\\/2009\\\/06\\\/16\\\/in-farmacia-informazioni-alle-donne-per-prevenire-le-violenze-dentro-e-fuori-la-famiglia\\\/\"},\"wordCount\":485,\"publisher\":{\"@id\":\"https:\\\/\\\/www.bellunopress.it\\\/#organization\"},\"image\":{\"@id\":\"https:\\\/\\\/www.bellunopress.it\\\/2009\\\/06\\\/16\\\/in-farmacia-informazioni-alle-donne-per-prevenire-le-violenze-dentro-e-fuori-la-famiglia\\\/#primaryimage\"},\"thumbnailUrl\":\"http:\\\/\\\/www.bellunopress.it\\\/wp-content\\\/uploads\\\/2009\\\/03\\\/violenza-donne-leggera.jpg\",\"keywords\":[\"Sanit\u00e0\"],\"articleSection\":[\"Prima Pagina\",\"Sanit\u00e0 Medicina\",\"Societ\u00e0, Associazioni, Istituzioni\"],\"inLanguage\":\"fr-FR\"},{\"@type\":\"WebPage\",\"@id\":\"https:\\\/\\\/www.bellunopress.it\\\/2009\\\/06\\\/16\\\/in-farmacia-informazioni-alle-donne-per-prevenire-le-violenze-dentro-e-fuori-la-famiglia\\\/\",\"url\":\"https:\\\/\\\/www.bellunopress.it\\\/2009\\\/06\\\/16\\\/in-farmacia-informazioni-alle-donne-per-prevenire-le-violenze-dentro-e-fuori-la-famiglia\\\/\",\"name\":\"In farmacia informazioni alle donne per prevenire le violenze dentro e fuori la famiglia - Bellunopress - Dolomiti\",\"isPartOf\":{\"@id\":\"https:\\\/\\\/www.bellunopress.it\\\/#website\"},\"primaryImageOfPage\":{\"@id\":\"https:\\\/\\\/www.bellunopress.it\\\/2009\\\/06\\\/16\\\/in-farmacia-informazioni-alle-donne-per-prevenire-le-violenze-dentro-e-fuori-la-famiglia\\\/#primaryimage\"},\"image\":{\"@id\":\"https:\\\/\\\/www.bellunopress.it\\\/2009\\\/06\\\/16\\\/in-farmacia-informazioni-alle-donne-per-prevenire-le-violenze-dentro-e-fuori-la-famiglia\\\/#primaryimage\"},\"thumbnailUrl\":\"http:\\\/\\\/www.bellunopress.it\\\/wp-content\\\/uploads\\\/2009\\\/03\\\/violenza-donne-leggera.jpg\",\"datePublished\":\"2009-06-16T08:59:57+00:00\",\"dateModified\":\"2009-06-16T09:05:55+00:00\",\"breadcrumb\":{\"@id\":\"https:\\\/\\\/www.bellunopress.it\\\/2009\\\/06\\\/16\\\/in-farmacia-informazioni-alle-donne-per-prevenire-le-violenze-dentro-e-fuori-la-famiglia\\\/#breadcrumb\"},\"inLanguage\":\"fr-FR\",\"potentialAction\":[{\"@type\":\"ReadAction\",\"target\":[\"https:\\\/\\\/www.bellunopress.it\\\/2009\\\/06\\\/16\\\/in-farmacia-informazioni-alle-donne-per-prevenire-le-violenze-dentro-e-fuori-la-famiglia\\\/\"]}]},{\"@type\":\"ImageObject\",\"inLanguage\":\"fr-FR\",\"@id\":\"https:\\\/\\\/www.bellunopress.it\\\/2009\\\/06\\\/16\\\/in-farmacia-informazioni-alle-donne-per-prevenire-le-violenze-dentro-e-fuori-la-famiglia\\\/#primaryimage\",\"url\":\"http:\\\/\\\/www.bellunopress.it\\\/wp-content\\\/uploads\\\/2009\\\/03\\\/violenza-donne-leggera.jpg\",\"contentUrl\":\"http:\\\/\\\/www.bellunopress.it\\\/wp-content\\\/uploads\\\/2009\\\/03\\\/violenza-donne-leggera.jpg\"},{\"@type\":\"BreadcrumbList\",\"@id\":\"https:\\\/\\\/www.bellunopress.it\\\/2009\\\/06\\\/16\\\/in-farmacia-informazioni-alle-donne-per-prevenire-le-violenze-dentro-e-fuori-la-famiglia\\\/#breadcrumb\",\"itemListElement\":[{\"@type\":\"ListItem\",\"position\":1,\"name\":\"Home\",\"item\":\"https:\\\/\\\/www.bellunopress.it\\\/\"},{\"@type\":\"ListItem\",\"position\":2,\"name\":\"In farmacia informazioni alle donne per prevenire le violenze dentro e fuori la famiglia\"}]},{\"@type\":\"WebSite\",\"@id\":\"https:\\\/\\\/www.bellunopress.it\\\/#website\",\"url\":\"https:\\\/\\\/www.bellunopress.it\\\/\",\"name\":\"Bellunopress - Dolomiti\",\"description\":\"e-mail: redazione@bellunopress.it\",\"publisher\":{\"@id\":\"https:\\\/\\\/www.bellunopress.it\\\/#organization\"},\"potentialAction\":[{\"@type\":\"SearchAction\",\"target\":{\"@type\":\"EntryPoint\",\"urlTemplate\":\"https:\\\/\\\/www.bellunopress.it\\\/?s={search_term_string}\"},\"query-input\":{\"@type\":\"PropertyValueSpecification\",\"valueRequired\":true,\"valueName\":\"search_term_string\"}}],\"inLanguage\":\"fr-FR\"},{\"@type\":\"Organization\",\"@id\":\"https:\\\/\\\/www.bellunopress.it\\\/#organization\",\"name\":\"Bellunopress\",\"url\":\"https:\\\/\\\/www.bellunopress.it\\\/\",\"logo\":{\"@type\":\"ImageObject\",\"inLanguage\":\"fr-FR\",\"@id\":\"https:\\\/\\\/www.bellunopress.it\\\/#\\\/schema\\\/logo\\\/image\\\/\",\"url\":\"https:\\\/\\\/www.bellunopress.it\\\/wp-content\\\/uploads\\\/2011\\\/05\\\/cropped-logo-bellunopress-.jpg\",\"contentUrl\":\"https:\\\/\\\/www.bellunopress.it\\\/wp-content\\\/uploads\\\/2011\\\/05\\\/cropped-logo-bellunopress-.jpg\",\"width\":512,\"height\":512,\"caption\":\"Bellunopress\"},\"image\":{\"@id\":\"https:\\\/\\\/www.bellunopress.it\\\/#\\\/schema\\\/logo\\\/image\\\/\"},\"sameAs\":[\"https:\\\/\\\/www.facebook.com\\\/profile.php?id=100008943462799\",\"https:\\\/\\\/x.com\\\/bellunopress\",\"https:\\\/\\\/www.linkedin.com\\\/hp\\\/?dnr=JBzUWaJfMUw8vbXJJ2tVW5-I3jZKvC4wsoxE&amp;amp;amp;amp;amp;amp;trk=nav_responsive_tab_home\",\"https:\\\/\\\/www.youtube.com\\\/channel\\\/UCxL0wu1uN0_3_7hGG0306cw\"]},{\"@type\":\"Person\",\"@id\":\"https:\\\/\\\/www.bellunopress.it\\\/#\\\/schema\\\/person\\\/79bb06722b37ece1c03d3e94beb30d73\",\"name\":\"redazione\",\"image\":{\"@type\":\"ImageObject\",\"inLanguage\":\"fr-FR\",\"@id\":\"https:\\\/\\\/secure.gravatar.com\\\/avatar\\\/37d968a2e67a6fd04c169c4bdef102d0bc5d31b2546345219e348575eb80e9a0?s=96&d=mm&r=g\",\"url\":\"https:\\\/\\\/secure.gravatar.com\\\/avatar\\\/37d968a2e67a6fd04c169c4bdef102d0bc5d31b2546345219e348575eb80e9a0?s=96&d=mm&r=g\",\"contentUrl\":\"https:\\\/\\\/secure.gravatar.com\\\/avatar\\\/37d968a2e67a6fd04c169c4bdef102d0bc5d31b2546345219e348575eb80e9a0?s=96&d=mm&r=g\",\"caption\":\"redazione\"},\"sameAs\":[\"http:\\\/\\\/www.bellunopress.it\",\"https:\\\/\\\/x.com\\\/bellunopress\"],\"url\":\"https:\\\/\\\/www.bellunopress.it\\\/fr\\\/author\\\/redazione\\\/\"}]}<\/script>\n<!-- \/ Yoast SEO plugin. -->","yoast_head_json":{"title":"In farmacia informazioni alle donne per prevenire le violenze dentro e fuori la famiglia - Bellunopress - Dolomiti","robots":{"index":"index","follow":"follow","max-snippet":"max-snippet:-1","max-image-preview":"max-image-preview:large","max-video-preview":"max-video-preview:-1"},"canonical":"https:\/\/www.bellunopress.it\/fr\/2009\/06\/16\/in-farmacia-informazioni-alle-donne-per-prevenire-le-violenze-dentro-e-fuori-la-famiglia\/","og_locale":"fr_FR","og_type":"article","og_title":"In farmacia informazioni alle donne per prevenire le violenze dentro e fuori la famiglia - Bellunopress - Dolomiti","og_description":"Le farmacie venete sono veicolo della campagna di prevenzione \u201cGuarda avanti con sicurezza. Chiedi rispetto.\u201d E&#8217; il messaggio che lancia alle donne l&#8217;assessorato regionale a Diritti Umani e Pari Opportunit\u00e0 attraverso la rete delle farmacie venete, diffuse capillarmente nel territorio e punti di riferimento sia per i cittadini che per le istituzioni. La campagna di [&hellip;]","og_url":"https:\/\/www.bellunopress.it\/fr\/2009\/06\/16\/in-farmacia-informazioni-alle-donne-per-prevenire-le-violenze-dentro-e-fuori-la-famiglia\/","og_site_name":"Bellunopress - Dolomiti","article_publisher":"https:\/\/www.facebook.com\/profile.php?id=100008943462799","article_published_time":"2009-06-16T08:59:57+00:00","article_modified_time":"2009-06-16T09:05:55+00:00","og_image":[{"url":"http:\/\/www.bellunopress.it\/wp-content\/uploads\/2009\/03\/violenza-donne-leggera.jpg","type":"","width":"","height":""}],"author":"redazione","twitter_card":"summary_large_image","twitter_creator":"@bellunopress","twitter_site":"@bellunopress","twitter_misc":{"\u00c9crit par":"redazione","Dur\u00e9e de lecture estim\u00e9e":"2 minutes"},"schema":{"@context":"https:\/\/schema.org","@graph":[{"@type":"Article","@id":"https:\/\/www.bellunopress.it\/2009\/06\/16\/in-farmacia-informazioni-alle-donne-per-prevenire-le-violenze-dentro-e-fuori-la-famiglia\/#article","isPartOf":{"@id":"https:\/\/www.bellunopress.it\/2009\/06\/16\/in-farmacia-informazioni-alle-donne-per-prevenire-le-violenze-dentro-e-fuori-la-famiglia\/"},"author":{"name":"redazione","@id":"https:\/\/www.bellunopress.it\/#\/schema\/person\/79bb06722b37ece1c03d3e94beb30d73"},"headline":"In farmacia informazioni alle donne per prevenire le violenze dentro e fuori la famiglia","datePublished":"2009-06-16T08:59:57+00:00","dateModified":"2009-06-16T09:05:55+00:00","mainEntityOfPage":{"@id":"https:\/\/www.bellunopress.it\/2009\/06\/16\/in-farmacia-informazioni-alle-donne-per-prevenire-le-violenze-dentro-e-fuori-la-famiglia\/"},"wordCount":485,"publisher":{"@id":"https:\/\/www.bellunopress.it\/#organization"},"image":{"@id":"https:\/\/www.bellunopress.it\/2009\/06\/16\/in-farmacia-informazioni-alle-donne-per-prevenire-le-violenze-dentro-e-fuori-la-famiglia\/#primaryimage"},"thumbnailUrl":"http:\/\/www.bellunopress.it\/wp-content\/uploads\/2009\/03\/violenza-donne-leggera.jpg","keywords":["Sanit\u00e0"],"articleSection":["Prima Pagina","Sanit\u00e0 Medicina","Societ\u00e0, Associazioni, Istituzioni"],"inLanguage":"fr-FR"},{"@type":"WebPage","@id":"https:\/\/www.bellunopress.it\/2009\/06\/16\/in-farmacia-informazioni-alle-donne-per-prevenire-le-violenze-dentro-e-fuori-la-famiglia\/","url":"https:\/\/www.bellunopress.it\/2009\/06\/16\/in-farmacia-informazioni-alle-donne-per-prevenire-le-violenze-dentro-e-fuori-la-famiglia\/","name":"In farmacia informazioni alle donne per prevenire le violenze dentro e fuori la famiglia - Bellunopress - Dolomiti","isPartOf":{"@id":"https:\/\/www.bellunopress.it\/#website"},"primaryImageOfPage":{"@id":"https:\/\/www.bellunopress.it\/2009\/06\/16\/in-farmacia-informazioni-alle-donne-per-prevenire-le-violenze-dentro-e-fuori-la-famiglia\/#primaryimage"},"image":{"@id":"https:\/\/www.bellunopress.it\/2009\/06\/16\/in-farmacia-informazioni-alle-donne-per-prevenire-le-violenze-dentro-e-fuori-la-famiglia\/#primaryimage"},"thumbnailUrl":"http:\/\/www.bellunopress.it\/wp-content\/uploads\/2009\/03\/violenza-donne-leggera.jpg","datePublished":"2009-06-16T08:59:57+00:00","dateModified":"2009-06-16T09:05:55+00:00","breadcrumb":{"@id":"https:\/\/www.bellunopress.it\/2009\/06\/16\/in-farmacia-informazioni-alle-donne-per-prevenire-le-violenze-dentro-e-fuori-la-famiglia\/#breadcrumb"},"inLanguage":"fr-FR","potentialAction":[{"@type":"ReadAction","target":["https:\/\/www.bellunopress.it\/2009\/06\/16\/in-farmacia-informazioni-alle-donne-per-prevenire-le-violenze-dentro-e-fuori-la-famiglia\/"]}]},{"@type":"ImageObject","inLanguage":"fr-FR","@id":"https:\/\/www.bellunopress.it\/2009\/06\/16\/in-farmacia-informazioni-alle-donne-per-prevenire-le-violenze-dentro-e-fuori-la-famiglia\/#primaryimage","url":"http:\/\/www.bellunopress.it\/wp-content\/uploads\/2009\/03\/violenza-donne-leggera.jpg","contentUrl":"http:\/\/www.bellunopress.it\/wp-content\/uploads\/2009\/03\/violenza-donne-leggera.jpg"},{"@type":"BreadcrumbList","@id":"https:\/\/www.bellunopress.it\/2009\/06\/16\/in-farmacia-informazioni-alle-donne-per-prevenire-le-violenze-dentro-e-fuori-la-famiglia\/#breadcrumb","itemListElement":[{"@type":"ListItem","position":1,"name":"Home","item":"https:\/\/www.bellunopress.it\/"},{"@type":"ListItem","position":2,"name":"In farmacia informazioni alle donne per prevenire le violenze dentro e fuori la famiglia"}]},{"@type":"WebSite","@id":"https:\/\/www.bellunopress.it\/#website","url":"https:\/\/www.bellunopress.it\/","name":"Bellunopress - Dolomiti","description":"e-mail: redazione@bellunopress.it","publisher":{"@id":"https:\/\/www.bellunopress.it\/#organization"},"potentialAction":[{"@type":"SearchAction","target":{"@type":"EntryPoint","urlTemplate":"https:\/\/www.bellunopress.it\/?s={search_term_string}"},"query-input":{"@type":"PropertyValueSpecification","valueRequired":true,"valueName":"search_term_string"}}],"inLanguage":"fr-FR"},{"@type":"Organization","@id":"https:\/\/www.bellunopress.it\/#organization","name":"Bellunopress","url":"https:\/\/www.bellunopress.it\/","logo":{"@type":"ImageObject","inLanguage":"fr-FR","@id":"https:\/\/www.bellunopress.it\/#\/schema\/logo\/image\/","url":"https:\/\/www.bellunopress.it\/wp-content\/uploads\/2011\/05\/cropped-logo-bellunopress-.jpg","contentUrl":"https:\/\/www.bellunopress.it\/wp-content\/uploads\/2011\/05\/cropped-logo-bellunopress-.jpg","width":512,"height":512,"caption":"Bellunopress"},"image":{"@id":"https:\/\/www.bellunopress.it\/#\/schema\/logo\/image\/"},"sameAs":["https:\/\/www.facebook.com\/profile.php?id=100008943462799","https:\/\/x.com\/bellunopress","https:\/\/www.linkedin.com\/hp\/?dnr=JBzUWaJfMUw8vbXJJ2tVW5-I3jZKvC4wsoxE&amp;amp;amp;amp;amp;amp;trk=nav_responsive_tab_home","https:\/\/www.youtube.com\/channel\/UCxL0wu1uN0_3_7hGG0306cw"]},{"@type":"Person","@id":"https:\/\/www.bellunopress.it\/#\/schema\/person\/79bb06722b37ece1c03d3e94beb30d73","name":"r\u00e9daction","image":{"@type":"ImageObject","inLanguage":"fr-FR","@id":"https:\/\/secure.gravatar.com\/avatar\/37d968a2e67a6fd04c169c4bdef102d0bc5d31b2546345219e348575eb80e9a0?s=96&d=mm&r=g","url":"https:\/\/secure.gravatar.com\/avatar\/37d968a2e67a6fd04c169c4bdef102d0bc5d31b2546345219e348575eb80e9a0?s=96&d=mm&r=g","contentUrl":"https:\/\/secure.gravatar.com\/avatar\/37d968a2e67a6fd04c169c4bdef102d0bc5d31b2546345219e348575eb80e9a0?s=96&d=mm&r=g","caption":"redazione"},"sameAs":["http:\/\/www.bellunopress.it","https:\/\/x.com\/bellunopress"],"url":"https:\/\/www.bellunopress.it\/fr\/author\/redazione\/"}]}},"_links":{"self":[{"href":"https:\/\/www.bellunopress.it\/fr\/wp-json\/wp\/v2\/posts\/4927","targetHints":{"allow":["GET"]}}],"collection":[{"href":"https:\/\/www.bellunopress.it\/fr\/wp-json\/wp\/v2\/posts"}],"about":[{"href":"https:\/\/www.bellunopress.it\/fr\/wp-json\/wp\/v2\/types\/post"}],"author":[{"embeddable":true,"href":"https:\/\/www.bellunopress.it\/fr\/wp-json\/wp\/v2\/users\/2"}],"replies":[{"embeddable":true,"href":"https:\/\/www.bellunopress.it\/fr\/wp-json\/wp\/v2\/comments?post=4927"}],"version-history":[{"count":5,"href":"https:\/\/www.bellunopress.it\/fr\/wp-json\/wp\/v2\/posts\/4927\/revisions"}],"predecessor-version":[{"id":4931,"href":"https:\/\/www.bellunopress.it\/fr\/wp-json\/wp\/v2\/posts\/4927\/revisions\/4931"}],"wp:attachment":[{"href":"https:\/\/www.bellunopress.it\/fr\/wp-json\/wp\/v2\/media?parent=4927"}],"wp:term":[{"taxonomy":"category","embeddable":true,"href":"https:\/\/www.bellunopress.it\/fr\/wp-json\/wp\/v2\/categories?post=4927"},{"taxonomy":"post_tag","embeddable":true,"href":"https:\/\/www.bellunopress.it\/fr\/wp-json\/wp\/v2\/tags?post=4927"}],"curies":[{"name":"wp","href":"https:\/\/api.w.org\/{rel}","templated":true}]}}