{"id":4919,"date":"2009-06-15T20:43:24","date_gmt":"2009-06-15T19:43:24","guid":{"rendered":"http:\/\/www.bellunopress.it\/?p=4919"},"modified":"2009-06-15T20:43:24","modified_gmt":"2009-06-15T19:43:24","slug":"premio-regionale-per-lo-sviluppo-economico-alla-ditta-bellunese-de-mas","status":"publish","type":"post","link":"https:\/\/www.bellunopress.it\/fr\/2009\/06\/15\/premio-regionale-per-lo-sviluppo-economico-alla-ditta-bellunese-de-mas\/","title":{"rendered":"Premio regionale per lo sviluppo economico alla ditta bellunese De Mas"},"content":{"rendered":"<p><a href=\"http:\/\/www.bellunopress.it\/wp-content\/uploads\/2009\/06\/gruppo-de-mas-leggera.jpg\"><img loading=\"lazy\" decoding=\"async\" class=\"alignleft size-medium wp-image-4920\" title=\"gruppo-de-mas-leggera\" src=\"http:\/\/www.bellunopress.it\/wp-content\/uploads\/2009\/06\/gruppo-de-mas-leggera.jpg\" alt=\"\" width=\"270\" height=\"181\" \/><\/a>Si \u00e8 svolta, presso la Camera di Commercio di Padova nella giornata di venerd\u00ec 12 giugno la cerimonia di consegna del \u201cPremio Regionale per lo sviluppo economico del Veneto\u201d. Un riconoscimento assegnato ogni\u00a0 da Unioncamere Veneto\u00a0 ad un azienda particolarmente distintasi per i risultati produttivi e di valore sociale conseguiti. Quest\u2019anno il premio \u00e8 stato attribuito, per la provincia di Belluno, alla ditta DE MAS ANNIBALE &amp; C. , una delle realt\u00e0 locali pi\u00f9 significative nella distribuzione di materiali per l\u2019edilizia.<br \/>\nPresenti alla cerimonia di consegna i presidenti delle Camere di Commercio del Veneto fra i quali anche Paolo Doglioni che ha consegnato la targa a Fabio De\u00a0 Mas, socio accomandatario della societ\u00e0 alla presenza anche di Annibale De Mas.<br \/>\n<strong>I Vincitori del \u201cPremio regionale per lo sviluppo economico del Veneto\u201d<\/strong><br \/>\n* DE MAS ANNIBALE &amp; C. di DE MAS EUGENIO &amp; S.a.s. &#8211; Belluno<br \/>\n* EUROMARKET S.r.l &#8211; Rubano (Padova)<br \/>\n* I PIOPPI Societ\u00e0 Cooperativa Agricola &#8211; Lusia (Rovigo)<br \/>\n* TEXA S.p.a. &#8211; Monastier di Treviso (Treviso)<br \/>\n* BERNARDI BRUNO &#8211; Mira (Venezia)<br \/>\n* ROSSETTO GROUP S.p.a. &#8211; Sona (Verona)<br \/>\n* QUAJA VENETA Societ\u00e0 Cooperativa Agricola &#8211; Malo (Vicenza)<\/p>","protected":false},"excerpt":{"rendered":"<p>Si \u00e8 svolta, presso la Camera di Commercio di Padova nella giornata di venerd\u00ec 12 giugno la cerimonia di consegna del \u201cPremio Regionale per lo sviluppo economico del Veneto\u201d. Un riconoscimento assegnato ogni\u00a0 da Unioncamere Veneto\u00a0 ad un azienda particolarmente distintasi per i risultati produttivi e di valore sociale conseguiti. Quest\u2019anno il premio \u00e8 stato [&hellip;]<\/p>\n","protected":false},"author":2,"featured_media":0,"comment_status":"closed","ping_status":"open","sticky":false,"template":"","format":"standard","meta":{"footnotes":""},"categories":[36],"tags":[139],"class_list":["post-4919","post","type-post","status-publish","format-standard","category-lavoro-economia","tag-belluno"],"yoast_head":"<!-- This site is optimized with the Yoast SEO plugin v28.4 - https:\/\/yoast.com\/product\/yoast-seo-wordpress\/ -->\n<title>Premio regionale per lo sviluppo economico alla ditta bellunese De Mas - Bellunopress - Dolomiti<\/title>\n<meta name=\"robots\" content=\"index, follow, max-snippet:-1, max-image-preview:large, max-video-preview:-1\" \/>\n<link rel=\"canonical\" href=\"https:\/\/www.bellunopress.it\/fr\/2009\/06\/15\/premio-regionale-per-lo-sviluppo-economico-alla-ditta-bellunese-de-mas\/\" \/>\n<meta property=\"og:locale\" content=\"fr_FR\" \/>\n<meta property=\"og:type\" content=\"article\" \/>\n<meta property=\"og:title\" content=\"Premio regionale per lo sviluppo economico alla ditta bellunese De Mas - Bellunopress - Dolomiti\" \/>\n<meta property=\"og:description\" content=\"Si \u00e8 svolta, presso la Camera di Commercio di Padova nella giornata di venerd\u00ec 12 giugno la cerimonia di consegna del \u201cPremio Regionale per lo sviluppo economico del Veneto\u201d. Un riconoscimento assegnato ogni\u00a0 da Unioncamere Veneto\u00a0 ad un azienda particolarmente distintasi per i risultati produttivi e di valore sociale conseguiti. Quest\u2019anno il premio \u00e8 stato [&hellip;]\" \/>\n<meta property=\"og:url\" content=\"https:\/\/www.bellunopress.it\/fr\/2009\/06\/15\/premio-regionale-per-lo-sviluppo-economico-alla-ditta-bellunese-de-mas\/\" \/>\n<meta property=\"og:site_name\" content=\"Bellunopress - Dolomiti\" \/>\n<meta property=\"article:publisher\" content=\"https:\/\/www.facebook.com\/profile.php?id=100008943462799\" \/>\n<meta property=\"article:published_time\" content=\"2009-06-15T19:43:24+00:00\" \/>\n<meta property=\"og:image\" content=\"http:\/\/www.bellunopress.it\/wp-content\/uploads\/2009\/06\/gruppo-de-mas-leggera.jpg\" \/>\n<meta name=\"author\" content=\"redazione\" \/>\n<meta name=\"twitter:card\" content=\"summary_large_image\" \/>\n<meta name=\"twitter:creator\" content=\"@bellunopress\" \/>\n<meta name=\"twitter:site\" content=\"@bellunopress\" \/>\n<meta name=\"twitter:label1\" content=\"\u00c9crit par\" \/>\n\t<meta name=\"twitter:data1\" content=\"redazione\" \/>\n\t<meta name=\"twitter:label2\" content=\"Dur\u00e9e de lecture estim\u00e9e\" \/>\n\t<meta name=\"twitter:data2\" content=\"1 minute\" \/>\n<script type=\"application\/ld+json\" class=\"yoast-schema-graph\">{\"@context\":\"https:\\\/\\\/schema.org\",\"@graph\":[{\"@type\":\"Article\",\"@id\":\"https:\\\/\\\/www.bellunopress.it\\\/2009\\\/06\\\/15\\\/premio-regionale-per-lo-sviluppo-economico-alla-ditta-bellunese-de-mas\\\/#article\",\"isPartOf\":{\"@id\":\"https:\\\/\\\/www.bellunopress.it\\\/2009\\\/06\\\/15\\\/premio-regionale-per-lo-sviluppo-economico-alla-ditta-bellunese-de-mas\\\/\"},\"author\":{\"name\":\"redazione\",\"@id\":\"https:\\\/\\\/www.bellunopress.it\\\/#\\\/schema\\\/person\\\/79bb06722b37ece1c03d3e94beb30d73\"},\"headline\":\"Premio regionale per lo sviluppo economico alla ditta bellunese De Mas\",\"datePublished\":\"2009-06-15T19:43:24+00:00\",\"mainEntityOfPage\":{\"@id\":\"https:\\\/\\\/www.bellunopress.it\\\/2009\\\/06\\\/15\\\/premio-regionale-per-lo-sviluppo-economico-alla-ditta-bellunese-de-mas\\\/\"},\"wordCount\":200,\"publisher\":{\"@id\":\"https:\\\/\\\/www.bellunopress.it\\\/#organization\"},\"image\":{\"@id\":\"https:\\\/\\\/www.bellunopress.it\\\/2009\\\/06\\\/15\\\/premio-regionale-per-lo-sviluppo-economico-alla-ditta-bellunese-de-mas\\\/#primaryimage\"},\"thumbnailUrl\":\"http:\\\/\\\/www.bellunopress.it\\\/wp-content\\\/uploads\\\/2009\\\/06\\\/gruppo-de-mas-leggera.jpg\",\"keywords\":[\"Belluno\"],\"articleSection\":[\"Lavoro, Economia, Turismo\"],\"inLanguage\":\"fr-FR\"},{\"@type\":\"WebPage\",\"@id\":\"https:\\\/\\\/www.bellunopress.it\\\/2009\\\/06\\\/15\\\/premio-regionale-per-lo-sviluppo-economico-alla-ditta-bellunese-de-mas\\\/\",\"url\":\"https:\\\/\\\/www.bellunopress.it\\\/2009\\\/06\\\/15\\\/premio-regionale-per-lo-sviluppo-economico-alla-ditta-bellunese-de-mas\\\/\",\"name\":\"Premio regionale per lo sviluppo economico alla ditta bellunese De Mas - Bellunopress - Dolomiti\",\"isPartOf\":{\"@id\":\"https:\\\/\\\/www.bellunopress.it\\\/#website\"},\"primaryImageOfPage\":{\"@id\":\"https:\\\/\\\/www.bellunopress.it\\\/2009\\\/06\\\/15\\\/premio-regionale-per-lo-sviluppo-economico-alla-ditta-bellunese-de-mas\\\/#primaryimage\"},\"image\":{\"@id\":\"https:\\\/\\\/www.bellunopress.it\\\/2009\\\/06\\\/15\\\/premio-regionale-per-lo-sviluppo-economico-alla-ditta-bellunese-de-mas\\\/#primaryimage\"},\"thumbnailUrl\":\"http:\\\/\\\/www.bellunopress.it\\\/wp-content\\\/uploads\\\/2009\\\/06\\\/gruppo-de-mas-leggera.jpg\",\"datePublished\":\"2009-06-15T19:43:24+00:00\",\"breadcrumb\":{\"@id\":\"https:\\\/\\\/www.bellunopress.it\\\/2009\\\/06\\\/15\\\/premio-regionale-per-lo-sviluppo-economico-alla-ditta-bellunese-de-mas\\\/#breadcrumb\"},\"inLanguage\":\"fr-FR\",\"potentialAction\":[{\"@type\":\"ReadAction\",\"target\":[\"https:\\\/\\\/www.bellunopress.it\\\/2009\\\/06\\\/15\\\/premio-regionale-per-lo-sviluppo-economico-alla-ditta-bellunese-de-mas\\\/\"]}]},{\"@type\":\"ImageObject\",\"inLanguage\":\"fr-FR\",\"@id\":\"https:\\\/\\\/www.bellunopress.it\\\/2009\\\/06\\\/15\\\/premio-regionale-per-lo-sviluppo-economico-alla-ditta-bellunese-de-mas\\\/#primaryimage\",\"url\":\"http:\\\/\\\/www.bellunopress.it\\\/wp-content\\\/uploads\\\/2009\\\/06\\\/gruppo-de-mas-leggera.jpg\",\"contentUrl\":\"http:\\\/\\\/www.bellunopress.it\\\/wp-content\\\/uploads\\\/2009\\\/06\\\/gruppo-de-mas-leggera.jpg\"},{\"@type\":\"BreadcrumbList\",\"@id\":\"https:\\\/\\\/www.bellunopress.it\\\/2009\\\/06\\\/15\\\/premio-regionale-per-lo-sviluppo-economico-alla-ditta-bellunese-de-mas\\\/#breadcrumb\",\"itemListElement\":[{\"@type\":\"ListItem\",\"position\":1,\"name\":\"Home\",\"item\":\"https:\\\/\\\/www.bellunopress.it\\\/\"},{\"@type\":\"ListItem\",\"position\":2,\"name\":\"Premio regionale per lo sviluppo economico alla ditta bellunese De Mas\"}]},{\"@type\":\"WebSite\",\"@id\":\"https:\\\/\\\/www.bellunopress.it\\\/#website\",\"url\":\"https:\\\/\\\/www.bellunopress.it\\\/\",\"name\":\"Bellunopress - Dolomiti\",\"description\":\"e-mail: redazione@bellunopress.it\",\"publisher\":{\"@id\":\"https:\\\/\\\/www.bellunopress.it\\\/#organization\"},\"potentialAction\":[{\"@type\":\"SearchAction\",\"target\":{\"@type\":\"EntryPoint\",\"urlTemplate\":\"https:\\\/\\\/www.bellunopress.it\\\/?s={search_term_string}\"},\"query-input\":{\"@type\":\"PropertyValueSpecification\",\"valueRequired\":true,\"valueName\":\"search_term_string\"}}],\"inLanguage\":\"fr-FR\"},{\"@type\":\"Organization\",\"@id\":\"https:\\\/\\\/www.bellunopress.it\\\/#organization\",\"name\":\"Bellunopress\",\"url\":\"https:\\\/\\\/www.bellunopress.it\\\/\",\"logo\":{\"@type\":\"ImageObject\",\"inLanguage\":\"fr-FR\",\"@id\":\"https:\\\/\\\/www.bellunopress.it\\\/#\\\/schema\\\/logo\\\/image\\\/\",\"url\":\"https:\\\/\\\/www.bellunopress.it\\\/wp-content\\\/uploads\\\/2011\\\/05\\\/cropped-logo-bellunopress-.jpg\",\"contentUrl\":\"https:\\\/\\\/www.bellunopress.it\\\/wp-content\\\/uploads\\\/2011\\\/05\\\/cropped-logo-bellunopress-.jpg\",\"width\":512,\"height\":512,\"caption\":\"Bellunopress\"},\"image\":{\"@id\":\"https:\\\/\\\/www.bellunopress.it\\\/#\\\/schema\\\/logo\\\/image\\\/\"},\"sameAs\":[\"https:\\\/\\\/www.facebook.com\\\/profile.php?id=100008943462799\",\"https:\\\/\\\/x.com\\\/bellunopress\",\"https:\\\/\\\/www.linkedin.com\\\/hp\\\/?dnr=JBzUWaJfMUw8vbXJJ2tVW5-I3jZKvC4wsoxE&amp;amp;amp;amp;amp;amp;trk=nav_responsive_tab_home\",\"https:\\\/\\\/www.youtube.com\\\/channel\\\/UCxL0wu1uN0_3_7hGG0306cw\"]},{\"@type\":\"Person\",\"@id\":\"https:\\\/\\\/www.bellunopress.it\\\/#\\\/schema\\\/person\\\/79bb06722b37ece1c03d3e94beb30d73\",\"name\":\"redazione\",\"image\":{\"@type\":\"ImageObject\",\"inLanguage\":\"fr-FR\",\"@id\":\"https:\\\/\\\/secure.gravatar.com\\\/avatar\\\/37d968a2e67a6fd04c169c4bdef102d0bc5d31b2546345219e348575eb80e9a0?s=96&d=mm&r=g\",\"url\":\"https:\\\/\\\/secure.gravatar.com\\\/avatar\\\/37d968a2e67a6fd04c169c4bdef102d0bc5d31b2546345219e348575eb80e9a0?s=96&d=mm&r=g\",\"contentUrl\":\"https:\\\/\\\/secure.gravatar.com\\\/avatar\\\/37d968a2e67a6fd04c169c4bdef102d0bc5d31b2546345219e348575eb80e9a0?s=96&d=mm&r=g\",\"caption\":\"redazione\"},\"sameAs\":[\"http:\\\/\\\/www.bellunopress.it\",\"https:\\\/\\\/x.com\\\/bellunopress\"],\"url\":\"https:\\\/\\\/www.bellunopress.it\\\/fr\\\/author\\\/redazione\\\/\"}]}<\/script>\n<!-- \/ Yoast SEO plugin. -->","yoast_head_json":{"title":"Premio regionale per lo sviluppo economico alla ditta bellunese De Mas - Bellunopress - Dolomiti","robots":{"index":"index","follow":"follow","max-snippet":"max-snippet:-1","max-image-preview":"max-image-preview:large","max-video-preview":"max-video-preview:-1"},"canonical":"https:\/\/www.bellunopress.it\/fr\/2009\/06\/15\/premio-regionale-per-lo-sviluppo-economico-alla-ditta-bellunese-de-mas\/","og_locale":"fr_FR","og_type":"article","og_title":"Premio regionale per lo sviluppo economico alla ditta bellunese De Mas - Bellunopress - Dolomiti","og_description":"Si \u00e8 svolta, presso la Camera di Commercio di Padova nella giornata di venerd\u00ec 12 giugno la cerimonia di consegna del \u201cPremio Regionale per lo sviluppo economico del Veneto\u201d. Un riconoscimento assegnato ogni\u00a0 da Unioncamere Veneto\u00a0 ad un azienda particolarmente distintasi per i risultati produttivi e di valore sociale conseguiti. Quest\u2019anno il premio \u00e8 stato [&hellip;]","og_url":"https:\/\/www.bellunopress.it\/fr\/2009\/06\/15\/premio-regionale-per-lo-sviluppo-economico-alla-ditta-bellunese-de-mas\/","og_site_name":"Bellunopress - Dolomiti","article_publisher":"https:\/\/www.facebook.com\/profile.php?id=100008943462799","article_published_time":"2009-06-15T19:43:24+00:00","og_image":[{"url":"http:\/\/www.bellunopress.it\/wp-content\/uploads\/2009\/06\/gruppo-de-mas-leggera.jpg","type":"","width":"","height":""}],"author":"redazione","twitter_card":"summary_large_image","twitter_creator":"@bellunopress","twitter_site":"@bellunopress","twitter_misc":{"\u00c9crit par":"redazione","Dur\u00e9e de lecture estim\u00e9e":"1 minute"},"schema":{"@context":"https:\/\/schema.org","@graph":[{"@type":"Article","@id":"https:\/\/www.bellunopress.it\/2009\/06\/15\/premio-regionale-per-lo-sviluppo-economico-alla-ditta-bellunese-de-mas\/#article","isPartOf":{"@id":"https:\/\/www.bellunopress.it\/2009\/06\/15\/premio-regionale-per-lo-sviluppo-economico-alla-ditta-bellunese-de-mas\/"},"author":{"name":"redazione","@id":"https:\/\/www.bellunopress.it\/#\/schema\/person\/79bb06722b37ece1c03d3e94beb30d73"},"headline":"Premio regionale per lo sviluppo economico alla ditta bellunese De Mas","datePublished":"2009-06-15T19:43:24+00:00","mainEntityOfPage":{"@id":"https:\/\/www.bellunopress.it\/2009\/06\/15\/premio-regionale-per-lo-sviluppo-economico-alla-ditta-bellunese-de-mas\/"},"wordCount":200,"publisher":{"@id":"https:\/\/www.bellunopress.it\/#organization"},"image":{"@id":"https:\/\/www.bellunopress.it\/2009\/06\/15\/premio-regionale-per-lo-sviluppo-economico-alla-ditta-bellunese-de-mas\/#primaryimage"},"thumbnailUrl":"http:\/\/www.bellunopress.it\/wp-content\/uploads\/2009\/06\/gruppo-de-mas-leggera.jpg","keywords":["Belluno"],"articleSection":["Lavoro, Economia, Turismo"],"inLanguage":"fr-FR"},{"@type":"WebPage","@id":"https:\/\/www.bellunopress.it\/2009\/06\/15\/premio-regionale-per-lo-sviluppo-economico-alla-ditta-bellunese-de-mas\/","url":"https:\/\/www.bellunopress.it\/2009\/06\/15\/premio-regionale-per-lo-sviluppo-economico-alla-ditta-bellunese-de-mas\/","name":"Premio regionale per lo sviluppo economico alla ditta bellunese De Mas - Bellunopress - Dolomiti","isPartOf":{"@id":"https:\/\/www.bellunopress.it\/#website"},"primaryImageOfPage":{"@id":"https:\/\/www.bellunopress.it\/2009\/06\/15\/premio-regionale-per-lo-sviluppo-economico-alla-ditta-bellunese-de-mas\/#primaryimage"},"image":{"@id":"https:\/\/www.bellunopress.it\/2009\/06\/15\/premio-regionale-per-lo-sviluppo-economico-alla-ditta-bellunese-de-mas\/#primaryimage"},"thumbnailUrl":"http:\/\/www.bellunopress.it\/wp-content\/uploads\/2009\/06\/gruppo-de-mas-leggera.jpg","datePublished":"2009-06-15T19:43:24+00:00","breadcrumb":{"@id":"https:\/\/www.bellunopress.it\/2009\/06\/15\/premio-regionale-per-lo-sviluppo-economico-alla-ditta-bellunese-de-mas\/#breadcrumb"},"inLanguage":"fr-FR","potentialAction":[{"@type":"ReadAction","target":["https:\/\/www.bellunopress.it\/2009\/06\/15\/premio-regionale-per-lo-sviluppo-economico-alla-ditta-bellunese-de-mas\/"]}]},{"@type":"ImageObject","inLanguage":"fr-FR","@id":"https:\/\/www.bellunopress.it\/2009\/06\/15\/premio-regionale-per-lo-sviluppo-economico-alla-ditta-bellunese-de-mas\/#primaryimage","url":"http:\/\/www.bellunopress.it\/wp-content\/uploads\/2009\/06\/gruppo-de-mas-leggera.jpg","contentUrl":"http:\/\/www.bellunopress.it\/wp-content\/uploads\/2009\/06\/gruppo-de-mas-leggera.jpg"},{"@type":"BreadcrumbList","@id":"https:\/\/www.bellunopress.it\/2009\/06\/15\/premio-regionale-per-lo-sviluppo-economico-alla-ditta-bellunese-de-mas\/#breadcrumb","itemListElement":[{"@type":"ListItem","position":1,"name":"Home","item":"https:\/\/www.bellunopress.it\/"},{"@type":"ListItem","position":2,"name":"Premio regionale per lo sviluppo economico alla ditta bellunese De Mas"}]},{"@type":"WebSite","@id":"https:\/\/www.bellunopress.it\/#website","url":"https:\/\/www.bellunopress.it\/","name":"Bellunopress - Dolomiti","description":"e-mail: redazione@bellunopress.it","publisher":{"@id":"https:\/\/www.bellunopress.it\/#organization"},"potentialAction":[{"@type":"SearchAction","target":{"@type":"EntryPoint","urlTemplate":"https:\/\/www.bellunopress.it\/?s={search_term_string}"},"query-input":{"@type":"PropertyValueSpecification","valueRequired":true,"valueName":"search_term_string"}}],"inLanguage":"fr-FR"},{"@type":"Organization","@id":"https:\/\/www.bellunopress.it\/#organization","name":"Bellunopress","url":"https:\/\/www.bellunopress.it\/","logo":{"@type":"ImageObject","inLanguage":"fr-FR","@id":"https:\/\/www.bellunopress.it\/#\/schema\/logo\/image\/","url":"https:\/\/www.bellunopress.it\/wp-content\/uploads\/2011\/05\/cropped-logo-bellunopress-.jpg","contentUrl":"https:\/\/www.bellunopress.it\/wp-content\/uploads\/2011\/05\/cropped-logo-bellunopress-.jpg","width":512,"height":512,"caption":"Bellunopress"},"image":{"@id":"https:\/\/www.bellunopress.it\/#\/schema\/logo\/image\/"},"sameAs":["https:\/\/www.facebook.com\/profile.php?id=100008943462799","https:\/\/x.com\/bellunopress","https:\/\/www.linkedin.com\/hp\/?dnr=JBzUWaJfMUw8vbXJJ2tVW5-I3jZKvC4wsoxE&amp;amp;amp;amp;amp;amp;trk=nav_responsive_tab_home","https:\/\/www.youtube.com\/channel\/UCxL0wu1uN0_3_7hGG0306cw"]},{"@type":"Person","@id":"https:\/\/www.bellunopress.it\/#\/schema\/person\/79bb06722b37ece1c03d3e94beb30d73","name":"r\u00e9daction","image":{"@type":"ImageObject","inLanguage":"fr-FR","@id":"https:\/\/secure.gravatar.com\/avatar\/37d968a2e67a6fd04c169c4bdef102d0bc5d31b2546345219e348575eb80e9a0?s=96&d=mm&r=g","url":"https:\/\/secure.gravatar.com\/avatar\/37d968a2e67a6fd04c169c4bdef102d0bc5d31b2546345219e348575eb80e9a0?s=96&d=mm&r=g","contentUrl":"https:\/\/secure.gravatar.com\/avatar\/37d968a2e67a6fd04c169c4bdef102d0bc5d31b2546345219e348575eb80e9a0?s=96&d=mm&r=g","caption":"redazione"},"sameAs":["http:\/\/www.bellunopress.it","https:\/\/x.com\/bellunopress"],"url":"https:\/\/www.bellunopress.it\/fr\/author\/redazione\/"}]}},"_links":{"self":[{"href":"https:\/\/www.bellunopress.it\/fr\/wp-json\/wp\/v2\/posts\/4919","targetHints":{"allow":["GET"]}}],"collection":[{"href":"https:\/\/www.bellunopress.it\/fr\/wp-json\/wp\/v2\/posts"}],"about":[{"href":"https:\/\/www.bellunopress.it\/fr\/wp-json\/wp\/v2\/types\/post"}],"author":[{"embeddable":true,"href":"https:\/\/www.bellunopress.it\/fr\/wp-json\/wp\/v2\/users\/2"}],"replies":[{"embeddable":true,"href":"https:\/\/www.bellunopress.it\/fr\/wp-json\/wp\/v2\/comments?post=4919"}],"version-history":[{"count":1,"href":"https:\/\/www.bellunopress.it\/fr\/wp-json\/wp\/v2\/posts\/4919\/revisions"}],"predecessor-version":[{"id":4921,"href":"https:\/\/www.bellunopress.it\/fr\/wp-json\/wp\/v2\/posts\/4919\/revisions\/4921"}],"wp:attachment":[{"href":"https:\/\/www.bellunopress.it\/fr\/wp-json\/wp\/v2\/media?parent=4919"}],"wp:term":[{"taxonomy":"category","embeddable":true,"href":"https:\/\/www.bellunopress.it\/fr\/wp-json\/wp\/v2\/categories?post=4919"},{"taxonomy":"post_tag","embeddable":true,"href":"https:\/\/www.bellunopress.it\/fr\/wp-json\/wp\/v2\/tags?post=4919"}],"curies":[{"name":"wp","href":"https:\/\/api.w.org\/{rel}","templated":true}]}}