{"id":48977,"date":"2013-05-02T06:05:47","date_gmt":"2013-05-02T05:05:47","guid":{"rendered":"http:\/\/www.bellunopress.it\/?p=48977"},"modified":"2013-05-02T06:05:47","modified_gmt":"2013-05-02T05:05:47","slug":"parapendio-dal-9-al-12-maggio-a-feltre-la-30ma-edizione-del-trofeo-guarnieri","status":"publish","type":"post","link":"https:\/\/www.bellunopress.it\/fr\/2013\/05\/02\/parapendio-dal-9-al-12-maggio-a-feltre-la-30ma-edizione-del-trofeo-guarnieri\/","title":{"rendered":"Parapendio: dal 9 al 12 maggio a Feltre la 30ma edizione del Trofeo Guarnieri"},"content":{"rendered":"<p><a href=\"http:\/\/www.bellunopress.it\/wp-content\/uploads\/2009\/05\/parapendio.jpg\"><img loading=\"lazy\" decoding=\"async\" class=\"alignleft size-full wp-image-3372\" alt=\"parapendio\" src=\"http:\/\/www.bellunopress.it\/wp-content\/uploads\/2009\/05\/parapendio.jpg\" width=\"90\" height=\"90\" \/><\/a>Due tradizionali, importanti eventi di volo in parapendio e deltaplano sono\u00a0alle porte e presto questi mezzi per il volo libero, cio\u00e8 senza motore,\u00a0coloreranno i cieli del Veneto.<\/p>\n<p>Dal 9 al 12 maggio a Feltre (Belluno) la 30.a edizione del Trofeo Guarnieri\u00a0interesser\u00e0 l&#8217;area del Monte Avena, una montagna che si pone In posizione\u00a0panoramica sulla vallata feltrina e bellunese. I decolli sono situati sulle\u00a0pendici del monte a circa 1400 metri, gli atterraggi si trovano in localit\u00e0\u00a0Arten o all&#8217;aviosuperficie Tabl\u00e0 a circa 3 km da Feltre, mentre il centro\u00a0operativo della manifestazione, organizzata dal Paradelta Club Feltre, \u00e8\u00a0posto presso la Birreria Pedavena.<\/p>\n<p>Sar\u00e0 il direttore di gara, Maurizio Bottegal, a stabilire quale decollo ed\u00a0atterraggio utilizzare secondo le condizioni meteo di ciascuno dei quattro\u00a0giorni di gara e stabilire i percorsi per i 130 piloti di parapendio,\u00a0massimo numero ammesso alla manifestazione. Un percorso classico, per\u00a0esempio, prevede il decollo dal Monte Avena, toccare l&#8217;aeroporto di Belluno,\u00a0poi il comune di Seren del Grappa ed atterrare al Tabi\u00e0 di Feltre.<\/p>\n<p>Ritrovo di piloti di deltaplano il 25 e 26 maggio a Cappella Maggiore\u00a0(Treviso) per volare alla conquista del 14\u00b0 Trofeo Zanchettin, organizzato\u00a0dal Delta Club Falchi Del Pizzoc.<\/p>\n<p>Centro operativo ed atterraggio con stand gastronomico sono posti in paese.<\/p>\n<p>Come decollo principale sar\u00e0 utilizzato quello del Monte Pizzoc (1565 m) che\u00a0racchiude lo splendido altipiano del Cansiglio, con alternativa in caso di\u00a0determinate condizioni meteo di dirottare verso quello a Pian dele Femene\u00a0che sovrasta i laghi di Revine.<\/p>\n<p>La zona di volo fa da ponte orografico tra pianura veneta e Dolomiti\u00a0Bellunesi pi\u00f9 a nord, con una notevole eterogeneit\u00e0 di ambienti e di\u00a0condizioni aerologiche che permettono voli fino a Valdobbiadene ed a Maniago\u00a0sorvolando il Pian del Cansiglio, a Vittorio Veneto e al Parco delle\u00a0Dolomiti Bellunesi passando per l&#8217;Alpago, in un&#8217;area di volo estesa per\u00a0circa 1620 km quadrati.<\/p>\n<p>Con deltaplano e parapendio ci si sposta anche per centinaia di chilometri\u00a0sfruttando le correnti d&#8217;aria ascensionali. Il pilota \u00e8 equipaggiato con\u00a0vari strumenti tra i quali il GPS che registra il suo volo. Al termine dallo\u00a0scarico della traccia nel computer dell&#8217;organizzazione si desume se egli ha\u00a0toccato tutti i punti del territorio che contrassegnano il percorso di gara\u00a0e si formano le classifiche. Vince chi impiega meno tempo a chiudere il\u00a0percorso, oppure chi ha volato per la maggior distanza.<\/p>\n<p>&nbsp;<\/p>","protected":false},"excerpt":{"rendered":"<p>Due tradizionali, importanti eventi di volo in parapendio e deltaplano sono\u00a0alle porte e presto questi mezzi per il volo libero, cio\u00e8 senza motore,\u00a0coloreranno i cieli del Veneto. Dal 9 al 12 maggio a Feltre (Belluno) la 30.a edizione del Trofeo Guarnieri\u00a0interesser\u00e0 l&#8217;area del Monte Avena, una montagna che si pone In posizione\u00a0panoramica sulla vallata feltrina [&hellip;]<\/p>\n","protected":false},"author":2,"featured_media":0,"comment_status":"closed","ping_status":"open","sticky":false,"template":"","format":"standard","meta":{"footnotes":""},"categories":[26,4],"tags":[],"class_list":["post-48977","post","type-post","status-publish","format-standard","category-prima-pagina","category-sport"],"yoast_head":"<!-- This site is optimized with the Yoast SEO plugin v28.4 - https:\/\/yoast.com\/product\/yoast-seo-wordpress\/ -->\n<title>Parapendio: dal 9 al 12 maggio a Feltre la 30ma edizione del Trofeo Guarnieri  - Bellunopress - Dolomiti<\/title>\n<meta name=\"robots\" content=\"index, follow, max-snippet:-1, max-image-preview:large, max-video-preview:-1\" \/>\n<link rel=\"canonical\" href=\"https:\/\/www.bellunopress.it\/fr\/2013\/05\/02\/parapendio-dal-9-al-12-maggio-a-feltre-la-30ma-edizione-del-trofeo-guarnieri\/\" \/>\n<meta property=\"og:locale\" content=\"fr_FR\" \/>\n<meta property=\"og:type\" content=\"article\" \/>\n<meta property=\"og:title\" content=\"Parapendio: dal 9 al 12 maggio a Feltre la 30ma edizione del Trofeo Guarnieri  - Bellunopress - Dolomiti\" \/>\n<meta property=\"og:description\" content=\"Due tradizionali, importanti eventi di volo in parapendio e deltaplano sono\u00a0alle porte e presto questi mezzi per il volo libero, cio\u00e8 senza motore,\u00a0coloreranno i cieli del Veneto. Dal 9 al 12 maggio a Feltre (Belluno) la 30.a edizione del Trofeo Guarnieri\u00a0interesser\u00e0 l&#8217;area del Monte Avena, una montagna che si pone In posizione\u00a0panoramica sulla vallata feltrina [&hellip;]\" \/>\n<meta property=\"og:url\" content=\"https:\/\/www.bellunopress.it\/fr\/2013\/05\/02\/parapendio-dal-9-al-12-maggio-a-feltre-la-30ma-edizione-del-trofeo-guarnieri\/\" \/>\n<meta property=\"og:site_name\" content=\"Bellunopress - Dolomiti\" \/>\n<meta property=\"article:publisher\" content=\"https:\/\/www.facebook.com\/profile.php?id=100008943462799\" \/>\n<meta property=\"article:published_time\" content=\"2013-05-02T05:05:47+00:00\" \/>\n<meta property=\"og:image\" content=\"http:\/\/www.bellunopress.it\/wp-content\/uploads\/2009\/05\/parapendio.jpg\" \/>\n<meta name=\"author\" content=\"redazione\" \/>\n<meta name=\"twitter:card\" content=\"summary_large_image\" \/>\n<meta name=\"twitter:creator\" content=\"@bellunopress\" \/>\n<meta name=\"twitter:site\" content=\"@bellunopress\" \/>\n<meta name=\"twitter:label1\" content=\"\u00c9crit par\" \/>\n\t<meta name=\"twitter:data1\" content=\"redazione\" \/>\n\t<meta name=\"twitter:label2\" content=\"Dur\u00e9e de lecture estim\u00e9e\" \/>\n\t<meta name=\"twitter:data2\" content=\"2 minutes\" \/>\n<script type=\"application\/ld+json\" class=\"yoast-schema-graph\">{\"@context\":\"https:\\\/\\\/schema.org\",\"@graph\":[{\"@type\":\"Article\",\"@id\":\"https:\\\/\\\/www.bellunopress.it\\\/2013\\\/05\\\/02\\\/parapendio-dal-9-al-12-maggio-a-feltre-la-30ma-edizione-del-trofeo-guarnieri\\\/#article\",\"isPartOf\":{\"@id\":\"https:\\\/\\\/www.bellunopress.it\\\/2013\\\/05\\\/02\\\/parapendio-dal-9-al-12-maggio-a-feltre-la-30ma-edizione-del-trofeo-guarnieri\\\/\"},\"author\":{\"name\":\"redazione\",\"@id\":\"https:\\\/\\\/www.bellunopress.it\\\/#\\\/schema\\\/person\\\/79bb06722b37ece1c03d3e94beb30d73\"},\"headline\":\"Parapendio: dal 9 al 12 maggio a Feltre la 30ma edizione del Trofeo Guarnieri\",\"datePublished\":\"2013-05-02T05:05:47+00:00\",\"mainEntityOfPage\":{\"@id\":\"https:\\\/\\\/www.bellunopress.it\\\/2013\\\/05\\\/02\\\/parapendio-dal-9-al-12-maggio-a-feltre-la-30ma-edizione-del-trofeo-guarnieri\\\/\"},\"wordCount\":407,\"publisher\":{\"@id\":\"https:\\\/\\\/www.bellunopress.it\\\/#organization\"},\"image\":{\"@id\":\"https:\\\/\\\/www.bellunopress.it\\\/2013\\\/05\\\/02\\\/parapendio-dal-9-al-12-maggio-a-feltre-la-30ma-edizione-del-trofeo-guarnieri\\\/#primaryimage\"},\"thumbnailUrl\":\"http:\\\/\\\/www.bellunopress.it\\\/wp-content\\\/uploads\\\/2009\\\/05\\\/parapendio.jpg\",\"articleSection\":[\"Prima Pagina\",\"Sport, tempo libero\"],\"inLanguage\":\"fr-FR\"},{\"@type\":\"WebPage\",\"@id\":\"https:\\\/\\\/www.bellunopress.it\\\/2013\\\/05\\\/02\\\/parapendio-dal-9-al-12-maggio-a-feltre-la-30ma-edizione-del-trofeo-guarnieri\\\/\",\"url\":\"https:\\\/\\\/www.bellunopress.it\\\/2013\\\/05\\\/02\\\/parapendio-dal-9-al-12-maggio-a-feltre-la-30ma-edizione-del-trofeo-guarnieri\\\/\",\"name\":\"Parapendio: dal 9 al 12 maggio a Feltre la 30ma edizione del Trofeo Guarnieri - Bellunopress - Dolomiti\",\"isPartOf\":{\"@id\":\"https:\\\/\\\/www.bellunopress.it\\\/#website\"},\"primaryImageOfPage\":{\"@id\":\"https:\\\/\\\/www.bellunopress.it\\\/2013\\\/05\\\/02\\\/parapendio-dal-9-al-12-maggio-a-feltre-la-30ma-edizione-del-trofeo-guarnieri\\\/#primaryimage\"},\"image\":{\"@id\":\"https:\\\/\\\/www.bellunopress.it\\\/2013\\\/05\\\/02\\\/parapendio-dal-9-al-12-maggio-a-feltre-la-30ma-edizione-del-trofeo-guarnieri\\\/#primaryimage\"},\"thumbnailUrl\":\"http:\\\/\\\/www.bellunopress.it\\\/wp-content\\\/uploads\\\/2009\\\/05\\\/parapendio.jpg\",\"datePublished\":\"2013-05-02T05:05:47+00:00\",\"breadcrumb\":{\"@id\":\"https:\\\/\\\/www.bellunopress.it\\\/2013\\\/05\\\/02\\\/parapendio-dal-9-al-12-maggio-a-feltre-la-30ma-edizione-del-trofeo-guarnieri\\\/#breadcrumb\"},\"inLanguage\":\"fr-FR\",\"potentialAction\":[{\"@type\":\"ReadAction\",\"target\":[\"https:\\\/\\\/www.bellunopress.it\\\/2013\\\/05\\\/02\\\/parapendio-dal-9-al-12-maggio-a-feltre-la-30ma-edizione-del-trofeo-guarnieri\\\/\"]}]},{\"@type\":\"ImageObject\",\"inLanguage\":\"fr-FR\",\"@id\":\"https:\\\/\\\/www.bellunopress.it\\\/2013\\\/05\\\/02\\\/parapendio-dal-9-al-12-maggio-a-feltre-la-30ma-edizione-del-trofeo-guarnieri\\\/#primaryimage\",\"url\":\"http:\\\/\\\/www.bellunopress.it\\\/wp-content\\\/uploads\\\/2009\\\/05\\\/parapendio.jpg\",\"contentUrl\":\"http:\\\/\\\/www.bellunopress.it\\\/wp-content\\\/uploads\\\/2009\\\/05\\\/parapendio.jpg\"},{\"@type\":\"BreadcrumbList\",\"@id\":\"https:\\\/\\\/www.bellunopress.it\\\/2013\\\/05\\\/02\\\/parapendio-dal-9-al-12-maggio-a-feltre-la-30ma-edizione-del-trofeo-guarnieri\\\/#breadcrumb\",\"itemListElement\":[{\"@type\":\"ListItem\",\"position\":1,\"name\":\"Home\",\"item\":\"https:\\\/\\\/www.bellunopress.it\\\/\"},{\"@type\":\"ListItem\",\"position\":2,\"name\":\"Parapendio: dal 9 al 12 maggio a Feltre la 30ma edizione del Trofeo Guarnieri\"}]},{\"@type\":\"WebSite\",\"@id\":\"https:\\\/\\\/www.bellunopress.it\\\/#website\",\"url\":\"https:\\\/\\\/www.bellunopress.it\\\/\",\"name\":\"Bellunopress - Dolomiti\",\"description\":\"e-mail: redazione@bellunopress.it\",\"publisher\":{\"@id\":\"https:\\\/\\\/www.bellunopress.it\\\/#organization\"},\"potentialAction\":[{\"@type\":\"SearchAction\",\"target\":{\"@type\":\"EntryPoint\",\"urlTemplate\":\"https:\\\/\\\/www.bellunopress.it\\\/?s={search_term_string}\"},\"query-input\":{\"@type\":\"PropertyValueSpecification\",\"valueRequired\":true,\"valueName\":\"search_term_string\"}}],\"inLanguage\":\"fr-FR\"},{\"@type\":\"Organization\",\"@id\":\"https:\\\/\\\/www.bellunopress.it\\\/#organization\",\"name\":\"Bellunopress\",\"url\":\"https:\\\/\\\/www.bellunopress.it\\\/\",\"logo\":{\"@type\":\"ImageObject\",\"inLanguage\":\"fr-FR\",\"@id\":\"https:\\\/\\\/www.bellunopress.it\\\/#\\\/schema\\\/logo\\\/image\\\/\",\"url\":\"https:\\\/\\\/www.bellunopress.it\\\/wp-content\\\/uploads\\\/2011\\\/05\\\/cropped-logo-bellunopress-.jpg\",\"contentUrl\":\"https:\\\/\\\/www.bellunopress.it\\\/wp-content\\\/uploads\\\/2011\\\/05\\\/cropped-logo-bellunopress-.jpg\",\"width\":512,\"height\":512,\"caption\":\"Bellunopress\"},\"image\":{\"@id\":\"https:\\\/\\\/www.bellunopress.it\\\/#\\\/schema\\\/logo\\\/image\\\/\"},\"sameAs\":[\"https:\\\/\\\/www.facebook.com\\\/profile.php?id=100008943462799\",\"https:\\\/\\\/x.com\\\/bellunopress\",\"https:\\\/\\\/www.linkedin.com\\\/hp\\\/?dnr=JBzUWaJfMUw8vbXJJ2tVW5-I3jZKvC4wsoxE&amp;amp;amp;amp;amp;amp;trk=nav_responsive_tab_home\",\"https:\\\/\\\/www.youtube.com\\\/channel\\\/UCxL0wu1uN0_3_7hGG0306cw\"]},{\"@type\":\"Person\",\"@id\":\"https:\\\/\\\/www.bellunopress.it\\\/#\\\/schema\\\/person\\\/79bb06722b37ece1c03d3e94beb30d73\",\"name\":\"redazione\",\"image\":{\"@type\":\"ImageObject\",\"inLanguage\":\"fr-FR\",\"@id\":\"https:\\\/\\\/secure.gravatar.com\\\/avatar\\\/37d968a2e67a6fd04c169c4bdef102d0bc5d31b2546345219e348575eb80e9a0?s=96&d=mm&r=g\",\"url\":\"https:\\\/\\\/secure.gravatar.com\\\/avatar\\\/37d968a2e67a6fd04c169c4bdef102d0bc5d31b2546345219e348575eb80e9a0?s=96&d=mm&r=g\",\"contentUrl\":\"https:\\\/\\\/secure.gravatar.com\\\/avatar\\\/37d968a2e67a6fd04c169c4bdef102d0bc5d31b2546345219e348575eb80e9a0?s=96&d=mm&r=g\",\"caption\":\"redazione\"},\"sameAs\":[\"http:\\\/\\\/www.bellunopress.it\",\"https:\\\/\\\/x.com\\\/bellunopress\"],\"url\":\"https:\\\/\\\/www.bellunopress.it\\\/fr\\\/author\\\/redazione\\\/\"}]}<\/script>\n<!-- \/ Yoast SEO plugin. -->","yoast_head_json":{"title":"Parapendio: dal 9 al 12 maggio a Feltre la 30ma edizione del Trofeo Guarnieri  - Bellunopress - Dolomiti","robots":{"index":"index","follow":"follow","max-snippet":"max-snippet:-1","max-image-preview":"max-image-preview:large","max-video-preview":"max-video-preview:-1"},"canonical":"https:\/\/www.bellunopress.it\/fr\/2013\/05\/02\/parapendio-dal-9-al-12-maggio-a-feltre-la-30ma-edizione-del-trofeo-guarnieri\/","og_locale":"fr_FR","og_type":"article","og_title":"Parapendio: dal 9 al 12 maggio a Feltre la 30ma edizione del Trofeo Guarnieri  - Bellunopress - Dolomiti","og_description":"Due tradizionali, importanti eventi di volo in parapendio e deltaplano sono\u00a0alle porte e presto questi mezzi per il volo libero, cio\u00e8 senza motore,\u00a0coloreranno i cieli del Veneto. Dal 9 al 12 maggio a Feltre (Belluno) la 30.a edizione del Trofeo Guarnieri\u00a0interesser\u00e0 l&#8217;area del Monte Avena, una montagna che si pone In posizione\u00a0panoramica sulla vallata feltrina [&hellip;]","og_url":"https:\/\/www.bellunopress.it\/fr\/2013\/05\/02\/parapendio-dal-9-al-12-maggio-a-feltre-la-30ma-edizione-del-trofeo-guarnieri\/","og_site_name":"Bellunopress - Dolomiti","article_publisher":"https:\/\/www.facebook.com\/profile.php?id=100008943462799","article_published_time":"2013-05-02T05:05:47+00:00","og_image":[{"url":"http:\/\/www.bellunopress.it\/wp-content\/uploads\/2009\/05\/parapendio.jpg","type":"","width":"","height":""}],"author":"redazione","twitter_card":"summary_large_image","twitter_creator":"@bellunopress","twitter_site":"@bellunopress","twitter_misc":{"\u00c9crit par":"redazione","Dur\u00e9e de lecture estim\u00e9e":"2 minutes"},"schema":{"@context":"https:\/\/schema.org","@graph":[{"@type":"Article","@id":"https:\/\/www.bellunopress.it\/2013\/05\/02\/parapendio-dal-9-al-12-maggio-a-feltre-la-30ma-edizione-del-trofeo-guarnieri\/#article","isPartOf":{"@id":"https:\/\/www.bellunopress.it\/2013\/05\/02\/parapendio-dal-9-al-12-maggio-a-feltre-la-30ma-edizione-del-trofeo-guarnieri\/"},"author":{"name":"redazione","@id":"https:\/\/www.bellunopress.it\/#\/schema\/person\/79bb06722b37ece1c03d3e94beb30d73"},"headline":"Parapendio: dal 9 al 12 maggio a Feltre la 30ma edizione del Trofeo Guarnieri","datePublished":"2013-05-02T05:05:47+00:00","mainEntityOfPage":{"@id":"https:\/\/www.bellunopress.it\/2013\/05\/02\/parapendio-dal-9-al-12-maggio-a-feltre-la-30ma-edizione-del-trofeo-guarnieri\/"},"wordCount":407,"publisher":{"@id":"https:\/\/www.bellunopress.it\/#organization"},"image":{"@id":"https:\/\/www.bellunopress.it\/2013\/05\/02\/parapendio-dal-9-al-12-maggio-a-feltre-la-30ma-edizione-del-trofeo-guarnieri\/#primaryimage"},"thumbnailUrl":"http:\/\/www.bellunopress.it\/wp-content\/uploads\/2009\/05\/parapendio.jpg","articleSection":["Prima Pagina","Sport, tempo libero"],"inLanguage":"fr-FR"},{"@type":"WebPage","@id":"https:\/\/www.bellunopress.it\/2013\/05\/02\/parapendio-dal-9-al-12-maggio-a-feltre-la-30ma-edizione-del-trofeo-guarnieri\/","url":"https:\/\/www.bellunopress.it\/2013\/05\/02\/parapendio-dal-9-al-12-maggio-a-feltre-la-30ma-edizione-del-trofeo-guarnieri\/","name":"Parapendio: dal 9 al 12 maggio a Feltre la 30ma edizione del Trofeo Guarnieri - Bellunopress - Dolomiti","isPartOf":{"@id":"https:\/\/www.bellunopress.it\/#website"},"primaryImageOfPage":{"@id":"https:\/\/www.bellunopress.it\/2013\/05\/02\/parapendio-dal-9-al-12-maggio-a-feltre-la-30ma-edizione-del-trofeo-guarnieri\/#primaryimage"},"image":{"@id":"https:\/\/www.bellunopress.it\/2013\/05\/02\/parapendio-dal-9-al-12-maggio-a-feltre-la-30ma-edizione-del-trofeo-guarnieri\/#primaryimage"},"thumbnailUrl":"http:\/\/www.bellunopress.it\/wp-content\/uploads\/2009\/05\/parapendio.jpg","datePublished":"2013-05-02T05:05:47+00:00","breadcrumb":{"@id":"https:\/\/www.bellunopress.it\/2013\/05\/02\/parapendio-dal-9-al-12-maggio-a-feltre-la-30ma-edizione-del-trofeo-guarnieri\/#breadcrumb"},"inLanguage":"fr-FR","potentialAction":[{"@type":"ReadAction","target":["https:\/\/www.bellunopress.it\/2013\/05\/02\/parapendio-dal-9-al-12-maggio-a-feltre-la-30ma-edizione-del-trofeo-guarnieri\/"]}]},{"@type":"ImageObject","inLanguage":"fr-FR","@id":"https:\/\/www.bellunopress.it\/2013\/05\/02\/parapendio-dal-9-al-12-maggio-a-feltre-la-30ma-edizione-del-trofeo-guarnieri\/#primaryimage","url":"http:\/\/www.bellunopress.it\/wp-content\/uploads\/2009\/05\/parapendio.jpg","contentUrl":"http:\/\/www.bellunopress.it\/wp-content\/uploads\/2009\/05\/parapendio.jpg"},{"@type":"BreadcrumbList","@id":"https:\/\/www.bellunopress.it\/2013\/05\/02\/parapendio-dal-9-al-12-maggio-a-feltre-la-30ma-edizione-del-trofeo-guarnieri\/#breadcrumb","itemListElement":[{"@type":"ListItem","position":1,"name":"Home","item":"https:\/\/www.bellunopress.it\/"},{"@type":"ListItem","position":2,"name":"Parapendio: dal 9 al 12 maggio a Feltre la 30ma edizione del Trofeo Guarnieri"}]},{"@type":"WebSite","@id":"https:\/\/www.bellunopress.it\/#website","url":"https:\/\/www.bellunopress.it\/","name":"Bellunopress - Dolomiti","description":"e-mail: redazione@bellunopress.it","publisher":{"@id":"https:\/\/www.bellunopress.it\/#organization"},"potentialAction":[{"@type":"SearchAction","target":{"@type":"EntryPoint","urlTemplate":"https:\/\/www.bellunopress.it\/?s={search_term_string}"},"query-input":{"@type":"PropertyValueSpecification","valueRequired":true,"valueName":"search_term_string"}}],"inLanguage":"fr-FR"},{"@type":"Organization","@id":"https:\/\/www.bellunopress.it\/#organization","name":"Bellunopress","url":"https:\/\/www.bellunopress.it\/","logo":{"@type":"ImageObject","inLanguage":"fr-FR","@id":"https:\/\/www.bellunopress.it\/#\/schema\/logo\/image\/","url":"https:\/\/www.bellunopress.it\/wp-content\/uploads\/2011\/05\/cropped-logo-bellunopress-.jpg","contentUrl":"https:\/\/www.bellunopress.it\/wp-content\/uploads\/2011\/05\/cropped-logo-bellunopress-.jpg","width":512,"height":512,"caption":"Bellunopress"},"image":{"@id":"https:\/\/www.bellunopress.it\/#\/schema\/logo\/image\/"},"sameAs":["https:\/\/www.facebook.com\/profile.php?id=100008943462799","https:\/\/x.com\/bellunopress","https:\/\/www.linkedin.com\/hp\/?dnr=JBzUWaJfMUw8vbXJJ2tVW5-I3jZKvC4wsoxE&amp;amp;amp;amp;amp;amp;trk=nav_responsive_tab_home","https:\/\/www.youtube.com\/channel\/UCxL0wu1uN0_3_7hGG0306cw"]},{"@type":"Person","@id":"https:\/\/www.bellunopress.it\/#\/schema\/person\/79bb06722b37ece1c03d3e94beb30d73","name":"r\u00e9daction","image":{"@type":"ImageObject","inLanguage":"fr-FR","@id":"https:\/\/secure.gravatar.com\/avatar\/37d968a2e67a6fd04c169c4bdef102d0bc5d31b2546345219e348575eb80e9a0?s=96&d=mm&r=g","url":"https:\/\/secure.gravatar.com\/avatar\/37d968a2e67a6fd04c169c4bdef102d0bc5d31b2546345219e348575eb80e9a0?s=96&d=mm&r=g","contentUrl":"https:\/\/secure.gravatar.com\/avatar\/37d968a2e67a6fd04c169c4bdef102d0bc5d31b2546345219e348575eb80e9a0?s=96&d=mm&r=g","caption":"redazione"},"sameAs":["http:\/\/www.bellunopress.it","https:\/\/x.com\/bellunopress"],"url":"https:\/\/www.bellunopress.it\/fr\/author\/redazione\/"}]}},"_links":{"self":[{"href":"https:\/\/www.bellunopress.it\/fr\/wp-json\/wp\/v2\/posts\/48977","targetHints":{"allow":["GET"]}}],"collection":[{"href":"https:\/\/www.bellunopress.it\/fr\/wp-json\/wp\/v2\/posts"}],"about":[{"href":"https:\/\/www.bellunopress.it\/fr\/wp-json\/wp\/v2\/types\/post"}],"author":[{"embeddable":true,"href":"https:\/\/www.bellunopress.it\/fr\/wp-json\/wp\/v2\/users\/2"}],"replies":[{"embeddable":true,"href":"https:\/\/www.bellunopress.it\/fr\/wp-json\/wp\/v2\/comments?post=48977"}],"version-history":[{"count":1,"href":"https:\/\/www.bellunopress.it\/fr\/wp-json\/wp\/v2\/posts\/48977\/revisions"}],"predecessor-version":[{"id":48978,"href":"https:\/\/www.bellunopress.it\/fr\/wp-json\/wp\/v2\/posts\/48977\/revisions\/48978"}],"wp:attachment":[{"href":"https:\/\/www.bellunopress.it\/fr\/wp-json\/wp\/v2\/media?parent=48977"}],"wp:term":[{"taxonomy":"category","embeddable":true,"href":"https:\/\/www.bellunopress.it\/fr\/wp-json\/wp\/v2\/categories?post=48977"},{"taxonomy":"post_tag","embeddable":true,"href":"https:\/\/www.bellunopress.it\/fr\/wp-json\/wp\/v2\/tags?post=48977"}],"curies":[{"name":"wp","href":"https:\/\/api.w.org\/{rel}","templated":true}]}}