{"id":48972,"date":"2013-05-01T20:21:14","date_gmt":"2013-05-01T19:21:14","guid":{"rendered":"http:\/\/www.bellunopress.it\/?p=48972"},"modified":"2013-05-01T20:21:14","modified_gmt":"2013-05-01T19:21:14","slug":"primo-maggio-bond-e-piccoli-allacc-di-mel-vietato-lasciarsi-andare-alla-sfiducia","status":"publish","type":"post","link":"https:\/\/www.bellunopress.it\/fr\/2013\/05\/01\/primo-maggio-bond-e-piccoli-allacc-di-mel-vietato-lasciarsi-andare-alla-sfiducia\/","title":{"rendered":"Primo maggio, Bond e Piccoli all&#8217;Acc di Mel: &#8220;Vietato lasciarsi andare alla sfiducia&#8221;"},"content":{"rendered":"<p><a href=\"http:\/\/www.bellunopress.it\/wp-content\/uploads\/2013\/05\/acc-primo-maggio.jpg\"><img loading=\"lazy\" decoding=\"async\" class=\"alignleft size-full wp-image-48973\" alt=\"acc primo maggio\" src=\"http:\/\/www.bellunopress.it\/wp-content\/uploads\/2013\/05\/acc-primo-maggio.jpg\" width=\"290\" height=\"217\" \/><\/a>&#8220;La coesione territoriale \u00e8 determinante se vogliamo affrontare la crisi delle nostre aziende. La nostra manodopera, il nostro saper fare, la nostra capacit\u00e0 imprenditoriale sono il vero valore aggiunto che dobbiamo sempre e comunque difendere&#8221;.<\/p>\n<p>A dirlo sono il capogruppo del Pdl in Consiglio regionale Dario Bond e il senatore del Pdl Giovanni Piccoli che questa mattina a Mel (Belluno) hanno partecipato al sit-in organizzato dai sindacati davanti allo stabilimento dell&#8217;Acc.<\/p>\n<p>&#8220;L&#8217;Acc \u00e8 diventata una fabbrica simbolo dei paradossi che affliggono soprattutto il Bellunese e la Valbelluna. Realt\u00e0 nate e cresciute grazie al nostro lavoro e lentamente &#8220;passate di mano&#8221; a gruppi che hanno il cervello altrove&#8221;, afferma Bond, convinto che solo &#8220;un ampio fronte comune&#8221; possa fronteggiare i rischi di depotenziamento dei siti produttivi. &#8220;Non possiamo assistere a una nuova stagione di delocalizzazione. Dobbiamo procedere uniti come abbiamo fatto finora e sostenere la nostra buona imprenditoria che ha ancora tanta voglia di fare e di crescere. Lo dimostra la presenza di una cordata di imprenditori italiani interessati ad aquisire lo stabilimento Acc di Mel&#8221;.<\/p>\n<p>Dal canto suo, Piccoli segnala come si debba aprire un confronto &#8211; sia a livello nazionale che europeo &#8211; sul fronte dei brevetti: &#8220;Dobbiamo studiare dei meccanismi in grado di lasciare sul territorio i benefici del nostro saper fare. L&#8217;ingegno bellunese troppo spesso \u00e8 stato regalato all&#8217;estero&#8221;.<\/p>\n<p>&#8220;Per ricominciare a partire, oltre a una nuova forte azione da parte del Governo, servono per\u00f2 anche fiducia e determinazione&#8221;, concludono Bond e Piccoli. &#8220;La provincia di Belluno \u00e8 quella che sta soffrendo di pi\u00f9 ma non lasciamoci andare allo scoramento anche perch\u00e8 il fronte \u00e8 compatto e nessuno vuole abbandonare il campo&#8221;.<\/p>\n<p>&nbsp;<\/p>\n<p>&nbsp;<\/p>","protected":false},"excerpt":{"rendered":"<p>&#8220;La coesione territoriale \u00e8 determinante se vogliamo affrontare la crisi delle nostre aziende. La nostra manodopera, il nostro saper fare, la nostra capacit\u00e0 imprenditoriale sono il vero valore aggiunto che dobbiamo sempre e comunque difendere&#8221;. A dirlo sono il capogruppo del Pdl in Consiglio regionale Dario Bond e il senatore del Pdl Giovanni Piccoli che [&hellip;]<\/p>\n","protected":false},"author":2,"featured_media":0,"comment_status":"closed","ping_status":"open","sticky":false,"template":"","format":"standard","meta":{"footnotes":""},"categories":[5,26],"tags":[],"class_list":["post-48972","post","type-post","status-publish","format-standard","category-cronaca","category-prima-pagina"],"yoast_head":"<!-- This site is optimized with the Yoast SEO plugin v28.4 - https:\/\/yoast.com\/product\/yoast-seo-wordpress\/ -->\n<title>Primo maggio, Bond e Piccoli all&#039;Acc di Mel: &quot;Vietato lasciarsi andare alla sfiducia&quot; - Bellunopress - Dolomiti<\/title>\n<meta name=\"robots\" content=\"index, follow, max-snippet:-1, max-image-preview:large, max-video-preview:-1\" \/>\n<link rel=\"canonical\" href=\"https:\/\/www.bellunopress.it\/fr\/2013\/05\/01\/primo-maggio-bond-e-piccoli-allacc-di-mel-vietato-lasciarsi-andare-alla-sfiducia\/\" \/>\n<meta property=\"og:locale\" content=\"fr_FR\" \/>\n<meta property=\"og:type\" content=\"article\" \/>\n<meta property=\"og:title\" content=\"Primo maggio, Bond e Piccoli all&#039;Acc di Mel: &quot;Vietato lasciarsi andare alla sfiducia&quot; - Bellunopress - Dolomiti\" \/>\n<meta property=\"og:description\" content=\"&#8220;La coesione territoriale \u00e8 determinante se vogliamo affrontare la crisi delle nostre aziende. La nostra manodopera, il nostro saper fare, la nostra capacit\u00e0 imprenditoriale sono il vero valore aggiunto che dobbiamo sempre e comunque difendere&#8221;. A dirlo sono il capogruppo del Pdl in Consiglio regionale Dario Bond e il senatore del Pdl Giovanni Piccoli che [&hellip;]\" \/>\n<meta property=\"og:url\" content=\"https:\/\/www.bellunopress.it\/fr\/2013\/05\/01\/primo-maggio-bond-e-piccoli-allacc-di-mel-vietato-lasciarsi-andare-alla-sfiducia\/\" \/>\n<meta property=\"og:site_name\" content=\"Bellunopress - Dolomiti\" \/>\n<meta property=\"article:publisher\" content=\"https:\/\/www.facebook.com\/profile.php?id=100008943462799\" \/>\n<meta property=\"article:published_time\" content=\"2013-05-01T19:21:14+00:00\" \/>\n<meta property=\"og:image\" content=\"http:\/\/www.bellunopress.it\/wp-content\/uploads\/2013\/05\/acc-primo-maggio.jpg\" \/>\n<meta name=\"author\" content=\"redazione\" \/>\n<meta name=\"twitter:card\" content=\"summary_large_image\" \/>\n<meta name=\"twitter:creator\" content=\"@bellunopress\" \/>\n<meta name=\"twitter:site\" content=\"@bellunopress\" \/>\n<meta name=\"twitter:label1\" content=\"\u00c9crit par\" \/>\n\t<meta name=\"twitter:data1\" content=\"redazione\" \/>\n\t<meta name=\"twitter:label2\" content=\"Dur\u00e9e de lecture estim\u00e9e\" \/>\n\t<meta name=\"twitter:data2\" content=\"1 minute\" \/>\n<script type=\"application\/ld+json\" class=\"yoast-schema-graph\">{\"@context\":\"https:\\\/\\\/schema.org\",\"@graph\":[{\"@type\":\"Article\",\"@id\":\"https:\\\/\\\/www.bellunopress.it\\\/2013\\\/05\\\/01\\\/primo-maggio-bond-e-piccoli-allacc-di-mel-vietato-lasciarsi-andare-alla-sfiducia\\\/#article\",\"isPartOf\":{\"@id\":\"https:\\\/\\\/www.bellunopress.it\\\/2013\\\/05\\\/01\\\/primo-maggio-bond-e-piccoli-allacc-di-mel-vietato-lasciarsi-andare-alla-sfiducia\\\/\"},\"author\":{\"name\":\"redazione\",\"@id\":\"https:\\\/\\\/www.bellunopress.it\\\/#\\\/schema\\\/person\\\/79bb06722b37ece1c03d3e94beb30d73\"},\"headline\":\"Primo maggio, Bond e Piccoli all&#8217;Acc di Mel: &#8220;Vietato lasciarsi andare alla sfiducia&#8221;\",\"datePublished\":\"2013-05-01T19:21:14+00:00\",\"mainEntityOfPage\":{\"@id\":\"https:\\\/\\\/www.bellunopress.it\\\/2013\\\/05\\\/01\\\/primo-maggio-bond-e-piccoli-allacc-di-mel-vietato-lasciarsi-andare-alla-sfiducia\\\/\"},\"wordCount\":290,\"publisher\":{\"@id\":\"https:\\\/\\\/www.bellunopress.it\\\/#organization\"},\"image\":{\"@id\":\"https:\\\/\\\/www.bellunopress.it\\\/2013\\\/05\\\/01\\\/primo-maggio-bond-e-piccoli-allacc-di-mel-vietato-lasciarsi-andare-alla-sfiducia\\\/#primaryimage\"},\"thumbnailUrl\":\"http:\\\/\\\/www.bellunopress.it\\\/wp-content\\\/uploads\\\/2013\\\/05\\\/acc-primo-maggio.jpg\",\"articleSection\":[\"Cronaca\\\/Politica\",\"Prima Pagina\"],\"inLanguage\":\"fr-FR\"},{\"@type\":\"WebPage\",\"@id\":\"https:\\\/\\\/www.bellunopress.it\\\/2013\\\/05\\\/01\\\/primo-maggio-bond-e-piccoli-allacc-di-mel-vietato-lasciarsi-andare-alla-sfiducia\\\/\",\"url\":\"https:\\\/\\\/www.bellunopress.it\\\/2013\\\/05\\\/01\\\/primo-maggio-bond-e-piccoli-allacc-di-mel-vietato-lasciarsi-andare-alla-sfiducia\\\/\",\"name\":\"Primo maggio, Bond e Piccoli all'Acc di Mel: \\\"Vietato lasciarsi andare alla sfiducia\\\" - Bellunopress - Dolomiti\",\"isPartOf\":{\"@id\":\"https:\\\/\\\/www.bellunopress.it\\\/#website\"},\"primaryImageOfPage\":{\"@id\":\"https:\\\/\\\/www.bellunopress.it\\\/2013\\\/05\\\/01\\\/primo-maggio-bond-e-piccoli-allacc-di-mel-vietato-lasciarsi-andare-alla-sfiducia\\\/#primaryimage\"},\"image\":{\"@id\":\"https:\\\/\\\/www.bellunopress.it\\\/2013\\\/05\\\/01\\\/primo-maggio-bond-e-piccoli-allacc-di-mel-vietato-lasciarsi-andare-alla-sfiducia\\\/#primaryimage\"},\"thumbnailUrl\":\"http:\\\/\\\/www.bellunopress.it\\\/wp-content\\\/uploads\\\/2013\\\/05\\\/acc-primo-maggio.jpg\",\"datePublished\":\"2013-05-01T19:21:14+00:00\",\"breadcrumb\":{\"@id\":\"https:\\\/\\\/www.bellunopress.it\\\/2013\\\/05\\\/01\\\/primo-maggio-bond-e-piccoli-allacc-di-mel-vietato-lasciarsi-andare-alla-sfiducia\\\/#breadcrumb\"},\"inLanguage\":\"fr-FR\",\"potentialAction\":[{\"@type\":\"ReadAction\",\"target\":[\"https:\\\/\\\/www.bellunopress.it\\\/2013\\\/05\\\/01\\\/primo-maggio-bond-e-piccoli-allacc-di-mel-vietato-lasciarsi-andare-alla-sfiducia\\\/\"]}]},{\"@type\":\"ImageObject\",\"inLanguage\":\"fr-FR\",\"@id\":\"https:\\\/\\\/www.bellunopress.it\\\/2013\\\/05\\\/01\\\/primo-maggio-bond-e-piccoli-allacc-di-mel-vietato-lasciarsi-andare-alla-sfiducia\\\/#primaryimage\",\"url\":\"http:\\\/\\\/www.bellunopress.it\\\/wp-content\\\/uploads\\\/2013\\\/05\\\/acc-primo-maggio.jpg\",\"contentUrl\":\"http:\\\/\\\/www.bellunopress.it\\\/wp-content\\\/uploads\\\/2013\\\/05\\\/acc-primo-maggio.jpg\"},{\"@type\":\"BreadcrumbList\",\"@id\":\"https:\\\/\\\/www.bellunopress.it\\\/2013\\\/05\\\/01\\\/primo-maggio-bond-e-piccoli-allacc-di-mel-vietato-lasciarsi-andare-alla-sfiducia\\\/#breadcrumb\",\"itemListElement\":[{\"@type\":\"ListItem\",\"position\":1,\"name\":\"Home\",\"item\":\"https:\\\/\\\/www.bellunopress.it\\\/\"},{\"@type\":\"ListItem\",\"position\":2,\"name\":\"Primo maggio, Bond e Piccoli all&#8217;Acc di Mel: &#8220;Vietato lasciarsi andare alla sfiducia&#8221;\"}]},{\"@type\":\"WebSite\",\"@id\":\"https:\\\/\\\/www.bellunopress.it\\\/#website\",\"url\":\"https:\\\/\\\/www.bellunopress.it\\\/\",\"name\":\"Bellunopress - Dolomiti\",\"description\":\"e-mail: redazione@bellunopress.it\",\"publisher\":{\"@id\":\"https:\\\/\\\/www.bellunopress.it\\\/#organization\"},\"potentialAction\":[{\"@type\":\"SearchAction\",\"target\":{\"@type\":\"EntryPoint\",\"urlTemplate\":\"https:\\\/\\\/www.bellunopress.it\\\/?s={search_term_string}\"},\"query-input\":{\"@type\":\"PropertyValueSpecification\",\"valueRequired\":true,\"valueName\":\"search_term_string\"}}],\"inLanguage\":\"fr-FR\"},{\"@type\":\"Organization\",\"@id\":\"https:\\\/\\\/www.bellunopress.it\\\/#organization\",\"name\":\"Bellunopress\",\"url\":\"https:\\\/\\\/www.bellunopress.it\\\/\",\"logo\":{\"@type\":\"ImageObject\",\"inLanguage\":\"fr-FR\",\"@id\":\"https:\\\/\\\/www.bellunopress.it\\\/#\\\/schema\\\/logo\\\/image\\\/\",\"url\":\"https:\\\/\\\/www.bellunopress.it\\\/wp-content\\\/uploads\\\/2011\\\/05\\\/cropped-logo-bellunopress-.jpg\",\"contentUrl\":\"https:\\\/\\\/www.bellunopress.it\\\/wp-content\\\/uploads\\\/2011\\\/05\\\/cropped-logo-bellunopress-.jpg\",\"width\":512,\"height\":512,\"caption\":\"Bellunopress\"},\"image\":{\"@id\":\"https:\\\/\\\/www.bellunopress.it\\\/#\\\/schema\\\/logo\\\/image\\\/\"},\"sameAs\":[\"https:\\\/\\\/www.facebook.com\\\/profile.php?id=100008943462799\",\"https:\\\/\\\/x.com\\\/bellunopress\",\"https:\\\/\\\/www.linkedin.com\\\/hp\\\/?dnr=JBzUWaJfMUw8vbXJJ2tVW5-I3jZKvC4wsoxE&amp;amp;amp;amp;amp;amp;trk=nav_responsive_tab_home\",\"https:\\\/\\\/www.youtube.com\\\/channel\\\/UCxL0wu1uN0_3_7hGG0306cw\"]},{\"@type\":\"Person\",\"@id\":\"https:\\\/\\\/www.bellunopress.it\\\/#\\\/schema\\\/person\\\/79bb06722b37ece1c03d3e94beb30d73\",\"name\":\"redazione\",\"image\":{\"@type\":\"ImageObject\",\"inLanguage\":\"fr-FR\",\"@id\":\"https:\\\/\\\/secure.gravatar.com\\\/avatar\\\/37d968a2e67a6fd04c169c4bdef102d0bc5d31b2546345219e348575eb80e9a0?s=96&d=mm&r=g\",\"url\":\"https:\\\/\\\/secure.gravatar.com\\\/avatar\\\/37d968a2e67a6fd04c169c4bdef102d0bc5d31b2546345219e348575eb80e9a0?s=96&d=mm&r=g\",\"contentUrl\":\"https:\\\/\\\/secure.gravatar.com\\\/avatar\\\/37d968a2e67a6fd04c169c4bdef102d0bc5d31b2546345219e348575eb80e9a0?s=96&d=mm&r=g\",\"caption\":\"redazione\"},\"sameAs\":[\"http:\\\/\\\/www.bellunopress.it\",\"https:\\\/\\\/x.com\\\/bellunopress\"],\"url\":\"https:\\\/\\\/www.bellunopress.it\\\/fr\\\/author\\\/redazione\\\/\"}]}<\/script>\n<!-- \/ Yoast SEO plugin. -->","yoast_head_json":{"title":"Primo maggio, Bond e Piccoli all'Acc di Mel: \"Vietato lasciarsi andare alla sfiducia\" - Bellunopress - Dolomiti","robots":{"index":"index","follow":"follow","max-snippet":"max-snippet:-1","max-image-preview":"max-image-preview:large","max-video-preview":"max-video-preview:-1"},"canonical":"https:\/\/www.bellunopress.it\/fr\/2013\/05\/01\/primo-maggio-bond-e-piccoli-allacc-di-mel-vietato-lasciarsi-andare-alla-sfiducia\/","og_locale":"fr_FR","og_type":"article","og_title":"Primo maggio, Bond e Piccoli all'Acc di Mel: \"Vietato lasciarsi andare alla sfiducia\" - Bellunopress - Dolomiti","og_description":"&#8220;La coesione territoriale \u00e8 determinante se vogliamo affrontare la crisi delle nostre aziende. La nostra manodopera, il nostro saper fare, la nostra capacit\u00e0 imprenditoriale sono il vero valore aggiunto che dobbiamo sempre e comunque difendere&#8221;. A dirlo sono il capogruppo del Pdl in Consiglio regionale Dario Bond e il senatore del Pdl Giovanni Piccoli che [&hellip;]","og_url":"https:\/\/www.bellunopress.it\/fr\/2013\/05\/01\/primo-maggio-bond-e-piccoli-allacc-di-mel-vietato-lasciarsi-andare-alla-sfiducia\/","og_site_name":"Bellunopress - Dolomiti","article_publisher":"https:\/\/www.facebook.com\/profile.php?id=100008943462799","article_published_time":"2013-05-01T19:21:14+00:00","og_image":[{"url":"http:\/\/www.bellunopress.it\/wp-content\/uploads\/2013\/05\/acc-primo-maggio.jpg","type":"","width":"","height":""}],"author":"redazione","twitter_card":"summary_large_image","twitter_creator":"@bellunopress","twitter_site":"@bellunopress","twitter_misc":{"\u00c9crit par":"redazione","Dur\u00e9e de lecture estim\u00e9e":"1 minute"},"schema":{"@context":"https:\/\/schema.org","@graph":[{"@type":"Article","@id":"https:\/\/www.bellunopress.it\/2013\/05\/01\/primo-maggio-bond-e-piccoli-allacc-di-mel-vietato-lasciarsi-andare-alla-sfiducia\/#article","isPartOf":{"@id":"https:\/\/www.bellunopress.it\/2013\/05\/01\/primo-maggio-bond-e-piccoli-allacc-di-mel-vietato-lasciarsi-andare-alla-sfiducia\/"},"author":{"name":"redazione","@id":"https:\/\/www.bellunopress.it\/#\/schema\/person\/79bb06722b37ece1c03d3e94beb30d73"},"headline":"Primo maggio, Bond e Piccoli all&#8217;Acc di Mel: &#8220;Vietato lasciarsi andare alla sfiducia&#8221;","datePublished":"2013-05-01T19:21:14+00:00","mainEntityOfPage":{"@id":"https:\/\/www.bellunopress.it\/2013\/05\/01\/primo-maggio-bond-e-piccoli-allacc-di-mel-vietato-lasciarsi-andare-alla-sfiducia\/"},"wordCount":290,"publisher":{"@id":"https:\/\/www.bellunopress.it\/#organization"},"image":{"@id":"https:\/\/www.bellunopress.it\/2013\/05\/01\/primo-maggio-bond-e-piccoli-allacc-di-mel-vietato-lasciarsi-andare-alla-sfiducia\/#primaryimage"},"thumbnailUrl":"http:\/\/www.bellunopress.it\/wp-content\/uploads\/2013\/05\/acc-primo-maggio.jpg","articleSection":["Cronaca\/Politica","Prima Pagina"],"inLanguage":"fr-FR"},{"@type":"WebPage","@id":"https:\/\/www.bellunopress.it\/2013\/05\/01\/primo-maggio-bond-e-piccoli-allacc-di-mel-vietato-lasciarsi-andare-alla-sfiducia\/","url":"https:\/\/www.bellunopress.it\/2013\/05\/01\/primo-maggio-bond-e-piccoli-allacc-di-mel-vietato-lasciarsi-andare-alla-sfiducia\/","name":"Primo maggio, Bond e Piccoli all'Acc di Mel: \"Vietato lasciarsi andare alla sfiducia\" - Bellunopress - Dolomiti","isPartOf":{"@id":"https:\/\/www.bellunopress.it\/#website"},"primaryImageOfPage":{"@id":"https:\/\/www.bellunopress.it\/2013\/05\/01\/primo-maggio-bond-e-piccoli-allacc-di-mel-vietato-lasciarsi-andare-alla-sfiducia\/#primaryimage"},"image":{"@id":"https:\/\/www.bellunopress.it\/2013\/05\/01\/primo-maggio-bond-e-piccoli-allacc-di-mel-vietato-lasciarsi-andare-alla-sfiducia\/#primaryimage"},"thumbnailUrl":"http:\/\/www.bellunopress.it\/wp-content\/uploads\/2013\/05\/acc-primo-maggio.jpg","datePublished":"2013-05-01T19:21:14+00:00","breadcrumb":{"@id":"https:\/\/www.bellunopress.it\/2013\/05\/01\/primo-maggio-bond-e-piccoli-allacc-di-mel-vietato-lasciarsi-andare-alla-sfiducia\/#breadcrumb"},"inLanguage":"fr-FR","potentialAction":[{"@type":"ReadAction","target":["https:\/\/www.bellunopress.it\/2013\/05\/01\/primo-maggio-bond-e-piccoli-allacc-di-mel-vietato-lasciarsi-andare-alla-sfiducia\/"]}]},{"@type":"ImageObject","inLanguage":"fr-FR","@id":"https:\/\/www.bellunopress.it\/2013\/05\/01\/primo-maggio-bond-e-piccoli-allacc-di-mel-vietato-lasciarsi-andare-alla-sfiducia\/#primaryimage","url":"http:\/\/www.bellunopress.it\/wp-content\/uploads\/2013\/05\/acc-primo-maggio.jpg","contentUrl":"http:\/\/www.bellunopress.it\/wp-content\/uploads\/2013\/05\/acc-primo-maggio.jpg"},{"@type":"BreadcrumbList","@id":"https:\/\/www.bellunopress.it\/2013\/05\/01\/primo-maggio-bond-e-piccoli-allacc-di-mel-vietato-lasciarsi-andare-alla-sfiducia\/#breadcrumb","itemListElement":[{"@type":"ListItem","position":1,"name":"Home","item":"https:\/\/www.bellunopress.it\/"},{"@type":"ListItem","position":2,"name":"Primo maggio, Bond e Piccoli all&#8217;Acc di Mel: &#8220;Vietato lasciarsi andare alla sfiducia&#8221;"}]},{"@type":"WebSite","@id":"https:\/\/www.bellunopress.it\/#website","url":"https:\/\/www.bellunopress.it\/","name":"Bellunopress - Dolomiti","description":"e-mail: redazione@bellunopress.it","publisher":{"@id":"https:\/\/www.bellunopress.it\/#organization"},"potentialAction":[{"@type":"SearchAction","target":{"@type":"EntryPoint","urlTemplate":"https:\/\/www.bellunopress.it\/?s={search_term_string}"},"query-input":{"@type":"PropertyValueSpecification","valueRequired":true,"valueName":"search_term_string"}}],"inLanguage":"fr-FR"},{"@type":"Organization","@id":"https:\/\/www.bellunopress.it\/#organization","name":"Bellunopress","url":"https:\/\/www.bellunopress.it\/","logo":{"@type":"ImageObject","inLanguage":"fr-FR","@id":"https:\/\/www.bellunopress.it\/#\/schema\/logo\/image\/","url":"https:\/\/www.bellunopress.it\/wp-content\/uploads\/2011\/05\/cropped-logo-bellunopress-.jpg","contentUrl":"https:\/\/www.bellunopress.it\/wp-content\/uploads\/2011\/05\/cropped-logo-bellunopress-.jpg","width":512,"height":512,"caption":"Bellunopress"},"image":{"@id":"https:\/\/www.bellunopress.it\/#\/schema\/logo\/image\/"},"sameAs":["https:\/\/www.facebook.com\/profile.php?id=100008943462799","https:\/\/x.com\/bellunopress","https:\/\/www.linkedin.com\/hp\/?dnr=JBzUWaJfMUw8vbXJJ2tVW5-I3jZKvC4wsoxE&amp;amp;amp;amp;amp;amp;trk=nav_responsive_tab_home","https:\/\/www.youtube.com\/channel\/UCxL0wu1uN0_3_7hGG0306cw"]},{"@type":"Person","@id":"https:\/\/www.bellunopress.it\/#\/schema\/person\/79bb06722b37ece1c03d3e94beb30d73","name":"r\u00e9daction","image":{"@type":"ImageObject","inLanguage":"fr-FR","@id":"https:\/\/secure.gravatar.com\/avatar\/37d968a2e67a6fd04c169c4bdef102d0bc5d31b2546345219e348575eb80e9a0?s=96&d=mm&r=g","url":"https:\/\/secure.gravatar.com\/avatar\/37d968a2e67a6fd04c169c4bdef102d0bc5d31b2546345219e348575eb80e9a0?s=96&d=mm&r=g","contentUrl":"https:\/\/secure.gravatar.com\/avatar\/37d968a2e67a6fd04c169c4bdef102d0bc5d31b2546345219e348575eb80e9a0?s=96&d=mm&r=g","caption":"redazione"},"sameAs":["http:\/\/www.bellunopress.it","https:\/\/x.com\/bellunopress"],"url":"https:\/\/www.bellunopress.it\/fr\/author\/redazione\/"}]}},"_links":{"self":[{"href":"https:\/\/www.bellunopress.it\/fr\/wp-json\/wp\/v2\/posts\/48972","targetHints":{"allow":["GET"]}}],"collection":[{"href":"https:\/\/www.bellunopress.it\/fr\/wp-json\/wp\/v2\/posts"}],"about":[{"href":"https:\/\/www.bellunopress.it\/fr\/wp-json\/wp\/v2\/types\/post"}],"author":[{"embeddable":true,"href":"https:\/\/www.bellunopress.it\/fr\/wp-json\/wp\/v2\/users\/2"}],"replies":[{"embeddable":true,"href":"https:\/\/www.bellunopress.it\/fr\/wp-json\/wp\/v2\/comments?post=48972"}],"version-history":[{"count":1,"href":"https:\/\/www.bellunopress.it\/fr\/wp-json\/wp\/v2\/posts\/48972\/revisions"}],"predecessor-version":[{"id":48974,"href":"https:\/\/www.bellunopress.it\/fr\/wp-json\/wp\/v2\/posts\/48972\/revisions\/48974"}],"wp:attachment":[{"href":"https:\/\/www.bellunopress.it\/fr\/wp-json\/wp\/v2\/media?parent=48972"}],"wp:term":[{"taxonomy":"category","embeddable":true,"href":"https:\/\/www.bellunopress.it\/fr\/wp-json\/wp\/v2\/categories?post=48972"},{"taxonomy":"post_tag","embeddable":true,"href":"https:\/\/www.bellunopress.it\/fr\/wp-json\/wp\/v2\/tags?post=48972"}],"curies":[{"name":"wp","href":"https:\/\/api.w.org\/{rel}","templated":true}]}}