{"id":4897,"date":"2009-06-15T19:35:15","date_gmt":"2009-06-15T18:35:15","guid":{"rendered":"http:\/\/www.bellunopress.it\/?p=4897"},"modified":"2009-06-15T19:37:01","modified_gmt":"2009-06-15T18:37:01","slug":"guerra-tra-pdl-e-lega-nord-jacopo-massaro-pd-con-bottacin-si-andrebbe-incontro-a-un-prade-bis","status":"publish","type":"post","link":"https:\/\/www.bellunopress.it\/fr\/2009\/06\/15\/guerra-tra-pdl-e-lega-nord-jacopo-massaro-pd-con-bottacin-si-andrebbe-incontro-a-un-prade-bis\/","title":{"rendered":"Guerra tra PdL e Lega Nord, Jacopo Massaro (PD): &#8220;Con Bottacin si andrebbe incontro a un Prade-bis&#8221;"},"content":{"rendered":"<figure id=\"attachment_1221\" aria-describedby=\"caption-attachment-1221\" style=\"width: 270px\" class=\"wp-caption alignleft\"><a href=\"http:\/\/www.bellunopress.it\/wp-content\/uploads\/2009\/03\/jacopo-massaro-270x180.jpg\"><img loading=\"lazy\" decoding=\"async\" class=\"size-medium wp-image-1221\" title=\"jacopo-massaro-270x180\" src=\"http:\/\/www.bellunopress.it\/wp-content\/uploads\/2009\/03\/jacopo-massaro-270x180.jpg\" alt=\"Jacopo Massaro\" width=\"270\" height=\"180\" \/><\/a><figcaption id=\"caption-attachment-1221\" class=\"wp-caption-text\">Jacopo Massaro<\/figcaption><\/figure>\n<p>&lt;&lt;Con Bottacin in Provincia si profilerebbe un &#8220;Prade-bis&#8221;&gt;&gt;.\u00a0A sostenerlo \u00e8 Jacopo Massaro, Capogruppo del PD in Comune di Belluno, commentando la guerra scoppiata tra PdL e Lega Nord per l&#8217;assegnazione degli assessorati in Provincia in caso di vittoria.\u00a0 Una prospettiva poco rassicurante, secondo Massaro, perch\u00e9 &lt;&lt;in questi due anni di Amministrazione Prade la\u00a0continua guerra di poltrone tra\u00a0PdL e Lega Nord ha determinato il declino e lo sbando della Citt\u00e0:\u00a0conti in rosso, niente manutenzioni,\u00a0opere bloccate, associazioni senza contributi, scuolabus e mense scolastiche incerti. Non voglio pensare a cosa accadrebbe se questo avvenisse anche per la Provincia&gt;&gt;.\u00a0 &lt;&lt;Ci sono molte analogie tra quanto accade in Comune di Belluno e quanto sta succedendo attorno a Bottacin&gt;&gt;, continua Massaro, &lt;&lt;ed il fatto che i\u00a0suoi Partiti non dicano &#8220;lo appoggiamo incondizionatamente&#8221;, ma subordinino il sostegno alla garanzia di qualche poltrona, la dice lunga su come potrebbe svolgersi il mandato&gt;&gt;. &lt;&lt;Ma il problema vero&gt;&gt;, conclude Massaro, &lt;&lt;\u00e8 che i cittadini non possono permettersi di avere un presidente della Provincia la cui autorevolezza \u00e8 distrutta dalla propria maggioranza; esattamente\u00a0come avviene in Comune di Belluno, il Capoluogo che da capitale delle Alpi \u00e8 divenuta la periferia di Venezia&gt;&gt;.<\/p>","protected":false},"excerpt":{"rendered":"<p>&lt;&lt;Con Bottacin in Provincia si profilerebbe un &#8220;Prade-bis&#8221;&gt;&gt;.\u00a0A sostenerlo \u00e8 Jacopo Massaro, Capogruppo del PD in Comune di Belluno, commentando la guerra scoppiata tra PdL e Lega Nord per l&#8217;assegnazione degli assessorati in Provincia in caso di vittoria.\u00a0 Una prospettiva poco rassicurante, secondo Massaro, perch\u00e9 &lt;&lt;in questi due anni di Amministrazione Prade la\u00a0continua guerra di [&hellip;]<\/p>\n","protected":false},"author":2,"featured_media":0,"comment_status":"closed","ping_status":"open","sticky":false,"template":"","format":"standard","meta":{"footnotes":""},"categories":[5,26],"tags":[139],"class_list":["post-4897","post","type-post","status-publish","format-standard","category-cronaca","category-prima-pagina","tag-belluno"],"yoast_head":"<!-- This site is optimized with the Yoast SEO plugin v28.4 - https:\/\/yoast.com\/product\/yoast-seo-wordpress\/ -->\n<title>Guerra tra PdL e Lega Nord, Jacopo Massaro (PD): &quot;Con Bottacin si andrebbe incontro a un Prade-bis&quot; - Bellunopress - Dolomiti<\/title>\n<meta name=\"robots\" content=\"index, follow, max-snippet:-1, max-image-preview:large, max-video-preview:-1\" \/>\n<link rel=\"canonical\" href=\"https:\/\/www.bellunopress.it\/fr\/2009\/06\/15\/guerra-tra-pdl-e-lega-nord-jacopo-massaro-pd-con-bottacin-si-andrebbe-incontro-a-un-prade-bis\/\" \/>\n<meta property=\"og:locale\" content=\"fr_FR\" \/>\n<meta property=\"og:type\" content=\"article\" \/>\n<meta property=\"og:title\" content=\"Guerra tra PdL e Lega Nord, Jacopo Massaro (PD): &quot;Con Bottacin si andrebbe incontro a un Prade-bis&quot; - Bellunopress - Dolomiti\" \/>\n<meta property=\"og:description\" content=\"&lt;&lt;Con Bottacin in Provincia si profilerebbe un &#8220;Prade-bis&#8221;&gt;&gt;.\u00a0A sostenerlo \u00e8 Jacopo Massaro, Capogruppo del PD in Comune di Belluno, commentando la guerra scoppiata tra PdL e Lega Nord per l&#8217;assegnazione degli assessorati in Provincia in caso di vittoria.\u00a0 Una prospettiva poco rassicurante, secondo Massaro, perch\u00e9 &lt;&lt;in questi due anni di Amministrazione Prade la\u00a0continua guerra di [&hellip;]\" \/>\n<meta property=\"og:url\" content=\"https:\/\/www.bellunopress.it\/fr\/2009\/06\/15\/guerra-tra-pdl-e-lega-nord-jacopo-massaro-pd-con-bottacin-si-andrebbe-incontro-a-un-prade-bis\/\" \/>\n<meta property=\"og:site_name\" content=\"Bellunopress - Dolomiti\" \/>\n<meta property=\"article:publisher\" content=\"https:\/\/www.facebook.com\/profile.php?id=100008943462799\" \/>\n<meta property=\"article:published_time\" content=\"2009-06-15T18:35:15+00:00\" \/>\n<meta property=\"article:modified_time\" content=\"2009-06-15T18:37:01+00:00\" \/>\n<meta property=\"og:image\" content=\"http:\/\/www.bellunopress.it\/wp-content\/uploads\/2009\/03\/jacopo-massaro-270x180.jpg\" \/>\n<meta name=\"author\" content=\"redazione\" \/>\n<meta name=\"twitter:card\" content=\"summary_large_image\" \/>\n<meta name=\"twitter:creator\" content=\"@bellunopress\" \/>\n<meta name=\"twitter:site\" content=\"@bellunopress\" \/>\n<meta name=\"twitter:label1\" content=\"\u00c9crit par\" \/>\n\t<meta name=\"twitter:data1\" content=\"redazione\" \/>\n\t<meta name=\"twitter:label2\" content=\"Dur\u00e9e de lecture estim\u00e9e\" \/>\n\t<meta name=\"twitter:data2\" content=\"1 minute\" \/>\n<script type=\"application\/ld+json\" class=\"yoast-schema-graph\">{\"@context\":\"https:\\\/\\\/schema.org\",\"@graph\":[{\"@type\":\"Article\",\"@id\":\"https:\\\/\\\/www.bellunopress.it\\\/2009\\\/06\\\/15\\\/guerra-tra-pdl-e-lega-nord-jacopo-massaro-pd-con-bottacin-si-andrebbe-incontro-a-un-prade-bis\\\/#article\",\"isPartOf\":{\"@id\":\"https:\\\/\\\/www.bellunopress.it\\\/2009\\\/06\\\/15\\\/guerra-tra-pdl-e-lega-nord-jacopo-massaro-pd-con-bottacin-si-andrebbe-incontro-a-un-prade-bis\\\/\"},\"author\":{\"name\":\"redazione\",\"@id\":\"https:\\\/\\\/www.bellunopress.it\\\/#\\\/schema\\\/person\\\/79bb06722b37ece1c03d3e94beb30d73\"},\"headline\":\"Guerra tra PdL e Lega Nord, Jacopo Massaro (PD): &#8220;Con Bottacin si andrebbe incontro a un Prade-bis&#8221;\",\"datePublished\":\"2009-06-15T18:35:15+00:00\",\"dateModified\":\"2009-06-15T18:37:01+00:00\",\"mainEntityOfPage\":{\"@id\":\"https:\\\/\\\/www.bellunopress.it\\\/2009\\\/06\\\/15\\\/guerra-tra-pdl-e-lega-nord-jacopo-massaro-pd-con-bottacin-si-andrebbe-incontro-a-un-prade-bis\\\/\"},\"wordCount\":245,\"publisher\":{\"@id\":\"https:\\\/\\\/www.bellunopress.it\\\/#organization\"},\"image\":{\"@id\":\"https:\\\/\\\/www.bellunopress.it\\\/2009\\\/06\\\/15\\\/guerra-tra-pdl-e-lega-nord-jacopo-massaro-pd-con-bottacin-si-andrebbe-incontro-a-un-prade-bis\\\/#primaryimage\"},\"thumbnailUrl\":\"http:\\\/\\\/www.bellunopress.it\\\/wp-content\\\/uploads\\\/2009\\\/03\\\/jacopo-massaro-270x180.jpg\",\"keywords\":[\"Belluno\"],\"articleSection\":[\"Cronaca\\\/Politica\",\"Prima Pagina\"],\"inLanguage\":\"fr-FR\"},{\"@type\":\"WebPage\",\"@id\":\"https:\\\/\\\/www.bellunopress.it\\\/2009\\\/06\\\/15\\\/guerra-tra-pdl-e-lega-nord-jacopo-massaro-pd-con-bottacin-si-andrebbe-incontro-a-un-prade-bis\\\/\",\"url\":\"https:\\\/\\\/www.bellunopress.it\\\/2009\\\/06\\\/15\\\/guerra-tra-pdl-e-lega-nord-jacopo-massaro-pd-con-bottacin-si-andrebbe-incontro-a-un-prade-bis\\\/\",\"name\":\"Guerra tra PdL e Lega Nord, Jacopo Massaro (PD): \\\"Con Bottacin si andrebbe incontro a un Prade-bis\\\" - Bellunopress - Dolomiti\",\"isPartOf\":{\"@id\":\"https:\\\/\\\/www.bellunopress.it\\\/#website\"},\"primaryImageOfPage\":{\"@id\":\"https:\\\/\\\/www.bellunopress.it\\\/2009\\\/06\\\/15\\\/guerra-tra-pdl-e-lega-nord-jacopo-massaro-pd-con-bottacin-si-andrebbe-incontro-a-un-prade-bis\\\/#primaryimage\"},\"image\":{\"@id\":\"https:\\\/\\\/www.bellunopress.it\\\/2009\\\/06\\\/15\\\/guerra-tra-pdl-e-lega-nord-jacopo-massaro-pd-con-bottacin-si-andrebbe-incontro-a-un-prade-bis\\\/#primaryimage\"},\"thumbnailUrl\":\"http:\\\/\\\/www.bellunopress.it\\\/wp-content\\\/uploads\\\/2009\\\/03\\\/jacopo-massaro-270x180.jpg\",\"datePublished\":\"2009-06-15T18:35:15+00:00\",\"dateModified\":\"2009-06-15T18:37:01+00:00\",\"breadcrumb\":{\"@id\":\"https:\\\/\\\/www.bellunopress.it\\\/2009\\\/06\\\/15\\\/guerra-tra-pdl-e-lega-nord-jacopo-massaro-pd-con-bottacin-si-andrebbe-incontro-a-un-prade-bis\\\/#breadcrumb\"},\"inLanguage\":\"fr-FR\",\"potentialAction\":[{\"@type\":\"ReadAction\",\"target\":[\"https:\\\/\\\/www.bellunopress.it\\\/2009\\\/06\\\/15\\\/guerra-tra-pdl-e-lega-nord-jacopo-massaro-pd-con-bottacin-si-andrebbe-incontro-a-un-prade-bis\\\/\"]}]},{\"@type\":\"ImageObject\",\"inLanguage\":\"fr-FR\",\"@id\":\"https:\\\/\\\/www.bellunopress.it\\\/2009\\\/06\\\/15\\\/guerra-tra-pdl-e-lega-nord-jacopo-massaro-pd-con-bottacin-si-andrebbe-incontro-a-un-prade-bis\\\/#primaryimage\",\"url\":\"http:\\\/\\\/www.bellunopress.it\\\/wp-content\\\/uploads\\\/2009\\\/03\\\/jacopo-massaro-270x180.jpg\",\"contentUrl\":\"http:\\\/\\\/www.bellunopress.it\\\/wp-content\\\/uploads\\\/2009\\\/03\\\/jacopo-massaro-270x180.jpg\"},{\"@type\":\"BreadcrumbList\",\"@id\":\"https:\\\/\\\/www.bellunopress.it\\\/2009\\\/06\\\/15\\\/guerra-tra-pdl-e-lega-nord-jacopo-massaro-pd-con-bottacin-si-andrebbe-incontro-a-un-prade-bis\\\/#breadcrumb\",\"itemListElement\":[{\"@type\":\"ListItem\",\"position\":1,\"name\":\"Home\",\"item\":\"https:\\\/\\\/www.bellunopress.it\\\/\"},{\"@type\":\"ListItem\",\"position\":2,\"name\":\"Guerra tra PdL e Lega Nord, Jacopo Massaro (PD): &#8220;Con Bottacin si andrebbe incontro a un Prade-bis&#8221;\"}]},{\"@type\":\"WebSite\",\"@id\":\"https:\\\/\\\/www.bellunopress.it\\\/#website\",\"url\":\"https:\\\/\\\/www.bellunopress.it\\\/\",\"name\":\"Bellunopress - Dolomiti\",\"description\":\"e-mail: redazione@bellunopress.it\",\"publisher\":{\"@id\":\"https:\\\/\\\/www.bellunopress.it\\\/#organization\"},\"potentialAction\":[{\"@type\":\"SearchAction\",\"target\":{\"@type\":\"EntryPoint\",\"urlTemplate\":\"https:\\\/\\\/www.bellunopress.it\\\/?s={search_term_string}\"},\"query-input\":{\"@type\":\"PropertyValueSpecification\",\"valueRequired\":true,\"valueName\":\"search_term_string\"}}],\"inLanguage\":\"fr-FR\"},{\"@type\":\"Organization\",\"@id\":\"https:\\\/\\\/www.bellunopress.it\\\/#organization\",\"name\":\"Bellunopress\",\"url\":\"https:\\\/\\\/www.bellunopress.it\\\/\",\"logo\":{\"@type\":\"ImageObject\",\"inLanguage\":\"fr-FR\",\"@id\":\"https:\\\/\\\/www.bellunopress.it\\\/#\\\/schema\\\/logo\\\/image\\\/\",\"url\":\"https:\\\/\\\/www.bellunopress.it\\\/wp-content\\\/uploads\\\/2011\\\/05\\\/cropped-logo-bellunopress-.jpg\",\"contentUrl\":\"https:\\\/\\\/www.bellunopress.it\\\/wp-content\\\/uploads\\\/2011\\\/05\\\/cropped-logo-bellunopress-.jpg\",\"width\":512,\"height\":512,\"caption\":\"Bellunopress\"},\"image\":{\"@id\":\"https:\\\/\\\/www.bellunopress.it\\\/#\\\/schema\\\/logo\\\/image\\\/\"},\"sameAs\":[\"https:\\\/\\\/www.facebook.com\\\/profile.php?id=100008943462799\",\"https:\\\/\\\/x.com\\\/bellunopress\",\"https:\\\/\\\/www.linkedin.com\\\/hp\\\/?dnr=JBzUWaJfMUw8vbXJJ2tVW5-I3jZKvC4wsoxE&amp;amp;amp;amp;amp;amp;trk=nav_responsive_tab_home\",\"https:\\\/\\\/www.youtube.com\\\/channel\\\/UCxL0wu1uN0_3_7hGG0306cw\"]},{\"@type\":\"Person\",\"@id\":\"https:\\\/\\\/www.bellunopress.it\\\/#\\\/schema\\\/person\\\/79bb06722b37ece1c03d3e94beb30d73\",\"name\":\"redazione\",\"image\":{\"@type\":\"ImageObject\",\"inLanguage\":\"fr-FR\",\"@id\":\"https:\\\/\\\/secure.gravatar.com\\\/avatar\\\/37d968a2e67a6fd04c169c4bdef102d0bc5d31b2546345219e348575eb80e9a0?s=96&d=mm&r=g\",\"url\":\"https:\\\/\\\/secure.gravatar.com\\\/avatar\\\/37d968a2e67a6fd04c169c4bdef102d0bc5d31b2546345219e348575eb80e9a0?s=96&d=mm&r=g\",\"contentUrl\":\"https:\\\/\\\/secure.gravatar.com\\\/avatar\\\/37d968a2e67a6fd04c169c4bdef102d0bc5d31b2546345219e348575eb80e9a0?s=96&d=mm&r=g\",\"caption\":\"redazione\"},\"sameAs\":[\"http:\\\/\\\/www.bellunopress.it\",\"https:\\\/\\\/x.com\\\/bellunopress\"],\"url\":\"https:\\\/\\\/www.bellunopress.it\\\/fr\\\/author\\\/redazione\\\/\"}]}<\/script>\n<!-- \/ Yoast SEO plugin. -->","yoast_head_json":{"title":"Guerra tra PdL e Lega Nord, Jacopo Massaro (PD): \"Con Bottacin si andrebbe incontro a un Prade-bis\" - Bellunopress - Dolomiti","robots":{"index":"index","follow":"follow","max-snippet":"max-snippet:-1","max-image-preview":"max-image-preview:large","max-video-preview":"max-video-preview:-1"},"canonical":"https:\/\/www.bellunopress.it\/fr\/2009\/06\/15\/guerra-tra-pdl-e-lega-nord-jacopo-massaro-pd-con-bottacin-si-andrebbe-incontro-a-un-prade-bis\/","og_locale":"fr_FR","og_type":"article","og_title":"Guerra tra PdL e Lega Nord, Jacopo Massaro (PD): \"Con Bottacin si andrebbe incontro a un Prade-bis\" - Bellunopress - Dolomiti","og_description":"&lt;&lt;Con Bottacin in Provincia si profilerebbe un &#8220;Prade-bis&#8221;&gt;&gt;.\u00a0A sostenerlo \u00e8 Jacopo Massaro, Capogruppo del PD in Comune di Belluno, commentando la guerra scoppiata tra PdL e Lega Nord per l&#8217;assegnazione degli assessorati in Provincia in caso di vittoria.\u00a0 Una prospettiva poco rassicurante, secondo Massaro, perch\u00e9 &lt;&lt;in questi due anni di Amministrazione Prade la\u00a0continua guerra di [&hellip;]","og_url":"https:\/\/www.bellunopress.it\/fr\/2009\/06\/15\/guerra-tra-pdl-e-lega-nord-jacopo-massaro-pd-con-bottacin-si-andrebbe-incontro-a-un-prade-bis\/","og_site_name":"Bellunopress - Dolomiti","article_publisher":"https:\/\/www.facebook.com\/profile.php?id=100008943462799","article_published_time":"2009-06-15T18:35:15+00:00","article_modified_time":"2009-06-15T18:37:01+00:00","og_image":[{"url":"http:\/\/www.bellunopress.it\/wp-content\/uploads\/2009\/03\/jacopo-massaro-270x180.jpg","type":"","width":"","height":""}],"author":"redazione","twitter_card":"summary_large_image","twitter_creator":"@bellunopress","twitter_site":"@bellunopress","twitter_misc":{"\u00c9crit par":"redazione","Dur\u00e9e de lecture estim\u00e9e":"1 minute"},"schema":{"@context":"https:\/\/schema.org","@graph":[{"@type":"Article","@id":"https:\/\/www.bellunopress.it\/2009\/06\/15\/guerra-tra-pdl-e-lega-nord-jacopo-massaro-pd-con-bottacin-si-andrebbe-incontro-a-un-prade-bis\/#article","isPartOf":{"@id":"https:\/\/www.bellunopress.it\/2009\/06\/15\/guerra-tra-pdl-e-lega-nord-jacopo-massaro-pd-con-bottacin-si-andrebbe-incontro-a-un-prade-bis\/"},"author":{"name":"redazione","@id":"https:\/\/www.bellunopress.it\/#\/schema\/person\/79bb06722b37ece1c03d3e94beb30d73"},"headline":"Guerra tra PdL e Lega Nord, Jacopo Massaro (PD): &#8220;Con Bottacin si andrebbe incontro a un Prade-bis&#8221;","datePublished":"2009-06-15T18:35:15+00:00","dateModified":"2009-06-15T18:37:01+00:00","mainEntityOfPage":{"@id":"https:\/\/www.bellunopress.it\/2009\/06\/15\/guerra-tra-pdl-e-lega-nord-jacopo-massaro-pd-con-bottacin-si-andrebbe-incontro-a-un-prade-bis\/"},"wordCount":245,"publisher":{"@id":"https:\/\/www.bellunopress.it\/#organization"},"image":{"@id":"https:\/\/www.bellunopress.it\/2009\/06\/15\/guerra-tra-pdl-e-lega-nord-jacopo-massaro-pd-con-bottacin-si-andrebbe-incontro-a-un-prade-bis\/#primaryimage"},"thumbnailUrl":"http:\/\/www.bellunopress.it\/wp-content\/uploads\/2009\/03\/jacopo-massaro-270x180.jpg","keywords":["Belluno"],"articleSection":["Cronaca\/Politica","Prima Pagina"],"inLanguage":"fr-FR"},{"@type":"WebPage","@id":"https:\/\/www.bellunopress.it\/2009\/06\/15\/guerra-tra-pdl-e-lega-nord-jacopo-massaro-pd-con-bottacin-si-andrebbe-incontro-a-un-prade-bis\/","url":"https:\/\/www.bellunopress.it\/2009\/06\/15\/guerra-tra-pdl-e-lega-nord-jacopo-massaro-pd-con-bottacin-si-andrebbe-incontro-a-un-prade-bis\/","name":"Guerra tra PdL e Lega Nord, Jacopo Massaro (PD): \"Con Bottacin si andrebbe incontro a un Prade-bis\" - Bellunopress - Dolomiti","isPartOf":{"@id":"https:\/\/www.bellunopress.it\/#website"},"primaryImageOfPage":{"@id":"https:\/\/www.bellunopress.it\/2009\/06\/15\/guerra-tra-pdl-e-lega-nord-jacopo-massaro-pd-con-bottacin-si-andrebbe-incontro-a-un-prade-bis\/#primaryimage"},"image":{"@id":"https:\/\/www.bellunopress.it\/2009\/06\/15\/guerra-tra-pdl-e-lega-nord-jacopo-massaro-pd-con-bottacin-si-andrebbe-incontro-a-un-prade-bis\/#primaryimage"},"thumbnailUrl":"http:\/\/www.bellunopress.it\/wp-content\/uploads\/2009\/03\/jacopo-massaro-270x180.jpg","datePublished":"2009-06-15T18:35:15+00:00","dateModified":"2009-06-15T18:37:01+00:00","breadcrumb":{"@id":"https:\/\/www.bellunopress.it\/2009\/06\/15\/guerra-tra-pdl-e-lega-nord-jacopo-massaro-pd-con-bottacin-si-andrebbe-incontro-a-un-prade-bis\/#breadcrumb"},"inLanguage":"fr-FR","potentialAction":[{"@type":"ReadAction","target":["https:\/\/www.bellunopress.it\/2009\/06\/15\/guerra-tra-pdl-e-lega-nord-jacopo-massaro-pd-con-bottacin-si-andrebbe-incontro-a-un-prade-bis\/"]}]},{"@type":"ImageObject","inLanguage":"fr-FR","@id":"https:\/\/www.bellunopress.it\/2009\/06\/15\/guerra-tra-pdl-e-lega-nord-jacopo-massaro-pd-con-bottacin-si-andrebbe-incontro-a-un-prade-bis\/#primaryimage","url":"http:\/\/www.bellunopress.it\/wp-content\/uploads\/2009\/03\/jacopo-massaro-270x180.jpg","contentUrl":"http:\/\/www.bellunopress.it\/wp-content\/uploads\/2009\/03\/jacopo-massaro-270x180.jpg"},{"@type":"BreadcrumbList","@id":"https:\/\/www.bellunopress.it\/2009\/06\/15\/guerra-tra-pdl-e-lega-nord-jacopo-massaro-pd-con-bottacin-si-andrebbe-incontro-a-un-prade-bis\/#breadcrumb","itemListElement":[{"@type":"ListItem","position":1,"name":"Home","item":"https:\/\/www.bellunopress.it\/"},{"@type":"ListItem","position":2,"name":"Guerra tra PdL e Lega Nord, Jacopo Massaro (PD): &#8220;Con Bottacin si andrebbe incontro a un Prade-bis&#8221;"}]},{"@type":"WebSite","@id":"https:\/\/www.bellunopress.it\/#website","url":"https:\/\/www.bellunopress.it\/","name":"Bellunopress - Dolomiti","description":"e-mail: redazione@bellunopress.it","publisher":{"@id":"https:\/\/www.bellunopress.it\/#organization"},"potentialAction":[{"@type":"SearchAction","target":{"@type":"EntryPoint","urlTemplate":"https:\/\/www.bellunopress.it\/?s={search_term_string}"},"query-input":{"@type":"PropertyValueSpecification","valueRequired":true,"valueName":"search_term_string"}}],"inLanguage":"fr-FR"},{"@type":"Organization","@id":"https:\/\/www.bellunopress.it\/#organization","name":"Bellunopress","url":"https:\/\/www.bellunopress.it\/","logo":{"@type":"ImageObject","inLanguage":"fr-FR","@id":"https:\/\/www.bellunopress.it\/#\/schema\/logo\/image\/","url":"https:\/\/www.bellunopress.it\/wp-content\/uploads\/2011\/05\/cropped-logo-bellunopress-.jpg","contentUrl":"https:\/\/www.bellunopress.it\/wp-content\/uploads\/2011\/05\/cropped-logo-bellunopress-.jpg","width":512,"height":512,"caption":"Bellunopress"},"image":{"@id":"https:\/\/www.bellunopress.it\/#\/schema\/logo\/image\/"},"sameAs":["https:\/\/www.facebook.com\/profile.php?id=100008943462799","https:\/\/x.com\/bellunopress","https:\/\/www.linkedin.com\/hp\/?dnr=JBzUWaJfMUw8vbXJJ2tVW5-I3jZKvC4wsoxE&amp;amp;amp;amp;amp;amp;trk=nav_responsive_tab_home","https:\/\/www.youtube.com\/channel\/UCxL0wu1uN0_3_7hGG0306cw"]},{"@type":"Person","@id":"https:\/\/www.bellunopress.it\/#\/schema\/person\/79bb06722b37ece1c03d3e94beb30d73","name":"r\u00e9daction","image":{"@type":"ImageObject","inLanguage":"fr-FR","@id":"https:\/\/secure.gravatar.com\/avatar\/37d968a2e67a6fd04c169c4bdef102d0bc5d31b2546345219e348575eb80e9a0?s=96&d=mm&r=g","url":"https:\/\/secure.gravatar.com\/avatar\/37d968a2e67a6fd04c169c4bdef102d0bc5d31b2546345219e348575eb80e9a0?s=96&d=mm&r=g","contentUrl":"https:\/\/secure.gravatar.com\/avatar\/37d968a2e67a6fd04c169c4bdef102d0bc5d31b2546345219e348575eb80e9a0?s=96&d=mm&r=g","caption":"redazione"},"sameAs":["http:\/\/www.bellunopress.it","https:\/\/x.com\/bellunopress"],"url":"https:\/\/www.bellunopress.it\/fr\/author\/redazione\/"}]}},"_links":{"self":[{"href":"https:\/\/www.bellunopress.it\/fr\/wp-json\/wp\/v2\/posts\/4897","targetHints":{"allow":["GET"]}}],"collection":[{"href":"https:\/\/www.bellunopress.it\/fr\/wp-json\/wp\/v2\/posts"}],"about":[{"href":"https:\/\/www.bellunopress.it\/fr\/wp-json\/wp\/v2\/types\/post"}],"author":[{"embeddable":true,"href":"https:\/\/www.bellunopress.it\/fr\/wp-json\/wp\/v2\/users\/2"}],"replies":[{"embeddable":true,"href":"https:\/\/www.bellunopress.it\/fr\/wp-json\/wp\/v2\/comments?post=4897"}],"version-history":[{"count":3,"href":"https:\/\/www.bellunopress.it\/fr\/wp-json\/wp\/v2\/posts\/4897\/revisions"}],"predecessor-version":[{"id":4899,"href":"https:\/\/www.bellunopress.it\/fr\/wp-json\/wp\/v2\/posts\/4897\/revisions\/4899"}],"wp:attachment":[{"href":"https:\/\/www.bellunopress.it\/fr\/wp-json\/wp\/v2\/media?parent=4897"}],"wp:term":[{"taxonomy":"category","embeddable":true,"href":"https:\/\/www.bellunopress.it\/fr\/wp-json\/wp\/v2\/categories?post=4897"},{"taxonomy":"post_tag","embeddable":true,"href":"https:\/\/www.bellunopress.it\/fr\/wp-json\/wp\/v2\/tags?post=4897"}],"curies":[{"name":"wp","href":"https:\/\/api.w.org\/{rel}","templated":true}]}}