{"id":48964,"date":"2013-05-01T07:40:58","date_gmt":"2013-05-01T06:40:58","guid":{"rendered":"http:\/\/www.bellunopress.it\/?p=48964"},"modified":"2013-05-01T07:40:58","modified_gmt":"2013-05-01T06:40:58","slug":"alcol-e-giovani-le-ultime-statistiche-della-regione","status":"publish","type":"post","link":"https:\/\/www.bellunopress.it\/fr\/2013\/05\/01\/alcol-e-giovani-le-ultime-statistiche-della-regione\/","title":{"rendered":"Alcol e giovani, le ultime statistiche della Regione"},"content":{"rendered":"<p><a href=\"http:\/\/www.bellunopress.it\/wp-content\/uploads\/2009\/09\/cin-cin.jpg\"><img loading=\"lazy\" decoding=\"async\" class=\"alignleft size-full wp-image-7686\" alt=\"cin-cin\" src=\"http:\/\/www.bellunopress.it\/wp-content\/uploads\/2009\/09\/cin-cin.jpg\" width=\"123\" height=\"123\" \/><\/a>Aprile \u00e8 stato proclamato a livello nazionale \u201cMese della prevenzione alcologica\u201d, con l&#8217;obiettivo di una pi\u00f9 diffusa sensibilizzazione sui rischi per la salute provocati dall&#8217;alcol, ritenuto fra le principali cause in Europa di mortalit\u00e0 evitabile, disabilit\u00e0 e malattie croniche. A questo argomento \u00e8 dedicato l\u2019ultimo numero di \u201cStatistiche flash\u201d, la pubblicazione periodica curata dalla Direzione Sistema Statistico della Regione e consultabile sul sito web www.regione.veneto.it alla voce \u201cStatistica\u201d, che focalizza l\u2019attenzione soprattutto sul fenomeno del bere giovanile. I dati evidenziano la tendenza a un aumento del consumo occasionale di alcol, che riguarda oltre il 55% della popolazione tra i 14 e 34 anni, mentre il consumo giornaliero rappresenta, per la stessa fascia di et\u00e0, un comportamento ampiamente meno diffuso (13,7%), rispetto al 29,3% della popolazione generale.<\/p>\n<p>Tra i ragazzi italiani di 15-16 anni, 63 su 100 dichiarano di aver consumato alcol nell&#8217;ultimo mese, quota che desta preoccupazione, nonostante in Italia sia pi\u00f9 contenuta che in altri Paesi, del Nord o dell&#8217;Est Europa. Elevato anche il dato del Veneto: il 34% dei maschi 15enni dichiara addirittura un consumo di alcol settimanale, il 7% perfino giornaliero. Se si guarda al fine settimana, la percentuale sale al 49%, simile al dato delle ragazze. Molti giovani associano il consumo di alcol al divertimento e all&#8217;occasione per dimenticare i problemi; rispetto ai coetanei europei, per\u00f2 sono pi\u00f9 consapevoli di alcune conseguenze negative del bere, specialmente per i danni alla salute, non solo dopo un&#8217;ubriacatura, e per i comportamenti a rischio attuabili di cui si potrebbero pentire.<\/p>\n<p>Tra le bevande alcoliche preferite dai giovani c&#8217;\u00e8 sicuramente lo spritz, quasi d&#8217;obbligo per l&#8217;ora dell&#8217;aperitivo. Si \u00e8 diffuso molto anche tra i giovanissimi, non solo per il prezzo contenuto ma anche come una moda che fa sentire grandi. Un quindicenne su 4 in Veneto ne fa un uso regolare, con una differenza tra maschi e femmine trascurabile. L&#8217;aumento di consumo si ha soprattutto tra i 13 e i 15enni, et\u00e0 del passaggio dalle scuole medie alle superiori.<\/p>\n<p>&nbsp;<\/p>\n<p>&nbsp;<\/p>","protected":false},"excerpt":{"rendered":"<p>Aprile \u00e8 stato proclamato a livello nazionale \u201cMese della prevenzione alcologica\u201d, con l&#8217;obiettivo di una pi\u00f9 diffusa sensibilizzazione sui rischi per la salute provocati dall&#8217;alcol, ritenuto fra le principali cause in Europa di mortalit\u00e0 evitabile, disabilit\u00e0 e malattie croniche. A questo argomento \u00e8 dedicato l\u2019ultimo numero di \u201cStatistiche flash\u201d, la pubblicazione periodica curata dalla Direzione [&hellip;]<\/p>\n","protected":false},"author":2,"featured_media":0,"comment_status":"closed","ping_status":"open","sticky":false,"template":"","format":"standard","meta":{"footnotes":""},"categories":[26,8],"tags":[],"class_list":["post-48964","post","type-post","status-publish","format-standard","category-prima-pagina","category-societa-istituzioni"],"yoast_head":"<!-- This site is optimized with the Yoast SEO plugin v28.4 - https:\/\/yoast.com\/product\/yoast-seo-wordpress\/ -->\n<title>Alcol e giovani, le ultime statistiche della Regione - Bellunopress - Dolomiti<\/title>\n<meta name=\"robots\" content=\"index, follow, max-snippet:-1, max-image-preview:large, max-video-preview:-1\" \/>\n<link rel=\"canonical\" href=\"https:\/\/www.bellunopress.it\/fr\/2013\/05\/01\/alcol-e-giovani-le-ultime-statistiche-della-regione\/\" \/>\n<meta property=\"og:locale\" content=\"fr_FR\" \/>\n<meta property=\"og:type\" content=\"article\" \/>\n<meta property=\"og:title\" content=\"Alcol e giovani, le ultime statistiche della Regione - Bellunopress - Dolomiti\" \/>\n<meta property=\"og:description\" content=\"Aprile \u00e8 stato proclamato a livello nazionale \u201cMese della prevenzione alcologica\u201d, con l&#8217;obiettivo di una pi\u00f9 diffusa sensibilizzazione sui rischi per la salute provocati dall&#8217;alcol, ritenuto fra le principali cause in Europa di mortalit\u00e0 evitabile, disabilit\u00e0 e malattie croniche. A questo argomento \u00e8 dedicato l\u2019ultimo numero di \u201cStatistiche flash\u201d, la pubblicazione periodica curata dalla Direzione [&hellip;]\" \/>\n<meta property=\"og:url\" content=\"https:\/\/www.bellunopress.it\/fr\/2013\/05\/01\/alcol-e-giovani-le-ultime-statistiche-della-regione\/\" \/>\n<meta property=\"og:site_name\" content=\"Bellunopress - Dolomiti\" \/>\n<meta property=\"article:publisher\" content=\"https:\/\/www.facebook.com\/profile.php?id=100008943462799\" \/>\n<meta property=\"article:published_time\" content=\"2013-05-01T06:40:58+00:00\" \/>\n<meta property=\"og:image\" content=\"http:\/\/www.bellunopress.it\/wp-content\/uploads\/2009\/09\/cin-cin.jpg\" \/>\n<meta name=\"author\" content=\"redazione\" \/>\n<meta name=\"twitter:card\" content=\"summary_large_image\" \/>\n<meta name=\"twitter:creator\" content=\"@bellunopress\" \/>\n<meta name=\"twitter:site\" content=\"@bellunopress\" \/>\n<meta name=\"twitter:label1\" content=\"\u00c9crit par\" \/>\n\t<meta name=\"twitter:data1\" content=\"redazione\" \/>\n\t<meta name=\"twitter:label2\" content=\"Dur\u00e9e de lecture estim\u00e9e\" \/>\n\t<meta name=\"twitter:data2\" content=\"2 minutes\" \/>\n<script type=\"application\/ld+json\" class=\"yoast-schema-graph\">{\"@context\":\"https:\\\/\\\/schema.org\",\"@graph\":[{\"@type\":\"Article\",\"@id\":\"https:\\\/\\\/www.bellunopress.it\\\/2013\\\/05\\\/01\\\/alcol-e-giovani-le-ultime-statistiche-della-regione\\\/#article\",\"isPartOf\":{\"@id\":\"https:\\\/\\\/www.bellunopress.it\\\/2013\\\/05\\\/01\\\/alcol-e-giovani-le-ultime-statistiche-della-regione\\\/\"},\"author\":{\"name\":\"redazione\",\"@id\":\"https:\\\/\\\/www.bellunopress.it\\\/#\\\/schema\\\/person\\\/79bb06722b37ece1c03d3e94beb30d73\"},\"headline\":\"Alcol e giovani, le ultime statistiche della Regione\",\"datePublished\":\"2013-05-01T06:40:58+00:00\",\"mainEntityOfPage\":{\"@id\":\"https:\\\/\\\/www.bellunopress.it\\\/2013\\\/05\\\/01\\\/alcol-e-giovani-le-ultime-statistiche-della-regione\\\/\"},\"wordCount\":339,\"publisher\":{\"@id\":\"https:\\\/\\\/www.bellunopress.it\\\/#organization\"},\"image\":{\"@id\":\"https:\\\/\\\/www.bellunopress.it\\\/2013\\\/05\\\/01\\\/alcol-e-giovani-le-ultime-statistiche-della-regione\\\/#primaryimage\"},\"thumbnailUrl\":\"http:\\\/\\\/www.bellunopress.it\\\/wp-content\\\/uploads\\\/2009\\\/09\\\/cin-cin.jpg\",\"articleSection\":[\"Prima Pagina\",\"Societ\u00e0, Associazioni, Istituzioni\"],\"inLanguage\":\"fr-FR\"},{\"@type\":\"WebPage\",\"@id\":\"https:\\\/\\\/www.bellunopress.it\\\/2013\\\/05\\\/01\\\/alcol-e-giovani-le-ultime-statistiche-della-regione\\\/\",\"url\":\"https:\\\/\\\/www.bellunopress.it\\\/2013\\\/05\\\/01\\\/alcol-e-giovani-le-ultime-statistiche-della-regione\\\/\",\"name\":\"Alcol e giovani, le ultime statistiche della Regione - Bellunopress - Dolomiti\",\"isPartOf\":{\"@id\":\"https:\\\/\\\/www.bellunopress.it\\\/#website\"},\"primaryImageOfPage\":{\"@id\":\"https:\\\/\\\/www.bellunopress.it\\\/2013\\\/05\\\/01\\\/alcol-e-giovani-le-ultime-statistiche-della-regione\\\/#primaryimage\"},\"image\":{\"@id\":\"https:\\\/\\\/www.bellunopress.it\\\/2013\\\/05\\\/01\\\/alcol-e-giovani-le-ultime-statistiche-della-regione\\\/#primaryimage\"},\"thumbnailUrl\":\"http:\\\/\\\/www.bellunopress.it\\\/wp-content\\\/uploads\\\/2009\\\/09\\\/cin-cin.jpg\",\"datePublished\":\"2013-05-01T06:40:58+00:00\",\"breadcrumb\":{\"@id\":\"https:\\\/\\\/www.bellunopress.it\\\/2013\\\/05\\\/01\\\/alcol-e-giovani-le-ultime-statistiche-della-regione\\\/#breadcrumb\"},\"inLanguage\":\"fr-FR\",\"potentialAction\":[{\"@type\":\"ReadAction\",\"target\":[\"https:\\\/\\\/www.bellunopress.it\\\/2013\\\/05\\\/01\\\/alcol-e-giovani-le-ultime-statistiche-della-regione\\\/\"]}]},{\"@type\":\"ImageObject\",\"inLanguage\":\"fr-FR\",\"@id\":\"https:\\\/\\\/www.bellunopress.it\\\/2013\\\/05\\\/01\\\/alcol-e-giovani-le-ultime-statistiche-della-regione\\\/#primaryimage\",\"url\":\"http:\\\/\\\/www.bellunopress.it\\\/wp-content\\\/uploads\\\/2009\\\/09\\\/cin-cin.jpg\",\"contentUrl\":\"http:\\\/\\\/www.bellunopress.it\\\/wp-content\\\/uploads\\\/2009\\\/09\\\/cin-cin.jpg\"},{\"@type\":\"BreadcrumbList\",\"@id\":\"https:\\\/\\\/www.bellunopress.it\\\/2013\\\/05\\\/01\\\/alcol-e-giovani-le-ultime-statistiche-della-regione\\\/#breadcrumb\",\"itemListElement\":[{\"@type\":\"ListItem\",\"position\":1,\"name\":\"Home\",\"item\":\"https:\\\/\\\/www.bellunopress.it\\\/\"},{\"@type\":\"ListItem\",\"position\":2,\"name\":\"Alcol e giovani, le ultime statistiche della Regione\"}]},{\"@type\":\"WebSite\",\"@id\":\"https:\\\/\\\/www.bellunopress.it\\\/#website\",\"url\":\"https:\\\/\\\/www.bellunopress.it\\\/\",\"name\":\"Bellunopress - Dolomiti\",\"description\":\"e-mail: redazione@bellunopress.it\",\"publisher\":{\"@id\":\"https:\\\/\\\/www.bellunopress.it\\\/#organization\"},\"potentialAction\":[{\"@type\":\"SearchAction\",\"target\":{\"@type\":\"EntryPoint\",\"urlTemplate\":\"https:\\\/\\\/www.bellunopress.it\\\/?s={search_term_string}\"},\"query-input\":{\"@type\":\"PropertyValueSpecification\",\"valueRequired\":true,\"valueName\":\"search_term_string\"}}],\"inLanguage\":\"fr-FR\"},{\"@type\":\"Organization\",\"@id\":\"https:\\\/\\\/www.bellunopress.it\\\/#organization\",\"name\":\"Bellunopress\",\"url\":\"https:\\\/\\\/www.bellunopress.it\\\/\",\"logo\":{\"@type\":\"ImageObject\",\"inLanguage\":\"fr-FR\",\"@id\":\"https:\\\/\\\/www.bellunopress.it\\\/#\\\/schema\\\/logo\\\/image\\\/\",\"url\":\"https:\\\/\\\/www.bellunopress.it\\\/wp-content\\\/uploads\\\/2011\\\/05\\\/cropped-logo-bellunopress-.jpg\",\"contentUrl\":\"https:\\\/\\\/www.bellunopress.it\\\/wp-content\\\/uploads\\\/2011\\\/05\\\/cropped-logo-bellunopress-.jpg\",\"width\":512,\"height\":512,\"caption\":\"Bellunopress\"},\"image\":{\"@id\":\"https:\\\/\\\/www.bellunopress.it\\\/#\\\/schema\\\/logo\\\/image\\\/\"},\"sameAs\":[\"https:\\\/\\\/www.facebook.com\\\/profile.php?id=100008943462799\",\"https:\\\/\\\/x.com\\\/bellunopress\",\"https:\\\/\\\/www.linkedin.com\\\/hp\\\/?dnr=JBzUWaJfMUw8vbXJJ2tVW5-I3jZKvC4wsoxE&amp;amp;amp;amp;amp;amp;trk=nav_responsive_tab_home\",\"https:\\\/\\\/www.youtube.com\\\/channel\\\/UCxL0wu1uN0_3_7hGG0306cw\"]},{\"@type\":\"Person\",\"@id\":\"https:\\\/\\\/www.bellunopress.it\\\/#\\\/schema\\\/person\\\/79bb06722b37ece1c03d3e94beb30d73\",\"name\":\"redazione\",\"image\":{\"@type\":\"ImageObject\",\"inLanguage\":\"fr-FR\",\"@id\":\"https:\\\/\\\/secure.gravatar.com\\\/avatar\\\/37d968a2e67a6fd04c169c4bdef102d0bc5d31b2546345219e348575eb80e9a0?s=96&d=mm&r=g\",\"url\":\"https:\\\/\\\/secure.gravatar.com\\\/avatar\\\/37d968a2e67a6fd04c169c4bdef102d0bc5d31b2546345219e348575eb80e9a0?s=96&d=mm&r=g\",\"contentUrl\":\"https:\\\/\\\/secure.gravatar.com\\\/avatar\\\/37d968a2e67a6fd04c169c4bdef102d0bc5d31b2546345219e348575eb80e9a0?s=96&d=mm&r=g\",\"caption\":\"redazione\"},\"sameAs\":[\"http:\\\/\\\/www.bellunopress.it\",\"https:\\\/\\\/x.com\\\/bellunopress\"],\"url\":\"https:\\\/\\\/www.bellunopress.it\\\/fr\\\/author\\\/redazione\\\/\"}]}<\/script>\n<!-- \/ Yoast SEO plugin. -->","yoast_head_json":{"title":"Alcol e giovani, le ultime statistiche della Regione - Bellunopress - Dolomiti","robots":{"index":"index","follow":"follow","max-snippet":"max-snippet:-1","max-image-preview":"max-image-preview:large","max-video-preview":"max-video-preview:-1"},"canonical":"https:\/\/www.bellunopress.it\/fr\/2013\/05\/01\/alcol-e-giovani-le-ultime-statistiche-della-regione\/","og_locale":"fr_FR","og_type":"article","og_title":"Alcol e giovani, le ultime statistiche della Regione - Bellunopress - Dolomiti","og_description":"Aprile \u00e8 stato proclamato a livello nazionale \u201cMese della prevenzione alcologica\u201d, con l&#8217;obiettivo di una pi\u00f9 diffusa sensibilizzazione sui rischi per la salute provocati dall&#8217;alcol, ritenuto fra le principali cause in Europa di mortalit\u00e0 evitabile, disabilit\u00e0 e malattie croniche. A questo argomento \u00e8 dedicato l\u2019ultimo numero di \u201cStatistiche flash\u201d, la pubblicazione periodica curata dalla Direzione [&hellip;]","og_url":"https:\/\/www.bellunopress.it\/fr\/2013\/05\/01\/alcol-e-giovani-le-ultime-statistiche-della-regione\/","og_site_name":"Bellunopress - Dolomiti","article_publisher":"https:\/\/www.facebook.com\/profile.php?id=100008943462799","article_published_time":"2013-05-01T06:40:58+00:00","og_image":[{"url":"http:\/\/www.bellunopress.it\/wp-content\/uploads\/2009\/09\/cin-cin.jpg","type":"","width":"","height":""}],"author":"redazione","twitter_card":"summary_large_image","twitter_creator":"@bellunopress","twitter_site":"@bellunopress","twitter_misc":{"\u00c9crit par":"redazione","Dur\u00e9e de lecture estim\u00e9e":"2 minutes"},"schema":{"@context":"https:\/\/schema.org","@graph":[{"@type":"Article","@id":"https:\/\/www.bellunopress.it\/2013\/05\/01\/alcol-e-giovani-le-ultime-statistiche-della-regione\/#article","isPartOf":{"@id":"https:\/\/www.bellunopress.it\/2013\/05\/01\/alcol-e-giovani-le-ultime-statistiche-della-regione\/"},"author":{"name":"redazione","@id":"https:\/\/www.bellunopress.it\/#\/schema\/person\/79bb06722b37ece1c03d3e94beb30d73"},"headline":"Alcol e giovani, le ultime statistiche della Regione","datePublished":"2013-05-01T06:40:58+00:00","mainEntityOfPage":{"@id":"https:\/\/www.bellunopress.it\/2013\/05\/01\/alcol-e-giovani-le-ultime-statistiche-della-regione\/"},"wordCount":339,"publisher":{"@id":"https:\/\/www.bellunopress.it\/#organization"},"image":{"@id":"https:\/\/www.bellunopress.it\/2013\/05\/01\/alcol-e-giovani-le-ultime-statistiche-della-regione\/#primaryimage"},"thumbnailUrl":"http:\/\/www.bellunopress.it\/wp-content\/uploads\/2009\/09\/cin-cin.jpg","articleSection":["Prima Pagina","Societ\u00e0, Associazioni, Istituzioni"],"inLanguage":"fr-FR"},{"@type":"WebPage","@id":"https:\/\/www.bellunopress.it\/2013\/05\/01\/alcol-e-giovani-le-ultime-statistiche-della-regione\/","url":"https:\/\/www.bellunopress.it\/2013\/05\/01\/alcol-e-giovani-le-ultime-statistiche-della-regione\/","name":"Alcol e giovani, le ultime statistiche della Regione - Bellunopress - Dolomiti","isPartOf":{"@id":"https:\/\/www.bellunopress.it\/#website"},"primaryImageOfPage":{"@id":"https:\/\/www.bellunopress.it\/2013\/05\/01\/alcol-e-giovani-le-ultime-statistiche-della-regione\/#primaryimage"},"image":{"@id":"https:\/\/www.bellunopress.it\/2013\/05\/01\/alcol-e-giovani-le-ultime-statistiche-della-regione\/#primaryimage"},"thumbnailUrl":"http:\/\/www.bellunopress.it\/wp-content\/uploads\/2009\/09\/cin-cin.jpg","datePublished":"2013-05-01T06:40:58+00:00","breadcrumb":{"@id":"https:\/\/www.bellunopress.it\/2013\/05\/01\/alcol-e-giovani-le-ultime-statistiche-della-regione\/#breadcrumb"},"inLanguage":"fr-FR","potentialAction":[{"@type":"ReadAction","target":["https:\/\/www.bellunopress.it\/2013\/05\/01\/alcol-e-giovani-le-ultime-statistiche-della-regione\/"]}]},{"@type":"ImageObject","inLanguage":"fr-FR","@id":"https:\/\/www.bellunopress.it\/2013\/05\/01\/alcol-e-giovani-le-ultime-statistiche-della-regione\/#primaryimage","url":"http:\/\/www.bellunopress.it\/wp-content\/uploads\/2009\/09\/cin-cin.jpg","contentUrl":"http:\/\/www.bellunopress.it\/wp-content\/uploads\/2009\/09\/cin-cin.jpg"},{"@type":"BreadcrumbList","@id":"https:\/\/www.bellunopress.it\/2013\/05\/01\/alcol-e-giovani-le-ultime-statistiche-della-regione\/#breadcrumb","itemListElement":[{"@type":"ListItem","position":1,"name":"Home","item":"https:\/\/www.bellunopress.it\/"},{"@type":"ListItem","position":2,"name":"Alcol e giovani, le ultime statistiche della Regione"}]},{"@type":"WebSite","@id":"https:\/\/www.bellunopress.it\/#website","url":"https:\/\/www.bellunopress.it\/","name":"Bellunopress - Dolomiti","description":"e-mail: redazione@bellunopress.it","publisher":{"@id":"https:\/\/www.bellunopress.it\/#organization"},"potentialAction":[{"@type":"SearchAction","target":{"@type":"EntryPoint","urlTemplate":"https:\/\/www.bellunopress.it\/?s={search_term_string}"},"query-input":{"@type":"PropertyValueSpecification","valueRequired":true,"valueName":"search_term_string"}}],"inLanguage":"fr-FR"},{"@type":"Organization","@id":"https:\/\/www.bellunopress.it\/#organization","name":"Bellunopress","url":"https:\/\/www.bellunopress.it\/","logo":{"@type":"ImageObject","inLanguage":"fr-FR","@id":"https:\/\/www.bellunopress.it\/#\/schema\/logo\/image\/","url":"https:\/\/www.bellunopress.it\/wp-content\/uploads\/2011\/05\/cropped-logo-bellunopress-.jpg","contentUrl":"https:\/\/www.bellunopress.it\/wp-content\/uploads\/2011\/05\/cropped-logo-bellunopress-.jpg","width":512,"height":512,"caption":"Bellunopress"},"image":{"@id":"https:\/\/www.bellunopress.it\/#\/schema\/logo\/image\/"},"sameAs":["https:\/\/www.facebook.com\/profile.php?id=100008943462799","https:\/\/x.com\/bellunopress","https:\/\/www.linkedin.com\/hp\/?dnr=JBzUWaJfMUw8vbXJJ2tVW5-I3jZKvC4wsoxE&amp;amp;amp;amp;amp;amp;trk=nav_responsive_tab_home","https:\/\/www.youtube.com\/channel\/UCxL0wu1uN0_3_7hGG0306cw"]},{"@type":"Person","@id":"https:\/\/www.bellunopress.it\/#\/schema\/person\/79bb06722b37ece1c03d3e94beb30d73","name":"r\u00e9daction","image":{"@type":"ImageObject","inLanguage":"fr-FR","@id":"https:\/\/secure.gravatar.com\/avatar\/37d968a2e67a6fd04c169c4bdef102d0bc5d31b2546345219e348575eb80e9a0?s=96&d=mm&r=g","url":"https:\/\/secure.gravatar.com\/avatar\/37d968a2e67a6fd04c169c4bdef102d0bc5d31b2546345219e348575eb80e9a0?s=96&d=mm&r=g","contentUrl":"https:\/\/secure.gravatar.com\/avatar\/37d968a2e67a6fd04c169c4bdef102d0bc5d31b2546345219e348575eb80e9a0?s=96&d=mm&r=g","caption":"redazione"},"sameAs":["http:\/\/www.bellunopress.it","https:\/\/x.com\/bellunopress"],"url":"https:\/\/www.bellunopress.it\/fr\/author\/redazione\/"}]}},"_links":{"self":[{"href":"https:\/\/www.bellunopress.it\/fr\/wp-json\/wp\/v2\/posts\/48964","targetHints":{"allow":["GET"]}}],"collection":[{"href":"https:\/\/www.bellunopress.it\/fr\/wp-json\/wp\/v2\/posts"}],"about":[{"href":"https:\/\/www.bellunopress.it\/fr\/wp-json\/wp\/v2\/types\/post"}],"author":[{"embeddable":true,"href":"https:\/\/www.bellunopress.it\/fr\/wp-json\/wp\/v2\/users\/2"}],"replies":[{"embeddable":true,"href":"https:\/\/www.bellunopress.it\/fr\/wp-json\/wp\/v2\/comments?post=48964"}],"version-history":[{"count":1,"href":"https:\/\/www.bellunopress.it\/fr\/wp-json\/wp\/v2\/posts\/48964\/revisions"}],"predecessor-version":[{"id":48965,"href":"https:\/\/www.bellunopress.it\/fr\/wp-json\/wp\/v2\/posts\/48964\/revisions\/48965"}],"wp:attachment":[{"href":"https:\/\/www.bellunopress.it\/fr\/wp-json\/wp\/v2\/media?parent=48964"}],"wp:term":[{"taxonomy":"category","embeddable":true,"href":"https:\/\/www.bellunopress.it\/fr\/wp-json\/wp\/v2\/categories?post=48964"},{"taxonomy":"post_tag","embeddable":true,"href":"https:\/\/www.bellunopress.it\/fr\/wp-json\/wp\/v2\/tags?post=48964"}],"curies":[{"name":"wp","href":"https:\/\/api.w.org\/{rel}","templated":true}]}}