{"id":4894,"date":"2009-06-15T19:11:54","date_gmt":"2009-06-15T18:11:54","guid":{"rendered":"http:\/\/www.bellunopress.it\/?p=4894"},"modified":"2009-06-16T17:03:47","modified_gmt":"2009-06-16T16:03:47","slug":"seminario-confindustria-marcatura-ce-dei-prodotti-di-legno-da-costruzione-obblighi-del-progettista-e-del-produttore%e2%80%9d","status":"publish","type":"post","link":"https:\/\/www.bellunopress.it\/fr\/2009\/06\/15\/seminario-confindustria-marcatura-ce-dei-prodotti-di-legno-da-costruzione-obblighi-del-progettista-e-del-produttore%e2%80%9d\/","title":{"rendered":"Seminario Confindustria: &#8220;Marcatura CE dei prodotti di legno da costruzione. Obblighi del progettista e del produttore\u201d"},"content":{"rendered":"<p>Un seminario rivolto agli imprenditori e ai professionisti: mercoled\u00ec 17 giugno ore 14.30 in Sala Muccin del Centro Giovanni XXIII \u2013 Piazza Piloni a Belluno. Viste le norme tecniche per le costruzioni di recente introduzione, gli operatori del settore delle costruzioni dovranno essere qualificati e dovranno mettere in commercio solamente prodotti certificati. Quali responsabilit\u00e0 rimangono in capo al progettista e quali all\u2019azienda produttrice? Per rispondere a queste domande e fare chiarezza nella complessit\u00e0 della normativa, la Sezione Industrie del Legno di Confindustria Belluno Dolomiti con il patrocinio dell\u2019Ordine degli Architetti, degli Ingegneri e dei Geometri, organizza per mercoled\u00ec 17 giugno alle ore 14,30 presso il Centro Giovanni XXIII a Belluno il seminario &#8220;Marcatura CE dei prodotti di legno da costruzione. Obblighi del progettista e del produttore\u201d, che tratter\u00e0 i temi della normativa nazionale e comunitaria, le responsabilit\u00e0 dei soggetti interessati, la marcatura CE dei prodotti in legno ad uso strutturale e rivestimento e gli aspetti tecnologici legati alle prestazioni dei prodotti da costruzione. Verr\u00e0 quindi presentato l\u2019iter seguito da alcune aziende bellunesi che, prime in Italia, si sono uniformate alle norme europee previste dalla CPD 89\/106 secondo cui i produttori di travi in legno ad uso strutturale devono determinarne i valori prestazionali e dichiararli attraverso la conformit\u00e0 CE: Brancher Umberto &amp; C. di Trichiana, F.lli Saviane di Pompeo di Puos d\u2019Alpago, Saviane Sergio di Saviane Osvaldo &amp; C. di Pieve d\u2019Alpago, Segheria F.lli Colle di Colle Diego Stefano &amp; C. di Lentiai.<br \/>\nSaranno di seguito analizzate le minime condizioni affinch\u00e9 un prodotto possa essere impiegato nelle costruzioni, i documenti da redigere per ogni opera, le caratteristiche tecnologiche delle travi in legno.<\/p>","protected":false},"excerpt":{"rendered":"<p>Un seminario rivolto agli imprenditori e ai professionisti: mercoled\u00ec 17 giugno ore 14.30 in Sala Muccin del Centro Giovanni XXIII \u2013 Piazza Piloni a Belluno. Viste le norme tecniche per le costruzioni di recente introduzione, gli operatori del settore delle costruzioni dovranno essere qualificati e dovranno mettere in commercio solamente prodotti certificati. Quali responsabilit\u00e0 rimangono [&hellip;]<\/p>\n","protected":false},"author":2,"featured_media":0,"comment_status":"closed","ping_status":"open","sticky":false,"template":"","format":"standard","meta":{"footnotes":""},"categories":[36],"tags":[139,63],"class_list":["post-4894","post","type-post","status-publish","format-standard","category-lavoro-economia","tag-belluno","tag-dolomiti"],"yoast_head":"<!-- This site is optimized with the Yoast SEO plugin v28.4 - https:\/\/yoast.com\/product\/yoast-seo-wordpress\/ -->\n<title>Seminario Confindustria: &quot;Marcatura CE dei prodotti di legno da costruzione. Obblighi del progettista e del produttore\u201d - Bellunopress - Dolomiti<\/title>\n<meta name=\"robots\" content=\"index, follow, max-snippet:-1, max-image-preview:large, max-video-preview:-1\" \/>\n<link rel=\"canonical\" href=\"https:\/\/www.bellunopress.it\/fr\/2009\/06\/15\/seminario-confindustria-marcatura-ce-dei-prodotti-di-legno-da-costruzione-obblighi-del-progettista-e-del-produttore\u201d\/\" \/>\n<meta property=\"og:locale\" content=\"fr_FR\" \/>\n<meta property=\"og:type\" content=\"article\" \/>\n<meta property=\"og:title\" content=\"Seminario Confindustria: &quot;Marcatura CE dei prodotti di legno da costruzione. Obblighi del progettista e del produttore\u201d - Bellunopress - Dolomiti\" \/>\n<meta property=\"og:description\" content=\"Un seminario rivolto agli imprenditori e ai professionisti: mercoled\u00ec 17 giugno ore 14.30 in Sala Muccin del Centro Giovanni XXIII \u2013 Piazza Piloni a Belluno. Viste le norme tecniche per le costruzioni di recente introduzione, gli operatori del settore delle costruzioni dovranno essere qualificati e dovranno mettere in commercio solamente prodotti certificati. Quali responsabilit\u00e0 rimangono [&hellip;]\" \/>\n<meta property=\"og:url\" content=\"https:\/\/www.bellunopress.it\/fr\/2009\/06\/15\/seminario-confindustria-marcatura-ce-dei-prodotti-di-legno-da-costruzione-obblighi-del-progettista-e-del-produttore\u201d\/\" \/>\n<meta property=\"og:site_name\" content=\"Bellunopress - Dolomiti\" \/>\n<meta property=\"article:publisher\" content=\"https:\/\/www.facebook.com\/profile.php?id=100008943462799\" \/>\n<meta property=\"article:published_time\" content=\"2009-06-15T18:11:54+00:00\" \/>\n<meta property=\"article:modified_time\" content=\"2009-06-16T16:03:47+00:00\" \/>\n<meta property=\"og:image\" content=\"http:\/\/www.bellunopress.it\/wp-content\/uploads\/2012\/07\/logo-bellunopress-250x250-2012.jpg\" \/>\n<meta name=\"author\" content=\"redazione\" \/>\n<meta name=\"twitter:card\" content=\"summary_large_image\" \/>\n<meta name=\"twitter:creator\" content=\"@bellunopress\" \/>\n<meta name=\"twitter:site\" content=\"@bellunopress\" \/>\n<meta name=\"twitter:label1\" content=\"\u00c9crit par\" \/>\n\t<meta name=\"twitter:data1\" content=\"redazione\" \/>\n\t<meta name=\"twitter:label2\" content=\"Dur\u00e9e de lecture estim\u00e9e\" \/>\n\t<meta name=\"twitter:data2\" content=\"1 minute\" \/>\n<script type=\"application\/ld+json\" class=\"yoast-schema-graph\">{\"@context\":\"https:\\\/\\\/schema.org\",\"@graph\":[{\"@type\":\"Article\",\"@id\":\"https:\\\/\\\/www.bellunopress.it\\\/2009\\\/06\\\/15\\\/seminario-confindustria-marcatura-ce-dei-prodotti-di-legno-da-costruzione-obblighi-del-progettista-e-del-produttore%e2%80%9d\\\/#article\",\"isPartOf\":{\"@id\":\"https:\\\/\\\/www.bellunopress.it\\\/2009\\\/06\\\/15\\\/seminario-confindustria-marcatura-ce-dei-prodotti-di-legno-da-costruzione-obblighi-del-progettista-e-del-produttore%e2%80%9d\\\/\"},\"author\":{\"name\":\"redazione\",\"@id\":\"https:\\\/\\\/www.bellunopress.it\\\/#\\\/schema\\\/person\\\/79bb06722b37ece1c03d3e94beb30d73\"},\"headline\":\"Seminario Confindustria: &#8220;Marcatura CE dei prodotti di legno da costruzione. Obblighi del progettista e del produttore\u201d\",\"datePublished\":\"2009-06-15T18:11:54+00:00\",\"dateModified\":\"2009-06-16T16:03:47+00:00\",\"mainEntityOfPage\":{\"@id\":\"https:\\\/\\\/www.bellunopress.it\\\/2009\\\/06\\\/15\\\/seminario-confindustria-marcatura-ce-dei-prodotti-di-legno-da-costruzione-obblighi-del-progettista-e-del-produttore%e2%80%9d\\\/\"},\"wordCount\":288,\"publisher\":{\"@id\":\"https:\\\/\\\/www.bellunopress.it\\\/#organization\"},\"keywords\":[\"Belluno\",\"Dolomiti\"],\"articleSection\":[\"Lavoro, Economia, Turismo\"],\"inLanguage\":\"fr-FR\"},{\"@type\":\"WebPage\",\"@id\":\"https:\\\/\\\/www.bellunopress.it\\\/2009\\\/06\\\/15\\\/seminario-confindustria-marcatura-ce-dei-prodotti-di-legno-da-costruzione-obblighi-del-progettista-e-del-produttore%e2%80%9d\\\/\",\"url\":\"https:\\\/\\\/www.bellunopress.it\\\/2009\\\/06\\\/15\\\/seminario-confindustria-marcatura-ce-dei-prodotti-di-legno-da-costruzione-obblighi-del-progettista-e-del-produttore%e2%80%9d\\\/\",\"name\":\"Seminario Confindustria: \\\"Marcatura CE dei prodotti di legno da costruzione. Obblighi del progettista e del produttore\u201d - Bellunopress - Dolomiti\",\"isPartOf\":{\"@id\":\"https:\\\/\\\/www.bellunopress.it\\\/#website\"},\"datePublished\":\"2009-06-15T18:11:54+00:00\",\"dateModified\":\"2009-06-16T16:03:47+00:00\",\"breadcrumb\":{\"@id\":\"https:\\\/\\\/www.bellunopress.it\\\/2009\\\/06\\\/15\\\/seminario-confindustria-marcatura-ce-dei-prodotti-di-legno-da-costruzione-obblighi-del-progettista-e-del-produttore%e2%80%9d\\\/#breadcrumb\"},\"inLanguage\":\"fr-FR\",\"potentialAction\":[{\"@type\":\"ReadAction\",\"target\":[\"https:\\\/\\\/www.bellunopress.it\\\/2009\\\/06\\\/15\\\/seminario-confindustria-marcatura-ce-dei-prodotti-di-legno-da-costruzione-obblighi-del-progettista-e-del-produttore%e2%80%9d\\\/\"]}]},{\"@type\":\"BreadcrumbList\",\"@id\":\"https:\\\/\\\/www.bellunopress.it\\\/2009\\\/06\\\/15\\\/seminario-confindustria-marcatura-ce-dei-prodotti-di-legno-da-costruzione-obblighi-del-progettista-e-del-produttore%e2%80%9d\\\/#breadcrumb\",\"itemListElement\":[{\"@type\":\"ListItem\",\"position\":1,\"name\":\"Home\",\"item\":\"https:\\\/\\\/www.bellunopress.it\\\/\"},{\"@type\":\"ListItem\",\"position\":2,\"name\":\"Seminario Confindustria: &#8220;Marcatura CE dei prodotti di legno da costruzione. Obblighi del progettista e del produttore\u201d\"}]},{\"@type\":\"WebSite\",\"@id\":\"https:\\\/\\\/www.bellunopress.it\\\/#website\",\"url\":\"https:\\\/\\\/www.bellunopress.it\\\/\",\"name\":\"Bellunopress - Dolomiti\",\"description\":\"e-mail: redazione@bellunopress.it\",\"publisher\":{\"@id\":\"https:\\\/\\\/www.bellunopress.it\\\/#organization\"},\"potentialAction\":[{\"@type\":\"SearchAction\",\"target\":{\"@type\":\"EntryPoint\",\"urlTemplate\":\"https:\\\/\\\/www.bellunopress.it\\\/?s={search_term_string}\"},\"query-input\":{\"@type\":\"PropertyValueSpecification\",\"valueRequired\":true,\"valueName\":\"search_term_string\"}}],\"inLanguage\":\"fr-FR\"},{\"@type\":\"Organization\",\"@id\":\"https:\\\/\\\/www.bellunopress.it\\\/#organization\",\"name\":\"Bellunopress\",\"url\":\"https:\\\/\\\/www.bellunopress.it\\\/\",\"logo\":{\"@type\":\"ImageObject\",\"inLanguage\":\"fr-FR\",\"@id\":\"https:\\\/\\\/www.bellunopress.it\\\/#\\\/schema\\\/logo\\\/image\\\/\",\"url\":\"https:\\\/\\\/www.bellunopress.it\\\/wp-content\\\/uploads\\\/2011\\\/05\\\/cropped-logo-bellunopress-.jpg\",\"contentUrl\":\"https:\\\/\\\/www.bellunopress.it\\\/wp-content\\\/uploads\\\/2011\\\/05\\\/cropped-logo-bellunopress-.jpg\",\"width\":512,\"height\":512,\"caption\":\"Bellunopress\"},\"image\":{\"@id\":\"https:\\\/\\\/www.bellunopress.it\\\/#\\\/schema\\\/logo\\\/image\\\/\"},\"sameAs\":[\"https:\\\/\\\/www.facebook.com\\\/profile.php?id=100008943462799\",\"https:\\\/\\\/x.com\\\/bellunopress\",\"https:\\\/\\\/www.linkedin.com\\\/hp\\\/?dnr=JBzUWaJfMUw8vbXJJ2tVW5-I3jZKvC4wsoxE&amp;amp;amp;amp;amp;amp;trk=nav_responsive_tab_home\",\"https:\\\/\\\/www.youtube.com\\\/channel\\\/UCxL0wu1uN0_3_7hGG0306cw\"]},{\"@type\":\"Person\",\"@id\":\"https:\\\/\\\/www.bellunopress.it\\\/#\\\/schema\\\/person\\\/79bb06722b37ece1c03d3e94beb30d73\",\"name\":\"redazione\",\"image\":{\"@type\":\"ImageObject\",\"inLanguage\":\"fr-FR\",\"@id\":\"https:\\\/\\\/secure.gravatar.com\\\/avatar\\\/37d968a2e67a6fd04c169c4bdef102d0bc5d31b2546345219e348575eb80e9a0?s=96&d=mm&r=g\",\"url\":\"https:\\\/\\\/secure.gravatar.com\\\/avatar\\\/37d968a2e67a6fd04c169c4bdef102d0bc5d31b2546345219e348575eb80e9a0?s=96&d=mm&r=g\",\"contentUrl\":\"https:\\\/\\\/secure.gravatar.com\\\/avatar\\\/37d968a2e67a6fd04c169c4bdef102d0bc5d31b2546345219e348575eb80e9a0?s=96&d=mm&r=g\",\"caption\":\"redazione\"},\"sameAs\":[\"http:\\\/\\\/www.bellunopress.it\",\"https:\\\/\\\/x.com\\\/bellunopress\"],\"url\":\"https:\\\/\\\/www.bellunopress.it\\\/fr\\\/author\\\/redazione\\\/\"}]}<\/script>\n<!-- \/ Yoast SEO plugin. -->","yoast_head_json":{"title":"Seminario Confindustria: \"Marcatura CE dei prodotti di legno da costruzione. Obblighi del progettista e del produttore\u201d - Bellunopress - Dolomiti","robots":{"index":"index","follow":"follow","max-snippet":"max-snippet:-1","max-image-preview":"max-image-preview:large","max-video-preview":"max-video-preview:-1"},"canonical":"https:\/\/www.bellunopress.it\/fr\/2009\/06\/15\/seminario-confindustria-marcatura-ce-dei-prodotti-di-legno-da-costruzione-obblighi-del-progettista-e-del-produttore\u201d\/","og_locale":"fr_FR","og_type":"article","og_title":"Seminario Confindustria: \"Marcatura CE dei prodotti di legno da costruzione. Obblighi del progettista e del produttore\u201d - Bellunopress - Dolomiti","og_description":"Un seminario rivolto agli imprenditori e ai professionisti: mercoled\u00ec 17 giugno ore 14.30 in Sala Muccin del Centro Giovanni XXIII \u2013 Piazza Piloni a Belluno. Viste le norme tecniche per le costruzioni di recente introduzione, gli operatori del settore delle costruzioni dovranno essere qualificati e dovranno mettere in commercio solamente prodotti certificati. Quali responsabilit\u00e0 rimangono [&hellip;]","og_url":"https:\/\/www.bellunopress.it\/fr\/2009\/06\/15\/seminario-confindustria-marcatura-ce-dei-prodotti-di-legno-da-costruzione-obblighi-del-progettista-e-del-produttore\u201d\/","og_site_name":"Bellunopress - Dolomiti","article_publisher":"https:\/\/www.facebook.com\/profile.php?id=100008943462799","article_published_time":"2009-06-15T18:11:54+00:00","article_modified_time":"2009-06-16T16:03:47+00:00","og_image":[{"url":"http:\/\/www.bellunopress.it\/wp-content\/uploads\/2012\/07\/logo-bellunopress-250x250-2012.jpg","type":"","width":"","height":""}],"author":"redazione","twitter_card":"summary_large_image","twitter_creator":"@bellunopress","twitter_site":"@bellunopress","twitter_misc":{"\u00c9crit par":"redazione","Dur\u00e9e de lecture estim\u00e9e":"1 minute"},"schema":{"@context":"https:\/\/schema.org","@graph":[{"@type":"Article","@id":"https:\/\/www.bellunopress.it\/2009\/06\/15\/seminario-confindustria-marcatura-ce-dei-prodotti-di-legno-da-costruzione-obblighi-del-progettista-e-del-produttore%e2%80%9d\/#article","isPartOf":{"@id":"https:\/\/www.bellunopress.it\/2009\/06\/15\/seminario-confindustria-marcatura-ce-dei-prodotti-di-legno-da-costruzione-obblighi-del-progettista-e-del-produttore%e2%80%9d\/"},"author":{"name":"redazione","@id":"https:\/\/www.bellunopress.it\/#\/schema\/person\/79bb06722b37ece1c03d3e94beb30d73"},"headline":"Seminario Confindustria: &#8220;Marcatura CE dei prodotti di legno da costruzione. Obblighi del progettista e del produttore\u201d","datePublished":"2009-06-15T18:11:54+00:00","dateModified":"2009-06-16T16:03:47+00:00","mainEntityOfPage":{"@id":"https:\/\/www.bellunopress.it\/2009\/06\/15\/seminario-confindustria-marcatura-ce-dei-prodotti-di-legno-da-costruzione-obblighi-del-progettista-e-del-produttore%e2%80%9d\/"},"wordCount":288,"publisher":{"@id":"https:\/\/www.bellunopress.it\/#organization"},"keywords":["Belluno","Dolomiti"],"articleSection":["Lavoro, Economia, Turismo"],"inLanguage":"fr-FR"},{"@type":"WebPage","@id":"https:\/\/www.bellunopress.it\/2009\/06\/15\/seminario-confindustria-marcatura-ce-dei-prodotti-di-legno-da-costruzione-obblighi-del-progettista-e-del-produttore%e2%80%9d\/","url":"https:\/\/www.bellunopress.it\/2009\/06\/15\/seminario-confindustria-marcatura-ce-dei-prodotti-di-legno-da-costruzione-obblighi-del-progettista-e-del-produttore%e2%80%9d\/","name":"Seminario Confindustria: \"Marcatura CE dei prodotti di legno da costruzione. Obblighi del progettista e del produttore\u201d - Bellunopress - Dolomiti","isPartOf":{"@id":"https:\/\/www.bellunopress.it\/#website"},"datePublished":"2009-06-15T18:11:54+00:00","dateModified":"2009-06-16T16:03:47+00:00","breadcrumb":{"@id":"https:\/\/www.bellunopress.it\/2009\/06\/15\/seminario-confindustria-marcatura-ce-dei-prodotti-di-legno-da-costruzione-obblighi-del-progettista-e-del-produttore%e2%80%9d\/#breadcrumb"},"inLanguage":"fr-FR","potentialAction":[{"@type":"ReadAction","target":["https:\/\/www.bellunopress.it\/2009\/06\/15\/seminario-confindustria-marcatura-ce-dei-prodotti-di-legno-da-costruzione-obblighi-del-progettista-e-del-produttore%e2%80%9d\/"]}]},{"@type":"BreadcrumbList","@id":"https:\/\/www.bellunopress.it\/2009\/06\/15\/seminario-confindustria-marcatura-ce-dei-prodotti-di-legno-da-costruzione-obblighi-del-progettista-e-del-produttore%e2%80%9d\/#breadcrumb","itemListElement":[{"@type":"ListItem","position":1,"name":"Home","item":"https:\/\/www.bellunopress.it\/"},{"@type":"ListItem","position":2,"name":"Seminario Confindustria: &#8220;Marcatura CE dei prodotti di legno da costruzione. Obblighi del progettista e del produttore\u201d"}]},{"@type":"WebSite","@id":"https:\/\/www.bellunopress.it\/#website","url":"https:\/\/www.bellunopress.it\/","name":"Bellunopress - Dolomiti","description":"e-mail: redazione@bellunopress.it","publisher":{"@id":"https:\/\/www.bellunopress.it\/#organization"},"potentialAction":[{"@type":"SearchAction","target":{"@type":"EntryPoint","urlTemplate":"https:\/\/www.bellunopress.it\/?s={search_term_string}"},"query-input":{"@type":"PropertyValueSpecification","valueRequired":true,"valueName":"search_term_string"}}],"inLanguage":"fr-FR"},{"@type":"Organization","@id":"https:\/\/www.bellunopress.it\/#organization","name":"Bellunopress","url":"https:\/\/www.bellunopress.it\/","logo":{"@type":"ImageObject","inLanguage":"fr-FR","@id":"https:\/\/www.bellunopress.it\/#\/schema\/logo\/image\/","url":"https:\/\/www.bellunopress.it\/wp-content\/uploads\/2011\/05\/cropped-logo-bellunopress-.jpg","contentUrl":"https:\/\/www.bellunopress.it\/wp-content\/uploads\/2011\/05\/cropped-logo-bellunopress-.jpg","width":512,"height":512,"caption":"Bellunopress"},"image":{"@id":"https:\/\/www.bellunopress.it\/#\/schema\/logo\/image\/"},"sameAs":["https:\/\/www.facebook.com\/profile.php?id=100008943462799","https:\/\/x.com\/bellunopress","https:\/\/www.linkedin.com\/hp\/?dnr=JBzUWaJfMUw8vbXJJ2tVW5-I3jZKvC4wsoxE&amp;amp;amp;amp;amp;amp;trk=nav_responsive_tab_home","https:\/\/www.youtube.com\/channel\/UCxL0wu1uN0_3_7hGG0306cw"]},{"@type":"Person","@id":"https:\/\/www.bellunopress.it\/#\/schema\/person\/79bb06722b37ece1c03d3e94beb30d73","name":"r\u00e9daction","image":{"@type":"ImageObject","inLanguage":"fr-FR","@id":"https:\/\/secure.gravatar.com\/avatar\/37d968a2e67a6fd04c169c4bdef102d0bc5d31b2546345219e348575eb80e9a0?s=96&d=mm&r=g","url":"https:\/\/secure.gravatar.com\/avatar\/37d968a2e67a6fd04c169c4bdef102d0bc5d31b2546345219e348575eb80e9a0?s=96&d=mm&r=g","contentUrl":"https:\/\/secure.gravatar.com\/avatar\/37d968a2e67a6fd04c169c4bdef102d0bc5d31b2546345219e348575eb80e9a0?s=96&d=mm&r=g","caption":"redazione"},"sameAs":["http:\/\/www.bellunopress.it","https:\/\/x.com\/bellunopress"],"url":"https:\/\/www.bellunopress.it\/fr\/author\/redazione\/"}]}},"_links":{"self":[{"href":"https:\/\/www.bellunopress.it\/fr\/wp-json\/wp\/v2\/posts\/4894","targetHints":{"allow":["GET"]}}],"collection":[{"href":"https:\/\/www.bellunopress.it\/fr\/wp-json\/wp\/v2\/posts"}],"about":[{"href":"https:\/\/www.bellunopress.it\/fr\/wp-json\/wp\/v2\/types\/post"}],"author":[{"embeddable":true,"href":"https:\/\/www.bellunopress.it\/fr\/wp-json\/wp\/v2\/users\/2"}],"replies":[{"embeddable":true,"href":"https:\/\/www.bellunopress.it\/fr\/wp-json\/wp\/v2\/comments?post=4894"}],"version-history":[{"count":3,"href":"https:\/\/www.bellunopress.it\/fr\/wp-json\/wp\/v2\/posts\/4894\/revisions"}],"predecessor-version":[{"id":4982,"href":"https:\/\/www.bellunopress.it\/fr\/wp-json\/wp\/v2\/posts\/4894\/revisions\/4982"}],"wp:attachment":[{"href":"https:\/\/www.bellunopress.it\/fr\/wp-json\/wp\/v2\/media?parent=4894"}],"wp:term":[{"taxonomy":"category","embeddable":true,"href":"https:\/\/www.bellunopress.it\/fr\/wp-json\/wp\/v2\/categories?post=4894"},{"taxonomy":"post_tag","embeddable":true,"href":"https:\/\/www.bellunopress.it\/fr\/wp-json\/wp\/v2\/tags?post=4894"}],"curies":[{"name":"wp","href":"https:\/\/api.w.org\/{rel}","templated":true}]}}