{"id":48916,"date":"2013-04-29T21:30:16","date_gmt":"2013-04-29T20:30:16","guid":{"rendered":"http:\/\/www.bellunopress.it\/?p=48916"},"modified":"2013-04-29T21:30:16","modified_gmt":"2013-04-29T20:30:16","slug":"aumentano-le-rette-a-villa-gradenigo-la-struttura-della-casa-di-riposo-di-belluno","status":"publish","type":"post","link":"https:\/\/www.bellunopress.it\/fr\/2013\/04\/29\/aumentano-le-rette-a-villa-gradenigo-la-struttura-della-casa-di-riposo-di-belluno\/","title":{"rendered":"Aumentano le rette a Villa Gradenigo, la struttura della Casa di riposo di Belluno"},"content":{"rendered":"<p><a href=\"http:\/\/www.bellunopress.it\/wp-content\/uploads\/2013\/04\/santin-busatta.jpg\"><img loading=\"lazy\" decoding=\"async\" class=\"alignleft size-full wp-image-48917\" alt=\"santin busatta\" src=\"http:\/\/www.bellunopress.it\/wp-content\/uploads\/2013\/04\/santin-busatta.jpg\" width=\"270\" height=\"186\" \/><\/a>Dal I\u00b0 maggio aumenteranno le rette della Casa di Riposo di Belluno, per effetto delle minori disponibilit\u00e0 delle casse del Comune. Il provvedimento sar\u00e0 approvato nella prossima riunione di giunta.<\/p>\n<p>Lo hanno spiegato questa sera ai familiari degli ospiti della Villa Gradenigo il direttore generale della SerSa (la societ\u00e0 pubblica del Comune di Belluno e della Uls n.1 che gestisce le strutture) Maria Chiara Santin e l&#8217;amministratore unico della SerSa Maurizio Busatta.<\/p>\n<p>\u00abLe risorse a disposizione del Comune di Belluno \u2013 ha detto Busatta \u2013 negli ultimi tre anni sono diminuite di circa 5 milioni, e pertanto non \u00e8 pi\u00f9 possibile erogare servizi aggiuntivi come un tempo\u00bb.<\/p>\n<p>L&#8217;amministrazione comunale, infatti, in ottemperanza alle direttive regionali e nazionali, ha stabilito di dare priorit\u00e0 al reparto \u201cnon autosufficienti\u201d della struttura \u201cGaggia Lante\u201d e all&#8217;assistenza domiciliare.<\/p>\n<p>Mentre per gli ospiti della palazzina Villa Gradenigo, nata in origine per persone autosufficienti, saranno fissate tre tariffe, una base, una tariffa A e una tariffa B per persone non completamente autosufficienti o comunque che necessitano di prestazioni aggiuntive.<\/p>\n<p>L&#8217;aumento stimato \u00e8 di circa il 10%<\/p>\n<p>&nbsp;<\/p>\n<p>&nbsp;<\/p>","protected":false},"excerpt":{"rendered":"<p>Dal I\u00b0 maggio aumenteranno le rette della Casa di Riposo di Belluno, per effetto delle minori disponibilit\u00e0 delle casse del Comune. Il provvedimento sar\u00e0 approvato nella prossima riunione di giunta. Lo hanno spiegato questa sera ai familiari degli ospiti della Villa Gradenigo il direttore generale della SerSa (la societ\u00e0 pubblica del Comune di Belluno e [&hellip;]<\/p>\n","protected":false},"author":2,"featured_media":0,"comment_status":"closed","ping_status":"open","sticky":false,"template":"","format":"standard","meta":{"footnotes":""},"categories":[26,17,8],"tags":[],"class_list":["post-48916","post","type-post","status-publish","format-standard","category-prima-pagina","category-sanita","category-societa-istituzioni"],"yoast_head":"<!-- This site is optimized with the Yoast SEO plugin v28.4 - https:\/\/yoast.com\/product\/yoast-seo-wordpress\/ -->\n<title>Aumentano le rette a Villa Gradenigo, la struttura della Casa di riposo di Belluno - Bellunopress - Dolomiti<\/title>\n<meta name=\"robots\" content=\"index, follow, max-snippet:-1, max-image-preview:large, max-video-preview:-1\" \/>\n<link rel=\"canonical\" href=\"https:\/\/www.bellunopress.it\/fr\/2013\/04\/29\/aumentano-le-rette-a-villa-gradenigo-la-struttura-della-casa-di-riposo-di-belluno\/\" \/>\n<meta property=\"og:locale\" content=\"fr_FR\" \/>\n<meta property=\"og:type\" content=\"article\" \/>\n<meta property=\"og:title\" content=\"Aumentano le rette a Villa Gradenigo, la struttura della Casa di riposo di Belluno - Bellunopress - Dolomiti\" \/>\n<meta property=\"og:description\" content=\"Dal I\u00b0 maggio aumenteranno le rette della Casa di Riposo di Belluno, per effetto delle minori disponibilit\u00e0 delle casse del Comune. Il provvedimento sar\u00e0 approvato nella prossima riunione di giunta. Lo hanno spiegato questa sera ai familiari degli ospiti della Villa Gradenigo il direttore generale della SerSa (la societ\u00e0 pubblica del Comune di Belluno e [&hellip;]\" \/>\n<meta property=\"og:url\" content=\"https:\/\/www.bellunopress.it\/fr\/2013\/04\/29\/aumentano-le-rette-a-villa-gradenigo-la-struttura-della-casa-di-riposo-di-belluno\/\" \/>\n<meta property=\"og:site_name\" content=\"Bellunopress - Dolomiti\" \/>\n<meta property=\"article:publisher\" content=\"https:\/\/www.facebook.com\/profile.php?id=100008943462799\" \/>\n<meta property=\"article:published_time\" content=\"2013-04-29T20:30:16+00:00\" \/>\n<meta property=\"og:image\" content=\"http:\/\/www.bellunopress.it\/wp-content\/uploads\/2013\/04\/santin-busatta.jpg\" \/>\n<meta name=\"author\" content=\"redazione\" \/>\n<meta name=\"twitter:card\" content=\"summary_large_image\" \/>\n<meta name=\"twitter:creator\" content=\"@bellunopress\" \/>\n<meta name=\"twitter:site\" content=\"@bellunopress\" \/>\n<meta name=\"twitter:label1\" content=\"\u00c9crit par\" \/>\n\t<meta name=\"twitter:data1\" content=\"redazione\" \/>\n\t<meta name=\"twitter:label2\" content=\"Dur\u00e9e de lecture estim\u00e9e\" \/>\n\t<meta name=\"twitter:data2\" content=\"1 minute\" \/>\n<script type=\"application\/ld+json\" class=\"yoast-schema-graph\">{\"@context\":\"https:\\\/\\\/schema.org\",\"@graph\":[{\"@type\":\"Article\",\"@id\":\"https:\\\/\\\/www.bellunopress.it\\\/2013\\\/04\\\/29\\\/aumentano-le-rette-a-villa-gradenigo-la-struttura-della-casa-di-riposo-di-belluno\\\/#article\",\"isPartOf\":{\"@id\":\"https:\\\/\\\/www.bellunopress.it\\\/2013\\\/04\\\/29\\\/aumentano-le-rette-a-villa-gradenigo-la-struttura-della-casa-di-riposo-di-belluno\\\/\"},\"author\":{\"name\":\"redazione\",\"@id\":\"https:\\\/\\\/www.bellunopress.it\\\/#\\\/schema\\\/person\\\/79bb06722b37ece1c03d3e94beb30d73\"},\"headline\":\"Aumentano le rette a Villa Gradenigo, la struttura della Casa di riposo di Belluno\",\"datePublished\":\"2013-04-29T20:30:16+00:00\",\"mainEntityOfPage\":{\"@id\":\"https:\\\/\\\/www.bellunopress.it\\\/2013\\\/04\\\/29\\\/aumentano-le-rette-a-villa-gradenigo-la-struttura-della-casa-di-riposo-di-belluno\\\/\"},\"wordCount\":193,\"publisher\":{\"@id\":\"https:\\\/\\\/www.bellunopress.it\\\/#organization\"},\"image\":{\"@id\":\"https:\\\/\\\/www.bellunopress.it\\\/2013\\\/04\\\/29\\\/aumentano-le-rette-a-villa-gradenigo-la-struttura-della-casa-di-riposo-di-belluno\\\/#primaryimage\"},\"thumbnailUrl\":\"http:\\\/\\\/www.bellunopress.it\\\/wp-content\\\/uploads\\\/2013\\\/04\\\/santin-busatta.jpg\",\"articleSection\":[\"Prima Pagina\",\"Sanit\u00e0 Medicina\",\"Societ\u00e0, Associazioni, Istituzioni\"],\"inLanguage\":\"fr-FR\"},{\"@type\":\"WebPage\",\"@id\":\"https:\\\/\\\/www.bellunopress.it\\\/2013\\\/04\\\/29\\\/aumentano-le-rette-a-villa-gradenigo-la-struttura-della-casa-di-riposo-di-belluno\\\/\",\"url\":\"https:\\\/\\\/www.bellunopress.it\\\/2013\\\/04\\\/29\\\/aumentano-le-rette-a-villa-gradenigo-la-struttura-della-casa-di-riposo-di-belluno\\\/\",\"name\":\"Aumentano le rette a Villa Gradenigo, la struttura della Casa di riposo di Belluno - Bellunopress - Dolomiti\",\"isPartOf\":{\"@id\":\"https:\\\/\\\/www.bellunopress.it\\\/#website\"},\"primaryImageOfPage\":{\"@id\":\"https:\\\/\\\/www.bellunopress.it\\\/2013\\\/04\\\/29\\\/aumentano-le-rette-a-villa-gradenigo-la-struttura-della-casa-di-riposo-di-belluno\\\/#primaryimage\"},\"image\":{\"@id\":\"https:\\\/\\\/www.bellunopress.it\\\/2013\\\/04\\\/29\\\/aumentano-le-rette-a-villa-gradenigo-la-struttura-della-casa-di-riposo-di-belluno\\\/#primaryimage\"},\"thumbnailUrl\":\"http:\\\/\\\/www.bellunopress.it\\\/wp-content\\\/uploads\\\/2013\\\/04\\\/santin-busatta.jpg\",\"datePublished\":\"2013-04-29T20:30:16+00:00\",\"breadcrumb\":{\"@id\":\"https:\\\/\\\/www.bellunopress.it\\\/2013\\\/04\\\/29\\\/aumentano-le-rette-a-villa-gradenigo-la-struttura-della-casa-di-riposo-di-belluno\\\/#breadcrumb\"},\"inLanguage\":\"fr-FR\",\"potentialAction\":[{\"@type\":\"ReadAction\",\"target\":[\"https:\\\/\\\/www.bellunopress.it\\\/2013\\\/04\\\/29\\\/aumentano-le-rette-a-villa-gradenigo-la-struttura-della-casa-di-riposo-di-belluno\\\/\"]}]},{\"@type\":\"ImageObject\",\"inLanguage\":\"fr-FR\",\"@id\":\"https:\\\/\\\/www.bellunopress.it\\\/2013\\\/04\\\/29\\\/aumentano-le-rette-a-villa-gradenigo-la-struttura-della-casa-di-riposo-di-belluno\\\/#primaryimage\",\"url\":\"http:\\\/\\\/www.bellunopress.it\\\/wp-content\\\/uploads\\\/2013\\\/04\\\/santin-busatta.jpg\",\"contentUrl\":\"http:\\\/\\\/www.bellunopress.it\\\/wp-content\\\/uploads\\\/2013\\\/04\\\/santin-busatta.jpg\"},{\"@type\":\"BreadcrumbList\",\"@id\":\"https:\\\/\\\/www.bellunopress.it\\\/2013\\\/04\\\/29\\\/aumentano-le-rette-a-villa-gradenigo-la-struttura-della-casa-di-riposo-di-belluno\\\/#breadcrumb\",\"itemListElement\":[{\"@type\":\"ListItem\",\"position\":1,\"name\":\"Home\",\"item\":\"https:\\\/\\\/www.bellunopress.it\\\/\"},{\"@type\":\"ListItem\",\"position\":2,\"name\":\"Aumentano le rette a Villa Gradenigo, la struttura della Casa di riposo di Belluno\"}]},{\"@type\":\"WebSite\",\"@id\":\"https:\\\/\\\/www.bellunopress.it\\\/#website\",\"url\":\"https:\\\/\\\/www.bellunopress.it\\\/\",\"name\":\"Bellunopress - Dolomiti\",\"description\":\"e-mail: redazione@bellunopress.it\",\"publisher\":{\"@id\":\"https:\\\/\\\/www.bellunopress.it\\\/#organization\"},\"potentialAction\":[{\"@type\":\"SearchAction\",\"target\":{\"@type\":\"EntryPoint\",\"urlTemplate\":\"https:\\\/\\\/www.bellunopress.it\\\/?s={search_term_string}\"},\"query-input\":{\"@type\":\"PropertyValueSpecification\",\"valueRequired\":true,\"valueName\":\"search_term_string\"}}],\"inLanguage\":\"fr-FR\"},{\"@type\":\"Organization\",\"@id\":\"https:\\\/\\\/www.bellunopress.it\\\/#organization\",\"name\":\"Bellunopress\",\"url\":\"https:\\\/\\\/www.bellunopress.it\\\/\",\"logo\":{\"@type\":\"ImageObject\",\"inLanguage\":\"fr-FR\",\"@id\":\"https:\\\/\\\/www.bellunopress.it\\\/#\\\/schema\\\/logo\\\/image\\\/\",\"url\":\"https:\\\/\\\/www.bellunopress.it\\\/wp-content\\\/uploads\\\/2011\\\/05\\\/cropped-logo-bellunopress-.jpg\",\"contentUrl\":\"https:\\\/\\\/www.bellunopress.it\\\/wp-content\\\/uploads\\\/2011\\\/05\\\/cropped-logo-bellunopress-.jpg\",\"width\":512,\"height\":512,\"caption\":\"Bellunopress\"},\"image\":{\"@id\":\"https:\\\/\\\/www.bellunopress.it\\\/#\\\/schema\\\/logo\\\/image\\\/\"},\"sameAs\":[\"https:\\\/\\\/www.facebook.com\\\/profile.php?id=100008943462799\",\"https:\\\/\\\/x.com\\\/bellunopress\",\"https:\\\/\\\/www.linkedin.com\\\/hp\\\/?dnr=JBzUWaJfMUw8vbXJJ2tVW5-I3jZKvC4wsoxE&amp;amp;amp;amp;amp;amp;trk=nav_responsive_tab_home\",\"https:\\\/\\\/www.youtube.com\\\/channel\\\/UCxL0wu1uN0_3_7hGG0306cw\"]},{\"@type\":\"Person\",\"@id\":\"https:\\\/\\\/www.bellunopress.it\\\/#\\\/schema\\\/person\\\/79bb06722b37ece1c03d3e94beb30d73\",\"name\":\"redazione\",\"image\":{\"@type\":\"ImageObject\",\"inLanguage\":\"fr-FR\",\"@id\":\"https:\\\/\\\/secure.gravatar.com\\\/avatar\\\/37d968a2e67a6fd04c169c4bdef102d0bc5d31b2546345219e348575eb80e9a0?s=96&d=mm&r=g\",\"url\":\"https:\\\/\\\/secure.gravatar.com\\\/avatar\\\/37d968a2e67a6fd04c169c4bdef102d0bc5d31b2546345219e348575eb80e9a0?s=96&d=mm&r=g\",\"contentUrl\":\"https:\\\/\\\/secure.gravatar.com\\\/avatar\\\/37d968a2e67a6fd04c169c4bdef102d0bc5d31b2546345219e348575eb80e9a0?s=96&d=mm&r=g\",\"caption\":\"redazione\"},\"sameAs\":[\"http:\\\/\\\/www.bellunopress.it\",\"https:\\\/\\\/x.com\\\/bellunopress\"],\"url\":\"https:\\\/\\\/www.bellunopress.it\\\/fr\\\/author\\\/redazione\\\/\"}]}<\/script>\n<!-- \/ Yoast SEO plugin. -->","yoast_head_json":{"title":"Aumentano le rette a Villa Gradenigo, la struttura della Casa di riposo di Belluno - Bellunopress - Dolomiti","robots":{"index":"index","follow":"follow","max-snippet":"max-snippet:-1","max-image-preview":"max-image-preview:large","max-video-preview":"max-video-preview:-1"},"canonical":"https:\/\/www.bellunopress.it\/fr\/2013\/04\/29\/aumentano-le-rette-a-villa-gradenigo-la-struttura-della-casa-di-riposo-di-belluno\/","og_locale":"fr_FR","og_type":"article","og_title":"Aumentano le rette a Villa Gradenigo, la struttura della Casa di riposo di Belluno - Bellunopress - Dolomiti","og_description":"Dal I\u00b0 maggio aumenteranno le rette della Casa di Riposo di Belluno, per effetto delle minori disponibilit\u00e0 delle casse del Comune. Il provvedimento sar\u00e0 approvato nella prossima riunione di giunta. Lo hanno spiegato questa sera ai familiari degli ospiti della Villa Gradenigo il direttore generale della SerSa (la societ\u00e0 pubblica del Comune di Belluno e [&hellip;]","og_url":"https:\/\/www.bellunopress.it\/fr\/2013\/04\/29\/aumentano-le-rette-a-villa-gradenigo-la-struttura-della-casa-di-riposo-di-belluno\/","og_site_name":"Bellunopress - Dolomiti","article_publisher":"https:\/\/www.facebook.com\/profile.php?id=100008943462799","article_published_time":"2013-04-29T20:30:16+00:00","og_image":[{"url":"http:\/\/www.bellunopress.it\/wp-content\/uploads\/2013\/04\/santin-busatta.jpg","type":"","width":"","height":""}],"author":"redazione","twitter_card":"summary_large_image","twitter_creator":"@bellunopress","twitter_site":"@bellunopress","twitter_misc":{"\u00c9crit par":"redazione","Dur\u00e9e de lecture estim\u00e9e":"1 minute"},"schema":{"@context":"https:\/\/schema.org","@graph":[{"@type":"Article","@id":"https:\/\/www.bellunopress.it\/2013\/04\/29\/aumentano-le-rette-a-villa-gradenigo-la-struttura-della-casa-di-riposo-di-belluno\/#article","isPartOf":{"@id":"https:\/\/www.bellunopress.it\/2013\/04\/29\/aumentano-le-rette-a-villa-gradenigo-la-struttura-della-casa-di-riposo-di-belluno\/"},"author":{"name":"redazione","@id":"https:\/\/www.bellunopress.it\/#\/schema\/person\/79bb06722b37ece1c03d3e94beb30d73"},"headline":"Aumentano le rette a Villa Gradenigo, la struttura della Casa di riposo di Belluno","datePublished":"2013-04-29T20:30:16+00:00","mainEntityOfPage":{"@id":"https:\/\/www.bellunopress.it\/2013\/04\/29\/aumentano-le-rette-a-villa-gradenigo-la-struttura-della-casa-di-riposo-di-belluno\/"},"wordCount":193,"publisher":{"@id":"https:\/\/www.bellunopress.it\/#organization"},"image":{"@id":"https:\/\/www.bellunopress.it\/2013\/04\/29\/aumentano-le-rette-a-villa-gradenigo-la-struttura-della-casa-di-riposo-di-belluno\/#primaryimage"},"thumbnailUrl":"http:\/\/www.bellunopress.it\/wp-content\/uploads\/2013\/04\/santin-busatta.jpg","articleSection":["Prima Pagina","Sanit\u00e0 Medicina","Societ\u00e0, Associazioni, Istituzioni"],"inLanguage":"fr-FR"},{"@type":"WebPage","@id":"https:\/\/www.bellunopress.it\/2013\/04\/29\/aumentano-le-rette-a-villa-gradenigo-la-struttura-della-casa-di-riposo-di-belluno\/","url":"https:\/\/www.bellunopress.it\/2013\/04\/29\/aumentano-le-rette-a-villa-gradenigo-la-struttura-della-casa-di-riposo-di-belluno\/","name":"Aumentano le rette a Villa Gradenigo, la struttura della Casa di riposo di Belluno - Bellunopress - Dolomiti","isPartOf":{"@id":"https:\/\/www.bellunopress.it\/#website"},"primaryImageOfPage":{"@id":"https:\/\/www.bellunopress.it\/2013\/04\/29\/aumentano-le-rette-a-villa-gradenigo-la-struttura-della-casa-di-riposo-di-belluno\/#primaryimage"},"image":{"@id":"https:\/\/www.bellunopress.it\/2013\/04\/29\/aumentano-le-rette-a-villa-gradenigo-la-struttura-della-casa-di-riposo-di-belluno\/#primaryimage"},"thumbnailUrl":"http:\/\/www.bellunopress.it\/wp-content\/uploads\/2013\/04\/santin-busatta.jpg","datePublished":"2013-04-29T20:30:16+00:00","breadcrumb":{"@id":"https:\/\/www.bellunopress.it\/2013\/04\/29\/aumentano-le-rette-a-villa-gradenigo-la-struttura-della-casa-di-riposo-di-belluno\/#breadcrumb"},"inLanguage":"fr-FR","potentialAction":[{"@type":"ReadAction","target":["https:\/\/www.bellunopress.it\/2013\/04\/29\/aumentano-le-rette-a-villa-gradenigo-la-struttura-della-casa-di-riposo-di-belluno\/"]}]},{"@type":"ImageObject","inLanguage":"fr-FR","@id":"https:\/\/www.bellunopress.it\/2013\/04\/29\/aumentano-le-rette-a-villa-gradenigo-la-struttura-della-casa-di-riposo-di-belluno\/#primaryimage","url":"http:\/\/www.bellunopress.it\/wp-content\/uploads\/2013\/04\/santin-busatta.jpg","contentUrl":"http:\/\/www.bellunopress.it\/wp-content\/uploads\/2013\/04\/santin-busatta.jpg"},{"@type":"BreadcrumbList","@id":"https:\/\/www.bellunopress.it\/2013\/04\/29\/aumentano-le-rette-a-villa-gradenigo-la-struttura-della-casa-di-riposo-di-belluno\/#breadcrumb","itemListElement":[{"@type":"ListItem","position":1,"name":"Home","item":"https:\/\/www.bellunopress.it\/"},{"@type":"ListItem","position":2,"name":"Aumentano le rette a Villa Gradenigo, la struttura della Casa di riposo di Belluno"}]},{"@type":"WebSite","@id":"https:\/\/www.bellunopress.it\/#website","url":"https:\/\/www.bellunopress.it\/","name":"Bellunopress - Dolomiti","description":"e-mail: redazione@bellunopress.it","publisher":{"@id":"https:\/\/www.bellunopress.it\/#organization"},"potentialAction":[{"@type":"SearchAction","target":{"@type":"EntryPoint","urlTemplate":"https:\/\/www.bellunopress.it\/?s={search_term_string}"},"query-input":{"@type":"PropertyValueSpecification","valueRequired":true,"valueName":"search_term_string"}}],"inLanguage":"fr-FR"},{"@type":"Organization","@id":"https:\/\/www.bellunopress.it\/#organization","name":"Bellunopress","url":"https:\/\/www.bellunopress.it\/","logo":{"@type":"ImageObject","inLanguage":"fr-FR","@id":"https:\/\/www.bellunopress.it\/#\/schema\/logo\/image\/","url":"https:\/\/www.bellunopress.it\/wp-content\/uploads\/2011\/05\/cropped-logo-bellunopress-.jpg","contentUrl":"https:\/\/www.bellunopress.it\/wp-content\/uploads\/2011\/05\/cropped-logo-bellunopress-.jpg","width":512,"height":512,"caption":"Bellunopress"},"image":{"@id":"https:\/\/www.bellunopress.it\/#\/schema\/logo\/image\/"},"sameAs":["https:\/\/www.facebook.com\/profile.php?id=100008943462799","https:\/\/x.com\/bellunopress","https:\/\/www.linkedin.com\/hp\/?dnr=JBzUWaJfMUw8vbXJJ2tVW5-I3jZKvC4wsoxE&amp;amp;amp;amp;amp;amp;trk=nav_responsive_tab_home","https:\/\/www.youtube.com\/channel\/UCxL0wu1uN0_3_7hGG0306cw"]},{"@type":"Person","@id":"https:\/\/www.bellunopress.it\/#\/schema\/person\/79bb06722b37ece1c03d3e94beb30d73","name":"r\u00e9daction","image":{"@type":"ImageObject","inLanguage":"fr-FR","@id":"https:\/\/secure.gravatar.com\/avatar\/37d968a2e67a6fd04c169c4bdef102d0bc5d31b2546345219e348575eb80e9a0?s=96&d=mm&r=g","url":"https:\/\/secure.gravatar.com\/avatar\/37d968a2e67a6fd04c169c4bdef102d0bc5d31b2546345219e348575eb80e9a0?s=96&d=mm&r=g","contentUrl":"https:\/\/secure.gravatar.com\/avatar\/37d968a2e67a6fd04c169c4bdef102d0bc5d31b2546345219e348575eb80e9a0?s=96&d=mm&r=g","caption":"redazione"},"sameAs":["http:\/\/www.bellunopress.it","https:\/\/x.com\/bellunopress"],"url":"https:\/\/www.bellunopress.it\/fr\/author\/redazione\/"}]}},"_links":{"self":[{"href":"https:\/\/www.bellunopress.it\/fr\/wp-json\/wp\/v2\/posts\/48916","targetHints":{"allow":["GET"]}}],"collection":[{"href":"https:\/\/www.bellunopress.it\/fr\/wp-json\/wp\/v2\/posts"}],"about":[{"href":"https:\/\/www.bellunopress.it\/fr\/wp-json\/wp\/v2\/types\/post"}],"author":[{"embeddable":true,"href":"https:\/\/www.bellunopress.it\/fr\/wp-json\/wp\/v2\/users\/2"}],"replies":[{"embeddable":true,"href":"https:\/\/www.bellunopress.it\/fr\/wp-json\/wp\/v2\/comments?post=48916"}],"version-history":[{"count":1,"href":"https:\/\/www.bellunopress.it\/fr\/wp-json\/wp\/v2\/posts\/48916\/revisions"}],"predecessor-version":[{"id":48918,"href":"https:\/\/www.bellunopress.it\/fr\/wp-json\/wp\/v2\/posts\/48916\/revisions\/48918"}],"wp:attachment":[{"href":"https:\/\/www.bellunopress.it\/fr\/wp-json\/wp\/v2\/media?parent=48916"}],"wp:term":[{"taxonomy":"category","embeddable":true,"href":"https:\/\/www.bellunopress.it\/fr\/wp-json\/wp\/v2\/categories?post=48916"},{"taxonomy":"post_tag","embeddable":true,"href":"https:\/\/www.bellunopress.it\/fr\/wp-json\/wp\/v2\/tags?post=48916"}],"curies":[{"name":"wp","href":"https:\/\/api.w.org\/{rel}","templated":true}]}}